{"id":2762,"date":"2014-07-24T10:34:23","date_gmt":"2014-07-24T08:34:23","guid":{"rendered":"http:\/\/www.altercampagne.net\/?p=2762"},"modified":"2017-02-21T10:44:44","modified_gmt":"2017-02-21T09:44:44","slug":"le-peloton-de-laltertour-fera-etape-a-ayen-fin-juillet","status":"publish","type":"post","link":"https:\/\/www.altercampagne.net\/?p=2762","title":{"rendered":"Le peloton de l\u2019AlterTour fera \u00e9tape \u00e0 Ayen fin juillet"},"content":{"rendered":"<p class=\"Style271 Style138\" align=\"justify\">Depuis le 12 juillet, l&rsquo;AlterTour, 7e du nom, s&rsquo;est \u00e9lanc\u00e9 de Saint-\u00c9tienne pour un circuit de 32 jours, pour une arriv\u00e9e programm\u00e9e le 17 ao\u00fbt, \u00e0 La Rochelle.<\/p>\n<p class=\"Style271 Style138\" align=\"justify\">Ce p\u00e9riple cycliste, alternatif au Tour de France et cr\u00e9\u00e9 pour d\u00e9noncer le dopage, s&rsquo;attache aujourd&rsquo;hui \u00e0 promouvoir toutes les initiatives visant \u00e0 instaurer un monde social et environnemental plus respectueux.<\/p>\n<p class=\"Style271 Style138\" align=\"justify\"><strong>Les actions alternatives locales mises en exergue <\/strong><\/p>\n<p class=\"Style271 Style138\" align=\"justify\">Apr\u00e8s avoir travers\u00e9 l&rsquo;Auvergne, le peloton d&rsquo;une cinquantaine d&rsquo;alter cyclistes passera par le Limousin et fera \u00e9tape, du 27 au 29 juillet, au VVF villages d&rsquo;Ayen. Une pause bien m\u00e9rit\u00e9e qui sera agr\u00e9ment\u00e9e de nombreuses animations et rencontres concoct\u00e9es par le collectif Le durable a son village.<\/p>\n<p class=\"Style271 Style138\" align=\"justify\">\u00ab Ce passage sur notre commune est motiv\u00e9 par les nombreuses actions concr\u00e8tes que nous menons localement depuis plusieurs ann\u00e9es. Notre programme a pour objet, justement, de mettre en exergue ces initiatives \u00bb, indique le responsable du collectif J\u00e9r\u00f4me Perdrix.<\/p>\n<p class=\"Style271 Style138\" align=\"justify\"><strong>Au programme <\/strong><\/p>\n<p class=\"Style271 Style138\" align=\"justify\">La soir\u00e9e \u00ab Discu&rsquo;th\u00e9 \u00bb du 27 juillet pr\u00e9voit ainsi, d\u00e8s 21 heures, outre une pr\u00e9sentation de l&rsquo;AlterTour, une intervention de la S\u00e9pol sur \u00ab Les oiseaux en Limousin au fil du si\u00e8cle \u00bb.<\/p>\n<p class=\"Style271 Style138\" align=\"justify\">Le lendemain, \u00e0 9 h 30, une d\u00e9couverte du territoire sera assur\u00e9e par le CAUE de la Corr\u00e8ze et le Conservatoire des espaces naturels du Limousin ; suivront les visites de l&rsquo;arboretum de la Tuilli\u00e8re (entre 12 heures et 15 heures) et des actions Agenda 21 de la collectivit\u00e9 (de 15 heures \u00e0 17 heures). Des animations ouvertes \u00e0 tous, \u00e0 condition d&rsquo;enfourcher son v\u00e9lo. La journ\u00e9e s&rsquo;ach\u00e8vera par une soir\u00e9e festive qui verra le groupe Aurillac sur Mer proposer un concert gratuit.<\/p>\n<p class=\"Style271 Style138\" align=\"right\"><strong>Virginie Fill\u00e2tre<\/strong><\/p>\n<p class=\"Style271 Style138\" align=\"justify\">Source : <a href=\"http:\/\/www.lamontagne.fr\/limousin\/actualite\/departement\/correze\/2014\/07\/24\/le-peloton-de-lalter-tour-fera-etape-a-ayen-fin-juillet_11091021.html\" target=\"_blank\">La Montagne<\/a><\/p>\n","protected":false},"excerpt":{"rendered":"<p>Depuis le 12 juillet, l&rsquo;AlterTour, 7e du nom, s&rsquo;est \u00e9lanc\u00e9 de Saint-\u00c9tienne pour un circuit de 32 jours, pour une arriv\u00e9e programm\u00e9e le 17 ao\u00fbt, \u00e0 La Rochelle. Ce p\u00e9riple cycliste, alternatif au Tour de France et cr\u00e9\u00e9 pour d\u00e9noncer le dopage, s&rsquo;attache aujourd&rsquo;hui \u00e0 promouvoir toutes les initiatives visant &#8230; <\/p>\n<div><a href=\"https:\/\/www.altercampagne.net\/?p=2762\" class=\"more-link\">Read More<\/a><\/div>\n","protected":false},"author":214,"featured_media":0,"comment_status":"closed","ping_status":"closed","sticky":false,"template":"","format":"standard","meta":{"footnotes":""},"categories":[239],"tags":[90,319,580,644,661,1124],"class_list":["post-2762","post","type-post","status-publish","format-standard","hentry","category-revue-de-presse","tag-ayen","tag-altertour-2014","tag-limousin","tag-village-dayen","tag-la-montagne","tag-correze","no-post-thumbnail"],"yoast_head":"<!-- This site is optimized with the Yoast SEO plugin v27.3 - https:\/\/yoast.com\/product\/yoast-seo-wordpress\/ -->\n<title>Le peloton de l\u2019AlterTour fera \u00e9tape \u00e0 Ayen fin juillet - AlterTour<\/title>\n<meta name=\"robots\" content=\"index, follow, max-snippet:-1, max-image-preview:large, max-video-preview:-1\" \/>\n<link rel=\"canonical\" href=\"https:\/\/www.altercampagne.net\/?p=2762\" \/>\n<meta property=\"og:locale\" content=\"fr_FR\" \/>\n<meta property=\"og:type\" content=\"article\" \/>\n<meta property=\"og:title\" content=\"Le peloton de l\u2019AlterTour fera \u00e9tape \u00e0 Ayen fin juillet - AlterTour\" \/>\n<meta property=\"og:description\" content=\"Depuis le 12 juillet, l&rsquo;AlterTour, 7e du nom, s&rsquo;est \u00e9lanc\u00e9 de Saint-\u00c9tienne pour un circuit de 32 jours, pour une arriv\u00e9e programm\u00e9e le 17 ao\u00fbt, \u00e0 La Rochelle. Ce p\u00e9riple cycliste, alternatif au Tour de France et cr\u00e9\u00e9 pour d\u00e9noncer le dopage, s&rsquo;attache aujourd&rsquo;hui \u00e0 promouvoir toutes les initiatives visant ... Read More\" \/>\n<meta property=\"og:url\" content=\"https:\/\/www.altercampagne.net\/?p=2762\" \/>\n<meta property=\"og:site_name\" content=\"AlterTour\" \/>\n<meta property=\"article:published_time\" content=\"2014-07-24T08:34:23+00:00\" \/>\n<meta property=\"article:modified_time\" content=\"2017-02-21T09:44:44+00:00\" \/>\n<meta name=\"author\" content=\"Mathieu\" \/>\n<meta name=\"twitter:card\" content=\"summary_large_image\" \/>\n<meta name=\"twitter:label1\" content=\"\u00c9crit par\" \/>\n\t<meta name=\"twitter:data1\" content=\"Mathieu\" \/>\n\t<meta name=\"twitter:label2\" content=\"Dur\u00e9e de lecture estim\u00e9e\" \/>\n\t<meta name=\"twitter:data2\" content=\"1 minute\" \/>\n<script type=\"application\/ld+json\" class=\"yoast-schema-graph\">{\"@context\":\"https:\\\/\\\/schema.org\",\"@graph\":[{\"@type\":\"Article\",\"@id\":\"https:\\\/\\\/www.altercampagne.net\\\/?p=2762#article\",\"isPartOf\":{\"@id\":\"https:\\\/\\\/www.altercampagne.net\\\/?p=2762\"},\"author\":{\"name\":\"Mathieu\",\"@id\":\"https:\\\/\\\/www.altercampagne.net\\\/#\\\/schema\\\/person\\\/0f261460c09e430caa0f9bcffa319109\"},\"headline\":\"Le peloton de l\u2019AlterTour fera \u00e9tape \u00e0 Ayen fin juillet\",\"datePublished\":\"2014-07-24T08:34:23+00:00\",\"dateModified\":\"2017-02-21T09:44:44+00:00\",\"mainEntityOfPage\":{\"@id\":\"https:\\\/\\\/www.altercampagne.net\\\/?p=2762\"},\"wordCount\":303,\"keywords\":[\"Ayen\",\"altertour 2014\",\"Limousin\",\"village d\u2019Ayen\",\"la montagne\",\"Corr\u00e8ze\"],\"articleSection\":[\"Revue de presse\"],\"inLanguage\":\"fr-FR\"},{\"@type\":\"WebPage\",\"@id\":\"https:\\\/\\\/www.altercampagne.net\\\/?p=2762\",\"url\":\"https:\\\/\\\/www.altercampagne.net\\\/?p=2762\",\"name\":\"Le peloton de l\u2019AlterTour fera \u00e9tape \u00e0 Ayen fin juillet - AlterTour\",\"isPartOf\":{\"@id\":\"https:\\\/\\\/www.altercampagne.net\\\/#website\"},\"datePublished\":\"2014-07-24T08:34:23+00:00\",\"dateModified\":\"2017-02-21T09:44:44+00:00\",\"author\":{\"@id\":\"https:\\\/\\\/www.altercampagne.net\\\/#\\\/schema\\\/person\\\/0f261460c09e430caa0f9bcffa319109\"},\"breadcrumb\":{\"@id\":\"https:\\\/\\\/www.altercampagne.net\\\/?p=2762#breadcrumb\"},\"inLanguage\":\"fr-FR\",\"potentialAction\":[{\"@type\":\"ReadAction\",\"target\":[\"https:\\\/\\\/www.altercampagne.net\\\/?p=2762\"]}]},{\"@type\":\"BreadcrumbList\",\"@id\":\"https:\\\/\\\/www.altercampagne.net\\\/?p=2762#breadcrumb\",\"itemListElement\":[{\"@type\":\"ListItem\",\"position\":1,\"name\":\"Accueil\",\"item\":\"https:\\\/\\\/www.altercampagne.net\\\/\"},{\"@type\":\"ListItem\",\"position\":2,\"name\":\"Le peloton de l\u2019AlterTour fera \u00e9tape \u00e0 Ayen fin juillet\"}]},{\"@type\":\"WebSite\",\"@id\":\"https:\\\/\\\/www.altercampagne.net\\\/#website\",\"url\":\"https:\\\/\\\/www.altercampagne.net\\\/\",\"name\":\"AlterTour\",\"description\":\"Reliez les Alternatives \u00e0 v\u00e9lo\",\"potentialAction\":[{\"@type\":\"SearchAction\",\"target\":{\"@type\":\"EntryPoint\",\"urlTemplate\":\"https:\\\/\\\/www.altercampagne.net\\\/?s={search_term_string}\"},\"query-input\":{\"@type\":\"PropertyValueSpecification\",\"valueRequired\":true,\"valueName\":\"search_term_string\"}}],\"inLanguage\":\"fr-FR\"},{\"@type\":\"Person\",\"@id\":\"https:\\\/\\\/www.altercampagne.net\\\/#\\\/schema\\\/person\\\/0f261460c09e430caa0f9bcffa319109\",\"name\":\"Mathieu\",\"image\":{\"@type\":\"ImageObject\",\"inLanguage\":\"fr-FR\",\"@id\":\"https:\\\/\\\/secure.gravatar.com\\\/avatar\\\/aa9d3d24c83f2141e5e2709d0f63d09a99f6be6bb7a50abc4915838d9f54501a?s=96&d=mm&r=g\",\"url\":\"https:\\\/\\\/secure.gravatar.com\\\/avatar\\\/aa9d3d24c83f2141e5e2709d0f63d09a99f6be6bb7a50abc4915838d9f54501a?s=96&d=mm&r=g\",\"contentUrl\":\"https:\\\/\\\/secure.gravatar.com\\\/avatar\\\/aa9d3d24c83f2141e5e2709d0f63d09a99f6be6bb7a50abc4915838d9f54501a?s=96&d=mm&r=g\",\"caption\":\"Mathieu\"},\"url\":\"https:\\\/\\\/www.altercampagne.net\\\/?author=214\"}]}<\/script>\n<!-- \/ Yoast SEO plugin. -->","yoast_head_json":{"title":"Le peloton de l\u2019AlterTour fera \u00e9tape \u00e0 Ayen fin juillet - AlterTour","robots":{"index":"index","follow":"follow","max-snippet":"max-snippet:-1","max-image-preview":"max-image-preview:large","max-video-preview":"max-video-preview:-1"},"canonical":"https:\/\/www.altercampagne.net\/?p=2762","og_locale":"fr_FR","og_type":"article","og_title":"Le peloton de l\u2019AlterTour fera \u00e9tape \u00e0 Ayen fin juillet - AlterTour","og_description":"Depuis le 12 juillet, l&rsquo;AlterTour, 7e du nom, s&rsquo;est \u00e9lanc\u00e9 de Saint-\u00c9tienne pour un circuit de 32 jours, pour une arriv\u00e9e programm\u00e9e le 17 ao\u00fbt, \u00e0 La Rochelle. Ce p\u00e9riple cycliste, alternatif au Tour de France et cr\u00e9\u00e9 pour d\u00e9noncer le dopage, s&rsquo;attache aujourd&rsquo;hui \u00e0 promouvoir toutes les initiatives visant ... Read More","og_url":"https:\/\/www.altercampagne.net\/?p=2762","og_site_name":"AlterTour","article_published_time":"2014-07-24T08:34:23+00:00","article_modified_time":"2017-02-21T09:44:44+00:00","author":"Mathieu","twitter_card":"summary_large_image","twitter_misc":{"\u00c9crit par":"Mathieu","Dur\u00e9e de lecture estim\u00e9e":"1 minute"},"schema":{"@context":"https:\/\/schema.org","@graph":[{"@type":"Article","@id":"https:\/\/www.altercampagne.net\/?p=2762#article","isPartOf":{"@id":"https:\/\/www.altercampagne.net\/?p=2762"},"author":{"name":"Mathieu","@id":"https:\/\/www.altercampagne.net\/#\/schema\/person\/0f261460c09e430caa0f9bcffa319109"},"headline":"Le peloton de l\u2019AlterTour fera \u00e9tape \u00e0 Ayen fin juillet","datePublished":"2014-07-24T08:34:23+00:00","dateModified":"2017-02-21T09:44:44+00:00","mainEntityOfPage":{"@id":"https:\/\/www.altercampagne.net\/?p=2762"},"wordCount":303,"keywords":["Ayen","altertour 2014","Limousin","village d\u2019Ayen","la montagne","Corr\u00e8ze"],"articleSection":["Revue de presse"],"inLanguage":"fr-FR"},{"@type":"WebPage","@id":"https:\/\/www.altercampagne.net\/?p=2762","url":"https:\/\/www.altercampagne.net\/?p=2762","name":"Le peloton de l\u2019AlterTour fera \u00e9tape \u00e0 Ayen fin juillet - AlterTour","isPartOf":{"@id":"https:\/\/www.altercampagne.net\/#website"},"datePublished":"2014-07-24T08:34:23+00:00","dateModified":"2017-02-21T09:44:44+00:00","author":{"@id":"https:\/\/www.altercampagne.net\/#\/schema\/person\/0f261460c09e430caa0f9bcffa319109"},"breadcrumb":{"@id":"https:\/\/www.altercampagne.net\/?p=2762#breadcrumb"},"inLanguage":"fr-FR","potentialAction":[{"@type":"ReadAction","target":["https:\/\/www.altercampagne.net\/?p=2762"]}]},{"@type":"BreadcrumbList","@id":"https:\/\/www.altercampagne.net\/?p=2762#breadcrumb","itemListElement":[{"@type":"ListItem","position":1,"name":"Accueil","item":"https:\/\/www.altercampagne.net\/"},{"@type":"ListItem","position":2,"name":"Le peloton de l\u2019AlterTour fera \u00e9tape \u00e0 Ayen fin juillet"}]},{"@type":"WebSite","@id":"https:\/\/www.altercampagne.net\/#website","url":"https:\/\/www.altercampagne.net\/","name":"AlterTour","description":"Reliez les Alternatives \u00e0 v\u00e9lo","potentialAction":[{"@type":"SearchAction","target":{"@type":"EntryPoint","urlTemplate":"https:\/\/www.altercampagne.net\/?s={search_term_string}"},"query-input":{"@type":"PropertyValueSpecification","valueRequired":true,"valueName":"search_term_string"}}],"inLanguage":"fr-FR"},{"@type":"Person","@id":"https:\/\/www.altercampagne.net\/#\/schema\/person\/0f261460c09e430caa0f9bcffa319109","name":"Mathieu","image":{"@type":"ImageObject","inLanguage":"fr-FR","@id":"https:\/\/secure.gravatar.com\/avatar\/aa9d3d24c83f2141e5e2709d0f63d09a99f6be6bb7a50abc4915838d9f54501a?s=96&d=mm&r=g","url":"https:\/\/secure.gravatar.com\/avatar\/aa9d3d24c83f2141e5e2709d0f63d09a99f6be6bb7a50abc4915838d9f54501a?s=96&d=mm&r=g","contentUrl":"https:\/\/secure.gravatar.com\/avatar\/aa9d3d24c83f2141e5e2709d0f63d09a99f6be6bb7a50abc4915838d9f54501a?s=96&d=mm&r=g","caption":"Mathieu"},"url":"https:\/\/www.altercampagne.net\/?author=214"}]}},"_links":{"self":[{"href":"https:\/\/www.altercampagne.net\/index.php?rest_route=\/wp\/v2\/posts\/2762","targetHints":{"allow":["GET"]}}],"collection":[{"href":"https:\/\/www.altercampagne.net\/index.php?rest_route=\/wp\/v2\/posts"}],"about":[{"href":"https:\/\/www.altercampagne.net\/index.php?rest_route=\/wp\/v2\/types\/post"}],"author":[{"embeddable":true,"href":"https:\/\/www.altercampagne.net\/index.php?rest_route=\/wp\/v2\/users\/214"}],"replies":[{"embeddable":true,"href":"https:\/\/www.altercampagne.net\/index.php?rest_route=%2Fwp%2Fv2%2Fcomments&post=2762"}],"version-history":[{"count":0,"href":"https:\/\/www.altercampagne.net\/index.php?rest_route=\/wp\/v2\/posts\/2762\/revisions"}],"wp:attachment":[{"href":"https:\/\/www.altercampagne.net\/index.php?rest_route=%2Fwp%2Fv2%2Fmedia&parent=2762"}],"wp:term":[{"taxonomy":"category","embeddable":true,"href":"https:\/\/www.altercampagne.net\/index.php?rest_route=%2Fwp%2Fv2%2Fcategories&post=2762"},{"taxonomy":"post_tag","embeddable":true,"href":"https:\/\/www.altercampagne.net\/index.php?rest_route=%2Fwp%2Fv2%2Ftags&post=2762"}],"curies":[{"name":"wp","href":"https:\/\/api.w.org\/{rel}","templated":true}]}}