{"id":2768,"date":"2014-08-02T10:39:47","date_gmt":"2014-08-02T08:39:47","guid":{"rendered":"http:\/\/www.altercampagne.net\/?p=2768"},"modified":"2024-08-27T16:59:30","modified_gmt":"2024-08-27T14:59:30","slug":"laltertour-veut-resister-a-la-societe-de-competition","status":"publish","type":"post","link":"https:\/\/www.altercampagne.net\/?p=2768","title":{"rendered":"L\u2019AlterTour veut r\u00e9sister \u00e0 la \u00ab soci\u00e9t\u00e9 de comp\u00e9tition \u00bb"},"content":{"rendered":"<p class=\"Style271 Style138\" align=\"justify\">Depuis jeudi, les participants \u00e0 l&rsquo;AlterTour font \u00e9tape en Creuse.<\/p>\n<p class=\"Style271 Style138\" align=\"justify\">Apr\u00e8s une arriv\u00e9e au Lac de Vassivi\u00e8re jeudi, et une journ\u00e9e \u00e0 Faux-la-Montagne hier, ils reprennent la route aujourd&rsquo;hui, direction Vidaillat. L&rsquo;arriv\u00e9e est pr\u00e9vue le 17 ao\u00fbt \u00e0 La Rochelle.<\/p>\n<p class=\"Style271 Style138\" align=\"justify\">Cr\u00e9\u00e9e en 2008, cette grande balade \u00e0 v\u00e9lo, partie de Saint-\u00c9tienne le 12 juillet dernier, a pour objectif de faire d\u00e9couvrir les solutions alternatives, notamment dans les domaines \u00e9conomique, social, ou encore environnemental. \u00ab On est dans une opposition \u00e0 cette soci\u00e9t\u00e9 de comp\u00e9tition qui gouverne aujourd&rsquo;hui. C&rsquo;est une sorte de militantisme festif et joyeux \u00bb, explique Mathieu Fromont, le coordinateur de l&rsquo;AlterTour.<\/p>\n<div style=\"width: 500px\" class=\"wp-caption aligncenter\"><img loading=\"lazy\" decoding=\"async\" class=\"\" src=\"http:\/\/altercampagne.free.fr\/pages\/2008\/AlterTour\/pic\/AT2014-vassivieres.jpg\" alt=\"\" width=\"490\" height=\"325\" \/><p class=\"wp-caption-text\">Environ 70 participants \u00e9taient r\u00e9unis \u00e0 Vassivi\u00e8res. Ils seront 270 sur tout le parcours. &#8211; photo bruno barlier<\/p><\/div>\n<p class=\"Style271 Style138\" align=\"justify\">\u00c0 chaque \u00e9tape, des conf\u00e9rences, d\u00e9bats, films ou visites sont programm\u00e9s avec interventions d&rsquo;acteurs locaux. \u00ab On souhaite mettre en valeur ces personnes qui proposent d&rsquo;autres solutions afin de vivre diff\u00e9remment \u00bb, poursuit-il.<\/p>\n<p class=\"Style271 Style138\" align=\"justify\">Dans ce cadre, une journ\u00e9e jeux est organis\u00e9e aujourd&rsquo;hui au centre d&rsquo;animations Vasi Jeunes de Vidaillat, \u00e0 partir de 15h30. L&rsquo;entr\u00e9e est gratuite et ouverte \u00e0 tous.<\/p>\n<p class=\"Style271 Style138\" align=\"justify\">Source : <a href=\"http:\/\/www.lamontagne.fr\/limousin\/actualite\/departement\/creuse\/2014\/08\/02\/laltertour-veut-resister-a-la-societe-de-competition_11099994.html\" target=\"_blank\" rel=\"noopener\">La Montagne<\/a><\/p>\n","protected":false},"excerpt":{"rendered":"<p>Depuis jeudi, les participants \u00e0 l&rsquo;AlterTour font \u00e9tape en Creuse. Apr\u00e8s une arriv\u00e9e au Lac de Vassivi\u00e8re jeudi, et une journ\u00e9e \u00e0 Faux-la-Montagne hier, ils reprennent la route aujourd&rsquo;hui, direction Vidaillat. L&rsquo;arriv\u00e9e est pr\u00e9vue le 17 ao\u00fbt \u00e0 La Rochelle. Cr\u00e9\u00e9e en 2008, cette grande balade \u00e0 v\u00e9lo, partie de &#8230; <\/p>\n<div><a href=\"https:\/\/www.altercampagne.net\/?p=2768\" class=\"more-link\">Read More<\/a><\/div>\n","protected":false},"author":214,"featured_media":0,"comment_status":"closed","ping_status":"closed","sticky":false,"template":"","format":"standard","meta":{"footnotes":""},"categories":[239],"tags":[319,580,661,664,665,666,667,668,1645,1646],"class_list":["post-2768","post","type-post","status-publish","format-standard","hentry","category-revue-de-presse","tag-altertour-2014","tag-limousin","tag-la-montagne","tag-faux-la-montagne","tag-alternative","tag-militantisme-festif","tag-vasi-jeune","tag-vidaillat","tag-creuse","tag-lac-de-vassiviere","no-post-thumbnail"],"yoast_head":"<!-- This site is optimized with the Yoast SEO plugin v27.3 - https:\/\/yoast.com\/product\/yoast-seo-wordpress\/ -->\n<title>L\u2019AlterTour veut r\u00e9sister \u00e0 la \u00ab soci\u00e9t\u00e9 de comp\u00e9tition \u00bb - AlterTour<\/title>\n<meta name=\"robots\" content=\"index, follow, max-snippet:-1, max-image-preview:large, max-video-preview:-1\" \/>\n<link rel=\"canonical\" href=\"https:\/\/www.altercampagne.net\/?p=2768\" \/>\n<meta property=\"og:locale\" content=\"fr_FR\" \/>\n<meta property=\"og:type\" content=\"article\" \/>\n<meta property=\"og:title\" content=\"L\u2019AlterTour veut r\u00e9sister \u00e0 la \u00ab soci\u00e9t\u00e9 de comp\u00e9tition \u00bb - AlterTour\" \/>\n<meta property=\"og:description\" content=\"Depuis jeudi, les participants \u00e0 l&rsquo;AlterTour font \u00e9tape en Creuse. Apr\u00e8s une arriv\u00e9e au Lac de Vassivi\u00e8re jeudi, et une journ\u00e9e \u00e0 Faux-la-Montagne hier, ils reprennent la route aujourd&rsquo;hui, direction Vidaillat. L&rsquo;arriv\u00e9e est pr\u00e9vue le 17 ao\u00fbt \u00e0 La Rochelle. Cr\u00e9\u00e9e en 2008, cette grande balade \u00e0 v\u00e9lo, partie de ... Read More\" \/>\n<meta property=\"og:url\" content=\"https:\/\/www.altercampagne.net\/?p=2768\" \/>\n<meta property=\"og:site_name\" content=\"AlterTour\" \/>\n<meta property=\"article:published_time\" content=\"2014-08-02T08:39:47+00:00\" \/>\n<meta property=\"article:modified_time\" content=\"2024-08-27T14:59:30+00:00\" \/>\n<meta property=\"og:image\" content=\"http:\/\/altercampagne.free.fr\/pages\/2008\/AlterTour\/pic\/AT2014-vassivieres.jpg\" \/>\n<meta name=\"author\" content=\"Mathieu\" \/>\n<meta name=\"twitter:card\" content=\"summary_large_image\" \/>\n<meta name=\"twitter:label1\" content=\"\u00c9crit par\" \/>\n\t<meta name=\"twitter:data1\" content=\"Mathieu\" \/>\n\t<meta name=\"twitter:label2\" content=\"Dur\u00e9e de lecture estim\u00e9e\" \/>\n\t<meta name=\"twitter:data2\" content=\"2 minutes\" \/>\n<script type=\"application\/ld+json\" class=\"yoast-schema-graph\">{\"@context\":\"https:\\\/\\\/schema.org\",\"@graph\":[{\"@type\":\"Article\",\"@id\":\"https:\\\/\\\/www.altercampagne.net\\\/?p=2768#article\",\"isPartOf\":{\"@id\":\"https:\\\/\\\/www.altercampagne.net\\\/?p=2768\"},\"author\":{\"name\":\"Mathieu\",\"@id\":\"https:\\\/\\\/www.altercampagne.net\\\/#\\\/schema\\\/person\\\/0f261460c09e430caa0f9bcffa319109\"},\"headline\":\"L\u2019AlterTour veut r\u00e9sister \u00e0 la \u00ab soci\u00e9t\u00e9 de comp\u00e9tition \u00bb\",\"datePublished\":\"2014-08-02T08:39:47+00:00\",\"dateModified\":\"2024-08-27T14:59:30+00:00\",\"mainEntityOfPage\":{\"@id\":\"https:\\\/\\\/www.altercampagne.net\\\/?p=2768\"},\"wordCount\":216,\"image\":{\"@id\":\"https:\\\/\\\/www.altercampagne.net\\\/?p=2768#primaryimage\"},\"thumbnailUrl\":\"http:\\\/\\\/altercampagne.free.fr\\\/pages\\\/2008\\\/AlterTour\\\/pic\\\/AT2014-vassivieres.jpg\",\"keywords\":[\"altertour 2014\",\"Limousin\",\"la montagne\",\"Faux-la-Montagne\",\"alternative\",\"militantisme festif\",\"Vasi Jeune\",\"Vidaillat\",\"Creuse\",\"Lac de Vassivi\u00e8re\"],\"articleSection\":[\"Revue de presse\"],\"inLanguage\":\"fr-FR\"},{\"@type\":\"WebPage\",\"@id\":\"https:\\\/\\\/www.altercampagne.net\\\/?p=2768\",\"url\":\"https:\\\/\\\/www.altercampagne.net\\\/?p=2768\",\"name\":\"L\u2019AlterTour veut r\u00e9sister \u00e0 la \u00ab soci\u00e9t\u00e9 de comp\u00e9tition \u00bb - AlterTour\",\"isPartOf\":{\"@id\":\"https:\\\/\\\/www.altercampagne.net\\\/#website\"},\"primaryImageOfPage\":{\"@id\":\"https:\\\/\\\/www.altercampagne.net\\\/?p=2768#primaryimage\"},\"image\":{\"@id\":\"https:\\\/\\\/www.altercampagne.net\\\/?p=2768#primaryimage\"},\"thumbnailUrl\":\"http:\\\/\\\/altercampagne.free.fr\\\/pages\\\/2008\\\/AlterTour\\\/pic\\\/AT2014-vassivieres.jpg\",\"datePublished\":\"2014-08-02T08:39:47+00:00\",\"dateModified\":\"2024-08-27T14:59:30+00:00\",\"author\":{\"@id\":\"https:\\\/\\\/www.altercampagne.net\\\/#\\\/schema\\\/person\\\/0f261460c09e430caa0f9bcffa319109\"},\"breadcrumb\":{\"@id\":\"https:\\\/\\\/www.altercampagne.net\\\/?p=2768#breadcrumb\"},\"inLanguage\":\"fr-FR\",\"potentialAction\":[{\"@type\":\"ReadAction\",\"target\":[\"https:\\\/\\\/www.altercampagne.net\\\/?p=2768\"]}]},{\"@type\":\"ImageObject\",\"inLanguage\":\"fr-FR\",\"@id\":\"https:\\\/\\\/www.altercampagne.net\\\/?p=2768#primaryimage\",\"url\":\"http:\\\/\\\/altercampagne.free.fr\\\/pages\\\/2008\\\/AlterTour\\\/pic\\\/AT2014-vassivieres.jpg\",\"contentUrl\":\"http:\\\/\\\/altercampagne.free.fr\\\/pages\\\/2008\\\/AlterTour\\\/pic\\\/AT2014-vassivieres.jpg\"},{\"@type\":\"BreadcrumbList\",\"@id\":\"https:\\\/\\\/www.altercampagne.net\\\/?p=2768#breadcrumb\",\"itemListElement\":[{\"@type\":\"ListItem\",\"position\":1,\"name\":\"Accueil\",\"item\":\"https:\\\/\\\/www.altercampagne.net\\\/\"},{\"@type\":\"ListItem\",\"position\":2,\"name\":\"L\u2019AlterTour veut r\u00e9sister \u00e0 la \u00ab soci\u00e9t\u00e9 de comp\u00e9tition \u00bb\"}]},{\"@type\":\"WebSite\",\"@id\":\"https:\\\/\\\/www.altercampagne.net\\\/#website\",\"url\":\"https:\\\/\\\/www.altercampagne.net\\\/\",\"name\":\"AlterTour\",\"description\":\"Reliez les Alternatives \u00e0 v\u00e9lo\",\"potentialAction\":[{\"@type\":\"SearchAction\",\"target\":{\"@type\":\"EntryPoint\",\"urlTemplate\":\"https:\\\/\\\/www.altercampagne.net\\\/?s={search_term_string}\"},\"query-input\":{\"@type\":\"PropertyValueSpecification\",\"valueRequired\":true,\"valueName\":\"search_term_string\"}}],\"inLanguage\":\"fr-FR\"},{\"@type\":\"Person\",\"@id\":\"https:\\\/\\\/www.altercampagne.net\\\/#\\\/schema\\\/person\\\/0f261460c09e430caa0f9bcffa319109\",\"name\":\"Mathieu\",\"image\":{\"@type\":\"ImageObject\",\"inLanguage\":\"fr-FR\",\"@id\":\"https:\\\/\\\/secure.gravatar.com\\\/avatar\\\/aa9d3d24c83f2141e5e2709d0f63d09a99f6be6bb7a50abc4915838d9f54501a?s=96&d=mm&r=g\",\"url\":\"https:\\\/\\\/secure.gravatar.com\\\/avatar\\\/aa9d3d24c83f2141e5e2709d0f63d09a99f6be6bb7a50abc4915838d9f54501a?s=96&d=mm&r=g\",\"contentUrl\":\"https:\\\/\\\/secure.gravatar.com\\\/avatar\\\/aa9d3d24c83f2141e5e2709d0f63d09a99f6be6bb7a50abc4915838d9f54501a?s=96&d=mm&r=g\",\"caption\":\"Mathieu\"},\"url\":\"https:\\\/\\\/www.altercampagne.net\\\/?author=214\"}]}<\/script>\n<!-- \/ Yoast SEO plugin. -->","yoast_head_json":{"title":"L\u2019AlterTour veut r\u00e9sister \u00e0 la \u00ab soci\u00e9t\u00e9 de comp\u00e9tition \u00bb - AlterTour","robots":{"index":"index","follow":"follow","max-snippet":"max-snippet:-1","max-image-preview":"max-image-preview:large","max-video-preview":"max-video-preview:-1"},"canonical":"https:\/\/www.altercampagne.net\/?p=2768","og_locale":"fr_FR","og_type":"article","og_title":"L\u2019AlterTour veut r\u00e9sister \u00e0 la \u00ab soci\u00e9t\u00e9 de comp\u00e9tition \u00bb - AlterTour","og_description":"Depuis jeudi, les participants \u00e0 l&rsquo;AlterTour font \u00e9tape en Creuse. Apr\u00e8s une arriv\u00e9e au Lac de Vassivi\u00e8re jeudi, et une journ\u00e9e \u00e0 Faux-la-Montagne hier, ils reprennent la route aujourd&rsquo;hui, direction Vidaillat. L&rsquo;arriv\u00e9e est pr\u00e9vue le 17 ao\u00fbt \u00e0 La Rochelle. Cr\u00e9\u00e9e en 2008, cette grande balade \u00e0 v\u00e9lo, partie de ... Read More","og_url":"https:\/\/www.altercampagne.net\/?p=2768","og_site_name":"AlterTour","article_published_time":"2014-08-02T08:39:47+00:00","article_modified_time":"2024-08-27T14:59:30+00:00","og_image":[{"url":"http:\/\/altercampagne.free.fr\/pages\/2008\/AlterTour\/pic\/AT2014-vassivieres.jpg","type":"","width":"","height":""}],"author":"Mathieu","twitter_card":"summary_large_image","twitter_misc":{"\u00c9crit par":"Mathieu","Dur\u00e9e de lecture estim\u00e9e":"2 minutes"},"schema":{"@context":"https:\/\/schema.org","@graph":[{"@type":"Article","@id":"https:\/\/www.altercampagne.net\/?p=2768#article","isPartOf":{"@id":"https:\/\/www.altercampagne.net\/?p=2768"},"author":{"name":"Mathieu","@id":"https:\/\/www.altercampagne.net\/#\/schema\/person\/0f261460c09e430caa0f9bcffa319109"},"headline":"L\u2019AlterTour veut r\u00e9sister \u00e0 la \u00ab soci\u00e9t\u00e9 de comp\u00e9tition \u00bb","datePublished":"2014-08-02T08:39:47+00:00","dateModified":"2024-08-27T14:59:30+00:00","mainEntityOfPage":{"@id":"https:\/\/www.altercampagne.net\/?p=2768"},"wordCount":216,"image":{"@id":"https:\/\/www.altercampagne.net\/?p=2768#primaryimage"},"thumbnailUrl":"http:\/\/altercampagne.free.fr\/pages\/2008\/AlterTour\/pic\/AT2014-vassivieres.jpg","keywords":["altertour 2014","Limousin","la montagne","Faux-la-Montagne","alternative","militantisme festif","Vasi Jeune","Vidaillat","Creuse","Lac de Vassivi\u00e8re"],"articleSection":["Revue de presse"],"inLanguage":"fr-FR"},{"@type":"WebPage","@id":"https:\/\/www.altercampagne.net\/?p=2768","url":"https:\/\/www.altercampagne.net\/?p=2768","name":"L\u2019AlterTour veut r\u00e9sister \u00e0 la \u00ab soci\u00e9t\u00e9 de comp\u00e9tition \u00bb - AlterTour","isPartOf":{"@id":"https:\/\/www.altercampagne.net\/#website"},"primaryImageOfPage":{"@id":"https:\/\/www.altercampagne.net\/?p=2768#primaryimage"},"image":{"@id":"https:\/\/www.altercampagne.net\/?p=2768#primaryimage"},"thumbnailUrl":"http:\/\/altercampagne.free.fr\/pages\/2008\/AlterTour\/pic\/AT2014-vassivieres.jpg","datePublished":"2014-08-02T08:39:47+00:00","dateModified":"2024-08-27T14:59:30+00:00","author":{"@id":"https:\/\/www.altercampagne.net\/#\/schema\/person\/0f261460c09e430caa0f9bcffa319109"},"breadcrumb":{"@id":"https:\/\/www.altercampagne.net\/?p=2768#breadcrumb"},"inLanguage":"fr-FR","potentialAction":[{"@type":"ReadAction","target":["https:\/\/www.altercampagne.net\/?p=2768"]}]},{"@type":"ImageObject","inLanguage":"fr-FR","@id":"https:\/\/www.altercampagne.net\/?p=2768#primaryimage","url":"http:\/\/altercampagne.free.fr\/pages\/2008\/AlterTour\/pic\/AT2014-vassivieres.jpg","contentUrl":"http:\/\/altercampagne.free.fr\/pages\/2008\/AlterTour\/pic\/AT2014-vassivieres.jpg"},{"@type":"BreadcrumbList","@id":"https:\/\/www.altercampagne.net\/?p=2768#breadcrumb","itemListElement":[{"@type":"ListItem","position":1,"name":"Accueil","item":"https:\/\/www.altercampagne.net\/"},{"@type":"ListItem","position":2,"name":"L\u2019AlterTour veut r\u00e9sister \u00e0 la \u00ab soci\u00e9t\u00e9 de comp\u00e9tition \u00bb"}]},{"@type":"WebSite","@id":"https:\/\/www.altercampagne.net\/#website","url":"https:\/\/www.altercampagne.net\/","name":"AlterTour","description":"Reliez les Alternatives \u00e0 v\u00e9lo","potentialAction":[{"@type":"SearchAction","target":{"@type":"EntryPoint","urlTemplate":"https:\/\/www.altercampagne.net\/?s={search_term_string}"},"query-input":{"@type":"PropertyValueSpecification","valueRequired":true,"valueName":"search_term_string"}}],"inLanguage":"fr-FR"},{"@type":"Person","@id":"https:\/\/www.altercampagne.net\/#\/schema\/person\/0f261460c09e430caa0f9bcffa319109","name":"Mathieu","image":{"@type":"ImageObject","inLanguage":"fr-FR","@id":"https:\/\/secure.gravatar.com\/avatar\/aa9d3d24c83f2141e5e2709d0f63d09a99f6be6bb7a50abc4915838d9f54501a?s=96&d=mm&r=g","url":"https:\/\/secure.gravatar.com\/avatar\/aa9d3d24c83f2141e5e2709d0f63d09a99f6be6bb7a50abc4915838d9f54501a?s=96&d=mm&r=g","contentUrl":"https:\/\/secure.gravatar.com\/avatar\/aa9d3d24c83f2141e5e2709d0f63d09a99f6be6bb7a50abc4915838d9f54501a?s=96&d=mm&r=g","caption":"Mathieu"},"url":"https:\/\/www.altercampagne.net\/?author=214"}]}},"_links":{"self":[{"href":"https:\/\/www.altercampagne.net\/index.php?rest_route=\/wp\/v2\/posts\/2768","targetHints":{"allow":["GET"]}}],"collection":[{"href":"https:\/\/www.altercampagne.net\/index.php?rest_route=\/wp\/v2\/posts"}],"about":[{"href":"https:\/\/www.altercampagne.net\/index.php?rest_route=\/wp\/v2\/types\/post"}],"author":[{"embeddable":true,"href":"https:\/\/www.altercampagne.net\/index.php?rest_route=\/wp\/v2\/users\/214"}],"replies":[{"embeddable":true,"href":"https:\/\/www.altercampagne.net\/index.php?rest_route=%2Fwp%2Fv2%2Fcomments&post=2768"}],"version-history":[{"count":1,"href":"https:\/\/www.altercampagne.net\/index.php?rest_route=\/wp\/v2\/posts\/2768\/revisions"}],"predecessor-version":[{"id":28639,"href":"https:\/\/www.altercampagne.net\/index.php?rest_route=\/wp\/v2\/posts\/2768\/revisions\/28639"}],"wp:attachment":[{"href":"https:\/\/www.altercampagne.net\/index.php?rest_route=%2Fwp%2Fv2%2Fmedia&parent=2768"}],"wp:term":[{"taxonomy":"category","embeddable":true,"href":"https:\/\/www.altercampagne.net\/index.php?rest_route=%2Fwp%2Fv2%2Fcategories&post=2768"},{"taxonomy":"post_tag","embeddable":true,"href":"https:\/\/www.altercampagne.net\/index.php?rest_route=%2Fwp%2Fv2%2Ftags&post=2768"}],"curies":[{"name":"wp","href":"https:\/\/api.w.org\/{rel}","templated":true}]}}