{"id":2770,"date":"2014-07-28T13:00:00","date_gmt":"2014-07-28T11:00:00","guid":{"rendered":"http:\/\/www.altercampagne.net\/?p=2770"},"modified":"2024-10-27T19:16:10","modified_gmt":"2024-10-27T18:16:10","slug":"jour-de-repos-instructif-pour-laltertour","status":"publish","type":"post","link":"https:\/\/www.altercampagne.net\/?p=2770","title":{"rendered":"Jour de repos instructif pour l\u2019AlterTour"},"content":{"rendered":"<p class=\"Style271 Style138\" align=\"justify\">Venant du battement d&rsquo;ailes \u00e0 Cornil et se dirigeant vers la petite fabrique \u00e0 Uzerche, les cyclistes de l&rsquo;AlterTour ont pos\u00e9 leurs guidons pour une journ\u00e9e de repos bien m\u00e9rit\u00e9 au VVF.<\/p>\n<p class=\"Style271 Style138\" align=\"justify\">Une journ\u00e9e de repos certes, mais un programme charg\u00e9 tout de m\u00eame qui a permis aux participants de cette 8e \u00e9dition d&rsquo;aborder diff\u00e9rents sujets en lien avec la d\u00e9marche de d\u00e9veloppement durable de la collectivit\u00e9.<\/p>\n<p class=\"Style271 Style138\" align=\"justify\">Le collectif associatif Le durable a son village, \u00e0 l&rsquo;initiative de cette venue, avait mobilis\u00e9 plusieurs acteurs et associations, tels que la Soci\u00e9t\u00e9 d&rsquo;\u00e9tudes et de protection des oiseaux en Limousin, le Conseil en architecture en urbanisme et en environnement, le Conservatoire des espaces naturels du Limousin, les Amis de l&rsquo;arboretum de la Tuilli\u00e8re et l&rsquo;association des commer\u00e7ants d&rsquo;Ayen.<\/p>\n<div style=\"width: 500px\" class=\"wp-caption aligncenter\"><img loading=\"lazy\" decoding=\"async\" class=\"\" src=\"http:\/\/altercampagne.free.fr\/pages\/2008\/AlterTour\/pic\/AT2014-ayen.jpeg\" alt=\"\" width=\"490\" height=\"368\" \/><p class=\"wp-caption-text\">Les participants \u00e0 l&rsquo;AlterTour ont multipli\u00e9les \u00e9changes. &#8211; BRIVE Agence<\/p><\/div>\n<p class=\"Style271 Style138\" align=\"justify\">Les \u00e9changes et visites ont enrichi les participants \u00e0 ce tour de France des initiatives locales, qui traverse, cette ann\u00e9e, le Limousin, pour se terminer, le 17 ao\u00fbt, \u00e0 la Rochelle.<\/p>\n<p class=\"Style271 Style138\" align=\"justify\">Source : <a href=\"http:\/\/www.lamontagne.fr\/limousin\/actualite\/departement\/correze\/correze-local\/2014\/08\/04\/jour-de-repos-instructif-pour-lalter-tour_11101534.html\" target=\"_blank\" rel=\"noopener\">La Montagne<\/a><\/p>\n","protected":false},"excerpt":{"rendered":"<p>Venant du battement d&rsquo;ailes \u00e0 Cornil et se dirigeant vers la petite fabrique \u00e0 Uzerche, les cyclistes de l&rsquo;AlterTour ont pos\u00e9 leurs guidons pour une journ\u00e9e de repos bien m\u00e9rit\u00e9 au VVF. Une journ\u00e9e de repos certes, mais un programme charg\u00e9 tout de m\u00eame qui a permis aux participants de &#8230; <\/p>\n<div><a href=\"https:\/\/www.altercampagne.net\/?p=2770\" class=\"more-link\">Read More<\/a><\/div>\n","protected":false},"author":214,"featured_media":0,"comment_status":"closed","ping_status":"closed","sticky":false,"template":"","format":"standard","meta":{"footnotes":""},"categories":[239],"tags":[90,253,580,644,661,669,1124,1651],"class_list":["post-2770","post","type-post","status-publish","format-standard","hentry","category-revue-de-presse","tag-ayen","tag-autre-tour-de-france","tag-limousin","tag-village-dayen","tag-la-montagne","tag-amis-de-larboretum-de-la-tuilliere","tag-correze","tag-uzerche","no-post-thumbnail"],"yoast_head":"<!-- This site is optimized with the Yoast SEO plugin v27.3 - https:\/\/yoast.com\/product\/yoast-seo-wordpress\/ -->\n<title>Jour de repos instructif pour l\u2019AlterTour - AlterTour<\/title>\n<meta name=\"robots\" content=\"index, follow, max-snippet:-1, max-image-preview:large, max-video-preview:-1\" \/>\n<link rel=\"canonical\" href=\"https:\/\/www.altercampagne.net\/?p=2770\" \/>\n<meta property=\"og:locale\" content=\"fr_FR\" \/>\n<meta property=\"og:type\" content=\"article\" \/>\n<meta property=\"og:title\" content=\"Jour de repos instructif pour l\u2019AlterTour - AlterTour\" \/>\n<meta property=\"og:description\" content=\"Venant du battement d&rsquo;ailes \u00e0 Cornil et se dirigeant vers la petite fabrique \u00e0 Uzerche, les cyclistes de l&rsquo;AlterTour ont pos\u00e9 leurs guidons pour une journ\u00e9e de repos bien m\u00e9rit\u00e9 au VVF. Une journ\u00e9e de repos certes, mais un programme charg\u00e9 tout de m\u00eame qui a permis aux participants de ... Read More\" \/>\n<meta property=\"og:url\" content=\"https:\/\/www.altercampagne.net\/?p=2770\" \/>\n<meta property=\"og:site_name\" content=\"AlterTour\" \/>\n<meta property=\"article:published_time\" content=\"2014-07-28T11:00:00+00:00\" \/>\n<meta property=\"article:modified_time\" content=\"2024-10-27T18:16:10+00:00\" \/>\n<meta property=\"og:image\" content=\"http:\/\/altercampagne.free.fr\/pages\/2008\/AlterTour\/pic\/AT2014-ayen.jpeg\" \/>\n<meta name=\"author\" content=\"Mathieu\" \/>\n<meta name=\"twitter:card\" content=\"summary_large_image\" \/>\n<meta name=\"twitter:label1\" content=\"\u00c9crit par\" \/>\n\t<meta name=\"twitter:data1\" content=\"Mathieu\" \/>\n\t<meta name=\"twitter:label2\" content=\"Dur\u00e9e de lecture estim\u00e9e\" \/>\n\t<meta name=\"twitter:data2\" content=\"2 minutes\" \/>\n<script type=\"application\/ld+json\" class=\"yoast-schema-graph\">{\"@context\":\"https:\\\/\\\/schema.org\",\"@graph\":[{\"@type\":\"Article\",\"@id\":\"https:\\\/\\\/www.altercampagne.net\\\/?p=2770#article\",\"isPartOf\":{\"@id\":\"https:\\\/\\\/www.altercampagne.net\\\/?p=2770\"},\"author\":{\"name\":\"Mathieu\",\"@id\":\"https:\\\/\\\/www.altercampagne.net\\\/#\\\/schema\\\/person\\\/0f261460c09e430caa0f9bcffa319109\"},\"headline\":\"Jour de repos instructif pour l\u2019AlterTour\",\"datePublished\":\"2014-07-28T11:00:00+00:00\",\"dateModified\":\"2024-10-27T18:16:10+00:00\",\"mainEntityOfPage\":{\"@id\":\"https:\\\/\\\/www.altercampagne.net\\\/?p=2770\"},\"wordCount\":198,\"image\":{\"@id\":\"https:\\\/\\\/www.altercampagne.net\\\/?p=2770#primaryimage\"},\"thumbnailUrl\":\"http:\\\/\\\/altercampagne.free.fr\\\/pages\\\/2008\\\/AlterTour\\\/pic\\\/AT2014-ayen.jpeg\",\"keywords\":[\"Ayen\",\"autre tour de France\",\"Limousin\",\"village d\u2019Ayen\",\"la montagne\",\"Amis de l'arboretum de la Tuilli\u00e8re\",\"Corr\u00e8ze\",\"Uzerche\"],\"articleSection\":[\"Revue de presse\"],\"inLanguage\":\"fr-FR\"},{\"@type\":\"WebPage\",\"@id\":\"https:\\\/\\\/www.altercampagne.net\\\/?p=2770\",\"url\":\"https:\\\/\\\/www.altercampagne.net\\\/?p=2770\",\"name\":\"Jour de repos instructif pour l\u2019AlterTour - AlterTour\",\"isPartOf\":{\"@id\":\"https:\\\/\\\/www.altercampagne.net\\\/#website\"},\"primaryImageOfPage\":{\"@id\":\"https:\\\/\\\/www.altercampagne.net\\\/?p=2770#primaryimage\"},\"image\":{\"@id\":\"https:\\\/\\\/www.altercampagne.net\\\/?p=2770#primaryimage\"},\"thumbnailUrl\":\"http:\\\/\\\/altercampagne.free.fr\\\/pages\\\/2008\\\/AlterTour\\\/pic\\\/AT2014-ayen.jpeg\",\"datePublished\":\"2014-07-28T11:00:00+00:00\",\"dateModified\":\"2024-10-27T18:16:10+00:00\",\"author\":{\"@id\":\"https:\\\/\\\/www.altercampagne.net\\\/#\\\/schema\\\/person\\\/0f261460c09e430caa0f9bcffa319109\"},\"breadcrumb\":{\"@id\":\"https:\\\/\\\/www.altercampagne.net\\\/?p=2770#breadcrumb\"},\"inLanguage\":\"fr-FR\",\"potentialAction\":[{\"@type\":\"ReadAction\",\"target\":[\"https:\\\/\\\/www.altercampagne.net\\\/?p=2770\"]}]},{\"@type\":\"ImageObject\",\"inLanguage\":\"fr-FR\",\"@id\":\"https:\\\/\\\/www.altercampagne.net\\\/?p=2770#primaryimage\",\"url\":\"http:\\\/\\\/altercampagne.free.fr\\\/pages\\\/2008\\\/AlterTour\\\/pic\\\/AT2014-ayen.jpeg\",\"contentUrl\":\"http:\\\/\\\/altercampagne.free.fr\\\/pages\\\/2008\\\/AlterTour\\\/pic\\\/AT2014-ayen.jpeg\"},{\"@type\":\"BreadcrumbList\",\"@id\":\"https:\\\/\\\/www.altercampagne.net\\\/?p=2770#breadcrumb\",\"itemListElement\":[{\"@type\":\"ListItem\",\"position\":1,\"name\":\"Accueil\",\"item\":\"https:\\\/\\\/www.altercampagne.net\\\/\"},{\"@type\":\"ListItem\",\"position\":2,\"name\":\"Jour de repos instructif pour l\u2019AlterTour\"}]},{\"@type\":\"WebSite\",\"@id\":\"https:\\\/\\\/www.altercampagne.net\\\/#website\",\"url\":\"https:\\\/\\\/www.altercampagne.net\\\/\",\"name\":\"AlterTour\",\"description\":\"Reliez les Alternatives \u00e0 v\u00e9lo\",\"potentialAction\":[{\"@type\":\"SearchAction\",\"target\":{\"@type\":\"EntryPoint\",\"urlTemplate\":\"https:\\\/\\\/www.altercampagne.net\\\/?s={search_term_string}\"},\"query-input\":{\"@type\":\"PropertyValueSpecification\",\"valueRequired\":true,\"valueName\":\"search_term_string\"}}],\"inLanguage\":\"fr-FR\"},{\"@type\":\"Person\",\"@id\":\"https:\\\/\\\/www.altercampagne.net\\\/#\\\/schema\\\/person\\\/0f261460c09e430caa0f9bcffa319109\",\"name\":\"Mathieu\",\"image\":{\"@type\":\"ImageObject\",\"inLanguage\":\"fr-FR\",\"@id\":\"https:\\\/\\\/secure.gravatar.com\\\/avatar\\\/aa9d3d24c83f2141e5e2709d0f63d09a99f6be6bb7a50abc4915838d9f54501a?s=96&d=mm&r=g\",\"url\":\"https:\\\/\\\/secure.gravatar.com\\\/avatar\\\/aa9d3d24c83f2141e5e2709d0f63d09a99f6be6bb7a50abc4915838d9f54501a?s=96&d=mm&r=g\",\"contentUrl\":\"https:\\\/\\\/secure.gravatar.com\\\/avatar\\\/aa9d3d24c83f2141e5e2709d0f63d09a99f6be6bb7a50abc4915838d9f54501a?s=96&d=mm&r=g\",\"caption\":\"Mathieu\"},\"url\":\"https:\\\/\\\/www.altercampagne.net\\\/?author=214\"}]}<\/script>\n<!-- \/ Yoast SEO plugin. -->","yoast_head_json":{"title":"Jour de repos instructif pour l\u2019AlterTour - AlterTour","robots":{"index":"index","follow":"follow","max-snippet":"max-snippet:-1","max-image-preview":"max-image-preview:large","max-video-preview":"max-video-preview:-1"},"canonical":"https:\/\/www.altercampagne.net\/?p=2770","og_locale":"fr_FR","og_type":"article","og_title":"Jour de repos instructif pour l\u2019AlterTour - AlterTour","og_description":"Venant du battement d&rsquo;ailes \u00e0 Cornil et se dirigeant vers la petite fabrique \u00e0 Uzerche, les cyclistes de l&rsquo;AlterTour ont pos\u00e9 leurs guidons pour une journ\u00e9e de repos bien m\u00e9rit\u00e9 au VVF. Une journ\u00e9e de repos certes, mais un programme charg\u00e9 tout de m\u00eame qui a permis aux participants de ... Read More","og_url":"https:\/\/www.altercampagne.net\/?p=2770","og_site_name":"AlterTour","article_published_time":"2014-07-28T11:00:00+00:00","article_modified_time":"2024-10-27T18:16:10+00:00","og_image":[{"url":"http:\/\/altercampagne.free.fr\/pages\/2008\/AlterTour\/pic\/AT2014-ayen.jpeg","type":"","width":"","height":""}],"author":"Mathieu","twitter_card":"summary_large_image","twitter_misc":{"\u00c9crit par":"Mathieu","Dur\u00e9e de lecture estim\u00e9e":"2 minutes"},"schema":{"@context":"https:\/\/schema.org","@graph":[{"@type":"Article","@id":"https:\/\/www.altercampagne.net\/?p=2770#article","isPartOf":{"@id":"https:\/\/www.altercampagne.net\/?p=2770"},"author":{"name":"Mathieu","@id":"https:\/\/www.altercampagne.net\/#\/schema\/person\/0f261460c09e430caa0f9bcffa319109"},"headline":"Jour de repos instructif pour l\u2019AlterTour","datePublished":"2014-07-28T11:00:00+00:00","dateModified":"2024-10-27T18:16:10+00:00","mainEntityOfPage":{"@id":"https:\/\/www.altercampagne.net\/?p=2770"},"wordCount":198,"image":{"@id":"https:\/\/www.altercampagne.net\/?p=2770#primaryimage"},"thumbnailUrl":"http:\/\/altercampagne.free.fr\/pages\/2008\/AlterTour\/pic\/AT2014-ayen.jpeg","keywords":["Ayen","autre tour de France","Limousin","village d\u2019Ayen","la montagne","Amis de l'arboretum de la Tuilli\u00e8re","Corr\u00e8ze","Uzerche"],"articleSection":["Revue de presse"],"inLanguage":"fr-FR"},{"@type":"WebPage","@id":"https:\/\/www.altercampagne.net\/?p=2770","url":"https:\/\/www.altercampagne.net\/?p=2770","name":"Jour de repos instructif pour l\u2019AlterTour - AlterTour","isPartOf":{"@id":"https:\/\/www.altercampagne.net\/#website"},"primaryImageOfPage":{"@id":"https:\/\/www.altercampagne.net\/?p=2770#primaryimage"},"image":{"@id":"https:\/\/www.altercampagne.net\/?p=2770#primaryimage"},"thumbnailUrl":"http:\/\/altercampagne.free.fr\/pages\/2008\/AlterTour\/pic\/AT2014-ayen.jpeg","datePublished":"2014-07-28T11:00:00+00:00","dateModified":"2024-10-27T18:16:10+00:00","author":{"@id":"https:\/\/www.altercampagne.net\/#\/schema\/person\/0f261460c09e430caa0f9bcffa319109"},"breadcrumb":{"@id":"https:\/\/www.altercampagne.net\/?p=2770#breadcrumb"},"inLanguage":"fr-FR","potentialAction":[{"@type":"ReadAction","target":["https:\/\/www.altercampagne.net\/?p=2770"]}]},{"@type":"ImageObject","inLanguage":"fr-FR","@id":"https:\/\/www.altercampagne.net\/?p=2770#primaryimage","url":"http:\/\/altercampagne.free.fr\/pages\/2008\/AlterTour\/pic\/AT2014-ayen.jpeg","contentUrl":"http:\/\/altercampagne.free.fr\/pages\/2008\/AlterTour\/pic\/AT2014-ayen.jpeg"},{"@type":"BreadcrumbList","@id":"https:\/\/www.altercampagne.net\/?p=2770#breadcrumb","itemListElement":[{"@type":"ListItem","position":1,"name":"Accueil","item":"https:\/\/www.altercampagne.net\/"},{"@type":"ListItem","position":2,"name":"Jour de repos instructif pour l\u2019AlterTour"}]},{"@type":"WebSite","@id":"https:\/\/www.altercampagne.net\/#website","url":"https:\/\/www.altercampagne.net\/","name":"AlterTour","description":"Reliez les Alternatives \u00e0 v\u00e9lo","potentialAction":[{"@type":"SearchAction","target":{"@type":"EntryPoint","urlTemplate":"https:\/\/www.altercampagne.net\/?s={search_term_string}"},"query-input":{"@type":"PropertyValueSpecification","valueRequired":true,"valueName":"search_term_string"}}],"inLanguage":"fr-FR"},{"@type":"Person","@id":"https:\/\/www.altercampagne.net\/#\/schema\/person\/0f261460c09e430caa0f9bcffa319109","name":"Mathieu","image":{"@type":"ImageObject","inLanguage":"fr-FR","@id":"https:\/\/secure.gravatar.com\/avatar\/aa9d3d24c83f2141e5e2709d0f63d09a99f6be6bb7a50abc4915838d9f54501a?s=96&d=mm&r=g","url":"https:\/\/secure.gravatar.com\/avatar\/aa9d3d24c83f2141e5e2709d0f63d09a99f6be6bb7a50abc4915838d9f54501a?s=96&d=mm&r=g","contentUrl":"https:\/\/secure.gravatar.com\/avatar\/aa9d3d24c83f2141e5e2709d0f63d09a99f6be6bb7a50abc4915838d9f54501a?s=96&d=mm&r=g","caption":"Mathieu"},"url":"https:\/\/www.altercampagne.net\/?author=214"}]}},"_links":{"self":[{"href":"https:\/\/www.altercampagne.net\/index.php?rest_route=\/wp\/v2\/posts\/2770","targetHints":{"allow":["GET"]}}],"collection":[{"href":"https:\/\/www.altercampagne.net\/index.php?rest_route=\/wp\/v2\/posts"}],"about":[{"href":"https:\/\/www.altercampagne.net\/index.php?rest_route=\/wp\/v2\/types\/post"}],"author":[{"embeddable":true,"href":"https:\/\/www.altercampagne.net\/index.php?rest_route=\/wp\/v2\/users\/214"}],"replies":[{"embeddable":true,"href":"https:\/\/www.altercampagne.net\/index.php?rest_route=%2Fwp%2Fv2%2Fcomments&post=2770"}],"version-history":[{"count":1,"href":"https:\/\/www.altercampagne.net\/index.php?rest_route=\/wp\/v2\/posts\/2770\/revisions"}],"predecessor-version":[{"id":28799,"href":"https:\/\/www.altercampagne.net\/index.php?rest_route=\/wp\/v2\/posts\/2770\/revisions\/28799"}],"wp:attachment":[{"href":"https:\/\/www.altercampagne.net\/index.php?rest_route=%2Fwp%2Fv2%2Fmedia&parent=2770"}],"wp:term":[{"taxonomy":"category","embeddable":true,"href":"https:\/\/www.altercampagne.net\/index.php?rest_route=%2Fwp%2Fv2%2Fcategories&post=2770"},{"taxonomy":"post_tag","embeddable":true,"href":"https:\/\/www.altercampagne.net\/index.php?rest_route=%2Fwp%2Fv2%2Ftags&post=2770"}],"curies":[{"name":"wp","href":"https:\/\/api.w.org\/{rel}","templated":true}]}}