{"id":2772,"date":"2014-08-05T13:03:14","date_gmt":"2014-08-05T11:03:14","guid":{"rendered":"http:\/\/www.altercampagne.net\/?p=2772"},"modified":"2016-04-09T18:33:03","modified_gmt":"2016-04-09T16:33:03","slug":"gimel-les-cascades-laltertour-a-fait-une-etape-dans-la-cite","status":"publish","type":"post","link":"https:\/\/www.altercampagne.net\/?p=2772","title":{"rendered":"Gimel-les-Cascades &#8211; L&rsquo;AlterTour a fait une \u00e9tape dans la cit\u00e9"},"content":{"rendered":"<p class=\"Style271 Style138\" align=\"justify\">R\u00e9cemment, une bonne vingtaine de cyclistes d&rsquo;un \u00ab autre tour de France \u00bb a marqu\u00e9 une pause \u00e0 Gimel. Cet AlterTour est port\u00e9 par l&rsquo;association AlterCampagne, son principe est tr\u00e8s simple : traverser une partie de la France chaque \u00e9t\u00e9, \u00e0 v\u00e9lo, en d\u00e9fendant une consommation responsable, bio et locale.<\/p>\n<p class=\"Style271 Style138\" align=\"justify\">Cet \u00e9t\u00e9, le parcours s&rsquo;\u00e9tire de Saint-\u00c9tienne \u00e0 La Rochelle. Sans condition d&rsquo;\u00e2ge ni sportive et accessible \u00e0 toutes et tous (parents, enfants, seul ou en groupe\u2026), le but est de rencontrer, de relier des associations, des particuliers qui usent de solutions alternatives, qui d\u00e9fendent un mode de vie dans un esprit \u00e9cologique et de pr\u00e9servation de l&rsquo;environnement.<\/p>\n<div style=\"width: 500px\" class=\"wp-caption aligncenter\"><img loading=\"lazy\" decoding=\"async\" class=\"\" src=\"http:\/\/altercampagne.free.fr\/pages\/2008\/AlterTour\/pic\/AT2014-gimel.jpeg\" alt=\"\" width=\"490\" height=\"326\" \/><p class=\"wp-caption-text\">Tifennet trois des participants \u00e0 l\u2019AlterTour, qui ont fait une pause \u00e0 Gimel, avant de repartir pour La Rochelle. &#8211; Dignac J\u00e9r\u00f4me<\/p><\/div>\n<p class=\"Style271 Style138\" align=\"justify\">\u00c9changes de savoirs, enrichissements personnels et mutuels ; les relais de ce tour sont l&rsquo;occasion d&rsquo;actions militantes et de soir\u00e9es festives. Les cyclistes sont accueillis ici dans une ferme, l\u00e0 chez un particulier\u2026 Le groupe de cyclistes est en compl\u00e8te autogestion, suivi par deux fourgons de logistique : pas de chefs, chacun participe aux t\u00e2ches quotidiennes ; et fait autant d&rsquo;\u00e9tapes qu&rsquo;il le peut. Cette aventure confirme aussi chez certains l&rsquo;envie de mener \u00e0 bien un projet de vie alternatif.<\/p>\n<p class=\"Style271 Style138\" align=\"justify\">Tifenn, relayeuse, a confi\u00e9 : \u00ab C&rsquo;est certes un tour militant, mais pas le militantisme rugueux ou engag\u00e9 comme on peut l&rsquo;imaginer. Ce que j&rsquo;ai ressenti, c&rsquo;est l&rsquo;accueil, de tout le monde, \u00e0 bras grands ouverts ! C&rsquo;est vraiment chouette ! J&rsquo;ai d\u00e9couvert un esprit de confiance, de solidarit\u00e9 et de bienveillance comme jamais je n&rsquo;avais connu ! \u00bb En r\u00e9sum\u00e9 : un Tour sans dopage, sans comp\u00e9tition, dans l&rsquo;entraide et la bonne humeur. Un \u00ab autre \u00bb tour, en somme\u2026<\/p>\n<p class=\"Style271 Style138\" align=\"justify\">Source : <a href=\"http:\/\/www.lamontagne.fr\/limousin\/actualite\/departement\/correze\/correze-local\/2014\/08\/05\/alter-tour-a-fait-une-etape-dans-la-cite_11102306.html\" target=\"_blank\">La Montagne<\/a><\/p>\n","protected":false},"excerpt":{"rendered":"<p>R\u00e9cemment, une bonne vingtaine de cyclistes d&rsquo;un \u00ab autre tour de France \u00bb a marqu\u00e9 une pause \u00e0 Gimel. Cet AlterTour est port\u00e9 par l&rsquo;association AlterCampagne, son principe est tr\u00e8s simple : traverser une partie de la France chaque \u00e9t\u00e9, \u00e0 v\u00e9lo, en d\u00e9fendant une consommation responsable, bio et locale. &#8230; <\/p>\n<div><a href=\"https:\/\/www.altercampagne.net\/?p=2772\" class=\"more-link\">Read More<\/a><\/div>\n","protected":false},"author":214,"featured_media":0,"comment_status":"closed","ping_status":"closed","sticky":false,"template":"","format":"standard","meta":{"footnotes":""},"categories":[239],"tags":[319,580,661,670,671,672,673,1124,1644],"class_list":["post-2772","post","type-post","status-publish","format-standard","hentry","category-revue-de-presse","tag-altertour-2014","tag-limousin","tag-la-montagne","tag-tour-militant","tag-bienveillance","tag-solidarite","tag-autre-tour","tag-correze","tag-gimel-les-cascades","no-post-thumbnail"],"yoast_head":"<!-- This site is optimized with the Yoast SEO plugin v27.3 - https:\/\/yoast.com\/product\/yoast-seo-wordpress\/ -->\n<title>Gimel-les-Cascades - L&#039;AlterTour a fait une \u00e9tape dans la cit\u00e9 - AlterTour<\/title>\n<meta name=\"robots\" content=\"index, follow, max-snippet:-1, max-image-preview:large, max-video-preview:-1\" \/>\n<link rel=\"canonical\" href=\"https:\/\/www.altercampagne.net\/?p=2772\" \/>\n<meta property=\"og:locale\" content=\"fr_FR\" \/>\n<meta property=\"og:type\" content=\"article\" \/>\n<meta property=\"og:title\" content=\"Gimel-les-Cascades - L&#039;AlterTour a fait une \u00e9tape dans la cit\u00e9 - AlterTour\" \/>\n<meta property=\"og:description\" content=\"R\u00e9cemment, une bonne vingtaine de cyclistes d&rsquo;un \u00ab autre tour de France \u00bb a marqu\u00e9 une pause \u00e0 Gimel. Cet AlterTour est port\u00e9 par l&rsquo;association AlterCampagne, son principe est tr\u00e8s simple : traverser une partie de la France chaque \u00e9t\u00e9, \u00e0 v\u00e9lo, en d\u00e9fendant une consommation responsable, bio et locale. ... Read More\" \/>\n<meta property=\"og:url\" content=\"https:\/\/www.altercampagne.net\/?p=2772\" \/>\n<meta property=\"og:site_name\" content=\"AlterTour\" \/>\n<meta property=\"article:published_time\" content=\"2014-08-05T11:03:14+00:00\" \/>\n<meta property=\"article:modified_time\" content=\"2016-04-09T16:33:03+00:00\" \/>\n<meta property=\"og:image\" content=\"http:\/\/altercampagne.free.fr\/pages\/2008\/AlterTour\/pic\/AT2014-gimel.jpeg\" \/>\n<meta name=\"author\" content=\"Mathieu\" \/>\n<meta name=\"twitter:card\" content=\"summary_large_image\" \/>\n<meta name=\"twitter:label1\" content=\"\u00c9crit par\" \/>\n\t<meta name=\"twitter:data1\" content=\"Mathieu\" \/>\n\t<meta name=\"twitter:label2\" content=\"Dur\u00e9e de lecture estim\u00e9e\" \/>\n\t<meta name=\"twitter:data2\" content=\"1 minute\" \/>\n<script type=\"application\/ld+json\" class=\"yoast-schema-graph\">{\"@context\":\"https:\\\/\\\/schema.org\",\"@graph\":[{\"@type\":\"Article\",\"@id\":\"https:\\\/\\\/www.altercampagne.net\\\/?p=2772#article\",\"isPartOf\":{\"@id\":\"https:\\\/\\\/www.altercampagne.net\\\/?p=2772\"},\"author\":{\"name\":\"Mathieu\",\"@id\":\"https:\\\/\\\/www.altercampagne.net\\\/#\\\/schema\\\/person\\\/0f261460c09e430caa0f9bcffa319109\"},\"headline\":\"Gimel-les-Cascades &#8211; L&rsquo;AlterTour a fait une \u00e9tape dans la cit\u00e9\",\"datePublished\":\"2014-08-05T11:03:14+00:00\",\"dateModified\":\"2016-04-09T16:33:03+00:00\",\"mainEntityOfPage\":{\"@id\":\"https:\\\/\\\/www.altercampagne.net\\\/?p=2772\"},\"wordCount\":323,\"image\":{\"@id\":\"https:\\\/\\\/www.altercampagne.net\\\/?p=2772#primaryimage\"},\"thumbnailUrl\":\"http:\\\/\\\/altercampagne.free.fr\\\/pages\\\/2008\\\/AlterTour\\\/pic\\\/AT2014-gimel.jpeg\",\"keywords\":[\"altertour 2014\",\"Limousin\",\"la montagne\",\"tour militant\",\"bienveillance\",\"solidarit\u00e9\",\"autre tour\",\"Corr\u00e8ze\",\"Gimel-les-Cascades\"],\"articleSection\":[\"Revue de presse\"],\"inLanguage\":\"fr-FR\"},{\"@type\":\"WebPage\",\"@id\":\"https:\\\/\\\/www.altercampagne.net\\\/?p=2772\",\"url\":\"https:\\\/\\\/www.altercampagne.net\\\/?p=2772\",\"name\":\"Gimel-les-Cascades - L'AlterTour a fait une \u00e9tape dans la cit\u00e9 - AlterTour\",\"isPartOf\":{\"@id\":\"https:\\\/\\\/www.altercampagne.net\\\/#website\"},\"primaryImageOfPage\":{\"@id\":\"https:\\\/\\\/www.altercampagne.net\\\/?p=2772#primaryimage\"},\"image\":{\"@id\":\"https:\\\/\\\/www.altercampagne.net\\\/?p=2772#primaryimage\"},\"thumbnailUrl\":\"http:\\\/\\\/altercampagne.free.fr\\\/pages\\\/2008\\\/AlterTour\\\/pic\\\/AT2014-gimel.jpeg\",\"datePublished\":\"2014-08-05T11:03:14+00:00\",\"dateModified\":\"2016-04-09T16:33:03+00:00\",\"author\":{\"@id\":\"https:\\\/\\\/www.altercampagne.net\\\/#\\\/schema\\\/person\\\/0f261460c09e430caa0f9bcffa319109\"},\"breadcrumb\":{\"@id\":\"https:\\\/\\\/www.altercampagne.net\\\/?p=2772#breadcrumb\"},\"inLanguage\":\"fr-FR\",\"potentialAction\":[{\"@type\":\"ReadAction\",\"target\":[\"https:\\\/\\\/www.altercampagne.net\\\/?p=2772\"]}]},{\"@type\":\"ImageObject\",\"inLanguage\":\"fr-FR\",\"@id\":\"https:\\\/\\\/www.altercampagne.net\\\/?p=2772#primaryimage\",\"url\":\"http:\\\/\\\/altercampagne.free.fr\\\/pages\\\/2008\\\/AlterTour\\\/pic\\\/AT2014-gimel.jpeg\",\"contentUrl\":\"http:\\\/\\\/altercampagne.free.fr\\\/pages\\\/2008\\\/AlterTour\\\/pic\\\/AT2014-gimel.jpeg\"},{\"@type\":\"BreadcrumbList\",\"@id\":\"https:\\\/\\\/www.altercampagne.net\\\/?p=2772#breadcrumb\",\"itemListElement\":[{\"@type\":\"ListItem\",\"position\":1,\"name\":\"Accueil\",\"item\":\"https:\\\/\\\/www.altercampagne.net\\\/\"},{\"@type\":\"ListItem\",\"position\":2,\"name\":\"Gimel-les-Cascades &#8211; L&rsquo;AlterTour a fait une \u00e9tape dans la cit\u00e9\"}]},{\"@type\":\"WebSite\",\"@id\":\"https:\\\/\\\/www.altercampagne.net\\\/#website\",\"url\":\"https:\\\/\\\/www.altercampagne.net\\\/\",\"name\":\"AlterTour\",\"description\":\"Reliez les Alternatives \u00e0 v\u00e9lo\",\"potentialAction\":[{\"@type\":\"SearchAction\",\"target\":{\"@type\":\"EntryPoint\",\"urlTemplate\":\"https:\\\/\\\/www.altercampagne.net\\\/?s={search_term_string}\"},\"query-input\":{\"@type\":\"PropertyValueSpecification\",\"valueRequired\":true,\"valueName\":\"search_term_string\"}}],\"inLanguage\":\"fr-FR\"},{\"@type\":\"Person\",\"@id\":\"https:\\\/\\\/www.altercampagne.net\\\/#\\\/schema\\\/person\\\/0f261460c09e430caa0f9bcffa319109\",\"name\":\"Mathieu\",\"image\":{\"@type\":\"ImageObject\",\"inLanguage\":\"fr-FR\",\"@id\":\"https:\\\/\\\/secure.gravatar.com\\\/avatar\\\/aa9d3d24c83f2141e5e2709d0f63d09a99f6be6bb7a50abc4915838d9f54501a?s=96&d=mm&r=g\",\"url\":\"https:\\\/\\\/secure.gravatar.com\\\/avatar\\\/aa9d3d24c83f2141e5e2709d0f63d09a99f6be6bb7a50abc4915838d9f54501a?s=96&d=mm&r=g\",\"contentUrl\":\"https:\\\/\\\/secure.gravatar.com\\\/avatar\\\/aa9d3d24c83f2141e5e2709d0f63d09a99f6be6bb7a50abc4915838d9f54501a?s=96&d=mm&r=g\",\"caption\":\"Mathieu\"},\"url\":\"https:\\\/\\\/www.altercampagne.net\\\/?author=214\"}]}<\/script>\n<!-- \/ Yoast SEO plugin. -->","yoast_head_json":{"title":"Gimel-les-Cascades - L'AlterTour a fait une \u00e9tape dans la cit\u00e9 - AlterTour","robots":{"index":"index","follow":"follow","max-snippet":"max-snippet:-1","max-image-preview":"max-image-preview:large","max-video-preview":"max-video-preview:-1"},"canonical":"https:\/\/www.altercampagne.net\/?p=2772","og_locale":"fr_FR","og_type":"article","og_title":"Gimel-les-Cascades - L'AlterTour a fait une \u00e9tape dans la cit\u00e9 - AlterTour","og_description":"R\u00e9cemment, une bonne vingtaine de cyclistes d&rsquo;un \u00ab autre tour de France \u00bb a marqu\u00e9 une pause \u00e0 Gimel. Cet AlterTour est port\u00e9 par l&rsquo;association AlterCampagne, son principe est tr\u00e8s simple : traverser une partie de la France chaque \u00e9t\u00e9, \u00e0 v\u00e9lo, en d\u00e9fendant une consommation responsable, bio et locale. ... Read More","og_url":"https:\/\/www.altercampagne.net\/?p=2772","og_site_name":"AlterTour","article_published_time":"2014-08-05T11:03:14+00:00","article_modified_time":"2016-04-09T16:33:03+00:00","og_image":[{"url":"http:\/\/altercampagne.free.fr\/pages\/2008\/AlterTour\/pic\/AT2014-gimel.jpeg","type":"","width":"","height":""}],"author":"Mathieu","twitter_card":"summary_large_image","twitter_misc":{"\u00c9crit par":"Mathieu","Dur\u00e9e de lecture estim\u00e9e":"1 minute"},"schema":{"@context":"https:\/\/schema.org","@graph":[{"@type":"Article","@id":"https:\/\/www.altercampagne.net\/?p=2772#article","isPartOf":{"@id":"https:\/\/www.altercampagne.net\/?p=2772"},"author":{"name":"Mathieu","@id":"https:\/\/www.altercampagne.net\/#\/schema\/person\/0f261460c09e430caa0f9bcffa319109"},"headline":"Gimel-les-Cascades &#8211; L&rsquo;AlterTour a fait une \u00e9tape dans la cit\u00e9","datePublished":"2014-08-05T11:03:14+00:00","dateModified":"2016-04-09T16:33:03+00:00","mainEntityOfPage":{"@id":"https:\/\/www.altercampagne.net\/?p=2772"},"wordCount":323,"image":{"@id":"https:\/\/www.altercampagne.net\/?p=2772#primaryimage"},"thumbnailUrl":"http:\/\/altercampagne.free.fr\/pages\/2008\/AlterTour\/pic\/AT2014-gimel.jpeg","keywords":["altertour 2014","Limousin","la montagne","tour militant","bienveillance","solidarit\u00e9","autre tour","Corr\u00e8ze","Gimel-les-Cascades"],"articleSection":["Revue de presse"],"inLanguage":"fr-FR"},{"@type":"WebPage","@id":"https:\/\/www.altercampagne.net\/?p=2772","url":"https:\/\/www.altercampagne.net\/?p=2772","name":"Gimel-les-Cascades - L'AlterTour a fait une \u00e9tape dans la cit\u00e9 - AlterTour","isPartOf":{"@id":"https:\/\/www.altercampagne.net\/#website"},"primaryImageOfPage":{"@id":"https:\/\/www.altercampagne.net\/?p=2772#primaryimage"},"image":{"@id":"https:\/\/www.altercampagne.net\/?p=2772#primaryimage"},"thumbnailUrl":"http:\/\/altercampagne.free.fr\/pages\/2008\/AlterTour\/pic\/AT2014-gimel.jpeg","datePublished":"2014-08-05T11:03:14+00:00","dateModified":"2016-04-09T16:33:03+00:00","author":{"@id":"https:\/\/www.altercampagne.net\/#\/schema\/person\/0f261460c09e430caa0f9bcffa319109"},"breadcrumb":{"@id":"https:\/\/www.altercampagne.net\/?p=2772#breadcrumb"},"inLanguage":"fr-FR","potentialAction":[{"@type":"ReadAction","target":["https:\/\/www.altercampagne.net\/?p=2772"]}]},{"@type":"ImageObject","inLanguage":"fr-FR","@id":"https:\/\/www.altercampagne.net\/?p=2772#primaryimage","url":"http:\/\/altercampagne.free.fr\/pages\/2008\/AlterTour\/pic\/AT2014-gimel.jpeg","contentUrl":"http:\/\/altercampagne.free.fr\/pages\/2008\/AlterTour\/pic\/AT2014-gimel.jpeg"},{"@type":"BreadcrumbList","@id":"https:\/\/www.altercampagne.net\/?p=2772#breadcrumb","itemListElement":[{"@type":"ListItem","position":1,"name":"Accueil","item":"https:\/\/www.altercampagne.net\/"},{"@type":"ListItem","position":2,"name":"Gimel-les-Cascades &#8211; L&rsquo;AlterTour a fait une \u00e9tape dans la cit\u00e9"}]},{"@type":"WebSite","@id":"https:\/\/www.altercampagne.net\/#website","url":"https:\/\/www.altercampagne.net\/","name":"AlterTour","description":"Reliez les Alternatives \u00e0 v\u00e9lo","potentialAction":[{"@type":"SearchAction","target":{"@type":"EntryPoint","urlTemplate":"https:\/\/www.altercampagne.net\/?s={search_term_string}"},"query-input":{"@type":"PropertyValueSpecification","valueRequired":true,"valueName":"search_term_string"}}],"inLanguage":"fr-FR"},{"@type":"Person","@id":"https:\/\/www.altercampagne.net\/#\/schema\/person\/0f261460c09e430caa0f9bcffa319109","name":"Mathieu","image":{"@type":"ImageObject","inLanguage":"fr-FR","@id":"https:\/\/secure.gravatar.com\/avatar\/aa9d3d24c83f2141e5e2709d0f63d09a99f6be6bb7a50abc4915838d9f54501a?s=96&d=mm&r=g","url":"https:\/\/secure.gravatar.com\/avatar\/aa9d3d24c83f2141e5e2709d0f63d09a99f6be6bb7a50abc4915838d9f54501a?s=96&d=mm&r=g","contentUrl":"https:\/\/secure.gravatar.com\/avatar\/aa9d3d24c83f2141e5e2709d0f63d09a99f6be6bb7a50abc4915838d9f54501a?s=96&d=mm&r=g","caption":"Mathieu"},"url":"https:\/\/www.altercampagne.net\/?author=214"}]}},"_links":{"self":[{"href":"https:\/\/www.altercampagne.net\/index.php?rest_route=\/wp\/v2\/posts\/2772","targetHints":{"allow":["GET"]}}],"collection":[{"href":"https:\/\/www.altercampagne.net\/index.php?rest_route=\/wp\/v2\/posts"}],"about":[{"href":"https:\/\/www.altercampagne.net\/index.php?rest_route=\/wp\/v2\/types\/post"}],"author":[{"embeddable":true,"href":"https:\/\/www.altercampagne.net\/index.php?rest_route=\/wp\/v2\/users\/214"}],"replies":[{"embeddable":true,"href":"https:\/\/www.altercampagne.net\/index.php?rest_route=%2Fwp%2Fv2%2Fcomments&post=2772"}],"version-history":[{"count":0,"href":"https:\/\/www.altercampagne.net\/index.php?rest_route=\/wp\/v2\/posts\/2772\/revisions"}],"wp:attachment":[{"href":"https:\/\/www.altercampagne.net\/index.php?rest_route=%2Fwp%2Fv2%2Fmedia&parent=2772"}],"wp:term":[{"taxonomy":"category","embeddable":true,"href":"https:\/\/www.altercampagne.net\/index.php?rest_route=%2Fwp%2Fv2%2Fcategories&post=2772"},{"taxonomy":"post_tag","embeddable":true,"href":"https:\/\/www.altercampagne.net\/index.php?rest_route=%2Fwp%2Fv2%2Ftags&post=2772"}],"curies":[{"name":"wp","href":"https:\/\/api.w.org\/{rel}","templated":true}]}}