{"id":27779,"date":"2023-05-16T18:21:27","date_gmt":"2023-05-16T16:21:27","guid":{"rendered":"https:\/\/www.altercampagne.net\/?p=27779"},"modified":"2023-05-16T18:21:28","modified_gmt":"2023-05-16T16:21:28","slug":"un-werva-festif-et-productif-nos-fideles-destriers-nattendent-plus-que-nous","status":"publish","type":"post","link":"https:\/\/www.altercampagne.net\/?p=27779","title":{"rendered":"Un WERVA festif et productif : nos fid\u00e8les destriers n\u2019attendent plus que nous !"},"content":{"rendered":"\n<p>Comme ces 3 derni\u00e8res ann\u00e9es, les altercyclistes sont chaleureusement accueilli\u00b7es chez Sam et Brunelle, dans la Dombes, pour ce <strong>Week-End de R\u00e9paration des V\u00e9los de l\u2019AlterTour, WERVA pour les initi\u00e9\u00b7es.<\/strong><br>Iels arrivent au compte-goutte tout au long de la journ\u00e9e du vendredi, et c\u2019est l\u2019occasion pour certain\u00b7es de se familiariser \u00e0 la conduite du nouveau minibus en faisant la navette depuis la gare. Les apprenti\u00b7es conducteur\u00b7ices sont toustes enthousiastes, le conduire est un jeu d\u2019enfant, on ne regrettera pas d\u2019avoir choisi de se s\u00e9parer de l\u2019ancien ! D\u2019autres altercyclistes prennent le temps de d\u00e9couvrir l\u2019endroit o\u00f9 l\u2019on est accueilli : balade \u00e0 v\u00e9lo, d\u00e9couverte des ruches de Sam, marche le long de l\u2019\u00e9tang, et joie de se retrouver. Nous serons une cinquantaine de personnes \u00e0 passer tout le long du week-end.<\/p>\n\n\n\n<h4 class=\"wp-block-heading\">Des ateliers tout au long du week-end<\/h4>\n\n\n\n<p>Comme son nom l\u2019indique, un des gros chantiers du WERVA est la <strong>r\u00e9paration de la flotte de v\u00e9los de pr\u00eat.<\/strong> Des ateliers d\u2019auto-r\u00e9paration sont donc propos\u00e9s tous les matins et fins d\u2019apr\u00e8s-midi. Une partie des alter-cyclistes s&rsquo;att\u00e8lent \u00e0 changer des cha\u00eenes, des p\u00e9daliers, d\u00e9voiler des roues, r\u00e9gler freins et d\u00e9railleurs. L\u2019occasion pour certain\u00b7es de d\u00e9couvrir les rudiments de la m\u00e9canique v\u00e9lo, et pour d\u2019autres de se perfectionner, et de faire preuve d\u2019ing\u00e9niosit\u00e9 pour les remettre tous d\u2019aplomb !<br>En parall\u00e8le, <strong>la porte de l\u2019IVECO fait peau neuve,<\/strong> d\u00e9cid\u00e9ment les altercyclistes soudent aussi bien qu\u2019iels p\u00e9dalent. L\u2019IVECO est minutieusement rang\u00e9, pour le plus grand bonheur des plus tatillon\u00b7nes de l\u2019organisation. Le nouveau minibus est am\u00e9nag\u00e9, cette ann\u00e9e \u00e7a sera une planche de bois sur mesure pour y mettre des affaires, et des projets plus ambitieux na\u00eetront l\u2019ann\u00e9e prochaine. C\u2019est satisfaisant de voir toutes ces r\u00e9alisations et l\u2019\u00e9nergie d\u00e9ploy\u00e9e !<\/p>\n\n\n\n<h4 class=\"wp-block-heading\">Des temps de r\u00e9flexion sur Altercampagne<\/h4>\n\n\n\n<p>Au-del\u00e0 des ateliers, la pl\u00e9ni\u00e8re est ponctu\u00e9e de <strong>temps de r\u00e9flexion collectifs<\/strong> sur diff\u00e9rents sujets \u00e0 l\u2019ordre du jour. Un atelier sur la <strong>place des enfants dans le tour<\/strong>, en effet cette ann\u00e9e pour la premi\u00e8re fois il a \u00e9t\u00e9 d\u00e9cid\u00e9 de mettre une jauge sur le nombre d\u2019enfants de moinsde 13 ans par \u00e9tape, afin de convenir \u00e0 la capacit\u00e9 du collectif.<br>Un atelier autour de la<strong> Charte Altercampagne<\/strong>, modifi\u00e9e \u00e0 la marge pour cette ann\u00e9e mais avec une volont\u00e9 d\u2019en r\u00e9diger une nouvelle l\u2019ann\u00e9e prochaine. Le temps d\u2019un tour d\u2019objections, qui fait \u00e9merger des d\u00e9bats autour de l\u2019utilisation du mot \u201ccomp\u00e9tences\u201d et sa charge n\u00e9olib\u00e9rale ou du terme \u201cmilitant\u201d et l\u2019imaginaire qu\u2019il v\u00e9hicule, puis la charte est valid\u00e9e.<br>Le cercle gouvernance nous pr\u00e9sente la nouvelle organisation d\u2019Altercampagne en s\u2019inspirant de l\u2019<strong>holacratie<\/strong>, et les <strong>statuts amend\u00e9s<\/strong> (le vote de cette modification aura lieu ult\u00e9rieurement). En effet, l\u2019objet et les moyens d\u2019Altercampagne ont \u00e9t\u00e9 r\u00e9-\u00e9crits pour coller au mieux \u00e0 la r\u00e9alit\u00e9, qui a bien \u00e9volu\u00e9 depuis la naissance de l\u2019association il y a plus de 15 ans maintenant. Chacun\u00b7e prend le temps de les relire, de proposer des amendements en sous-groupe, d\u2019exposer sa r\u00e9flexion, et le cercle gouvernance repart avec plein de nouvelles propositions \u00e0 voter \u00e0 la prochaine Assembl\u00e9e G\u00e9n\u00e9rale.<\/p>\n\n\n\n<figure class=\"wp-block-image size-large\"><a href=\"https:\/\/www.altercampagne.net\/wp-content\/uploads\/2023\/05\/WERVA4_2023-scaled.jpg\"><img loading=\"lazy\" decoding=\"async\" width=\"1024\" height=\"768\" src=\"https:\/\/www.altercampagne.net\/wp-content\/uploads\/2023\/05\/WERVA4_2023-1024x768.jpg\" alt=\"\" class=\"wp-image-27794\" srcset=\"https:\/\/www.altercampagne.net\/wp-content\/uploads\/2023\/05\/WERVA4_2023-1024x768.jpg 1024w, https:\/\/www.altercampagne.net\/wp-content\/uploads\/2023\/05\/WERVA4_2023-300x225.jpg 300w, https:\/\/www.altercampagne.net\/wp-content\/uploads\/2023\/05\/WERVA4_2023-768x576.jpg 768w, https:\/\/www.altercampagne.net\/wp-content\/uploads\/2023\/05\/WERVA4_2023-1536x1152.jpg 1536w, https:\/\/www.altercampagne.net\/wp-content\/uploads\/2023\/05\/WERVA4_2023-2048x1536.jpg 2048w, https:\/\/www.altercampagne.net\/wp-content\/uploads\/2023\/05\/WERVA4_2023-610x458.jpg 610w, https:\/\/www.altercampagne.net\/wp-content\/uploads\/2023\/05\/WERVA4_2023-100x75.jpg 100w, https:\/\/www.altercampagne.net\/wp-content\/uploads\/2023\/05\/WERVA4_2023-862x647.jpg 862w, https:\/\/www.altercampagne.net\/wp-content\/uploads\/2023\/05\/WERVA4_2023-1140x855.jpg 1140w\" sizes=\"auto, (max-width: 1024px) 100vw, 1024px\" \/><\/a><\/figure>\n\n\n\n<h4 class=\"wp-block-heading\">L\u2019ouverture des inscriptions !<\/h4>\n\n\n\n<p>En parall\u00e8le, le cercle inscription travaille dur tout le week-end pour <strong>ouvrir les inscriptions,<\/strong> retranch\u00e9 dans la cuisine du matin au soir. <strong>Dimanche, 17 heures, \u00e7a y est, c\u2019est ouvert !<\/strong> Iels peuvent enfin souffler un peu, tandis que les altercyclistes se pressent de s\u2019inscrire, impatient.es de se retrouver cet \u00e9t\u00e9 et de vivre un nouveau tour.<br>Autre c\u00e9l\u00e9bration de la journ\u00e9e : <strong>Charles est couronn\u00e9 !<\/strong> Ou D\u00e9d\u00e9, son nom est encore controvers\u00e9. Il s\u2019agit \u00e9videmment du <strong>nouveau minibus<\/strong>, qui fait le tour de la table du d\u00eener fi\u00e8rement, et est baptis\u00e9 avec du champagne et des fanions color\u00e9s. Les altercyclistes profitent de la sc\u00e8ne en d\u00e9gustant du hachis de sanglier (de la viande certes, mais locale). La soir\u00e9e se termine en dansant sur des tubes des ann\u00e9es 1980.<\/p>\n\n\n\n<h4 class=\"wp-block-heading\">Temps de cl\u00f4ture<\/h4>\n\n\n\n<p>Le lundi matin, le Coll\u00e8ge Solidaire nous partage les d\u00e9cisions qui ont \u00e9t\u00e9 prises sur le week-end, notamment <strong>o\u00f9\/quand\/quoi\/comment la d\u00e9cision d\u2019embaucher un salari\u00e9 sera prise<\/strong>. \u00c7a n&rsquo;a pas l\u2019air comme \u00e7a, mais c\u2019est un grand pas en avant. Ensuite, on prend le temps de c\u00e9l\u00e9brer tous les accomplissements du week-end, les moments partag\u00e9s ensemble, et de d\u00e9couvrir les nouveaux noms de nos beaux v\u00e9los. Et oui, comme pendant chaque WERVA, la soir\u00e9e du samedi soir a d\u00e9but\u00e9 par un <strong>ap\u00e9ro- bapt\u00eame des v\u00e9los<\/strong>. Les noms des \u00e9lus sont annonc\u00e9s le lundi. Cette ann\u00e9e la th\u00e9matique c\u2019\u00e9tait les <strong>rimes en \u00ab\u00a0on\u00a0\u00bb <\/strong>(Montlu\u00e7on- Besan\u00e7on), les id\u00e9es ont fus\u00e9, les altercyclistes sont pleins d\u2019imagination ! Je n\u2019en dirai pas plus, vous les d\u00e9couvrirez cet \u00e9t\u00e9.<\/p>\n","protected":false},"excerpt":{"rendered":"<p>Comme ces 3 derni\u00e8res ann\u00e9es, les altercyclistes sont chaleureusement accueilli\u00b7es chez Sam et Brunelle, dans la Dombes, pour ce Week-End de R\u00e9paration des V\u00e9los de l\u2019AlterTour, WERVA pour les initi\u00e9\u00b7es.<br \/>\nIels arrivent au compte-goutte tout au long de la journ\u00e9e du vendredi, et c\u2019est l\u2019occasion pour certain\u00b7es de se familiariser \u00e0 la conduite du nouveau minibus en faisant la navette depuis la gare. Les apprenti\u00b7es conducteur\u00b7ices sont toustes enthousiastes, le conduire est un jeu d\u2019enfant, on ne regrettera pas d\u2019avoir choisi de se s\u00e9parer de l\u2019ancien !<\/p>\n","protected":false},"author":206,"featured_media":27795,"comment_status":"closed","ping_status":"closed","sticky":false,"template":"","format":"standard","meta":{"footnotes":""},"categories":[4313,4447,3539,1],"tags":[],"class_list":["post-27779","post","type-post","status-publish","format-standard","has-post-thumbnail","hentry","category-altertour","category-edition-2023","category-we-de-preparation","category-non-classe"],"yoast_head":"<!-- This site is optimized with the Yoast SEO plugin v27.3 - https:\/\/yoast.com\/product\/yoast-seo-wordpress\/ -->\n<title>Un WERVA festif et productif : nos fid\u00e8les destriers n\u2019attendent plus que nous ! - AlterTour<\/title>\n<meta name=\"robots\" content=\"index, follow, max-snippet:-1, max-image-preview:large, max-video-preview:-1\" \/>\n<link rel=\"canonical\" href=\"https:\/\/www.altercampagne.net\/?p=27779\" \/>\n<meta property=\"og:locale\" content=\"fr_FR\" \/>\n<meta property=\"og:type\" content=\"article\" \/>\n<meta property=\"og:title\" content=\"Un WERVA festif et productif : nos fid\u00e8les destriers n\u2019attendent plus que nous ! - AlterTour\" \/>\n<meta property=\"og:description\" content=\"Comme ces 3 derni\u00e8res ann\u00e9es, les altercyclistes sont chaleureusement accueilli\u00b7es chez Sam et Brunelle, dans la Dombes, pour ce Week-End de R\u00e9paration des V\u00e9los de l\u2019AlterTour, WERVA pour les initi\u00e9\u00b7es. Iels arrivent au compte-goutte tout au long de la journ\u00e9e du vendredi, et c\u2019est l\u2019occasion pour certain\u00b7es de se familiariser \u00e0 la conduite du nouveau minibus en faisant la navette depuis la gare. Les apprenti\u00b7es conducteur\u00b7ices sont toustes enthousiastes, le conduire est un jeu d\u2019enfant, on ne regrettera pas d\u2019avoir choisi de se s\u00e9parer de l\u2019ancien !\" \/>\n<meta property=\"og:url\" content=\"https:\/\/www.altercampagne.net\/?p=27779\" \/>\n<meta property=\"og:site_name\" content=\"AlterTour\" \/>\n<meta property=\"article:published_time\" content=\"2023-05-16T16:21:27+00:00\" \/>\n<meta property=\"article:modified_time\" content=\"2023-05-16T16:21:28+00:00\" \/>\n<meta property=\"og:image\" content=\"https:\/\/www.altercampagne.net\/wp-content\/uploads\/2023\/05\/WERVA5_2023-scaled-e1684254000793.jpg\" \/>\n\t<meta property=\"og:image:width\" content=\"1000\" \/>\n\t<meta property=\"og:image:height\" content=\"625\" \/>\n\t<meta property=\"og:image:type\" content=\"image\/jpeg\" \/>\n<meta name=\"author\" content=\"Sylvie F\" \/>\n<meta name=\"twitter:card\" content=\"summary_large_image\" \/>\n<meta name=\"twitter:label1\" content=\"\u00c9crit par\" \/>\n\t<meta name=\"twitter:data1\" content=\"Sylvie F\" \/>\n\t<meta name=\"twitter:label2\" content=\"Dur\u00e9e de lecture estim\u00e9e\" \/>\n\t<meta name=\"twitter:data2\" content=\"5 minutes\" \/>\n<script type=\"application\/ld+json\" class=\"yoast-schema-graph\">{\"@context\":\"https:\\\/\\\/schema.org\",\"@graph\":[{\"@type\":\"Article\",\"@id\":\"https:\\\/\\\/www.altercampagne.net\\\/?p=27779#article\",\"isPartOf\":{\"@id\":\"https:\\\/\\\/www.altercampagne.net\\\/?p=27779\"},\"author\":{\"name\":\"Sylvie F\",\"@id\":\"https:\\\/\\\/www.altercampagne.net\\\/#\\\/schema\\\/person\\\/fad5b6595876359c96e756d4d478f820\"},\"headline\":\"Un WERVA festif et productif : nos fid\u00e8les destriers n\u2019attendent plus que nous !\",\"datePublished\":\"2023-05-16T16:21:27+00:00\",\"dateModified\":\"2023-05-16T16:21:28+00:00\",\"mainEntityOfPage\":{\"@id\":\"https:\\\/\\\/www.altercampagne.net\\\/?p=27779\"},\"wordCount\":916,\"image\":{\"@id\":\"https:\\\/\\\/www.altercampagne.net\\\/?p=27779#primaryimage\"},\"thumbnailUrl\":\"https:\\\/\\\/www.altercampagne.net\\\/wp-content\\\/uploads\\\/2023\\\/05\\\/WERVA5_2023-scaled-e1684254000793.jpg\",\"articleSection\":[\"AlterTour\",\"Edition 2023\",\"WE de pr\u00e9paration\"],\"inLanguage\":\"fr-FR\"},{\"@type\":\"WebPage\",\"@id\":\"https:\\\/\\\/www.altercampagne.net\\\/?p=27779\",\"url\":\"https:\\\/\\\/www.altercampagne.net\\\/?p=27779\",\"name\":\"Un WERVA festif et productif : nos fid\u00e8les destriers n\u2019attendent plus que nous ! - AlterTour\",\"isPartOf\":{\"@id\":\"https:\\\/\\\/www.altercampagne.net\\\/#website\"},\"primaryImageOfPage\":{\"@id\":\"https:\\\/\\\/www.altercampagne.net\\\/?p=27779#primaryimage\"},\"image\":{\"@id\":\"https:\\\/\\\/www.altercampagne.net\\\/?p=27779#primaryimage\"},\"thumbnailUrl\":\"https:\\\/\\\/www.altercampagne.net\\\/wp-content\\\/uploads\\\/2023\\\/05\\\/WERVA5_2023-scaled-e1684254000793.jpg\",\"datePublished\":\"2023-05-16T16:21:27+00:00\",\"dateModified\":\"2023-05-16T16:21:28+00:00\",\"author\":{\"@id\":\"https:\\\/\\\/www.altercampagne.net\\\/#\\\/schema\\\/person\\\/fad5b6595876359c96e756d4d478f820\"},\"breadcrumb\":{\"@id\":\"https:\\\/\\\/www.altercampagne.net\\\/?p=27779#breadcrumb\"},\"inLanguage\":\"fr-FR\",\"potentialAction\":[{\"@type\":\"ReadAction\",\"target\":[\"https:\\\/\\\/www.altercampagne.net\\\/?p=27779\"]}]},{\"@type\":\"ImageObject\",\"inLanguage\":\"fr-FR\",\"@id\":\"https:\\\/\\\/www.altercampagne.net\\\/?p=27779#primaryimage\",\"url\":\"https:\\\/\\\/www.altercampagne.net\\\/wp-content\\\/uploads\\\/2023\\\/05\\\/WERVA5_2023-scaled-e1684254000793.jpg\",\"contentUrl\":\"https:\\\/\\\/www.altercampagne.net\\\/wp-content\\\/uploads\\\/2023\\\/05\\\/WERVA5_2023-scaled-e1684254000793.jpg\",\"width\":1000,\"height\":625},{\"@type\":\"BreadcrumbList\",\"@id\":\"https:\\\/\\\/www.altercampagne.net\\\/?p=27779#breadcrumb\",\"itemListElement\":[{\"@type\":\"ListItem\",\"position\":1,\"name\":\"Accueil\",\"item\":\"https:\\\/\\\/www.altercampagne.net\\\/\"},{\"@type\":\"ListItem\",\"position\":2,\"name\":\"Un WERVA festif et productif : nos fid\u00e8les destriers n\u2019attendent plus que nous !\"}]},{\"@type\":\"WebSite\",\"@id\":\"https:\\\/\\\/www.altercampagne.net\\\/#website\",\"url\":\"https:\\\/\\\/www.altercampagne.net\\\/\",\"name\":\"AlterTour\",\"description\":\"Reliez les Alternatives \u00e0 v\u00e9lo\",\"potentialAction\":[{\"@type\":\"SearchAction\",\"target\":{\"@type\":\"EntryPoint\",\"urlTemplate\":\"https:\\\/\\\/www.altercampagne.net\\\/?s={search_term_string}\"},\"query-input\":{\"@type\":\"PropertyValueSpecification\",\"valueRequired\":true,\"valueName\":\"search_term_string\"}}],\"inLanguage\":\"fr-FR\"},{\"@type\":\"Person\",\"@id\":\"https:\\\/\\\/www.altercampagne.net\\\/#\\\/schema\\\/person\\\/fad5b6595876359c96e756d4d478f820\",\"name\":\"Sylvie F\",\"image\":{\"@type\":\"ImageObject\",\"inLanguage\":\"fr-FR\",\"@id\":\"https:\\\/\\\/secure.gravatar.com\\\/avatar\\\/16b2d5f6a1293ef16eadfdd15315bab8d4a87db50333f39a9b9b7a1b269a713f?s=96&d=mm&r=g\",\"url\":\"https:\\\/\\\/secure.gravatar.com\\\/avatar\\\/16b2d5f6a1293ef16eadfdd15315bab8d4a87db50333f39a9b9b7a1b269a713f?s=96&d=mm&r=g\",\"contentUrl\":\"https:\\\/\\\/secure.gravatar.com\\\/avatar\\\/16b2d5f6a1293ef16eadfdd15315bab8d4a87db50333f39a9b9b7a1b269a713f?s=96&d=mm&r=g\",\"caption\":\"Sylvie F\"},\"url\":\"https:\\\/\\\/www.altercampagne.net\\\/?author=206\"}]}<\/script>\n<!-- \/ Yoast SEO plugin. -->","yoast_head_json":{"title":"Un WERVA festif et productif : nos fid\u00e8les destriers n\u2019attendent plus que nous ! - AlterTour","robots":{"index":"index","follow":"follow","max-snippet":"max-snippet:-1","max-image-preview":"max-image-preview:large","max-video-preview":"max-video-preview:-1"},"canonical":"https:\/\/www.altercampagne.net\/?p=27779","og_locale":"fr_FR","og_type":"article","og_title":"Un WERVA festif et productif : nos fid\u00e8les destriers n\u2019attendent plus que nous ! - AlterTour","og_description":"Comme ces 3 derni\u00e8res ann\u00e9es, les altercyclistes sont chaleureusement accueilli\u00b7es chez Sam et Brunelle, dans la Dombes, pour ce Week-End de R\u00e9paration des V\u00e9los de l\u2019AlterTour, WERVA pour les initi\u00e9\u00b7es. Iels arrivent au compte-goutte tout au long de la journ\u00e9e du vendredi, et c\u2019est l\u2019occasion pour certain\u00b7es de se familiariser \u00e0 la conduite du nouveau minibus en faisant la navette depuis la gare. Les apprenti\u00b7es conducteur\u00b7ices sont toustes enthousiastes, le conduire est un jeu d\u2019enfant, on ne regrettera pas d\u2019avoir choisi de se s\u00e9parer de l\u2019ancien !","og_url":"https:\/\/www.altercampagne.net\/?p=27779","og_site_name":"AlterTour","article_published_time":"2023-05-16T16:21:27+00:00","article_modified_time":"2023-05-16T16:21:28+00:00","og_image":[{"width":1000,"height":625,"url":"https:\/\/www.altercampagne.net\/wp-content\/uploads\/2023\/05\/WERVA5_2023-scaled-e1684254000793.jpg","type":"image\/jpeg"}],"author":"Sylvie F","twitter_card":"summary_large_image","twitter_misc":{"\u00c9crit par":"Sylvie F","Dur\u00e9e de lecture estim\u00e9e":"5 minutes"},"schema":{"@context":"https:\/\/schema.org","@graph":[{"@type":"Article","@id":"https:\/\/www.altercampagne.net\/?p=27779#article","isPartOf":{"@id":"https:\/\/www.altercampagne.net\/?p=27779"},"author":{"name":"Sylvie F","@id":"https:\/\/www.altercampagne.net\/#\/schema\/person\/fad5b6595876359c96e756d4d478f820"},"headline":"Un WERVA festif et productif : nos fid\u00e8les destriers n\u2019attendent plus que nous !","datePublished":"2023-05-16T16:21:27+00:00","dateModified":"2023-05-16T16:21:28+00:00","mainEntityOfPage":{"@id":"https:\/\/www.altercampagne.net\/?p=27779"},"wordCount":916,"image":{"@id":"https:\/\/www.altercampagne.net\/?p=27779#primaryimage"},"thumbnailUrl":"https:\/\/www.altercampagne.net\/wp-content\/uploads\/2023\/05\/WERVA5_2023-scaled-e1684254000793.jpg","articleSection":["AlterTour","Edition 2023","WE de pr\u00e9paration"],"inLanguage":"fr-FR"},{"@type":"WebPage","@id":"https:\/\/www.altercampagne.net\/?p=27779","url":"https:\/\/www.altercampagne.net\/?p=27779","name":"Un WERVA festif et productif : nos fid\u00e8les destriers n\u2019attendent plus que nous ! - AlterTour","isPartOf":{"@id":"https:\/\/www.altercampagne.net\/#website"},"primaryImageOfPage":{"@id":"https:\/\/www.altercampagne.net\/?p=27779#primaryimage"},"image":{"@id":"https:\/\/www.altercampagne.net\/?p=27779#primaryimage"},"thumbnailUrl":"https:\/\/www.altercampagne.net\/wp-content\/uploads\/2023\/05\/WERVA5_2023-scaled-e1684254000793.jpg","datePublished":"2023-05-16T16:21:27+00:00","dateModified":"2023-05-16T16:21:28+00:00","author":{"@id":"https:\/\/www.altercampagne.net\/#\/schema\/person\/fad5b6595876359c96e756d4d478f820"},"breadcrumb":{"@id":"https:\/\/www.altercampagne.net\/?p=27779#breadcrumb"},"inLanguage":"fr-FR","potentialAction":[{"@type":"ReadAction","target":["https:\/\/www.altercampagne.net\/?p=27779"]}]},{"@type":"ImageObject","inLanguage":"fr-FR","@id":"https:\/\/www.altercampagne.net\/?p=27779#primaryimage","url":"https:\/\/www.altercampagne.net\/wp-content\/uploads\/2023\/05\/WERVA5_2023-scaled-e1684254000793.jpg","contentUrl":"https:\/\/www.altercampagne.net\/wp-content\/uploads\/2023\/05\/WERVA5_2023-scaled-e1684254000793.jpg","width":1000,"height":625},{"@type":"BreadcrumbList","@id":"https:\/\/www.altercampagne.net\/?p=27779#breadcrumb","itemListElement":[{"@type":"ListItem","position":1,"name":"Accueil","item":"https:\/\/www.altercampagne.net\/"},{"@type":"ListItem","position":2,"name":"Un WERVA festif et productif : nos fid\u00e8les destriers n\u2019attendent plus que nous !"}]},{"@type":"WebSite","@id":"https:\/\/www.altercampagne.net\/#website","url":"https:\/\/www.altercampagne.net\/","name":"AlterTour","description":"Reliez les Alternatives \u00e0 v\u00e9lo","potentialAction":[{"@type":"SearchAction","target":{"@type":"EntryPoint","urlTemplate":"https:\/\/www.altercampagne.net\/?s={search_term_string}"},"query-input":{"@type":"PropertyValueSpecification","valueRequired":true,"valueName":"search_term_string"}}],"inLanguage":"fr-FR"},{"@type":"Person","@id":"https:\/\/www.altercampagne.net\/#\/schema\/person\/fad5b6595876359c96e756d4d478f820","name":"Sylvie F","image":{"@type":"ImageObject","inLanguage":"fr-FR","@id":"https:\/\/secure.gravatar.com\/avatar\/16b2d5f6a1293ef16eadfdd15315bab8d4a87db50333f39a9b9b7a1b269a713f?s=96&d=mm&r=g","url":"https:\/\/secure.gravatar.com\/avatar\/16b2d5f6a1293ef16eadfdd15315bab8d4a87db50333f39a9b9b7a1b269a713f?s=96&d=mm&r=g","contentUrl":"https:\/\/secure.gravatar.com\/avatar\/16b2d5f6a1293ef16eadfdd15315bab8d4a87db50333f39a9b9b7a1b269a713f?s=96&d=mm&r=g","caption":"Sylvie F"},"url":"https:\/\/www.altercampagne.net\/?author=206"}]}},"_links":{"self":[{"href":"https:\/\/www.altercampagne.net\/index.php?rest_route=\/wp\/v2\/posts\/27779","targetHints":{"allow":["GET"]}}],"collection":[{"href":"https:\/\/www.altercampagne.net\/index.php?rest_route=\/wp\/v2\/posts"}],"about":[{"href":"https:\/\/www.altercampagne.net\/index.php?rest_route=\/wp\/v2\/types\/post"}],"author":[{"embeddable":true,"href":"https:\/\/www.altercampagne.net\/index.php?rest_route=\/wp\/v2\/users\/206"}],"replies":[{"embeddable":true,"href":"https:\/\/www.altercampagne.net\/index.php?rest_route=%2Fwp%2Fv2%2Fcomments&post=27779"}],"version-history":[{"count":3,"href":"https:\/\/www.altercampagne.net\/index.php?rest_route=\/wp\/v2\/posts\/27779\/revisions"}],"predecessor-version":[{"id":27797,"href":"https:\/\/www.altercampagne.net\/index.php?rest_route=\/wp\/v2\/posts\/27779\/revisions\/27797"}],"wp:featuredmedia":[{"embeddable":true,"href":"https:\/\/www.altercampagne.net\/index.php?rest_route=\/wp\/v2\/media\/27795"}],"wp:attachment":[{"href":"https:\/\/www.altercampagne.net\/index.php?rest_route=%2Fwp%2Fv2%2Fmedia&parent=27779"}],"wp:term":[{"taxonomy":"category","embeddable":true,"href":"https:\/\/www.altercampagne.net\/index.php?rest_route=%2Fwp%2Fv2%2Fcategories&post=27779"},{"taxonomy":"post_tag","embeddable":true,"href":"https:\/\/www.altercampagne.net\/index.php?rest_route=%2Fwp%2Fv2%2Ftags&post=27779"}],"curies":[{"name":"wp","href":"https:\/\/api.w.org\/{rel}","templated":true}]}}