{"id":2780,"date":"2014-08-15T13:14:53","date_gmt":"2014-08-15T11:14:53","guid":{"rendered":"http:\/\/www.altercampagne.net\/?p=2780"},"modified":"2016-01-23T13:17:13","modified_gmt":"2016-01-23T12:17:13","slug":"comprendre-la-terre-en-voyageant-a-velo","status":"publish","type":"post","link":"https:\/\/www.altercampagne.net\/?p=2780","title":{"rendered":"Comprendre la Terre en voyageant \u00e0 v\u00e9lo"},"content":{"rendered":"<p class=\"Style271 Style138\" align=\"justify\">La 7e \u00e9dition de l&rsquo;AlterTour se d\u00e9roule depuis le 12 juillet et durera jusqu&rsquo;au 17 ao\u00fbt 2014 dans l&rsquo;Ouest Il s&rsquo;est \u00e9lanc\u00e9 de Saint-\u00c9tienne et est pass\u00e9 par la Haute-Loire, le Cantal, le Puy-de-D\u00f4me, la Corr\u00e8ze, la Haute-Vienne, avant la Creuse.<\/p>\n<p class=\"Style271 Style138\" align=\"justify\"><strong>Un mois complet pour faire le tour de France<\/strong><\/p>\n<p class=\"Style271 Style138\" align=\"justify\">Apr\u00e8s Faux-la-Montagne, les soixante-dix cyclistes ont fait une halte \u00e0 Vasi jeunes. L&rsquo;apr\u00e8s-midi jeux a attir\u00e9 quelques habitants des alentours.<\/p>\n<p class=\"Style271 Style138\" align=\"justify\">Le soir, un bal trad improvis\u00e9 \u00e9tait de la partie.<\/p>\n<div style=\"width: 500px\" class=\"wp-caption aligncenter\"><img loading=\"lazy\" decoding=\"async\" class=\"\" src=\"http:\/\/altercampagne.free.fr\/pages\/2008\/AlterTour\/pic\/AT2014-vidaillat.jpg\" alt=\"\" width=\"490\" height=\"326\" \/><p class=\"wp-caption-text\">Apr\u00e8s un \u00e9change des exp\u00e9riences, des parties de rigolade sur les jeux anciens. &#8211; Cr\u00e9tal Jean-Pierre<\/p><\/div>\n<p class=\"Style271 Style138\" align=\"justify\">Apr\u00e8s une courte nuit, les cyclistes sont repartis le dimanche matin pour se rendre \u00e0 Bujaleuf o\u00f9 ils avaient rendez-vous avec un m\u00e9decin qui alerte la population sur la corr\u00e9lation entre l&rsquo;usage des pesticides et l&rsquo;augmentation des cancers. Bref, festivit\u00e9s, jeux, rencontres et d\u00e9bats \u00e9taient de la partie.<\/p>\n<p class=\"Style271 Style138\" align=\"justify\">L&rsquo;AlterTour est ouvert aux personnes qui aiment le v\u00e9lo, sans exigence de performance. En relais solidaire, les alter cyclistes voyagent ensemble \u00e0 la rencontre \u00ab d&rsquo;alternatives \u00bb. C&rsquo;est un tour \u00ab \u00e0 la carte \u00bb, en autogestion pour celles et ceux qui souhaitent partager une belle tranche de vie collective dans la simplicit\u00e9 volontaire, d\u00e9couvrir des terroirs pr\u00e9serv\u00e9s, avoir une activit\u00e9 physique, source de sant\u00e9, et dire ensemble : \u00ab Nous voulons un monde sans dopages, plus \u00e9quitable et plus juste \u00bb.<\/p>\n<p class=\"Style271 Style138\" align=\"justify\">L&rsquo;AlterTour est une manifestation cycliste organis\u00e9e en France depuis 2008, par l&rsquo;association Altercampagne. Cet AlterTour de France, \u00ab pour une plan\u00e8te non dop\u00e9e \u00bb, est un relais cycliste familial et sans comp\u00e9tition qui parcourt les routes de France chaque \u00e9t\u00e9 \u00e0 la rencontre d&rsquo;initiatives alternatives : agricoles, sociales, \u00e9nerg\u00e9tiques, \u00e9conomiques, solidaires, etc.<\/p>\n<p class=\"Style271 Style138\" align=\"justify\">Source : <a href=\"http:\/\/www.lamontagne.fr\/limousin\/actualite\/departement\/creuse\/creuse-local\/2014\/08\/15\/comprendre-la-terre-en-voyageant-a-velo_11111716.html\" target=\"_blank\">La Montagne<\/a><\/p>\n","protected":false},"excerpt":{"rendered":"<p>La 7e \u00e9dition de l&rsquo;AlterTour se d\u00e9roule depuis le 12 juillet et durera jusqu&rsquo;au 17 ao\u00fbt 2014 dans l&rsquo;Ouest Il s&rsquo;est \u00e9lanc\u00e9 de Saint-\u00c9tienne et est pass\u00e9 par la Haute-Loire, le Cantal, le Puy-de-D\u00f4me, la Corr\u00e8ze, la Haute-Vienne, avant la Creuse. Un mois complet pour faire le tour de France &#8230; <\/p>\n<div><a href=\"https:\/\/www.altercampagne.net\/?p=2780\" class=\"more-link\">Read More<\/a><\/div>\n","protected":false},"author":214,"featured_media":0,"comment_status":"closed","ping_status":"closed","sticky":false,"template":"","format":"standard","meta":{"footnotes":""},"categories":[239],"tags":[319,661,664,665,676,681],"class_list":["post-2780","post","type-post","status-publish","format-standard","hentry","category-revue-de-presse","tag-altertour-2014","tag-la-montagne","tag-faux-la-montagne","tag-alternative","tag-simplicite-volontaire","tag-vasi-jeunes","no-post-thumbnail"],"yoast_head":"<!-- This site is optimized with the Yoast SEO plugin v27.3 - https:\/\/yoast.com\/product\/yoast-seo-wordpress\/ -->\n<title>Comprendre la Terre en voyageant \u00e0 v\u00e9lo - AlterTour<\/title>\n<meta name=\"robots\" content=\"index, follow, max-snippet:-1, max-image-preview:large, max-video-preview:-1\" \/>\n<link rel=\"canonical\" href=\"https:\/\/www.altercampagne.net\/?p=2780\" \/>\n<meta property=\"og:locale\" content=\"fr_FR\" \/>\n<meta property=\"og:type\" content=\"article\" \/>\n<meta property=\"og:title\" content=\"Comprendre la Terre en voyageant \u00e0 v\u00e9lo - AlterTour\" \/>\n<meta property=\"og:description\" content=\"La 7e \u00e9dition de l&rsquo;AlterTour se d\u00e9roule depuis le 12 juillet et durera jusqu&rsquo;au 17 ao\u00fbt 2014 dans l&rsquo;Ouest Il s&rsquo;est \u00e9lanc\u00e9 de Saint-\u00c9tienne et est pass\u00e9 par la Haute-Loire, le Cantal, le Puy-de-D\u00f4me, la Corr\u00e8ze, la Haute-Vienne, avant la Creuse. Un mois complet pour faire le tour de France ... Read More\" \/>\n<meta property=\"og:url\" content=\"https:\/\/www.altercampagne.net\/?p=2780\" \/>\n<meta property=\"og:site_name\" content=\"AlterTour\" \/>\n<meta property=\"article:published_time\" content=\"2014-08-15T11:14:53+00:00\" \/>\n<meta property=\"article:modified_time\" content=\"2016-01-23T12:17:13+00:00\" \/>\n<meta property=\"og:image\" content=\"http:\/\/altercampagne.free.fr\/pages\/2008\/AlterTour\/pic\/AT2014-vidaillat.jpg\" \/>\n<meta name=\"author\" content=\"Mathieu\" \/>\n<meta name=\"twitter:card\" content=\"summary_large_image\" \/>\n<meta name=\"twitter:label1\" content=\"\u00c9crit par\" \/>\n\t<meta name=\"twitter:data1\" content=\"Mathieu\" \/>\n\t<meta name=\"twitter:label2\" content=\"Dur\u00e9e de lecture estim\u00e9e\" \/>\n\t<meta name=\"twitter:data2\" content=\"1 minute\" \/>\n<script type=\"application\/ld+json\" class=\"yoast-schema-graph\">{\"@context\":\"https:\\\/\\\/schema.org\",\"@graph\":[{\"@type\":\"Article\",\"@id\":\"https:\\\/\\\/www.altercampagne.net\\\/?p=2780#article\",\"isPartOf\":{\"@id\":\"https:\\\/\\\/www.altercampagne.net\\\/?p=2780\"},\"author\":{\"name\":\"Mathieu\",\"@id\":\"https:\\\/\\\/www.altercampagne.net\\\/#\\\/schema\\\/person\\\/0f261460c09e430caa0f9bcffa319109\"},\"headline\":\"Comprendre la Terre en voyageant \u00e0 v\u00e9lo\",\"datePublished\":\"2014-08-15T11:14:53+00:00\",\"dateModified\":\"2016-01-23T12:17:13+00:00\",\"mainEntityOfPage\":{\"@id\":\"https:\\\/\\\/www.altercampagne.net\\\/?p=2780\"},\"wordCount\":312,\"image\":{\"@id\":\"https:\\\/\\\/www.altercampagne.net\\\/?p=2780#primaryimage\"},\"thumbnailUrl\":\"http:\\\/\\\/altercampagne.free.fr\\\/pages\\\/2008\\\/AlterTour\\\/pic\\\/AT2014-vidaillat.jpg\",\"keywords\":[\"altertour 2014\",\"la montagne\",\"Faux-la-Montagne\",\"alternative\",\"simplicit\u00e9 volontaire\",\"Vasi Jeunes\"],\"articleSection\":[\"Revue de presse\"],\"inLanguage\":\"fr-FR\"},{\"@type\":\"WebPage\",\"@id\":\"https:\\\/\\\/www.altercampagne.net\\\/?p=2780\",\"url\":\"https:\\\/\\\/www.altercampagne.net\\\/?p=2780\",\"name\":\"Comprendre la Terre en voyageant \u00e0 v\u00e9lo - AlterTour\",\"isPartOf\":{\"@id\":\"https:\\\/\\\/www.altercampagne.net\\\/#website\"},\"primaryImageOfPage\":{\"@id\":\"https:\\\/\\\/www.altercampagne.net\\\/?p=2780#primaryimage\"},\"image\":{\"@id\":\"https:\\\/\\\/www.altercampagne.net\\\/?p=2780#primaryimage\"},\"thumbnailUrl\":\"http:\\\/\\\/altercampagne.free.fr\\\/pages\\\/2008\\\/AlterTour\\\/pic\\\/AT2014-vidaillat.jpg\",\"datePublished\":\"2014-08-15T11:14:53+00:00\",\"dateModified\":\"2016-01-23T12:17:13+00:00\",\"author\":{\"@id\":\"https:\\\/\\\/www.altercampagne.net\\\/#\\\/schema\\\/person\\\/0f261460c09e430caa0f9bcffa319109\"},\"breadcrumb\":{\"@id\":\"https:\\\/\\\/www.altercampagne.net\\\/?p=2780#breadcrumb\"},\"inLanguage\":\"fr-FR\",\"potentialAction\":[{\"@type\":\"ReadAction\",\"target\":[\"https:\\\/\\\/www.altercampagne.net\\\/?p=2780\"]}]},{\"@type\":\"ImageObject\",\"inLanguage\":\"fr-FR\",\"@id\":\"https:\\\/\\\/www.altercampagne.net\\\/?p=2780#primaryimage\",\"url\":\"http:\\\/\\\/altercampagne.free.fr\\\/pages\\\/2008\\\/AlterTour\\\/pic\\\/AT2014-vidaillat.jpg\",\"contentUrl\":\"http:\\\/\\\/altercampagne.free.fr\\\/pages\\\/2008\\\/AlterTour\\\/pic\\\/AT2014-vidaillat.jpg\"},{\"@type\":\"BreadcrumbList\",\"@id\":\"https:\\\/\\\/www.altercampagne.net\\\/?p=2780#breadcrumb\",\"itemListElement\":[{\"@type\":\"ListItem\",\"position\":1,\"name\":\"Accueil\",\"item\":\"https:\\\/\\\/www.altercampagne.net\\\/\"},{\"@type\":\"ListItem\",\"position\":2,\"name\":\"Comprendre la Terre en voyageant \u00e0 v\u00e9lo\"}]},{\"@type\":\"WebSite\",\"@id\":\"https:\\\/\\\/www.altercampagne.net\\\/#website\",\"url\":\"https:\\\/\\\/www.altercampagne.net\\\/\",\"name\":\"AlterTour\",\"description\":\"Reliez les Alternatives \u00e0 v\u00e9lo\",\"potentialAction\":[{\"@type\":\"SearchAction\",\"target\":{\"@type\":\"EntryPoint\",\"urlTemplate\":\"https:\\\/\\\/www.altercampagne.net\\\/?s={search_term_string}\"},\"query-input\":{\"@type\":\"PropertyValueSpecification\",\"valueRequired\":true,\"valueName\":\"search_term_string\"}}],\"inLanguage\":\"fr-FR\"},{\"@type\":\"Person\",\"@id\":\"https:\\\/\\\/www.altercampagne.net\\\/#\\\/schema\\\/person\\\/0f261460c09e430caa0f9bcffa319109\",\"name\":\"Mathieu\",\"image\":{\"@type\":\"ImageObject\",\"inLanguage\":\"fr-FR\",\"@id\":\"https:\\\/\\\/secure.gravatar.com\\\/avatar\\\/aa9d3d24c83f2141e5e2709d0f63d09a99f6be6bb7a50abc4915838d9f54501a?s=96&d=mm&r=g\",\"url\":\"https:\\\/\\\/secure.gravatar.com\\\/avatar\\\/aa9d3d24c83f2141e5e2709d0f63d09a99f6be6bb7a50abc4915838d9f54501a?s=96&d=mm&r=g\",\"contentUrl\":\"https:\\\/\\\/secure.gravatar.com\\\/avatar\\\/aa9d3d24c83f2141e5e2709d0f63d09a99f6be6bb7a50abc4915838d9f54501a?s=96&d=mm&r=g\",\"caption\":\"Mathieu\"},\"url\":\"https:\\\/\\\/www.altercampagne.net\\\/?author=214\"}]}<\/script>\n<!-- \/ Yoast SEO plugin. -->","yoast_head_json":{"title":"Comprendre la Terre en voyageant \u00e0 v\u00e9lo - AlterTour","robots":{"index":"index","follow":"follow","max-snippet":"max-snippet:-1","max-image-preview":"max-image-preview:large","max-video-preview":"max-video-preview:-1"},"canonical":"https:\/\/www.altercampagne.net\/?p=2780","og_locale":"fr_FR","og_type":"article","og_title":"Comprendre la Terre en voyageant \u00e0 v\u00e9lo - AlterTour","og_description":"La 7e \u00e9dition de l&rsquo;AlterTour se d\u00e9roule depuis le 12 juillet et durera jusqu&rsquo;au 17 ao\u00fbt 2014 dans l&rsquo;Ouest Il s&rsquo;est \u00e9lanc\u00e9 de Saint-\u00c9tienne et est pass\u00e9 par la Haute-Loire, le Cantal, le Puy-de-D\u00f4me, la Corr\u00e8ze, la Haute-Vienne, avant la Creuse. Un mois complet pour faire le tour de France ... Read More","og_url":"https:\/\/www.altercampagne.net\/?p=2780","og_site_name":"AlterTour","article_published_time":"2014-08-15T11:14:53+00:00","article_modified_time":"2016-01-23T12:17:13+00:00","og_image":[{"url":"http:\/\/altercampagne.free.fr\/pages\/2008\/AlterTour\/pic\/AT2014-vidaillat.jpg","type":"","width":"","height":""}],"author":"Mathieu","twitter_card":"summary_large_image","twitter_misc":{"\u00c9crit par":"Mathieu","Dur\u00e9e de lecture estim\u00e9e":"1 minute"},"schema":{"@context":"https:\/\/schema.org","@graph":[{"@type":"Article","@id":"https:\/\/www.altercampagne.net\/?p=2780#article","isPartOf":{"@id":"https:\/\/www.altercampagne.net\/?p=2780"},"author":{"name":"Mathieu","@id":"https:\/\/www.altercampagne.net\/#\/schema\/person\/0f261460c09e430caa0f9bcffa319109"},"headline":"Comprendre la Terre en voyageant \u00e0 v\u00e9lo","datePublished":"2014-08-15T11:14:53+00:00","dateModified":"2016-01-23T12:17:13+00:00","mainEntityOfPage":{"@id":"https:\/\/www.altercampagne.net\/?p=2780"},"wordCount":312,"image":{"@id":"https:\/\/www.altercampagne.net\/?p=2780#primaryimage"},"thumbnailUrl":"http:\/\/altercampagne.free.fr\/pages\/2008\/AlterTour\/pic\/AT2014-vidaillat.jpg","keywords":["altertour 2014","la montagne","Faux-la-Montagne","alternative","simplicit\u00e9 volontaire","Vasi Jeunes"],"articleSection":["Revue de presse"],"inLanguage":"fr-FR"},{"@type":"WebPage","@id":"https:\/\/www.altercampagne.net\/?p=2780","url":"https:\/\/www.altercampagne.net\/?p=2780","name":"Comprendre la Terre en voyageant \u00e0 v\u00e9lo - AlterTour","isPartOf":{"@id":"https:\/\/www.altercampagne.net\/#website"},"primaryImageOfPage":{"@id":"https:\/\/www.altercampagne.net\/?p=2780#primaryimage"},"image":{"@id":"https:\/\/www.altercampagne.net\/?p=2780#primaryimage"},"thumbnailUrl":"http:\/\/altercampagne.free.fr\/pages\/2008\/AlterTour\/pic\/AT2014-vidaillat.jpg","datePublished":"2014-08-15T11:14:53+00:00","dateModified":"2016-01-23T12:17:13+00:00","author":{"@id":"https:\/\/www.altercampagne.net\/#\/schema\/person\/0f261460c09e430caa0f9bcffa319109"},"breadcrumb":{"@id":"https:\/\/www.altercampagne.net\/?p=2780#breadcrumb"},"inLanguage":"fr-FR","potentialAction":[{"@type":"ReadAction","target":["https:\/\/www.altercampagne.net\/?p=2780"]}]},{"@type":"ImageObject","inLanguage":"fr-FR","@id":"https:\/\/www.altercampagne.net\/?p=2780#primaryimage","url":"http:\/\/altercampagne.free.fr\/pages\/2008\/AlterTour\/pic\/AT2014-vidaillat.jpg","contentUrl":"http:\/\/altercampagne.free.fr\/pages\/2008\/AlterTour\/pic\/AT2014-vidaillat.jpg"},{"@type":"BreadcrumbList","@id":"https:\/\/www.altercampagne.net\/?p=2780#breadcrumb","itemListElement":[{"@type":"ListItem","position":1,"name":"Accueil","item":"https:\/\/www.altercampagne.net\/"},{"@type":"ListItem","position":2,"name":"Comprendre la Terre en voyageant \u00e0 v\u00e9lo"}]},{"@type":"WebSite","@id":"https:\/\/www.altercampagne.net\/#website","url":"https:\/\/www.altercampagne.net\/","name":"AlterTour","description":"Reliez les Alternatives \u00e0 v\u00e9lo","potentialAction":[{"@type":"SearchAction","target":{"@type":"EntryPoint","urlTemplate":"https:\/\/www.altercampagne.net\/?s={search_term_string}"},"query-input":{"@type":"PropertyValueSpecification","valueRequired":true,"valueName":"search_term_string"}}],"inLanguage":"fr-FR"},{"@type":"Person","@id":"https:\/\/www.altercampagne.net\/#\/schema\/person\/0f261460c09e430caa0f9bcffa319109","name":"Mathieu","image":{"@type":"ImageObject","inLanguage":"fr-FR","@id":"https:\/\/secure.gravatar.com\/avatar\/aa9d3d24c83f2141e5e2709d0f63d09a99f6be6bb7a50abc4915838d9f54501a?s=96&d=mm&r=g","url":"https:\/\/secure.gravatar.com\/avatar\/aa9d3d24c83f2141e5e2709d0f63d09a99f6be6bb7a50abc4915838d9f54501a?s=96&d=mm&r=g","contentUrl":"https:\/\/secure.gravatar.com\/avatar\/aa9d3d24c83f2141e5e2709d0f63d09a99f6be6bb7a50abc4915838d9f54501a?s=96&d=mm&r=g","caption":"Mathieu"},"url":"https:\/\/www.altercampagne.net\/?author=214"}]}},"_links":{"self":[{"href":"https:\/\/www.altercampagne.net\/index.php?rest_route=\/wp\/v2\/posts\/2780","targetHints":{"allow":["GET"]}}],"collection":[{"href":"https:\/\/www.altercampagne.net\/index.php?rest_route=\/wp\/v2\/posts"}],"about":[{"href":"https:\/\/www.altercampagne.net\/index.php?rest_route=\/wp\/v2\/types\/post"}],"author":[{"embeddable":true,"href":"https:\/\/www.altercampagne.net\/index.php?rest_route=\/wp\/v2\/users\/214"}],"replies":[{"embeddable":true,"href":"https:\/\/www.altercampagne.net\/index.php?rest_route=%2Fwp%2Fv2%2Fcomments&post=2780"}],"version-history":[{"count":0,"href":"https:\/\/www.altercampagne.net\/index.php?rest_route=\/wp\/v2\/posts\/2780\/revisions"}],"wp:attachment":[{"href":"https:\/\/www.altercampagne.net\/index.php?rest_route=%2Fwp%2Fv2%2Fmedia&parent=2780"}],"wp:term":[{"taxonomy":"category","embeddable":true,"href":"https:\/\/www.altercampagne.net\/index.php?rest_route=%2Fwp%2Fv2%2Fcategories&post=2780"},{"taxonomy":"post_tag","embeddable":true,"href":"https:\/\/www.altercampagne.net\/index.php?rest_route=%2Fwp%2Fv2%2Ftags&post=2780"}],"curies":[{"name":"wp","href":"https:\/\/api.w.org\/{rel}","templated":true}]}}