{"id":27812,"date":"2023-05-24T11:21:20","date_gmt":"2023-05-24T09:21:20","guid":{"rendered":"https:\/\/www.altercampagne.net\/?p=27812"},"modified":"2023-05-24T11:21:22","modified_gmt":"2023-05-24T09:21:22","slug":"le-champ-des-possibles","status":"publish","type":"post","link":"https:\/\/www.altercampagne.net\/?p=27812","title":{"rendered":"Le champ des possibles"},"content":{"rendered":"\n<p>Le point de d\u00e9part de cette 16\u00e8me \u00e9dition de l&rsquo;AlterTour se fera \u00e0 Montlu\u00e7on, o\u00f9 nous serons accueilli.e.s par le collectif alternatif Le Champ des Possibles.<\/p>\n\n\n\n<p>Cette association r\u00e9unit depuis 2019 des citoyen.ne.s engag\u00e9.e.s, de tous horizons dans l\u2019objectif de cr\u00e9er du lien et de la convivialit\u00e9 entre habitant.e.s, lutter contre l\u2019isolement et favoriser l\u2019\u00e9mancipation de chacun.e.<\/p>\n\n\n\n<p>L\u2019association organise de nombreuses activit\u00e9s visant un mieux-\u00eatre individuel et commun, notamment un \u00ab rep\u00e8re-caf\u00e9 \u00bb pour \u00e9changer de l\u2019actualit\u00e9 et proposer un espace de partage.<\/p>\n\n\n\n<p>Le collectif se voit aussi comme un lieu de rencontres, d\u2019\u00e9changes de connaissances et d&rsquo;action entre les associations locales existantes.<\/p>\n","protected":false},"excerpt":{"rendered":"<p>Le point de d\u00e9part de cette 16\u00e8me \u00e9dition de l&rsquo;AlterTour se fera \u00e0 Montlu\u00e7on, o\u00f9 nous serons accueilli.e.s par le collectif alternatif Le Champ des Possibles.<br \/>\nCette association r\u00e9unit depuis 2019 des citoyen.ne.s engag\u00e9.e.s, de tous horizons dans l\u2019objectif de cr\u00e9er du lien et de la convivialit\u00e9 entre habitant.e.s, lutter contre l\u2019isolement et favoriser l\u2019\u00e9mancipation de chacun.e.<\/p>\n","protected":false},"author":290,"featured_media":27813,"comment_status":"closed","ping_status":"closed","sticky":false,"template":"","format":"standard","meta":{"footnotes":""},"categories":[3471,4313,4447,3488],"tags":[],"class_list":["post-27812","post","type-post","status-publish","format-standard","has-post-thumbnail","hentry","category-auvergne-rhone-alpes","category-altertour","category-edition-2023","category-social"],"yoast_head":"<!-- This site is optimized with the Yoast SEO plugin v27.3 - https:\/\/yoast.com\/product\/yoast-seo-wordpress\/ -->\n<title>Le champ des possibles - AlterTour<\/title>\n<meta name=\"robots\" content=\"index, follow, max-snippet:-1, max-image-preview:large, max-video-preview:-1\" \/>\n<link rel=\"canonical\" href=\"https:\/\/www.altercampagne.net\/?p=27812\" \/>\n<meta property=\"og:locale\" content=\"fr_FR\" \/>\n<meta property=\"og:type\" content=\"article\" \/>\n<meta property=\"og:title\" content=\"Le champ des possibles - AlterTour\" \/>\n<meta property=\"og:description\" content=\"Le point de d\u00e9part de cette 16\u00e8me \u00e9dition de l&#039;AlterTour se fera \u00e0 Montlu\u00e7on, o\u00f9 nous serons accueilli.e.s par le collectif alternatif Le Champ des Possibles. Cette association r\u00e9unit depuis 2019 des citoyen.ne.s engag\u00e9.e.s, de tous horizons dans l\u2019objectif de cr\u00e9er du lien et de la convivialit\u00e9 entre habitant.e.s, lutter contre l\u2019isolement et favoriser l\u2019\u00e9mancipation de chacun.e.\" \/>\n<meta property=\"og:url\" content=\"https:\/\/www.altercampagne.net\/?p=27812\" \/>\n<meta property=\"og:site_name\" content=\"AlterTour\" \/>\n<meta property=\"article:published_time\" content=\"2023-05-24T09:21:20+00:00\" \/>\n<meta property=\"article:modified_time\" content=\"2023-05-24T09:21:22+00:00\" \/>\n<meta property=\"og:image\" content=\"https:\/\/www.altercampagne.net\/wp-content\/uploads\/2023\/05\/DEVANTURE-Champ-des-possibles-e1684919961948.jpg\" \/>\n\t<meta property=\"og:image:width\" content=\"1280\" \/>\n\t<meta property=\"og:image:height\" content=\"790\" \/>\n\t<meta property=\"og:image:type\" content=\"image\/jpeg\" \/>\n<meta name=\"author\" content=\"Brunelle\" \/>\n<meta name=\"twitter:card\" content=\"summary_large_image\" \/>\n<meta name=\"twitter:label1\" content=\"\u00c9crit par\" \/>\n\t<meta name=\"twitter:data1\" content=\"Brunelle\" \/>\n\t<meta name=\"twitter:label2\" content=\"Dur\u00e9e de lecture estim\u00e9e\" \/>\n\t<meta name=\"twitter:data2\" content=\"1 minute\" \/>\n<script type=\"application\/ld+json\" class=\"yoast-schema-graph\">{\"@context\":\"https:\\\/\\\/schema.org\",\"@graph\":[{\"@type\":\"Article\",\"@id\":\"https:\\\/\\\/www.altercampagne.net\\\/?p=27812#article\",\"isPartOf\":{\"@id\":\"https:\\\/\\\/www.altercampagne.net\\\/?p=27812\"},\"author\":{\"name\":\"Brunelle\",\"@id\":\"https:\\\/\\\/www.altercampagne.net\\\/#\\\/schema\\\/person\\\/b7970639b8bbc1bba5a12da9417ad512\"},\"headline\":\"Le champ des possibles\",\"datePublished\":\"2023-05-24T09:21:20+00:00\",\"dateModified\":\"2023-05-24T09:21:22+00:00\",\"mainEntityOfPage\":{\"@id\":\"https:\\\/\\\/www.altercampagne.net\\\/?p=27812\"},\"wordCount\":127,\"image\":{\"@id\":\"https:\\\/\\\/www.altercampagne.net\\\/?p=27812#primaryimage\"},\"thumbnailUrl\":\"https:\\\/\\\/www.altercampagne.net\\\/wp-content\\\/uploads\\\/2023\\\/05\\\/DEVANTURE-Champ-des-possibles-e1684919961948.jpg\",\"articleSection\":[\"Auvergne-Rh\u00f4ne-Alpes\",\"AlterTour\",\"Edition 2023\",\"Social\"],\"inLanguage\":\"fr-FR\"},{\"@type\":\"WebPage\",\"@id\":\"https:\\\/\\\/www.altercampagne.net\\\/?p=27812\",\"url\":\"https:\\\/\\\/www.altercampagne.net\\\/?p=27812\",\"name\":\"Le champ des possibles - AlterTour\",\"isPartOf\":{\"@id\":\"https:\\\/\\\/www.altercampagne.net\\\/#website\"},\"primaryImageOfPage\":{\"@id\":\"https:\\\/\\\/www.altercampagne.net\\\/?p=27812#primaryimage\"},\"image\":{\"@id\":\"https:\\\/\\\/www.altercampagne.net\\\/?p=27812#primaryimage\"},\"thumbnailUrl\":\"https:\\\/\\\/www.altercampagne.net\\\/wp-content\\\/uploads\\\/2023\\\/05\\\/DEVANTURE-Champ-des-possibles-e1684919961948.jpg\",\"datePublished\":\"2023-05-24T09:21:20+00:00\",\"dateModified\":\"2023-05-24T09:21:22+00:00\",\"author\":{\"@id\":\"https:\\\/\\\/www.altercampagne.net\\\/#\\\/schema\\\/person\\\/b7970639b8bbc1bba5a12da9417ad512\"},\"breadcrumb\":{\"@id\":\"https:\\\/\\\/www.altercampagne.net\\\/?p=27812#breadcrumb\"},\"inLanguage\":\"fr-FR\",\"potentialAction\":[{\"@type\":\"ReadAction\",\"target\":[\"https:\\\/\\\/www.altercampagne.net\\\/?p=27812\"]}]},{\"@type\":\"ImageObject\",\"inLanguage\":\"fr-FR\",\"@id\":\"https:\\\/\\\/www.altercampagne.net\\\/?p=27812#primaryimage\",\"url\":\"https:\\\/\\\/www.altercampagne.net\\\/wp-content\\\/uploads\\\/2023\\\/05\\\/DEVANTURE-Champ-des-possibles-e1684919961948.jpg\",\"contentUrl\":\"https:\\\/\\\/www.altercampagne.net\\\/wp-content\\\/uploads\\\/2023\\\/05\\\/DEVANTURE-Champ-des-possibles-e1684919961948.jpg\",\"width\":1280,\"height\":790},{\"@type\":\"BreadcrumbList\",\"@id\":\"https:\\\/\\\/www.altercampagne.net\\\/?p=27812#breadcrumb\",\"itemListElement\":[{\"@type\":\"ListItem\",\"position\":1,\"name\":\"Accueil\",\"item\":\"https:\\\/\\\/www.altercampagne.net\\\/\"},{\"@type\":\"ListItem\",\"position\":2,\"name\":\"Le champ des possibles\"}]},{\"@type\":\"WebSite\",\"@id\":\"https:\\\/\\\/www.altercampagne.net\\\/#website\",\"url\":\"https:\\\/\\\/www.altercampagne.net\\\/\",\"name\":\"AlterTour\",\"description\":\"Reliez les Alternatives \u00e0 v\u00e9lo\",\"potentialAction\":[{\"@type\":\"SearchAction\",\"target\":{\"@type\":\"EntryPoint\",\"urlTemplate\":\"https:\\\/\\\/www.altercampagne.net\\\/?s={search_term_string}\"},\"query-input\":{\"@type\":\"PropertyValueSpecification\",\"valueRequired\":true,\"valueName\":\"search_term_string\"}}],\"inLanguage\":\"fr-FR\"},{\"@type\":\"Person\",\"@id\":\"https:\\\/\\\/www.altercampagne.net\\\/#\\\/schema\\\/person\\\/b7970639b8bbc1bba5a12da9417ad512\",\"name\":\"Brunelle\",\"image\":{\"@type\":\"ImageObject\",\"inLanguage\":\"fr-FR\",\"@id\":\"https:\\\/\\\/secure.gravatar.com\\\/avatar\\\/70edc45ba2cc6ad30cb81b453241ce7be3302cbdd5fab275bf4b9d2807d08de0?s=96&d=mm&r=g\",\"url\":\"https:\\\/\\\/secure.gravatar.com\\\/avatar\\\/70edc45ba2cc6ad30cb81b453241ce7be3302cbdd5fab275bf4b9d2807d08de0?s=96&d=mm&r=g\",\"contentUrl\":\"https:\\\/\\\/secure.gravatar.com\\\/avatar\\\/70edc45ba2cc6ad30cb81b453241ce7be3302cbdd5fab275bf4b9d2807d08de0?s=96&d=mm&r=g\",\"caption\":\"Brunelle\"},\"url\":\"https:\\\/\\\/www.altercampagne.net\\\/?author=290\"}]}<\/script>\n<!-- \/ Yoast SEO plugin. -->","yoast_head_json":{"title":"Le champ des possibles - AlterTour","robots":{"index":"index","follow":"follow","max-snippet":"max-snippet:-1","max-image-preview":"max-image-preview:large","max-video-preview":"max-video-preview:-1"},"canonical":"https:\/\/www.altercampagne.net\/?p=27812","og_locale":"fr_FR","og_type":"article","og_title":"Le champ des possibles - AlterTour","og_description":"Le point de d\u00e9part de cette 16\u00e8me \u00e9dition de l'AlterTour se fera \u00e0 Montlu\u00e7on, o\u00f9 nous serons accueilli.e.s par le collectif alternatif Le Champ des Possibles. Cette association r\u00e9unit depuis 2019 des citoyen.ne.s engag\u00e9.e.s, de tous horizons dans l\u2019objectif de cr\u00e9er du lien et de la convivialit\u00e9 entre habitant.e.s, lutter contre l\u2019isolement et favoriser l\u2019\u00e9mancipation de chacun.e.","og_url":"https:\/\/www.altercampagne.net\/?p=27812","og_site_name":"AlterTour","article_published_time":"2023-05-24T09:21:20+00:00","article_modified_time":"2023-05-24T09:21:22+00:00","og_image":[{"width":1280,"height":790,"url":"https:\/\/www.altercampagne.net\/wp-content\/uploads\/2023\/05\/DEVANTURE-Champ-des-possibles-e1684919961948.jpg","type":"image\/jpeg"}],"author":"Brunelle","twitter_card":"summary_large_image","twitter_misc":{"\u00c9crit par":"Brunelle","Dur\u00e9e de lecture estim\u00e9e":"1 minute"},"schema":{"@context":"https:\/\/schema.org","@graph":[{"@type":"Article","@id":"https:\/\/www.altercampagne.net\/?p=27812#article","isPartOf":{"@id":"https:\/\/www.altercampagne.net\/?p=27812"},"author":{"name":"Brunelle","@id":"https:\/\/www.altercampagne.net\/#\/schema\/person\/b7970639b8bbc1bba5a12da9417ad512"},"headline":"Le champ des possibles","datePublished":"2023-05-24T09:21:20+00:00","dateModified":"2023-05-24T09:21:22+00:00","mainEntityOfPage":{"@id":"https:\/\/www.altercampagne.net\/?p=27812"},"wordCount":127,"image":{"@id":"https:\/\/www.altercampagne.net\/?p=27812#primaryimage"},"thumbnailUrl":"https:\/\/www.altercampagne.net\/wp-content\/uploads\/2023\/05\/DEVANTURE-Champ-des-possibles-e1684919961948.jpg","articleSection":["Auvergne-Rh\u00f4ne-Alpes","AlterTour","Edition 2023","Social"],"inLanguage":"fr-FR"},{"@type":"WebPage","@id":"https:\/\/www.altercampagne.net\/?p=27812","url":"https:\/\/www.altercampagne.net\/?p=27812","name":"Le champ des possibles - AlterTour","isPartOf":{"@id":"https:\/\/www.altercampagne.net\/#website"},"primaryImageOfPage":{"@id":"https:\/\/www.altercampagne.net\/?p=27812#primaryimage"},"image":{"@id":"https:\/\/www.altercampagne.net\/?p=27812#primaryimage"},"thumbnailUrl":"https:\/\/www.altercampagne.net\/wp-content\/uploads\/2023\/05\/DEVANTURE-Champ-des-possibles-e1684919961948.jpg","datePublished":"2023-05-24T09:21:20+00:00","dateModified":"2023-05-24T09:21:22+00:00","author":{"@id":"https:\/\/www.altercampagne.net\/#\/schema\/person\/b7970639b8bbc1bba5a12da9417ad512"},"breadcrumb":{"@id":"https:\/\/www.altercampagne.net\/?p=27812#breadcrumb"},"inLanguage":"fr-FR","potentialAction":[{"@type":"ReadAction","target":["https:\/\/www.altercampagne.net\/?p=27812"]}]},{"@type":"ImageObject","inLanguage":"fr-FR","@id":"https:\/\/www.altercampagne.net\/?p=27812#primaryimage","url":"https:\/\/www.altercampagne.net\/wp-content\/uploads\/2023\/05\/DEVANTURE-Champ-des-possibles-e1684919961948.jpg","contentUrl":"https:\/\/www.altercampagne.net\/wp-content\/uploads\/2023\/05\/DEVANTURE-Champ-des-possibles-e1684919961948.jpg","width":1280,"height":790},{"@type":"BreadcrumbList","@id":"https:\/\/www.altercampagne.net\/?p=27812#breadcrumb","itemListElement":[{"@type":"ListItem","position":1,"name":"Accueil","item":"https:\/\/www.altercampagne.net\/"},{"@type":"ListItem","position":2,"name":"Le champ des possibles"}]},{"@type":"WebSite","@id":"https:\/\/www.altercampagne.net\/#website","url":"https:\/\/www.altercampagne.net\/","name":"AlterTour","description":"Reliez les Alternatives \u00e0 v\u00e9lo","potentialAction":[{"@type":"SearchAction","target":{"@type":"EntryPoint","urlTemplate":"https:\/\/www.altercampagne.net\/?s={search_term_string}"},"query-input":{"@type":"PropertyValueSpecification","valueRequired":true,"valueName":"search_term_string"}}],"inLanguage":"fr-FR"},{"@type":"Person","@id":"https:\/\/www.altercampagne.net\/#\/schema\/person\/b7970639b8bbc1bba5a12da9417ad512","name":"Brunelle","image":{"@type":"ImageObject","inLanguage":"fr-FR","@id":"https:\/\/secure.gravatar.com\/avatar\/70edc45ba2cc6ad30cb81b453241ce7be3302cbdd5fab275bf4b9d2807d08de0?s=96&d=mm&r=g","url":"https:\/\/secure.gravatar.com\/avatar\/70edc45ba2cc6ad30cb81b453241ce7be3302cbdd5fab275bf4b9d2807d08de0?s=96&d=mm&r=g","contentUrl":"https:\/\/secure.gravatar.com\/avatar\/70edc45ba2cc6ad30cb81b453241ce7be3302cbdd5fab275bf4b9d2807d08de0?s=96&d=mm&r=g","caption":"Brunelle"},"url":"https:\/\/www.altercampagne.net\/?author=290"}]}},"_links":{"self":[{"href":"https:\/\/www.altercampagne.net\/index.php?rest_route=\/wp\/v2\/posts\/27812","targetHints":{"allow":["GET"]}}],"collection":[{"href":"https:\/\/www.altercampagne.net\/index.php?rest_route=\/wp\/v2\/posts"}],"about":[{"href":"https:\/\/www.altercampagne.net\/index.php?rest_route=\/wp\/v2\/types\/post"}],"author":[{"embeddable":true,"href":"https:\/\/www.altercampagne.net\/index.php?rest_route=\/wp\/v2\/users\/290"}],"replies":[{"embeddable":true,"href":"https:\/\/www.altercampagne.net\/index.php?rest_route=%2Fwp%2Fv2%2Fcomments&post=27812"}],"version-history":[{"count":1,"href":"https:\/\/www.altercampagne.net\/index.php?rest_route=\/wp\/v2\/posts\/27812\/revisions"}],"predecessor-version":[{"id":27814,"href":"https:\/\/www.altercampagne.net\/index.php?rest_route=\/wp\/v2\/posts\/27812\/revisions\/27814"}],"wp:featuredmedia":[{"embeddable":true,"href":"https:\/\/www.altercampagne.net\/index.php?rest_route=\/wp\/v2\/media\/27813"}],"wp:attachment":[{"href":"https:\/\/www.altercampagne.net\/index.php?rest_route=%2Fwp%2Fv2%2Fmedia&parent=27812"}],"wp:term":[{"taxonomy":"category","embeddable":true,"href":"https:\/\/www.altercampagne.net\/index.php?rest_route=%2Fwp%2Fv2%2Fcategories&post=27812"},{"taxonomy":"post_tag","embeddable":true,"href":"https:\/\/www.altercampagne.net\/index.php?rest_route=%2Fwp%2Fv2%2Ftags&post=27812"}],"curies":[{"name":"wp","href":"https:\/\/api.w.org\/{rel}","templated":true}]}}