{"id":27815,"date":"2023-05-27T12:00:00","date_gmt":"2023-05-27T10:00:00","guid":{"rendered":"https:\/\/www.altercampagne.net\/?p=27815"},"modified":"2023-05-24T11:27:41","modified_gmt":"2023-05-24T09:27:41","slug":"le-champs-de-lile","status":"publish","type":"post","link":"https:\/\/www.altercampagne.net\/?p=27815","title":{"rendered":"Le champs de l&rsquo;\u00eele"},"content":{"rendered":"\n<p>Install\u00e9.es depuis deux ans \u00e0 H\u00e9risson, Lisa et Josselin nous ouvrent les portes de leur ferme mara\u00eech\u00e8re bio.<\/p>\n\n\n\n<p>Ce couple en reconversion est arriv\u00e9 en mars 2021 \u00e0 H\u00e9risson, commune accueillante, riche en culture et en dynamiques associatives.<br>Leur terrain de quatre hectares, situ\u00e9 au bord de l&rsquo;Aumance, leur permet aujourd&rsquo;hui de produire des l\u00e9gumes bio (que nous auront le plaisir de d\u00e9guster lors de notre passage chez eux !) et accueille un verger tr\u00e8s diversifi\u00e9 r\u00e9cemment plant\u00e9. Le mara\u00eechage sera \u00e9galement entour\u00e9 de haies fruiti\u00e8res en agroforesterie d&rsquo;ici l&rsquo;ann\u00e9e prochaine. La ferme s&rsquo;est inscrite nouvellement dans le r\u00e9seau Paysan de Nature en tant que paysan.nes engag\u00e9s pour la biodiversit\u00e9.<\/p>\n\n\n\n<p>Nous aurons la chance et le plaisir d&rsquo;\u00eatre accueillis par Lisa et Josselin pendant 3 jours et deux nuits, durant lesquels nous n&rsquo;auront pas le temps de nous ennuyer ! Le programme d\u00e9finitif n&rsquo;est pas encore fix\u00e9, cependant nous pouvons d&rsquo;or et d\u00e9j\u00e0 vous promettre de la musique, de la sueur, des \u00e9changes divers et vari\u00e9s ainsi que des baignades !<\/p>\n","protected":false},"excerpt":{"rendered":"<p>Install\u00e9.es depuis deux ans \u00e0 H\u00e9risson, Lisa et Josselin nous ouvrent les portes de leur ferme mara\u00eech\u00e8re bio.<br \/>\nCe couple en reconversion est arriv\u00e9 en mars 2021 \u00e0 H\u00e9risson, commune accueillante, riche en culture et en dynamiques associatives.<\/p>\n","protected":false},"author":290,"featured_media":27554,"comment_status":"closed","ping_status":"closed","sticky":false,"template":"","format":"standard","meta":{"footnotes":""},"categories":[3471,3483,4313,4447],"tags":[],"class_list":["post-27815","post","type-post","status-publish","format-standard","has-post-thumbnail","hentry","category-auvergne-rhone-alpes","category-agriculture","category-altertour","category-edition-2023"],"yoast_head":"<!-- This site is optimized with the Yoast SEO plugin v27.3 - https:\/\/yoast.com\/product\/yoast-seo-wordpress\/ -->\n<title>Le champs de l&#039;\u00eele - AlterTour<\/title>\n<meta name=\"robots\" content=\"index, follow, max-snippet:-1, max-image-preview:large, max-video-preview:-1\" \/>\n<link rel=\"canonical\" href=\"https:\/\/www.altercampagne.net\/?p=27815\" \/>\n<meta property=\"og:locale\" content=\"fr_FR\" \/>\n<meta property=\"og:type\" content=\"article\" \/>\n<meta property=\"og:title\" content=\"Le champs de l&#039;\u00eele - AlterTour\" \/>\n<meta property=\"og:description\" content=\"Install\u00e9.es depuis deux ans \u00e0 H\u00e9risson, Lisa et Josselin nous ouvrent les portes de leur ferme mara\u00eech\u00e8re bio. Ce couple en reconversion est arriv\u00e9 en mars 2021 \u00e0 H\u00e9risson, commune accueillante, riche en culture et en dynamiques associatives.\" \/>\n<meta property=\"og:url\" content=\"https:\/\/www.altercampagne.net\/?p=27815\" \/>\n<meta property=\"og:site_name\" content=\"AlterTour\" \/>\n<meta property=\"article:published_time\" content=\"2023-05-27T10:00:00+00:00\" \/>\n<meta property=\"og:image\" content=\"https:\/\/www.altercampagne.net\/wp-content\/uploads\/2023\/04\/Champ-de-lile1.jpg\" \/>\n\t<meta property=\"og:image:width\" content=\"786\" \/>\n\t<meta property=\"og:image:height\" content=\"500\" \/>\n\t<meta property=\"og:image:type\" content=\"image\/jpeg\" \/>\n<meta name=\"author\" content=\"Brunelle\" \/>\n<meta name=\"twitter:card\" content=\"summary_large_image\" \/>\n<meta name=\"twitter:label1\" content=\"\u00c9crit par\" \/>\n\t<meta name=\"twitter:data1\" content=\"Brunelle\" \/>\n\t<meta name=\"twitter:label2\" content=\"Dur\u00e9e de lecture estim\u00e9e\" \/>\n\t<meta name=\"twitter:data2\" content=\"1 minute\" \/>\n<script type=\"application\/ld+json\" class=\"yoast-schema-graph\">{\"@context\":\"https:\\\/\\\/schema.org\",\"@graph\":[{\"@type\":\"Article\",\"@id\":\"https:\\\/\\\/www.altercampagne.net\\\/?p=27815#article\",\"isPartOf\":{\"@id\":\"https:\\\/\\\/www.altercampagne.net\\\/?p=27815\"},\"author\":{\"name\":\"Brunelle\",\"@id\":\"https:\\\/\\\/www.altercampagne.net\\\/#\\\/schema\\\/person\\\/b7970639b8bbc1bba5a12da9417ad512\"},\"headline\":\"Le champs de l&rsquo;\u00eele\",\"datePublished\":\"2023-05-27T10:00:00+00:00\",\"mainEntityOfPage\":{\"@id\":\"https:\\\/\\\/www.altercampagne.net\\\/?p=27815\"},\"wordCount\":196,\"image\":{\"@id\":\"https:\\\/\\\/www.altercampagne.net\\\/?p=27815#primaryimage\"},\"thumbnailUrl\":\"https:\\\/\\\/www.altercampagne.net\\\/wp-content\\\/uploads\\\/2023\\\/04\\\/Champ-de-lile1.jpg\",\"articleSection\":[\"Auvergne-Rh\u00f4ne-Alpes\",\"Agriculture\",\"AlterTour\",\"Edition 2023\"],\"inLanguage\":\"fr-FR\"},{\"@type\":\"WebPage\",\"@id\":\"https:\\\/\\\/www.altercampagne.net\\\/?p=27815\",\"url\":\"https:\\\/\\\/www.altercampagne.net\\\/?p=27815\",\"name\":\"Le champs de l'\u00eele - AlterTour\",\"isPartOf\":{\"@id\":\"https:\\\/\\\/www.altercampagne.net\\\/#website\"},\"primaryImageOfPage\":{\"@id\":\"https:\\\/\\\/www.altercampagne.net\\\/?p=27815#primaryimage\"},\"image\":{\"@id\":\"https:\\\/\\\/www.altercampagne.net\\\/?p=27815#primaryimage\"},\"thumbnailUrl\":\"https:\\\/\\\/www.altercampagne.net\\\/wp-content\\\/uploads\\\/2023\\\/04\\\/Champ-de-lile1.jpg\",\"datePublished\":\"2023-05-27T10:00:00+00:00\",\"author\":{\"@id\":\"https:\\\/\\\/www.altercampagne.net\\\/#\\\/schema\\\/person\\\/b7970639b8bbc1bba5a12da9417ad512\"},\"breadcrumb\":{\"@id\":\"https:\\\/\\\/www.altercampagne.net\\\/?p=27815#breadcrumb\"},\"inLanguage\":\"fr-FR\",\"potentialAction\":[{\"@type\":\"ReadAction\",\"target\":[\"https:\\\/\\\/www.altercampagne.net\\\/?p=27815\"]}]},{\"@type\":\"ImageObject\",\"inLanguage\":\"fr-FR\",\"@id\":\"https:\\\/\\\/www.altercampagne.net\\\/?p=27815#primaryimage\",\"url\":\"https:\\\/\\\/www.altercampagne.net\\\/wp-content\\\/uploads\\\/2023\\\/04\\\/Champ-de-lile1.jpg\",\"contentUrl\":\"https:\\\/\\\/www.altercampagne.net\\\/wp-content\\\/uploads\\\/2023\\\/04\\\/Champ-de-lile1.jpg\",\"width\":786,\"height\":500},{\"@type\":\"BreadcrumbList\",\"@id\":\"https:\\\/\\\/www.altercampagne.net\\\/?p=27815#breadcrumb\",\"itemListElement\":[{\"@type\":\"ListItem\",\"position\":1,\"name\":\"Accueil\",\"item\":\"https:\\\/\\\/www.altercampagne.net\\\/\"},{\"@type\":\"ListItem\",\"position\":2,\"name\":\"Le champs de l&rsquo;\u00eele\"}]},{\"@type\":\"WebSite\",\"@id\":\"https:\\\/\\\/www.altercampagne.net\\\/#website\",\"url\":\"https:\\\/\\\/www.altercampagne.net\\\/\",\"name\":\"AlterTour\",\"description\":\"Reliez les Alternatives \u00e0 v\u00e9lo\",\"potentialAction\":[{\"@type\":\"SearchAction\",\"target\":{\"@type\":\"EntryPoint\",\"urlTemplate\":\"https:\\\/\\\/www.altercampagne.net\\\/?s={search_term_string}\"},\"query-input\":{\"@type\":\"PropertyValueSpecification\",\"valueRequired\":true,\"valueName\":\"search_term_string\"}}],\"inLanguage\":\"fr-FR\"},{\"@type\":\"Person\",\"@id\":\"https:\\\/\\\/www.altercampagne.net\\\/#\\\/schema\\\/person\\\/b7970639b8bbc1bba5a12da9417ad512\",\"name\":\"Brunelle\",\"image\":{\"@type\":\"ImageObject\",\"inLanguage\":\"fr-FR\",\"@id\":\"https:\\\/\\\/secure.gravatar.com\\\/avatar\\\/70edc45ba2cc6ad30cb81b453241ce7be3302cbdd5fab275bf4b9d2807d08de0?s=96&d=mm&r=g\",\"url\":\"https:\\\/\\\/secure.gravatar.com\\\/avatar\\\/70edc45ba2cc6ad30cb81b453241ce7be3302cbdd5fab275bf4b9d2807d08de0?s=96&d=mm&r=g\",\"contentUrl\":\"https:\\\/\\\/secure.gravatar.com\\\/avatar\\\/70edc45ba2cc6ad30cb81b453241ce7be3302cbdd5fab275bf4b9d2807d08de0?s=96&d=mm&r=g\",\"caption\":\"Brunelle\"},\"url\":\"https:\\\/\\\/www.altercampagne.net\\\/?author=290\"}]}<\/script>\n<!-- \/ Yoast SEO plugin. -->","yoast_head_json":{"title":"Le champs de l'\u00eele - AlterTour","robots":{"index":"index","follow":"follow","max-snippet":"max-snippet:-1","max-image-preview":"max-image-preview:large","max-video-preview":"max-video-preview:-1"},"canonical":"https:\/\/www.altercampagne.net\/?p=27815","og_locale":"fr_FR","og_type":"article","og_title":"Le champs de l'\u00eele - AlterTour","og_description":"Install\u00e9.es depuis deux ans \u00e0 H\u00e9risson, Lisa et Josselin nous ouvrent les portes de leur ferme mara\u00eech\u00e8re bio. Ce couple en reconversion est arriv\u00e9 en mars 2021 \u00e0 H\u00e9risson, commune accueillante, riche en culture et en dynamiques associatives.","og_url":"https:\/\/www.altercampagne.net\/?p=27815","og_site_name":"AlterTour","article_published_time":"2023-05-27T10:00:00+00:00","og_image":[{"width":786,"height":500,"url":"https:\/\/www.altercampagne.net\/wp-content\/uploads\/2023\/04\/Champ-de-lile1.jpg","type":"image\/jpeg"}],"author":"Brunelle","twitter_card":"summary_large_image","twitter_misc":{"\u00c9crit par":"Brunelle","Dur\u00e9e de lecture estim\u00e9e":"1 minute"},"schema":{"@context":"https:\/\/schema.org","@graph":[{"@type":"Article","@id":"https:\/\/www.altercampagne.net\/?p=27815#article","isPartOf":{"@id":"https:\/\/www.altercampagne.net\/?p=27815"},"author":{"name":"Brunelle","@id":"https:\/\/www.altercampagne.net\/#\/schema\/person\/b7970639b8bbc1bba5a12da9417ad512"},"headline":"Le champs de l&rsquo;\u00eele","datePublished":"2023-05-27T10:00:00+00:00","mainEntityOfPage":{"@id":"https:\/\/www.altercampagne.net\/?p=27815"},"wordCount":196,"image":{"@id":"https:\/\/www.altercampagne.net\/?p=27815#primaryimage"},"thumbnailUrl":"https:\/\/www.altercampagne.net\/wp-content\/uploads\/2023\/04\/Champ-de-lile1.jpg","articleSection":["Auvergne-Rh\u00f4ne-Alpes","Agriculture","AlterTour","Edition 2023"],"inLanguage":"fr-FR"},{"@type":"WebPage","@id":"https:\/\/www.altercampagne.net\/?p=27815","url":"https:\/\/www.altercampagne.net\/?p=27815","name":"Le champs de l'\u00eele - AlterTour","isPartOf":{"@id":"https:\/\/www.altercampagne.net\/#website"},"primaryImageOfPage":{"@id":"https:\/\/www.altercampagne.net\/?p=27815#primaryimage"},"image":{"@id":"https:\/\/www.altercampagne.net\/?p=27815#primaryimage"},"thumbnailUrl":"https:\/\/www.altercampagne.net\/wp-content\/uploads\/2023\/04\/Champ-de-lile1.jpg","datePublished":"2023-05-27T10:00:00+00:00","author":{"@id":"https:\/\/www.altercampagne.net\/#\/schema\/person\/b7970639b8bbc1bba5a12da9417ad512"},"breadcrumb":{"@id":"https:\/\/www.altercampagne.net\/?p=27815#breadcrumb"},"inLanguage":"fr-FR","potentialAction":[{"@type":"ReadAction","target":["https:\/\/www.altercampagne.net\/?p=27815"]}]},{"@type":"ImageObject","inLanguage":"fr-FR","@id":"https:\/\/www.altercampagne.net\/?p=27815#primaryimage","url":"https:\/\/www.altercampagne.net\/wp-content\/uploads\/2023\/04\/Champ-de-lile1.jpg","contentUrl":"https:\/\/www.altercampagne.net\/wp-content\/uploads\/2023\/04\/Champ-de-lile1.jpg","width":786,"height":500},{"@type":"BreadcrumbList","@id":"https:\/\/www.altercampagne.net\/?p=27815#breadcrumb","itemListElement":[{"@type":"ListItem","position":1,"name":"Accueil","item":"https:\/\/www.altercampagne.net\/"},{"@type":"ListItem","position":2,"name":"Le champs de l&rsquo;\u00eele"}]},{"@type":"WebSite","@id":"https:\/\/www.altercampagne.net\/#website","url":"https:\/\/www.altercampagne.net\/","name":"AlterTour","description":"Reliez les Alternatives \u00e0 v\u00e9lo","potentialAction":[{"@type":"SearchAction","target":{"@type":"EntryPoint","urlTemplate":"https:\/\/www.altercampagne.net\/?s={search_term_string}"},"query-input":{"@type":"PropertyValueSpecification","valueRequired":true,"valueName":"search_term_string"}}],"inLanguage":"fr-FR"},{"@type":"Person","@id":"https:\/\/www.altercampagne.net\/#\/schema\/person\/b7970639b8bbc1bba5a12da9417ad512","name":"Brunelle","image":{"@type":"ImageObject","inLanguage":"fr-FR","@id":"https:\/\/secure.gravatar.com\/avatar\/70edc45ba2cc6ad30cb81b453241ce7be3302cbdd5fab275bf4b9d2807d08de0?s=96&d=mm&r=g","url":"https:\/\/secure.gravatar.com\/avatar\/70edc45ba2cc6ad30cb81b453241ce7be3302cbdd5fab275bf4b9d2807d08de0?s=96&d=mm&r=g","contentUrl":"https:\/\/secure.gravatar.com\/avatar\/70edc45ba2cc6ad30cb81b453241ce7be3302cbdd5fab275bf4b9d2807d08de0?s=96&d=mm&r=g","caption":"Brunelle"},"url":"https:\/\/www.altercampagne.net\/?author=290"}]}},"_links":{"self":[{"href":"https:\/\/www.altercampagne.net\/index.php?rest_route=\/wp\/v2\/posts\/27815","targetHints":{"allow":["GET"]}}],"collection":[{"href":"https:\/\/www.altercampagne.net\/index.php?rest_route=\/wp\/v2\/posts"}],"about":[{"href":"https:\/\/www.altercampagne.net\/index.php?rest_route=\/wp\/v2\/types\/post"}],"author":[{"embeddable":true,"href":"https:\/\/www.altercampagne.net\/index.php?rest_route=\/wp\/v2\/users\/290"}],"replies":[{"embeddable":true,"href":"https:\/\/www.altercampagne.net\/index.php?rest_route=%2Fwp%2Fv2%2Fcomments&post=27815"}],"version-history":[{"count":1,"href":"https:\/\/www.altercampagne.net\/index.php?rest_route=\/wp\/v2\/posts\/27815\/revisions"}],"predecessor-version":[{"id":27816,"href":"https:\/\/www.altercampagne.net\/index.php?rest_route=\/wp\/v2\/posts\/27815\/revisions\/27816"}],"wp:featuredmedia":[{"embeddable":true,"href":"https:\/\/www.altercampagne.net\/index.php?rest_route=\/wp\/v2\/media\/27554"}],"wp:attachment":[{"href":"https:\/\/www.altercampagne.net\/index.php?rest_route=%2Fwp%2Fv2%2Fmedia&parent=27815"}],"wp:term":[{"taxonomy":"category","embeddable":true,"href":"https:\/\/www.altercampagne.net\/index.php?rest_route=%2Fwp%2Fv2%2Fcategories&post=27815"},{"taxonomy":"post_tag","embeddable":true,"href":"https:\/\/www.altercampagne.net\/index.php?rest_route=%2Fwp%2Fv2%2Ftags&post=27815"}],"curies":[{"name":"wp","href":"https:\/\/api.w.org\/{rel}","templated":true}]}}