{"id":2782,"date":"2014-08-17T13:17:24","date_gmt":"2014-08-17T11:17:24","guid":{"rendered":"http:\/\/www.altercampagne.net\/?p=2782"},"modified":"2019-09-16T10:58:25","modified_gmt":"2019-09-16T08:58:25","slug":"la-rochelle-les-altercyclistes-terminent-leur-periple","status":"publish","type":"post","link":"https:\/\/www.altercampagne.net\/?p=2782","title":{"rendered":"La Rochelle : les \u00ab\u00a0Altercyclistes\u00a0\u00bb terminent leur p\u00e9riple"},"content":{"rendered":"<p><span class=\"Style271 Style138\"><strong>L&rsquo;AlterTour, cette balade militante \u00e0 v\u00e9lo, qui met en avant un autre mod\u00e8le de soci\u00e9t\u00e9, est arriv\u00e9 ce dimanche \u00e0 La Rochelle<\/strong><\/span><\/p>\n<div style=\"width: 810px\" class=\"wp-caption aligncenter\"><img loading=\"lazy\" decoding=\"async\" class=\"\" src=\"http:\/\/altercampagne.free.fr\/pages\/2008\/AlterTour\/pic\/AT2014-la-rochelle.jpg\" alt=\"\" width=\"800\" height=\"400\"><p class=\"wp-caption-text\">Pique Nique et village associatif pour l&rsquo;arriv\u00e9e de l&rsquo;Alter Tour \u00e0 La Rochelle Parc d&rsquo;Orbigny. PHOTO AUG\u00c9 ROMUALD<\/p><\/div>\n<p class=\"Style271 Style138\" align=\"justify\"><strong>Le 7\u00e8me AlterTour de France, une balade militante \u00e0 v\u00e9lo organis\u00e9e par l&rsquo;association AlterCampagne<\/strong>, est parti de Saint-Etienne le 12 juillet dernier pour s&rsquo;achever ce dimanche en d\u00e9but d&rsquo;apr\u00e8s-midi \u00e0 La Rochelle. <strong>Les cyclistes militants, qui pr\u00f4nent \u00ab\u00a0un monde sans dopages, plus \u00e9quitable et plus juste\u00a0\u00bb<\/strong> ont travers\u00e9 la Haute-Loire, le Puy-de-D\u00f4me, le Cantal, la Corr\u00e8ze, la Haute-Vienne, la Creuse, la Dordogne, la Charente, la Vienne, les Deux-S\u00e8vres et enfin la Charente-Maritime.<\/p>\n<p class=\"Style271 Style138\" align=\"justify\">Chaque \u00e9t\u00e9 depuis 2008, ce p\u00e9riple organis\u00e9 en relais solidaire permet aux participants de d\u00e9couvrir, lors de chaque \u00e9tape, <strong>des initiatives alternatives dans le domaine agricole, social ou \u00e9nerg\u00e9tique<\/strong>. \u00ab\u00a0Nous pratiquons un militantisme joyeux, et nous allons \u00e0 la rencontre de choses qui fonctionnent. <strong>L&rsquo;AlterTour d\u00e9fend une soci\u00e9t\u00e9 sans comp\u00e9tition, contraire au mod\u00e8le actuel soumis \u00e0 la concurrence<\/strong>, qui influence l&rsquo;environnement et l&rsquo;\u00eatre humain\u00a0\u00bb, explique Mathieu Fromont, coordinateur de cette action.<\/p>\n<p class=\"Style271 Style138\" align=\"justify\">L&rsquo;association rochelaise Initiative Catering, sp\u00e9cialis\u00e9e dans l&rsquo;accompagnement social et culturel autour de l&rsquo;alimentation, a accueilli la trentaine de cyclistes dans le cadre d&rsquo;un village associatif install\u00e9 pour l&rsquo;occasion dans le parc d&rsquo;Orbigny.<\/p>\n<p class=\"Style271 Style138\" align=\"justify\">Source : <a href=\"http:\/\/www.sudouest.fr\/2014\/08\/17\/la-rochelle-les-altercyclistes-terminent-leur-periple-1644353-1391.php\" target=\"_blank\" rel=\"noopener noreferrer\">Sud Ouest<\/a><\/p>\n","protected":false},"excerpt":{"rendered":"<p>L&rsquo;AlterTour, cette balade militante \u00e0 v\u00e9lo, qui met en avant un autre mod\u00e8le de soci\u00e9t\u00e9, est arriv\u00e9 ce dimanche \u00e0 La Rochelle Le 7\u00e8me AlterTour de France, une balade militante \u00e0 v\u00e9lo organis\u00e9e par l&rsquo;association AlterCampagne, est parti de Saint-Etienne le 12 juillet dernier pour s&rsquo;achever ce dimanche en d\u00e9but &#8230; <\/p>\n<div><a href=\"https:\/\/www.altercampagne.net\/?p=2782\" class=\"more-link\">Read More<\/a><\/div>\n","protected":false},"author":214,"featured_media":15661,"comment_status":"closed","ping_status":"closed","sticky":false,"template":"","format":"standard","meta":{"footnotes":""},"categories":[239,3479,3461],"tags":[37,319,633,656,665,682,683,894,1640,1641],"class_list":["post-2782","post","type-post","status-publish","format-standard","has-post-thumbnail","hentry","category-revue-de-presse","category-nouvelle-aquitaine","category-edition-2014","tag-altercampagne","tag-altertour-2014","tag-initiative-catering","tag-la-rochelle","tag-alternative","tag-sud-ouest","tag-militantisme-joyeux","tag-pays-de-la-loire","tag-parc-dorbigny","tag-charente-maritime"],"yoast_head":"<!-- This site is optimized with the Yoast SEO plugin v27.3 - https:\/\/yoast.com\/product\/yoast-seo-wordpress\/ -->\n<title>La Rochelle : les &quot;Altercyclistes&quot; terminent leur p\u00e9riple - AlterTour<\/title>\n<meta name=\"robots\" content=\"index, follow, max-snippet:-1, max-image-preview:large, max-video-preview:-1\" \/>\n<link rel=\"canonical\" href=\"https:\/\/www.altercampagne.net\/?p=2782\" \/>\n<meta property=\"og:locale\" content=\"fr_FR\" \/>\n<meta property=\"og:type\" content=\"article\" \/>\n<meta property=\"og:title\" content=\"La Rochelle : les &quot;Altercyclistes&quot; terminent leur p\u00e9riple - AlterTour\" \/>\n<meta property=\"og:description\" content=\"L&rsquo;AlterTour, cette balade militante \u00e0 v\u00e9lo, qui met en avant un autre mod\u00e8le de soci\u00e9t\u00e9, est arriv\u00e9 ce dimanche \u00e0 La Rochelle Le 7\u00e8me AlterTour de France, une balade militante \u00e0 v\u00e9lo organis\u00e9e par l&rsquo;association AlterCampagne, est parti de Saint-Etienne le 12 juillet dernier pour s&rsquo;achever ce dimanche en d\u00e9but ... Read More\" \/>\n<meta property=\"og:url\" content=\"https:\/\/www.altercampagne.net\/?p=2782\" \/>\n<meta property=\"og:site_name\" content=\"AlterTour\" \/>\n<meta property=\"article:published_time\" content=\"2014-08-17T11:17:24+00:00\" \/>\n<meta property=\"article:modified_time\" content=\"2019-09-16T08:58:25+00:00\" \/>\n<meta property=\"og:image\" content=\"https:\/\/www.altercampagne.net\/wp-content\/uploads\/2014\/08\/AT2014-la-rochelle1.jpg\" \/>\n\t<meta property=\"og:image:width\" content=\"800\" \/>\n\t<meta property=\"og:image:height\" content=\"400\" \/>\n\t<meta property=\"og:image:type\" content=\"image\/jpeg\" \/>\n<meta name=\"author\" content=\"Mathieu\" \/>\n<meta name=\"twitter:card\" content=\"summary_large_image\" \/>\n<meta name=\"twitter:label1\" content=\"\u00c9crit par\" \/>\n\t<meta name=\"twitter:data1\" content=\"Mathieu\" \/>\n\t<meta name=\"twitter:label2\" content=\"Dur\u00e9e de lecture estim\u00e9e\" \/>\n\t<meta name=\"twitter:data2\" content=\"1 minute\" \/>\n<script type=\"application\/ld+json\" class=\"yoast-schema-graph\">{\"@context\":\"https:\\\/\\\/schema.org\",\"@graph\":[{\"@type\":\"Article\",\"@id\":\"https:\\\/\\\/www.altercampagne.net\\\/?p=2782#article\",\"isPartOf\":{\"@id\":\"https:\\\/\\\/www.altercampagne.net\\\/?p=2782\"},\"author\":{\"name\":\"Mathieu\",\"@id\":\"https:\\\/\\\/www.altercampagne.net\\\/#\\\/schema\\\/person\\\/0f261460c09e430caa0f9bcffa319109\"},\"headline\":\"La Rochelle : les \u00ab\u00a0Altercyclistes\u00a0\u00bb terminent leur p\u00e9riple\",\"datePublished\":\"2014-08-17T11:17:24+00:00\",\"dateModified\":\"2019-09-16T08:58:25+00:00\",\"mainEntityOfPage\":{\"@id\":\"https:\\\/\\\/www.altercampagne.net\\\/?p=2782\"},\"wordCount\":260,\"image\":{\"@id\":\"https:\\\/\\\/www.altercampagne.net\\\/?p=2782#primaryimage\"},\"thumbnailUrl\":\"https:\\\/\\\/www.altercampagne.net\\\/wp-content\\\/uploads\\\/2014\\\/08\\\/AT2014-la-rochelle1.jpg\",\"keywords\":[\"altercampagne\",\"altertour 2014\",\"Initiative catering\",\"La Rochelle\",\"alternative\",\"Sud Ouest\",\"militantisme joyeux\",\"Pays de la Loire\",\"Parc d'Orbigny\",\"Charente-Maritime\"],\"articleSection\":[\"Revue de presse\",\"Nouvelle-Aquitaine\",\"\u00c9dition 2014\"],\"inLanguage\":\"fr-FR\"},{\"@type\":\"WebPage\",\"@id\":\"https:\\\/\\\/www.altercampagne.net\\\/?p=2782\",\"url\":\"https:\\\/\\\/www.altercampagne.net\\\/?p=2782\",\"name\":\"La Rochelle : les \\\"Altercyclistes\\\" terminent leur p\u00e9riple - AlterTour\",\"isPartOf\":{\"@id\":\"https:\\\/\\\/www.altercampagne.net\\\/#website\"},\"primaryImageOfPage\":{\"@id\":\"https:\\\/\\\/www.altercampagne.net\\\/?p=2782#primaryimage\"},\"image\":{\"@id\":\"https:\\\/\\\/www.altercampagne.net\\\/?p=2782#primaryimage\"},\"thumbnailUrl\":\"https:\\\/\\\/www.altercampagne.net\\\/wp-content\\\/uploads\\\/2014\\\/08\\\/AT2014-la-rochelle1.jpg\",\"datePublished\":\"2014-08-17T11:17:24+00:00\",\"dateModified\":\"2019-09-16T08:58:25+00:00\",\"author\":{\"@id\":\"https:\\\/\\\/www.altercampagne.net\\\/#\\\/schema\\\/person\\\/0f261460c09e430caa0f9bcffa319109\"},\"breadcrumb\":{\"@id\":\"https:\\\/\\\/www.altercampagne.net\\\/?p=2782#breadcrumb\"},\"inLanguage\":\"fr-FR\",\"potentialAction\":[{\"@type\":\"ReadAction\",\"target\":[\"https:\\\/\\\/www.altercampagne.net\\\/?p=2782\"]}]},{\"@type\":\"ImageObject\",\"inLanguage\":\"fr-FR\",\"@id\":\"https:\\\/\\\/www.altercampagne.net\\\/?p=2782#primaryimage\",\"url\":\"https:\\\/\\\/www.altercampagne.net\\\/wp-content\\\/uploads\\\/2014\\\/08\\\/AT2014-la-rochelle1.jpg\",\"contentUrl\":\"https:\\\/\\\/www.altercampagne.net\\\/wp-content\\\/uploads\\\/2014\\\/08\\\/AT2014-la-rochelle1.jpg\",\"width\":800,\"height\":400},{\"@type\":\"BreadcrumbList\",\"@id\":\"https:\\\/\\\/www.altercampagne.net\\\/?p=2782#breadcrumb\",\"itemListElement\":[{\"@type\":\"ListItem\",\"position\":1,\"name\":\"Accueil\",\"item\":\"https:\\\/\\\/www.altercampagne.net\\\/\"},{\"@type\":\"ListItem\",\"position\":2,\"name\":\"La Rochelle : les \u00ab\u00a0Altercyclistes\u00a0\u00bb terminent leur p\u00e9riple\"}]},{\"@type\":\"WebSite\",\"@id\":\"https:\\\/\\\/www.altercampagne.net\\\/#website\",\"url\":\"https:\\\/\\\/www.altercampagne.net\\\/\",\"name\":\"AlterTour\",\"description\":\"Reliez les Alternatives \u00e0 v\u00e9lo\",\"potentialAction\":[{\"@type\":\"SearchAction\",\"target\":{\"@type\":\"EntryPoint\",\"urlTemplate\":\"https:\\\/\\\/www.altercampagne.net\\\/?s={search_term_string}\"},\"query-input\":{\"@type\":\"PropertyValueSpecification\",\"valueRequired\":true,\"valueName\":\"search_term_string\"}}],\"inLanguage\":\"fr-FR\"},{\"@type\":\"Person\",\"@id\":\"https:\\\/\\\/www.altercampagne.net\\\/#\\\/schema\\\/person\\\/0f261460c09e430caa0f9bcffa319109\",\"name\":\"Mathieu\",\"image\":{\"@type\":\"ImageObject\",\"inLanguage\":\"fr-FR\",\"@id\":\"https:\\\/\\\/secure.gravatar.com\\\/avatar\\\/aa9d3d24c83f2141e5e2709d0f63d09a99f6be6bb7a50abc4915838d9f54501a?s=96&d=mm&r=g\",\"url\":\"https:\\\/\\\/secure.gravatar.com\\\/avatar\\\/aa9d3d24c83f2141e5e2709d0f63d09a99f6be6bb7a50abc4915838d9f54501a?s=96&d=mm&r=g\",\"contentUrl\":\"https:\\\/\\\/secure.gravatar.com\\\/avatar\\\/aa9d3d24c83f2141e5e2709d0f63d09a99f6be6bb7a50abc4915838d9f54501a?s=96&d=mm&r=g\",\"caption\":\"Mathieu\"},\"url\":\"https:\\\/\\\/www.altercampagne.net\\\/?author=214\"}]}<\/script>\n<!-- \/ Yoast SEO plugin. -->","yoast_head_json":{"title":"La Rochelle : les \"Altercyclistes\" terminent leur p\u00e9riple - AlterTour","robots":{"index":"index","follow":"follow","max-snippet":"max-snippet:-1","max-image-preview":"max-image-preview:large","max-video-preview":"max-video-preview:-1"},"canonical":"https:\/\/www.altercampagne.net\/?p=2782","og_locale":"fr_FR","og_type":"article","og_title":"La Rochelle : les \"Altercyclistes\" terminent leur p\u00e9riple - AlterTour","og_description":"L&rsquo;AlterTour, cette balade militante \u00e0 v\u00e9lo, qui met en avant un autre mod\u00e8le de soci\u00e9t\u00e9, est arriv\u00e9 ce dimanche \u00e0 La Rochelle Le 7\u00e8me AlterTour de France, une balade militante \u00e0 v\u00e9lo organis\u00e9e par l&rsquo;association AlterCampagne, est parti de Saint-Etienne le 12 juillet dernier pour s&rsquo;achever ce dimanche en d\u00e9but ... Read More","og_url":"https:\/\/www.altercampagne.net\/?p=2782","og_site_name":"AlterTour","article_published_time":"2014-08-17T11:17:24+00:00","article_modified_time":"2019-09-16T08:58:25+00:00","og_image":[{"width":800,"height":400,"url":"https:\/\/www.altercampagne.net\/wp-content\/uploads\/2014\/08\/AT2014-la-rochelle1.jpg","type":"image\/jpeg"}],"author":"Mathieu","twitter_card":"summary_large_image","twitter_misc":{"\u00c9crit par":"Mathieu","Dur\u00e9e de lecture estim\u00e9e":"1 minute"},"schema":{"@context":"https:\/\/schema.org","@graph":[{"@type":"Article","@id":"https:\/\/www.altercampagne.net\/?p=2782#article","isPartOf":{"@id":"https:\/\/www.altercampagne.net\/?p=2782"},"author":{"name":"Mathieu","@id":"https:\/\/www.altercampagne.net\/#\/schema\/person\/0f261460c09e430caa0f9bcffa319109"},"headline":"La Rochelle : les \u00ab\u00a0Altercyclistes\u00a0\u00bb terminent leur p\u00e9riple","datePublished":"2014-08-17T11:17:24+00:00","dateModified":"2019-09-16T08:58:25+00:00","mainEntityOfPage":{"@id":"https:\/\/www.altercampagne.net\/?p=2782"},"wordCount":260,"image":{"@id":"https:\/\/www.altercampagne.net\/?p=2782#primaryimage"},"thumbnailUrl":"https:\/\/www.altercampagne.net\/wp-content\/uploads\/2014\/08\/AT2014-la-rochelle1.jpg","keywords":["altercampagne","altertour 2014","Initiative catering","La Rochelle","alternative","Sud Ouest","militantisme joyeux","Pays de la Loire","Parc d'Orbigny","Charente-Maritime"],"articleSection":["Revue de presse","Nouvelle-Aquitaine","\u00c9dition 2014"],"inLanguage":"fr-FR"},{"@type":"WebPage","@id":"https:\/\/www.altercampagne.net\/?p=2782","url":"https:\/\/www.altercampagne.net\/?p=2782","name":"La Rochelle : les \"Altercyclistes\" terminent leur p\u00e9riple - AlterTour","isPartOf":{"@id":"https:\/\/www.altercampagne.net\/#website"},"primaryImageOfPage":{"@id":"https:\/\/www.altercampagne.net\/?p=2782#primaryimage"},"image":{"@id":"https:\/\/www.altercampagne.net\/?p=2782#primaryimage"},"thumbnailUrl":"https:\/\/www.altercampagne.net\/wp-content\/uploads\/2014\/08\/AT2014-la-rochelle1.jpg","datePublished":"2014-08-17T11:17:24+00:00","dateModified":"2019-09-16T08:58:25+00:00","author":{"@id":"https:\/\/www.altercampagne.net\/#\/schema\/person\/0f261460c09e430caa0f9bcffa319109"},"breadcrumb":{"@id":"https:\/\/www.altercampagne.net\/?p=2782#breadcrumb"},"inLanguage":"fr-FR","potentialAction":[{"@type":"ReadAction","target":["https:\/\/www.altercampagne.net\/?p=2782"]}]},{"@type":"ImageObject","inLanguage":"fr-FR","@id":"https:\/\/www.altercampagne.net\/?p=2782#primaryimage","url":"https:\/\/www.altercampagne.net\/wp-content\/uploads\/2014\/08\/AT2014-la-rochelle1.jpg","contentUrl":"https:\/\/www.altercampagne.net\/wp-content\/uploads\/2014\/08\/AT2014-la-rochelle1.jpg","width":800,"height":400},{"@type":"BreadcrumbList","@id":"https:\/\/www.altercampagne.net\/?p=2782#breadcrumb","itemListElement":[{"@type":"ListItem","position":1,"name":"Accueil","item":"https:\/\/www.altercampagne.net\/"},{"@type":"ListItem","position":2,"name":"La Rochelle : les \u00ab\u00a0Altercyclistes\u00a0\u00bb terminent leur p\u00e9riple"}]},{"@type":"WebSite","@id":"https:\/\/www.altercampagne.net\/#website","url":"https:\/\/www.altercampagne.net\/","name":"AlterTour","description":"Reliez les Alternatives \u00e0 v\u00e9lo","potentialAction":[{"@type":"SearchAction","target":{"@type":"EntryPoint","urlTemplate":"https:\/\/www.altercampagne.net\/?s={search_term_string}"},"query-input":{"@type":"PropertyValueSpecification","valueRequired":true,"valueName":"search_term_string"}}],"inLanguage":"fr-FR"},{"@type":"Person","@id":"https:\/\/www.altercampagne.net\/#\/schema\/person\/0f261460c09e430caa0f9bcffa319109","name":"Mathieu","image":{"@type":"ImageObject","inLanguage":"fr-FR","@id":"https:\/\/secure.gravatar.com\/avatar\/aa9d3d24c83f2141e5e2709d0f63d09a99f6be6bb7a50abc4915838d9f54501a?s=96&d=mm&r=g","url":"https:\/\/secure.gravatar.com\/avatar\/aa9d3d24c83f2141e5e2709d0f63d09a99f6be6bb7a50abc4915838d9f54501a?s=96&d=mm&r=g","contentUrl":"https:\/\/secure.gravatar.com\/avatar\/aa9d3d24c83f2141e5e2709d0f63d09a99f6be6bb7a50abc4915838d9f54501a?s=96&d=mm&r=g","caption":"Mathieu"},"url":"https:\/\/www.altercampagne.net\/?author=214"}]}},"_links":{"self":[{"href":"https:\/\/www.altercampagne.net\/index.php?rest_route=\/wp\/v2\/posts\/2782","targetHints":{"allow":["GET"]}}],"collection":[{"href":"https:\/\/www.altercampagne.net\/index.php?rest_route=\/wp\/v2\/posts"}],"about":[{"href":"https:\/\/www.altercampagne.net\/index.php?rest_route=\/wp\/v2\/types\/post"}],"author":[{"embeddable":true,"href":"https:\/\/www.altercampagne.net\/index.php?rest_route=\/wp\/v2\/users\/214"}],"replies":[{"embeddable":true,"href":"https:\/\/www.altercampagne.net\/index.php?rest_route=%2Fwp%2Fv2%2Fcomments&post=2782"}],"version-history":[{"count":0,"href":"https:\/\/www.altercampagne.net\/index.php?rest_route=\/wp\/v2\/posts\/2782\/revisions"}],"wp:featuredmedia":[{"embeddable":true,"href":"https:\/\/www.altercampagne.net\/index.php?rest_route=\/wp\/v2\/media\/15661"}],"wp:attachment":[{"href":"https:\/\/www.altercampagne.net\/index.php?rest_route=%2Fwp%2Fv2%2Fmedia&parent=2782"}],"wp:term":[{"taxonomy":"category","embeddable":true,"href":"https:\/\/www.altercampagne.net\/index.php?rest_route=%2Fwp%2Fv2%2Fcategories&post=2782"},{"taxonomy":"post_tag","embeddable":true,"href":"https:\/\/www.altercampagne.net\/index.php?rest_route=%2Fwp%2Fv2%2Ftags&post=2782"}],"curies":[{"name":"wp","href":"https:\/\/api.w.org\/{rel}","templated":true}]}}