{"id":27840,"date":"2023-06-11T17:22:37","date_gmt":"2023-06-11T15:22:37","guid":{"rendered":"https:\/\/www.altercampagne.net\/?p=27840"},"modified":"2024-07-26T17:09:29","modified_gmt":"2024-07-26T15:09:29","slug":"a-laltertour-on-porte-ses-bagages-mais-on-met-quoi-dedans","status":"publish","type":"post","link":"https:\/\/www.altercampagne.net\/?p=27840","title":{"rendered":"A l&rsquo;AlterTour on porte ses bagages ! Mais on met quoi dedans ?"},"content":{"rendered":"\n<p>Avant toute chose, si tu n&rsquo;as pas de sacoches de v\u00e9lo et que tu ne sais pas o\u00f9 t&rsquo;en procurer :<br>Pour te <strong>guider dans ton achat<\/strong> =&gt;<strong><a href=\"https:\/\/un-monde-a-velo.com\/sacoches-velo-voyage\/\" target=\"_blank\" rel=\"noreferrer noopener\"> rdv ici<\/a><\/strong> &lt;=<br>Pour <strong>en louer fais une petite recherche internet<\/strong>, il y a plein d&rsquo;entreprises qui proposent des locations.<br>Pour en fabriquer toi-m\u00eame =&gt; <strong><a href=\"https:\/\/www.altercampagne.net\/?p=18955\" target=\"_blank\" rel=\"noreferrer noopener\">rdv ici<\/a><\/strong> &lt;=<\/p>\n\n\n\n<h4 class=\"wp-block-heading\">Par o\u00f9 commencer ?<\/h4>\n\n\n\n<p>Altercyclistes, oyez la bonne nouvelle : contrairement \u00e0 la randonn\u00e9e, ce ne sont pas tes pauvres \u00e9paules qui portent tes bagages, c\u2019est ton fid\u00e8le destrier ! Et ce, sans ration d\u2019avoine ! Cela dit, il faut quand m\u00eame <strong>r\u00e9fl\u00e9chir un peu \u00e0 ce qu\u2019on embarque, la place \u00e9tant limit\u00e9e<\/strong>. Et \u00eatre trop charg\u00e9.e, cela veut dire gal\u00e9rer en mont\u00e9e, mais aussi passer plus de temps \u00e0 ranger et chercher ses affaires\u2026 Bof !<\/p>\n\n\n\n<p>Fabien a d\u00e9j\u00e0 \u00e9crit un article formidable sur le sujet et se propose m\u00eame de vous aider, <a href=\"https:\/\/www.altercampagne.net\/?p=18845\" target=\"_blank\" rel=\"noreferrer noopener\"><strong>allez le lire<\/strong><\/a> ! J\u2019en ai d\u2019ailleurs repris des passages.<\/p>\n\n\n\n<p>Au-del\u00e0 des indispensables (un slip de rechange, quand m\u00eame\u2026), <strong>le contenu de tes bagages doit r\u00e9pondre \u00e0 TES besoins<\/strong>, c\u2019est pourquoi la liste est personnalisable \u00e0 l\u2019infini et au-del\u00e0.<\/p>\n\n\n\n<p>Pose-toi d\u2019abord quelques questions :<\/p>\n\n\n\n<p><strong>Quel poids et volume de bagages puis-je porter ?<\/strong> Cela d\u00e9pend de tes sacoches, de ta forme physique, du d\u00e9nivel\u00e9 qui t\u2019attends.<br><strong>De combien de tenues ai-je besoin ?<\/strong> Suis-je pr\u00eat.e \u00e0 faire une petite lessive tous les deux jours ? Ai-je besoin de changer souvent de v\u00eatements pour me sentir bien ?<br><strong>De quoi ai-je besoin pour passer un bon moment et me sentir bien<\/strong> ? Y compris en cas de m\u00e9t\u00e9o catastrophique ou de petit coup de mou&#8230;<\/p>\n\n\n\n<h4 class=\"wp-block-heading\">Tu pars en voyage v\u00e9lo pour la premi\u00e8re fois ? <\/h4>\n\n\n\n<p>Je te conseille le processus suivant :<br><strong>Faire une liste<\/strong>, avec l\u2019aide des articles de l\u2019AlterTour !<br>Si tu as pr\u00e9vu un petit tour \u00e0 v\u00e9lo d\u2019ici le Tour, m\u00eame pour deux jours, c\u2019est l\u2019occasion de tester tes talents de Mary Poppins et de voir ce qui te manque ou ce qui est superflu.<br>Et sinon, un <strong>test \u201cremplissage de sacoches\u201d avant le jour J<\/strong>, pour \u00e9viter le stress.<br>Le jour J, pr\u00e9voir suffisamment de temps (malgr\u00e9 de nombreux voyages, je n\u2019ai toujours pas appris \u00e0 faire mes bagages rapidement, par contre j\u2019ai appris \u00e0 pr\u00e9voir le temps n\u00e9cessaire pour \ud83d\ude42 ). Et v\u00e9rifier la liste !<\/p>\n\n\n\n<p>Pour un voyage en autonomie, les sacoches avant sont bien pratiques, mais pour l\u2019AlterTour je les laisse \u00e0 la maison ! <\/p>\n\n\n\n<p><em>J\u2019ai dans un carnet deux listes pour faire mes bagages : une pour un voyage classique, et une autre pour le camping. Ensuite, j\u2019adapte les quantit\u00e9s et le style des v\u00eatements au voyage qui m\u2019attends (soir\u00e9es de gala sous les tropiques ou rando en Antarctique ?).<\/em><\/p>\n\n\n\n<p>Qui a dit qu\u2019une liste devait \u00eatre verticale ?!<\/p>\n\n\n\n<p>Je te partage ce que je mets dans mes bagages, et tu y trouveras les <strong>\u201cessentiels\u201d ainsi que d\u2019autres petites id\u00e9es, mais, tu as compris\u2026 C\u2019est \u00e0 personnaliser<\/strong> \ud83d\ude09<\/p>\n\n\n\n<h4 class=\"wp-block-heading\">Le dodo<\/h4>\n\n\n\n<p>Une <strong>tente l\u00e9g\u00e8re et compacte qui se monte facilement<\/strong>. \u00c9viter les tentes 2 secondes qu\u2019on ne peut pas vraiment porter \u00e0 v\u00e9lo !<br>Un <strong>tapis de sol<\/strong>, matelas autogonflant ou gonflable.<br>Un <strong>duvet<\/strong> (je te d\u00e9conseille le duvet \u00e9t\u00e9 +15\u00b0C qui n&rsquo;est presque jamais assez chaud m\u00eame en plein \u00e9t\u00e9).<br>Des <strong>boules Quies<\/strong> (spoiler alert : F\u00eatardes et ronfleurs sont pr\u00e9sents \u00e0 l\u2019AlterTour !).<br>En option : un sac \u00e0 viande, un oreiller gonflable.<\/p>\n\n\n\n<h4 class=\"wp-block-heading\">L&rsquo;hygi\u00e8ne<\/h4>\n\n\n\n<p>Brosse \u00e0 dents, dentifrice.<br>Savon (un savon solide qui peut servir pour les cheveux et la lessive est un sacr\u00e9 gain de place).<br>Serviette (id\u00e9alement, une serviette de voyage qui s\u00e8che vite =&gt; les foutas sont l\u00e9g\u00e8res et \u00e9vitent l&rsquo;odeur de vieille chaussette des microfibres).<br>Un mouchoir en tissu.<br>Un paquet de mouchoirs en papier (qui peut servir de papier toilette en urgence\u2026)<br>Cr\u00e8me solaire et apr\u00e8s solaire au cas o\u00f9 !<br>Oriculi ou cotons tiges<br>Brosse \u00e0 cheveux, si contrairement \u00e0 moi tu n\u2019es pas adepte du style capillaire \u201cle Roi Lion\u201d.<br>Deux ou trois huiles essentielles (si on a l\u2019habitude de s\u2019en servir ! J\u2019utilise la palmarosa comme d\u00e9o, par exemple ou l&rsquo;eucalyptus citriodora antimoustique et la gaulth\u00e9rie anti-contractures musculaires)<br>Les <strong>protections menstruelles de ton choix<\/strong>. Dans tous les cas, l\u2019AlterTour a pens\u00e9 \u00e0 tout : poubelles pour les protections jetables, points d\u2019eau avec savon, casseroles et bassines pour les protections r\u00e9utilisables\u2026 Et d\u2019autres Altercyclistes seront ravies de te prodiguer des conseils et de t\u2019aider si besoin !<br>Si tu le souhaites et que tu ne veux pas alourdir tes sacoches, pas besoin d\u2019emmener ton soutien \u00e0 gorge, ton maquillage ou ton rasoir. L\u2019AlterTour est un espace bienveillant o\u00f9 tu peux \u00eatre toi m\u00eame comme tu en as envie. L\u00e0 encore, c\u2019est toi qui vois !<\/p>\n\n\n\n<h4 class=\"wp-block-heading\">Les v\u00eatements <\/h4>\n\n\n\n<p>De pr\u00e9f\u00e9rence qui <strong>s\u00e8chent vite<\/strong> et si tu es un.e fashionista qui <strong>ne se froissent pas trop<\/strong> !<br>Et on adopte la <strong>technique de l\u2019oignon : avoir plusieurs couches qu\u2019on peut enlever ou remettre en fonction des conditions.<\/strong><br>Par exemple, en premier, un t-shirt de sport, \u00e9ventuellement un sous-pull (qu\u2019on pourra porter le soir), une polaire (si possible \u00e0 zip qu\u2019on peut ouvrir d\u2019une seule main dans les c\u00f4tes), et un v\u00eatement chaud pour les soir\u00e9es plus fra\u00eeches.<\/p>\n\n\n\n<p><em><strong>Ma propre liste :<\/strong><br>Sous-v\u00eatements<br>Chaussettes<br>Brassi\u00e8re<br>short de v\u00e9lo<br>Veste (coupe vent, c\u2019est top !)<br>Pull<br>T-shirt \u00e0 manches longues<br>T-shirts \u00e0 manches courtes<br>Une chemise ample de couleur claire pour me prot\u00e9ger du soleil sans suffoquer<br>Short ou jupe<br>Legging (ou pantalon souple) &#8211; j\u2019ai abandonn\u00e9 les pantalons en voyage. Les leggings prennent peu de place, permettent de bouger, de dormir, et de transformer un short ou une jupe en tenue \u201ctemps frais\u201d !<br>Un foulard.<br>Un couvre-chef (casquette, foulard, haut de forme\u2026) pour les activit\u00e9s sous le cagnard hors-p\u00e9dalage<br>Maillot de bain<br>V\u00eatements de pluie : une veste et un pantalon, ou une cape de pluie.<\/em><\/p>\n\n\n\n<p>C\u00f4t\u00e9 look : A l\u2019AlterTour, certain.es, dont je fais partie, mettent un peu de c\u00f4t\u00e9 le souci de l\u2019apparence physique. Cela se fait naturellement, car on favorise le c\u00f4t\u00e9 technique des v\u00eatements, qu\u2019on est tr\u00e8s occup\u00e9 \u00e0 rencontrer des tas de gens incroyables, et qu\u2019on a peu acc\u00e8s \u00e0 des miroirs ou salles de bain. Cel\u00e0 dit, <strong>rien ne t\u2019oblige \u00e0 passer 5 jours en T-shirt Quechua <\/strong>! \u00c7a peut faire le plus grand bien de danser en chemise \u00e0 paillettes\u2026 Attention ! Porter le m\u00eame short pendant une semaine n\u2019est pas sans cons\u00e9quences\u2026<\/p>\n\n\n\n<h4 class=\"wp-block-heading\">Le v\u00e9lo<\/h4>\n\n\n\n<p>Casque<br>Tendeurs, pour accrocher la tente sur le porte-bagages, y accrocher le maillot qui s\u00e8chera en route\u2026<br>Lumi\u00e8res<br>Antivol<\/p>\n\n\n\n<h4 class=\"wp-block-heading\">Les trucs importants \/ pratiques<\/h4>\n\n\n\n<p>Portefeuille, <strong>un peu d&rsquo;esp\u00e8ces<\/strong> (nos accueillant.e.s et l&rsquo;AlterTour sont rarement \u00e9quip\u00e9s CB, et on croise peu de distributeurs), et \u00e9ventuels documents de voyage<br>Chargeur de t\u00e9l\u00e9phone et batterie portable<br>M\u00e9dicaments : son traitement habituel si on en a un et quelques m\u00e9dicaments classiques pour les petits maux. L&rsquo;AlterTour a aussi une trousse de secours pour les bobos.<br>Un on deux \u00e9lastiques<br>Un peu de ficelle<br>Lampe frontale<br><strong>Gourde<\/strong><br>Lunettes de soleil<br>Tote Bag<\/p>\n\n\n\n<h4 class=\"wp-block-heading\">Le miam<\/h4>\n\n\n\n<p>A l\u2019AlterTour, <strong>les besoins sont limit\u00e9s, puisque tout est pr\u00e9vu !<\/strong><br>J\u2019ai tout de m\u00eame avec moi :<br><strong>Une tasse ou \u00e9cocup<\/strong> (indispensable, toute la vaisselle est fournie mais pas les verres)<br>Un petit contenant alimentaire<br>Un couteau<br>Des couverts pour b\u00e9b\u00e9 &#8211; l\u00e9gers, solides, color\u00e9s, disponibles en grande quantit\u00e9 dans tous les tiroirs de jeunes parents. J\u2019en ai toujours sur moi !<br><\/p>\n\n\n\n<h4 class=\"wp-block-heading\">Les loisirs<\/h4>\n\n\n\n<p>Ne pr\u00e9vois pas trop ! A l\u2019AlterTour, <strong>on est souvent accapar\u00e9.es par les merveilles &#8211; humaines, paysag\u00e8res, militantes, gastronomiques &#8211; \u00e0 d\u00e9couvrir<\/strong>.<br>Si tu te dis \u201c Tiens, ce sera l\u2019occasion de me mettre \u00e0 la broderie\u201d, oublie. Si c\u2019est plut\u00f4t \u201cbah moi j\u2019ai toujours un crayon dans les mains\u201d, alors embarque un petit carnet et quelques couleurs !<br>Avec mod\u00e9ration ! C\u2019est une grande lectrice qui te parle : un livre suffit.<\/p>\n\n\n\n<h4 class=\"wp-block-heading\">Les astuces de Tata Carlotta <\/h4>\n\n\n\n<p>Ne <strong>pr\u00e9voit pas de porter un sac \u00e0 dos<\/strong> ! C\u2019est fort inconfortable \u00e0 v\u00e9lo =&gt; privil\u00e9gie une sacoche de guidon.<\/p>\n\n\n\n<p>Si tes sacoches sont un peu trop pleines pour les fermer herm\u00e9tiquement, glisse dans tes bagages des sacs poubelles (ou plastique) qui pourront servir \u00e0 prot\u00e9ger tes affaires en cas de pluie.<\/p>\n\n\n\n<p>Tu voyages avec une amoureuse ou un fr\u00e9rot ? Il y a peut-\u00eatre moyen de <strong>mutualiser certains objets <\/strong>! La brosse \u00e0 dents, non, le dentifrice, oui. Une concertation s\u2019impose !<\/p>\n\n\n\n<p>Il te manque du mat\u00e9riel ? Tu peux peut-\u00eatre l\u2019<strong>emprunter ou le louer<\/strong> ! Le cyclo-tourisme \u00e9tant \u00e0 la mode, cela se trouve assez facilement.<\/p>\n\n\n\n<p>La merveilleuse organisation de l\u2019Alter-Tour te permet de supprimer de tes bagages les objets \u201cEt si\u2026\u201d. Si quelque chose te manque, il est probable que tu puisses l\u2019emprunter \u00e0 quelqu\u2019un.e ou que cette chose se trouve dans le v\u00e9hicule de l\u2019AlterTour.<\/p>\n\n\n\n<p>Je fais mon oreiller en <strong>fourrant mes v\u00eatements dans la pochette de mon sac de couchage. Je recouvre le tout de ma polaire<\/strong> pour un c\u00f4t\u00e9 tout doux, confort garanti !<\/p>\n\n\n\n<p>Les <strong>objets multi-fonctions<\/strong> permettent de gagner de la place ! Par exemple, je choisis un foulard qui peut me servir d\u2019\u00e9charpe, de couvre-chef et de nappe de pique-nique !<\/p>\n\n\n\n<p>Ca peut vite \u00eatre le bor\u2026 Bazar dans des sacoches de v\u00e9lo. Je trie mes affaires par cat\u00e9gories dans des pochettes ou tote bags (aussi pour s\u00e9parer linge propre et sale) et j\u2019essaye de remettre les choses au m\u00eame endroit pour les retrouver facilement. Avec l\u2019exp\u00e9rience, on se cr\u00e9e un petit syst\u00e8me personnel \ud83d\ude42<\/p>\n","protected":false},"excerpt":{"rendered":"<p>Altercyclistes, oyez la bonne nouvelle : contrairement \u00e0 la randonn\u00e9e, ce ne sont pas tes pauvres \u00e9paules qui portent tes bagages, c\u2019est ton fid\u00e8le destrier ! Et ce, sans ration d\u2019avoine ! Cela dit, il faut quand m\u00eame r\u00e9fl\u00e9chir un peu \u00e0 ce qu\u2019on embarque, la place \u00e9tant limit\u00e9e. Et \u00eatre trop charg\u00e9.e, cela veut dire gal\u00e9rer en mont\u00e9e, mais aussi passer plus de temps \u00e0 ranger et chercher ses affaires\u2026 Bof !<\/p>\n","protected":false},"author":353,"featured_media":27845,"comment_status":"closed","ping_status":"closed","sticky":false,"template":"","format":"standard","meta":{"footnotes":""},"categories":[4313,4447,1,3932],"tags":[],"class_list":["post-27840","post","type-post","status-publish","format-standard","has-post-thumbnail","hentry","category-altertour","category-edition-2023","category-non-classe","category-velo"],"yoast_head":"<!-- This site is optimized with the Yoast SEO plugin v27.3 - https:\/\/yoast.com\/product\/yoast-seo-wordpress\/ -->\n<title>A l&#039;AlterTour on porte ses bagages ! Mais on met quoi dedans ? - AlterTour<\/title>\n<meta name=\"robots\" content=\"index, follow, max-snippet:-1, max-image-preview:large, max-video-preview:-1\" \/>\n<link rel=\"canonical\" href=\"https:\/\/www.altercampagne.net\/?p=27840\" \/>\n<meta property=\"og:locale\" content=\"fr_FR\" \/>\n<meta property=\"og:type\" content=\"article\" \/>\n<meta property=\"og:title\" content=\"A l&#039;AlterTour on porte ses bagages ! Mais on met quoi dedans ? - AlterTour\" \/>\n<meta property=\"og:description\" content=\"Altercyclistes, oyez la bonne nouvelle : contrairement \u00e0 la randonn\u00e9e, ce ne sont pas tes pauvres \u00e9paules qui portent tes bagages, c\u2019est ton fid\u00e8le destrier ! Et ce, sans ration d\u2019avoine ! Cela dit, il faut quand m\u00eame r\u00e9fl\u00e9chir un peu \u00e0 ce qu\u2019on embarque, la place \u00e9tant limit\u00e9e. Et \u00eatre trop charg\u00e9.e, cela veut dire gal\u00e9rer en mont\u00e9e, mais aussi passer plus de temps \u00e0 ranger et chercher ses affaires\u2026 Bof !\" \/>\n<meta property=\"og:url\" content=\"https:\/\/www.altercampagne.net\/?p=27840\" \/>\n<meta property=\"og:site_name\" content=\"AlterTour\" \/>\n<meta property=\"article:published_time\" content=\"2023-06-11T15:22:37+00:00\" \/>\n<meta property=\"article:modified_time\" content=\"2024-07-26T15:09:29+00:00\" \/>\n<meta property=\"og:image\" content=\"https:\/\/www.altercampagne.net\/wp-content\/uploads\/2023\/06\/Sacoches.jpg\" \/>\n\t<meta property=\"og:image:width\" content=\"2362\" \/>\n\t<meta property=\"og:image:height\" content=\"1575\" \/>\n\t<meta property=\"og:image:type\" content=\"image\/jpeg\" \/>\n<meta name=\"author\" content=\"Carlotta\" \/>\n<meta name=\"twitter:card\" content=\"summary_large_image\" \/>\n<meta name=\"twitter:label1\" content=\"\u00c9crit par\" \/>\n\t<meta name=\"twitter:data1\" content=\"Carlotta\" \/>\n\t<meta name=\"twitter:label2\" content=\"Dur\u00e9e de lecture estim\u00e9e\" \/>\n\t<meta name=\"twitter:data2\" content=\"8 minutes\" \/>\n<script type=\"application\/ld+json\" class=\"yoast-schema-graph\">{\"@context\":\"https:\\\/\\\/schema.org\",\"@graph\":[{\"@type\":\"Article\",\"@id\":\"https:\\\/\\\/www.altercampagne.net\\\/?p=27840#article\",\"isPartOf\":{\"@id\":\"https:\\\/\\\/www.altercampagne.net\\\/?p=27840\"},\"author\":{\"name\":\"Carlotta\",\"@id\":\"https:\\\/\\\/www.altercampagne.net\\\/#\\\/schema\\\/person\\\/0310e7930636785dabf8b7cab925c7eb\"},\"headline\":\"A l&rsquo;AlterTour on porte ses bagages ! Mais on met quoi dedans ?\",\"datePublished\":\"2023-06-11T15:22:37+00:00\",\"dateModified\":\"2024-07-26T15:09:29+00:00\",\"mainEntityOfPage\":{\"@id\":\"https:\\\/\\\/www.altercampagne.net\\\/?p=27840\"},\"wordCount\":1673,\"image\":{\"@id\":\"https:\\\/\\\/www.altercampagne.net\\\/?p=27840#primaryimage\"},\"thumbnailUrl\":\"https:\\\/\\\/www.altercampagne.net\\\/wp-content\\\/uploads\\\/2023\\\/06\\\/Sacoches.jpg\",\"articleSection\":{\"0\":\"AlterTour\",\"1\":\"Edition 2023\",\"3\":\"V\u00e9lo\"},\"inLanguage\":\"fr-FR\"},{\"@type\":\"WebPage\",\"@id\":\"https:\\\/\\\/www.altercampagne.net\\\/?p=27840\",\"url\":\"https:\\\/\\\/www.altercampagne.net\\\/?p=27840\",\"name\":\"A l'AlterTour on porte ses bagages ! Mais on met quoi dedans ? - AlterTour\",\"isPartOf\":{\"@id\":\"https:\\\/\\\/www.altercampagne.net\\\/#website\"},\"primaryImageOfPage\":{\"@id\":\"https:\\\/\\\/www.altercampagne.net\\\/?p=27840#primaryimage\"},\"image\":{\"@id\":\"https:\\\/\\\/www.altercampagne.net\\\/?p=27840#primaryimage\"},\"thumbnailUrl\":\"https:\\\/\\\/www.altercampagne.net\\\/wp-content\\\/uploads\\\/2023\\\/06\\\/Sacoches.jpg\",\"datePublished\":\"2023-06-11T15:22:37+00:00\",\"dateModified\":\"2024-07-26T15:09:29+00:00\",\"author\":{\"@id\":\"https:\\\/\\\/www.altercampagne.net\\\/#\\\/schema\\\/person\\\/0310e7930636785dabf8b7cab925c7eb\"},\"breadcrumb\":{\"@id\":\"https:\\\/\\\/www.altercampagne.net\\\/?p=27840#breadcrumb\"},\"inLanguage\":\"fr-FR\",\"potentialAction\":[{\"@type\":\"ReadAction\",\"target\":[\"https:\\\/\\\/www.altercampagne.net\\\/?p=27840\"]}]},{\"@type\":\"ImageObject\",\"inLanguage\":\"fr-FR\",\"@id\":\"https:\\\/\\\/www.altercampagne.net\\\/?p=27840#primaryimage\",\"url\":\"https:\\\/\\\/www.altercampagne.net\\\/wp-content\\\/uploads\\\/2023\\\/06\\\/Sacoches.jpg\",\"contentUrl\":\"https:\\\/\\\/www.altercampagne.net\\\/wp-content\\\/uploads\\\/2023\\\/06\\\/Sacoches.jpg\",\"width\":2362,\"height\":1575},{\"@type\":\"BreadcrumbList\",\"@id\":\"https:\\\/\\\/www.altercampagne.net\\\/?p=27840#breadcrumb\",\"itemListElement\":[{\"@type\":\"ListItem\",\"position\":1,\"name\":\"Accueil\",\"item\":\"https:\\\/\\\/www.altercampagne.net\\\/\"},{\"@type\":\"ListItem\",\"position\":2,\"name\":\"A l&rsquo;AlterTour on porte ses bagages ! Mais on met quoi dedans ?\"}]},{\"@type\":\"WebSite\",\"@id\":\"https:\\\/\\\/www.altercampagne.net\\\/#website\",\"url\":\"https:\\\/\\\/www.altercampagne.net\\\/\",\"name\":\"AlterTour\",\"description\":\"Reliez les Alternatives \u00e0 v\u00e9lo\",\"potentialAction\":[{\"@type\":\"SearchAction\",\"target\":{\"@type\":\"EntryPoint\",\"urlTemplate\":\"https:\\\/\\\/www.altercampagne.net\\\/?s={search_term_string}\"},\"query-input\":{\"@type\":\"PropertyValueSpecification\",\"valueRequired\":true,\"valueName\":\"search_term_string\"}}],\"inLanguage\":\"fr-FR\"},{\"@type\":\"Person\",\"@id\":\"https:\\\/\\\/www.altercampagne.net\\\/#\\\/schema\\\/person\\\/0310e7930636785dabf8b7cab925c7eb\",\"name\":\"Carlotta\",\"image\":{\"@type\":\"ImageObject\",\"inLanguage\":\"fr-FR\",\"@id\":\"https:\\\/\\\/secure.gravatar.com\\\/avatar\\\/cc861900b0b9ebc1644628dd5f6a1e2c62c8981e43f2d98c9e810ead5846c34c?s=96&d=mm&r=g\",\"url\":\"https:\\\/\\\/secure.gravatar.com\\\/avatar\\\/cc861900b0b9ebc1644628dd5f6a1e2c62c8981e43f2d98c9e810ead5846c34c?s=96&d=mm&r=g\",\"contentUrl\":\"https:\\\/\\\/secure.gravatar.com\\\/avatar\\\/cc861900b0b9ebc1644628dd5f6a1e2c62c8981e43f2d98c9e810ead5846c34c?s=96&d=mm&r=g\",\"caption\":\"Carlotta\"},\"url\":\"https:\\\/\\\/www.altercampagne.net\\\/?author=353\"}]}<\/script>\n<!-- \/ Yoast SEO plugin. -->","yoast_head_json":{"title":"A l'AlterTour on porte ses bagages ! Mais on met quoi dedans ? - AlterTour","robots":{"index":"index","follow":"follow","max-snippet":"max-snippet:-1","max-image-preview":"max-image-preview:large","max-video-preview":"max-video-preview:-1"},"canonical":"https:\/\/www.altercampagne.net\/?p=27840","og_locale":"fr_FR","og_type":"article","og_title":"A l'AlterTour on porte ses bagages ! Mais on met quoi dedans ? - AlterTour","og_description":"Altercyclistes, oyez la bonne nouvelle : contrairement \u00e0 la randonn\u00e9e, ce ne sont pas tes pauvres \u00e9paules qui portent tes bagages, c\u2019est ton fid\u00e8le destrier ! Et ce, sans ration d\u2019avoine ! Cela dit, il faut quand m\u00eame r\u00e9fl\u00e9chir un peu \u00e0 ce qu\u2019on embarque, la place \u00e9tant limit\u00e9e. Et \u00eatre trop charg\u00e9.e, cela veut dire gal\u00e9rer en mont\u00e9e, mais aussi passer plus de temps \u00e0 ranger et chercher ses affaires\u2026 Bof !","og_url":"https:\/\/www.altercampagne.net\/?p=27840","og_site_name":"AlterTour","article_published_time":"2023-06-11T15:22:37+00:00","article_modified_time":"2024-07-26T15:09:29+00:00","og_image":[{"width":2362,"height":1575,"url":"https:\/\/www.altercampagne.net\/wp-content\/uploads\/2023\/06\/Sacoches.jpg","type":"image\/jpeg"}],"author":"Carlotta","twitter_card":"summary_large_image","twitter_misc":{"\u00c9crit par":"Carlotta","Dur\u00e9e de lecture estim\u00e9e":"8 minutes"},"schema":{"@context":"https:\/\/schema.org","@graph":[{"@type":"Article","@id":"https:\/\/www.altercampagne.net\/?p=27840#article","isPartOf":{"@id":"https:\/\/www.altercampagne.net\/?p=27840"},"author":{"name":"Carlotta","@id":"https:\/\/www.altercampagne.net\/#\/schema\/person\/0310e7930636785dabf8b7cab925c7eb"},"headline":"A l&rsquo;AlterTour on porte ses bagages ! Mais on met quoi dedans ?","datePublished":"2023-06-11T15:22:37+00:00","dateModified":"2024-07-26T15:09:29+00:00","mainEntityOfPage":{"@id":"https:\/\/www.altercampagne.net\/?p=27840"},"wordCount":1673,"image":{"@id":"https:\/\/www.altercampagne.net\/?p=27840#primaryimage"},"thumbnailUrl":"https:\/\/www.altercampagne.net\/wp-content\/uploads\/2023\/06\/Sacoches.jpg","articleSection":{"0":"AlterTour","1":"Edition 2023","3":"V\u00e9lo"},"inLanguage":"fr-FR"},{"@type":"WebPage","@id":"https:\/\/www.altercampagne.net\/?p=27840","url":"https:\/\/www.altercampagne.net\/?p=27840","name":"A l'AlterTour on porte ses bagages ! Mais on met quoi dedans ? - AlterTour","isPartOf":{"@id":"https:\/\/www.altercampagne.net\/#website"},"primaryImageOfPage":{"@id":"https:\/\/www.altercampagne.net\/?p=27840#primaryimage"},"image":{"@id":"https:\/\/www.altercampagne.net\/?p=27840#primaryimage"},"thumbnailUrl":"https:\/\/www.altercampagne.net\/wp-content\/uploads\/2023\/06\/Sacoches.jpg","datePublished":"2023-06-11T15:22:37+00:00","dateModified":"2024-07-26T15:09:29+00:00","author":{"@id":"https:\/\/www.altercampagne.net\/#\/schema\/person\/0310e7930636785dabf8b7cab925c7eb"},"breadcrumb":{"@id":"https:\/\/www.altercampagne.net\/?p=27840#breadcrumb"},"inLanguage":"fr-FR","potentialAction":[{"@type":"ReadAction","target":["https:\/\/www.altercampagne.net\/?p=27840"]}]},{"@type":"ImageObject","inLanguage":"fr-FR","@id":"https:\/\/www.altercampagne.net\/?p=27840#primaryimage","url":"https:\/\/www.altercampagne.net\/wp-content\/uploads\/2023\/06\/Sacoches.jpg","contentUrl":"https:\/\/www.altercampagne.net\/wp-content\/uploads\/2023\/06\/Sacoches.jpg","width":2362,"height":1575},{"@type":"BreadcrumbList","@id":"https:\/\/www.altercampagne.net\/?p=27840#breadcrumb","itemListElement":[{"@type":"ListItem","position":1,"name":"Accueil","item":"https:\/\/www.altercampagne.net\/"},{"@type":"ListItem","position":2,"name":"A l&rsquo;AlterTour on porte ses bagages ! Mais on met quoi dedans ?"}]},{"@type":"WebSite","@id":"https:\/\/www.altercampagne.net\/#website","url":"https:\/\/www.altercampagne.net\/","name":"AlterTour","description":"Reliez les Alternatives \u00e0 v\u00e9lo","potentialAction":[{"@type":"SearchAction","target":{"@type":"EntryPoint","urlTemplate":"https:\/\/www.altercampagne.net\/?s={search_term_string}"},"query-input":{"@type":"PropertyValueSpecification","valueRequired":true,"valueName":"search_term_string"}}],"inLanguage":"fr-FR"},{"@type":"Person","@id":"https:\/\/www.altercampagne.net\/#\/schema\/person\/0310e7930636785dabf8b7cab925c7eb","name":"Carlotta","image":{"@type":"ImageObject","inLanguage":"fr-FR","@id":"https:\/\/secure.gravatar.com\/avatar\/cc861900b0b9ebc1644628dd5f6a1e2c62c8981e43f2d98c9e810ead5846c34c?s=96&d=mm&r=g","url":"https:\/\/secure.gravatar.com\/avatar\/cc861900b0b9ebc1644628dd5f6a1e2c62c8981e43f2d98c9e810ead5846c34c?s=96&d=mm&r=g","contentUrl":"https:\/\/secure.gravatar.com\/avatar\/cc861900b0b9ebc1644628dd5f6a1e2c62c8981e43f2d98c9e810ead5846c34c?s=96&d=mm&r=g","caption":"Carlotta"},"url":"https:\/\/www.altercampagne.net\/?author=353"}]}},"_links":{"self":[{"href":"https:\/\/www.altercampagne.net\/index.php?rest_route=\/wp\/v2\/posts\/27840","targetHints":{"allow":["GET"]}}],"collection":[{"href":"https:\/\/www.altercampagne.net\/index.php?rest_route=\/wp\/v2\/posts"}],"about":[{"href":"https:\/\/www.altercampagne.net\/index.php?rest_route=\/wp\/v2\/types\/post"}],"author":[{"embeddable":true,"href":"https:\/\/www.altercampagne.net\/index.php?rest_route=\/wp\/v2\/users\/353"}],"replies":[{"embeddable":true,"href":"https:\/\/www.altercampagne.net\/index.php?rest_route=%2Fwp%2Fv2%2Fcomments&post=27840"}],"version-history":[{"count":6,"href":"https:\/\/www.altercampagne.net\/index.php?rest_route=\/wp\/v2\/posts\/27840\/revisions"}],"predecessor-version":[{"id":28471,"href":"https:\/\/www.altercampagne.net\/index.php?rest_route=\/wp\/v2\/posts\/27840\/revisions\/28471"}],"wp:featuredmedia":[{"embeddable":true,"href":"https:\/\/www.altercampagne.net\/index.php?rest_route=\/wp\/v2\/media\/27845"}],"wp:attachment":[{"href":"https:\/\/www.altercampagne.net\/index.php?rest_route=%2Fwp%2Fv2%2Fmedia&parent=27840"}],"wp:term":[{"taxonomy":"category","embeddable":true,"href":"https:\/\/www.altercampagne.net\/index.php?rest_route=%2Fwp%2Fv2%2Fcategories&post=27840"},{"taxonomy":"post_tag","embeddable":true,"href":"https:\/\/www.altercampagne.net\/index.php?rest_route=%2Fwp%2Fv2%2Ftags&post=27840"}],"curies":[{"name":"wp","href":"https:\/\/api.w.org\/{rel}","templated":true}]}}