{"id":2788,"date":"2013-07-20T13:29:13","date_gmt":"2013-07-20T11:29:13","guid":{"rendered":"http:\/\/www.altercampagne.net\/?p=2788"},"modified":"2024-08-27T17:19:05","modified_gmt":"2024-08-27T15:19:05","slug":"lalter-tour-lautre-tour-de-france","status":"publish","type":"post","link":"https:\/\/www.altercampagne.net\/?p=2788","title":{"rendered":"L&rsquo;Alter Tour, l&rsquo;autre tour de France"},"content":{"rendered":"<div class=\"node-header\">\n<div class=\"node-chapeau\">Un tour de France qui s&rsquo;oppose \u00e0 la comp\u00e9tition<\/div>\n<\/div>\n<div class=\"content\">\n<div class=\"field field-type-multimedia-editorial-element field-field-contenu\">\n<div class=\"field-items\">\n<div class=\"field-item odd\">\n<p>L&rsquo;<a href=\"http:\/\/www.altertour.net\/\" target=\"_blank\" rel=\"noopener\"><strong>AlterTour<\/strong><\/a> de France propose de d\u00e9couvrir \u00e0 v\u00e9lo des alternatives positives et joyeuses \u00e0 notre soci\u00e9t\u00e9 de consommation, comp\u00e9tition&#8230; Un \u00e9v\u00e8nement majeur du Cyclo tourisme en France qui cherche \u00e0 d\u00e9velopper la solidarit\u00e9, l&rsquo;autonomie et l&rsquo;auto gestion.<\/p>\n<p>Du 18 juillet au 20 aout, l&rsquo;Alter Tour passera par le Centre, la Bourgogne et la Franche Comt\u00e9. Il reste quelques places sur la fin du parcours. possibilit\u00e9 de \u00ab\u00a0courrir\u00a0\u00bb en famille. Prix semi-libre, renseignement sur le site de l<a href=\"http:\/\/www.mouv.fr\/12%20au%2020%20aout,%20quelques%20places%20fin%20du%20parcours%20%28site%20internet%29\" target=\"_blank\" rel=\"noopener\">&lsquo;alter tour<\/a><span class=\"qualification\">.<\/span><br \/>\n<iframe loading=\"lazy\" src=\"http:\/\/www.lemouv.fr\/player\/export-reecouter?content=85200 \" width=\"481\" height=\"139\" frameborder=\"0\" scrolling=\"No\"><\/iframe><\/p>\n<p class=\"Style271 Style138 Style152 Style142\">\u00a0Mathieu Fromont \u00e9voque la nouvelle \u00e9dition de l&rsquo;ALTERTOUR cycliste entre Bourgogne et Franche Comt\u00e9: Un Tour \u00e0 v\u00e9lo pour un monde sans dopage (physique, \u00e9conomique, agricole&#8230;)<\/p>\n<p class=\"Style271 Style138 Style152 Style142\">l&rsquo;ALTERTOUR r\u00e9siste \u00e0 l&rsquo;esprit de comp\u00e9tition : D\u00e9part de Gien le 18 juillet, arriv\u00e9e \u00e0 Rochejean le 20 ao\u00fbt, apr\u00e8s des \u00e9tapes pass\u00e9es chez des \u00e9co-constructeurs et des producteurs bios par exemple.<\/p>\n<p style=\"text-align: left;\">Source : <a href=\"http:\/\/www.mouv.fr\/diffusion-l-alter-tour-l-autre-tour-de-france\" target=\"_blank\" rel=\"noopener\">Mouv&rsquo;<\/a><\/p>\n<\/div>\n<\/div>\n<\/div>\n<\/div>\n","protected":false},"excerpt":{"rendered":"<p>Un tour de France qui s&rsquo;oppose \u00e0 la comp\u00e9tition L&rsquo;AlterTour de France propose de d\u00e9couvrir \u00e0 v\u00e9lo des alternatives positives et joyeuses \u00e0 notre soci\u00e9t\u00e9 de consommation, comp\u00e9tition&#8230; Un \u00e9v\u00e8nement majeur du Cyclo tourisme en France qui cherche \u00e0 d\u00e9velopper la solidarit\u00e9, l&rsquo;autonomie et l&rsquo;auto gestion. Du 18 juillet au &#8230; <\/p>\n<div><a href=\"https:\/\/www.altercampagne.net\/?p=2788\" class=\"more-link\">Read More<\/a><\/div>\n","protected":false},"author":214,"featured_media":0,"comment_status":"closed","ping_status":"closed","sticky":false,"template":"","format":"standard","meta":{"footnotes":""},"categories":[239],"tags":[693,694,695,696,904,1017,1018,1655],"class_list":["post-2788","post","type-post","status-publish","format-standard","hentry","category-revue-de-presse","tag-mouv","tag-altertour-2013","tag-cyclo-tourisme","tag-centre","tag-rochejean","tag-bourgogne","tag-franche-comte","tag-gien","no-post-thumbnail"],"yoast_head":"<!-- This site is optimized with the Yoast SEO plugin v27.3 - https:\/\/yoast.com\/product\/yoast-seo-wordpress\/ -->\n<title>L&#039;Alter Tour, l&#039;autre tour de France - AlterTour<\/title>\n<meta name=\"robots\" content=\"index, follow, max-snippet:-1, max-image-preview:large, max-video-preview:-1\" \/>\n<link rel=\"canonical\" href=\"https:\/\/www.altercampagne.net\/?p=2788\" \/>\n<meta property=\"og:locale\" content=\"fr_FR\" \/>\n<meta property=\"og:type\" content=\"article\" \/>\n<meta property=\"og:title\" content=\"L&#039;Alter Tour, l&#039;autre tour de France - AlterTour\" \/>\n<meta property=\"og:description\" content=\"Un tour de France qui s&rsquo;oppose \u00e0 la comp\u00e9tition L&rsquo;AlterTour de France propose de d\u00e9couvrir \u00e0 v\u00e9lo des alternatives positives et joyeuses \u00e0 notre soci\u00e9t\u00e9 de consommation, comp\u00e9tition&#8230; Un \u00e9v\u00e8nement majeur du Cyclo tourisme en France qui cherche \u00e0 d\u00e9velopper la solidarit\u00e9, l&rsquo;autonomie et l&rsquo;auto gestion. Du 18 juillet au ... Read More\" \/>\n<meta property=\"og:url\" content=\"https:\/\/www.altercampagne.net\/?p=2788\" \/>\n<meta property=\"og:site_name\" content=\"AlterTour\" \/>\n<meta property=\"article:published_time\" content=\"2013-07-20T11:29:13+00:00\" \/>\n<meta property=\"article:modified_time\" content=\"2024-08-27T15:19:05+00:00\" \/>\n<meta name=\"author\" content=\"Mathieu\" \/>\n<meta name=\"twitter:card\" content=\"summary_large_image\" \/>\n<meta name=\"twitter:label1\" content=\"\u00c9crit par\" \/>\n\t<meta name=\"twitter:data1\" content=\"Mathieu\" \/>\n\t<meta name=\"twitter:label2\" content=\"Dur\u00e9e de lecture estim\u00e9e\" \/>\n\t<meta name=\"twitter:data2\" content=\"1 minute\" \/>\n<script type=\"application\/ld+json\" class=\"yoast-schema-graph\">{\"@context\":\"https:\\\/\\\/schema.org\",\"@graph\":[{\"@type\":\"Article\",\"@id\":\"https:\\\/\\\/www.altercampagne.net\\\/?p=2788#article\",\"isPartOf\":{\"@id\":\"https:\\\/\\\/www.altercampagne.net\\\/?p=2788\"},\"author\":{\"name\":\"Mathieu\",\"@id\":\"https:\\\/\\\/www.altercampagne.net\\\/#\\\/schema\\\/person\\\/0f261460c09e430caa0f9bcffa319109\"},\"headline\":\"L&rsquo;Alter Tour, l&rsquo;autre tour de France\",\"datePublished\":\"2013-07-20T11:29:13+00:00\",\"dateModified\":\"2024-08-27T15:19:05+00:00\",\"mainEntityOfPage\":{\"@id\":\"https:\\\/\\\/www.altercampagne.net\\\/?p=2788\"},\"wordCount\":167,\"keywords\":[\"Mouv'\",\"AlterTour 2013\",\"Cyclo tourisme\",\"Centre\",\"rochejean\",\"Bourgogne\",\"Franche-Comt\u00e9\",\"Gien\"],\"articleSection\":[\"Revue de presse\"],\"inLanguage\":\"fr-FR\"},{\"@type\":\"WebPage\",\"@id\":\"https:\\\/\\\/www.altercampagne.net\\\/?p=2788\",\"url\":\"https:\\\/\\\/www.altercampagne.net\\\/?p=2788\",\"name\":\"L'Alter Tour, l'autre tour de France - AlterTour\",\"isPartOf\":{\"@id\":\"https:\\\/\\\/www.altercampagne.net\\\/#website\"},\"datePublished\":\"2013-07-20T11:29:13+00:00\",\"dateModified\":\"2024-08-27T15:19:05+00:00\",\"author\":{\"@id\":\"https:\\\/\\\/www.altercampagne.net\\\/#\\\/schema\\\/person\\\/0f261460c09e430caa0f9bcffa319109\"},\"breadcrumb\":{\"@id\":\"https:\\\/\\\/www.altercampagne.net\\\/?p=2788#breadcrumb\"},\"inLanguage\":\"fr-FR\",\"potentialAction\":[{\"@type\":\"ReadAction\",\"target\":[\"https:\\\/\\\/www.altercampagne.net\\\/?p=2788\"]}]},{\"@type\":\"BreadcrumbList\",\"@id\":\"https:\\\/\\\/www.altercampagne.net\\\/?p=2788#breadcrumb\",\"itemListElement\":[{\"@type\":\"ListItem\",\"position\":1,\"name\":\"Accueil\",\"item\":\"https:\\\/\\\/www.altercampagne.net\\\/\"},{\"@type\":\"ListItem\",\"position\":2,\"name\":\"L&rsquo;Alter Tour, l&rsquo;autre tour de France\"}]},{\"@type\":\"WebSite\",\"@id\":\"https:\\\/\\\/www.altercampagne.net\\\/#website\",\"url\":\"https:\\\/\\\/www.altercampagne.net\\\/\",\"name\":\"AlterTour\",\"description\":\"Reliez les Alternatives \u00e0 v\u00e9lo\",\"potentialAction\":[{\"@type\":\"SearchAction\",\"target\":{\"@type\":\"EntryPoint\",\"urlTemplate\":\"https:\\\/\\\/www.altercampagne.net\\\/?s={search_term_string}\"},\"query-input\":{\"@type\":\"PropertyValueSpecification\",\"valueRequired\":true,\"valueName\":\"search_term_string\"}}],\"inLanguage\":\"fr-FR\"},{\"@type\":\"Person\",\"@id\":\"https:\\\/\\\/www.altercampagne.net\\\/#\\\/schema\\\/person\\\/0f261460c09e430caa0f9bcffa319109\",\"name\":\"Mathieu\",\"image\":{\"@type\":\"ImageObject\",\"inLanguage\":\"fr-FR\",\"@id\":\"https:\\\/\\\/secure.gravatar.com\\\/avatar\\\/aa9d3d24c83f2141e5e2709d0f63d09a99f6be6bb7a50abc4915838d9f54501a?s=96&d=mm&r=g\",\"url\":\"https:\\\/\\\/secure.gravatar.com\\\/avatar\\\/aa9d3d24c83f2141e5e2709d0f63d09a99f6be6bb7a50abc4915838d9f54501a?s=96&d=mm&r=g\",\"contentUrl\":\"https:\\\/\\\/secure.gravatar.com\\\/avatar\\\/aa9d3d24c83f2141e5e2709d0f63d09a99f6be6bb7a50abc4915838d9f54501a?s=96&d=mm&r=g\",\"caption\":\"Mathieu\"},\"url\":\"https:\\\/\\\/www.altercampagne.net\\\/?author=214\"}]}<\/script>\n<!-- \/ Yoast SEO plugin. -->","yoast_head_json":{"title":"L'Alter Tour, l'autre tour de France - AlterTour","robots":{"index":"index","follow":"follow","max-snippet":"max-snippet:-1","max-image-preview":"max-image-preview:large","max-video-preview":"max-video-preview:-1"},"canonical":"https:\/\/www.altercampagne.net\/?p=2788","og_locale":"fr_FR","og_type":"article","og_title":"L'Alter Tour, l'autre tour de France - AlterTour","og_description":"Un tour de France qui s&rsquo;oppose \u00e0 la comp\u00e9tition L&rsquo;AlterTour de France propose de d\u00e9couvrir \u00e0 v\u00e9lo des alternatives positives et joyeuses \u00e0 notre soci\u00e9t\u00e9 de consommation, comp\u00e9tition&#8230; Un \u00e9v\u00e8nement majeur du Cyclo tourisme en France qui cherche \u00e0 d\u00e9velopper la solidarit\u00e9, l&rsquo;autonomie et l&rsquo;auto gestion. Du 18 juillet au ... Read More","og_url":"https:\/\/www.altercampagne.net\/?p=2788","og_site_name":"AlterTour","article_published_time":"2013-07-20T11:29:13+00:00","article_modified_time":"2024-08-27T15:19:05+00:00","author":"Mathieu","twitter_card":"summary_large_image","twitter_misc":{"\u00c9crit par":"Mathieu","Dur\u00e9e de lecture estim\u00e9e":"1 minute"},"schema":{"@context":"https:\/\/schema.org","@graph":[{"@type":"Article","@id":"https:\/\/www.altercampagne.net\/?p=2788#article","isPartOf":{"@id":"https:\/\/www.altercampagne.net\/?p=2788"},"author":{"name":"Mathieu","@id":"https:\/\/www.altercampagne.net\/#\/schema\/person\/0f261460c09e430caa0f9bcffa319109"},"headline":"L&rsquo;Alter Tour, l&rsquo;autre tour de France","datePublished":"2013-07-20T11:29:13+00:00","dateModified":"2024-08-27T15:19:05+00:00","mainEntityOfPage":{"@id":"https:\/\/www.altercampagne.net\/?p=2788"},"wordCount":167,"keywords":["Mouv'","AlterTour 2013","Cyclo tourisme","Centre","rochejean","Bourgogne","Franche-Comt\u00e9","Gien"],"articleSection":["Revue de presse"],"inLanguage":"fr-FR"},{"@type":"WebPage","@id":"https:\/\/www.altercampagne.net\/?p=2788","url":"https:\/\/www.altercampagne.net\/?p=2788","name":"L'Alter Tour, l'autre tour de France - AlterTour","isPartOf":{"@id":"https:\/\/www.altercampagne.net\/#website"},"datePublished":"2013-07-20T11:29:13+00:00","dateModified":"2024-08-27T15:19:05+00:00","author":{"@id":"https:\/\/www.altercampagne.net\/#\/schema\/person\/0f261460c09e430caa0f9bcffa319109"},"breadcrumb":{"@id":"https:\/\/www.altercampagne.net\/?p=2788#breadcrumb"},"inLanguage":"fr-FR","potentialAction":[{"@type":"ReadAction","target":["https:\/\/www.altercampagne.net\/?p=2788"]}]},{"@type":"BreadcrumbList","@id":"https:\/\/www.altercampagne.net\/?p=2788#breadcrumb","itemListElement":[{"@type":"ListItem","position":1,"name":"Accueil","item":"https:\/\/www.altercampagne.net\/"},{"@type":"ListItem","position":2,"name":"L&rsquo;Alter Tour, l&rsquo;autre tour de France"}]},{"@type":"WebSite","@id":"https:\/\/www.altercampagne.net\/#website","url":"https:\/\/www.altercampagne.net\/","name":"AlterTour","description":"Reliez les Alternatives \u00e0 v\u00e9lo","potentialAction":[{"@type":"SearchAction","target":{"@type":"EntryPoint","urlTemplate":"https:\/\/www.altercampagne.net\/?s={search_term_string}"},"query-input":{"@type":"PropertyValueSpecification","valueRequired":true,"valueName":"search_term_string"}}],"inLanguage":"fr-FR"},{"@type":"Person","@id":"https:\/\/www.altercampagne.net\/#\/schema\/person\/0f261460c09e430caa0f9bcffa319109","name":"Mathieu","image":{"@type":"ImageObject","inLanguage":"fr-FR","@id":"https:\/\/secure.gravatar.com\/avatar\/aa9d3d24c83f2141e5e2709d0f63d09a99f6be6bb7a50abc4915838d9f54501a?s=96&d=mm&r=g","url":"https:\/\/secure.gravatar.com\/avatar\/aa9d3d24c83f2141e5e2709d0f63d09a99f6be6bb7a50abc4915838d9f54501a?s=96&d=mm&r=g","contentUrl":"https:\/\/secure.gravatar.com\/avatar\/aa9d3d24c83f2141e5e2709d0f63d09a99f6be6bb7a50abc4915838d9f54501a?s=96&d=mm&r=g","caption":"Mathieu"},"url":"https:\/\/www.altercampagne.net\/?author=214"}]}},"_links":{"self":[{"href":"https:\/\/www.altercampagne.net\/index.php?rest_route=\/wp\/v2\/posts\/2788","targetHints":{"allow":["GET"]}}],"collection":[{"href":"https:\/\/www.altercampagne.net\/index.php?rest_route=\/wp\/v2\/posts"}],"about":[{"href":"https:\/\/www.altercampagne.net\/index.php?rest_route=\/wp\/v2\/types\/post"}],"author":[{"embeddable":true,"href":"https:\/\/www.altercampagne.net\/index.php?rest_route=\/wp\/v2\/users\/214"}],"replies":[{"embeddable":true,"href":"https:\/\/www.altercampagne.net\/index.php?rest_route=%2Fwp%2Fv2%2Fcomments&post=2788"}],"version-history":[{"count":1,"href":"https:\/\/www.altercampagne.net\/index.php?rest_route=\/wp\/v2\/posts\/2788\/revisions"}],"predecessor-version":[{"id":28652,"href":"https:\/\/www.altercampagne.net\/index.php?rest_route=\/wp\/v2\/posts\/2788\/revisions\/28652"}],"wp:attachment":[{"href":"https:\/\/www.altercampagne.net\/index.php?rest_route=%2Fwp%2Fv2%2Fmedia&parent=2788"}],"wp:term":[{"taxonomy":"category","embeddable":true,"href":"https:\/\/www.altercampagne.net\/index.php?rest_route=%2Fwp%2Fv2%2Fcategories&post=2788"},{"taxonomy":"post_tag","embeddable":true,"href":"https:\/\/www.altercampagne.net\/index.php?rest_route=%2Fwp%2Fv2%2Ftags&post=2788"}],"curies":[{"name":"wp","href":"https:\/\/api.w.org\/{rel}","templated":true}]}}