{"id":27881,"date":"2023-07-15T19:37:00","date_gmt":"2023-07-15T17:37:00","guid":{"rendered":"https:\/\/www.altercampagne.net\/?p=27881"},"modified":"2023-07-20T16:07:54","modified_gmt":"2023-07-20T14:07:54","slug":"le-manoir-de-la-beaume-oasis-de-vie","status":"publish","type":"post","link":"https:\/\/www.altercampagne.net\/?p=27881","title":{"rendered":"Le Manoir de la Beaume, Oasis de vie"},"content":{"rendered":"\n<h4 class=\"wp-block-heading\">Isa et Damien : une vie \u00e0 la marge<\/h4>\n\n\n\n<p>L&rsquo;AlterTour est accueilli au Manoir de la Beaume par Isabelle, Damien et leurs 2 jeunes enfants. A nouveau c&rsquo;est un lieu collectif o\u00f9 vit une quinzaine de personnes, des solos et des familles, chacun sur leurs activit\u00e9s sp\u00e9cifiques. Il est difficile de lister les mouvements auxquels ils sont li\u00e9s : \u00ab<em>Terriens en chemin<\/em>\u00bb, \u00ab<em>Eclaireurs de nature<\/em>\u00bb\u2026<br>Au programme ce soir, la conf\u00e9rence d&rsquo;Isabelle sur leur voyage \u00e0 v\u00e9lo de 3 ans pour aller visiter son fr\u00e8re en Australie. Mais celui-ci a d\u00fb \u00eatre interrompu suite \u00e0 la fermeture des fronti\u00e8res \u00e0 cause de la pand\u00e9mie de COVID19. Ils ont \u00e9t\u00e9 bloqu\u00e9s en G\u00e9orgie&#8230; Ce projet un peu fou de partir tr\u00e8s loin, \u00e0 v\u00e9lo avec un jeune enfant est n\u00e9 de leur changement radical de vie <em>\u00absans p\u00e9trole en usage direct, sans argent et sans \u00e9lectricit\u00e9 provenant de l&rsquo;\u00e9nergie nucl\u00e9aire\u00bb<\/em>.<br><strong>Mais comment vit-on sans argent ?<\/strong><br><em>\u00abSe d\u00e9connecter des valeurs absolues des choses\u00bb<\/em>, un \u00e9change d&rsquo;offres et de besoins. S&rsquo;il leur a \u00e9t\u00e9 difficile au d\u00e9but de s&rsquo;adresser \u00e0 des particuliers, ils ont frapp\u00e9 aux portes des commerces qui ont des produits qu&rsquo;ils vont devoir jeter. En contrepartie Isabelle et Damien proposaient leurs services : nettoyage, rangement de stock\u2026 Souvent on leur donnait de la nourriture sans contrepartie !<br>Au fait <em>\u00abcomment pr\u00e9voyez-vous de traverser l&rsquo;oc\u00e9an pour atteindre l&rsquo;Australie ?\u00bb<\/em> demande Albin. Un indice : Isabelle et Damien se sont rencontr\u00e9s sur un voilier ! Leur conseil : le site <strong><a href=\"https:\/\/www.cyclo-randonnee.fr\/\" target=\"_blank\" rel=\"noreferrer noopener\">Cyclo-Randonn\u00e9e<\/a><\/strong>.<\/p>\n\n\n\n<h4 class=\"wp-block-heading\">Nos vies bas carbone<\/h4>\n\n\n\n<p>Jeudi 13 juillet, 3 ateliers sont propos\u00e9s par nos accueillants :<\/p>\n\n\n\n<ul class=\"wp-block-list\">\n<li>Nettoyage des box des chevaux<\/li>\n\n\n\n<li>Atelier v\u00e9lo : r\u00e9paration, d\u00e9montage pour r\u00e9cup\u00e9rer les pi\u00e8ces des v\u00e9los collect\u00e9s par Damien<\/li>\n\n\n\n<li>Atelier \u00abInventons nos vies Bas Carbone\u00bb <\/li>\n<\/ul>\n\n\n\n<p>L&rsquo;atelier \u00ab\u00a0inventons vies bas carbone pour \u00ab une vie qui permet la vie \u00bb, a pour objectif d&rsquo;amener les participants \u00e0 d\u00e9penser 2000 tonnes de carbone par an au lieu des 10 000 tonnes actuelles en moyenne. Le kit junior \u00ab MaxiChou \u00bb et \u00ab MiniChou \u00bb nous a fait classer les objets suivants : une voiture \u00e9lectrique, une super t\u00e9l\u00e9vision, un pull en coton, le m\u00eame d&rsquo;occasion, un t\u00e9l\u00e9phone, ou un smartphone\u2026 en fonction de leur \u00e9mission de carbone. Eh bien nous avons eu des surprises ! Plusieurs sites internet proposent de calculer votre bilan carbone (comme celui de l&rsquo;<a href=\"https:\/\/agirpourlatransition.ademe.fr\/particuliers\/conso\/conso-responsable\/connaissez-vous-votre-empreinte-climat\" target=\"_blank\" rel=\"noreferrer noopener\">ADEME<\/a>\u2026)<br>On y a aussi appris que les ruminants sont r\u00e9introduits dans les zones d\u00e9sertiques, leurs d\u00e9jections permettent de freiner la d\u00e9sertification.<br>Voici quelques vid\u00e9os conseill\u00e9es par Isabelle :<\/p>\n\n\n\n<ul class=\"wp-block-list\">\n<li>Aurore Stephant, sur les minerais et les m\u00e9taux rares => <strong><a href=\"http:\/\/youtube.com\/watch?v=i8RMX8ODWQs\" target=\"_blank\" rel=\"noreferrer noopener\">lien ici<\/a><\/strong> &lt;=<\/li>\n\n\n\n<li>Alain Savary, gestion holistique du p\u00e2turage des ruminants pour lutter contre la d\u00e9sertification<\/li>\n<\/ul>\n\n\n\n<p>Et sa suggestion : <strong><em>\u00ab\u00a0n&rsquo;h\u00e9sitez pas \u00e0 devenir animateur de ma vie bas carbone, il y a plein d&rsquo;infos en acc\u00e8s libre sur leur site !\u00a0\u00bb<\/em><\/strong> Un livre conseill\u00e9 :<em> \u00abTerriens malins : missions sp\u00e9ciales pour \u00e9co-aventuriers\u00bb.<\/em><\/p>\n\n\n\n<figure class=\"wp-block-image size-large\"><a href=\"https:\/\/www.altercampagne.net\/wp-content\/uploads\/2023\/07\/Manoir-de-la-Beaume-2.png\"><img loading=\"lazy\" decoding=\"async\" width=\"1024\" height=\"634\" src=\"https:\/\/www.altercampagne.net\/wp-content\/uploads\/2023\/07\/Manoir-de-la-Beaume-2-1024x634.png\" alt=\"\" class=\"wp-image-27890\" srcset=\"https:\/\/www.altercampagne.net\/wp-content\/uploads\/2023\/07\/Manoir-de-la-Beaume-2-1024x634.png 1024w, https:\/\/www.altercampagne.net\/wp-content\/uploads\/2023\/07\/Manoir-de-la-Beaume-2-300x186.png 300w, https:\/\/www.altercampagne.net\/wp-content\/uploads\/2023\/07\/Manoir-de-la-Beaume-2-768x475.png 768w, https:\/\/www.altercampagne.net\/wp-content\/uploads\/2023\/07\/Manoir-de-la-Beaume-2-100x62.png 100w, https:\/\/www.altercampagne.net\/wp-content\/uploads\/2023\/07\/Manoir-de-la-Beaume-2-862x534.png 862w, https:\/\/www.altercampagne.net\/wp-content\/uploads\/2023\/07\/Manoir-de-la-Beaume-2-1140x706.png 1140w, https:\/\/www.altercampagne.net\/wp-content\/uploads\/2023\/07\/Manoir-de-la-Beaume-2.png 1383w\" sizes=\"auto, (max-width: 1024px) 100vw, 1024px\" \/><\/a><\/figure>\n\n\n\n<h4 class=\"wp-block-heading\">Une journ\u00e9e pluvieuse mais riche au manoir <\/h4>\n\n\n\n<p>Ce matin l\u2019orage matinal a perturb\u00e9 le programme des ateliers. Du coup un cr\u00e9neau est propos\u00e9 par<br>Isabelle pour parler de leur<strong> voyage \u00e0 v\u00e9lo de 3 ans<\/strong>. <strong><a href=\"http:\/\/auraysydneyavelo.ouvaton.org\" target=\"_blank\" rel=\"noreferrer noopener\">Cliquez ici<\/a><\/strong> pour consulter le site internet de leur voyage ! <\/p>\n\n\n\n<p>Le groupe l\u2019a orient\u00e9 sur une demande de conseils pour de prochains projets de voyage en v\u00e9lo. Retenons la <em>KellyKettle<\/em>, sorte de samovar, alternative au camping-gaz et aliment\u00e9e au petit bois&nbsp;! Le filtre \u00e0 eau autonettoyant <em>Lifestraw<\/em>. Les pneus <em>schwalbe marathon plus<\/em>. Isabelle et Damien nous partagent leur alimentation freegan en voyage. Un altercycliste \u00e9voque les cartes multidevises WISE ou REVOLUT, peu ch\u00e8res et int\u00e9ressantes au niveau des taux de conversion. Durant ce voyage, Isabelle animait des<strong> ateliers low-tech<\/strong> avec les Ecoles du Monde.<\/p>\n\n\n\n<div class=\"wp-block-group\"><div class=\"wp-block-group__inner-container is-layout-constrained wp-block-group-is-layout-constrained\">\n<ul class=\"wp-block-list\">\n<li><em>Isabelle, et vos gal\u00e8res&nbsp;? vos p\u00e9pites&nbsp;?<\/em><\/li>\n<\/ul>\n\n\n\n<ul class=\"wp-block-list\">\n<li><em>Conna\u00eetre des difficult\u00e9s, c\u2019est se sentir vivants. On appr\u00e9cie mieux ensuite les bons<br>moments&nbsp;!<\/em><\/li>\n<\/ul>\n<\/div><\/div>\n\n\n\n<p>Pendant ce temps, Damien expliquait comment <strong>\u00e9lectrifier un v\u00e9lo classique<\/strong>. D\u2019autres finissaient de<br>nettoyer les box des chevaux.<br>Cette apr\u00e8s-midi &#8211; au bout de presqu\u2019une semaine d\u2019AlterTour &#8211; \u00e9tait organis\u00e9 un cercle de paroles de<br>2h30 par petits cercles. Un temps n\u00e9cessaire pour que chacun se sente \u00e0 l\u2019aise dans le groupe.<\/p>\n\n\n\n<p>Puis B\u00e9atrice, propri\u00e9taire des lieux nous a pr\u00e9sent\u00e9 ce qu&rsquo;\u00e9tait la permaculture et ses 3 grands principes : <strong>prendre soin de la terre, de l\u2019humain et partager \u00e9quitablement<\/strong>. Elle a termin\u00e9 par un tour dans le jardin o\u00f9 l\u00e9gumes, plantes comestibles et sauvages se c\u00f4toient. Elle conseille la tanaisie au pied des p\u00eachers contre la cloque.<br>Les terres de <em><strong>la Beaume<\/strong><\/em>, typique du bocage bourbonnais sont une Oasis faisant partie du r\u00e9seau<br>Colibris. Celle-ci a \u00e9t\u00e9 cr\u00e9\u00e9e il y a 10 ans, Oasis de vie avec un caf\u00e9 associatif et une Oasis de Nature, refuge LPO, abritant des esp\u00e8ces prot\u00e9g\u00e9es comme la cistude, les chauve-souris et bien d&rsquo;autres tr\u00e9sors. A \u00e9t\u00e9 sign\u00e9e il y a 1 an une <strong>ORE<\/strong>, <strong>O<\/strong>bligation <strong>R<\/strong>\u00e9elle <strong>E<\/strong>nvironnementale sign\u00e9e avec le CEN.<\/p>\n\n\n\n<p class=\"has-text-align-right\"><em>Sylvie<\/em><\/p>\n","protected":false},"excerpt":{"rendered":"<p>L&rsquo;AlterTour est accueilli au Manoir de la Beaume par Isabelle, Damien et leurs 2 jeunes enfants. A nouveau c&rsquo;est un lieu collectif o\u00f9 vit une quinzaine de personnes, des solos et des familles, chacun sur leurs activit\u00e9s sp\u00e9cifiques. Il est difficile de lister les mouvements auxquels ils sont li\u00e9s : \u00abTerriens en chemin\u00bb, \u00abEclaireurs de nature\u00bb\u2026<\/p>\n","protected":false},"author":215,"featured_media":27889,"comment_status":"closed","ping_status":"closed","sticky":false,"template":"","format":"standard","meta":{"footnotes":""},"categories":[3471,4313,4447,4054],"tags":[],"class_list":["post-27881","post","type-post","status-publish","format-standard","has-post-thumbnail","hentry","category-auvergne-rhone-alpes","category-altertour","category-edition-2023","category-temoignages"],"yoast_head":"<!-- This site is optimized with the Yoast SEO plugin v27.3 - https:\/\/yoast.com\/product\/yoast-seo-wordpress\/ -->\n<title>Le Manoir de la Beaume, Oasis de vie - AlterTour<\/title>\n<meta name=\"robots\" content=\"index, follow, max-snippet:-1, max-image-preview:large, max-video-preview:-1\" \/>\n<link rel=\"canonical\" href=\"https:\/\/www.altercampagne.net\/?p=27881\" \/>\n<meta property=\"og:locale\" content=\"fr_FR\" \/>\n<meta property=\"og:type\" content=\"article\" \/>\n<meta property=\"og:title\" content=\"Le Manoir de la Beaume, Oasis de vie - AlterTour\" \/>\n<meta property=\"og:description\" content=\"L&#039;AlterTour est accueilli au Manoir de la Beaume par Isabelle, Damien et leurs 2 jeunes enfants. A nouveau c&#039;est un lieu collectif o\u00f9 vit une quinzaine de personnes, des solos et des familles, chacun sur leurs activit\u00e9s sp\u00e9cifiques. Il est difficile de lister les mouvements auxquels ils sont li\u00e9s : \u00abTerriens en chemin\u00bb, \u00abEclaireurs de nature\u00bb\u2026\" \/>\n<meta property=\"og:url\" content=\"https:\/\/www.altercampagne.net\/?p=27881\" \/>\n<meta property=\"og:site_name\" content=\"AlterTour\" \/>\n<meta property=\"article:published_time\" content=\"2023-07-15T17:37:00+00:00\" \/>\n<meta property=\"article:modified_time\" content=\"2023-07-20T14:07:54+00:00\" \/>\n<meta property=\"og:image\" content=\"https:\/\/www.altercampagne.net\/wp-content\/uploads\/2023\/07\/Manoir-de-la-Beaume-1.png\" \/>\n\t<meta property=\"og:image:width\" content=\"1378\" \/>\n\t<meta property=\"og:image:height\" content=\"853\" \/>\n\t<meta property=\"og:image:type\" content=\"image\/png\" \/>\n<meta name=\"author\" content=\"AlterTour\" \/>\n<meta name=\"twitter:card\" content=\"summary_large_image\" \/>\n<meta name=\"twitter:label1\" content=\"\u00c9crit par\" \/>\n\t<meta name=\"twitter:data1\" content=\"AlterTour\" \/>\n\t<meta name=\"twitter:label2\" content=\"Dur\u00e9e de lecture estim\u00e9e\" \/>\n\t<meta name=\"twitter:data2\" content=\"5 minutes\" \/>\n<script type=\"application\/ld+json\" class=\"yoast-schema-graph\">{\"@context\":\"https:\\\/\\\/schema.org\",\"@graph\":[{\"@type\":\"Article\",\"@id\":\"https:\\\/\\\/www.altercampagne.net\\\/?p=27881#article\",\"isPartOf\":{\"@id\":\"https:\\\/\\\/www.altercampagne.net\\\/?p=27881\"},\"author\":{\"name\":\"AlterTour\",\"@id\":\"https:\\\/\\\/www.altercampagne.net\\\/#\\\/schema\\\/person\\\/e5b68c803196f649c2152249d262d94a\"},\"headline\":\"Le Manoir de la Beaume, Oasis de vie\",\"datePublished\":\"2023-07-15T17:37:00+00:00\",\"dateModified\":\"2023-07-20T14:07:54+00:00\",\"mainEntityOfPage\":{\"@id\":\"https:\\\/\\\/www.altercampagne.net\\\/?p=27881\"},\"wordCount\":873,\"image\":{\"@id\":\"https:\\\/\\\/www.altercampagne.net\\\/?p=27881#primaryimage\"},\"thumbnailUrl\":\"https:\\\/\\\/www.altercampagne.net\\\/wp-content\\\/uploads\\\/2023\\\/07\\\/Manoir-de-la-Beaume-1.png\",\"articleSection\":[\"Auvergne-Rh\u00f4ne-Alpes\",\"AlterTour\",\"Edition 2023\",\"T\u00e9moignages\"],\"inLanguage\":\"fr-FR\"},{\"@type\":\"WebPage\",\"@id\":\"https:\\\/\\\/www.altercampagne.net\\\/?p=27881\",\"url\":\"https:\\\/\\\/www.altercampagne.net\\\/?p=27881\",\"name\":\"Le Manoir de la Beaume, Oasis de vie - AlterTour\",\"isPartOf\":{\"@id\":\"https:\\\/\\\/www.altercampagne.net\\\/#website\"},\"primaryImageOfPage\":{\"@id\":\"https:\\\/\\\/www.altercampagne.net\\\/?p=27881#primaryimage\"},\"image\":{\"@id\":\"https:\\\/\\\/www.altercampagne.net\\\/?p=27881#primaryimage\"},\"thumbnailUrl\":\"https:\\\/\\\/www.altercampagne.net\\\/wp-content\\\/uploads\\\/2023\\\/07\\\/Manoir-de-la-Beaume-1.png\",\"datePublished\":\"2023-07-15T17:37:00+00:00\",\"dateModified\":\"2023-07-20T14:07:54+00:00\",\"author\":{\"@id\":\"https:\\\/\\\/www.altercampagne.net\\\/#\\\/schema\\\/person\\\/e5b68c803196f649c2152249d262d94a\"},\"breadcrumb\":{\"@id\":\"https:\\\/\\\/www.altercampagne.net\\\/?p=27881#breadcrumb\"},\"inLanguage\":\"fr-FR\",\"potentialAction\":[{\"@type\":\"ReadAction\",\"target\":[\"https:\\\/\\\/www.altercampagne.net\\\/?p=27881\"]}]},{\"@type\":\"ImageObject\",\"inLanguage\":\"fr-FR\",\"@id\":\"https:\\\/\\\/www.altercampagne.net\\\/?p=27881#primaryimage\",\"url\":\"https:\\\/\\\/www.altercampagne.net\\\/wp-content\\\/uploads\\\/2023\\\/07\\\/Manoir-de-la-Beaume-1.png\",\"contentUrl\":\"https:\\\/\\\/www.altercampagne.net\\\/wp-content\\\/uploads\\\/2023\\\/07\\\/Manoir-de-la-Beaume-1.png\",\"width\":1378,\"height\":853},{\"@type\":\"BreadcrumbList\",\"@id\":\"https:\\\/\\\/www.altercampagne.net\\\/?p=27881#breadcrumb\",\"itemListElement\":[{\"@type\":\"ListItem\",\"position\":1,\"name\":\"Accueil\",\"item\":\"https:\\\/\\\/www.altercampagne.net\\\/\"},{\"@type\":\"ListItem\",\"position\":2,\"name\":\"Le Manoir de la Beaume, Oasis de vie\"}]},{\"@type\":\"WebSite\",\"@id\":\"https:\\\/\\\/www.altercampagne.net\\\/#website\",\"url\":\"https:\\\/\\\/www.altercampagne.net\\\/\",\"name\":\"AlterTour\",\"description\":\"Reliez les Alternatives \u00e0 v\u00e9lo\",\"potentialAction\":[{\"@type\":\"SearchAction\",\"target\":{\"@type\":\"EntryPoint\",\"urlTemplate\":\"https:\\\/\\\/www.altercampagne.net\\\/?s={search_term_string}\"},\"query-input\":{\"@type\":\"PropertyValueSpecification\",\"valueRequired\":true,\"valueName\":\"search_term_string\"}}],\"inLanguage\":\"fr-FR\"},{\"@type\":\"Person\",\"@id\":\"https:\\\/\\\/www.altercampagne.net\\\/#\\\/schema\\\/person\\\/e5b68c803196f649c2152249d262d94a\",\"name\":\"AlterTour\",\"image\":{\"@type\":\"ImageObject\",\"inLanguage\":\"fr-FR\",\"@id\":\"https:\\\/\\\/secure.gravatar.com\\\/avatar\\\/3f2ed77f8506b8ea264ad5938bb0114bfa10f35b64086a66dfbb6e9f58ad9693?s=96&d=mm&r=g\",\"url\":\"https:\\\/\\\/secure.gravatar.com\\\/avatar\\\/3f2ed77f8506b8ea264ad5938bb0114bfa10f35b64086a66dfbb6e9f58ad9693?s=96&d=mm&r=g\",\"contentUrl\":\"https:\\\/\\\/secure.gravatar.com\\\/avatar\\\/3f2ed77f8506b8ea264ad5938bb0114bfa10f35b64086a66dfbb6e9f58ad9693?s=96&d=mm&r=g\",\"caption\":\"AlterTour\"},\"url\":\"https:\\\/\\\/www.altercampagne.net\\\/?author=215\"}]}<\/script>\n<!-- \/ Yoast SEO plugin. -->","yoast_head_json":{"title":"Le Manoir de la Beaume, Oasis de vie - AlterTour","robots":{"index":"index","follow":"follow","max-snippet":"max-snippet:-1","max-image-preview":"max-image-preview:large","max-video-preview":"max-video-preview:-1"},"canonical":"https:\/\/www.altercampagne.net\/?p=27881","og_locale":"fr_FR","og_type":"article","og_title":"Le Manoir de la Beaume, Oasis de vie - AlterTour","og_description":"L'AlterTour est accueilli au Manoir de la Beaume par Isabelle, Damien et leurs 2 jeunes enfants. A nouveau c'est un lieu collectif o\u00f9 vit une quinzaine de personnes, des solos et des familles, chacun sur leurs activit\u00e9s sp\u00e9cifiques. Il est difficile de lister les mouvements auxquels ils sont li\u00e9s : \u00abTerriens en chemin\u00bb, \u00abEclaireurs de nature\u00bb\u2026","og_url":"https:\/\/www.altercampagne.net\/?p=27881","og_site_name":"AlterTour","article_published_time":"2023-07-15T17:37:00+00:00","article_modified_time":"2023-07-20T14:07:54+00:00","og_image":[{"width":1378,"height":853,"url":"https:\/\/www.altercampagne.net\/wp-content\/uploads\/2023\/07\/Manoir-de-la-Beaume-1.png","type":"image\/png"}],"author":"AlterTour","twitter_card":"summary_large_image","twitter_misc":{"\u00c9crit par":"AlterTour","Dur\u00e9e de lecture estim\u00e9e":"5 minutes"},"schema":{"@context":"https:\/\/schema.org","@graph":[{"@type":"Article","@id":"https:\/\/www.altercampagne.net\/?p=27881#article","isPartOf":{"@id":"https:\/\/www.altercampagne.net\/?p=27881"},"author":{"name":"AlterTour","@id":"https:\/\/www.altercampagne.net\/#\/schema\/person\/e5b68c803196f649c2152249d262d94a"},"headline":"Le Manoir de la Beaume, Oasis de vie","datePublished":"2023-07-15T17:37:00+00:00","dateModified":"2023-07-20T14:07:54+00:00","mainEntityOfPage":{"@id":"https:\/\/www.altercampagne.net\/?p=27881"},"wordCount":873,"image":{"@id":"https:\/\/www.altercampagne.net\/?p=27881#primaryimage"},"thumbnailUrl":"https:\/\/www.altercampagne.net\/wp-content\/uploads\/2023\/07\/Manoir-de-la-Beaume-1.png","articleSection":["Auvergne-Rh\u00f4ne-Alpes","AlterTour","Edition 2023","T\u00e9moignages"],"inLanguage":"fr-FR"},{"@type":"WebPage","@id":"https:\/\/www.altercampagne.net\/?p=27881","url":"https:\/\/www.altercampagne.net\/?p=27881","name":"Le Manoir de la Beaume, Oasis de vie - AlterTour","isPartOf":{"@id":"https:\/\/www.altercampagne.net\/#website"},"primaryImageOfPage":{"@id":"https:\/\/www.altercampagne.net\/?p=27881#primaryimage"},"image":{"@id":"https:\/\/www.altercampagne.net\/?p=27881#primaryimage"},"thumbnailUrl":"https:\/\/www.altercampagne.net\/wp-content\/uploads\/2023\/07\/Manoir-de-la-Beaume-1.png","datePublished":"2023-07-15T17:37:00+00:00","dateModified":"2023-07-20T14:07:54+00:00","author":{"@id":"https:\/\/www.altercampagne.net\/#\/schema\/person\/e5b68c803196f649c2152249d262d94a"},"breadcrumb":{"@id":"https:\/\/www.altercampagne.net\/?p=27881#breadcrumb"},"inLanguage":"fr-FR","potentialAction":[{"@type":"ReadAction","target":["https:\/\/www.altercampagne.net\/?p=27881"]}]},{"@type":"ImageObject","inLanguage":"fr-FR","@id":"https:\/\/www.altercampagne.net\/?p=27881#primaryimage","url":"https:\/\/www.altercampagne.net\/wp-content\/uploads\/2023\/07\/Manoir-de-la-Beaume-1.png","contentUrl":"https:\/\/www.altercampagne.net\/wp-content\/uploads\/2023\/07\/Manoir-de-la-Beaume-1.png","width":1378,"height":853},{"@type":"BreadcrumbList","@id":"https:\/\/www.altercampagne.net\/?p=27881#breadcrumb","itemListElement":[{"@type":"ListItem","position":1,"name":"Accueil","item":"https:\/\/www.altercampagne.net\/"},{"@type":"ListItem","position":2,"name":"Le Manoir de la Beaume, Oasis de vie"}]},{"@type":"WebSite","@id":"https:\/\/www.altercampagne.net\/#website","url":"https:\/\/www.altercampagne.net\/","name":"AlterTour","description":"Reliez les Alternatives \u00e0 v\u00e9lo","potentialAction":[{"@type":"SearchAction","target":{"@type":"EntryPoint","urlTemplate":"https:\/\/www.altercampagne.net\/?s={search_term_string}"},"query-input":{"@type":"PropertyValueSpecification","valueRequired":true,"valueName":"search_term_string"}}],"inLanguage":"fr-FR"},{"@type":"Person","@id":"https:\/\/www.altercampagne.net\/#\/schema\/person\/e5b68c803196f649c2152249d262d94a","name":"AlterTour","image":{"@type":"ImageObject","inLanguage":"fr-FR","@id":"https:\/\/secure.gravatar.com\/avatar\/3f2ed77f8506b8ea264ad5938bb0114bfa10f35b64086a66dfbb6e9f58ad9693?s=96&d=mm&r=g","url":"https:\/\/secure.gravatar.com\/avatar\/3f2ed77f8506b8ea264ad5938bb0114bfa10f35b64086a66dfbb6e9f58ad9693?s=96&d=mm&r=g","contentUrl":"https:\/\/secure.gravatar.com\/avatar\/3f2ed77f8506b8ea264ad5938bb0114bfa10f35b64086a66dfbb6e9f58ad9693?s=96&d=mm&r=g","caption":"AlterTour"},"url":"https:\/\/www.altercampagne.net\/?author=215"}]}},"_links":{"self":[{"href":"https:\/\/www.altercampagne.net\/index.php?rest_route=\/wp\/v2\/posts\/27881","targetHints":{"allow":["GET"]}}],"collection":[{"href":"https:\/\/www.altercampagne.net\/index.php?rest_route=\/wp\/v2\/posts"}],"about":[{"href":"https:\/\/www.altercampagne.net\/index.php?rest_route=\/wp\/v2\/types\/post"}],"author":[{"embeddable":true,"href":"https:\/\/www.altercampagne.net\/index.php?rest_route=\/wp\/v2\/users\/215"}],"replies":[{"embeddable":true,"href":"https:\/\/www.altercampagne.net\/index.php?rest_route=%2Fwp%2Fv2%2Fcomments&post=27881"}],"version-history":[{"count":3,"href":"https:\/\/www.altercampagne.net\/index.php?rest_route=\/wp\/v2\/posts\/27881\/revisions"}],"predecessor-version":[{"id":27891,"href":"https:\/\/www.altercampagne.net\/index.php?rest_route=\/wp\/v2\/posts\/27881\/revisions\/27891"}],"wp:featuredmedia":[{"embeddable":true,"href":"https:\/\/www.altercampagne.net\/index.php?rest_route=\/wp\/v2\/media\/27889"}],"wp:attachment":[{"href":"https:\/\/www.altercampagne.net\/index.php?rest_route=%2Fwp%2Fv2%2Fmedia&parent=27881"}],"wp:term":[{"taxonomy":"category","embeddable":true,"href":"https:\/\/www.altercampagne.net\/index.php?rest_route=%2Fwp%2Fv2%2Fcategories&post=27881"},{"taxonomy":"post_tag","embeddable":true,"href":"https:\/\/www.altercampagne.net\/index.php?rest_route=%2Fwp%2Fv2%2Ftags&post=27881"}],"curies":[{"name":"wp","href":"https:\/\/api.w.org\/{rel}","templated":true}]}}