{"id":27892,"date":"2023-07-09T16:13:39","date_gmt":"2023-07-09T14:13:39","guid":{"rendered":"https:\/\/www.altercampagne.net\/?p=27892"},"modified":"2023-07-20T16:33:33","modified_gmt":"2023-07-20T14:33:33","slug":"le-champs-des-possibles-nous-a-accueilli-pour-le-before","status":"publish","type":"post","link":"https:\/\/www.altercampagne.net\/?p=27892","title":{"rendered":"Le champs des possibles nous \u00e0 accueilli pour le Before !"},"content":{"rendered":"\n<p>Pour les derniers pr\u00e9paratifs de l&rsquo;Alter Tour 2023, nous nous sommes retrouv\u00e9.es pour le Before \u00e0<br>Montlu\u00e7on les 8 et 9 juillet.<\/p>\n\n\n\n<h4 class=\"wp-block-heading\">Mais c&rsquo;est quoi le Before ? <\/h4>\n\n\n\n<p>Le Before c&rsquo;est le tour de chauffe avant de s&rsquo;\u00e9lancer sur la piste. Nous sommes une quinzaine d&rsquo;altercyclistes motiv\u00e9.es joyeusement \u00e0 finaliser la pr\u00e9paration de cette <strong>16\u00e8me \u00e9dition<\/strong> de l&rsquo;AlterTour.<br>Au programme : rangement et m\u00e9nage des deux v\u00e9hicules, ravitaillement en l\u00e9gumes, fruits et pain bio<br>sur le march\u00e9 de Montlu\u00e7on, achat des stocks de sec, de gaz et du petit mat\u00e9riel, derni\u00e8res r\u00e9visions<br>m\u00e9caniques de la flotte de v\u00e9los de pr\u00eat, impressions des fiches \u00e9tapes et des \u00e9tiquettes qui serviront \u00e0 savoir o\u00f9 tout est rang\u00e9 dans l&rsquo;Amiveco.<\/p>\n\n\n\n<h4 class=\"wp-block-heading\">Le champs des possibles, un repaire paisible<\/h4>\n\n\n\n<p>Pour ce week- end, nous avons <strong>la chance d&rsquo;\u00eatre accueilli.es au <a href=\"http:\/\/www.collectifduchampdespossibles03.sitew.fr\/\" target=\"_blank\" rel=\"noreferrer noopener\">Champs des Possibles<\/a><\/strong>, collectif de<br>citoyen.es engag\u00e9.es \u00e0 Montlu\u00e7on qui offre un espace de rencontres, d&rsquo;\u00e9changes, de partages et de<br>mise en lien de diff\u00e9rentes initiatives locales.<br>Le lieu \u00ab<strong>Repaire des possible<\/strong>s\u00bb au 20 rue du docteur Roux est une <strong>grande maison en cours de r\u00e9novation<\/strong> depuis un an par les membres du collectif et avec l&rsquo;aide des lyc\u00e9en.es de la section b\u00e2timent et maintenance du Lyc\u00e9e Paul Constans. Les travaux se font le plus possible gr\u00e2ce \u00e0 la <strong>r\u00e9cup\u00e9ration de mat\u00e9riaux<\/strong> \u00e0 l&rsquo;image de la laine de mouton utilis\u00e9e pour l&rsquo;isolation. Une cour int\u00e9rieure et un jardin offrent un espace paisible et ressour\u00e7ant, \u00e0 l&rsquo;ombre d&rsquo;un immense cerisier ; au fond de la parcelle, un potager et un poulailler partag\u00e9s ont \u00e9t\u00e9 am\u00e9nag\u00e9s.<br>Le lieu propose un espace d\u2019accueil aux diff\u00e9rentes <strong>activit\u00e9s et initiatives alternatives de la ville<\/strong> : syst\u00e8mes d&rsquo;\u00e9change local (SEL), AMAP, Monnaie locale de l&rsquo;Allier (Soudicy), Mutuelle solidaire. Les<br>b\u00e9n\u00e9voles proposent plusieurs <strong>activit\u00e9s aux habitant.e.s int\u00e9ress\u00e9.es<\/strong> : aide administrative et au num\u00e9rique, cours de yoga, ateliers de th\u00e9\u00e2tre, accompagnement pour les personnes victimes de VSS (violences sexistes et sexuelles).<\/p>\n\n\n\n<h4 class=\"wp-block-heading\">Un weekend d&rsquo;exception \u00e0 Montlu\u00e7on<\/h4>\n\n\n\n<p>Nos accueillant.es profitent de notre venue pour organiser un week-end porte ouverte avec un programme riche en d\u00e9couvertes : samedi midi nous d\u00e9jeunons avec Didier de l&rsquo;association montlu\u00e7onnaise <strong><a href=\"http:\/\/cyclopede03.weebly.com\/qui-sommes-nous.html\" target=\"_blank\" rel=\"noreferrer noopener\">Cyclop\u00e8de<\/a><\/strong> qui \u0153uvre en faveur de la mobilit\u00e9 douce ( pi\u00e9tons et cycles). L&rsquo;apr\u00e8s-midi, nous avons la chance de d\u00e9couvrir ou red\u00e9couvrir la conf\u00e9rence gesticul\u00e9e de Mathieu Dalmais sur la <strong><a href=\"https:\/\/conferences-gesticulees.net\/conferences\/de-fourche-a-fourchette-non-linverse\/\" target=\"_blank\" rel=\"noreferrer noopener\">s\u00e9curit\u00e9 sociale de l&rsquo;alimentation<\/a><\/strong>. Le st\u00e9phanois, agronome de formation, nous fait r\u00e9fl\u00e9chir aux enjeux de d\u00e9mocratie et de souverainet\u00e9 alimentaire. De la fourchette \u00e0 la fourche, comment rendre l&rsquo;alimentation durable et saine accessible \u00e0 toustes en payant le juste prix aux paysan.nes? Nous ouvrons notre r\u00e9flexion sur les<strong> limites de l&rsquo;aide alimentaire et des politiques publiques<\/strong> engag\u00e9es ces derni\u00e8res ann\u00e9es \u00e0 l&rsquo;exemple de la lutte contre le gaspillage. Le projet de s\u00e9curit\u00e9 sociale de l&rsquo;alimentation propose d&rsquo;<strong>\u00e9tendre le principe de cotisation pour couvrir un acc\u00e8s universel \u00e0 une alimentation de qualit\u00e9<\/strong>, choisie \u00e0 la fois individuellement et collectivement par un fonctionnement de conventionnement d\u00e9mocratique.<\/p>\n\n\n\n<figure class=\"wp-block-image size-large\"><a href=\"https:\/\/www.altercampagne.net\/wp-content\/uploads\/2023\/07\/Le-champs-des-possibles-2.jpg\"><img loading=\"lazy\" decoding=\"async\" width=\"788\" height=\"1024\" src=\"https:\/\/www.altercampagne.net\/wp-content\/uploads\/2023\/07\/Le-champs-des-possibles-2-788x1024.jpg\" alt=\"\" class=\"wp-image-27894\" srcset=\"https:\/\/www.altercampagne.net\/wp-content\/uploads\/2023\/07\/Le-champs-des-possibles-2-788x1024.jpg 788w, https:\/\/www.altercampagne.net\/wp-content\/uploads\/2023\/07\/Le-champs-des-possibles-2-231x300.jpg 231w, https:\/\/www.altercampagne.net\/wp-content\/uploads\/2023\/07\/Le-champs-des-possibles-2-768x997.jpg 768w, https:\/\/www.altercampagne.net\/wp-content\/uploads\/2023\/07\/Le-champs-des-possibles-2-1183x1536.jpg 1183w, https:\/\/www.altercampagne.net\/wp-content\/uploads\/2023\/07\/Le-champs-des-possibles-2-1577x2048.jpg 1577w, https:\/\/www.altercampagne.net\/wp-content\/uploads\/2023\/07\/Le-champs-des-possibles-2-100x130.jpg 100w, https:\/\/www.altercampagne.net\/wp-content\/uploads\/2023\/07\/Le-champs-des-possibles-2-862x1120.jpg 862w, https:\/\/www.altercampagne.net\/wp-content\/uploads\/2023\/07\/Le-champs-des-possibles-2-1140x1481.jpg 1140w, https:\/\/www.altercampagne.net\/wp-content\/uploads\/2023\/07\/Le-champs-des-possibles-2.jpg 1680w\" sizes=\"auto, (max-width: 788px) 100vw, 788px\" \/><\/a><figcaption class=\"wp-element-caption\">rhdr<\/figcaption><\/figure>\n\n\n\n<p>A la nuit tomb\u00e9e, Jean-Philippe et Simon sortent les guitares et nos chants les accompagnent. Nous retrouvons nos duvets heureux.ses d&rsquo;avoir pu partager ces moments de partage privil\u00e9gi\u00e9s entre accueuillant.e.s et altercyclistes.<br>Dimanche, un <strong>march\u00e9 des cr\u00e9ateur.rices<\/strong> anime le lieu et <strong>Yves Vessiere<\/strong>, musicien engag\u00e9 n\u00e9 \u00e0 Montlu\u00e7on nous partage son concert de <strong>chansons po\u00e9tiques sur le th\u00e8me de l&rsquo;\u00e9cologie, du temps qui passe, de l&rsquo;eau qui va venir \u00e0 manquer et de l&rsquo;amour qui vaincra.<\/strong><\/p>\n","protected":false},"excerpt":{"rendered":"<p>Pour les derniers pr\u00e9paratifs de l&rsquo;Alter Tour 2023, nous nous sommes retrouv\u00e9.es pour le Before \u00e0<br \/>\nMontlu\u00e7on les 8 et 9 juillet.<br \/>\nMais c&rsquo;est quoi le Before ? Le Before c&rsquo;est le tour de chauffe avant de s&rsquo;\u00e9lancer sur la piste.<\/p>\n","protected":false},"author":471,"featured_media":27893,"comment_status":"closed","ping_status":"closed","sticky":false,"template":"","format":"standard","meta":{"footnotes":""},"categories":[3471,4313,3489,4447,3539,3488,3540],"tags":[],"class_list":["post-27892","post","type-post","status-publish","format-standard","has-post-thumbnail","hentry","category-auvergne-rhone-alpes","category-altertour","category-alimentation","category-edition-2023","category-we-de-preparation","category-social","category-transverse"],"yoast_head":"<!-- This site is optimized with the Yoast SEO plugin v27.3 - https:\/\/yoast.com\/product\/yoast-seo-wordpress\/ -->\n<title>Le champs des possibles nous \u00e0 accueilli pour le Before ! - AlterTour<\/title>\n<meta name=\"robots\" content=\"index, follow, max-snippet:-1, max-image-preview:large, max-video-preview:-1\" \/>\n<link rel=\"canonical\" href=\"https:\/\/www.altercampagne.net\/?p=27892\" \/>\n<meta property=\"og:locale\" content=\"fr_FR\" \/>\n<meta property=\"og:type\" content=\"article\" \/>\n<meta property=\"og:title\" content=\"Le champs des possibles nous \u00e0 accueilli pour le Before ! - AlterTour\" \/>\n<meta property=\"og:description\" content=\"Pour les derniers pr\u00e9paratifs de l&#039;Alter Tour 2023, nous nous sommes retrouv\u00e9.es pour le Before \u00e0 Montlu\u00e7on les 8 et 9 juillet. Mais c&#039;est quoi le Before ? Le Before c&#039;est le tour de chauffe avant de s&#039;\u00e9lancer sur la piste.\" \/>\n<meta property=\"og:url\" content=\"https:\/\/www.altercampagne.net\/?p=27892\" \/>\n<meta property=\"og:site_name\" content=\"AlterTour\" \/>\n<meta property=\"article:published_time\" content=\"2023-07-09T14:13:39+00:00\" \/>\n<meta property=\"article:modified_time\" content=\"2023-07-20T14:33:33+00:00\" \/>\n<meta property=\"og:image\" content=\"https:\/\/www.altercampagne.net\/wp-content\/uploads\/2023\/07\/Le-champs-des-possibles-1.jpg\" \/>\n\t<meta property=\"og:image:width\" content=\"1899\" \/>\n\t<meta property=\"og:image:height\" content=\"1350\" \/>\n\t<meta property=\"og:image:type\" content=\"image\/jpeg\" \/>\n<meta name=\"author\" content=\"Ad\u00e9la\u00efde Guary\" \/>\n<meta name=\"twitter:card\" content=\"summary_large_image\" \/>\n<meta name=\"twitter:label1\" content=\"\u00c9crit par\" \/>\n\t<meta name=\"twitter:data1\" content=\"Ad\u00e9la\u00efde Guary\" \/>\n\t<meta name=\"twitter:label2\" content=\"Dur\u00e9e de lecture estim\u00e9e\" \/>\n\t<meta name=\"twitter:data2\" content=\"4 minutes\" \/>\n<script type=\"application\/ld+json\" class=\"yoast-schema-graph\">{\"@context\":\"https:\\\/\\\/schema.org\",\"@graph\":[{\"@type\":\"Article\",\"@id\":\"https:\\\/\\\/www.altercampagne.net\\\/?p=27892#article\",\"isPartOf\":{\"@id\":\"https:\\\/\\\/www.altercampagne.net\\\/?p=27892\"},\"author\":{\"name\":\"Ad\u00e9la\u00efde Guary\",\"@id\":\"https:\\\/\\\/www.altercampagne.net\\\/#\\\/schema\\\/person\\\/a5966fce8a08db4fd9e87d840983ada0\"},\"headline\":\"Le champs des possibles nous \u00e0 accueilli pour le Before !\",\"datePublished\":\"2023-07-09T14:13:39+00:00\",\"dateModified\":\"2023-07-20T14:33:33+00:00\",\"mainEntityOfPage\":{\"@id\":\"https:\\\/\\\/www.altercampagne.net\\\/?p=27892\"},\"wordCount\":653,\"image\":{\"@id\":\"https:\\\/\\\/www.altercampagne.net\\\/?p=27892#primaryimage\"},\"thumbnailUrl\":\"https:\\\/\\\/www.altercampagne.net\\\/wp-content\\\/uploads\\\/2023\\\/07\\\/Le-champs-des-possibles-1.jpg\",\"articleSection\":[\"Auvergne-Rh\u00f4ne-Alpes\",\"AlterTour\",\"Alimentation\",\"Edition 2023\",\"WE de pr\u00e9paration\",\"Social\",\"Transverse\"],\"inLanguage\":\"fr-FR\"},{\"@type\":\"WebPage\",\"@id\":\"https:\\\/\\\/www.altercampagne.net\\\/?p=27892\",\"url\":\"https:\\\/\\\/www.altercampagne.net\\\/?p=27892\",\"name\":\"Le champs des possibles nous \u00e0 accueilli pour le Before ! - AlterTour\",\"isPartOf\":{\"@id\":\"https:\\\/\\\/www.altercampagne.net\\\/#website\"},\"primaryImageOfPage\":{\"@id\":\"https:\\\/\\\/www.altercampagne.net\\\/?p=27892#primaryimage\"},\"image\":{\"@id\":\"https:\\\/\\\/www.altercampagne.net\\\/?p=27892#primaryimage\"},\"thumbnailUrl\":\"https:\\\/\\\/www.altercampagne.net\\\/wp-content\\\/uploads\\\/2023\\\/07\\\/Le-champs-des-possibles-1.jpg\",\"datePublished\":\"2023-07-09T14:13:39+00:00\",\"dateModified\":\"2023-07-20T14:33:33+00:00\",\"author\":{\"@id\":\"https:\\\/\\\/www.altercampagne.net\\\/#\\\/schema\\\/person\\\/a5966fce8a08db4fd9e87d840983ada0\"},\"breadcrumb\":{\"@id\":\"https:\\\/\\\/www.altercampagne.net\\\/?p=27892#breadcrumb\"},\"inLanguage\":\"fr-FR\",\"potentialAction\":[{\"@type\":\"ReadAction\",\"target\":[\"https:\\\/\\\/www.altercampagne.net\\\/?p=27892\"]}]},{\"@type\":\"ImageObject\",\"inLanguage\":\"fr-FR\",\"@id\":\"https:\\\/\\\/www.altercampagne.net\\\/?p=27892#primaryimage\",\"url\":\"https:\\\/\\\/www.altercampagne.net\\\/wp-content\\\/uploads\\\/2023\\\/07\\\/Le-champs-des-possibles-1.jpg\",\"contentUrl\":\"https:\\\/\\\/www.altercampagne.net\\\/wp-content\\\/uploads\\\/2023\\\/07\\\/Le-champs-des-possibles-1.jpg\",\"width\":1899,\"height\":1350},{\"@type\":\"BreadcrumbList\",\"@id\":\"https:\\\/\\\/www.altercampagne.net\\\/?p=27892#breadcrumb\",\"itemListElement\":[{\"@type\":\"ListItem\",\"position\":1,\"name\":\"Accueil\",\"item\":\"https:\\\/\\\/www.altercampagne.net\\\/\"},{\"@type\":\"ListItem\",\"position\":2,\"name\":\"Le champs des possibles nous \u00e0 accueilli pour le Before !\"}]},{\"@type\":\"WebSite\",\"@id\":\"https:\\\/\\\/www.altercampagne.net\\\/#website\",\"url\":\"https:\\\/\\\/www.altercampagne.net\\\/\",\"name\":\"AlterTour\",\"description\":\"Reliez les Alternatives \u00e0 v\u00e9lo\",\"potentialAction\":[{\"@type\":\"SearchAction\",\"target\":{\"@type\":\"EntryPoint\",\"urlTemplate\":\"https:\\\/\\\/www.altercampagne.net\\\/?s={search_term_string}\"},\"query-input\":{\"@type\":\"PropertyValueSpecification\",\"valueRequired\":true,\"valueName\":\"search_term_string\"}}],\"inLanguage\":\"fr-FR\"},{\"@type\":\"Person\",\"@id\":\"https:\\\/\\\/www.altercampagne.net\\\/#\\\/schema\\\/person\\\/a5966fce8a08db4fd9e87d840983ada0\",\"name\":\"Ad\u00e9la\u00efde Guary\",\"image\":{\"@type\":\"ImageObject\",\"inLanguage\":\"fr-FR\",\"@id\":\"https:\\\/\\\/secure.gravatar.com\\\/avatar\\\/d07fa8d6b110858c8a867cc025802c5059f50ba5faa1382667a3f6e0863c9237?s=96&d=mm&r=g\",\"url\":\"https:\\\/\\\/secure.gravatar.com\\\/avatar\\\/d07fa8d6b110858c8a867cc025802c5059f50ba5faa1382667a3f6e0863c9237?s=96&d=mm&r=g\",\"contentUrl\":\"https:\\\/\\\/secure.gravatar.com\\\/avatar\\\/d07fa8d6b110858c8a867cc025802c5059f50ba5faa1382667a3f6e0863c9237?s=96&d=mm&r=g\",\"caption\":\"Ad\u00e9la\u00efde Guary\"},\"url\":\"https:\\\/\\\/www.altercampagne.net\\\/?author=471\"}]}<\/script>\n<!-- \/ Yoast SEO plugin. -->","yoast_head_json":{"title":"Le champs des possibles nous \u00e0 accueilli pour le Before ! - AlterTour","robots":{"index":"index","follow":"follow","max-snippet":"max-snippet:-1","max-image-preview":"max-image-preview:large","max-video-preview":"max-video-preview:-1"},"canonical":"https:\/\/www.altercampagne.net\/?p=27892","og_locale":"fr_FR","og_type":"article","og_title":"Le champs des possibles nous \u00e0 accueilli pour le Before ! - AlterTour","og_description":"Pour les derniers pr\u00e9paratifs de l'Alter Tour 2023, nous nous sommes retrouv\u00e9.es pour le Before \u00e0 Montlu\u00e7on les 8 et 9 juillet. Mais c'est quoi le Before ? Le Before c'est le tour de chauffe avant de s'\u00e9lancer sur la piste.","og_url":"https:\/\/www.altercampagne.net\/?p=27892","og_site_name":"AlterTour","article_published_time":"2023-07-09T14:13:39+00:00","article_modified_time":"2023-07-20T14:33:33+00:00","og_image":[{"width":1899,"height":1350,"url":"https:\/\/www.altercampagne.net\/wp-content\/uploads\/2023\/07\/Le-champs-des-possibles-1.jpg","type":"image\/jpeg"}],"author":"Ad\u00e9la\u00efde Guary","twitter_card":"summary_large_image","twitter_misc":{"\u00c9crit par":"Ad\u00e9la\u00efde Guary","Dur\u00e9e de lecture estim\u00e9e":"4 minutes"},"schema":{"@context":"https:\/\/schema.org","@graph":[{"@type":"Article","@id":"https:\/\/www.altercampagne.net\/?p=27892#article","isPartOf":{"@id":"https:\/\/www.altercampagne.net\/?p=27892"},"author":{"name":"Ad\u00e9la\u00efde Guary","@id":"https:\/\/www.altercampagne.net\/#\/schema\/person\/a5966fce8a08db4fd9e87d840983ada0"},"headline":"Le champs des possibles nous \u00e0 accueilli pour le Before !","datePublished":"2023-07-09T14:13:39+00:00","dateModified":"2023-07-20T14:33:33+00:00","mainEntityOfPage":{"@id":"https:\/\/www.altercampagne.net\/?p=27892"},"wordCount":653,"image":{"@id":"https:\/\/www.altercampagne.net\/?p=27892#primaryimage"},"thumbnailUrl":"https:\/\/www.altercampagne.net\/wp-content\/uploads\/2023\/07\/Le-champs-des-possibles-1.jpg","articleSection":["Auvergne-Rh\u00f4ne-Alpes","AlterTour","Alimentation","Edition 2023","WE de pr\u00e9paration","Social","Transverse"],"inLanguage":"fr-FR"},{"@type":"WebPage","@id":"https:\/\/www.altercampagne.net\/?p=27892","url":"https:\/\/www.altercampagne.net\/?p=27892","name":"Le champs des possibles nous \u00e0 accueilli pour le Before ! - AlterTour","isPartOf":{"@id":"https:\/\/www.altercampagne.net\/#website"},"primaryImageOfPage":{"@id":"https:\/\/www.altercampagne.net\/?p=27892#primaryimage"},"image":{"@id":"https:\/\/www.altercampagne.net\/?p=27892#primaryimage"},"thumbnailUrl":"https:\/\/www.altercampagne.net\/wp-content\/uploads\/2023\/07\/Le-champs-des-possibles-1.jpg","datePublished":"2023-07-09T14:13:39+00:00","dateModified":"2023-07-20T14:33:33+00:00","author":{"@id":"https:\/\/www.altercampagne.net\/#\/schema\/person\/a5966fce8a08db4fd9e87d840983ada0"},"breadcrumb":{"@id":"https:\/\/www.altercampagne.net\/?p=27892#breadcrumb"},"inLanguage":"fr-FR","potentialAction":[{"@type":"ReadAction","target":["https:\/\/www.altercampagne.net\/?p=27892"]}]},{"@type":"ImageObject","inLanguage":"fr-FR","@id":"https:\/\/www.altercampagne.net\/?p=27892#primaryimage","url":"https:\/\/www.altercampagne.net\/wp-content\/uploads\/2023\/07\/Le-champs-des-possibles-1.jpg","contentUrl":"https:\/\/www.altercampagne.net\/wp-content\/uploads\/2023\/07\/Le-champs-des-possibles-1.jpg","width":1899,"height":1350},{"@type":"BreadcrumbList","@id":"https:\/\/www.altercampagne.net\/?p=27892#breadcrumb","itemListElement":[{"@type":"ListItem","position":1,"name":"Accueil","item":"https:\/\/www.altercampagne.net\/"},{"@type":"ListItem","position":2,"name":"Le champs des possibles nous \u00e0 accueilli pour le Before !"}]},{"@type":"WebSite","@id":"https:\/\/www.altercampagne.net\/#website","url":"https:\/\/www.altercampagne.net\/","name":"AlterTour","description":"Reliez les Alternatives \u00e0 v\u00e9lo","potentialAction":[{"@type":"SearchAction","target":{"@type":"EntryPoint","urlTemplate":"https:\/\/www.altercampagne.net\/?s={search_term_string}"},"query-input":{"@type":"PropertyValueSpecification","valueRequired":true,"valueName":"search_term_string"}}],"inLanguage":"fr-FR"},{"@type":"Person","@id":"https:\/\/www.altercampagne.net\/#\/schema\/person\/a5966fce8a08db4fd9e87d840983ada0","name":"Ad\u00e9la\u00efde Guary","image":{"@type":"ImageObject","inLanguage":"fr-FR","@id":"https:\/\/secure.gravatar.com\/avatar\/d07fa8d6b110858c8a867cc025802c5059f50ba5faa1382667a3f6e0863c9237?s=96&d=mm&r=g","url":"https:\/\/secure.gravatar.com\/avatar\/d07fa8d6b110858c8a867cc025802c5059f50ba5faa1382667a3f6e0863c9237?s=96&d=mm&r=g","contentUrl":"https:\/\/secure.gravatar.com\/avatar\/d07fa8d6b110858c8a867cc025802c5059f50ba5faa1382667a3f6e0863c9237?s=96&d=mm&r=g","caption":"Ad\u00e9la\u00efde Guary"},"url":"https:\/\/www.altercampagne.net\/?author=471"}]}},"_links":{"self":[{"href":"https:\/\/www.altercampagne.net\/index.php?rest_route=\/wp\/v2\/posts\/27892","targetHints":{"allow":["GET"]}}],"collection":[{"href":"https:\/\/www.altercampagne.net\/index.php?rest_route=\/wp\/v2\/posts"}],"about":[{"href":"https:\/\/www.altercampagne.net\/index.php?rest_route=\/wp\/v2\/types\/post"}],"author":[{"embeddable":true,"href":"https:\/\/www.altercampagne.net\/index.php?rest_route=\/wp\/v2\/users\/471"}],"replies":[{"embeddable":true,"href":"https:\/\/www.altercampagne.net\/index.php?rest_route=%2Fwp%2Fv2%2Fcomments&post=27892"}],"version-history":[{"count":2,"href":"https:\/\/www.altercampagne.net\/index.php?rest_route=\/wp\/v2\/posts\/27892\/revisions"}],"predecessor-version":[{"id":27897,"href":"https:\/\/www.altercampagne.net\/index.php?rest_route=\/wp\/v2\/posts\/27892\/revisions\/27897"}],"wp:featuredmedia":[{"embeddable":true,"href":"https:\/\/www.altercampagne.net\/index.php?rest_route=\/wp\/v2\/media\/27893"}],"wp:attachment":[{"href":"https:\/\/www.altercampagne.net\/index.php?rest_route=%2Fwp%2Fv2%2Fmedia&parent=27892"}],"wp:term":[{"taxonomy":"category","embeddable":true,"href":"https:\/\/www.altercampagne.net\/index.php?rest_route=%2Fwp%2Fv2%2Fcategories&post=27892"},{"taxonomy":"post_tag","embeddable":true,"href":"https:\/\/www.altercampagne.net\/index.php?rest_route=%2Fwp%2Fv2%2Ftags&post=27892"}],"curies":[{"name":"wp","href":"https:\/\/api.w.org\/{rel}","templated":true}]}}