{"id":27907,"date":"2023-07-29T09:59:15","date_gmt":"2023-07-29T07:59:15","guid":{"rendered":"https:\/\/www.altercampagne.net\/?p=27907"},"modified":"2023-08-02T10:31:34","modified_gmt":"2023-08-02T08:31:34","slug":"lecolieu-du-portail-des-murs-de-la-vie-de-la-diversite","status":"publish","type":"post","link":"https:\/\/www.altercampagne.net\/?p=27907","title":{"rendered":"L&rsquo;\u00e9colieu du portail : des murs, de la vie, de la diversit\u00e9"},"content":{"rendered":"\n<p>\u00c0 quelques coups de p\u00e9dales de Torpes, l&rsquo;Altertour pose ses sacoches \u00e0 l&rsquo;\u00c9colieu du Portail. Le confort de la prairie qui nous accueille n&rsquo;a d&rsquo;\u00e9gal que l&rsquo;ombre port\u00e9e par les arbres et la diversit\u00e9 des haies qui nous entourent. Ici, la nature a des droits. Le terrain est limit\u00e9 d&rsquo;une part par des serres mara\u00eech\u00e8res et d&rsquo;autre part par deux yourtes et une grange. Je la traverse pour tomber nez \u00e0 nez avec Max, adh\u00e9rent d&rsquo;une association du lieu depuis 4 mois, qui, en pr\u00e9parant des betteraves pour nous accueillir, m&rsquo;explique son <strong>interpr\u00e9tation de cet \u00e9colieu<\/strong>. Toutes les semaines les b\u00e9n\u00e9voles se r\u00e9unissent pour pr\u00e9voir les <strong>march\u00e9s<\/strong> (hebdomadaires), les <strong>march\u00e9s anim\u00e9s<\/strong> (bihebdomadaires), les <strong>chantiers collectifs<\/strong>, le <strong>verger commun<\/strong>, la <strong>r\u00e9novation des lieux<\/strong>, les <strong>animations et ateliers p\u00e9dagogiques<\/strong>, les projets d&rsquo;<strong>habitats communs<\/strong> et la vie de l&rsquo;\u00e9colieu. Pendant ce temps-l\u00e0 en effet, le march\u00e9, sous la halle juste derri\u00e8re nous, propose la production de la ferme : l\u00e9gumes, fromage, pain, \u0153ufs\u2026 J&rsquo;y rencontre \u00e9galement Claire, avec qui l&rsquo;on \u00e9pluche des carottes. Architecte, elle habite en Haute-Savoie mais se pose la question de venir habiter sur le lieu, dans le cadre d&rsquo;une <strong>Coop\u00e9rative d&rsquo;Habitants qui souhaite cr\u00e9er un ensemble de six logements \u00e9cologiques<\/strong>.<\/p>\n\n\n\n<p>Guillaume P., qui coupe le pain, m&rsquo;explique qu&rsquo;il habite dans la yourte aper\u00e7ue plus t\u00f4t. Informaticien, il a particip\u00e9 \u00e0 cr\u00e9er un outil en ligne, pour l&rsquo;association Alterconso, qui organise des commandes group\u00e9es (production de la ferme mais aussi champignon, tempeh, farine, olives, boissons\u2026). Je comprends que ce sont les paniers qui sont distribu\u00e9s devant moi, en m\u00eame temps que le march\u00e9. Il me dit vivre en Bresse car les gens y sont merveilleux. Le temps de dresser la table, Julie et Fred se pr\u00e9sentent. Artistes, iels vivent dans une maison au coeur de l&rsquo;\u00e9colieu. Puis, en me servant un k\u00e9fir, Guillaume R., le fils d&rsquo;Andr\u00e9 et Fran\u00e7oise, me raconte une partie de l&rsquo;histoire. Il y a environ 12 ans, Gabriel dit \u00ab\u00a0Gabi\u00a0\u00bb, un \u00e9leveur engag\u00e9 a tenu \u00e0 <strong>c\u00e9der sa ferme \u00e0 un groupe de voisins motiv\u00e9s pour maintenir une agriculture biologique<\/strong>. Une douzaine de fondateurs, puis le collectif, a d\u00e9velopp\u00e9 au fil des ann\u00e9es ce lieu d\u00e9di\u00e9 \u00e0 exp\u00e9rimenter le vivre ensemble, solidaire et \u00e9cologique. Oc\u00e9ane qui vit dans un habitat l\u00e9ger \u00e0 5 kilom\u00e8tres me le confirme : <strong>ici on partage, du temps, des valeurs, des envies, dans une relation de voisinage intensifi\u00e9e<\/strong>.<\/p>\n\n\n\n<p>En \u00e9coutant la conversation de Yann, qui habite \u00e0 1 kilom\u00e8tre, je d\u00e9couvre la recette du Zacusc\u0103, que je d\u00e9guste sans retenu : prendre des l\u00e9gumes d&rsquo;\u00e9t\u00e9 de la serre d&rsquo;en face, faire venir des voisins, et mettre tout son c\u0153ur pour faire des conserves que l&rsquo;on partagera toute l&rsquo;ann\u00e9e. En faisant la vaisselle, je discute avec Charline qui va rejoindre la ferme pour dresser des chevaux au travail de la terre et participer au mara\u00eechage.<\/p>\n\n\n\n<figure class=\"wp-block-image size-large\"><a href=\"https:\/\/www.altercampagne.net\/wp-content\/uploads\/2023\/08\/image_504524811-scaled.jpg\"><img loading=\"lazy\" decoding=\"async\" width=\"1024\" height=\"768\" src=\"https:\/\/www.altercampagne.net\/wp-content\/uploads\/2023\/08\/image_504524811-1024x768.jpg\" alt=\"\" class=\"wp-image-27911\" srcset=\"https:\/\/www.altercampagne.net\/wp-content\/uploads\/2023\/08\/image_504524811-1024x768.jpg 1024w, https:\/\/www.altercampagne.net\/wp-content\/uploads\/2023\/08\/image_504524811-300x225.jpg 300w, https:\/\/www.altercampagne.net\/wp-content\/uploads\/2023\/08\/image_504524811-768x576.jpg 768w, https:\/\/www.altercampagne.net\/wp-content\/uploads\/2023\/08\/image_504524811-1536x1152.jpg 1536w, https:\/\/www.altercampagne.net\/wp-content\/uploads\/2023\/08\/image_504524811-2048x1536.jpg 2048w, https:\/\/www.altercampagne.net\/wp-content\/uploads\/2023\/08\/image_504524811-100x75.jpg 100w, https:\/\/www.altercampagne.net\/wp-content\/uploads\/2023\/08\/image_504524811-862x647.jpg 862w, https:\/\/www.altercampagne.net\/wp-content\/uploads\/2023\/08\/image_504524811-1140x855.jpg 1140w\" sizes=\"auto, (max-width: 1024px) 100vw, 1024px\" \/><\/a><\/figure>\n\n\n\n<p>Avant de rejoindre la prairie pour une nuit dans la nature, je visite une yourte. Pour entrer il faut respecter deux arbustes qui forment une arche, comme pour nous dire \u00ab\u00a0attention, ces lieux sont pr\u00e9cieux.\u00a0\u00bb J&rsquo;y d\u00e9couvre une photographie de \u00ab\u00a0Gabi\u00a0\u00bb, souriant, un plan relief du lieu et la charte qui rappelle les valeurs d\u00e9fendues : <strong>\u00ab\u00a0simplicit\u00e9 du mode de vie, solidarit\u00e9, engagement, libert\u00e9 de pens\u00e9e, fonctionnement d\u00e9mocratique\u00a0\u00bb.<\/strong> <\/p>\n\n\n\n<p>Au matin, avant les chantiers collectifs auxquels nous allons toustes participer, c&rsquo;est Fran\u00e7oise et Andr\u00e9 dit \u00ab\u00a0D\u00e9d\u00e9\u00a0\u00bb, membres fondateurices toujours actif.ves, qui nous pr\u00e9sentent la structure administrative du lieu. En simplifiant fortement il y a <strong>la ferme du Jointout &#8211; un GAEC<\/strong> (Groupement Agricole d&rsquo;Exploitation en Commun) compos\u00e9 de Matthieu, Alix, Thomas, Ad\u00e8le, Rapha\u00ebl- et <strong>une SCI associative \u2013 qui g\u00e8re le foncier<\/strong>, les murs. Il y a \u00e9galement plusieurs associations dont une tourn\u00e9e vers l&rsquo;ext\u00e9rieure et l&rsquo;animation (Du Grain \u00e0 Moudre) et une autre tourn\u00e9e vers la vie interne du collectif, la mutualisation des outils (Paille).<\/p>\n\n\n\n<p>Une douzaine de voisins sont tr\u00e8s actifs accompagn\u00e9s par de nombreux b\u00e9n\u00e9voles, stagiaires, administrateurices, et toustes les consommacteurices du march\u00e9. Cette ann\u00e9e, Ma\u00eblle est venue de Bretagne pour un projet de recherche concernant la biodiversit\u00e9 dans le b\u00e2ti, car tout ici est fait pour <strong>prendre en compte le vivant<\/strong>. S&rsquo;il fallait r\u00e9sumer en trois mots ces trois jours : <strong>des murs, de la vie, de la diversit\u00e9<\/strong>\u2026 C&rsquo;est effectivement tout l&rsquo;objet de cet \u00e9colieu : \u00ab\u00a0la vocation de cet \u00e9colieu interg\u00e9n\u00e9rationnel est de rassembler, sur un lieu, des activit\u00e9s et des habitations, pour mettre en \u0153uvre un mode de vie \u00e9cologique et solidaire.\u00a0\u00bb<\/p>\n\n\n\n<p class=\"has-text-align-right\"><em>Joseph<\/em><\/p>\n","protected":false},"excerpt":{"rendered":"<p>\u00c0 quelques coups de p\u00e9dales de Torpes, l&rsquo;Altertour pose ses sacoches \u00e0 l&rsquo;\u00c9colieu du Portail. Le confort de<br \/>\nla prairie qui nous accueille n&rsquo;a d&rsquo;\u00e9gal que l&rsquo;ombre port\u00e9e par les arbres et la diversit\u00e9 des haies qui nous entourent. Ici, la nature a des droits.<\/p>\n","protected":false},"author":215,"featured_media":27908,"comment_status":"closed","ping_status":"closed","sticky":false,"template":"","format":"standard","meta":{"footnotes":""},"categories":[3471,4313,4447,3540],"tags":[],"class_list":["post-27907","post","type-post","status-publish","format-standard","has-post-thumbnail","hentry","category-auvergne-rhone-alpes","category-altertour","category-edition-2023","category-transverse"],"yoast_head":"<!-- This site is optimized with the Yoast SEO plugin v27.3 - https:\/\/yoast.com\/product\/yoast-seo-wordpress\/ -->\n<title>L&#039;\u00e9colieu du portail : des murs, de la vie, de la diversit\u00e9 - AlterTour<\/title>\n<meta name=\"robots\" content=\"index, follow, max-snippet:-1, max-image-preview:large, max-video-preview:-1\" \/>\n<link rel=\"canonical\" href=\"https:\/\/www.altercampagne.net\/?p=27907\" \/>\n<meta property=\"og:locale\" content=\"fr_FR\" \/>\n<meta property=\"og:type\" content=\"article\" \/>\n<meta property=\"og:title\" content=\"L&#039;\u00e9colieu du portail : des murs, de la vie, de la diversit\u00e9 - AlterTour\" \/>\n<meta property=\"og:description\" content=\"\u00c0 quelques coups de p\u00e9dales de Torpes, l&#039;Altertour pose ses sacoches \u00e0 l&#039;\u00c9colieu du Portail. Le confort de la prairie qui nous accueille n&#039;a d&#039;\u00e9gal que l&#039;ombre port\u00e9e par les arbres et la diversit\u00e9 des haies qui nous entourent. Ici, la nature a des droits.\" \/>\n<meta property=\"og:url\" content=\"https:\/\/www.altercampagne.net\/?p=27907\" \/>\n<meta property=\"og:site_name\" content=\"AlterTour\" \/>\n<meta property=\"article:published_time\" content=\"2023-07-29T07:59:15+00:00\" \/>\n<meta property=\"article:modified_time\" content=\"2023-08-02T08:31:34+00:00\" \/>\n<meta property=\"og:image\" content=\"https:\/\/www.altercampagne.net\/wp-content\/uploads\/2023\/08\/image_504158731-scaled.jpg\" \/>\n\t<meta property=\"og:image:width\" content=\"2560\" \/>\n\t<meta property=\"og:image:height\" content=\"1920\" \/>\n\t<meta property=\"og:image:type\" content=\"image\/jpeg\" \/>\n<meta name=\"author\" content=\"AlterTour\" \/>\n<meta name=\"twitter:card\" content=\"summary_large_image\" \/>\n<meta name=\"twitter:label1\" content=\"\u00c9crit par\" \/>\n\t<meta name=\"twitter:data1\" content=\"AlterTour\" \/>\n\t<meta name=\"twitter:label2\" content=\"Dur\u00e9e de lecture estim\u00e9e\" \/>\n\t<meta name=\"twitter:data2\" content=\"4 minutes\" \/>\n<script type=\"application\/ld+json\" class=\"yoast-schema-graph\">{\"@context\":\"https:\\\/\\\/schema.org\",\"@graph\":[{\"@type\":\"Article\",\"@id\":\"https:\\\/\\\/www.altercampagne.net\\\/?p=27907#article\",\"isPartOf\":{\"@id\":\"https:\\\/\\\/www.altercampagne.net\\\/?p=27907\"},\"author\":{\"name\":\"AlterTour\",\"@id\":\"https:\\\/\\\/www.altercampagne.net\\\/#\\\/schema\\\/person\\\/e5b68c803196f649c2152249d262d94a\"},\"headline\":\"L&rsquo;\u00e9colieu du portail : des murs, de la vie, de la diversit\u00e9\",\"datePublished\":\"2023-07-29T07:59:15+00:00\",\"dateModified\":\"2023-08-02T08:31:34+00:00\",\"mainEntityOfPage\":{\"@id\":\"https:\\\/\\\/www.altercampagne.net\\\/?p=27907\"},\"wordCount\":838,\"image\":{\"@id\":\"https:\\\/\\\/www.altercampagne.net\\\/?p=27907#primaryimage\"},\"thumbnailUrl\":\"https:\\\/\\\/www.altercampagne.net\\\/wp-content\\\/uploads\\\/2023\\\/08\\\/image_504158731-scaled.jpg\",\"articleSection\":[\"Auvergne-Rh\u00f4ne-Alpes\",\"AlterTour\",\"Edition 2023\",\"Transverse\"],\"inLanguage\":\"fr-FR\"},{\"@type\":\"WebPage\",\"@id\":\"https:\\\/\\\/www.altercampagne.net\\\/?p=27907\",\"url\":\"https:\\\/\\\/www.altercampagne.net\\\/?p=27907\",\"name\":\"L'\u00e9colieu du portail : des murs, de la vie, de la diversit\u00e9 - AlterTour\",\"isPartOf\":{\"@id\":\"https:\\\/\\\/www.altercampagne.net\\\/#website\"},\"primaryImageOfPage\":{\"@id\":\"https:\\\/\\\/www.altercampagne.net\\\/?p=27907#primaryimage\"},\"image\":{\"@id\":\"https:\\\/\\\/www.altercampagne.net\\\/?p=27907#primaryimage\"},\"thumbnailUrl\":\"https:\\\/\\\/www.altercampagne.net\\\/wp-content\\\/uploads\\\/2023\\\/08\\\/image_504158731-scaled.jpg\",\"datePublished\":\"2023-07-29T07:59:15+00:00\",\"dateModified\":\"2023-08-02T08:31:34+00:00\",\"author\":{\"@id\":\"https:\\\/\\\/www.altercampagne.net\\\/#\\\/schema\\\/person\\\/e5b68c803196f649c2152249d262d94a\"},\"breadcrumb\":{\"@id\":\"https:\\\/\\\/www.altercampagne.net\\\/?p=27907#breadcrumb\"},\"inLanguage\":\"fr-FR\",\"potentialAction\":[{\"@type\":\"ReadAction\",\"target\":[\"https:\\\/\\\/www.altercampagne.net\\\/?p=27907\"]}]},{\"@type\":\"ImageObject\",\"inLanguage\":\"fr-FR\",\"@id\":\"https:\\\/\\\/www.altercampagne.net\\\/?p=27907#primaryimage\",\"url\":\"https:\\\/\\\/www.altercampagne.net\\\/wp-content\\\/uploads\\\/2023\\\/08\\\/image_504158731-scaled.jpg\",\"contentUrl\":\"https:\\\/\\\/www.altercampagne.net\\\/wp-content\\\/uploads\\\/2023\\\/08\\\/image_504158731-scaled.jpg\",\"width\":2560,\"height\":1920},{\"@type\":\"BreadcrumbList\",\"@id\":\"https:\\\/\\\/www.altercampagne.net\\\/?p=27907#breadcrumb\",\"itemListElement\":[{\"@type\":\"ListItem\",\"position\":1,\"name\":\"Accueil\",\"item\":\"https:\\\/\\\/www.altercampagne.net\\\/\"},{\"@type\":\"ListItem\",\"position\":2,\"name\":\"L&rsquo;\u00e9colieu du portail : des murs, de la vie, de la diversit\u00e9\"}]},{\"@type\":\"WebSite\",\"@id\":\"https:\\\/\\\/www.altercampagne.net\\\/#website\",\"url\":\"https:\\\/\\\/www.altercampagne.net\\\/\",\"name\":\"AlterTour\",\"description\":\"Reliez les Alternatives \u00e0 v\u00e9lo\",\"potentialAction\":[{\"@type\":\"SearchAction\",\"target\":{\"@type\":\"EntryPoint\",\"urlTemplate\":\"https:\\\/\\\/www.altercampagne.net\\\/?s={search_term_string}\"},\"query-input\":{\"@type\":\"PropertyValueSpecification\",\"valueRequired\":true,\"valueName\":\"search_term_string\"}}],\"inLanguage\":\"fr-FR\"},{\"@type\":\"Person\",\"@id\":\"https:\\\/\\\/www.altercampagne.net\\\/#\\\/schema\\\/person\\\/e5b68c803196f649c2152249d262d94a\",\"name\":\"AlterTour\",\"image\":{\"@type\":\"ImageObject\",\"inLanguage\":\"fr-FR\",\"@id\":\"https:\\\/\\\/secure.gravatar.com\\\/avatar\\\/3f2ed77f8506b8ea264ad5938bb0114bfa10f35b64086a66dfbb6e9f58ad9693?s=96&d=mm&r=g\",\"url\":\"https:\\\/\\\/secure.gravatar.com\\\/avatar\\\/3f2ed77f8506b8ea264ad5938bb0114bfa10f35b64086a66dfbb6e9f58ad9693?s=96&d=mm&r=g\",\"contentUrl\":\"https:\\\/\\\/secure.gravatar.com\\\/avatar\\\/3f2ed77f8506b8ea264ad5938bb0114bfa10f35b64086a66dfbb6e9f58ad9693?s=96&d=mm&r=g\",\"caption\":\"AlterTour\"},\"url\":\"https:\\\/\\\/www.altercampagne.net\\\/?author=215\"}]}<\/script>\n<!-- \/ Yoast SEO plugin. -->","yoast_head_json":{"title":"L'\u00e9colieu du portail : des murs, de la vie, de la diversit\u00e9 - AlterTour","robots":{"index":"index","follow":"follow","max-snippet":"max-snippet:-1","max-image-preview":"max-image-preview:large","max-video-preview":"max-video-preview:-1"},"canonical":"https:\/\/www.altercampagne.net\/?p=27907","og_locale":"fr_FR","og_type":"article","og_title":"L'\u00e9colieu du portail : des murs, de la vie, de la diversit\u00e9 - AlterTour","og_description":"\u00c0 quelques coups de p\u00e9dales de Torpes, l'Altertour pose ses sacoches \u00e0 l'\u00c9colieu du Portail. Le confort de la prairie qui nous accueille n'a d'\u00e9gal que l'ombre port\u00e9e par les arbres et la diversit\u00e9 des haies qui nous entourent. Ici, la nature a des droits.","og_url":"https:\/\/www.altercampagne.net\/?p=27907","og_site_name":"AlterTour","article_published_time":"2023-07-29T07:59:15+00:00","article_modified_time":"2023-08-02T08:31:34+00:00","og_image":[{"width":2560,"height":1920,"url":"https:\/\/www.altercampagne.net\/wp-content\/uploads\/2023\/08\/image_504158731-scaled.jpg","type":"image\/jpeg"}],"author":"AlterTour","twitter_card":"summary_large_image","twitter_misc":{"\u00c9crit par":"AlterTour","Dur\u00e9e de lecture estim\u00e9e":"4 minutes"},"schema":{"@context":"https:\/\/schema.org","@graph":[{"@type":"Article","@id":"https:\/\/www.altercampagne.net\/?p=27907#article","isPartOf":{"@id":"https:\/\/www.altercampagne.net\/?p=27907"},"author":{"name":"AlterTour","@id":"https:\/\/www.altercampagne.net\/#\/schema\/person\/e5b68c803196f649c2152249d262d94a"},"headline":"L&rsquo;\u00e9colieu du portail : des murs, de la vie, de la diversit\u00e9","datePublished":"2023-07-29T07:59:15+00:00","dateModified":"2023-08-02T08:31:34+00:00","mainEntityOfPage":{"@id":"https:\/\/www.altercampagne.net\/?p=27907"},"wordCount":838,"image":{"@id":"https:\/\/www.altercampagne.net\/?p=27907#primaryimage"},"thumbnailUrl":"https:\/\/www.altercampagne.net\/wp-content\/uploads\/2023\/08\/image_504158731-scaled.jpg","articleSection":["Auvergne-Rh\u00f4ne-Alpes","AlterTour","Edition 2023","Transverse"],"inLanguage":"fr-FR"},{"@type":"WebPage","@id":"https:\/\/www.altercampagne.net\/?p=27907","url":"https:\/\/www.altercampagne.net\/?p=27907","name":"L'\u00e9colieu du portail : des murs, de la vie, de la diversit\u00e9 - AlterTour","isPartOf":{"@id":"https:\/\/www.altercampagne.net\/#website"},"primaryImageOfPage":{"@id":"https:\/\/www.altercampagne.net\/?p=27907#primaryimage"},"image":{"@id":"https:\/\/www.altercampagne.net\/?p=27907#primaryimage"},"thumbnailUrl":"https:\/\/www.altercampagne.net\/wp-content\/uploads\/2023\/08\/image_504158731-scaled.jpg","datePublished":"2023-07-29T07:59:15+00:00","dateModified":"2023-08-02T08:31:34+00:00","author":{"@id":"https:\/\/www.altercampagne.net\/#\/schema\/person\/e5b68c803196f649c2152249d262d94a"},"breadcrumb":{"@id":"https:\/\/www.altercampagne.net\/?p=27907#breadcrumb"},"inLanguage":"fr-FR","potentialAction":[{"@type":"ReadAction","target":["https:\/\/www.altercampagne.net\/?p=27907"]}]},{"@type":"ImageObject","inLanguage":"fr-FR","@id":"https:\/\/www.altercampagne.net\/?p=27907#primaryimage","url":"https:\/\/www.altercampagne.net\/wp-content\/uploads\/2023\/08\/image_504158731-scaled.jpg","contentUrl":"https:\/\/www.altercampagne.net\/wp-content\/uploads\/2023\/08\/image_504158731-scaled.jpg","width":2560,"height":1920},{"@type":"BreadcrumbList","@id":"https:\/\/www.altercampagne.net\/?p=27907#breadcrumb","itemListElement":[{"@type":"ListItem","position":1,"name":"Accueil","item":"https:\/\/www.altercampagne.net\/"},{"@type":"ListItem","position":2,"name":"L&rsquo;\u00e9colieu du portail : des murs, de la vie, de la diversit\u00e9"}]},{"@type":"WebSite","@id":"https:\/\/www.altercampagne.net\/#website","url":"https:\/\/www.altercampagne.net\/","name":"AlterTour","description":"Reliez les Alternatives \u00e0 v\u00e9lo","potentialAction":[{"@type":"SearchAction","target":{"@type":"EntryPoint","urlTemplate":"https:\/\/www.altercampagne.net\/?s={search_term_string}"},"query-input":{"@type":"PropertyValueSpecification","valueRequired":true,"valueName":"search_term_string"}}],"inLanguage":"fr-FR"},{"@type":"Person","@id":"https:\/\/www.altercampagne.net\/#\/schema\/person\/e5b68c803196f649c2152249d262d94a","name":"AlterTour","image":{"@type":"ImageObject","inLanguage":"fr-FR","@id":"https:\/\/secure.gravatar.com\/avatar\/3f2ed77f8506b8ea264ad5938bb0114bfa10f35b64086a66dfbb6e9f58ad9693?s=96&d=mm&r=g","url":"https:\/\/secure.gravatar.com\/avatar\/3f2ed77f8506b8ea264ad5938bb0114bfa10f35b64086a66dfbb6e9f58ad9693?s=96&d=mm&r=g","contentUrl":"https:\/\/secure.gravatar.com\/avatar\/3f2ed77f8506b8ea264ad5938bb0114bfa10f35b64086a66dfbb6e9f58ad9693?s=96&d=mm&r=g","caption":"AlterTour"},"url":"https:\/\/www.altercampagne.net\/?author=215"}]}},"_links":{"self":[{"href":"https:\/\/www.altercampagne.net\/index.php?rest_route=\/wp\/v2\/posts\/27907","targetHints":{"allow":["GET"]}}],"collection":[{"href":"https:\/\/www.altercampagne.net\/index.php?rest_route=\/wp\/v2\/posts"}],"about":[{"href":"https:\/\/www.altercampagne.net\/index.php?rest_route=\/wp\/v2\/types\/post"}],"author":[{"embeddable":true,"href":"https:\/\/www.altercampagne.net\/index.php?rest_route=\/wp\/v2\/users\/215"}],"replies":[{"embeddable":true,"href":"https:\/\/www.altercampagne.net\/index.php?rest_route=%2Fwp%2Fv2%2Fcomments&post=27907"}],"version-history":[{"count":3,"href":"https:\/\/www.altercampagne.net\/index.php?rest_route=\/wp\/v2\/posts\/27907\/revisions"}],"predecessor-version":[{"id":27915,"href":"https:\/\/www.altercampagne.net\/index.php?rest_route=\/wp\/v2\/posts\/27907\/revisions\/27915"}],"wp:featuredmedia":[{"embeddable":true,"href":"https:\/\/www.altercampagne.net\/index.php?rest_route=\/wp\/v2\/media\/27908"}],"wp:attachment":[{"href":"https:\/\/www.altercampagne.net\/index.php?rest_route=%2Fwp%2Fv2%2Fmedia&parent=27907"}],"wp:term":[{"taxonomy":"category","embeddable":true,"href":"https:\/\/www.altercampagne.net\/index.php?rest_route=%2Fwp%2Fv2%2Fcategories&post=27907"},{"taxonomy":"post_tag","embeddable":true,"href":"https:\/\/www.altercampagne.net\/index.php?rest_route=%2Fwp%2Fv2%2Ftags&post=27907"}],"curies":[{"name":"wp","href":"https:\/\/api.w.org\/{rel}","templated":true}]}}