{"id":27916,"date":"2023-07-25T11:02:45","date_gmt":"2023-07-25T09:02:45","guid":{"rendered":"https:\/\/www.altercampagne.net\/?p=27916"},"modified":"2023-08-02T11:06:25","modified_gmt":"2023-08-02T09:06:25","slug":"au-creusot-a-velo-on-ndepasse-pas-les-autos","status":"publish","type":"post","link":"https:\/\/www.altercampagne.net\/?p=27916","title":{"rendered":"Au Creusot, \u00e0 v\u00e9lo, on n&rsquo;d\u00e9passe pas les autos&#x1f3b5;"},"content":{"rendered":"\n<h4 class=\"wp-block-heading\">Le Creusot, cit\u00e9 laborieuse pour les cyclistes !<\/h4>\n\n\n\n<p>T\u00f4t matin, la horde des altercyclistes s\u2019appr\u00eate : fanions, drapeaux et oripeaux brandis sur leurs chevaux de fer, direction Le Creusot, par monts et par vaux, en rangs pas vraiment serr\u00e9s ! Mais point de gilet jaune \u00e0 l&rsquo;horizon. Juste un d\u00e9part pour une v\u00e9lorution creusotine. Le mot d&rsquo;accueil de <strong><a href=\"https:\/\/minesderayons.fr\/\" target=\"_blank\" rel=\"noreferrer noopener\">Mines de Rayons<\/a><\/strong>, l&rsquo;association cycliste locale, se veut chaleureux et optimiste. Pourtant, le message livr\u00e9 est celui d&rsquo;une <strong>histoire tragique<\/strong>. Il \u00e9tait une fois, une association v\u00e9lo bienvenue au sein de cette ville industrielle dirig\u00e9e par une majorit\u00e9 socialiste. Mise \u00e0 disposition de locaux r\u00e9nov\u00e9s, mis aux normes pour l&rsquo;atelier d&rsquo;auto-r\u00e9paration, v\u00e9lo-cargo, remorque et v\u00e9los pliables pour les formations v\u00e9lo, entre autres dans les \u00e9coles, subsides permettant l&rsquo;<strong>engagement d&rsquo;un permanent<\/strong>. <\/p>\n\n\n\n<p>Le vent souffle dans le dos de cette association qui se veut critique et constructive, forte de son exp\u00e9rience au sein de la Fub (F\u00e9d\u00e9ration des usagers de la bicyclette) pour appuyer l&rsquo;autorit\u00e9 municipale dans son travail de cyclabilisation de la ville. Puis soudain, \u00e0 mis mandature, un revirement survient : les locaux devraient \u00eatre d\u00e9truits, le mat\u00e9riel va devoir \u00eatre utilis\u00e9 directement par la municipalit\u00e9, le soutien financier devrait \u00eatre r\u00e9orient\u00e9 vers d&rsquo;autres associations. Le vent a d\u00e9cid\u00e9ment tourn\u00e9 : <strong>l\u2019association serait trop critique face aux trop lents investissements cyclables de la ville<\/strong>. La fin n&rsquo;est pourtant pas \u00e0 l&rsquo;ordre du jour. Les b\u00e9n\u00e9voles se mobilisent et r\u00e9sistent, trouvent de nouveaux locaux. Surtout, l&rsquo;association s&rsquo;autonomise par rapport \u00e0 son ex-main nourrici\u00e8re, retrouvant sa <strong>totale libert\u00e9 de parole sans pourtant \u00eatre revancharde<\/strong>. D&rsquo;ailleurs la population maintient son soutien aux nombreuses initiatives qu&rsquo;elle continue de mettre en \u0153uvre. Alors, la ville est-elle cyclable et la critique associative serait-elle exag\u00e9r\u00e9e ? Allons voir sur place avec les 60 altercyclistes pour se rendre compte de la r\u00e9alit\u00e9. Verdict\u2026 \u00e0 venir. <\/p>\n\n\n\n<figure class=\"wp-block-image size-large\"><a href=\"https:\/\/www.altercampagne.net\/wp-content\/uploads\/2023\/08\/Le-Creusot-scaled.jpg\"><img loading=\"lazy\" decoding=\"async\" width=\"1024\" height=\"781\" src=\"https:\/\/www.altercampagne.net\/wp-content\/uploads\/2023\/08\/Le-Creusot-1024x781.jpg\" alt=\"\" class=\"wp-image-27922\" srcset=\"https:\/\/www.altercampagne.net\/wp-content\/uploads\/2023\/08\/Le-Creusot-1024x781.jpg 1024w, https:\/\/www.altercampagne.net\/wp-content\/uploads\/2023\/08\/Le-Creusot-300x229.jpg 300w, https:\/\/www.altercampagne.net\/wp-content\/uploads\/2023\/08\/Le-Creusot-768x586.jpg 768w, https:\/\/www.altercampagne.net\/wp-content\/uploads\/2023\/08\/Le-Creusot-1536x1172.jpg 1536w, https:\/\/www.altercampagne.net\/wp-content\/uploads\/2023\/08\/Le-Creusot-2048x1562.jpg 2048w, https:\/\/www.altercampagne.net\/wp-content\/uploads\/2023\/08\/Le-Creusot-100x76.jpg 100w, https:\/\/www.altercampagne.net\/wp-content\/uploads\/2023\/08\/Le-Creusot-862x657.jpg 862w, https:\/\/www.altercampagne.net\/wp-content\/uploads\/2023\/08\/Le-Creusot-1140x869.jpg 1140w\" sizes=\"auto, (max-width: 1024px) 100vw, 1024px\" \/><\/a><\/figure>\n\n\n\n<p>Avant cela, faisons une petite<strong> parenth\u00e8se historique<\/strong>. Cette ville industrielle, aux mains des Schneider depuis la fin du XIXe si\u00e8cle, a v\u00e9cu les \u00e9volutions de notre soci\u00e9t\u00e9 capitaliste bas\u00e9e sur l\u2019exploitation de la main d\u2019\u0153uvre et des \u00e9nergies fossiles dans l&rsquo;industrie sid\u00e9rurgique en fabriquant t\u00f4les, canons et locomotives pour se recentrer sur le nucl\u00e9aire \u00e0 l&rsquo;\u00e9poque du mythe atomique des ann\u00e9es 1960. Les habitations multiples avec vue sur les sites de production t\u00e9moignent de l&rsquo;importance vitale de cette \u00abbanane industrielle\u00bb en plein centre ville. La technologie devrait sauver l&rsquo;homme\u2026 <\/p>\n\n\n\n<p>Revenons \u00e0 pr\u00e9sent \u00e0 nos mou\u2026 euh v\u00e9los. <strong>Qu&rsquo;en dire \u00e0 Le Creusot ?<\/strong> La V\u00e9lorution d&rsquo;une dizaine de kilom\u00e8tres a r\u00e9v\u00e9l\u00e9 des situations tr\u00e8s in\u00e9gales. Disons que les am\u00e9nagements en centre-ville sont quasi inexistants, que les arceaux v\u00e9los se comptent sur les doigts de deux mains, la travers\u00e9e cyclable asphalt\u00e9e du tr\u00e8s grand parc urbain &#8211; excusez du peu alors que de la dolomie stabilis\u00e9e aurait tr\u00e8s bien fait l&rsquo;affaire &#8211; pose des <strong>probl\u00e8mes de partage d&rsquo;espace<\/strong> mais surtout d&rsquo;improbables \u00e9cluses \u00e0 v\u00e9los emp\u00eachent l&rsquo;acc\u00e8s ais\u00e9 \u00e0 cette voie interdite de facto aux v\u00e9los cargos familiaux. Les pistes cyclables quand \u00e0 elles existent s&rsquo;interrompent de mani\u00e8re impromptue sans soucis de continuit\u00e9. Il serait mentir de dire que rien n&rsquo;est fait pour les cyclistes, mais de trop nombreuses pi\u00e8ces manquent au puzzle. Alors si le r\u00e9cent barom\u00e8tre des villes cyclables donne un indice passant de G \u00e0 F, force est de constater que le travail vers les niveaux sup\u00e9rieurs se devra d\u2019\u00eatre intense ! <strong>Dommage, dans ce contexte, de se passer de l&rsquo;appui des associations cyclistes<\/strong>. <\/p>\n\n\n\n<figure class=\"wp-block-image size-large\"><a href=\"https:\/\/www.altercampagne.net\/wp-content\/uploads\/2023\/06\/350835180_1973355169681089_2742835579672501547_n.jpg\"><img loading=\"lazy\" decoding=\"async\" width=\"1024\" height=\"576\" src=\"https:\/\/www.altercampagne.net\/wp-content\/uploads\/2023\/06\/350835180_1973355169681089_2742835579672501547_n-1024x576.jpg\" alt=\"\" class=\"wp-image-27859\" srcset=\"https:\/\/www.altercampagne.net\/wp-content\/uploads\/2023\/06\/350835180_1973355169681089_2742835579672501547_n-1024x576.jpg 1024w, https:\/\/www.altercampagne.net\/wp-content\/uploads\/2023\/06\/350835180_1973355169681089_2742835579672501547_n-300x169.jpg 300w, https:\/\/www.altercampagne.net\/wp-content\/uploads\/2023\/06\/350835180_1973355169681089_2742835579672501547_n-768x432.jpg 768w, https:\/\/www.altercampagne.net\/wp-content\/uploads\/2023\/06\/350835180_1973355169681089_2742835579672501547_n-1536x864.jpg 1536w, https:\/\/www.altercampagne.net\/wp-content\/uploads\/2023\/06\/350835180_1973355169681089_2742835579672501547_n-100x56.jpg 100w, https:\/\/www.altercampagne.net\/wp-content\/uploads\/2023\/06\/350835180_1973355169681089_2742835579672501547_n-862x485.jpg 862w, https:\/\/www.altercampagne.net\/wp-content\/uploads\/2023\/06\/350835180_1973355169681089_2742835579672501547_n-1140x641.jpg 1140w, https:\/\/www.altercampagne.net\/wp-content\/uploads\/2023\/06\/350835180_1973355169681089_2742835579672501547_n.jpg 2048w\" sizes=\"auto, (max-width: 1024px) 100vw, 1024px\" \/><\/a><\/figure>\n\n\n\n<h4 class=\"wp-block-heading\">L&rsquo;Eden Broc, une brocante mais pas que !<\/h4>\n\n\n\n<p>Apr\u00e8s ce tour de ville \u00e0 v\u00e9lo au cours duquel nous n&rsquo;avons pas crois\u00e9 plus d&rsquo;une demi-douzaine de locaux \u00e0 v\u00e9lo, c&rsquo;est \u00e0 l&rsquo;<strong><a href=\"https:\/\/www.facebook.com\/edenbroc\/?locale=fr_FR\" target=\"_blank\" rel=\"noreferrer noopener\">Eden broc<\/a><\/strong> que nous nous retrouvons pour le d\u00e9jeuner. Ce cin\u00e9ma cr\u00e9\u00e9 dans les ann\u00e9es 1950 abrite une brocante depuis moins de deux ans. <strong>Nous sommes au parterre de ce qui se r\u00e9v\u00e9lera \u00eatre bien plus qu\u2019une ressourcerie pr\u00f4nant l&rsquo;\u00e9conomie circulaire<\/strong>. C&rsquo;est un v\u00e9ritable tiers-lieu, espace de co-construction ouvert sur le quartier, la ville, ses migrants, ses laisser-pour-compte du syst\u00e8me. Le balcon de cet ancien cin\u00e9ma abrite un espace forum permettant des activit\u00e9s culturelles, des conf\u00e9rences. Hip-hop, rapp, exposition de la Ligue des Droits de l&rsquo;Homme se succ\u00e8dent au cours de cette v\u00e9ritable saison du lieu. La sauvegarde de l&rsquo;ancien cin\u00e9ma semble assur\u00e9e gr\u00e2ce \u00e0 ce mod\u00e8le de tiers-lieu urbain adapt\u00e9 au contexte de plus petite ville industrielle. La vitalit\u00e9 associative de cette ville est ind\u00e9niable. L&rsquo;exode massif des jeunes vers les grandes villes \u00e0 une encablure de TGV, le vieillissement de la population n&rsquo;ont pas eu raison des <strong>besoins de vivre ensemble et d&rsquo;am\u00e9lioration du cadre de vie<\/strong> en pr\u00f4nant une soci\u00e9t\u00e9 moins d\u00e9pendante des \u00e9nergies fossiles et de la consommation de masse, soci\u00e9t\u00e9 r\u00e9solument tourn\u00e9e vers l&rsquo;inclusion.<\/p>\n","protected":false},"excerpt":{"rendered":"<p>T\u00f4t matin, la horde des altercyclistes s\u2019appr\u00eate : fanions, drapeaux et oripeaux brandis sur leurs chevaux de fer, direction Le Creusot, par monts et par vaux, en rangs pas vraiment serr\u00e9s ! Mais point de gilet jaune \u00e0 l&rsquo;horizon. Juste un d\u00e9part pour une v\u00e9lorution creusotine.<\/p>\n","protected":false},"author":380,"featured_media":27919,"comment_status":"closed","ping_status":"closed","sticky":false,"template":"","format":"standard","meta":{"footnotes":""},"categories":[3471,4447,3490,3488,1,3932],"tags":[],"class_list":["post-27916","post","type-post","status-publish","format-standard","has-post-thumbnail","hentry","category-auvergne-rhone-alpes","category-edition-2023","category-culture","category-social","category-non-classe","category-velo"],"yoast_head":"<!-- This site is optimized with the Yoast SEO plugin v27.3 - https:\/\/yoast.com\/product\/yoast-seo-wordpress\/ -->\n<title>Au Creusot, \u00e0 v\u00e9lo, on n&#039;d\u00e9passe pas les autos&#x1f3b5; - AlterTour<\/title>\n<meta name=\"robots\" content=\"index, follow, max-snippet:-1, max-image-preview:large, max-video-preview:-1\" \/>\n<link rel=\"canonical\" href=\"https:\/\/www.altercampagne.net\/?p=27916\" \/>\n<meta property=\"og:locale\" content=\"fr_FR\" \/>\n<meta property=\"og:type\" content=\"article\" \/>\n<meta property=\"og:title\" content=\"Au Creusot, \u00e0 v\u00e9lo, on n&#039;d\u00e9passe pas les autos&#x1f3b5; - AlterTour\" \/>\n<meta property=\"og:description\" content=\"T\u00f4t matin, la horde des altercyclistes s\u2019appr\u00eate : fanions, drapeaux et oripeaux brandis sur leurs chevaux de fer, direction Le Creusot, par monts et par vaux, en rangs pas vraiment serr\u00e9s ! Mais point de gilet jaune \u00e0 l&#039;horizon. Juste un d\u00e9part pour une v\u00e9lorution creusotine.\" \/>\n<meta property=\"og:url\" content=\"https:\/\/www.altercampagne.net\/?p=27916\" \/>\n<meta property=\"og:site_name\" content=\"AlterTour\" \/>\n<meta property=\"article:published_time\" content=\"2023-07-25T09:02:45+00:00\" \/>\n<meta property=\"article:modified_time\" content=\"2023-08-02T09:06:25+00:00\" \/>\n<meta property=\"og:image\" content=\"https:\/\/www.altercampagne.net\/wp-content\/uploads\/2023\/08\/EdenBroc-scaled.jpg\" \/>\n\t<meta property=\"og:image:width\" content=\"2560\" \/>\n\t<meta property=\"og:image:height\" content=\"1806\" \/>\n\t<meta property=\"og:image:type\" content=\"image\/jpeg\" \/>\n<meta name=\"author\" content=\"Eric Nicolas\" \/>\n<meta name=\"twitter:card\" content=\"summary_large_image\" \/>\n<meta name=\"twitter:label1\" content=\"\u00c9crit par\" \/>\n\t<meta name=\"twitter:data1\" content=\"Eric Nicolas\" \/>\n\t<meta name=\"twitter:label2\" content=\"Dur\u00e9e de lecture estim\u00e9e\" \/>\n\t<meta name=\"twitter:data2\" content=\"5 minutes\" \/>\n<script type=\"application\/ld+json\" class=\"yoast-schema-graph\">{\"@context\":\"https:\\\/\\\/schema.org\",\"@graph\":[{\"@type\":\"Article\",\"@id\":\"https:\\\/\\\/www.altercampagne.net\\\/?p=27916#article\",\"isPartOf\":{\"@id\":\"https:\\\/\\\/www.altercampagne.net\\\/?p=27916\"},\"author\":{\"name\":\"Eric Nicolas\",\"@id\":\"https:\\\/\\\/www.altercampagne.net\\\/#\\\/schema\\\/person\\\/997de7806c78957ee1087ed1d0d1c9b3\"},\"headline\":\"Au Creusot, \u00e0 v\u00e9lo, on n&rsquo;d\u00e9passe pas les autos&#x1f3b5;\",\"datePublished\":\"2023-07-25T09:02:45+00:00\",\"dateModified\":\"2023-08-02T09:06:25+00:00\",\"mainEntityOfPage\":{\"@id\":\"https:\\\/\\\/www.altercampagne.net\\\/?p=27916\"},\"wordCount\":902,\"image\":{\"@id\":\"https:\\\/\\\/www.altercampagne.net\\\/?p=27916#primaryimage\"},\"thumbnailUrl\":\"https:\\\/\\\/www.altercampagne.net\\\/wp-content\\\/uploads\\\/2023\\\/08\\\/EdenBroc-scaled.jpg\",\"articleSection\":{\"0\":\"Auvergne-Rh\u00f4ne-Alpes\",\"1\":\"Edition 2023\",\"2\":\"Culture\",\"3\":\"Social\",\"5\":\"V\u00e9lo\"},\"inLanguage\":\"fr-FR\"},{\"@type\":\"WebPage\",\"@id\":\"https:\\\/\\\/www.altercampagne.net\\\/?p=27916\",\"url\":\"https:\\\/\\\/www.altercampagne.net\\\/?p=27916\",\"name\":\"Au Creusot, \u00e0 v\u00e9lo, on n'd\u00e9passe pas les autos&#x1f3b5; - AlterTour\",\"isPartOf\":{\"@id\":\"https:\\\/\\\/www.altercampagne.net\\\/#website\"},\"primaryImageOfPage\":{\"@id\":\"https:\\\/\\\/www.altercampagne.net\\\/?p=27916#primaryimage\"},\"image\":{\"@id\":\"https:\\\/\\\/www.altercampagne.net\\\/?p=27916#primaryimage\"},\"thumbnailUrl\":\"https:\\\/\\\/www.altercampagne.net\\\/wp-content\\\/uploads\\\/2023\\\/08\\\/EdenBroc-scaled.jpg\",\"datePublished\":\"2023-07-25T09:02:45+00:00\",\"dateModified\":\"2023-08-02T09:06:25+00:00\",\"author\":{\"@id\":\"https:\\\/\\\/www.altercampagne.net\\\/#\\\/schema\\\/person\\\/997de7806c78957ee1087ed1d0d1c9b3\"},\"breadcrumb\":{\"@id\":\"https:\\\/\\\/www.altercampagne.net\\\/?p=27916#breadcrumb\"},\"inLanguage\":\"fr-FR\",\"potentialAction\":[{\"@type\":\"ReadAction\",\"target\":[\"https:\\\/\\\/www.altercampagne.net\\\/?p=27916\"]}]},{\"@type\":\"ImageObject\",\"inLanguage\":\"fr-FR\",\"@id\":\"https:\\\/\\\/www.altercampagne.net\\\/?p=27916#primaryimage\",\"url\":\"https:\\\/\\\/www.altercampagne.net\\\/wp-content\\\/uploads\\\/2023\\\/08\\\/EdenBroc-scaled.jpg\",\"contentUrl\":\"https:\\\/\\\/www.altercampagne.net\\\/wp-content\\\/uploads\\\/2023\\\/08\\\/EdenBroc-scaled.jpg\",\"width\":2560,\"height\":1806},{\"@type\":\"BreadcrumbList\",\"@id\":\"https:\\\/\\\/www.altercampagne.net\\\/?p=27916#breadcrumb\",\"itemListElement\":[{\"@type\":\"ListItem\",\"position\":1,\"name\":\"Accueil\",\"item\":\"https:\\\/\\\/www.altercampagne.net\\\/\"},{\"@type\":\"ListItem\",\"position\":2,\"name\":\"Au Creusot, \u00e0 v\u00e9lo, on n&rsquo;d\u00e9passe pas les autos&#x1f3b5;\"}]},{\"@type\":\"WebSite\",\"@id\":\"https:\\\/\\\/www.altercampagne.net\\\/#website\",\"url\":\"https:\\\/\\\/www.altercampagne.net\\\/\",\"name\":\"AlterTour\",\"description\":\"Reliez les Alternatives \u00e0 v\u00e9lo\",\"potentialAction\":[{\"@type\":\"SearchAction\",\"target\":{\"@type\":\"EntryPoint\",\"urlTemplate\":\"https:\\\/\\\/www.altercampagne.net\\\/?s={search_term_string}\"},\"query-input\":{\"@type\":\"PropertyValueSpecification\",\"valueRequired\":true,\"valueName\":\"search_term_string\"}}],\"inLanguage\":\"fr-FR\"},{\"@type\":\"Person\",\"@id\":\"https:\\\/\\\/www.altercampagne.net\\\/#\\\/schema\\\/person\\\/997de7806c78957ee1087ed1d0d1c9b3\",\"name\":\"Eric Nicolas\",\"image\":{\"@type\":\"ImageObject\",\"inLanguage\":\"fr-FR\",\"@id\":\"https:\\\/\\\/secure.gravatar.com\\\/avatar\\\/f462a5927f5de6d4cab6639f146cbe4e71218a8b24a88946aa15f6afb9f2c30b?s=96&d=mm&r=g\",\"url\":\"https:\\\/\\\/secure.gravatar.com\\\/avatar\\\/f462a5927f5de6d4cab6639f146cbe4e71218a8b24a88946aa15f6afb9f2c30b?s=96&d=mm&r=g\",\"contentUrl\":\"https:\\\/\\\/secure.gravatar.com\\\/avatar\\\/f462a5927f5de6d4cab6639f146cbe4e71218a8b24a88946aa15f6afb9f2c30b?s=96&d=mm&r=g\",\"caption\":\"Eric Nicolas\"},\"url\":\"https:\\\/\\\/www.altercampagne.net\\\/?author=380\"}]}<\/script>\n<!-- \/ Yoast SEO plugin. -->","yoast_head_json":{"title":"Au Creusot, \u00e0 v\u00e9lo, on n'd\u00e9passe pas les autos&#x1f3b5; - AlterTour","robots":{"index":"index","follow":"follow","max-snippet":"max-snippet:-1","max-image-preview":"max-image-preview:large","max-video-preview":"max-video-preview:-1"},"canonical":"https:\/\/www.altercampagne.net\/?p=27916","og_locale":"fr_FR","og_type":"article","og_title":"Au Creusot, \u00e0 v\u00e9lo, on n'd\u00e9passe pas les autos&#x1f3b5; - AlterTour","og_description":"T\u00f4t matin, la horde des altercyclistes s\u2019appr\u00eate : fanions, drapeaux et oripeaux brandis sur leurs chevaux de fer, direction Le Creusot, par monts et par vaux, en rangs pas vraiment serr\u00e9s ! Mais point de gilet jaune \u00e0 l'horizon. Juste un d\u00e9part pour une v\u00e9lorution creusotine.","og_url":"https:\/\/www.altercampagne.net\/?p=27916","og_site_name":"AlterTour","article_published_time":"2023-07-25T09:02:45+00:00","article_modified_time":"2023-08-02T09:06:25+00:00","og_image":[{"width":2560,"height":1806,"url":"https:\/\/www.altercampagne.net\/wp-content\/uploads\/2023\/08\/EdenBroc-scaled.jpg","type":"image\/jpeg"}],"author":"Eric Nicolas","twitter_card":"summary_large_image","twitter_misc":{"\u00c9crit par":"Eric Nicolas","Dur\u00e9e de lecture estim\u00e9e":"5 minutes"},"schema":{"@context":"https:\/\/schema.org","@graph":[{"@type":"Article","@id":"https:\/\/www.altercampagne.net\/?p=27916#article","isPartOf":{"@id":"https:\/\/www.altercampagne.net\/?p=27916"},"author":{"name":"Eric Nicolas","@id":"https:\/\/www.altercampagne.net\/#\/schema\/person\/997de7806c78957ee1087ed1d0d1c9b3"},"headline":"Au Creusot, \u00e0 v\u00e9lo, on n&rsquo;d\u00e9passe pas les autos&#x1f3b5;","datePublished":"2023-07-25T09:02:45+00:00","dateModified":"2023-08-02T09:06:25+00:00","mainEntityOfPage":{"@id":"https:\/\/www.altercampagne.net\/?p=27916"},"wordCount":902,"image":{"@id":"https:\/\/www.altercampagne.net\/?p=27916#primaryimage"},"thumbnailUrl":"https:\/\/www.altercampagne.net\/wp-content\/uploads\/2023\/08\/EdenBroc-scaled.jpg","articleSection":{"0":"Auvergne-Rh\u00f4ne-Alpes","1":"Edition 2023","2":"Culture","3":"Social","5":"V\u00e9lo"},"inLanguage":"fr-FR"},{"@type":"WebPage","@id":"https:\/\/www.altercampagne.net\/?p=27916","url":"https:\/\/www.altercampagne.net\/?p=27916","name":"Au Creusot, \u00e0 v\u00e9lo, on n'd\u00e9passe pas les autos&#x1f3b5; - AlterTour","isPartOf":{"@id":"https:\/\/www.altercampagne.net\/#website"},"primaryImageOfPage":{"@id":"https:\/\/www.altercampagne.net\/?p=27916#primaryimage"},"image":{"@id":"https:\/\/www.altercampagne.net\/?p=27916#primaryimage"},"thumbnailUrl":"https:\/\/www.altercampagne.net\/wp-content\/uploads\/2023\/08\/EdenBroc-scaled.jpg","datePublished":"2023-07-25T09:02:45+00:00","dateModified":"2023-08-02T09:06:25+00:00","author":{"@id":"https:\/\/www.altercampagne.net\/#\/schema\/person\/997de7806c78957ee1087ed1d0d1c9b3"},"breadcrumb":{"@id":"https:\/\/www.altercampagne.net\/?p=27916#breadcrumb"},"inLanguage":"fr-FR","potentialAction":[{"@type":"ReadAction","target":["https:\/\/www.altercampagne.net\/?p=27916"]}]},{"@type":"ImageObject","inLanguage":"fr-FR","@id":"https:\/\/www.altercampagne.net\/?p=27916#primaryimage","url":"https:\/\/www.altercampagne.net\/wp-content\/uploads\/2023\/08\/EdenBroc-scaled.jpg","contentUrl":"https:\/\/www.altercampagne.net\/wp-content\/uploads\/2023\/08\/EdenBroc-scaled.jpg","width":2560,"height":1806},{"@type":"BreadcrumbList","@id":"https:\/\/www.altercampagne.net\/?p=27916#breadcrumb","itemListElement":[{"@type":"ListItem","position":1,"name":"Accueil","item":"https:\/\/www.altercampagne.net\/"},{"@type":"ListItem","position":2,"name":"Au Creusot, \u00e0 v\u00e9lo, on n&rsquo;d\u00e9passe pas les autos&#x1f3b5;"}]},{"@type":"WebSite","@id":"https:\/\/www.altercampagne.net\/#website","url":"https:\/\/www.altercampagne.net\/","name":"AlterTour","description":"Reliez les Alternatives \u00e0 v\u00e9lo","potentialAction":[{"@type":"SearchAction","target":{"@type":"EntryPoint","urlTemplate":"https:\/\/www.altercampagne.net\/?s={search_term_string}"},"query-input":{"@type":"PropertyValueSpecification","valueRequired":true,"valueName":"search_term_string"}}],"inLanguage":"fr-FR"},{"@type":"Person","@id":"https:\/\/www.altercampagne.net\/#\/schema\/person\/997de7806c78957ee1087ed1d0d1c9b3","name":"Eric Nicolas","image":{"@type":"ImageObject","inLanguage":"fr-FR","@id":"https:\/\/secure.gravatar.com\/avatar\/f462a5927f5de6d4cab6639f146cbe4e71218a8b24a88946aa15f6afb9f2c30b?s=96&d=mm&r=g","url":"https:\/\/secure.gravatar.com\/avatar\/f462a5927f5de6d4cab6639f146cbe4e71218a8b24a88946aa15f6afb9f2c30b?s=96&d=mm&r=g","contentUrl":"https:\/\/secure.gravatar.com\/avatar\/f462a5927f5de6d4cab6639f146cbe4e71218a8b24a88946aa15f6afb9f2c30b?s=96&d=mm&r=g","caption":"Eric Nicolas"},"url":"https:\/\/www.altercampagne.net\/?author=380"}]}},"_links":{"self":[{"href":"https:\/\/www.altercampagne.net\/index.php?rest_route=\/wp\/v2\/posts\/27916","targetHints":{"allow":["GET"]}}],"collection":[{"href":"https:\/\/www.altercampagne.net\/index.php?rest_route=\/wp\/v2\/posts"}],"about":[{"href":"https:\/\/www.altercampagne.net\/index.php?rest_route=\/wp\/v2\/types\/post"}],"author":[{"embeddable":true,"href":"https:\/\/www.altercampagne.net\/index.php?rest_route=\/wp\/v2\/users\/380"}],"replies":[{"embeddable":true,"href":"https:\/\/www.altercampagne.net\/index.php?rest_route=%2Fwp%2Fv2%2Fcomments&post=27916"}],"version-history":[{"count":3,"href":"https:\/\/www.altercampagne.net\/index.php?rest_route=\/wp\/v2\/posts\/27916\/revisions"}],"predecessor-version":[{"id":27923,"href":"https:\/\/www.altercampagne.net\/index.php?rest_route=\/wp\/v2\/posts\/27916\/revisions\/27923"}],"wp:featuredmedia":[{"embeddable":true,"href":"https:\/\/www.altercampagne.net\/index.php?rest_route=\/wp\/v2\/media\/27919"}],"wp:attachment":[{"href":"https:\/\/www.altercampagne.net\/index.php?rest_route=%2Fwp%2Fv2%2Fmedia&parent=27916"}],"wp:term":[{"taxonomy":"category","embeddable":true,"href":"https:\/\/www.altercampagne.net\/index.php?rest_route=%2Fwp%2Fv2%2Fcategories&post=27916"},{"taxonomy":"post_tag","embeddable":true,"href":"https:\/\/www.altercampagne.net\/index.php?rest_route=%2Fwp%2Fv2%2Ftags&post=27916"}],"curies":[{"name":"wp","href":"https:\/\/api.w.org\/{rel}","templated":true}]}}