{"id":27924,"date":"2023-07-22T11:16:24","date_gmt":"2023-07-22T09:16:24","guid":{"rendered":"https:\/\/www.altercampagne.net\/?p=27924"},"modified":"2023-08-02T11:48:17","modified_gmt":"2023-08-02T09:48:17","slug":"une-mini-ferme-qui-na-rien-de-mini","status":"publish","type":"post","link":"https:\/\/www.altercampagne.net\/?p=27924","title":{"rendered":"Une mini ferme qui n&rsquo;a rien de mini !"},"content":{"rendered":"\n<p>Les altercyclistes arrivent bouche-b\u00e9e devant la beaut\u00e9 de la <strong><a href=\"https:\/\/laminifermedumorvan.fr\/\" target=\"_blank\" rel=\"noreferrer noopener\">mini-ferme du Morvan<\/a><\/strong> apr\u00e8s une belle journ\u00e9e sur la selle. La ferme porte le nom de \u201cmini\u201d parce que le terrain fait environ 1 hectare dont 2000m\u00b2 de jardin potager, ce qui repr\u00e9sente une petite surface pour une activit\u00e9 agricole. Pourtant, <strong>rien ne nous semble \u201cmini\u201d : la beaut\u00e9, l\u2019ambiance, le calme<\/strong>. Julien et Arthur nous accueillent les bras grand ouverts et avec un \u00e9norme sourire. Julien s\u2019est install\u00e9 \u00e0 la ferme en 2019 apr\u00e8s une reconversion professionnelle. <strong>Depuis 4 ans, il y cultive des fruits et des l\u00e9gumes avec le plus grand respect et soin pour le sol<\/strong> : sans aucun traitement phytosanitaire ou travail du sol. Et ce soin et l&rsquo;amour qu\u2019il donne au sol, nos papilles l\u2019ont bien confirm\u00e9. Nous avons eu le plaisir d\u2019avoir dans notre assiette les belles salades, par exemple, que nous avions cueillies le matin. Un r\u00e9gal ! Mais en plus de son activit\u00e9 agricole, Julien et son \u00e9quipe offrent bien d\u2019<strong>autres activit\u00e9s : de la musique, du jeux, du r\u00e9seau, du partage\u2026<\/strong><\/p>\n\n\n\n<h4 class=\"wp-block-heading\">De la musique dans une ferme ?!<\/h4>\n\n\n\n<p>Et oui de la musique ! Julien a un petit bar juste \u00e0 c\u00f4t\u00e9 d\u2019une serre. Une file de haricots servent de rideaux de s\u00e9paration entre l\u2019espace de danse et le reste de l\u00e9gumes. Le soir o\u00f9 on est arriv\u00e9.es, <strong>Arthur et d\u2019autres musicien.nes nous font bouger, r\u00eaver et danser avec leur voix et leurs guitares<\/strong>. Tout \u00e7a, en d\u00e9gustant aussi des bi\u00e8res locales artisanales.<\/p>\n\n\n\n<h4 class=\"wp-block-heading\">Des jeux dans une ferme ?!<\/h4>\n\n\n\n<p>Et oui des jeux ! D\u2019un c\u00f4t\u00e9, Julien a d\u00e9velopp\u00e9 les <strong>Farm\u2019Games dans son terrain<\/strong>. Ce sont des d\u00e9fis en \u00e9quipe en mode Koh Lanta et adapt\u00e9s \u00e0 sa ferme. Les adultes et les enfants peuvent s\u2019amuser ! Et nous, parmi bien d\u2019autres activit\u00e9s, nous avons pass\u00e9 la deuxi\u00e8me journ\u00e9e dans la ferme \u00e0 jouer en \u00e9quipe, ce qui nous a permis de mieux se conna\u00eetre et cr\u00e9er du lien. De l\u2019autre c\u00f4t\u00e9, Julien a m\u00eame invent\u00e9 et produit un<strong> jeu de soci\u00e9t\u00e9 : le Miam\u2019s<\/strong>. Amusant et tout l\u00e9ger, nous avons \u00e9t\u00e9 nombreux.euses \u00e0 <strong>partir avec une version dans nos sacoches<\/strong> pour les prochaines \u00e9tapes !<\/p>\n\n\n\n<h4 class=\"wp-block-heading\">Du r\u00e9seau dans une ferme ?!<\/h4>\n\n\n\n<p>Et oui du r\u00e9seau ! Julien nous racontait que, en arrivant \u00e0 la ferme, les gens lui demandaient s\u2019il n\u2019\u00e9tait pas trop \u201cisol\u00e9 tout seul \u00e0 la campagne\u201d. Il nous partage qu\u2019il s\u2019\u00e9tait rarement senti plus en r\u00e9seau et en lien avec d\u2019autres personnes. Et \u00e7a se voit. <strong>Il a fait tr\u00e8s vite le lien avec plein d\u2019autres producteur.ices, avec les habitant.es de Saint Prix<\/strong> et de toute personne qui est de passage par la ferme. Par exemple, il a construit des cabanes o\u00f9 il accueille des voyageur.euses au c\u0153ur de la ferme.<\/p>\n\n\n\n<h4 class=\"wp-block-heading\">Du partage dans une ferme ?!<\/h4>\n\n\n\n<p>Et oui du partage ! Depuis notre arriv\u00e9e, Julien et Arthur se sont montr\u00e9s ravis de <strong>partager toute leur exp\u00e9rience, leur quotidien, leurs projets<\/strong>. Nous avons m\u00eame eu un vaste choix d\u2019ateliers et activit\u00e9s pour apprendre et partager avec eux : r\u00e9colte de l\u00e9gumes pour les repas, pr\u00e9paration et vente au march\u00e9 du village, d\u00e9sherbage, r\u00e9colte de pommes de terres pour ensuite pouvoir faire d\u00e9guster ses frites au village, soins de tomates, cueillette de fruits rouges pour en faire des confitures\u2026 Et ce partage avec Julien et Arthur a \u00e9t\u00e9 sp\u00e9cial pour nous. Pour les plus de 50 altercyclistes qui \u00e9tions dans la ferme pendant 2 jours, cette \u00e9tape a \u00e9t\u00e9 pr\u00e9cieuse, puisqu\u2019en plus d\u2019aller \u00e0 la rencontre des alternatives, nous avons pu y participer et \u00e9changer directement avec les accueillant.es. <strong>Nous avons re\u00e7u, mais aussi eu le grand plaisir de pouvoir donner<\/strong>.<\/p>\n\n\n\n<p class=\"has-text-align-right\"><em>Silvia<\/em><\/p>\n","protected":false},"excerpt":{"rendered":"<p>Les altercyclistes arrivent bouche-b\u00e9e devant la beaut\u00e9 de la mini-ferme du Morvan apr\u00e8s une belle journ\u00e9e sur la selle. Rien ne nous semble \u201cmini\u201d ici : la beaut\u00e9, l\u2019ambiance, le calme.<\/p>\n","protected":false},"author":215,"featured_media":27925,"comment_status":"closed","ping_status":"closed","sticky":false,"template":"","format":"standard","meta":{"footnotes":""},"categories":[3471,3483,4313,4447,3488],"tags":[],"class_list":["post-27924","post","type-post","status-publish","format-standard","has-post-thumbnail","hentry","category-auvergne-rhone-alpes","category-agriculture","category-altertour","category-edition-2023","category-social"],"yoast_head":"<!-- This site is optimized with the Yoast SEO plugin v27.3 - https:\/\/yoast.com\/product\/yoast-seo-wordpress\/ -->\n<title>Une mini ferme qui n&#039;a rien de mini ! - AlterTour<\/title>\n<meta name=\"robots\" content=\"index, follow, max-snippet:-1, max-image-preview:large, max-video-preview:-1\" \/>\n<link rel=\"canonical\" href=\"https:\/\/www.altercampagne.net\/?p=27924\" \/>\n<meta property=\"og:locale\" content=\"fr_FR\" \/>\n<meta property=\"og:type\" content=\"article\" \/>\n<meta property=\"og:title\" content=\"Une mini ferme qui n&#039;a rien de mini ! - AlterTour\" \/>\n<meta property=\"og:description\" content=\"Les altercyclistes arrivent bouche-b\u00e9e devant la beaut\u00e9 de la mini-ferme du Morvan apr\u00e8s une belle journ\u00e9e sur la selle. Rien ne nous semble \u201cmini\u201d ici : la beaut\u00e9, l\u2019ambiance, le calme.\" \/>\n<meta property=\"og:url\" content=\"https:\/\/www.altercampagne.net\/?p=27924\" \/>\n<meta property=\"og:site_name\" content=\"AlterTour\" \/>\n<meta property=\"article:published_time\" content=\"2023-07-22T09:16:24+00:00\" \/>\n<meta property=\"article:modified_time\" content=\"2023-08-02T09:48:17+00:00\" \/>\n<meta property=\"og:image\" content=\"https:\/\/www.altercampagne.net\/wp-content\/uploads\/2023\/08\/Mini-ferme-du-morvan.jpg\" \/>\n\t<meta property=\"og:image:width\" content=\"960\" \/>\n\t<meta property=\"og:image:height\" content=\"688\" \/>\n\t<meta property=\"og:image:type\" content=\"image\/jpeg\" \/>\n<meta name=\"author\" content=\"AlterTour\" \/>\n<meta name=\"twitter:card\" content=\"summary_large_image\" \/>\n<meta name=\"twitter:label1\" content=\"\u00c9crit par\" \/>\n\t<meta name=\"twitter:data1\" content=\"AlterTour\" \/>\n\t<meta name=\"twitter:label2\" content=\"Dur\u00e9e de lecture estim\u00e9e\" \/>\n\t<meta name=\"twitter:data2\" content=\"4 minutes\" \/>\n<script type=\"application\/ld+json\" class=\"yoast-schema-graph\">{\"@context\":\"https:\\\/\\\/schema.org\",\"@graph\":[{\"@type\":\"Article\",\"@id\":\"https:\\\/\\\/www.altercampagne.net\\\/?p=27924#article\",\"isPartOf\":{\"@id\":\"https:\\\/\\\/www.altercampagne.net\\\/?p=27924\"},\"author\":{\"name\":\"AlterTour\",\"@id\":\"https:\\\/\\\/www.altercampagne.net\\\/#\\\/schema\\\/person\\\/e5b68c803196f649c2152249d262d94a\"},\"headline\":\"Une mini ferme qui n&rsquo;a rien de mini !\",\"datePublished\":\"2023-07-22T09:16:24+00:00\",\"dateModified\":\"2023-08-02T09:48:17+00:00\",\"mainEntityOfPage\":{\"@id\":\"https:\\\/\\\/www.altercampagne.net\\\/?p=27924\"},\"wordCount\":672,\"image\":{\"@id\":\"https:\\\/\\\/www.altercampagne.net\\\/?p=27924#primaryimage\"},\"thumbnailUrl\":\"https:\\\/\\\/www.altercampagne.net\\\/wp-content\\\/uploads\\\/2023\\\/08\\\/Mini-ferme-du-morvan.jpg\",\"articleSection\":[\"Auvergne-Rh\u00f4ne-Alpes\",\"Agriculture\",\"AlterTour\",\"Edition 2023\",\"Social\"],\"inLanguage\":\"fr-FR\"},{\"@type\":\"WebPage\",\"@id\":\"https:\\\/\\\/www.altercampagne.net\\\/?p=27924\",\"url\":\"https:\\\/\\\/www.altercampagne.net\\\/?p=27924\",\"name\":\"Une mini ferme qui n'a rien de mini ! - AlterTour\",\"isPartOf\":{\"@id\":\"https:\\\/\\\/www.altercampagne.net\\\/#website\"},\"primaryImageOfPage\":{\"@id\":\"https:\\\/\\\/www.altercampagne.net\\\/?p=27924#primaryimage\"},\"image\":{\"@id\":\"https:\\\/\\\/www.altercampagne.net\\\/?p=27924#primaryimage\"},\"thumbnailUrl\":\"https:\\\/\\\/www.altercampagne.net\\\/wp-content\\\/uploads\\\/2023\\\/08\\\/Mini-ferme-du-morvan.jpg\",\"datePublished\":\"2023-07-22T09:16:24+00:00\",\"dateModified\":\"2023-08-02T09:48:17+00:00\",\"author\":{\"@id\":\"https:\\\/\\\/www.altercampagne.net\\\/#\\\/schema\\\/person\\\/e5b68c803196f649c2152249d262d94a\"},\"breadcrumb\":{\"@id\":\"https:\\\/\\\/www.altercampagne.net\\\/?p=27924#breadcrumb\"},\"inLanguage\":\"fr-FR\",\"potentialAction\":[{\"@type\":\"ReadAction\",\"target\":[\"https:\\\/\\\/www.altercampagne.net\\\/?p=27924\"]}]},{\"@type\":\"ImageObject\",\"inLanguage\":\"fr-FR\",\"@id\":\"https:\\\/\\\/www.altercampagne.net\\\/?p=27924#primaryimage\",\"url\":\"https:\\\/\\\/www.altercampagne.net\\\/wp-content\\\/uploads\\\/2023\\\/08\\\/Mini-ferme-du-morvan.jpg\",\"contentUrl\":\"https:\\\/\\\/www.altercampagne.net\\\/wp-content\\\/uploads\\\/2023\\\/08\\\/Mini-ferme-du-morvan.jpg\",\"width\":960,\"height\":688},{\"@type\":\"BreadcrumbList\",\"@id\":\"https:\\\/\\\/www.altercampagne.net\\\/?p=27924#breadcrumb\",\"itemListElement\":[{\"@type\":\"ListItem\",\"position\":1,\"name\":\"Accueil\",\"item\":\"https:\\\/\\\/www.altercampagne.net\\\/\"},{\"@type\":\"ListItem\",\"position\":2,\"name\":\"Une mini ferme qui n&rsquo;a rien de mini !\"}]},{\"@type\":\"WebSite\",\"@id\":\"https:\\\/\\\/www.altercampagne.net\\\/#website\",\"url\":\"https:\\\/\\\/www.altercampagne.net\\\/\",\"name\":\"AlterTour\",\"description\":\"Reliez les Alternatives \u00e0 v\u00e9lo\",\"potentialAction\":[{\"@type\":\"SearchAction\",\"target\":{\"@type\":\"EntryPoint\",\"urlTemplate\":\"https:\\\/\\\/www.altercampagne.net\\\/?s={search_term_string}\"},\"query-input\":{\"@type\":\"PropertyValueSpecification\",\"valueRequired\":true,\"valueName\":\"search_term_string\"}}],\"inLanguage\":\"fr-FR\"},{\"@type\":\"Person\",\"@id\":\"https:\\\/\\\/www.altercampagne.net\\\/#\\\/schema\\\/person\\\/e5b68c803196f649c2152249d262d94a\",\"name\":\"AlterTour\",\"image\":{\"@type\":\"ImageObject\",\"inLanguage\":\"fr-FR\",\"@id\":\"https:\\\/\\\/secure.gravatar.com\\\/avatar\\\/3f2ed77f8506b8ea264ad5938bb0114bfa10f35b64086a66dfbb6e9f58ad9693?s=96&d=mm&r=g\",\"url\":\"https:\\\/\\\/secure.gravatar.com\\\/avatar\\\/3f2ed77f8506b8ea264ad5938bb0114bfa10f35b64086a66dfbb6e9f58ad9693?s=96&d=mm&r=g\",\"contentUrl\":\"https:\\\/\\\/secure.gravatar.com\\\/avatar\\\/3f2ed77f8506b8ea264ad5938bb0114bfa10f35b64086a66dfbb6e9f58ad9693?s=96&d=mm&r=g\",\"caption\":\"AlterTour\"},\"url\":\"https:\\\/\\\/www.altercampagne.net\\\/?author=215\"}]}<\/script>\n<!-- \/ Yoast SEO plugin. -->","yoast_head_json":{"title":"Une mini ferme qui n'a rien de mini ! - AlterTour","robots":{"index":"index","follow":"follow","max-snippet":"max-snippet:-1","max-image-preview":"max-image-preview:large","max-video-preview":"max-video-preview:-1"},"canonical":"https:\/\/www.altercampagne.net\/?p=27924","og_locale":"fr_FR","og_type":"article","og_title":"Une mini ferme qui n'a rien de mini ! - AlterTour","og_description":"Les altercyclistes arrivent bouche-b\u00e9e devant la beaut\u00e9 de la mini-ferme du Morvan apr\u00e8s une belle journ\u00e9e sur la selle. Rien ne nous semble \u201cmini\u201d ici : la beaut\u00e9, l\u2019ambiance, le calme.","og_url":"https:\/\/www.altercampagne.net\/?p=27924","og_site_name":"AlterTour","article_published_time":"2023-07-22T09:16:24+00:00","article_modified_time":"2023-08-02T09:48:17+00:00","og_image":[{"width":960,"height":688,"url":"https:\/\/www.altercampagne.net\/wp-content\/uploads\/2023\/08\/Mini-ferme-du-morvan.jpg","type":"image\/jpeg"}],"author":"AlterTour","twitter_card":"summary_large_image","twitter_misc":{"\u00c9crit par":"AlterTour","Dur\u00e9e de lecture estim\u00e9e":"4 minutes"},"schema":{"@context":"https:\/\/schema.org","@graph":[{"@type":"Article","@id":"https:\/\/www.altercampagne.net\/?p=27924#article","isPartOf":{"@id":"https:\/\/www.altercampagne.net\/?p=27924"},"author":{"name":"AlterTour","@id":"https:\/\/www.altercampagne.net\/#\/schema\/person\/e5b68c803196f649c2152249d262d94a"},"headline":"Une mini ferme qui n&rsquo;a rien de mini !","datePublished":"2023-07-22T09:16:24+00:00","dateModified":"2023-08-02T09:48:17+00:00","mainEntityOfPage":{"@id":"https:\/\/www.altercampagne.net\/?p=27924"},"wordCount":672,"image":{"@id":"https:\/\/www.altercampagne.net\/?p=27924#primaryimage"},"thumbnailUrl":"https:\/\/www.altercampagne.net\/wp-content\/uploads\/2023\/08\/Mini-ferme-du-morvan.jpg","articleSection":["Auvergne-Rh\u00f4ne-Alpes","Agriculture","AlterTour","Edition 2023","Social"],"inLanguage":"fr-FR"},{"@type":"WebPage","@id":"https:\/\/www.altercampagne.net\/?p=27924","url":"https:\/\/www.altercampagne.net\/?p=27924","name":"Une mini ferme qui n'a rien de mini ! - AlterTour","isPartOf":{"@id":"https:\/\/www.altercampagne.net\/#website"},"primaryImageOfPage":{"@id":"https:\/\/www.altercampagne.net\/?p=27924#primaryimage"},"image":{"@id":"https:\/\/www.altercampagne.net\/?p=27924#primaryimage"},"thumbnailUrl":"https:\/\/www.altercampagne.net\/wp-content\/uploads\/2023\/08\/Mini-ferme-du-morvan.jpg","datePublished":"2023-07-22T09:16:24+00:00","dateModified":"2023-08-02T09:48:17+00:00","author":{"@id":"https:\/\/www.altercampagne.net\/#\/schema\/person\/e5b68c803196f649c2152249d262d94a"},"breadcrumb":{"@id":"https:\/\/www.altercampagne.net\/?p=27924#breadcrumb"},"inLanguage":"fr-FR","potentialAction":[{"@type":"ReadAction","target":["https:\/\/www.altercampagne.net\/?p=27924"]}]},{"@type":"ImageObject","inLanguage":"fr-FR","@id":"https:\/\/www.altercampagne.net\/?p=27924#primaryimage","url":"https:\/\/www.altercampagne.net\/wp-content\/uploads\/2023\/08\/Mini-ferme-du-morvan.jpg","contentUrl":"https:\/\/www.altercampagne.net\/wp-content\/uploads\/2023\/08\/Mini-ferme-du-morvan.jpg","width":960,"height":688},{"@type":"BreadcrumbList","@id":"https:\/\/www.altercampagne.net\/?p=27924#breadcrumb","itemListElement":[{"@type":"ListItem","position":1,"name":"Accueil","item":"https:\/\/www.altercampagne.net\/"},{"@type":"ListItem","position":2,"name":"Une mini ferme qui n&rsquo;a rien de mini !"}]},{"@type":"WebSite","@id":"https:\/\/www.altercampagne.net\/#website","url":"https:\/\/www.altercampagne.net\/","name":"AlterTour","description":"Reliez les Alternatives \u00e0 v\u00e9lo","potentialAction":[{"@type":"SearchAction","target":{"@type":"EntryPoint","urlTemplate":"https:\/\/www.altercampagne.net\/?s={search_term_string}"},"query-input":{"@type":"PropertyValueSpecification","valueRequired":true,"valueName":"search_term_string"}}],"inLanguage":"fr-FR"},{"@type":"Person","@id":"https:\/\/www.altercampagne.net\/#\/schema\/person\/e5b68c803196f649c2152249d262d94a","name":"AlterTour","image":{"@type":"ImageObject","inLanguage":"fr-FR","@id":"https:\/\/secure.gravatar.com\/avatar\/3f2ed77f8506b8ea264ad5938bb0114bfa10f35b64086a66dfbb6e9f58ad9693?s=96&d=mm&r=g","url":"https:\/\/secure.gravatar.com\/avatar\/3f2ed77f8506b8ea264ad5938bb0114bfa10f35b64086a66dfbb6e9f58ad9693?s=96&d=mm&r=g","contentUrl":"https:\/\/secure.gravatar.com\/avatar\/3f2ed77f8506b8ea264ad5938bb0114bfa10f35b64086a66dfbb6e9f58ad9693?s=96&d=mm&r=g","caption":"AlterTour"},"url":"https:\/\/www.altercampagne.net\/?author=215"}]}},"_links":{"self":[{"href":"https:\/\/www.altercampagne.net\/index.php?rest_route=\/wp\/v2\/posts\/27924","targetHints":{"allow":["GET"]}}],"collection":[{"href":"https:\/\/www.altercampagne.net\/index.php?rest_route=\/wp\/v2\/posts"}],"about":[{"href":"https:\/\/www.altercampagne.net\/index.php?rest_route=\/wp\/v2\/types\/post"}],"author":[{"embeddable":true,"href":"https:\/\/www.altercampagne.net\/index.php?rest_route=\/wp\/v2\/users\/215"}],"replies":[{"embeddable":true,"href":"https:\/\/www.altercampagne.net\/index.php?rest_route=%2Fwp%2Fv2%2Fcomments&post=27924"}],"version-history":[{"count":2,"href":"https:\/\/www.altercampagne.net\/index.php?rest_route=\/wp\/v2\/posts\/27924\/revisions"}],"predecessor-version":[{"id":27928,"href":"https:\/\/www.altercampagne.net\/index.php?rest_route=\/wp\/v2\/posts\/27924\/revisions\/27928"}],"wp:featuredmedia":[{"embeddable":true,"href":"https:\/\/www.altercampagne.net\/index.php?rest_route=\/wp\/v2\/media\/27925"}],"wp:attachment":[{"href":"https:\/\/www.altercampagne.net\/index.php?rest_route=%2Fwp%2Fv2%2Fmedia&parent=27924"}],"wp:term":[{"taxonomy":"category","embeddable":true,"href":"https:\/\/www.altercampagne.net\/index.php?rest_route=%2Fwp%2Fv2%2Fcategories&post=27924"},{"taxonomy":"post_tag","embeddable":true,"href":"https:\/\/www.altercampagne.net\/index.php?rest_route=%2Fwp%2Fv2%2Ftags&post=27924"}],"curies":[{"name":"wp","href":"https:\/\/api.w.org\/{rel}","templated":true}]}}