{"id":27933,"date":"2023-07-16T12:07:56","date_gmt":"2023-07-16T10:07:56","guid":{"rendered":"https:\/\/www.altercampagne.net\/?p=27933"},"modified":"2023-08-02T12:20:15","modified_gmt":"2023-08-02T10:20:15","slug":"port-de-terre-terre-daccueil","status":"publish","type":"post","link":"https:\/\/www.altercampagne.net\/?p=27933","title":{"rendered":"Port de terre, terre d&rsquo;accueil"},"content":{"rendered":"\n<p>Nous voici arriv\u00e9s \u00e0 Port de Terre, accueillis par Catherine et Gabriel qui g\u00e8rent ce lieu devenu <strong>habitat collectif pour 6 personnes<\/strong>. C&rsquo;est aussi un lieu de vie et d&rsquo;accueil pour des personnes \u00e2g\u00e9es et handicap\u00e9es, ainsi que des personnes venant \u00e0 Port de Terre pour se reconstruire personnellement apr\u00e8s un accident de vie.<\/p>\n\n\n\n<p>Port de Terre a \u00e9t\u00e9 fond\u00e9 par Marie-H\u00e9l\u00e8ne il y a 14 ans, qui a voulu cr\u00e9er un <strong>lieu de vie collectif interg\u00e9n\u00e9rationnel autour des trois valeurs fondamentales de partage<\/strong>, de mutualisation et d&rsquo;entraide. Pour l&rsquo;organisation, le but \u00e9tait d&rsquo;avoir un lieu de vie commun avec des habitats l\u00e9gers pour les espaces personnels. Au fil des ann\u00e9es, le collectif s&rsquo;est agrandi jusqu&rsquo;a 17 personnes puis r\u00e9duit au fur et \u00e0 mesure des changements de vie, jusqu&rsquo;\u00e0 la reprise de Catherine et Gabriel. Marie-H\u00e9l\u00e8ne est une personne pleine de vie, d&rsquo;humour et de gentillesse, et elle a su tisser un v\u00e9ritable r\u00e9seau de relations humaines autour d&rsquo;elle. Enfin, <strong>Port-de-Terre est un lieu de vie artistique<\/strong>, accueillant par exemple le festival \u00ab\u00a0Rire d&rsquo;amour\u00a0\u00bb qui aura lieu fin juillet.<\/p>\n\n\n\n<p><strong>Les altercyclistes ont pu apporter leur touche<\/strong> en participant \u00e0 divers ateliers de construction d&rsquo;un bac \u00e0 sable, d\u00e9sherbage et peinture d&rsquo;un mur \u00e0 la chaux pour customiser l&rsquo;espace de vie en commun.<\/p>\n","protected":false},"excerpt":{"rendered":"<p>Nous voici arriv\u00e9s \u00e0 Port de Terre, accueillis par Catherine et Gabriel qui g\u00e8rent ce lieu devenu habitat collectif pour 6 personnes. C&rsquo;est aussi un lieu de vie et d&rsquo;accueil pour des personnes \u00e2g\u00e9es et handicap\u00e9es, ainsi que des personnes venant \u00e0 Port de Terre pour se reconstruire personnellement apr\u00e8s un accident de vie.<\/p>\n","protected":false},"author":215,"featured_media":27934,"comment_status":"closed","ping_status":"closed","sticky":false,"template":"","format":"standard","meta":{"footnotes":""},"categories":[3471,4447,3485],"tags":[],"class_list":["post-27933","post","type-post","status-publish","format-standard","has-post-thumbnail","hentry","category-auvergne-rhone-alpes","category-edition-2023","category-habitat"],"yoast_head":"<!-- This site is optimized with the Yoast SEO plugin v27.3 - https:\/\/yoast.com\/product\/yoast-seo-wordpress\/ -->\n<title>Port de terre, terre d&#039;accueil - AlterTour<\/title>\n<meta name=\"robots\" content=\"index, follow, max-snippet:-1, max-image-preview:large, max-video-preview:-1\" \/>\n<link rel=\"canonical\" href=\"https:\/\/www.altercampagne.net\/?p=27933\" \/>\n<meta property=\"og:locale\" content=\"fr_FR\" \/>\n<meta property=\"og:type\" content=\"article\" \/>\n<meta property=\"og:title\" content=\"Port de terre, terre d&#039;accueil - AlterTour\" \/>\n<meta property=\"og:description\" content=\"Nous voici arriv\u00e9s \u00e0 Port de Terre, accueillis par Catherine et Gabriel qui g\u00e8rent ce lieu devenu habitat collectif pour 6 personnes. C&#039;est aussi un lieu de vie et d&#039;accueil pour des personnes \u00e2g\u00e9es et handicap\u00e9es, ainsi que des personnes venant \u00e0 Port de Terre pour se reconstruire personnellement apr\u00e8s un accident de vie.\" \/>\n<meta property=\"og:url\" content=\"https:\/\/www.altercampagne.net\/?p=27933\" \/>\n<meta property=\"og:site_name\" content=\"AlterTour\" \/>\n<meta property=\"article:published_time\" content=\"2023-07-16T10:07:56+00:00\" \/>\n<meta property=\"article:modified_time\" content=\"2023-08-02T10:20:15+00:00\" \/>\n<meta property=\"og:image\" content=\"https:\/\/www.altercampagne.net\/wp-content\/uploads\/2023\/08\/Port-de-terre.png\" \/>\n\t<meta property=\"og:image:width\" content=\"898\" \/>\n\t<meta property=\"og:image:height\" content=\"597\" \/>\n\t<meta property=\"og:image:type\" content=\"image\/png\" \/>\n<meta name=\"author\" content=\"AlterTour\" \/>\n<meta name=\"twitter:card\" content=\"summary_large_image\" \/>\n<meta name=\"twitter:label1\" content=\"\u00c9crit par\" \/>\n\t<meta name=\"twitter:data1\" content=\"AlterTour\" \/>\n\t<meta name=\"twitter:label2\" content=\"Dur\u00e9e de lecture estim\u00e9e\" \/>\n\t<meta name=\"twitter:data2\" content=\"2 minutes\" \/>\n<script type=\"application\/ld+json\" class=\"yoast-schema-graph\">{\"@context\":\"https:\\\/\\\/schema.org\",\"@graph\":[{\"@type\":\"Article\",\"@id\":\"https:\\\/\\\/www.altercampagne.net\\\/?p=27933#article\",\"isPartOf\":{\"@id\":\"https:\\\/\\\/www.altercampagne.net\\\/?p=27933\"},\"author\":{\"name\":\"AlterTour\",\"@id\":\"https:\\\/\\\/www.altercampagne.net\\\/#\\\/schema\\\/person\\\/e5b68c803196f649c2152249d262d94a\"},\"headline\":\"Port de terre, terre d&rsquo;accueil\",\"datePublished\":\"2023-07-16T10:07:56+00:00\",\"dateModified\":\"2023-08-02T10:20:15+00:00\",\"mainEntityOfPage\":{\"@id\":\"https:\\\/\\\/www.altercampagne.net\\\/?p=27933\"},\"wordCount\":241,\"image\":{\"@id\":\"https:\\\/\\\/www.altercampagne.net\\\/?p=27933#primaryimage\"},\"thumbnailUrl\":\"https:\\\/\\\/www.altercampagne.net\\\/wp-content\\\/uploads\\\/2023\\\/08\\\/Port-de-terre.png\",\"articleSection\":[\"Auvergne-Rh\u00f4ne-Alpes\",\"Edition 2023\",\"Habitat\"],\"inLanguage\":\"fr-FR\"},{\"@type\":\"WebPage\",\"@id\":\"https:\\\/\\\/www.altercampagne.net\\\/?p=27933\",\"url\":\"https:\\\/\\\/www.altercampagne.net\\\/?p=27933\",\"name\":\"Port de terre, terre d'accueil - AlterTour\",\"isPartOf\":{\"@id\":\"https:\\\/\\\/www.altercampagne.net\\\/#website\"},\"primaryImageOfPage\":{\"@id\":\"https:\\\/\\\/www.altercampagne.net\\\/?p=27933#primaryimage\"},\"image\":{\"@id\":\"https:\\\/\\\/www.altercampagne.net\\\/?p=27933#primaryimage\"},\"thumbnailUrl\":\"https:\\\/\\\/www.altercampagne.net\\\/wp-content\\\/uploads\\\/2023\\\/08\\\/Port-de-terre.png\",\"datePublished\":\"2023-07-16T10:07:56+00:00\",\"dateModified\":\"2023-08-02T10:20:15+00:00\",\"author\":{\"@id\":\"https:\\\/\\\/www.altercampagne.net\\\/#\\\/schema\\\/person\\\/e5b68c803196f649c2152249d262d94a\"},\"breadcrumb\":{\"@id\":\"https:\\\/\\\/www.altercampagne.net\\\/?p=27933#breadcrumb\"},\"inLanguage\":\"fr-FR\",\"potentialAction\":[{\"@type\":\"ReadAction\",\"target\":[\"https:\\\/\\\/www.altercampagne.net\\\/?p=27933\"]}]},{\"@type\":\"ImageObject\",\"inLanguage\":\"fr-FR\",\"@id\":\"https:\\\/\\\/www.altercampagne.net\\\/?p=27933#primaryimage\",\"url\":\"https:\\\/\\\/www.altercampagne.net\\\/wp-content\\\/uploads\\\/2023\\\/08\\\/Port-de-terre.png\",\"contentUrl\":\"https:\\\/\\\/www.altercampagne.net\\\/wp-content\\\/uploads\\\/2023\\\/08\\\/Port-de-terre.png\",\"width\":898,\"height\":597},{\"@type\":\"BreadcrumbList\",\"@id\":\"https:\\\/\\\/www.altercampagne.net\\\/?p=27933#breadcrumb\",\"itemListElement\":[{\"@type\":\"ListItem\",\"position\":1,\"name\":\"Accueil\",\"item\":\"https:\\\/\\\/www.altercampagne.net\\\/\"},{\"@type\":\"ListItem\",\"position\":2,\"name\":\"Port de terre, terre d&rsquo;accueil\"}]},{\"@type\":\"WebSite\",\"@id\":\"https:\\\/\\\/www.altercampagne.net\\\/#website\",\"url\":\"https:\\\/\\\/www.altercampagne.net\\\/\",\"name\":\"AlterTour\",\"description\":\"Reliez les Alternatives \u00e0 v\u00e9lo\",\"potentialAction\":[{\"@type\":\"SearchAction\",\"target\":{\"@type\":\"EntryPoint\",\"urlTemplate\":\"https:\\\/\\\/www.altercampagne.net\\\/?s={search_term_string}\"},\"query-input\":{\"@type\":\"PropertyValueSpecification\",\"valueRequired\":true,\"valueName\":\"search_term_string\"}}],\"inLanguage\":\"fr-FR\"},{\"@type\":\"Person\",\"@id\":\"https:\\\/\\\/www.altercampagne.net\\\/#\\\/schema\\\/person\\\/e5b68c803196f649c2152249d262d94a\",\"name\":\"AlterTour\",\"image\":{\"@type\":\"ImageObject\",\"inLanguage\":\"fr-FR\",\"@id\":\"https:\\\/\\\/secure.gravatar.com\\\/avatar\\\/3f2ed77f8506b8ea264ad5938bb0114bfa10f35b64086a66dfbb6e9f58ad9693?s=96&d=mm&r=g\",\"url\":\"https:\\\/\\\/secure.gravatar.com\\\/avatar\\\/3f2ed77f8506b8ea264ad5938bb0114bfa10f35b64086a66dfbb6e9f58ad9693?s=96&d=mm&r=g\",\"contentUrl\":\"https:\\\/\\\/secure.gravatar.com\\\/avatar\\\/3f2ed77f8506b8ea264ad5938bb0114bfa10f35b64086a66dfbb6e9f58ad9693?s=96&d=mm&r=g\",\"caption\":\"AlterTour\"},\"url\":\"https:\\\/\\\/www.altercampagne.net\\\/?author=215\"}]}<\/script>\n<!-- \/ Yoast SEO plugin. -->","yoast_head_json":{"title":"Port de terre, terre d'accueil - AlterTour","robots":{"index":"index","follow":"follow","max-snippet":"max-snippet:-1","max-image-preview":"max-image-preview:large","max-video-preview":"max-video-preview:-1"},"canonical":"https:\/\/www.altercampagne.net\/?p=27933","og_locale":"fr_FR","og_type":"article","og_title":"Port de terre, terre d'accueil - AlterTour","og_description":"Nous voici arriv\u00e9s \u00e0 Port de Terre, accueillis par Catherine et Gabriel qui g\u00e8rent ce lieu devenu habitat collectif pour 6 personnes. C'est aussi un lieu de vie et d'accueil pour des personnes \u00e2g\u00e9es et handicap\u00e9es, ainsi que des personnes venant \u00e0 Port de Terre pour se reconstruire personnellement apr\u00e8s un accident de vie.","og_url":"https:\/\/www.altercampagne.net\/?p=27933","og_site_name":"AlterTour","article_published_time":"2023-07-16T10:07:56+00:00","article_modified_time":"2023-08-02T10:20:15+00:00","og_image":[{"width":898,"height":597,"url":"https:\/\/www.altercampagne.net\/wp-content\/uploads\/2023\/08\/Port-de-terre.png","type":"image\/png"}],"author":"AlterTour","twitter_card":"summary_large_image","twitter_misc":{"\u00c9crit par":"AlterTour","Dur\u00e9e de lecture estim\u00e9e":"2 minutes"},"schema":{"@context":"https:\/\/schema.org","@graph":[{"@type":"Article","@id":"https:\/\/www.altercampagne.net\/?p=27933#article","isPartOf":{"@id":"https:\/\/www.altercampagne.net\/?p=27933"},"author":{"name":"AlterTour","@id":"https:\/\/www.altercampagne.net\/#\/schema\/person\/e5b68c803196f649c2152249d262d94a"},"headline":"Port de terre, terre d&rsquo;accueil","datePublished":"2023-07-16T10:07:56+00:00","dateModified":"2023-08-02T10:20:15+00:00","mainEntityOfPage":{"@id":"https:\/\/www.altercampagne.net\/?p=27933"},"wordCount":241,"image":{"@id":"https:\/\/www.altercampagne.net\/?p=27933#primaryimage"},"thumbnailUrl":"https:\/\/www.altercampagne.net\/wp-content\/uploads\/2023\/08\/Port-de-terre.png","articleSection":["Auvergne-Rh\u00f4ne-Alpes","Edition 2023","Habitat"],"inLanguage":"fr-FR"},{"@type":"WebPage","@id":"https:\/\/www.altercampagne.net\/?p=27933","url":"https:\/\/www.altercampagne.net\/?p=27933","name":"Port de terre, terre d'accueil - AlterTour","isPartOf":{"@id":"https:\/\/www.altercampagne.net\/#website"},"primaryImageOfPage":{"@id":"https:\/\/www.altercampagne.net\/?p=27933#primaryimage"},"image":{"@id":"https:\/\/www.altercampagne.net\/?p=27933#primaryimage"},"thumbnailUrl":"https:\/\/www.altercampagne.net\/wp-content\/uploads\/2023\/08\/Port-de-terre.png","datePublished":"2023-07-16T10:07:56+00:00","dateModified":"2023-08-02T10:20:15+00:00","author":{"@id":"https:\/\/www.altercampagne.net\/#\/schema\/person\/e5b68c803196f649c2152249d262d94a"},"breadcrumb":{"@id":"https:\/\/www.altercampagne.net\/?p=27933#breadcrumb"},"inLanguage":"fr-FR","potentialAction":[{"@type":"ReadAction","target":["https:\/\/www.altercampagne.net\/?p=27933"]}]},{"@type":"ImageObject","inLanguage":"fr-FR","@id":"https:\/\/www.altercampagne.net\/?p=27933#primaryimage","url":"https:\/\/www.altercampagne.net\/wp-content\/uploads\/2023\/08\/Port-de-terre.png","contentUrl":"https:\/\/www.altercampagne.net\/wp-content\/uploads\/2023\/08\/Port-de-terre.png","width":898,"height":597},{"@type":"BreadcrumbList","@id":"https:\/\/www.altercampagne.net\/?p=27933#breadcrumb","itemListElement":[{"@type":"ListItem","position":1,"name":"Accueil","item":"https:\/\/www.altercampagne.net\/"},{"@type":"ListItem","position":2,"name":"Port de terre, terre d&rsquo;accueil"}]},{"@type":"WebSite","@id":"https:\/\/www.altercampagne.net\/#website","url":"https:\/\/www.altercampagne.net\/","name":"AlterTour","description":"Reliez les Alternatives \u00e0 v\u00e9lo","potentialAction":[{"@type":"SearchAction","target":{"@type":"EntryPoint","urlTemplate":"https:\/\/www.altercampagne.net\/?s={search_term_string}"},"query-input":{"@type":"PropertyValueSpecification","valueRequired":true,"valueName":"search_term_string"}}],"inLanguage":"fr-FR"},{"@type":"Person","@id":"https:\/\/www.altercampagne.net\/#\/schema\/person\/e5b68c803196f649c2152249d262d94a","name":"AlterTour","image":{"@type":"ImageObject","inLanguage":"fr-FR","@id":"https:\/\/secure.gravatar.com\/avatar\/3f2ed77f8506b8ea264ad5938bb0114bfa10f35b64086a66dfbb6e9f58ad9693?s=96&d=mm&r=g","url":"https:\/\/secure.gravatar.com\/avatar\/3f2ed77f8506b8ea264ad5938bb0114bfa10f35b64086a66dfbb6e9f58ad9693?s=96&d=mm&r=g","contentUrl":"https:\/\/secure.gravatar.com\/avatar\/3f2ed77f8506b8ea264ad5938bb0114bfa10f35b64086a66dfbb6e9f58ad9693?s=96&d=mm&r=g","caption":"AlterTour"},"url":"https:\/\/www.altercampagne.net\/?author=215"}]}},"_links":{"self":[{"href":"https:\/\/www.altercampagne.net\/index.php?rest_route=\/wp\/v2\/posts\/27933","targetHints":{"allow":["GET"]}}],"collection":[{"href":"https:\/\/www.altercampagne.net\/index.php?rest_route=\/wp\/v2\/posts"}],"about":[{"href":"https:\/\/www.altercampagne.net\/index.php?rest_route=\/wp\/v2\/types\/post"}],"author":[{"embeddable":true,"href":"https:\/\/www.altercampagne.net\/index.php?rest_route=\/wp\/v2\/users\/215"}],"replies":[{"embeddable":true,"href":"https:\/\/www.altercampagne.net\/index.php?rest_route=%2Fwp%2Fv2%2Fcomments&post=27933"}],"version-history":[{"count":3,"href":"https:\/\/www.altercampagne.net\/index.php?rest_route=\/wp\/v2\/posts\/27933\/revisions"}],"predecessor-version":[{"id":27939,"href":"https:\/\/www.altercampagne.net\/index.php?rest_route=\/wp\/v2\/posts\/27933\/revisions\/27939"}],"wp:featuredmedia":[{"embeddable":true,"href":"https:\/\/www.altercampagne.net\/index.php?rest_route=\/wp\/v2\/media\/27934"}],"wp:attachment":[{"href":"https:\/\/www.altercampagne.net\/index.php?rest_route=%2Fwp%2Fv2%2Fmedia&parent=27933"}],"wp:term":[{"taxonomy":"category","embeddable":true,"href":"https:\/\/www.altercampagne.net\/index.php?rest_route=%2Fwp%2Fv2%2Fcategories&post=27933"},{"taxonomy":"post_tag","embeddable":true,"href":"https:\/\/www.altercampagne.net\/index.php?rest_route=%2Fwp%2Fv2%2Ftags&post=27933"}],"curies":[{"name":"wp","href":"https:\/\/api.w.org\/{rel}","templated":true}]}}