{"id":27940,"date":"2023-07-31T14:19:57","date_gmt":"2023-07-31T12:19:57","guid":{"rendered":"https:\/\/www.altercampagne.net\/?p=27940"},"modified":"2023-08-05T14:58:34","modified_gmt":"2023-08-05T12:58:34","slug":"letape-ledonienne-du-velo-et-encore-du-velo","status":"publish","type":"post","link":"https:\/\/www.altercampagne.net\/?p=27940","title":{"rendered":"L&rsquo;\u00e9tape l\u00e9donienne : du v\u00e9lo et encore du v\u00e9lo"},"content":{"rendered":"\n<h4 class=\"wp-block-heading\">Mais que se passe-t-il sur le terrain de foot de Montmorot ce 31 juillet ? <\/h4>\n\n\n\n<p>Selon la rumeur, 60 altercyclistes auraient investi le stade de foot du village pour vivre <strong>deux jours en \u00ab\u00a0autonomie\u00a0\u00bb<\/strong>. Le matin, certain.es habitant.es les auraient aper\u00e7u.es rassembl\u00e9.es autour de leurs v\u00e9los en posture d&rsquo;adoration, \u00e9coutant le sermon enflamm\u00e9 de ce qui semble \u00eatre leurs gourous, des <strong>m\u00e9caniciennes v\u00e9lo expliquant les rouages de leur machine infernale sans moteur<\/strong>. Le public en d\u00e9lire aurait m\u00eame fait une hol\u00e0 de remerciements \u00e0 la fin de la c\u00e9r\u00e9monie tant il aurait acquis un savoir fondamental. Vous ne me croirez pas, mais au m\u00eame moment, \u00e0 Lons-le-Saunier, on aurait \u00e9galement aper\u00e7u une partie de ces dangereux.ses \u00e9nergum\u00e8nes partager une <strong>bi\u00e8re de l&rsquo;amiti\u00e9 avec les fondateurices<\/strong> de la subversive <strong><a href=\"https:\/\/cooplacambuse.fr\/\" target=\"_blank\" rel=\"noreferrer noopener\">Coop\u00e9rative La Cambuse<\/a><\/strong>. <\/p>\n\n\n\n<p>Quoi, vous ne connaissez pas la Cambuse ? Mais si, vous savez, ce dangereux groupe de 3 id\u00e9alistes qui ont r\u00e9alis\u00e9 <strong>leur r\u00eave de cr\u00e9er une \u00e9picerie coop\u00e9rative<\/strong> o\u00f9 il fait bon vivre. On mange bien, on ach\u00e8te directement aux producteur.ices, on fait 3h par mois de b\u00e9n\u00e9volat, le r\u00eave quoi ! Au point qu&rsquo;iels ont r\u00e9ussit \u00e0 <strong>convertir pas loin de 250 de nos Franc-Comptois.es !<\/strong> <\/p>\n\n\n\n<p>Et devinez le pire ? On aurait m\u00eame aper\u00e7u.es ces altercyclistes au Temple protestant tout l&rsquo;apr\u00e8s-midi pour des op\u00e9rations obscures. Un pique-nique sauvage dans l&rsquo;herbe sacr\u00e9e du temple. Puis, oh sacril\u00e8ge, ils auraient exhum\u00e9 un nombre incalculable de v\u00e9los enterr\u00e9s dans les combles du Temple pour les r\u00e9duire en morceaux et les revendre au plus offrant. Soit disant pour la bonne cause, le choux gras de l&rsquo;<strong><a href=\"http:\/\/veloquirit39000.fubicy.org\/\" target=\"_blank\" rel=\"noreferrer noopener\">association V\u00e9lo qui rit<\/a><\/strong>. <\/p>\n\n\n\n<figure class=\"wp-block-image size-large\"><a href=\"https:\/\/www.altercampagne.net\/wp-content\/uploads\/2023\/08\/Velo-qui-rit-2.jpg\"><img loading=\"lazy\" decoding=\"async\" width=\"1024\" height=\"683\" src=\"https:\/\/www.altercampagne.net\/wp-content\/uploads\/2023\/08\/Velo-qui-rit-2-1024x683.jpg\" alt=\"\" class=\"wp-image-27942\" srcset=\"https:\/\/www.altercampagne.net\/wp-content\/uploads\/2023\/08\/Velo-qui-rit-2-1024x683.jpg 1024w, https:\/\/www.altercampagne.net\/wp-content\/uploads\/2023\/08\/Velo-qui-rit-2-300x200.jpg 300w, https:\/\/www.altercampagne.net\/wp-content\/uploads\/2023\/08\/Velo-qui-rit-2-768x512.jpg 768w, https:\/\/www.altercampagne.net\/wp-content\/uploads\/2023\/08\/Velo-qui-rit-2-1536x1024.jpg 1536w, https:\/\/www.altercampagne.net\/wp-content\/uploads\/2023\/08\/Velo-qui-rit-2-100x67.jpg 100w, https:\/\/www.altercampagne.net\/wp-content\/uploads\/2023\/08\/Velo-qui-rit-2-862x575.jpg 862w, https:\/\/www.altercampagne.net\/wp-content\/uploads\/2023\/08\/Velo-qui-rit-2-1140x760.jpg 1140w, https:\/\/www.altercampagne.net\/wp-content\/uploads\/2023\/08\/Velo-qui-rit-2.jpg 1824w\" sizes=\"auto, (max-width: 1024px) 100vw, 1024px\" \/><\/a><\/figure>\n\n\n\n<p>Pour finir ce rapport accablant, ces uluberlu.es \u00e9colos se seraient m\u00eame introduit.es en fin d&rsquo;apr\u00e8s-midi dans les locaux du centre social de Lons-le-Saunier pour y projeter des films sur le voyage \u00e0 v\u00e9lo. Nos espions sur place rapportent qu&rsquo;iels auraient projet\u00e9 deux films : <a href=\"https:\/\/www.rdv-aventure.fr\/la-fabrique-de-laventure\/rebond\/\" target=\"_blank\" rel=\"noreferrer noopener\"><strong>Mille borne<\/strong><\/a> et <strong><a href=\"https:\/\/www.lesincrevables.org\/\" target=\"_blank\" rel=\"noreferrer noopener\">Les Increvables<\/a><\/strong>. Mille borne raconterait le voyage \u00e0 v\u00e9lo d&rsquo;une dizaine de L\u00e9doniens jusqu&rsquo;\u00e0 Biarritz, accomplissant un <strong>p\u00e9riple de mille kilom\u00e8tre sur des v\u00e9los plus ou moins originaux<\/strong> (tandem, tandem mixte couch\u00e9, v\u00e9lo couch\u00e9..). Ce groupe, compos\u00e9 de <strong>personnes en situation de handicap<\/strong> et men\u00e9 par Olivia et Yves Chaloin, illustre le <strong>potentiel d&rsquo;accessibilit\u00e9 du v\u00e9lo et la force du collectif<\/strong>. Dans le deuxi\u00e8me film, Les Increvables, cinq jeunes femmes voyagent de Nantes \u00e0 Noirmoutier avec comme message <strong>la lutte contre les violences faites aux femmes<\/strong>. Ces deux films auraient confirm\u00e9 \u00e0 ces cyclistes alternatif.ves <strong>la libert\u00e9 et le courage que procurent un voyage \u00e0 v\u00e9lo<\/strong>. <\/p>\n\n\n\n<p>Pour conclure, nous sommes tr\u00e8s surpris.es du passage de ces \u00e9tranges cyclistes aux activit\u00e9s les plus \u00e9tonnantes dans des lieux les plus improbables. Mais iels avaient l&rsquo;air tellement heureux.ses qu&rsquo;<strong>on a bien envie de les imiter pour savoir ce que \u00e7a fait<\/strong>. On va de toute fa\u00e7on placer un.e de nos reporters dans leur sillage pour conna\u00eetre la suite de leurs incroyables aventures.<\/p>\n\n\n\n<p class=\"has-text-align-right\"><em>Luisa et Benjamin<\/em><\/p>\n","protected":false},"excerpt":{"rendered":"<p>Mais que se passe-t-il sur le terrain de foot de Montmorot ce 31 juillet ? <\/p>\n<p>Selon la rumeur, 60 altercyclistes auraient investi le stade de foot du village pour vivre deux jours en \u00ab\u00a0autonomie\u00a0\u00bb.<\/p>\n","protected":false},"author":215,"featured_media":27941,"comment_status":"closed","ping_status":"closed","sticky":false,"template":"","format":"standard","meta":{"footnotes":""},"categories":[4313,3489,3495,4447,4054,3932],"tags":[],"class_list":["post-27940","post","type-post","status-publish","format-standard","has-post-thumbnail","hentry","category-altertour","category-alimentation","category-bourgogne-franche-comte","category-edition-2023","category-temoignages","category-velo"],"yoast_head":"<!-- This site is optimized with the Yoast SEO plugin v27.3 - https:\/\/yoast.com\/product\/yoast-seo-wordpress\/ -->\n<title>L&#039;\u00e9tape l\u00e9donienne : du v\u00e9lo et encore du v\u00e9lo - AlterTour<\/title>\n<meta name=\"robots\" content=\"index, follow, max-snippet:-1, max-image-preview:large, max-video-preview:-1\" \/>\n<link rel=\"canonical\" href=\"https:\/\/www.altercampagne.net\/?p=27940\" \/>\n<meta property=\"og:locale\" content=\"fr_FR\" \/>\n<meta property=\"og:type\" content=\"article\" \/>\n<meta property=\"og:title\" content=\"L&#039;\u00e9tape l\u00e9donienne : du v\u00e9lo et encore du v\u00e9lo - AlterTour\" \/>\n<meta property=\"og:description\" content=\"Mais que se passe-t-il sur le terrain de foot de Montmorot ce 31 juillet ?  Selon la rumeur, 60 altercyclistes auraient investi le stade de foot du village pour vivre deux jours en &quot;autonomie&quot;.\" \/>\n<meta property=\"og:url\" content=\"https:\/\/www.altercampagne.net\/?p=27940\" \/>\n<meta property=\"og:site_name\" content=\"AlterTour\" \/>\n<meta property=\"article:published_time\" content=\"2023-07-31T12:19:57+00:00\" \/>\n<meta property=\"article:modified_time\" content=\"2023-08-05T12:58:34+00:00\" \/>\n<meta property=\"og:image\" content=\"https:\/\/www.altercampagne.net\/wp-content\/uploads\/2023\/08\/Velo-qui-rit-1-scaled.jpg\" \/>\n\t<meta property=\"og:image:width\" content=\"2560\" \/>\n\t<meta property=\"og:image:height\" content=\"1486\" \/>\n\t<meta property=\"og:image:type\" content=\"image\/jpeg\" \/>\n<meta name=\"author\" content=\"AlterTour\" \/>\n<meta name=\"twitter:card\" content=\"summary_large_image\" \/>\n<meta name=\"twitter:label1\" content=\"\u00c9crit par\" \/>\n\t<meta name=\"twitter:data1\" content=\"AlterTour\" \/>\n\t<meta name=\"twitter:label2\" content=\"Dur\u00e9e de lecture estim\u00e9e\" \/>\n\t<meta name=\"twitter:data2\" content=\"3 minutes\" \/>\n<script type=\"application\/ld+json\" class=\"yoast-schema-graph\">{\"@context\":\"https:\\\/\\\/schema.org\",\"@graph\":[{\"@type\":\"Article\",\"@id\":\"https:\\\/\\\/www.altercampagne.net\\\/?p=27940#article\",\"isPartOf\":{\"@id\":\"https:\\\/\\\/www.altercampagne.net\\\/?p=27940\"},\"author\":{\"name\":\"AlterTour\",\"@id\":\"https:\\\/\\\/www.altercampagne.net\\\/#\\\/schema\\\/person\\\/e5b68c803196f649c2152249d262d94a\"},\"headline\":\"L&rsquo;\u00e9tape l\u00e9donienne : du v\u00e9lo et encore du v\u00e9lo\",\"datePublished\":\"2023-07-31T12:19:57+00:00\",\"dateModified\":\"2023-08-05T12:58:34+00:00\",\"mainEntityOfPage\":{\"@id\":\"https:\\\/\\\/www.altercampagne.net\\\/?p=27940\"},\"wordCount\":556,\"image\":{\"@id\":\"https:\\\/\\\/www.altercampagne.net\\\/?p=27940#primaryimage\"},\"thumbnailUrl\":\"https:\\\/\\\/www.altercampagne.net\\\/wp-content\\\/uploads\\\/2023\\\/08\\\/Velo-qui-rit-1-scaled.jpg\",\"articleSection\":[\"AlterTour\",\"Alimentation\",\"Bourgogne-Franche-Comt\u00e9\",\"Edition 2023\",\"T\u00e9moignages\",\"V\u00e9lo\"],\"inLanguage\":\"fr-FR\"},{\"@type\":\"WebPage\",\"@id\":\"https:\\\/\\\/www.altercampagne.net\\\/?p=27940\",\"url\":\"https:\\\/\\\/www.altercampagne.net\\\/?p=27940\",\"name\":\"L'\u00e9tape l\u00e9donienne : du v\u00e9lo et encore du v\u00e9lo - AlterTour\",\"isPartOf\":{\"@id\":\"https:\\\/\\\/www.altercampagne.net\\\/#website\"},\"primaryImageOfPage\":{\"@id\":\"https:\\\/\\\/www.altercampagne.net\\\/?p=27940#primaryimage\"},\"image\":{\"@id\":\"https:\\\/\\\/www.altercampagne.net\\\/?p=27940#primaryimage\"},\"thumbnailUrl\":\"https:\\\/\\\/www.altercampagne.net\\\/wp-content\\\/uploads\\\/2023\\\/08\\\/Velo-qui-rit-1-scaled.jpg\",\"datePublished\":\"2023-07-31T12:19:57+00:00\",\"dateModified\":\"2023-08-05T12:58:34+00:00\",\"author\":{\"@id\":\"https:\\\/\\\/www.altercampagne.net\\\/#\\\/schema\\\/person\\\/e5b68c803196f649c2152249d262d94a\"},\"breadcrumb\":{\"@id\":\"https:\\\/\\\/www.altercampagne.net\\\/?p=27940#breadcrumb\"},\"inLanguage\":\"fr-FR\",\"potentialAction\":[{\"@type\":\"ReadAction\",\"target\":[\"https:\\\/\\\/www.altercampagne.net\\\/?p=27940\"]}]},{\"@type\":\"ImageObject\",\"inLanguage\":\"fr-FR\",\"@id\":\"https:\\\/\\\/www.altercampagne.net\\\/?p=27940#primaryimage\",\"url\":\"https:\\\/\\\/www.altercampagne.net\\\/wp-content\\\/uploads\\\/2023\\\/08\\\/Velo-qui-rit-1-scaled.jpg\",\"contentUrl\":\"https:\\\/\\\/www.altercampagne.net\\\/wp-content\\\/uploads\\\/2023\\\/08\\\/Velo-qui-rit-1-scaled.jpg\",\"width\":2560,\"height\":1486},{\"@type\":\"BreadcrumbList\",\"@id\":\"https:\\\/\\\/www.altercampagne.net\\\/?p=27940#breadcrumb\",\"itemListElement\":[{\"@type\":\"ListItem\",\"position\":1,\"name\":\"Accueil\",\"item\":\"https:\\\/\\\/www.altercampagne.net\\\/\"},{\"@type\":\"ListItem\",\"position\":2,\"name\":\"L&rsquo;\u00e9tape l\u00e9donienne : du v\u00e9lo et encore du v\u00e9lo\"}]},{\"@type\":\"WebSite\",\"@id\":\"https:\\\/\\\/www.altercampagne.net\\\/#website\",\"url\":\"https:\\\/\\\/www.altercampagne.net\\\/\",\"name\":\"AlterTour\",\"description\":\"Reliez les Alternatives \u00e0 v\u00e9lo\",\"potentialAction\":[{\"@type\":\"SearchAction\",\"target\":{\"@type\":\"EntryPoint\",\"urlTemplate\":\"https:\\\/\\\/www.altercampagne.net\\\/?s={search_term_string}\"},\"query-input\":{\"@type\":\"PropertyValueSpecification\",\"valueRequired\":true,\"valueName\":\"search_term_string\"}}],\"inLanguage\":\"fr-FR\"},{\"@type\":\"Person\",\"@id\":\"https:\\\/\\\/www.altercampagne.net\\\/#\\\/schema\\\/person\\\/e5b68c803196f649c2152249d262d94a\",\"name\":\"AlterTour\",\"image\":{\"@type\":\"ImageObject\",\"inLanguage\":\"fr-FR\",\"@id\":\"https:\\\/\\\/secure.gravatar.com\\\/avatar\\\/3f2ed77f8506b8ea264ad5938bb0114bfa10f35b64086a66dfbb6e9f58ad9693?s=96&d=mm&r=g\",\"url\":\"https:\\\/\\\/secure.gravatar.com\\\/avatar\\\/3f2ed77f8506b8ea264ad5938bb0114bfa10f35b64086a66dfbb6e9f58ad9693?s=96&d=mm&r=g\",\"contentUrl\":\"https:\\\/\\\/secure.gravatar.com\\\/avatar\\\/3f2ed77f8506b8ea264ad5938bb0114bfa10f35b64086a66dfbb6e9f58ad9693?s=96&d=mm&r=g\",\"caption\":\"AlterTour\"},\"url\":\"https:\\\/\\\/www.altercampagne.net\\\/?author=215\"}]}<\/script>\n<!-- \/ Yoast SEO plugin. -->","yoast_head_json":{"title":"L'\u00e9tape l\u00e9donienne : du v\u00e9lo et encore du v\u00e9lo - AlterTour","robots":{"index":"index","follow":"follow","max-snippet":"max-snippet:-1","max-image-preview":"max-image-preview:large","max-video-preview":"max-video-preview:-1"},"canonical":"https:\/\/www.altercampagne.net\/?p=27940","og_locale":"fr_FR","og_type":"article","og_title":"L'\u00e9tape l\u00e9donienne : du v\u00e9lo et encore du v\u00e9lo - AlterTour","og_description":"Mais que se passe-t-il sur le terrain de foot de Montmorot ce 31 juillet ?  Selon la rumeur, 60 altercyclistes auraient investi le stade de foot du village pour vivre deux jours en \"autonomie\".","og_url":"https:\/\/www.altercampagne.net\/?p=27940","og_site_name":"AlterTour","article_published_time":"2023-07-31T12:19:57+00:00","article_modified_time":"2023-08-05T12:58:34+00:00","og_image":[{"width":2560,"height":1486,"url":"https:\/\/www.altercampagne.net\/wp-content\/uploads\/2023\/08\/Velo-qui-rit-1-scaled.jpg","type":"image\/jpeg"}],"author":"AlterTour","twitter_card":"summary_large_image","twitter_misc":{"\u00c9crit par":"AlterTour","Dur\u00e9e de lecture estim\u00e9e":"3 minutes"},"schema":{"@context":"https:\/\/schema.org","@graph":[{"@type":"Article","@id":"https:\/\/www.altercampagne.net\/?p=27940#article","isPartOf":{"@id":"https:\/\/www.altercampagne.net\/?p=27940"},"author":{"name":"AlterTour","@id":"https:\/\/www.altercampagne.net\/#\/schema\/person\/e5b68c803196f649c2152249d262d94a"},"headline":"L&rsquo;\u00e9tape l\u00e9donienne : du v\u00e9lo et encore du v\u00e9lo","datePublished":"2023-07-31T12:19:57+00:00","dateModified":"2023-08-05T12:58:34+00:00","mainEntityOfPage":{"@id":"https:\/\/www.altercampagne.net\/?p=27940"},"wordCount":556,"image":{"@id":"https:\/\/www.altercampagne.net\/?p=27940#primaryimage"},"thumbnailUrl":"https:\/\/www.altercampagne.net\/wp-content\/uploads\/2023\/08\/Velo-qui-rit-1-scaled.jpg","articleSection":["AlterTour","Alimentation","Bourgogne-Franche-Comt\u00e9","Edition 2023","T\u00e9moignages","V\u00e9lo"],"inLanguage":"fr-FR"},{"@type":"WebPage","@id":"https:\/\/www.altercampagne.net\/?p=27940","url":"https:\/\/www.altercampagne.net\/?p=27940","name":"L'\u00e9tape l\u00e9donienne : du v\u00e9lo et encore du v\u00e9lo - AlterTour","isPartOf":{"@id":"https:\/\/www.altercampagne.net\/#website"},"primaryImageOfPage":{"@id":"https:\/\/www.altercampagne.net\/?p=27940#primaryimage"},"image":{"@id":"https:\/\/www.altercampagne.net\/?p=27940#primaryimage"},"thumbnailUrl":"https:\/\/www.altercampagne.net\/wp-content\/uploads\/2023\/08\/Velo-qui-rit-1-scaled.jpg","datePublished":"2023-07-31T12:19:57+00:00","dateModified":"2023-08-05T12:58:34+00:00","author":{"@id":"https:\/\/www.altercampagne.net\/#\/schema\/person\/e5b68c803196f649c2152249d262d94a"},"breadcrumb":{"@id":"https:\/\/www.altercampagne.net\/?p=27940#breadcrumb"},"inLanguage":"fr-FR","potentialAction":[{"@type":"ReadAction","target":["https:\/\/www.altercampagne.net\/?p=27940"]}]},{"@type":"ImageObject","inLanguage":"fr-FR","@id":"https:\/\/www.altercampagne.net\/?p=27940#primaryimage","url":"https:\/\/www.altercampagne.net\/wp-content\/uploads\/2023\/08\/Velo-qui-rit-1-scaled.jpg","contentUrl":"https:\/\/www.altercampagne.net\/wp-content\/uploads\/2023\/08\/Velo-qui-rit-1-scaled.jpg","width":2560,"height":1486},{"@type":"BreadcrumbList","@id":"https:\/\/www.altercampagne.net\/?p=27940#breadcrumb","itemListElement":[{"@type":"ListItem","position":1,"name":"Accueil","item":"https:\/\/www.altercampagne.net\/"},{"@type":"ListItem","position":2,"name":"L&rsquo;\u00e9tape l\u00e9donienne : du v\u00e9lo et encore du v\u00e9lo"}]},{"@type":"WebSite","@id":"https:\/\/www.altercampagne.net\/#website","url":"https:\/\/www.altercampagne.net\/","name":"AlterTour","description":"Reliez les Alternatives \u00e0 v\u00e9lo","potentialAction":[{"@type":"SearchAction","target":{"@type":"EntryPoint","urlTemplate":"https:\/\/www.altercampagne.net\/?s={search_term_string}"},"query-input":{"@type":"PropertyValueSpecification","valueRequired":true,"valueName":"search_term_string"}}],"inLanguage":"fr-FR"},{"@type":"Person","@id":"https:\/\/www.altercampagne.net\/#\/schema\/person\/e5b68c803196f649c2152249d262d94a","name":"AlterTour","image":{"@type":"ImageObject","inLanguage":"fr-FR","@id":"https:\/\/secure.gravatar.com\/avatar\/3f2ed77f8506b8ea264ad5938bb0114bfa10f35b64086a66dfbb6e9f58ad9693?s=96&d=mm&r=g","url":"https:\/\/secure.gravatar.com\/avatar\/3f2ed77f8506b8ea264ad5938bb0114bfa10f35b64086a66dfbb6e9f58ad9693?s=96&d=mm&r=g","contentUrl":"https:\/\/secure.gravatar.com\/avatar\/3f2ed77f8506b8ea264ad5938bb0114bfa10f35b64086a66dfbb6e9f58ad9693?s=96&d=mm&r=g","caption":"AlterTour"},"url":"https:\/\/www.altercampagne.net\/?author=215"}]}},"_links":{"self":[{"href":"https:\/\/www.altercampagne.net\/index.php?rest_route=\/wp\/v2\/posts\/27940","targetHints":{"allow":["GET"]}}],"collection":[{"href":"https:\/\/www.altercampagne.net\/index.php?rest_route=\/wp\/v2\/posts"}],"about":[{"href":"https:\/\/www.altercampagne.net\/index.php?rest_route=\/wp\/v2\/types\/post"}],"author":[{"embeddable":true,"href":"https:\/\/www.altercampagne.net\/index.php?rest_route=\/wp\/v2\/users\/215"}],"replies":[{"embeddable":true,"href":"https:\/\/www.altercampagne.net\/index.php?rest_route=%2Fwp%2Fv2%2Fcomments&post=27940"}],"version-history":[{"count":2,"href":"https:\/\/www.altercampagne.net\/index.php?rest_route=\/wp\/v2\/posts\/27940\/revisions"}],"predecessor-version":[{"id":27945,"href":"https:\/\/www.altercampagne.net\/index.php?rest_route=\/wp\/v2\/posts\/27940\/revisions\/27945"}],"wp:featuredmedia":[{"embeddable":true,"href":"https:\/\/www.altercampagne.net\/index.php?rest_route=\/wp\/v2\/media\/27941"}],"wp:attachment":[{"href":"https:\/\/www.altercampagne.net\/index.php?rest_route=%2Fwp%2Fv2%2Fmedia&parent=27940"}],"wp:term":[{"taxonomy":"category","embeddable":true,"href":"https:\/\/www.altercampagne.net\/index.php?rest_route=%2Fwp%2Fv2%2Fcategories&post=27940"},{"taxonomy":"post_tag","embeddable":true,"href":"https:\/\/www.altercampagne.net\/index.php?rest_route=%2Fwp%2Fv2%2Ftags&post=27940"}],"curies":[{"name":"wp","href":"https:\/\/api.w.org\/{rel}","templated":true}]}}