{"id":28029,"date":"2024-01-21T15:04:15","date_gmt":"2024-01-21T14:04:15","guid":{"rendered":"https:\/\/www.altercampagne.net\/?p=28029"},"modified":"2024-01-21T15:04:17","modified_gmt":"2024-01-21T14:04:17","slug":"laltertour-2024-on-lache-rien","status":"publish","type":"post","link":"https:\/\/www.altercampagne.net\/?p=28029","title":{"rendered":"l&rsquo;AlterTour 2024 : on l\u00e2che rien !"},"content":{"rendered":"\n<p><strong>Pour sa 17\u00e8me ann\u00e9e cons\u00e9cutive plus de 300 cyclistes vont parcourir l\u2019Alsace-Lorraine, la Champagne-Ardennes et les Hauts-de-France \u00e0 la rencontre d\u2019alternatives<\/strong> !<\/p>\n\n\n\n<h3 class=\"wp-block-heading\">L\u2019AlterTour roulera de l&rsquo;Allemagne \u00e0 Calais, du 8 juillet au 25 ao\u00fbt 2024<\/h3>\n\n\n\n<h4 class=\"wp-block-heading\"><strong>Rien ne nous arr\u00eate !<\/strong><\/h4>\n\n\n\n<p>Une ann\u00e9e de restructuration a forte valeur \u00e9motionnelle, une \u00e9dition 2023 haute en couleurs port\u00e9e \u00e0 la <strong>seule force b\u00e9n\u00e9vole<\/strong>, ainsi que l&rsquo;arriv\u00e9e d&rsquo;une <strong>nouvelle fourn\u00e9e d&rsquo;adh\u00e9rent&rsquo;es<\/strong> plein&rsquo;es d&rsquo;\u00e9nergie nous confirment que <strong>nous l&rsquo;adorons cet AlterTour<\/strong>, et qu&rsquo;il a encore de tr\u00e8s belles ann\u00e9es devant lui !<br>l&rsquo;<strong>AT24<\/strong> (<em>de son p&rsquo;tit nom qu&rsquo;on lui donne en interne<\/em>) promet non seulement des paysages \u00e9merveillants  &#8212;<em> <\/em><strong>pas moins de 7 parcs naturels !<\/strong><em><strong> <\/strong><\/em>&#8212;  et surtout, surtout&#8230;. encore et toujours <strong>des lieux et des personnes extraordinaires<\/strong> (au sens propre !), qui elles non-plus <strong>ne l\u00e2chent rien<\/strong> face aux mouvements chaotiques de ce monde !<\/p>\n\n\n\n<h4 class=\"wp-block-heading\">RDV les 27 et 28 janvier \u00e0 la Pl\u00e9ni\u00e8re !<\/h4>\n\n\n\n<p>Si l&rsquo;\u00e9quipe est solide et avance sur les diff\u00e9rents chantiers de l&rsquo;association AlterCampagne, <strong>toute nouvelle envie<\/strong>, app\u00e9tence et\/ou comp\u00e9tence est toujours et encore la bienvenue !<br>Venez donc ce weekend <strong>\u00e0 la Cord\u00e9e\u00a0de Villeurbanne<\/strong> &#8211; <em>71 Rue Francis de Pressens\u00e9 &#8211; 69100 Villeurbanne<\/em> &#8211; pour (re)d\u00e9couvrir, s&rsquo;impliquer, aider, apporter de nouvelles id\u00e9es, &#8230; ET <strong>devenir Pr\u00e9parateur&rsquo;ice d&rsquo;\u00c9tapes de l&rsquo;AlterTour 2024<\/strong> !<\/p>\n\n\n\n<h4 class=\"wp-block-heading\">d&rsquo;ici la revoyure, on prend bien soin de nous et de notre entourage<\/h4>\n\n\n\n<figure class=\"wp-block-image size-full is-resized\"><a href=\"https:\/\/www.altercampagne.net\/wp-content\/uploads\/2024\/01\/DSC06730.jpg\"><img loading=\"lazy\" decoding=\"async\" width=\"450\" height=\"300\" src=\"https:\/\/www.altercampagne.net\/wp-content\/uploads\/2024\/01\/DSC06730.jpg\" alt=\"\" class=\"wp-image-28033\" style=\"width:494px;height:auto\" srcset=\"https:\/\/www.altercampagne.net\/wp-content\/uploads\/2024\/01\/DSC06730.jpg 450w, https:\/\/www.altercampagne.net\/wp-content\/uploads\/2024\/01\/DSC06730-300x200.jpg 300w, https:\/\/www.altercampagne.net\/wp-content\/uploads\/2024\/01\/DSC06730-100x67.jpg 100w\" sizes=\"auto, (max-width: 450px) 100vw, 450px\" \/><\/a><figcaption class=\"wp-element-caption\">Photo d&rsquo;Herbert \u00e0 l&rsquo;AT23<\/figcaption><\/figure>\n","protected":false},"excerpt":{"rendered":"<p>L\u2019AlterTour 2024 roulera de l&rsquo;Allemagne \u00e0 Calais, entre le 8 juillet et le 25 ao\u00fbt 2024<\/p>\n","protected":false},"author":215,"featured_media":28030,"comment_status":"closed","ping_status":"closed","sticky":false,"template":"","format":"standard","meta":{"footnotes":""},"categories":[3661,4313,4449,3526,3932],"tags":[],"class_list":["post-28029","post","type-post","status-publish","format-standard","has-post-thumbnail","hentry","category-allemagne","category-altertour","category-edition-2024","category-belgique","category-velo"],"yoast_head":"<!-- This site is optimized with the Yoast SEO plugin v27.3 - https:\/\/yoast.com\/product\/yoast-seo-wordpress\/ -->\n<title>l&#039;AlterTour 2024 : on l\u00e2che rien ! - AlterTour<\/title>\n<meta name=\"robots\" content=\"index, follow, max-snippet:-1, max-image-preview:large, max-video-preview:-1\" \/>\n<link rel=\"canonical\" href=\"https:\/\/www.altercampagne.net\/?p=28029\" \/>\n<meta property=\"og:locale\" content=\"fr_FR\" \/>\n<meta property=\"og:type\" content=\"article\" \/>\n<meta property=\"og:title\" content=\"l&#039;AlterTour 2024 : on l\u00e2che rien ! - AlterTour\" \/>\n<meta property=\"og:description\" content=\"L\u2019AlterTour 2024 roulera de l&#039;Allemagne \u00e0 Calais, entre le 8 juillet et le 25 ao\u00fbt 2024\" \/>\n<meta property=\"og:url\" content=\"https:\/\/www.altercampagne.net\/?p=28029\" \/>\n<meta property=\"og:site_name\" content=\"AlterTour\" \/>\n<meta property=\"article:published_time\" content=\"2024-01-21T14:04:15+00:00\" \/>\n<meta property=\"article:modified_time\" content=\"2024-01-21T14:04:17+00:00\" \/>\n<meta property=\"og:image\" content=\"https:\/\/www.altercampagne.net\/wp-content\/uploads\/2024\/01\/AT24_Parcours_Crop_05.png\" \/>\n\t<meta property=\"og:image:width\" content=\"3544\" \/>\n\t<meta property=\"og:image:height\" content=\"1772\" \/>\n\t<meta property=\"og:image:type\" content=\"image\/png\" \/>\n<meta name=\"author\" content=\"AlterTour\" \/>\n<meta name=\"twitter:card\" content=\"summary_large_image\" \/>\n<meta name=\"twitter:label1\" content=\"\u00c9crit par\" \/>\n\t<meta name=\"twitter:data1\" content=\"AlterTour\" \/>\n\t<meta name=\"twitter:label2\" content=\"Dur\u00e9e de lecture estim\u00e9e\" \/>\n\t<meta name=\"twitter:data2\" content=\"2 minutes\" \/>\n<script type=\"application\/ld+json\" class=\"yoast-schema-graph\">{\"@context\":\"https:\\\/\\\/schema.org\",\"@graph\":[{\"@type\":\"Article\",\"@id\":\"https:\\\/\\\/www.altercampagne.net\\\/?p=28029#article\",\"isPartOf\":{\"@id\":\"https:\\\/\\\/www.altercampagne.net\\\/?p=28029\"},\"author\":{\"name\":\"AlterTour\",\"@id\":\"https:\\\/\\\/www.altercampagne.net\\\/#\\\/schema\\\/person\\\/e5b68c803196f649c2152249d262d94a\"},\"headline\":\"l&rsquo;AlterTour 2024 : on l\u00e2che rien !\",\"datePublished\":\"2024-01-21T14:04:15+00:00\",\"dateModified\":\"2024-01-21T14:04:17+00:00\",\"mainEntityOfPage\":{\"@id\":\"https:\\\/\\\/www.altercampagne.net\\\/?p=28029\"},\"wordCount\":259,\"image\":{\"@id\":\"https:\\\/\\\/www.altercampagne.net\\\/?p=28029#primaryimage\"},\"thumbnailUrl\":\"https:\\\/\\\/www.altercampagne.net\\\/wp-content\\\/uploads\\\/2024\\\/01\\\/AT24_Parcours_Crop_05.png\",\"articleSection\":[\"Allemagne\",\"AlterTour\",\"\u00c9dition 2024\",\"Belgique\",\"V\u00e9lo\"],\"inLanguage\":\"fr-FR\"},{\"@type\":\"WebPage\",\"@id\":\"https:\\\/\\\/www.altercampagne.net\\\/?p=28029\",\"url\":\"https:\\\/\\\/www.altercampagne.net\\\/?p=28029\",\"name\":\"l'AlterTour 2024 : on l\u00e2che rien ! - AlterTour\",\"isPartOf\":{\"@id\":\"https:\\\/\\\/www.altercampagne.net\\\/#website\"},\"primaryImageOfPage\":{\"@id\":\"https:\\\/\\\/www.altercampagne.net\\\/?p=28029#primaryimage\"},\"image\":{\"@id\":\"https:\\\/\\\/www.altercampagne.net\\\/?p=28029#primaryimage\"},\"thumbnailUrl\":\"https:\\\/\\\/www.altercampagne.net\\\/wp-content\\\/uploads\\\/2024\\\/01\\\/AT24_Parcours_Crop_05.png\",\"datePublished\":\"2024-01-21T14:04:15+00:00\",\"dateModified\":\"2024-01-21T14:04:17+00:00\",\"author\":{\"@id\":\"https:\\\/\\\/www.altercampagne.net\\\/#\\\/schema\\\/person\\\/e5b68c803196f649c2152249d262d94a\"},\"breadcrumb\":{\"@id\":\"https:\\\/\\\/www.altercampagne.net\\\/?p=28029#breadcrumb\"},\"inLanguage\":\"fr-FR\",\"potentialAction\":[{\"@type\":\"ReadAction\",\"target\":[\"https:\\\/\\\/www.altercampagne.net\\\/?p=28029\"]}]},{\"@type\":\"ImageObject\",\"inLanguage\":\"fr-FR\",\"@id\":\"https:\\\/\\\/www.altercampagne.net\\\/?p=28029#primaryimage\",\"url\":\"https:\\\/\\\/www.altercampagne.net\\\/wp-content\\\/uploads\\\/2024\\\/01\\\/AT24_Parcours_Crop_05.png\",\"contentUrl\":\"https:\\\/\\\/www.altercampagne.net\\\/wp-content\\\/uploads\\\/2024\\\/01\\\/AT24_Parcours_Crop_05.png\",\"width\":3544,\"height\":1772},{\"@type\":\"BreadcrumbList\",\"@id\":\"https:\\\/\\\/www.altercampagne.net\\\/?p=28029#breadcrumb\",\"itemListElement\":[{\"@type\":\"ListItem\",\"position\":1,\"name\":\"Accueil\",\"item\":\"https:\\\/\\\/www.altercampagne.net\\\/\"},{\"@type\":\"ListItem\",\"position\":2,\"name\":\"l&rsquo;AlterTour 2024 : on l\u00e2che rien !\"}]},{\"@type\":\"WebSite\",\"@id\":\"https:\\\/\\\/www.altercampagne.net\\\/#website\",\"url\":\"https:\\\/\\\/www.altercampagne.net\\\/\",\"name\":\"AlterTour\",\"description\":\"Reliez les Alternatives \u00e0 v\u00e9lo\",\"potentialAction\":[{\"@type\":\"SearchAction\",\"target\":{\"@type\":\"EntryPoint\",\"urlTemplate\":\"https:\\\/\\\/www.altercampagne.net\\\/?s={search_term_string}\"},\"query-input\":{\"@type\":\"PropertyValueSpecification\",\"valueRequired\":true,\"valueName\":\"search_term_string\"}}],\"inLanguage\":\"fr-FR\"},{\"@type\":\"Person\",\"@id\":\"https:\\\/\\\/www.altercampagne.net\\\/#\\\/schema\\\/person\\\/e5b68c803196f649c2152249d262d94a\",\"name\":\"AlterTour\",\"image\":{\"@type\":\"ImageObject\",\"inLanguage\":\"fr-FR\",\"@id\":\"https:\\\/\\\/secure.gravatar.com\\\/avatar\\\/3f2ed77f8506b8ea264ad5938bb0114bfa10f35b64086a66dfbb6e9f58ad9693?s=96&d=mm&r=g\",\"url\":\"https:\\\/\\\/secure.gravatar.com\\\/avatar\\\/3f2ed77f8506b8ea264ad5938bb0114bfa10f35b64086a66dfbb6e9f58ad9693?s=96&d=mm&r=g\",\"contentUrl\":\"https:\\\/\\\/secure.gravatar.com\\\/avatar\\\/3f2ed77f8506b8ea264ad5938bb0114bfa10f35b64086a66dfbb6e9f58ad9693?s=96&d=mm&r=g\",\"caption\":\"AlterTour\"},\"url\":\"https:\\\/\\\/www.altercampagne.net\\\/?author=215\"}]}<\/script>\n<!-- \/ Yoast SEO plugin. -->","yoast_head_json":{"title":"l'AlterTour 2024 : on l\u00e2che rien ! - AlterTour","robots":{"index":"index","follow":"follow","max-snippet":"max-snippet:-1","max-image-preview":"max-image-preview:large","max-video-preview":"max-video-preview:-1"},"canonical":"https:\/\/www.altercampagne.net\/?p=28029","og_locale":"fr_FR","og_type":"article","og_title":"l'AlterTour 2024 : on l\u00e2che rien ! - AlterTour","og_description":"L\u2019AlterTour 2024 roulera de l'Allemagne \u00e0 Calais, entre le 8 juillet et le 25 ao\u00fbt 2024","og_url":"https:\/\/www.altercampagne.net\/?p=28029","og_site_name":"AlterTour","article_published_time":"2024-01-21T14:04:15+00:00","article_modified_time":"2024-01-21T14:04:17+00:00","og_image":[{"width":3544,"height":1772,"url":"https:\/\/www.altercampagne.net\/wp-content\/uploads\/2024\/01\/AT24_Parcours_Crop_05.png","type":"image\/png"}],"author":"AlterTour","twitter_card":"summary_large_image","twitter_misc":{"\u00c9crit par":"AlterTour","Dur\u00e9e de lecture estim\u00e9e":"2 minutes"},"schema":{"@context":"https:\/\/schema.org","@graph":[{"@type":"Article","@id":"https:\/\/www.altercampagne.net\/?p=28029#article","isPartOf":{"@id":"https:\/\/www.altercampagne.net\/?p=28029"},"author":{"name":"AlterTour","@id":"https:\/\/www.altercampagne.net\/#\/schema\/person\/e5b68c803196f649c2152249d262d94a"},"headline":"l&rsquo;AlterTour 2024 : on l\u00e2che rien !","datePublished":"2024-01-21T14:04:15+00:00","dateModified":"2024-01-21T14:04:17+00:00","mainEntityOfPage":{"@id":"https:\/\/www.altercampagne.net\/?p=28029"},"wordCount":259,"image":{"@id":"https:\/\/www.altercampagne.net\/?p=28029#primaryimage"},"thumbnailUrl":"https:\/\/www.altercampagne.net\/wp-content\/uploads\/2024\/01\/AT24_Parcours_Crop_05.png","articleSection":["Allemagne","AlterTour","\u00c9dition 2024","Belgique","V\u00e9lo"],"inLanguage":"fr-FR"},{"@type":"WebPage","@id":"https:\/\/www.altercampagne.net\/?p=28029","url":"https:\/\/www.altercampagne.net\/?p=28029","name":"l'AlterTour 2024 : on l\u00e2che rien ! - AlterTour","isPartOf":{"@id":"https:\/\/www.altercampagne.net\/#website"},"primaryImageOfPage":{"@id":"https:\/\/www.altercampagne.net\/?p=28029#primaryimage"},"image":{"@id":"https:\/\/www.altercampagne.net\/?p=28029#primaryimage"},"thumbnailUrl":"https:\/\/www.altercampagne.net\/wp-content\/uploads\/2024\/01\/AT24_Parcours_Crop_05.png","datePublished":"2024-01-21T14:04:15+00:00","dateModified":"2024-01-21T14:04:17+00:00","author":{"@id":"https:\/\/www.altercampagne.net\/#\/schema\/person\/e5b68c803196f649c2152249d262d94a"},"breadcrumb":{"@id":"https:\/\/www.altercampagne.net\/?p=28029#breadcrumb"},"inLanguage":"fr-FR","potentialAction":[{"@type":"ReadAction","target":["https:\/\/www.altercampagne.net\/?p=28029"]}]},{"@type":"ImageObject","inLanguage":"fr-FR","@id":"https:\/\/www.altercampagne.net\/?p=28029#primaryimage","url":"https:\/\/www.altercampagne.net\/wp-content\/uploads\/2024\/01\/AT24_Parcours_Crop_05.png","contentUrl":"https:\/\/www.altercampagne.net\/wp-content\/uploads\/2024\/01\/AT24_Parcours_Crop_05.png","width":3544,"height":1772},{"@type":"BreadcrumbList","@id":"https:\/\/www.altercampagne.net\/?p=28029#breadcrumb","itemListElement":[{"@type":"ListItem","position":1,"name":"Accueil","item":"https:\/\/www.altercampagne.net\/"},{"@type":"ListItem","position":2,"name":"l&rsquo;AlterTour 2024 : on l\u00e2che rien !"}]},{"@type":"WebSite","@id":"https:\/\/www.altercampagne.net\/#website","url":"https:\/\/www.altercampagne.net\/","name":"AlterTour","description":"Reliez les Alternatives \u00e0 v\u00e9lo","potentialAction":[{"@type":"SearchAction","target":{"@type":"EntryPoint","urlTemplate":"https:\/\/www.altercampagne.net\/?s={search_term_string}"},"query-input":{"@type":"PropertyValueSpecification","valueRequired":true,"valueName":"search_term_string"}}],"inLanguage":"fr-FR"},{"@type":"Person","@id":"https:\/\/www.altercampagne.net\/#\/schema\/person\/e5b68c803196f649c2152249d262d94a","name":"AlterTour","image":{"@type":"ImageObject","inLanguage":"fr-FR","@id":"https:\/\/secure.gravatar.com\/avatar\/3f2ed77f8506b8ea264ad5938bb0114bfa10f35b64086a66dfbb6e9f58ad9693?s=96&d=mm&r=g","url":"https:\/\/secure.gravatar.com\/avatar\/3f2ed77f8506b8ea264ad5938bb0114bfa10f35b64086a66dfbb6e9f58ad9693?s=96&d=mm&r=g","contentUrl":"https:\/\/secure.gravatar.com\/avatar\/3f2ed77f8506b8ea264ad5938bb0114bfa10f35b64086a66dfbb6e9f58ad9693?s=96&d=mm&r=g","caption":"AlterTour"},"url":"https:\/\/www.altercampagne.net\/?author=215"}]}},"_links":{"self":[{"href":"https:\/\/www.altercampagne.net\/index.php?rest_route=\/wp\/v2\/posts\/28029","targetHints":{"allow":["GET"]}}],"collection":[{"href":"https:\/\/www.altercampagne.net\/index.php?rest_route=\/wp\/v2\/posts"}],"about":[{"href":"https:\/\/www.altercampagne.net\/index.php?rest_route=\/wp\/v2\/types\/post"}],"author":[{"embeddable":true,"href":"https:\/\/www.altercampagne.net\/index.php?rest_route=\/wp\/v2\/users\/215"}],"replies":[{"embeddable":true,"href":"https:\/\/www.altercampagne.net\/index.php?rest_route=%2Fwp%2Fv2%2Fcomments&post=28029"}],"version-history":[{"count":4,"href":"https:\/\/www.altercampagne.net\/index.php?rest_route=\/wp\/v2\/posts\/28029\/revisions"}],"predecessor-version":[{"id":28037,"href":"https:\/\/www.altercampagne.net\/index.php?rest_route=\/wp\/v2\/posts\/28029\/revisions\/28037"}],"wp:featuredmedia":[{"embeddable":true,"href":"https:\/\/www.altercampagne.net\/index.php?rest_route=\/wp\/v2\/media\/28030"}],"wp:attachment":[{"href":"https:\/\/www.altercampagne.net\/index.php?rest_route=%2Fwp%2Fv2%2Fmedia&parent=28029"}],"wp:term":[{"taxonomy":"category","embeddable":true,"href":"https:\/\/www.altercampagne.net\/index.php?rest_route=%2Fwp%2Fv2%2Fcategories&post=28029"},{"taxonomy":"post_tag","embeddable":true,"href":"https:\/\/www.altercampagne.net\/index.php?rest_route=%2Fwp%2Fv2%2Ftags&post=28029"}],"curies":[{"name":"wp","href":"https:\/\/api.w.org\/{rel}","templated":true}]}}