{"id":28060,"date":"2024-02-08T18:49:52","date_gmt":"2024-02-08T17:49:52","guid":{"rendered":"https:\/\/www.altercampagne.net\/?p=28060"},"modified":"2024-02-08T18:50:29","modified_gmt":"2024-02-08T17:50:29","slug":"la-premiere-pleniere-de-2024-sest-deroulee-le-27-et-28-janvier-a-villeurbanne","status":"publish","type":"post","link":"https:\/\/www.altercampagne.net\/?p=28060","title":{"rendered":"La premi\u00e8re pl\u00e9ni\u00e8re de 2024 s\u2019est d\u00e9roul\u00e9e le 27 et 28 janvier \u00e0 Villeurbanne.\u00a0"},"content":{"rendered":"\n<h2 class=\"wp-block-heading\" style=\"font-size:20px\"><em>Nous nous sommes retrouv\u00e9 dans une cord\u00e9e&nbsp;: un espace de coworking tr\u00e8s accueillant et agr\u00e9able, qui nous a \u00e9t\u00e9 lou\u00e9 de mani\u00e8re tr\u00e8s g\u00e9n\u00e9reuse par une responsable adepte des voyages \u00e0 v\u00e9lo, un grand merci a elle&nbsp;!<\/em><\/h2>\n\n\n\n<p><\/p>\n\n\n\n<p><em><strong><span style=\"text-decoration: underline;\">Au programme<\/span> :<\/strong> pr\u00e9sentation du parcours de 2024, des projets d\u2019\u00e9chapp\u00e9es belles, d\u00e9cision finale sur le parcours, travail en cercles (plume, v\u00e9hicules, pr\u00e9parateur.ices d\u2019\u00e9tapes, logiciel,\u2026), r\u00e9union du coll\u00e8ge solidaire, discussion sur le r\u00e8glement int\u00e9rieur, exercices de coh\u00e9sion d\u2019\u00e9quipe\u2026<\/em>&nbsp;<\/p>\n\n\n\n<h3 class=\"wp-block-heading\">Le parcours 2024&nbsp;!&nbsp;<\/h3>\n\n\n\n<p>Un parcours ne se fait <strong>pas sans un bin\u00f4me de pr\u00e9parateur.ices d\u2019\u00e9tapes<\/strong>, et une des questions est souvent de <strong>comment choisir cette personne<\/strong>. Un atelier a donc \u00e9t\u00e9 propos\u00e9 pour exp\u00e9rimenter le fonctionnement en collaboration, le but \u00e9tant de cr\u00e9er <strong>la plus haute tour possible en spaghetti<\/strong> (qui doit tenir seule pendant au moins 10 secondes) avec un marshmallow couronnant le tout. Toutes les \u00e9quipes ont r\u00e9ussi avec des constructions ressemblant souvent \u00e0 de petites Tour Eiffel !&nbsp;<\/p>\n\n\n<div class=\"wp-block-image\">\n<figure class=\"aligncenter size-large is-resized\"><a href=\"https:\/\/www.altercampagne.net\/wp-content\/uploads\/2024\/02\/AT24_Pleniere_Janvier_04.jpg\"><img loading=\"lazy\" decoding=\"async\" width=\"1024\" height=\"768\" src=\"https:\/\/www.altercampagne.net\/wp-content\/uploads\/2024\/02\/AT24_Pleniere_Janvier_04-1024x768.jpg\" alt=\"\" class=\"wp-image-28063\" style=\"width:564px;height:auto\" srcset=\"https:\/\/www.altercampagne.net\/wp-content\/uploads\/2024\/02\/AT24_Pleniere_Janvier_04-1024x768.jpg 1024w, https:\/\/www.altercampagne.net\/wp-content\/uploads\/2024\/02\/AT24_Pleniere_Janvier_04-300x225.jpg 300w, https:\/\/www.altercampagne.net\/wp-content\/uploads\/2024\/02\/AT24_Pleniere_Janvier_04-768x576.jpg 768w, https:\/\/www.altercampagne.net\/wp-content\/uploads\/2024\/02\/AT24_Pleniere_Janvier_04-1536x1152.jpg 1536w, https:\/\/www.altercampagne.net\/wp-content\/uploads\/2024\/02\/AT24_Pleniere_Janvier_04-100x75.jpg 100w, https:\/\/www.altercampagne.net\/wp-content\/uploads\/2024\/02\/AT24_Pleniere_Janvier_04-862x647.jpg 862w, https:\/\/www.altercampagne.net\/wp-content\/uploads\/2024\/02\/AT24_Pleniere_Janvier_04-1140x855.jpg 1140w, https:\/\/www.altercampagne.net\/wp-content\/uploads\/2024\/02\/AT24_Pleniere_Janvier_04.jpg 1600w\" sizes=\"auto, (max-width: 1024px) 100vw, 1024px\" \/><\/a><\/figure>\n<\/div>\n\n\n<p>Les bin\u00f4mes trouv\u00e9&rsquo;es, le parcours pouvait \u00eatre pr\u00e9sent\u00e9. On h\u00e9sitait encore entre une version longue et une version plus courte de l\u2019Altertour, en fonction des forces vives disponibles. <strong>Cette pr\u00e9sentation a \u00e9t\u00e9 le fruit de nombreuses discussions<\/strong>, expression de doutes, clarifications, objections, propositions\u2026 et finalement nous sommes arriv\u00e9s collectivement \u00e0 une d\u00e9cision&nbsp;: <strong>ce sera la version la plus longue de l\u2019Altertour qui verra le jour&nbsp;!<\/strong><\/p>\n\n\n\n<p>Gr\u00e2ce \u00e0 24 pr\u00e9parateur.ices d\u2019\u00e9tapes, nous aurons donc cette ann\u00e9e <strong>un des tours les plus longs de l\u2019histoire d\u2019Altercampagne avec 7,5 semaines de tour<\/strong>, en partant de la fronti\u00e8re allemande \u00e0 Wissenbourg en Alsace jusqu\u2019\u00e0 Calais, en passant par les Vosges, la Meuse (avec un arr\u00eat \u00e0 Bure), les Ardennes, Le Nord\u2026 <strong>Trois \u00e9chapp\u00e9es belles<\/strong> sont aussi en pr\u00e9paration&nbsp;: deux sur l\u2019aire du tour explorant la Meurthe-et-Moselle et la Moselle, et une en Auvergne Rh\u00f4ne Alpes.&nbsp;<\/p>\n\n\n<div class=\"wp-block-image\">\n<figure class=\"aligncenter size-large is-resized\"><a href=\"https:\/\/www.altercampagne.net\/wp-content\/uploads\/2024\/01\/AT24_Parcours_Crop_05.png\"><img loading=\"lazy\" decoding=\"async\" width=\"1024\" height=\"512\" src=\"https:\/\/www.altercampagne.net\/wp-content\/uploads\/2024\/01\/AT24_Parcours_Crop_05-1024x512.png\" alt=\"\" class=\"wp-image-28030\" style=\"width:644px;height:auto\" srcset=\"https:\/\/www.altercampagne.net\/wp-content\/uploads\/2024\/01\/AT24_Parcours_Crop_05-1024x512.png 1024w, https:\/\/www.altercampagne.net\/wp-content\/uploads\/2024\/01\/AT24_Parcours_Crop_05-300x150.png 300w, https:\/\/www.altercampagne.net\/wp-content\/uploads\/2024\/01\/AT24_Parcours_Crop_05-768x384.png 768w, https:\/\/www.altercampagne.net\/wp-content\/uploads\/2024\/01\/AT24_Parcours_Crop_05-1536x768.png 1536w, https:\/\/www.altercampagne.net\/wp-content\/uploads\/2024\/01\/AT24_Parcours_Crop_05-2048x1024.png 2048w, https:\/\/www.altercampagne.net\/wp-content\/uploads\/2024\/01\/AT24_Parcours_Crop_05-100x50.png 100w, https:\/\/www.altercampagne.net\/wp-content\/uploads\/2024\/01\/AT24_Parcours_Crop_05-862x431.png 862w, https:\/\/www.altercampagne.net\/wp-content\/uploads\/2024\/01\/AT24_Parcours_Crop_05-1140x570.png 1140w\" sizes=\"auto, (max-width: 1024px) 100vw, 1024px\" \/><\/a><\/figure>\n<\/div>\n\n\n<h3 class=\"wp-block-heading\">Des temps de travail mais pas que&nbsp;!<\/h3>\n\n\n\n<p>La pl\u00e9ni\u00e8re a aussi \u00e9t\u00e9 l\u2019occasion de <strong>temps de travail en cercles<\/strong>, par exemple pour tester le tout <strong>nouveau logiciel informatique qui permettra de g\u00e9rer les inscriptions<\/strong> ou pour commencer la pr\u00e9paration des \u00e9tapes. <br>Mais <strong>deux temps plus g\u00e9n\u00e9raux ont aussi vu le jour<\/strong>. <br><strong>Le premier a \u00e9t\u00e9 organis\u00e9 par le cercle Plume<\/strong> pour faire le plein d\u2019id\u00e9es et relancer l\u2019\u00e9criture la communication, l\u2019\u00e9criture d\u2019articles et la r\u00e9alisation de nouveaux formats (pourquoi pas un roman graphique ou une th\u00e8se de sociologie sur l\u2019Altertour ?!). <br><strong>Le second portait sur le chantier du r\u00e8glement int\u00e9rieur<\/strong>, en effet les nouveaux statuts de l\u2019association ont \u00e9t\u00e9 adopt\u00e9s \u00e0 la pl\u00e9ni\u00e8re de Novembre et il faut maintenant les compl\u00e9ter par un nouveau r\u00e8glement int\u00e9rieur.&nbsp;<\/p>\n\n\n<div class=\"wp-block-image\">\n<figure class=\"aligncenter size-large is-resized\"><a href=\"https:\/\/www.altercampagne.net\/wp-content\/uploads\/2024\/02\/AT24_Pleniere_Janvier_03.jpg\"><img loading=\"lazy\" decoding=\"async\" width=\"1024\" height=\"768\" src=\"https:\/\/www.altercampagne.net\/wp-content\/uploads\/2024\/02\/AT24_Pleniere_Janvier_03-1024x768.jpg\" alt=\"\" class=\"wp-image-28062\" style=\"width:483px;height:auto\" srcset=\"https:\/\/www.altercampagne.net\/wp-content\/uploads\/2024\/02\/AT24_Pleniere_Janvier_03-1024x768.jpg 1024w, https:\/\/www.altercampagne.net\/wp-content\/uploads\/2024\/02\/AT24_Pleniere_Janvier_03-300x225.jpg 300w, https:\/\/www.altercampagne.net\/wp-content\/uploads\/2024\/02\/AT24_Pleniere_Janvier_03-768x576.jpg 768w, https:\/\/www.altercampagne.net\/wp-content\/uploads\/2024\/02\/AT24_Pleniere_Janvier_03-1536x1152.jpg 1536w, https:\/\/www.altercampagne.net\/wp-content\/uploads\/2024\/02\/AT24_Pleniere_Janvier_03-100x75.jpg 100w, https:\/\/www.altercampagne.net\/wp-content\/uploads\/2024\/02\/AT24_Pleniere_Janvier_03-862x647.jpg 862w, https:\/\/www.altercampagne.net\/wp-content\/uploads\/2024\/02\/AT24_Pleniere_Janvier_03-1140x855.jpg 1140w, https:\/\/www.altercampagne.net\/wp-content\/uploads\/2024\/02\/AT24_Pleniere_Janvier_03.jpg 1600w\" sizes=\"auto, (max-width: 1024px) 100vw, 1024px\" \/><\/a><\/figure>\n<\/div>\n\n\n<p>Bien s\u00fbr pour soutenir toute cette productivit\u00e9, il y a eu <strong>plein de moments partag\u00e9s et conviviaux<\/strong> notamment autour des repas en format auberge espagnole (le dimanche matin a vu une montagnes de croissants et pains au chocolat appara\u00eetre) <strong>mais aussi une partie de billard<\/strong> pendant la r\u00e9union du coll\u00e8ge solidaire&nbsp;! <br>C<strong>\u2019est pour \u00e7a aussi que les pl\u00e9ni\u00e8res sont de chouettes moments<\/strong> qui donnent tout autant d\u2019\u00e9nergie qu\u2019elles en demandent pour alimenter la pr\u00e9paration du tour.&nbsp;<\/p>\n\n\n<div class=\"wp-block-image\">\n<figure class=\"aligncenter size-large is-resized\"><a href=\"https:\/\/www.altercampagne.net\/wp-content\/uploads\/2024\/02\/AT24_Pleniere_Janvier_02-scaled.jpg\"><img loading=\"lazy\" decoding=\"async\" width=\"1024\" height=\"768\" src=\"https:\/\/www.altercampagne.net\/wp-content\/uploads\/2024\/02\/AT24_Pleniere_Janvier_02-1024x768.jpg\" alt=\"\" class=\"wp-image-28061\" style=\"width:480px;height:auto\" srcset=\"https:\/\/www.altercampagne.net\/wp-content\/uploads\/2024\/02\/AT24_Pleniere_Janvier_02-1024x768.jpg 1024w, https:\/\/www.altercampagne.net\/wp-content\/uploads\/2024\/02\/AT24_Pleniere_Janvier_02-300x225.jpg 300w, https:\/\/www.altercampagne.net\/wp-content\/uploads\/2024\/02\/AT24_Pleniere_Janvier_02-768x576.jpg 768w, https:\/\/www.altercampagne.net\/wp-content\/uploads\/2024\/02\/AT24_Pleniere_Janvier_02-1536x1152.jpg 1536w, https:\/\/www.altercampagne.net\/wp-content\/uploads\/2024\/02\/AT24_Pleniere_Janvier_02-2048x1536.jpg 2048w, https:\/\/www.altercampagne.net\/wp-content\/uploads\/2024\/02\/AT24_Pleniere_Janvier_02-100x75.jpg 100w, https:\/\/www.altercampagne.net\/wp-content\/uploads\/2024\/02\/AT24_Pleniere_Janvier_02-862x647.jpg 862w, https:\/\/www.altercampagne.net\/wp-content\/uploads\/2024\/02\/AT24_Pleniere_Janvier_02-1140x855.jpg 1140w\" sizes=\"auto, (max-width: 1024px) 100vw, 1024px\" \/><\/a><\/figure>\n<\/div>\n\n\n<h4 class=\"wp-block-heading\">Rendez vous pour la prochaine le 9 et 10 mars \u00e0 Paris&nbsp;!&nbsp;<\/h4>\n\n\n\n<p class=\"has-text-align-right\">Julie C.<\/p>\n","protected":false},"excerpt":{"rendered":"<p>Au programme : pr\u00e9sentation du parcours de 2024, des projets d\u2019\u00e9chapp\u00e9es belles, d\u00e9cision finale sur le parcours, travail en cercles (plume, v\u00e9hicules, pr\u00e9parateur.ices d\u2019\u00e9tapes, logiciel,\u2026), r\u00e9union du coll\u00e8ge solidaire, discussion sur le r\u00e8glement int\u00e9rieur, exercices de coh\u00e9sion d\u2019\u00e9quipe\u2026\u00a0<\/p>\n","protected":false},"author":215,"featured_media":28065,"comment_status":"closed","ping_status":"closed","sticky":false,"template":"","format":"standard","meta":{"footnotes":""},"categories":[3471,4313,4449,3539],"tags":[],"class_list":["post-28060","post","type-post","status-publish","format-standard","has-post-thumbnail","hentry","category-auvergne-rhone-alpes","category-altertour","category-edition-2024","category-we-de-preparation"],"yoast_head":"<!-- This site is optimized with the Yoast SEO plugin v27.3 - https:\/\/yoast.com\/product\/yoast-seo-wordpress\/ -->\n<title>La premi\u00e8re pl\u00e9ni\u00e8re de 2024 s\u2019est d\u00e9roul\u00e9e le 27 et 28 janvier \u00e0 Villeurbanne.\u00a0 - AlterTour<\/title>\n<meta name=\"robots\" content=\"index, follow, max-snippet:-1, max-image-preview:large, max-video-preview:-1\" \/>\n<link rel=\"canonical\" href=\"https:\/\/www.altercampagne.net\/?p=28060\" \/>\n<meta property=\"og:locale\" content=\"fr_FR\" \/>\n<meta property=\"og:type\" content=\"article\" \/>\n<meta property=\"og:title\" content=\"La premi\u00e8re pl\u00e9ni\u00e8re de 2024 s\u2019est d\u00e9roul\u00e9e le 27 et 28 janvier \u00e0 Villeurbanne.\u00a0 - AlterTour\" \/>\n<meta property=\"og:description\" content=\"Au programme : pr\u00e9sentation du parcours de 2024, des projets d\u2019\u00e9chapp\u00e9es belles, d\u00e9cision finale sur le parcours, travail en cercles (plume, v\u00e9hicules, pr\u00e9parateur.ices d\u2019\u00e9tapes, logiciel,\u2026), r\u00e9union du coll\u00e8ge solidaire, discussion sur le r\u00e8glement int\u00e9rieur, exercices de coh\u00e9sion d\u2019\u00e9quipe\u2026\u00a0\" \/>\n<meta property=\"og:url\" content=\"https:\/\/www.altercampagne.net\/?p=28060\" \/>\n<meta property=\"og:site_name\" content=\"AlterTour\" \/>\n<meta property=\"article:published_time\" content=\"2024-02-08T17:49:52+00:00\" \/>\n<meta property=\"article:modified_time\" content=\"2024-02-08T17:50:29+00:00\" \/>\n<meta property=\"og:image\" content=\"https:\/\/www.altercampagne.net\/wp-content\/uploads\/2024\/02\/AT24_Pleniere_Janvier_01-edited-scaled.jpg\" \/>\n\t<meta property=\"og:image:width\" content=\"2560\" \/>\n\t<meta property=\"og:image:height\" content=\"1440\" \/>\n\t<meta property=\"og:image:type\" content=\"image\/jpeg\" \/>\n<meta name=\"author\" content=\"AlterTour\" \/>\n<meta name=\"twitter:card\" content=\"summary_large_image\" \/>\n<meta name=\"twitter:label1\" content=\"\u00c9crit par\" \/>\n\t<meta name=\"twitter:data1\" content=\"AlterTour\" \/>\n\t<meta name=\"twitter:label2\" content=\"Dur\u00e9e de lecture estim\u00e9e\" \/>\n\t<meta name=\"twitter:data2\" content=\"4 minutes\" \/>\n<script type=\"application\/ld+json\" class=\"yoast-schema-graph\">{\"@context\":\"https:\\\/\\\/schema.org\",\"@graph\":[{\"@type\":\"Article\",\"@id\":\"https:\\\/\\\/www.altercampagne.net\\\/?p=28060#article\",\"isPartOf\":{\"@id\":\"https:\\\/\\\/www.altercampagne.net\\\/?p=28060\"},\"author\":{\"name\":\"AlterTour\",\"@id\":\"https:\\\/\\\/www.altercampagne.net\\\/#\\\/schema\\\/person\\\/e5b68c803196f649c2152249d262d94a\"},\"headline\":\"La premi\u00e8re pl\u00e9ni\u00e8re de 2024 s\u2019est d\u00e9roul\u00e9e le 27 et 28 janvier \u00e0 Villeurbanne.\u00a0\",\"datePublished\":\"2024-02-08T17:49:52+00:00\",\"dateModified\":\"2024-02-08T17:50:29+00:00\",\"mainEntityOfPage\":{\"@id\":\"https:\\\/\\\/www.altercampagne.net\\\/?p=28060\"},\"wordCount\":613,\"image\":{\"@id\":\"https:\\\/\\\/www.altercampagne.net\\\/?p=28060#primaryimage\"},\"thumbnailUrl\":\"https:\\\/\\\/www.altercampagne.net\\\/wp-content\\\/uploads\\\/2024\\\/02\\\/AT24_Pleniere_Janvier_01-edited-scaled.jpg\",\"articleSection\":[\"Auvergne-Rh\u00f4ne-Alpes\",\"AlterTour\",\"\u00c9dition 2024\",\"WE de pr\u00e9paration\"],\"inLanguage\":\"fr-FR\"},{\"@type\":\"WebPage\",\"@id\":\"https:\\\/\\\/www.altercampagne.net\\\/?p=28060\",\"url\":\"https:\\\/\\\/www.altercampagne.net\\\/?p=28060\",\"name\":\"La premi\u00e8re pl\u00e9ni\u00e8re de 2024 s\u2019est d\u00e9roul\u00e9e le 27 et 28 janvier \u00e0 Villeurbanne.\u00a0 - AlterTour\",\"isPartOf\":{\"@id\":\"https:\\\/\\\/www.altercampagne.net\\\/#website\"},\"primaryImageOfPage\":{\"@id\":\"https:\\\/\\\/www.altercampagne.net\\\/?p=28060#primaryimage\"},\"image\":{\"@id\":\"https:\\\/\\\/www.altercampagne.net\\\/?p=28060#primaryimage\"},\"thumbnailUrl\":\"https:\\\/\\\/www.altercampagne.net\\\/wp-content\\\/uploads\\\/2024\\\/02\\\/AT24_Pleniere_Janvier_01-edited-scaled.jpg\",\"datePublished\":\"2024-02-08T17:49:52+00:00\",\"dateModified\":\"2024-02-08T17:50:29+00:00\",\"author\":{\"@id\":\"https:\\\/\\\/www.altercampagne.net\\\/#\\\/schema\\\/person\\\/e5b68c803196f649c2152249d262d94a\"},\"breadcrumb\":{\"@id\":\"https:\\\/\\\/www.altercampagne.net\\\/?p=28060#breadcrumb\"},\"inLanguage\":\"fr-FR\",\"potentialAction\":[{\"@type\":\"ReadAction\",\"target\":[\"https:\\\/\\\/www.altercampagne.net\\\/?p=28060\"]}]},{\"@type\":\"ImageObject\",\"inLanguage\":\"fr-FR\",\"@id\":\"https:\\\/\\\/www.altercampagne.net\\\/?p=28060#primaryimage\",\"url\":\"https:\\\/\\\/www.altercampagne.net\\\/wp-content\\\/uploads\\\/2024\\\/02\\\/AT24_Pleniere_Janvier_01-edited-scaled.jpg\",\"contentUrl\":\"https:\\\/\\\/www.altercampagne.net\\\/wp-content\\\/uploads\\\/2024\\\/02\\\/AT24_Pleniere_Janvier_01-edited-scaled.jpg\",\"width\":2560,\"height\":1440},{\"@type\":\"BreadcrumbList\",\"@id\":\"https:\\\/\\\/www.altercampagne.net\\\/?p=28060#breadcrumb\",\"itemListElement\":[{\"@type\":\"ListItem\",\"position\":1,\"name\":\"Accueil\",\"item\":\"https:\\\/\\\/www.altercampagne.net\\\/\"},{\"@type\":\"ListItem\",\"position\":2,\"name\":\"La premi\u00e8re pl\u00e9ni\u00e8re de 2024 s\u2019est d\u00e9roul\u00e9e le 27 et 28 janvier \u00e0 Villeurbanne.\u00a0\"}]},{\"@type\":\"WebSite\",\"@id\":\"https:\\\/\\\/www.altercampagne.net\\\/#website\",\"url\":\"https:\\\/\\\/www.altercampagne.net\\\/\",\"name\":\"AlterTour\",\"description\":\"Reliez les Alternatives \u00e0 v\u00e9lo\",\"potentialAction\":[{\"@type\":\"SearchAction\",\"target\":{\"@type\":\"EntryPoint\",\"urlTemplate\":\"https:\\\/\\\/www.altercampagne.net\\\/?s={search_term_string}\"},\"query-input\":{\"@type\":\"PropertyValueSpecification\",\"valueRequired\":true,\"valueName\":\"search_term_string\"}}],\"inLanguage\":\"fr-FR\"},{\"@type\":\"Person\",\"@id\":\"https:\\\/\\\/www.altercampagne.net\\\/#\\\/schema\\\/person\\\/e5b68c803196f649c2152249d262d94a\",\"name\":\"AlterTour\",\"image\":{\"@type\":\"ImageObject\",\"inLanguage\":\"fr-FR\",\"@id\":\"https:\\\/\\\/secure.gravatar.com\\\/avatar\\\/3f2ed77f8506b8ea264ad5938bb0114bfa10f35b64086a66dfbb6e9f58ad9693?s=96&d=mm&r=g\",\"url\":\"https:\\\/\\\/secure.gravatar.com\\\/avatar\\\/3f2ed77f8506b8ea264ad5938bb0114bfa10f35b64086a66dfbb6e9f58ad9693?s=96&d=mm&r=g\",\"contentUrl\":\"https:\\\/\\\/secure.gravatar.com\\\/avatar\\\/3f2ed77f8506b8ea264ad5938bb0114bfa10f35b64086a66dfbb6e9f58ad9693?s=96&d=mm&r=g\",\"caption\":\"AlterTour\"},\"url\":\"https:\\\/\\\/www.altercampagne.net\\\/?author=215\"}]}<\/script>\n<!-- \/ Yoast SEO plugin. -->","yoast_head_json":{"title":"La premi\u00e8re pl\u00e9ni\u00e8re de 2024 s\u2019est d\u00e9roul\u00e9e le 27 et 28 janvier \u00e0 Villeurbanne.\u00a0 - AlterTour","robots":{"index":"index","follow":"follow","max-snippet":"max-snippet:-1","max-image-preview":"max-image-preview:large","max-video-preview":"max-video-preview:-1"},"canonical":"https:\/\/www.altercampagne.net\/?p=28060","og_locale":"fr_FR","og_type":"article","og_title":"La premi\u00e8re pl\u00e9ni\u00e8re de 2024 s\u2019est d\u00e9roul\u00e9e le 27 et 28 janvier \u00e0 Villeurbanne.\u00a0 - AlterTour","og_description":"Au programme : pr\u00e9sentation du parcours de 2024, des projets d\u2019\u00e9chapp\u00e9es belles, d\u00e9cision finale sur le parcours, travail en cercles (plume, v\u00e9hicules, pr\u00e9parateur.ices d\u2019\u00e9tapes, logiciel,\u2026), r\u00e9union du coll\u00e8ge solidaire, discussion sur le r\u00e8glement int\u00e9rieur, exercices de coh\u00e9sion d\u2019\u00e9quipe\u2026\u00a0","og_url":"https:\/\/www.altercampagne.net\/?p=28060","og_site_name":"AlterTour","article_published_time":"2024-02-08T17:49:52+00:00","article_modified_time":"2024-02-08T17:50:29+00:00","og_image":[{"width":2560,"height":1440,"url":"https:\/\/www.altercampagne.net\/wp-content\/uploads\/2024\/02\/AT24_Pleniere_Janvier_01-edited-scaled.jpg","type":"image\/jpeg"}],"author":"AlterTour","twitter_card":"summary_large_image","twitter_misc":{"\u00c9crit par":"AlterTour","Dur\u00e9e de lecture estim\u00e9e":"4 minutes"},"schema":{"@context":"https:\/\/schema.org","@graph":[{"@type":"Article","@id":"https:\/\/www.altercampagne.net\/?p=28060#article","isPartOf":{"@id":"https:\/\/www.altercampagne.net\/?p=28060"},"author":{"name":"AlterTour","@id":"https:\/\/www.altercampagne.net\/#\/schema\/person\/e5b68c803196f649c2152249d262d94a"},"headline":"La premi\u00e8re pl\u00e9ni\u00e8re de 2024 s\u2019est d\u00e9roul\u00e9e le 27 et 28 janvier \u00e0 Villeurbanne.\u00a0","datePublished":"2024-02-08T17:49:52+00:00","dateModified":"2024-02-08T17:50:29+00:00","mainEntityOfPage":{"@id":"https:\/\/www.altercampagne.net\/?p=28060"},"wordCount":613,"image":{"@id":"https:\/\/www.altercampagne.net\/?p=28060#primaryimage"},"thumbnailUrl":"https:\/\/www.altercampagne.net\/wp-content\/uploads\/2024\/02\/AT24_Pleniere_Janvier_01-edited-scaled.jpg","articleSection":["Auvergne-Rh\u00f4ne-Alpes","AlterTour","\u00c9dition 2024","WE de pr\u00e9paration"],"inLanguage":"fr-FR"},{"@type":"WebPage","@id":"https:\/\/www.altercampagne.net\/?p=28060","url":"https:\/\/www.altercampagne.net\/?p=28060","name":"La premi\u00e8re pl\u00e9ni\u00e8re de 2024 s\u2019est d\u00e9roul\u00e9e le 27 et 28 janvier \u00e0 Villeurbanne.\u00a0 - AlterTour","isPartOf":{"@id":"https:\/\/www.altercampagne.net\/#website"},"primaryImageOfPage":{"@id":"https:\/\/www.altercampagne.net\/?p=28060#primaryimage"},"image":{"@id":"https:\/\/www.altercampagne.net\/?p=28060#primaryimage"},"thumbnailUrl":"https:\/\/www.altercampagne.net\/wp-content\/uploads\/2024\/02\/AT24_Pleniere_Janvier_01-edited-scaled.jpg","datePublished":"2024-02-08T17:49:52+00:00","dateModified":"2024-02-08T17:50:29+00:00","author":{"@id":"https:\/\/www.altercampagne.net\/#\/schema\/person\/e5b68c803196f649c2152249d262d94a"},"breadcrumb":{"@id":"https:\/\/www.altercampagne.net\/?p=28060#breadcrumb"},"inLanguage":"fr-FR","potentialAction":[{"@type":"ReadAction","target":["https:\/\/www.altercampagne.net\/?p=28060"]}]},{"@type":"ImageObject","inLanguage":"fr-FR","@id":"https:\/\/www.altercampagne.net\/?p=28060#primaryimage","url":"https:\/\/www.altercampagne.net\/wp-content\/uploads\/2024\/02\/AT24_Pleniere_Janvier_01-edited-scaled.jpg","contentUrl":"https:\/\/www.altercampagne.net\/wp-content\/uploads\/2024\/02\/AT24_Pleniere_Janvier_01-edited-scaled.jpg","width":2560,"height":1440},{"@type":"BreadcrumbList","@id":"https:\/\/www.altercampagne.net\/?p=28060#breadcrumb","itemListElement":[{"@type":"ListItem","position":1,"name":"Accueil","item":"https:\/\/www.altercampagne.net\/"},{"@type":"ListItem","position":2,"name":"La premi\u00e8re pl\u00e9ni\u00e8re de 2024 s\u2019est d\u00e9roul\u00e9e le 27 et 28 janvier \u00e0 Villeurbanne.\u00a0"}]},{"@type":"WebSite","@id":"https:\/\/www.altercampagne.net\/#website","url":"https:\/\/www.altercampagne.net\/","name":"AlterTour","description":"Reliez les Alternatives \u00e0 v\u00e9lo","potentialAction":[{"@type":"SearchAction","target":{"@type":"EntryPoint","urlTemplate":"https:\/\/www.altercampagne.net\/?s={search_term_string}"},"query-input":{"@type":"PropertyValueSpecification","valueRequired":true,"valueName":"search_term_string"}}],"inLanguage":"fr-FR"},{"@type":"Person","@id":"https:\/\/www.altercampagne.net\/#\/schema\/person\/e5b68c803196f649c2152249d262d94a","name":"AlterTour","image":{"@type":"ImageObject","inLanguage":"fr-FR","@id":"https:\/\/secure.gravatar.com\/avatar\/3f2ed77f8506b8ea264ad5938bb0114bfa10f35b64086a66dfbb6e9f58ad9693?s=96&d=mm&r=g","url":"https:\/\/secure.gravatar.com\/avatar\/3f2ed77f8506b8ea264ad5938bb0114bfa10f35b64086a66dfbb6e9f58ad9693?s=96&d=mm&r=g","contentUrl":"https:\/\/secure.gravatar.com\/avatar\/3f2ed77f8506b8ea264ad5938bb0114bfa10f35b64086a66dfbb6e9f58ad9693?s=96&d=mm&r=g","caption":"AlterTour"},"url":"https:\/\/www.altercampagne.net\/?author=215"}]}},"_links":{"self":[{"href":"https:\/\/www.altercampagne.net\/index.php?rest_route=\/wp\/v2\/posts\/28060","targetHints":{"allow":["GET"]}}],"collection":[{"href":"https:\/\/www.altercampagne.net\/index.php?rest_route=\/wp\/v2\/posts"}],"about":[{"href":"https:\/\/www.altercampagne.net\/index.php?rest_route=\/wp\/v2\/types\/post"}],"author":[{"embeddable":true,"href":"https:\/\/www.altercampagne.net\/index.php?rest_route=\/wp\/v2\/users\/215"}],"replies":[{"embeddable":true,"href":"https:\/\/www.altercampagne.net\/index.php?rest_route=%2Fwp%2Fv2%2Fcomments&post=28060"}],"version-history":[{"count":7,"href":"https:\/\/www.altercampagne.net\/index.php?rest_route=\/wp\/v2\/posts\/28060\/revisions"}],"predecessor-version":[{"id":28072,"href":"https:\/\/www.altercampagne.net\/index.php?rest_route=\/wp\/v2\/posts\/28060\/revisions\/28072"}],"wp:featuredmedia":[{"embeddable":true,"href":"https:\/\/www.altercampagne.net\/index.php?rest_route=\/wp\/v2\/media\/28065"}],"wp:attachment":[{"href":"https:\/\/www.altercampagne.net\/index.php?rest_route=%2Fwp%2Fv2%2Fmedia&parent=28060"}],"wp:term":[{"taxonomy":"category","embeddable":true,"href":"https:\/\/www.altercampagne.net\/index.php?rest_route=%2Fwp%2Fv2%2Fcategories&post=28060"},{"taxonomy":"post_tag","embeddable":true,"href":"https:\/\/www.altercampagne.net\/index.php?rest_route=%2Fwp%2Fv2%2Ftags&post=28060"}],"curies":[{"name":"wp","href":"https:\/\/api.w.org\/{rel}","templated":true}]}}