{"id":28080,"date":"2024-02-18T20:38:54","date_gmt":"2024-02-18T19:38:54","guid":{"rendered":"https:\/\/www.altercampagne.net\/?p=28080"},"modified":"2024-02-18T20:38:56","modified_gmt":"2024-02-18T19:38:56","slug":"des-nouvelles-des-cercles","status":"publish","type":"post","link":"https:\/\/www.altercampagne.net\/?p=28080","title":{"rendered":"Des nouvelles des Cercles\u00a0!"},"content":{"rendered":"\n<h3 class=\"wp-block-heading\">Cercle Vivre Ensemble<\/h3>\n\n\n\n<p>Le \u00ab cercle Vivre Ensemble \u00bb a \u00e9t\u00e9 relanc\u00e9 en 2023 pour permettre la <strong>fusion d\u2019anciens cercles<\/strong> jug\u00e9s essentiels pour la vie collective \u00e0 l\u2019Altertour et au sein d\u2019Altercampagne : <strong>f\u00e9minismes<\/strong>, <strong>conflits<\/strong>, <strong>prendre<\/strong> <strong>soin<\/strong>, <strong>gestion<\/strong> <strong>du<\/strong> <strong>temps<\/strong>, \u2026 <br>Nous nous sommes fix\u00e9.e.s l\u2019objectif de <strong>relier et de coordonner ces th\u00e9matiques<\/strong> tout en les faisant \u00e9voluer puisque, outre les r\u00e9unions du cercle Vivre Ensemble, <strong>cinq nouveaux<\/strong> \u00ab cercles th\u00e9matiques \u00bb ont vu le jour : <strong>Gestion des conflits\/Oreilles Attentives<\/strong> ; <strong>Formations<\/strong> ; <strong>Familles<\/strong> ; <strong>R\u00e8glement<\/strong> <strong>Int\u00e9rieur<\/strong> ; <strong>Structurer les observations en pl\u00e9ni\u00e8re<\/strong> (et le p&rsquo;tit nouveau de derni\u00e8re minute : <strong>Fluidifier l&rsquo;Accueil des Nouvelleaux<\/strong>). <\/p>\n\n\n\n<figure class=\"wp-block-image size-large\"><a href=\"https:\/\/www.altercampagne.net\/wp-content\/uploads\/2024\/02\/AT23_220925_Pleniere_01_30-scaled-e1708284893169.jpg\"><img loading=\"lazy\" decoding=\"async\" width=\"1024\" height=\"527\" src=\"https:\/\/www.altercampagne.net\/wp-content\/uploads\/2024\/02\/AT23_220925_Pleniere_01_30-scaled-e1708284893169-1024x527.jpg\" alt=\"\" class=\"wp-image-28090\" srcset=\"https:\/\/www.altercampagne.net\/wp-content\/uploads\/2024\/02\/AT23_220925_Pleniere_01_30-scaled-e1708284893169-1024x527.jpg 1024w, https:\/\/www.altercampagne.net\/wp-content\/uploads\/2024\/02\/AT23_220925_Pleniere_01_30-scaled-e1708284893169-300x154.jpg 300w, https:\/\/www.altercampagne.net\/wp-content\/uploads\/2024\/02\/AT23_220925_Pleniere_01_30-scaled-e1708284893169-768x395.jpg 768w, https:\/\/www.altercampagne.net\/wp-content\/uploads\/2024\/02\/AT23_220925_Pleniere_01_30-scaled-e1708284893169-1536x791.jpg 1536w, https:\/\/www.altercampagne.net\/wp-content\/uploads\/2024\/02\/AT23_220925_Pleniere_01_30-scaled-e1708284893169-2048x1054.jpg 2048w, https:\/\/www.altercampagne.net\/wp-content\/uploads\/2024\/02\/AT23_220925_Pleniere_01_30-scaled-e1708284893169-100x51.jpg 100w, https:\/\/www.altercampagne.net\/wp-content\/uploads\/2024\/02\/AT23_220925_Pleniere_01_30-scaled-e1708284893169-862x444.jpg 862w, https:\/\/www.altercampagne.net\/wp-content\/uploads\/2024\/02\/AT23_220925_Pleniere_01_30-scaled-e1708284893169-1140x587.jpg 1140w\" sizes=\"auto, (max-width: 1024px) 100vw, 1024px\" \/><\/a><\/figure>\n\n\n\n<p><em>L\u2019objectif est d\u2019arriver \u00e0 deux grandes r\u00e9unions de Vivre Ensemble entre chaque pl\u00e9ni\u00e8re<\/em>. Pour le moment, les th\u00e9matiques Formation, Conflits et R\u00e8glement Int\u00e9rieur ont d\u00e9marr\u00e9 leur r\u00e9flexion.<\/p>\n\n\n\n<h3 class=\"wp-block-heading\">Le logiciel Inscriptions avance bien !<\/h3>\n\n\n\n<p>Et <strong>nous avons besoin de vous<\/strong> dans votre qualit\u00e9 de futur AlterCycliste pour le tester !! <br><span style=\"text-decoration: underline;\">Car tous vos retours<\/span>, toutes <span style=\"text-decoration: underline;\">vos embuches<\/span>, tous <span style=\"text-decoration: underline;\">les bugs<\/span> que vous rencontrerez sont des b\u00e9n\u00e9dictions pour notre d\u00e9vou\u00e9 d\u00e9veloppeur <strong>Babounet<\/strong> \ud83d\ude42 (l<em>es retours doivent \u00eatre le plus d\u00e9taill\u00e9s possibles !!<\/em> )<br>\u2022  V<strong>ous pouvez le tester sans restriction<\/strong> en <a href=\"https:\/\/events-staging.altercampagne.ovh\/\">cliquant ici <\/a><br>\u2022  Vous pouvez nous <strong>faire des retours<\/strong> : <a href=\"https:\/\/chat.altercampagne.ovh\/channel\/cercle-logiciel-2024\/\" target=\"_blank\" rel=\"noreferrer noopener\">cliquez ici<\/a> (<em>vous avez besoin d&rsquo;un compte nextcloud pour cela<\/em>) <br>\u2022  Vous pouvez <strong>suivre les fonctionnalit\u00e9s<\/strong> en cours de d\u00e9veloppement <a href=\"https:\/\/cloud.altercampagne.ovh\/apps\/deck\/#\/board\/81\">en cliquant ici<\/a><strong> <\/strong>(<em>vous avez besoin d&rsquo;un compte nextcloud pour cela<\/em>) <br>Si vous n&rsquo;avez pas ce compte NextCloud, <a href=\"contact.altertour@gmail.com\">contactez-nous par mail<\/a> .<\/p>\n\n\n<div class=\"wp-block-image\">\n<figure class=\"aligncenter size-large is-resized\"><a href=\"https:\/\/www.altercampagne.net\/wp-content\/uploads\/2024\/02\/CercleLogiciel_Illustration.png\"><img loading=\"lazy\" decoding=\"async\" width=\"1024\" height=\"637\" src=\"https:\/\/www.altercampagne.net\/wp-content\/uploads\/2024\/02\/CercleLogiciel_Illustration-1024x637.png\" alt=\"\" class=\"wp-image-28082\" style=\"width:530px;height:auto\" srcset=\"https:\/\/www.altercampagne.net\/wp-content\/uploads\/2024\/02\/CercleLogiciel_Illustration-1024x637.png 1024w, https:\/\/www.altercampagne.net\/wp-content\/uploads\/2024\/02\/CercleLogiciel_Illustration-300x187.png 300w, https:\/\/www.altercampagne.net\/wp-content\/uploads\/2024\/02\/CercleLogiciel_Illustration-768x477.png 768w, https:\/\/www.altercampagne.net\/wp-content\/uploads\/2024\/02\/CercleLogiciel_Illustration-100x62.png 100w, https:\/\/www.altercampagne.net\/wp-content\/uploads\/2024\/02\/CercleLogiciel_Illustration-862x536.png 862w, https:\/\/www.altercampagne.net\/wp-content\/uploads\/2024\/02\/CercleLogiciel_Illustration-1140x709.png 1140w, https:\/\/www.altercampagne.net\/wp-content\/uploads\/2024\/02\/CercleLogiciel_Illustration.png 1335w\" sizes=\"auto, (max-width: 1024px) 100vw, 1024px\" \/><\/a><\/figure>\n<\/div>\n\n\n<h3 class=\"wp-block-heading\">Cercle V\u00e9histique (v\u00e9hicules-logistique)<\/h3>\n\n\n\n<p>Apr\u00e8s avoir achet\u00e9 un nouveau minibus en 2023, <strong>nous allons l&rsquo;am\u00e9nager et en profiter pour am\u00e9liorer les rangements<\/strong> et accessoirisations de l&rsquo;IVECO. Bient\u00f4t les v\u00e9los \u00e0 remettre en \u00e9tat et toujours la vente de l&rsquo;ancien minibus \u00e0 concr\u00e9tiser.<\/p>\n\n\n<div class=\"wp-block-image\">\n<figure class=\"aligncenter size-large is-resized\"><a href=\"https:\/\/www.altercampagne.net\/wp-content\/uploads\/2024\/02\/CercleVehicule_illustration-e1708283550634.jpg\"><img loading=\"lazy\" decoding=\"async\" width=\"1024\" height=\"555\" src=\"https:\/\/www.altercampagne.net\/wp-content\/uploads\/2024\/02\/CercleVehicule_illustration-e1708283550634-1024x555.jpg\" alt=\"\" class=\"wp-image-28083\" style=\"width:470px;height:auto\" srcset=\"https:\/\/www.altercampagne.net\/wp-content\/uploads\/2024\/02\/CercleVehicule_illustration-e1708283550634-1024x555.jpg 1024w, https:\/\/www.altercampagne.net\/wp-content\/uploads\/2024\/02\/CercleVehicule_illustration-e1708283550634-300x162.jpg 300w, https:\/\/www.altercampagne.net\/wp-content\/uploads\/2024\/02\/CercleVehicule_illustration-e1708283550634-768x416.jpg 768w, https:\/\/www.altercampagne.net\/wp-content\/uploads\/2024\/02\/CercleVehicule_illustration-e1708283550634-1536x832.jpg 1536w, https:\/\/www.altercampagne.net\/wp-content\/uploads\/2024\/02\/CercleVehicule_illustration-e1708283550634-100x54.jpg 100w, https:\/\/www.altercampagne.net\/wp-content\/uploads\/2024\/02\/CercleVehicule_illustration-e1708283550634-862x467.jpg 862w, https:\/\/www.altercampagne.net\/wp-content\/uploads\/2024\/02\/CercleVehicule_illustration-e1708283550634-1140x617.jpg 1140w, https:\/\/www.altercampagne.net\/wp-content\/uploads\/2024\/02\/CercleVehicule_illustration-e1708283550634.jpg 2048w\" sizes=\"auto, (max-width: 1024px) 100vw, 1024px\" \/><\/a><\/figure>\n<\/div>\n\n\n<h3 class=\"wp-block-heading\">Cercle Plume<\/h3>\n\n\n\n<p><strong>Les Plumes sont tr\u00e8s heureuses de se reformer<\/strong> autour d\u2019un p\u2019tit groupe !<br><strong>La premi\u00e8re phase<\/strong> a \u00e9t\u00e9 de <strong>lister les chantiers<\/strong> et d\u2019expliciter leur contenu ; par exemple l\u2019\u00e9criture et la publication d\u2019<span style=\"text-decoration: underline;\">articles sur le Blog<\/span>, relancer la <span style=\"text-decoration: underline;\">r\u00e9daction syst\u00e9matique de NewsLetter<\/span> entre deux Pl\u00e9ni\u00e8res, se poser la question de la <span style=\"text-decoration: underline;\">gestion de notre page FaceBook<\/span>, \u2026\u00a0<br><strong>La deuxi\u00e8me phase<\/strong> consistait \u00e0 prioriser ces chantiers par leur ordre d\u2019importance pour relancer une bonne routine de notre communication, pour ensuite <strong>r\u00eaver sur d\u2019autres chantiers<\/strong> moins vitaux mais qui pourraient \u00e0 terme nous permettre de mieux mettre en avant la <strong>vie interne associative<\/strong>, les <strong>personnes et les lieux qui nous accueillent l\u2019\u00e9t\u00e9<\/strong>, et pourquoi pas <strong>tisser et\/ou renforcer des liens avec des partenaires<\/strong> (S!lence par exemple) et des r\u00e9seaux militants !<br>Mais tout \u00e7a n\u2019\u00e9tant pas encore act\u00e9 ni lanc\u00e9, vous serez mis\u2019es au courant en temps et en heure !<br><strong>Ce que nous pouvons dire \u00e0 l\u2019heure actuelle aux Plumes<\/strong> est \u2013 en dehors de la gestion commune des outils de communication \u2013 le prochain chantier d\u2019envergure est la cr\u00e9ation d\u2019une Charte Graphique, pour renouveler l\u2019aspect visuel des logos, du site, des documents, \u2026 et avoir une unit\u00e9 visuelle !\u00a0<\/p>\n\n\n\n<h3 class=\"wp-block-heading\">Coll\u00e8ge Solidaire<\/h3>\n\n\n\n<p>La grande actualit\u00e9 du CS est de se retrouver le <strong>weekend des 24 et 25 f\u00e9vrier<\/strong>, en pr\u00e9sentiel, pour avancer sur des sujets de fond : <strong>r\u00e9fl\u00e9chir \u00e0 et d\u00e9finir une Raison d\u2019\u00catre\u00a0du CS<\/strong> avec ou non ses mandats, r\u00e9fl\u00e9chir et peut-\u00eatre <strong>mieux d\u00e9finir la place du num\u00e9rique \u00e0 AlterCampagne<\/strong>, quelle position doit adopter le CS et <strong>comment l\u2019assumer face \u00e0 un conflit<\/strong> \u00e0 l\u2019AlterTour, \u2026 par exemple !<br>Sinon, dans un monde normal en ce jour de 14 f\u00e9vrier on part au resto ou on se cocoone \u00e0 la maison avec la ou les personnes qu\u2019on aime ; et bien nous au CS, on pr\u00e9f\u00e8re <strong>passer cette soir\u00e9e ensemble<\/strong>, par visio, pour traiter les affaires courantes ! &#x1f642;<br><span style=\"text-decoration: underline;\">Au menu<\/span><strong> :<\/strong> <strong>Quel prix d&rsquo;inscription<\/strong> cette ann\u00e9e ?! avec l&rsquo;inflation, notre prix d&rsquo;\u00e9quilibre est lui aussi impact\u00e9 &#8230; et \u00e0 la fois on a envie d&rsquo;\u00eatre accessibles \u00e0 des petits porte-monnaie &#8230; c&rsquo;est vraiment dur \u00e0 trancher ! Il y a aussi eu du coup, <strong>un point compta<\/strong> ! Et puis bah le quotidien : devis de Pl\u00e9ni\u00e8re, est-ce qu&rsquo;on ouvre ou non une bo\u00eete mail pour les Plumes, est-ce qu&rsquo;on a de quoi reprendre le recueil, &#8230;<\/p>\n\n\n\n<h3 class=\"wp-block-heading\">\u00c0 bient\u00f4t pour de nouvelles aventures des Cercles !<\/h3>\n\n\n\n<p class=\"has-text-align-right\"><em>(enqu\u00eate men\u00e9e par Corinne, merci \u00e0 elle !)<\/em><\/p>\n","protected":false},"excerpt":{"rendered":"<p>Cercle Vivre Ensemble Le \u00ab cercle Vivre Ensemble \u00bb a \u00e9t\u00e9 relanc\u00e9 en 2023 pour permettre la fusion d\u2019anciens cercles jug\u00e9s essentiels pour la vie collective \u00e0 l\u2019Altertour et au sein d\u2019Altercampagne : f\u00e9minismes, conflits, prendre soin, gestion du temps, \u2026 Nous nous sommes fix\u00e9.e.s l\u2019objectif de relier et de &#8230; <\/p>\n<div><a href=\"https:\/\/www.altercampagne.net\/?p=28080\" class=\"more-link\">Read More<\/a><\/div>\n","protected":false},"author":215,"featured_media":28086,"comment_status":"closed","ping_status":"closed","sticky":false,"template":"","format":"standard","meta":{"footnotes":""},"categories":[4313,4449,4310,3539],"tags":[],"class_list":["post-28080","post","type-post","status-publish","format-standard","has-post-thumbnail","hentry","category-altertour","category-edition-2024","category-communication","category-we-de-preparation"],"yoast_head":"<!-- This site is optimized with the Yoast SEO plugin v27.3 - https:\/\/yoast.com\/product\/yoast-seo-wordpress\/ -->\n<title>Des nouvelles des Cercles\u00a0! - AlterTour<\/title>\n<meta name=\"robots\" content=\"index, follow, max-snippet:-1, max-image-preview:large, max-video-preview:-1\" \/>\n<link rel=\"canonical\" href=\"https:\/\/www.altercampagne.net\/?p=28080\" \/>\n<meta property=\"og:locale\" content=\"fr_FR\" \/>\n<meta property=\"og:type\" content=\"article\" \/>\n<meta property=\"og:title\" content=\"Des nouvelles des Cercles\u00a0! - AlterTour\" \/>\n<meta property=\"og:description\" content=\"Cercle Vivre Ensemble Le \u00ab cercle Vivre Ensemble \u00bb a \u00e9t\u00e9 relanc\u00e9 en 2023 pour permettre la fusion d\u2019anciens cercles jug\u00e9s essentiels pour la vie collective \u00e0 l\u2019Altertour et au sein d\u2019Altercampagne : f\u00e9minismes, conflits, prendre soin, gestion du temps, \u2026 Nous nous sommes fix\u00e9.e.s l\u2019objectif de relier et de ... Read More\" \/>\n<meta property=\"og:url\" content=\"https:\/\/www.altercampagne.net\/?p=28080\" \/>\n<meta property=\"og:site_name\" content=\"AlterTour\" \/>\n<meta property=\"article:published_time\" content=\"2024-02-18T19:38:54+00:00\" \/>\n<meta property=\"article:modified_time\" content=\"2024-02-18T19:38:56+00:00\" \/>\n<meta property=\"og:image\" content=\"https:\/\/www.altercampagne.net\/wp-content\/uploads\/2024\/02\/AT23_220925_Pleniere_01_09-scaled-e1708284227537.jpg\" \/>\n\t<meta property=\"og:image:width\" content=\"2560\" \/>\n\t<meta property=\"og:image:height\" content=\"1245\" \/>\n\t<meta property=\"og:image:type\" content=\"image\/jpeg\" \/>\n<meta name=\"author\" content=\"AlterTour\" \/>\n<meta name=\"twitter:card\" content=\"summary_large_image\" \/>\n<meta name=\"twitter:label1\" content=\"\u00c9crit par\" \/>\n\t<meta name=\"twitter:data1\" content=\"AlterTour\" \/>\n\t<meta name=\"twitter:label2\" content=\"Dur\u00e9e de lecture estim\u00e9e\" \/>\n\t<meta name=\"twitter:data2\" content=\"5 minutes\" \/>\n<script type=\"application\/ld+json\" class=\"yoast-schema-graph\">{\"@context\":\"https:\\\/\\\/schema.org\",\"@graph\":[{\"@type\":\"Article\",\"@id\":\"https:\\\/\\\/www.altercampagne.net\\\/?p=28080#article\",\"isPartOf\":{\"@id\":\"https:\\\/\\\/www.altercampagne.net\\\/?p=28080\"},\"author\":{\"name\":\"AlterTour\",\"@id\":\"https:\\\/\\\/www.altercampagne.net\\\/#\\\/schema\\\/person\\\/e5b68c803196f649c2152249d262d94a\"},\"headline\":\"Des nouvelles des Cercles\u00a0!\",\"datePublished\":\"2024-02-18T19:38:54+00:00\",\"dateModified\":\"2024-02-18T19:38:56+00:00\",\"mainEntityOfPage\":{\"@id\":\"https:\\\/\\\/www.altercampagne.net\\\/?p=28080\"},\"wordCount\":755,\"image\":{\"@id\":\"https:\\\/\\\/www.altercampagne.net\\\/?p=28080#primaryimage\"},\"thumbnailUrl\":\"https:\\\/\\\/www.altercampagne.net\\\/wp-content\\\/uploads\\\/2024\\\/02\\\/AT23_220925_Pleniere_01_09-scaled-e1708284227537.jpg\",\"articleSection\":[\"AlterTour\",\"\u00c9dition 2024\",\"communication\",\"WE de pr\u00e9paration\"],\"inLanguage\":\"fr-FR\"},{\"@type\":\"WebPage\",\"@id\":\"https:\\\/\\\/www.altercampagne.net\\\/?p=28080\",\"url\":\"https:\\\/\\\/www.altercampagne.net\\\/?p=28080\",\"name\":\"Des nouvelles des Cercles\u00a0! - AlterTour\",\"isPartOf\":{\"@id\":\"https:\\\/\\\/www.altercampagne.net\\\/#website\"},\"primaryImageOfPage\":{\"@id\":\"https:\\\/\\\/www.altercampagne.net\\\/?p=28080#primaryimage\"},\"image\":{\"@id\":\"https:\\\/\\\/www.altercampagne.net\\\/?p=28080#primaryimage\"},\"thumbnailUrl\":\"https:\\\/\\\/www.altercampagne.net\\\/wp-content\\\/uploads\\\/2024\\\/02\\\/AT23_220925_Pleniere_01_09-scaled-e1708284227537.jpg\",\"datePublished\":\"2024-02-18T19:38:54+00:00\",\"dateModified\":\"2024-02-18T19:38:56+00:00\",\"author\":{\"@id\":\"https:\\\/\\\/www.altercampagne.net\\\/#\\\/schema\\\/person\\\/e5b68c803196f649c2152249d262d94a\"},\"breadcrumb\":{\"@id\":\"https:\\\/\\\/www.altercampagne.net\\\/?p=28080#breadcrumb\"},\"inLanguage\":\"fr-FR\",\"potentialAction\":[{\"@type\":\"ReadAction\",\"target\":[\"https:\\\/\\\/www.altercampagne.net\\\/?p=28080\"]}]},{\"@type\":\"ImageObject\",\"inLanguage\":\"fr-FR\",\"@id\":\"https:\\\/\\\/www.altercampagne.net\\\/?p=28080#primaryimage\",\"url\":\"https:\\\/\\\/www.altercampagne.net\\\/wp-content\\\/uploads\\\/2024\\\/02\\\/AT23_220925_Pleniere_01_09-scaled-e1708284227537.jpg\",\"contentUrl\":\"https:\\\/\\\/www.altercampagne.net\\\/wp-content\\\/uploads\\\/2024\\\/02\\\/AT23_220925_Pleniere_01_09-scaled-e1708284227537.jpg\",\"width\":2560,\"height\":1245},{\"@type\":\"BreadcrumbList\",\"@id\":\"https:\\\/\\\/www.altercampagne.net\\\/?p=28080#breadcrumb\",\"itemListElement\":[{\"@type\":\"ListItem\",\"position\":1,\"name\":\"Accueil\",\"item\":\"https:\\\/\\\/www.altercampagne.net\\\/\"},{\"@type\":\"ListItem\",\"position\":2,\"name\":\"Des nouvelles des Cercles\u00a0!\"}]},{\"@type\":\"WebSite\",\"@id\":\"https:\\\/\\\/www.altercampagne.net\\\/#website\",\"url\":\"https:\\\/\\\/www.altercampagne.net\\\/\",\"name\":\"AlterTour\",\"description\":\"Reliez les Alternatives \u00e0 v\u00e9lo\",\"potentialAction\":[{\"@type\":\"SearchAction\",\"target\":{\"@type\":\"EntryPoint\",\"urlTemplate\":\"https:\\\/\\\/www.altercampagne.net\\\/?s={search_term_string}\"},\"query-input\":{\"@type\":\"PropertyValueSpecification\",\"valueRequired\":true,\"valueName\":\"search_term_string\"}}],\"inLanguage\":\"fr-FR\"},{\"@type\":\"Person\",\"@id\":\"https:\\\/\\\/www.altercampagne.net\\\/#\\\/schema\\\/person\\\/e5b68c803196f649c2152249d262d94a\",\"name\":\"AlterTour\",\"image\":{\"@type\":\"ImageObject\",\"inLanguage\":\"fr-FR\",\"@id\":\"https:\\\/\\\/secure.gravatar.com\\\/avatar\\\/3f2ed77f8506b8ea264ad5938bb0114bfa10f35b64086a66dfbb6e9f58ad9693?s=96&d=mm&r=g\",\"url\":\"https:\\\/\\\/secure.gravatar.com\\\/avatar\\\/3f2ed77f8506b8ea264ad5938bb0114bfa10f35b64086a66dfbb6e9f58ad9693?s=96&d=mm&r=g\",\"contentUrl\":\"https:\\\/\\\/secure.gravatar.com\\\/avatar\\\/3f2ed77f8506b8ea264ad5938bb0114bfa10f35b64086a66dfbb6e9f58ad9693?s=96&d=mm&r=g\",\"caption\":\"AlterTour\"},\"url\":\"https:\\\/\\\/www.altercampagne.net\\\/?author=215\"}]}<\/script>\n<!-- \/ Yoast SEO plugin. -->","yoast_head_json":{"title":"Des nouvelles des Cercles\u00a0! - AlterTour","robots":{"index":"index","follow":"follow","max-snippet":"max-snippet:-1","max-image-preview":"max-image-preview:large","max-video-preview":"max-video-preview:-1"},"canonical":"https:\/\/www.altercampagne.net\/?p=28080","og_locale":"fr_FR","og_type":"article","og_title":"Des nouvelles des Cercles\u00a0! - AlterTour","og_description":"Cercle Vivre Ensemble Le \u00ab cercle Vivre Ensemble \u00bb a \u00e9t\u00e9 relanc\u00e9 en 2023 pour permettre la fusion d\u2019anciens cercles jug\u00e9s essentiels pour la vie collective \u00e0 l\u2019Altertour et au sein d\u2019Altercampagne : f\u00e9minismes, conflits, prendre soin, gestion du temps, \u2026 Nous nous sommes fix\u00e9.e.s l\u2019objectif de relier et de ... Read More","og_url":"https:\/\/www.altercampagne.net\/?p=28080","og_site_name":"AlterTour","article_published_time":"2024-02-18T19:38:54+00:00","article_modified_time":"2024-02-18T19:38:56+00:00","og_image":[{"width":2560,"height":1245,"url":"https:\/\/www.altercampagne.net\/wp-content\/uploads\/2024\/02\/AT23_220925_Pleniere_01_09-scaled-e1708284227537.jpg","type":"image\/jpeg"}],"author":"AlterTour","twitter_card":"summary_large_image","twitter_misc":{"\u00c9crit par":"AlterTour","Dur\u00e9e de lecture estim\u00e9e":"5 minutes"},"schema":{"@context":"https:\/\/schema.org","@graph":[{"@type":"Article","@id":"https:\/\/www.altercampagne.net\/?p=28080#article","isPartOf":{"@id":"https:\/\/www.altercampagne.net\/?p=28080"},"author":{"name":"AlterTour","@id":"https:\/\/www.altercampagne.net\/#\/schema\/person\/e5b68c803196f649c2152249d262d94a"},"headline":"Des nouvelles des Cercles\u00a0!","datePublished":"2024-02-18T19:38:54+00:00","dateModified":"2024-02-18T19:38:56+00:00","mainEntityOfPage":{"@id":"https:\/\/www.altercampagne.net\/?p=28080"},"wordCount":755,"image":{"@id":"https:\/\/www.altercampagne.net\/?p=28080#primaryimage"},"thumbnailUrl":"https:\/\/www.altercampagne.net\/wp-content\/uploads\/2024\/02\/AT23_220925_Pleniere_01_09-scaled-e1708284227537.jpg","articleSection":["AlterTour","\u00c9dition 2024","communication","WE de pr\u00e9paration"],"inLanguage":"fr-FR"},{"@type":"WebPage","@id":"https:\/\/www.altercampagne.net\/?p=28080","url":"https:\/\/www.altercampagne.net\/?p=28080","name":"Des nouvelles des Cercles\u00a0! - AlterTour","isPartOf":{"@id":"https:\/\/www.altercampagne.net\/#website"},"primaryImageOfPage":{"@id":"https:\/\/www.altercampagne.net\/?p=28080#primaryimage"},"image":{"@id":"https:\/\/www.altercampagne.net\/?p=28080#primaryimage"},"thumbnailUrl":"https:\/\/www.altercampagne.net\/wp-content\/uploads\/2024\/02\/AT23_220925_Pleniere_01_09-scaled-e1708284227537.jpg","datePublished":"2024-02-18T19:38:54+00:00","dateModified":"2024-02-18T19:38:56+00:00","author":{"@id":"https:\/\/www.altercampagne.net\/#\/schema\/person\/e5b68c803196f649c2152249d262d94a"},"breadcrumb":{"@id":"https:\/\/www.altercampagne.net\/?p=28080#breadcrumb"},"inLanguage":"fr-FR","potentialAction":[{"@type":"ReadAction","target":["https:\/\/www.altercampagne.net\/?p=28080"]}]},{"@type":"ImageObject","inLanguage":"fr-FR","@id":"https:\/\/www.altercampagne.net\/?p=28080#primaryimage","url":"https:\/\/www.altercampagne.net\/wp-content\/uploads\/2024\/02\/AT23_220925_Pleniere_01_09-scaled-e1708284227537.jpg","contentUrl":"https:\/\/www.altercampagne.net\/wp-content\/uploads\/2024\/02\/AT23_220925_Pleniere_01_09-scaled-e1708284227537.jpg","width":2560,"height":1245},{"@type":"BreadcrumbList","@id":"https:\/\/www.altercampagne.net\/?p=28080#breadcrumb","itemListElement":[{"@type":"ListItem","position":1,"name":"Accueil","item":"https:\/\/www.altercampagne.net\/"},{"@type":"ListItem","position":2,"name":"Des nouvelles des Cercles\u00a0!"}]},{"@type":"WebSite","@id":"https:\/\/www.altercampagne.net\/#website","url":"https:\/\/www.altercampagne.net\/","name":"AlterTour","description":"Reliez les Alternatives \u00e0 v\u00e9lo","potentialAction":[{"@type":"SearchAction","target":{"@type":"EntryPoint","urlTemplate":"https:\/\/www.altercampagne.net\/?s={search_term_string}"},"query-input":{"@type":"PropertyValueSpecification","valueRequired":true,"valueName":"search_term_string"}}],"inLanguage":"fr-FR"},{"@type":"Person","@id":"https:\/\/www.altercampagne.net\/#\/schema\/person\/e5b68c803196f649c2152249d262d94a","name":"AlterTour","image":{"@type":"ImageObject","inLanguage":"fr-FR","@id":"https:\/\/secure.gravatar.com\/avatar\/3f2ed77f8506b8ea264ad5938bb0114bfa10f35b64086a66dfbb6e9f58ad9693?s=96&d=mm&r=g","url":"https:\/\/secure.gravatar.com\/avatar\/3f2ed77f8506b8ea264ad5938bb0114bfa10f35b64086a66dfbb6e9f58ad9693?s=96&d=mm&r=g","contentUrl":"https:\/\/secure.gravatar.com\/avatar\/3f2ed77f8506b8ea264ad5938bb0114bfa10f35b64086a66dfbb6e9f58ad9693?s=96&d=mm&r=g","caption":"AlterTour"},"url":"https:\/\/www.altercampagne.net\/?author=215"}]}},"_links":{"self":[{"href":"https:\/\/www.altercampagne.net\/index.php?rest_route=\/wp\/v2\/posts\/28080","targetHints":{"allow":["GET"]}}],"collection":[{"href":"https:\/\/www.altercampagne.net\/index.php?rest_route=\/wp\/v2\/posts"}],"about":[{"href":"https:\/\/www.altercampagne.net\/index.php?rest_route=\/wp\/v2\/types\/post"}],"author":[{"embeddable":true,"href":"https:\/\/www.altercampagne.net\/index.php?rest_route=\/wp\/v2\/users\/215"}],"replies":[{"embeddable":true,"href":"https:\/\/www.altercampagne.net\/index.php?rest_route=%2Fwp%2Fv2%2Fcomments&post=28080"}],"version-history":[{"count":5,"href":"https:\/\/www.altercampagne.net\/index.php?rest_route=\/wp\/v2\/posts\/28080\/revisions"}],"predecessor-version":[{"id":28093,"href":"https:\/\/www.altercampagne.net\/index.php?rest_route=\/wp\/v2\/posts\/28080\/revisions\/28093"}],"wp:featuredmedia":[{"embeddable":true,"href":"https:\/\/www.altercampagne.net\/index.php?rest_route=\/wp\/v2\/media\/28086"}],"wp:attachment":[{"href":"https:\/\/www.altercampagne.net\/index.php?rest_route=%2Fwp%2Fv2%2Fmedia&parent=28080"}],"wp:term":[{"taxonomy":"category","embeddable":true,"href":"https:\/\/www.altercampagne.net\/index.php?rest_route=%2Fwp%2Fv2%2Fcategories&post=28080"},{"taxonomy":"post_tag","embeddable":true,"href":"https:\/\/www.altercampagne.net\/index.php?rest_route=%2Fwp%2Fv2%2Ftags&post=28080"}],"curies":[{"name":"wp","href":"https:\/\/api.w.org\/{rel}","templated":true}]}}