{"id":28126,"date":"2024-03-25T18:19:32","date_gmt":"2024-03-25T17:19:32","guid":{"rendered":"https:\/\/www.altercampagne.net\/?p=28126"},"modified":"2024-03-25T18:19:34","modified_gmt":"2024-03-25T17:19:34","slug":"maconnais-et-college-solidaire-un-bon-cru-wecs-24","status":"publish","type":"post","link":"https:\/\/www.altercampagne.net\/?p=28126","title":{"rendered":"M\u00e2connais et Coll\u00e8ge Solidaire : un bon cru WECS-24"},"content":{"rendered":"\n<p class=\"has-text-align-left\"><em><strong>\u00c7a me met toujours un poil d&rsquo;excitation quand je re\u00e7ois 12 personnes \u00e0 la maison<\/strong>, imaginer les menus, pousser les meubles, apporter des jeux et les derni\u00e8res BD dans le salon, &#8230; et surtout le casse-t\u00eate de la r\u00e9partition de toustes pour le dodo ! Et puis j&rsquo;aime bien quand iels se sentent \u00e0 l&rsquo;aise et suffisamment autonomes pour farfouiller de partout sans g\u00eane de d\u00e9ranger, <strong>\u00e7a vient caresser ma joie de participer \u00e0 un collectif heureux<\/strong> ! <\/em><\/p>\n\n\n\n<figure class=\"wp-block-image size-large\"><a href=\"https:\/\/www.altercampagne.net\/wp-content\/uploads\/2024\/03\/WECS24_03-scaled.jpg\"><img loading=\"lazy\" decoding=\"async\" width=\"1024\" height=\"768\" src=\"https:\/\/www.altercampagne.net\/wp-content\/uploads\/2024\/03\/WECS24_03-1024x768.jpg\" alt=\"\" class=\"wp-image-28134\" srcset=\"https:\/\/www.altercampagne.net\/wp-content\/uploads\/2024\/03\/WECS24_03-1024x768.jpg 1024w, https:\/\/www.altercampagne.net\/wp-content\/uploads\/2024\/03\/WECS24_03-300x225.jpg 300w, https:\/\/www.altercampagne.net\/wp-content\/uploads\/2024\/03\/WECS24_03-768x576.jpg 768w, https:\/\/www.altercampagne.net\/wp-content\/uploads\/2024\/03\/WECS24_03-1536x1152.jpg 1536w, https:\/\/www.altercampagne.net\/wp-content\/uploads\/2024\/03\/WECS24_03-2048x1536.jpg 2048w, https:\/\/www.altercampagne.net\/wp-content\/uploads\/2024\/03\/WECS24_03-100x75.jpg 100w, https:\/\/www.altercampagne.net\/wp-content\/uploads\/2024\/03\/WECS24_03-862x647.jpg 862w, https:\/\/www.altercampagne.net\/wp-content\/uploads\/2024\/03\/WECS24_03-1140x855.jpg 1140w\" sizes=\"auto, (max-width: 1024px) 100vw, 1024px\" \/><\/a><figcaption class=\"wp-element-caption\">Douces pens\u00e9es aux absent&rsquo;es de cette photo : Cl\u00e9ment, Math &amp; Kouki<\/figcaption><\/figure>\n\n\n\n<h4 class=\"wp-block-heading\">WECS-24 ?!?<\/h4>\n\n\n\n<p class=\"has-text-align-left\"><em>Oui pardon, les acronymes c&rsquo;est pas hyper inclusif hein, \u00e7a fait jargon et Language d&rsquo;initi\u00e9&rsquo;es ! <br>Je ne sais pas comment \u00e7a fonctionne chez nos voisin&rsquo;es mais je trouve qu&rsquo;en France on est bien bal\u00e8zes pour \u00e7a, et AlterCampagne ne d\u00e9roge pas \u00e0 la r\u00e8gle : CS, ODJ, RI, WERVA, AT, \u00c9B, ADT (&#x1f622;), &#8230; et maintenant WECS !<\/em><\/p>\n\n\n\n<p><strong>Un Week-End du Coll\u00e8ge Solidaire donc est un peu \u00e0 l&rsquo;image d&rsquo;une Pl\u00e9ni\u00e8re<\/strong> : on r\u00e9unit plein de personnes au m\u00eame endroit pour un weekend avec un <strong>ordre du jour pr\u00e9cis<\/strong>, des <strong>p&rsquo;tit d\u00e8j<\/strong> o\u00f9 en fait \u00ab\u00a0<em>on a d\u00e9j\u00e0 commenc\u00e9 \u00e0 travailler<\/em>\u00a0\u00bb et des <strong>moments informels<\/strong> de mise \u00e0 jour de nos vies mutuelles !<br>La seule diff\u00e9rence est que \u00e7a ne concerne que les <strong>membres et les affaires internes au CS<\/strong> ( <em>bon, oui, \u00e0 une exception de super Vincent qui est venu soutenir nos cerveaux et nos estomacs ! -merci-<\/em> )<\/p>\n\n\n\n<h4 class=\"wp-block-heading\">Entre deux Roches : un programme bien ficel\u00e9<\/h4>\n\n\n\n<p><em>Les majestueuses roches de Solutr\u00e9 et Vergisson nous encadrent de leur prestance apaisante, les fumerolles des fagots de vignes br\u00fblant s&rsquo;\u00e9l\u00e8vent et indiquent l&rsquo;activit\u00e9 saisonni\u00e8re dans les rang\u00e9es, le Mont-Blanc pointe son sommet au loin malgr\u00e9 la grisaille : tout est r\u00e9uni pour nous plonger dans les gros sujets de ce WECS.<\/em><\/p>\n\n\n\n<p><strong>Les deux gros dossiers sont : <\/strong><\/p>\n\n\n\n<ul class=\"wp-block-list\">\n<li><strong>Prioriser les chantiers en Pl\u00e9ni\u00e8re<\/strong>, ou : Comment on g\u00e8re les diff\u00e9rences de priorit\u00e9s entre les diff\u00e9rentes personnes et\/ou Cercles ? Quels sont les objectifs politique d&rsquo;une pl\u00e9ni\u00e8re ? Quelle trame pour une pl\u00e9ni\u00e8re? Quel cahier des charge et quelle souverainet\u00e9 pour les pr\u00e9pa pl\u00e9ni\u00e8re ?<\/li>\n\n\n\n<li><strong>R\u00f4les et Mandats du Coll\u00e8ge Solidaire<\/strong>, ou : Quels sont les mandats et la souverainet\u00e9 des diff\u00e9rentes instances d&rsquo;altercampagne ? Quelles interactions et l\u00e9gitimit\u00e9s entre ces instances ? Est-ce que c&rsquo;est le CS qui peut ou doit donner mandat au cercle ? Est-ce que le CS peut revenir sur une d\u00e9cision de Pl\u00e9ni\u00e8re ?<\/li>\n<\/ul>\n\n\n\n<figure class=\"wp-block-image size-large\"><a href=\"https:\/\/www.altercampagne.net\/wp-content\/uploads\/2024\/03\/WECS24_07-scaled-e1710352150311.jpg\"><img loading=\"lazy\" decoding=\"async\" width=\"1024\" height=\"619\" src=\"https:\/\/www.altercampagne.net\/wp-content\/uploads\/2024\/03\/WECS24_07-scaled-e1710352150311-1024x619.jpg\" alt=\"\" class=\"wp-image-28138\" srcset=\"https:\/\/www.altercampagne.net\/wp-content\/uploads\/2024\/03\/WECS24_07-scaled-e1710352150311-1024x619.jpg 1024w, https:\/\/www.altercampagne.net\/wp-content\/uploads\/2024\/03\/WECS24_07-scaled-e1710352150311-300x181.jpg 300w, https:\/\/www.altercampagne.net\/wp-content\/uploads\/2024\/03\/WECS24_07-scaled-e1710352150311-768x464.jpg 768w, https:\/\/www.altercampagne.net\/wp-content\/uploads\/2024\/03\/WECS24_07-scaled-e1710352150311-1536x929.jpg 1536w, https:\/\/www.altercampagne.net\/wp-content\/uploads\/2024\/03\/WECS24_07-scaled-e1710352150311-2048x1238.jpg 2048w, https:\/\/www.altercampagne.net\/wp-content\/uploads\/2024\/03\/WECS24_07-scaled-e1710352150311-100x60.jpg 100w, https:\/\/www.altercampagne.net\/wp-content\/uploads\/2024\/03\/WECS24_07-scaled-e1710352150311-862x521.jpg 862w, https:\/\/www.altercampagne.net\/wp-content\/uploads\/2024\/03\/WECS24_07-scaled-e1710352150311-1140x689.jpg 1140w\" sizes=\"auto, (max-width: 1024px) 100vw, 1024px\" \/><\/a><figcaption class=\"wp-element-caption\">\u00ab\u00a0l&rsquo;Arbre \u00e0 Probl\u00e8mes\u00a0\u00bb , un rendu visuel pour mettre en avant les lien de causalit\u00e9s : ici, l&rsquo;usage du num\u00e9rique<\/figcaption><\/figure>\n\n\n\n<p><strong>Les sujets tout aussi importants :<\/strong><\/p>\n\n\n\n<ul class=\"wp-block-list\">\n<li><strong>La place du num\u00e9rique \u00e0 AlterCampagne<\/strong>, ou : Comment veiller \u00e0 ce que la place du num\u00e9rique reste inclusive et non excluante dans l&rsquo;orga d&rsquo;AlterCampagne ?<\/li>\n\n\n\n<li><strong>R\u00e9pondre \u00e0 une situation conflictuelle sur l&rsquo;AterTour<\/strong>, ou : Quelle positions du CS sur le mail de *** et par extension quelle posture de l&rsquo;asso sur la question soulev\u00e9e ?&nbsp;<\/li>\n\n\n\n<li><strong>Les Budgets Autonomes<\/strong>, ou : Quel protocole fixer et budget global \u00e0 allouer aux budgets des Cercles ?<\/li>\n\n\n\n<li><strong>Un besoin court mais urgent<\/strong> de faire le point sur la cr\u00e9ation du nouveau logiciel d&rsquo;Inscriptions<\/li>\n<\/ul>\n\n\n\n<p>Les ateliers furent r\u00e9fl\u00e9chis en amont pour<strong> fluidifier la pens\u00e9e<\/strong> et donner de la mati\u00e8re \u00e0 nos probl\u00e9matiques, et en \u00e7a c&rsquo;est une <strong>mission r\u00e9ussie<\/strong> si on en juge par les post-it, les patates, les sch\u00e9mas et autres <strong>visuels produits lors d&rsquo;un week-end<\/strong> ! <\/p>\n\n\n\n<figure class=\"wp-block-image size-large\"><a href=\"https:\/\/www.altercampagne.net\/wp-content\/uploads\/2024\/03\/WECS24_04-scaled-e1710352078689.jpg\"><img loading=\"lazy\" decoding=\"async\" width=\"1024\" height=\"657\" src=\"https:\/\/www.altercampagne.net\/wp-content\/uploads\/2024\/03\/WECS24_04-scaled-e1710352078689-1024x657.jpg\" alt=\"\" class=\"wp-image-28135\" srcset=\"https:\/\/www.altercampagne.net\/wp-content\/uploads\/2024\/03\/WECS24_04-scaled-e1710352078689-1024x657.jpg 1024w, https:\/\/www.altercampagne.net\/wp-content\/uploads\/2024\/03\/WECS24_04-scaled-e1710352078689-300x192.jpg 300w, https:\/\/www.altercampagne.net\/wp-content\/uploads\/2024\/03\/WECS24_04-scaled-e1710352078689-768x493.jpg 768w, https:\/\/www.altercampagne.net\/wp-content\/uploads\/2024\/03\/WECS24_04-scaled-e1710352078689-1536x985.jpg 1536w, https:\/\/www.altercampagne.net\/wp-content\/uploads\/2024\/03\/WECS24_04-scaled-e1710352078689-2048x1314.jpg 2048w, https:\/\/www.altercampagne.net\/wp-content\/uploads\/2024\/03\/WECS24_04-scaled-e1710352078689-100x64.jpg 100w, https:\/\/www.altercampagne.net\/wp-content\/uploads\/2024\/03\/WECS24_04-scaled-e1710352078689-862x553.jpg 862w, https:\/\/www.altercampagne.net\/wp-content\/uploads\/2024\/03\/WECS24_04-scaled-e1710352078689-1140x731.jpg 1140w\" sizes=\"auto, (max-width: 1024px) 100vw, 1024px\" \/><\/a><\/figure>\n\n\n\n<p><strong>Ainsi, je vous \u00e9pargne les d\u00e9tails<\/strong> de toustes les r\u00e9flexions, arguments, points de tension, chemins pris, &#8230;, c&rsquo;\u00e9tait passionnant mais impossible \u00e0 retranscrire !<br>La <strong>tendance g\u00e9n\u00e9rale des r\u00e9sultats<\/strong> de tous ces travaux est : <strong>on apporte tout \u00e7a en Pl\u00e9ni\u00e8re<\/strong> ; celle de mars dans un premier temps pour rendre compte de ce WECS, au WERVA pour avancer sur les dossiers, et enfin celle de <strong>Juin pour des prises de d\u00e9cision<\/strong>, car la suite de ce WECS demande encore du travail de fond de collecter, traiter, formuler, &#8230; de la mati\u00e8re pour en <strong>faire des propositions claires<\/strong> ! <\/p>\n\n\n\n<p><span style=\"text-decoration: underline;\">Comme exemples<\/span> : <em>\u00e0 propos de l&rsquo;usage du num\u00e9rique \u00e0 AlterCampagne, ce sujet m\u00e9rite un Groupe de Travail qui se penche et planche dessus ; ou bien le budget propre \u00e0 chaque Cercle : une proposition a \u00e9merg\u00e9 au WECS et m\u00e9rite encore du fignolage pour validation en Pl\u00e9ni\u00e8re de Juin ; ou encore, un vrai travail de fond autour des r\u00f4les et mandats du Coll\u00e8ge Solidaire est en cours pour, de m\u00eame, \u00e0 terme \u00eatre valid\u00e9 en Pl\u00e9ni\u00e8re !<\/em><\/p>\n\n\n\n<h4 class=\"wp-block-heading\">En fin<\/h4>\n\n\n\n<p>Et bien voil\u00e0, le temps d&rsquo;<strong>un weekend bien rempli<\/strong> en stimulation intellectuelle et en joie de partager ces moments-l\u00e0, nous voici d\u00e9j\u00e0 \u00e0 paqueter nos sacs et ranger la maison : un gros convoi part pour la gare l\u00e0 o\u00f9 trois d&rsquo;entre nous allons <strong>rendre visite \u00e0 notre cher am&rsquo;IVECO<\/strong> pour le rendre le plus l\u00e9ger possible pour son passage au contr\u00f4le technique !<br><br><strong><em>\u00c0 une prochaine pour de nouvelles aventure du Coll\u00e8ge Solidaire !<\/em><\/strong><\/p>\n","protected":false},"excerpt":{"rendered":"<p>Le temps d&rsquo;un weekend bien rempli en stimulation intellectuelle et en joie de partager ces moments-l\u00e0<\/p>\n","protected":false},"author":215,"featured_media":28132,"comment_status":"closed","ping_status":"closed","sticky":false,"template":"","format":"standard","meta":{"footnotes":""},"categories":[4313,4449,3495,3539,3540],"tags":[],"class_list":["post-28126","post","type-post","status-publish","format-standard","has-post-thumbnail","hentry","category-altertour","category-edition-2024","category-bourgogne-franche-comte","category-we-de-preparation","category-transverse"],"yoast_head":"<!-- This site is optimized with the Yoast SEO plugin v27.3 - https:\/\/yoast.com\/product\/yoast-seo-wordpress\/ -->\n<title>M\u00e2connais et Coll\u00e8ge Solidaire : un bon cru WECS-24 - AlterTour<\/title>\n<meta name=\"robots\" content=\"index, follow, max-snippet:-1, max-image-preview:large, max-video-preview:-1\" \/>\n<link rel=\"canonical\" href=\"https:\/\/www.altercampagne.net\/?p=28126\" \/>\n<meta property=\"og:locale\" content=\"fr_FR\" \/>\n<meta property=\"og:type\" content=\"article\" \/>\n<meta property=\"og:title\" content=\"M\u00e2connais et Coll\u00e8ge Solidaire : un bon cru WECS-24 - AlterTour\" \/>\n<meta property=\"og:description\" content=\"Le temps d&#039;un weekend bien rempli en stimulation intellectuelle et en joie de partager ces moments-l\u00e0\" \/>\n<meta property=\"og:url\" content=\"https:\/\/www.altercampagne.net\/?p=28126\" \/>\n<meta property=\"og:site_name\" content=\"AlterTour\" \/>\n<meta property=\"article:published_time\" content=\"2024-03-25T17:19:32+00:00\" \/>\n<meta property=\"article:modified_time\" content=\"2024-03-25T17:19:34+00:00\" \/>\n<meta property=\"og:image\" content=\"https:\/\/www.altercampagne.net\/wp-content\/uploads\/2024\/03\/WECS24_01-scaled-e1710352050193.jpg\" \/>\n\t<meta property=\"og:image:width\" content=\"2560\" \/>\n\t<meta property=\"og:image:height\" content=\"1536\" \/>\n\t<meta property=\"og:image:type\" content=\"image\/jpeg\" \/>\n<meta name=\"author\" content=\"AlterTour\" \/>\n<meta name=\"twitter:card\" content=\"summary_large_image\" \/>\n<meta name=\"twitter:label1\" content=\"\u00c9crit par\" \/>\n\t<meta name=\"twitter:data1\" content=\"AlterTour\" \/>\n\t<meta name=\"twitter:label2\" content=\"Dur\u00e9e de lecture estim\u00e9e\" \/>\n\t<meta name=\"twitter:data2\" content=\"5 minutes\" \/>\n<script type=\"application\/ld+json\" class=\"yoast-schema-graph\">{\"@context\":\"https:\\\/\\\/schema.org\",\"@graph\":[{\"@type\":\"Article\",\"@id\":\"https:\\\/\\\/www.altercampagne.net\\\/?p=28126#article\",\"isPartOf\":{\"@id\":\"https:\\\/\\\/www.altercampagne.net\\\/?p=28126\"},\"author\":{\"name\":\"AlterTour\",\"@id\":\"https:\\\/\\\/www.altercampagne.net\\\/#\\\/schema\\\/person\\\/e5b68c803196f649c2152249d262d94a\"},\"headline\":\"M\u00e2connais et Coll\u00e8ge Solidaire : un bon cru WECS-24\",\"datePublished\":\"2024-03-25T17:19:32+00:00\",\"dateModified\":\"2024-03-25T17:19:34+00:00\",\"mainEntityOfPage\":{\"@id\":\"https:\\\/\\\/www.altercampagne.net\\\/?p=28126\"},\"wordCount\":881,\"image\":{\"@id\":\"https:\\\/\\\/www.altercampagne.net\\\/?p=28126#primaryimage\"},\"thumbnailUrl\":\"https:\\\/\\\/www.altercampagne.net\\\/wp-content\\\/uploads\\\/2024\\\/03\\\/WECS24_01-scaled-e1710352050193.jpg\",\"articleSection\":[\"AlterTour\",\"\u00c9dition 2024\",\"Bourgogne-Franche-Comt\u00e9\",\"WE de pr\u00e9paration\",\"Transverse\"],\"inLanguage\":\"fr-FR\"},{\"@type\":\"WebPage\",\"@id\":\"https:\\\/\\\/www.altercampagne.net\\\/?p=28126\",\"url\":\"https:\\\/\\\/www.altercampagne.net\\\/?p=28126\",\"name\":\"M\u00e2connais et Coll\u00e8ge Solidaire : un bon cru WECS-24 - AlterTour\",\"isPartOf\":{\"@id\":\"https:\\\/\\\/www.altercampagne.net\\\/#website\"},\"primaryImageOfPage\":{\"@id\":\"https:\\\/\\\/www.altercampagne.net\\\/?p=28126#primaryimage\"},\"image\":{\"@id\":\"https:\\\/\\\/www.altercampagne.net\\\/?p=28126#primaryimage\"},\"thumbnailUrl\":\"https:\\\/\\\/www.altercampagne.net\\\/wp-content\\\/uploads\\\/2024\\\/03\\\/WECS24_01-scaled-e1710352050193.jpg\",\"datePublished\":\"2024-03-25T17:19:32+00:00\",\"dateModified\":\"2024-03-25T17:19:34+00:00\",\"author\":{\"@id\":\"https:\\\/\\\/www.altercampagne.net\\\/#\\\/schema\\\/person\\\/e5b68c803196f649c2152249d262d94a\"},\"breadcrumb\":{\"@id\":\"https:\\\/\\\/www.altercampagne.net\\\/?p=28126#breadcrumb\"},\"inLanguage\":\"fr-FR\",\"potentialAction\":[{\"@type\":\"ReadAction\",\"target\":[\"https:\\\/\\\/www.altercampagne.net\\\/?p=28126\"]}]},{\"@type\":\"ImageObject\",\"inLanguage\":\"fr-FR\",\"@id\":\"https:\\\/\\\/www.altercampagne.net\\\/?p=28126#primaryimage\",\"url\":\"https:\\\/\\\/www.altercampagne.net\\\/wp-content\\\/uploads\\\/2024\\\/03\\\/WECS24_01-scaled-e1710352050193.jpg\",\"contentUrl\":\"https:\\\/\\\/www.altercampagne.net\\\/wp-content\\\/uploads\\\/2024\\\/03\\\/WECS24_01-scaled-e1710352050193.jpg\",\"width\":2560,\"height\":1536},{\"@type\":\"BreadcrumbList\",\"@id\":\"https:\\\/\\\/www.altercampagne.net\\\/?p=28126#breadcrumb\",\"itemListElement\":[{\"@type\":\"ListItem\",\"position\":1,\"name\":\"Accueil\",\"item\":\"https:\\\/\\\/www.altercampagne.net\\\/\"},{\"@type\":\"ListItem\",\"position\":2,\"name\":\"M\u00e2connais et Coll\u00e8ge Solidaire : un bon cru WECS-24\"}]},{\"@type\":\"WebSite\",\"@id\":\"https:\\\/\\\/www.altercampagne.net\\\/#website\",\"url\":\"https:\\\/\\\/www.altercampagne.net\\\/\",\"name\":\"AlterTour\",\"description\":\"Reliez les Alternatives \u00e0 v\u00e9lo\",\"potentialAction\":[{\"@type\":\"SearchAction\",\"target\":{\"@type\":\"EntryPoint\",\"urlTemplate\":\"https:\\\/\\\/www.altercampagne.net\\\/?s={search_term_string}\"},\"query-input\":{\"@type\":\"PropertyValueSpecification\",\"valueRequired\":true,\"valueName\":\"search_term_string\"}}],\"inLanguage\":\"fr-FR\"},{\"@type\":\"Person\",\"@id\":\"https:\\\/\\\/www.altercampagne.net\\\/#\\\/schema\\\/person\\\/e5b68c803196f649c2152249d262d94a\",\"name\":\"AlterTour\",\"image\":{\"@type\":\"ImageObject\",\"inLanguage\":\"fr-FR\",\"@id\":\"https:\\\/\\\/secure.gravatar.com\\\/avatar\\\/3f2ed77f8506b8ea264ad5938bb0114bfa10f35b64086a66dfbb6e9f58ad9693?s=96&d=mm&r=g\",\"url\":\"https:\\\/\\\/secure.gravatar.com\\\/avatar\\\/3f2ed77f8506b8ea264ad5938bb0114bfa10f35b64086a66dfbb6e9f58ad9693?s=96&d=mm&r=g\",\"contentUrl\":\"https:\\\/\\\/secure.gravatar.com\\\/avatar\\\/3f2ed77f8506b8ea264ad5938bb0114bfa10f35b64086a66dfbb6e9f58ad9693?s=96&d=mm&r=g\",\"caption\":\"AlterTour\"},\"url\":\"https:\\\/\\\/www.altercampagne.net\\\/?author=215\"}]}<\/script>\n<!-- \/ Yoast SEO plugin. -->","yoast_head_json":{"title":"M\u00e2connais et Coll\u00e8ge Solidaire : un bon cru WECS-24 - AlterTour","robots":{"index":"index","follow":"follow","max-snippet":"max-snippet:-1","max-image-preview":"max-image-preview:large","max-video-preview":"max-video-preview:-1"},"canonical":"https:\/\/www.altercampagne.net\/?p=28126","og_locale":"fr_FR","og_type":"article","og_title":"M\u00e2connais et Coll\u00e8ge Solidaire : un bon cru WECS-24 - AlterTour","og_description":"Le temps d'un weekend bien rempli en stimulation intellectuelle et en joie de partager ces moments-l\u00e0","og_url":"https:\/\/www.altercampagne.net\/?p=28126","og_site_name":"AlterTour","article_published_time":"2024-03-25T17:19:32+00:00","article_modified_time":"2024-03-25T17:19:34+00:00","og_image":[{"width":2560,"height":1536,"url":"https:\/\/www.altercampagne.net\/wp-content\/uploads\/2024\/03\/WECS24_01-scaled-e1710352050193.jpg","type":"image\/jpeg"}],"author":"AlterTour","twitter_card":"summary_large_image","twitter_misc":{"\u00c9crit par":"AlterTour","Dur\u00e9e de lecture estim\u00e9e":"5 minutes"},"schema":{"@context":"https:\/\/schema.org","@graph":[{"@type":"Article","@id":"https:\/\/www.altercampagne.net\/?p=28126#article","isPartOf":{"@id":"https:\/\/www.altercampagne.net\/?p=28126"},"author":{"name":"AlterTour","@id":"https:\/\/www.altercampagne.net\/#\/schema\/person\/e5b68c803196f649c2152249d262d94a"},"headline":"M\u00e2connais et Coll\u00e8ge Solidaire : un bon cru WECS-24","datePublished":"2024-03-25T17:19:32+00:00","dateModified":"2024-03-25T17:19:34+00:00","mainEntityOfPage":{"@id":"https:\/\/www.altercampagne.net\/?p=28126"},"wordCount":881,"image":{"@id":"https:\/\/www.altercampagne.net\/?p=28126#primaryimage"},"thumbnailUrl":"https:\/\/www.altercampagne.net\/wp-content\/uploads\/2024\/03\/WECS24_01-scaled-e1710352050193.jpg","articleSection":["AlterTour","\u00c9dition 2024","Bourgogne-Franche-Comt\u00e9","WE de pr\u00e9paration","Transverse"],"inLanguage":"fr-FR"},{"@type":"WebPage","@id":"https:\/\/www.altercampagne.net\/?p=28126","url":"https:\/\/www.altercampagne.net\/?p=28126","name":"M\u00e2connais et Coll\u00e8ge Solidaire : un bon cru WECS-24 - AlterTour","isPartOf":{"@id":"https:\/\/www.altercampagne.net\/#website"},"primaryImageOfPage":{"@id":"https:\/\/www.altercampagne.net\/?p=28126#primaryimage"},"image":{"@id":"https:\/\/www.altercampagne.net\/?p=28126#primaryimage"},"thumbnailUrl":"https:\/\/www.altercampagne.net\/wp-content\/uploads\/2024\/03\/WECS24_01-scaled-e1710352050193.jpg","datePublished":"2024-03-25T17:19:32+00:00","dateModified":"2024-03-25T17:19:34+00:00","author":{"@id":"https:\/\/www.altercampagne.net\/#\/schema\/person\/e5b68c803196f649c2152249d262d94a"},"breadcrumb":{"@id":"https:\/\/www.altercampagne.net\/?p=28126#breadcrumb"},"inLanguage":"fr-FR","potentialAction":[{"@type":"ReadAction","target":["https:\/\/www.altercampagne.net\/?p=28126"]}]},{"@type":"ImageObject","inLanguage":"fr-FR","@id":"https:\/\/www.altercampagne.net\/?p=28126#primaryimage","url":"https:\/\/www.altercampagne.net\/wp-content\/uploads\/2024\/03\/WECS24_01-scaled-e1710352050193.jpg","contentUrl":"https:\/\/www.altercampagne.net\/wp-content\/uploads\/2024\/03\/WECS24_01-scaled-e1710352050193.jpg","width":2560,"height":1536},{"@type":"BreadcrumbList","@id":"https:\/\/www.altercampagne.net\/?p=28126#breadcrumb","itemListElement":[{"@type":"ListItem","position":1,"name":"Accueil","item":"https:\/\/www.altercampagne.net\/"},{"@type":"ListItem","position":2,"name":"M\u00e2connais et Coll\u00e8ge Solidaire : un bon cru WECS-24"}]},{"@type":"WebSite","@id":"https:\/\/www.altercampagne.net\/#website","url":"https:\/\/www.altercampagne.net\/","name":"AlterTour","description":"Reliez les Alternatives \u00e0 v\u00e9lo","potentialAction":[{"@type":"SearchAction","target":{"@type":"EntryPoint","urlTemplate":"https:\/\/www.altercampagne.net\/?s={search_term_string}"},"query-input":{"@type":"PropertyValueSpecification","valueRequired":true,"valueName":"search_term_string"}}],"inLanguage":"fr-FR"},{"@type":"Person","@id":"https:\/\/www.altercampagne.net\/#\/schema\/person\/e5b68c803196f649c2152249d262d94a","name":"AlterTour","image":{"@type":"ImageObject","inLanguage":"fr-FR","@id":"https:\/\/secure.gravatar.com\/avatar\/3f2ed77f8506b8ea264ad5938bb0114bfa10f35b64086a66dfbb6e9f58ad9693?s=96&d=mm&r=g","url":"https:\/\/secure.gravatar.com\/avatar\/3f2ed77f8506b8ea264ad5938bb0114bfa10f35b64086a66dfbb6e9f58ad9693?s=96&d=mm&r=g","contentUrl":"https:\/\/secure.gravatar.com\/avatar\/3f2ed77f8506b8ea264ad5938bb0114bfa10f35b64086a66dfbb6e9f58ad9693?s=96&d=mm&r=g","caption":"AlterTour"},"url":"https:\/\/www.altercampagne.net\/?author=215"}]}},"_links":{"self":[{"href":"https:\/\/www.altercampagne.net\/index.php?rest_route=\/wp\/v2\/posts\/28126","targetHints":{"allow":["GET"]}}],"collection":[{"href":"https:\/\/www.altercampagne.net\/index.php?rest_route=\/wp\/v2\/posts"}],"about":[{"href":"https:\/\/www.altercampagne.net\/index.php?rest_route=\/wp\/v2\/types\/post"}],"author":[{"embeddable":true,"href":"https:\/\/www.altercampagne.net\/index.php?rest_route=\/wp\/v2\/users\/215"}],"replies":[{"embeddable":true,"href":"https:\/\/www.altercampagne.net\/index.php?rest_route=%2Fwp%2Fv2%2Fcomments&post=28126"}],"version-history":[{"count":15,"href":"https:\/\/www.altercampagne.net\/index.php?rest_route=\/wp\/v2\/posts\/28126\/revisions"}],"predecessor-version":[{"id":28156,"href":"https:\/\/www.altercampagne.net\/index.php?rest_route=\/wp\/v2\/posts\/28126\/revisions\/28156"}],"wp:featuredmedia":[{"embeddable":true,"href":"https:\/\/www.altercampagne.net\/index.php?rest_route=\/wp\/v2\/media\/28132"}],"wp:attachment":[{"href":"https:\/\/www.altercampagne.net\/index.php?rest_route=%2Fwp%2Fv2%2Fmedia&parent=28126"}],"wp:term":[{"taxonomy":"category","embeddable":true,"href":"https:\/\/www.altercampagne.net\/index.php?rest_route=%2Fwp%2Fv2%2Fcategories&post=28126"},{"taxonomy":"post_tag","embeddable":true,"href":"https:\/\/www.altercampagne.net\/index.php?rest_route=%2Fwp%2Fv2%2Ftags&post=28126"}],"curies":[{"name":"wp","href":"https:\/\/api.w.org\/{rel}","templated":true}]}}