{"id":28183,"date":"2024-04-04T11:29:09","date_gmt":"2024-04-04T09:29:09","guid":{"rendered":"https:\/\/www.altercampagne.net\/?p=28183"},"modified":"2024-04-04T11:29:11","modified_gmt":"2024-04-04T09:29:11","slug":"2030-une-france-cyclable","status":"publish","type":"post","link":"https:\/\/www.altercampagne.net\/?p=28183","title":{"rendered":"2030\u00a0: une France cyclable\u00a0!"},"content":{"rendered":"\n<h4 class=\"wp-block-heading\">Tel \u00e9tait le slogan du congr\u00e8s annuel de la FUB\u00a0 qui s\u2019est tenu les 21 et 22 mars \u00e0 Grenoble. <\/h4>\n\n\n\n<p><strong><a href=\"https:\/\/www.fub.fr\" target=\"_blank\" rel=\"noreferrer noopener\">La FUB<\/a><\/strong>, pour tous les cyclistes c\u2019est, ou plut\u00f4t c\u2019\u00e9tait, la <strong>F\u00e9d\u00e9ration fran\u00e7aise des Usagers de la Bicyclette<\/strong>, mais plus pour longtemps comme on le verra lors de l\u2019AG. En effet le congr\u00e8s fut suivi par l\u2019<strong>Assembl\u00e9e G\u00e9n\u00e9rale<\/strong> le samedi et dimanche. Tiens, elle \u00e9tait pr\u00e9c\u00e9d\u00e9e par une Assembl\u00e9e g\u00e9n\u00e9rale Extraordinaire, qu\u2019on r\u00e9unit en g\u00e9n\u00e9ral dans les cas graves, comme changer les statuts par exemple.\u00a0<\/p>\n\n\n\n<h4 class=\"wp-block-heading\">Un congr\u00e8s de 800 personnes&nbsp;!<\/h4>\n\n\n\n<p>800 participant.es, un <strong>score jamais atteint par ce congr\u00e8s<\/strong>, organis\u00e9 par l\u2019association locale <a href=\"https:\/\/www.adtc-grenoble.org\" target=\"_blank\" rel=\"noreferrer noopener\"><strong>ADTC &#8211; se d\u00e9placer autrement<\/strong><\/a>\u00a0(<em>association rencontr\u00e9e par l&rsquo;AlterTour 2020<\/em>) qui milite pour le v\u00e9lo, la marche etc. <br>Il commen\u00e7ait par des <strong>balades sur le terrain \u00e0 v\u00e9lo<\/strong> ou en transport en commun (<em>car bien-s\u00fbr \u00e0 Grenoble, on peut mettre son v\u00e9lo dans le train pour se rendre en banlieue, sur le campus universitaire par exemple<\/em>). Des <strong>v\u00e9los \u00e9taient pr\u00eat\u00e9s gratuitement<\/strong> aux congressistes : la m\u00e9tropole a l\u2019habitude, elle en <strong>met \u00e0 disposition des \u00e9tudiants.es<\/strong> d\u00e8s qu\u2019iels arrivent \u00e0 Grenoble. En effet, pas de v\u00e9lo en libre service, ici on loue \u00e0 la journ\u00e9e, au mois ou \u00e0 l\u2019ann\u00e9e. Si bien qu\u2019il y a des v\u00e9los jaunes partout.\u00a0<\/p>\n\n\n<div class=\"wp-block-image\">\n<figure class=\"aligncenter size-large is-resized\"><a href=\"https:\/\/www.altercampagne.net\/wp-content\/uploads\/2024\/04\/VeloFUB-scaled-e1712222201400.jpg\"><img loading=\"lazy\" decoding=\"async\" width=\"1024\" height=\"801\" src=\"https:\/\/www.altercampagne.net\/wp-content\/uploads\/2024\/04\/VeloFUB-scaled-e1712222201400-1024x801.jpg\" alt=\"\" class=\"wp-image-28186\" style=\"width:404px;height:auto\" srcset=\"https:\/\/www.altercampagne.net\/wp-content\/uploads\/2024\/04\/VeloFUB-scaled-e1712222201400-1024x801.jpg 1024w, https:\/\/www.altercampagne.net\/wp-content\/uploads\/2024\/04\/VeloFUB-scaled-e1712222201400-300x235.jpg 300w, https:\/\/www.altercampagne.net\/wp-content\/uploads\/2024\/04\/VeloFUB-scaled-e1712222201400-768x600.jpg 768w, https:\/\/www.altercampagne.net\/wp-content\/uploads\/2024\/04\/VeloFUB-scaled-e1712222201400-1536x1201.jpg 1536w, https:\/\/www.altercampagne.net\/wp-content\/uploads\/2024\/04\/VeloFUB-scaled-e1712222201400-100x78.jpg 100w, https:\/\/www.altercampagne.net\/wp-content\/uploads\/2024\/04\/VeloFUB-scaled-e1712222201400-862x674.jpg 862w, https:\/\/www.altercampagne.net\/wp-content\/uploads\/2024\/04\/VeloFUB-scaled-e1712222201400-1140x891.jpg 1140w, https:\/\/www.altercampagne.net\/wp-content\/uploads\/2024\/04\/VeloFUB-scaled-e1712222201400.jpg 1920w\" sizes=\"auto, (max-width: 1024px) 100vw, 1024px\" \/><\/a><\/figure>\n<\/div>\n\n\n<p>Dans le hall, <strong>des stands de tout ce qui touche au v\u00e9lo<\/strong>, principalement des fabricants\u00a0de boxes ou d\u2019attache \u00e0 v\u00e9lo. Et sur le <strong>plan des conf\u00e9rences<\/strong> nous avons vu d\u00e9filer le maire de Grenoble, le pr\u00e9sident du syndicat des transports de de la m\u00e9tropole, l\u2019Ademe, la pr\u00e9sidente de \u00ab\u00a0v\u00e9lo et territoires\u00a0\u00bb,\u00a0 etc. ; plein de personnes int\u00e9ressantes, toutes \u00e9videmment pro v\u00e9lo. <br>E. Piolle, le maire de Grenoble nous a amus\u00e9.es par son humour, mais fut surtout le <strong>plus engag\u00e9 dans ses propos anti-gouvernementaux<\/strong> et son inaction climatique.\u00a0<\/p>\n\n\n\n<p><strong>Un focus sur\u00a0l\u2019exp\u00e9rience\u00a0de Lyon<\/strong> qui a d\u00e9fini avec l\u2019association locale un ambitieux sch\u00e9ma directeur cyclable de 250 km, que la municipalit\u00e9 \u00e9cologiste compte mener \u00e0 son terme en un seul mandat, chapeau\u00a0! Bien entendu\u00a0; <strong>iels y mettent le paquet financi\u00e8rement<\/strong>, avec un budget de 282 M\u20ac. Pour le moment seuls 48 km sont r\u00e9alis\u00e9s, si bien que la carte de l\u2019agglom\u00e9ration montre quelques vermicelles, qu\u2019on esp\u00e8re bien <strong>voir ressembler \u00e0 un plat de spaghettis d\u2019ici 2026<\/strong>.<\/p>\n\n\n<div class=\"wp-block-image\">\n<figure class=\"aligncenter size-large is-resized\"><a href=\"https:\/\/www.altercampagne.net\/wp-content\/uploads\/2024\/04\/CongresFUB-scaled-e1712222174779.jpg\"><img loading=\"lazy\" decoding=\"async\" width=\"1024\" height=\"589\" src=\"https:\/\/www.altercampagne.net\/wp-content\/uploads\/2024\/04\/CongresFUB-scaled-e1712222174779-1024x589.jpg\" alt=\"\" class=\"wp-image-28185\" style=\"width:616px;height:auto\" srcset=\"https:\/\/www.altercampagne.net\/wp-content\/uploads\/2024\/04\/CongresFUB-scaled-e1712222174779-1024x589.jpg 1024w, https:\/\/www.altercampagne.net\/wp-content\/uploads\/2024\/04\/CongresFUB-scaled-e1712222174779-300x173.jpg 300w, https:\/\/www.altercampagne.net\/wp-content\/uploads\/2024\/04\/CongresFUB-scaled-e1712222174779-768x442.jpg 768w, https:\/\/www.altercampagne.net\/wp-content\/uploads\/2024\/04\/CongresFUB-scaled-e1712222174779-1536x883.jpg 1536w, https:\/\/www.altercampagne.net\/wp-content\/uploads\/2024\/04\/CongresFUB-scaled-e1712222174779-2048x1178.jpg 2048w, https:\/\/www.altercampagne.net\/wp-content\/uploads\/2024\/04\/CongresFUB-scaled-e1712222174779-100x58.jpg 100w, https:\/\/www.altercampagne.net\/wp-content\/uploads\/2024\/04\/CongresFUB-scaled-e1712222174779-862x496.jpg 862w, https:\/\/www.altercampagne.net\/wp-content\/uploads\/2024\/04\/CongresFUB-scaled-e1712222174779-1140x656.jpg 1140w\" sizes=\"auto, (max-width: 1024px) 100vw, 1024px\" \/><\/a><\/figure>\n<\/div>\n\n\n<h4 class=\"wp-block-heading\">Quelques chiffres cit\u00e9s par les intervenant.es\u00a0: <\/h4>\n\n\n\n<ul class=\"wp-block-list\">\n<li>50 % des d\u00e9placements en France font moins de 5 km. <\/li>\n\n\n\n<li>27 territoires cyclables ont \u00e9t\u00e9 d\u00e9finis pour les 6 prochaines ann\u00e9es qui vont toucher une enveloppe de 125 millions d\u2019euros. <\/li>\n\n\n\n<li>La loi du 17 d\u00e9c. 23 relative aux services express r\u00e9gionaux m\u00e9tropolitains (SERM) va permettre le d\u00e9veloppement d&rsquo;ici dix ans d&rsquo;un r\u00e9seau de RER m\u00e9tropolitains dans dix grandes agglom\u00e9rations, hors \u00cele-de-France. <strong>Cette offre multimodale de transport en commun comprendra obligatoirement\u00a0des r\u00e9seaux cyclables, parkings \u00e0 v\u00e9lo, etc.<\/strong><\/li>\n<\/ul>\n\n\n\n<h4 class=\"wp-block-heading\">Une Assembl\u00e9e g\u00e9n\u00e9rale pleine de surprises<\/h4>\n\n\n\n<p>Les 23 et 24 mars\u00a0 se tenaient les assembl\u00e9es g\u00e9n\u00e9rales de la FUB. La grande surprise vint de l\u2019 assembl\u00e9e extraordinaire o\u00f9 nous devions <strong>voter des modifications des statuts<\/strong>. Ceux-ci portaient sur\u00a0 la <strong>gouvernance<\/strong> de la FUB et la <strong>parit\u00e9<\/strong> au sein des instances de gouvernance. L\u2019assembl\u00e9e se montra encore plus engag\u00e9e que toutes les propositions d\u00e9battues et propos\u00e9es avant l\u2019AG. <\/p>\n\n\n\n<p><strong>Il fut en effet d\u00e9cid\u00e9\u00a0:<\/strong><\/p>\n\n\n\n<ul class=\"wp-block-list\">\n<li>Une <strong>pr\u00e9sidence \u00e0 plusieurs t\u00eates<\/strong> et pas seulement une seule personne<\/li>\n\n\n\n<li><strong>La mixit\u00e9 \u00e0 tous les niveaux<\/strong> depuis le conseil d\u2019administration jusqu\u2019\u00e0 la pr\u00e9sidence en passant par le bureau, puisqu\u2019il ne pourra plus y avoir dans chacune de ces instances plus d\u2019hommes cisgenres que de femmes.<\/li>\n\n\n\n<li>Le nombre de <strong>mandats est limit\u00e9 dans le temps<\/strong> (<em>avec un maximum de\u00a0 12 ans<\/em>), et puisque le pr\u00e9sident actuel, Olivier Schneider, a d\u00e9j\u00e0 d\u00e9pass\u00e9 les 12 ans au CA, il restera encore un an pour faire le biseau avec la nouvelle pr\u00e9sidence<\/li>\n\n\n\n<li><strong>Enfin la FUB change de nom<\/strong> et devient la F\u00e9d\u00e9ration Fran\u00e7aise des Usag\u00e8res et Usagers de la Bicyclette\u00a0!<\/li>\n<\/ul>\n\n\n\n<h4 class=\"wp-block-heading\">L\u2019AG s\u2019est termin\u00e9e par des balades dans Grenoble, \u00e0 v\u00e9lo bien s\u00fbr&nbsp;!&nbsp;<\/h4>\n","protected":false},"excerpt":{"rendered":"<p>\u00ab\u00a0Les 23 et 24 mars\u00a0 se tenaient les assembl\u00e9es g\u00e9n\u00e9rales de la FUB. La grande surprise vint de l\u2019 assembl\u00e9e extraordinaire o\u00f9 nous devions voter des modifications des statuts\u00a0\u00bb<\/p>\n","protected":false},"author":206,"featured_media":28184,"comment_status":"closed","ping_status":"closed","sticky":false,"template":"","format":"standard","meta":{"footnotes":""},"categories":[3471,4449,3932],"tags":[],"class_list":["post-28183","post","type-post","status-publish","format-standard","has-post-thumbnail","hentry","category-auvergne-rhone-alpes","category-edition-2024","category-velo"],"yoast_head":"<!-- This site is optimized with the Yoast SEO plugin v27.3 - https:\/\/yoast.com\/product\/yoast-seo-wordpress\/ -->\n<title>2030\u00a0: une France cyclable\u00a0! - AlterTour<\/title>\n<meta name=\"robots\" content=\"index, follow, max-snippet:-1, max-image-preview:large, max-video-preview:-1\" \/>\n<link rel=\"canonical\" href=\"https:\/\/www.altercampagne.net\/?p=28183\" \/>\n<meta property=\"og:locale\" content=\"fr_FR\" \/>\n<meta property=\"og:type\" content=\"article\" \/>\n<meta property=\"og:title\" content=\"2030\u00a0: une France cyclable\u00a0! - AlterTour\" \/>\n<meta property=\"og:description\" content=\"&quot;Les 23 et 24 mars\u00a0 se tenaient les assembl\u00e9es g\u00e9n\u00e9rales de la FUB. La grande surprise vint de l\u2019 assembl\u00e9e extraordinaire o\u00f9 nous devions voter des modifications des statuts&quot;\" \/>\n<meta property=\"og:url\" content=\"https:\/\/www.altercampagne.net\/?p=28183\" \/>\n<meta property=\"og:site_name\" content=\"AlterTour\" \/>\n<meta property=\"article:published_time\" content=\"2024-04-04T09:29:09+00:00\" \/>\n<meta property=\"article:modified_time\" content=\"2024-04-04T09:29:11+00:00\" \/>\n<meta property=\"og:image\" content=\"https:\/\/www.altercampagne.net\/wp-content\/uploads\/2024\/04\/congerenceFUB-scaled-e1712222150540.jpg\" \/>\n\t<meta property=\"og:image:width\" content=\"2560\" \/>\n\t<meta property=\"og:image:height\" content=\"1561\" \/>\n\t<meta property=\"og:image:type\" content=\"image\/jpeg\" \/>\n<meta name=\"author\" content=\"Sylvie F\" \/>\n<meta name=\"twitter:card\" content=\"summary_large_image\" \/>\n<meta name=\"twitter:label1\" content=\"\u00c9crit par\" \/>\n\t<meta name=\"twitter:data1\" content=\"Sylvie F\" \/>\n\t<meta name=\"twitter:label2\" content=\"Dur\u00e9e de lecture estim\u00e9e\" \/>\n\t<meta name=\"twitter:data2\" content=\"4 minutes\" \/>\n<script type=\"application\/ld+json\" class=\"yoast-schema-graph\">{\"@context\":\"https:\\\/\\\/schema.org\",\"@graph\":[{\"@type\":\"Article\",\"@id\":\"https:\\\/\\\/www.altercampagne.net\\\/?p=28183#article\",\"isPartOf\":{\"@id\":\"https:\\\/\\\/www.altercampagne.net\\\/?p=28183\"},\"author\":{\"name\":\"Sylvie F\",\"@id\":\"https:\\\/\\\/www.altercampagne.net\\\/#\\\/schema\\\/person\\\/fad5b6595876359c96e756d4d478f820\"},\"headline\":\"2030\u00a0: une France cyclable\u00a0!\",\"datePublished\":\"2024-04-04T09:29:09+00:00\",\"dateModified\":\"2024-04-04T09:29:11+00:00\",\"mainEntityOfPage\":{\"@id\":\"https:\\\/\\\/www.altercampagne.net\\\/?p=28183\"},\"wordCount\":747,\"image\":{\"@id\":\"https:\\\/\\\/www.altercampagne.net\\\/?p=28183#primaryimage\"},\"thumbnailUrl\":\"https:\\\/\\\/www.altercampagne.net\\\/wp-content\\\/uploads\\\/2024\\\/04\\\/congerenceFUB-scaled-e1712222150540.jpg\",\"articleSection\":[\"Auvergne-Rh\u00f4ne-Alpes\",\"\u00c9dition 2024\",\"V\u00e9lo\"],\"inLanguage\":\"fr-FR\"},{\"@type\":\"WebPage\",\"@id\":\"https:\\\/\\\/www.altercampagne.net\\\/?p=28183\",\"url\":\"https:\\\/\\\/www.altercampagne.net\\\/?p=28183\",\"name\":\"2030\u00a0: une France cyclable\u00a0! - AlterTour\",\"isPartOf\":{\"@id\":\"https:\\\/\\\/www.altercampagne.net\\\/#website\"},\"primaryImageOfPage\":{\"@id\":\"https:\\\/\\\/www.altercampagne.net\\\/?p=28183#primaryimage\"},\"image\":{\"@id\":\"https:\\\/\\\/www.altercampagne.net\\\/?p=28183#primaryimage\"},\"thumbnailUrl\":\"https:\\\/\\\/www.altercampagne.net\\\/wp-content\\\/uploads\\\/2024\\\/04\\\/congerenceFUB-scaled-e1712222150540.jpg\",\"datePublished\":\"2024-04-04T09:29:09+00:00\",\"dateModified\":\"2024-04-04T09:29:11+00:00\",\"author\":{\"@id\":\"https:\\\/\\\/www.altercampagne.net\\\/#\\\/schema\\\/person\\\/fad5b6595876359c96e756d4d478f820\"},\"breadcrumb\":{\"@id\":\"https:\\\/\\\/www.altercampagne.net\\\/?p=28183#breadcrumb\"},\"inLanguage\":\"fr-FR\",\"potentialAction\":[{\"@type\":\"ReadAction\",\"target\":[\"https:\\\/\\\/www.altercampagne.net\\\/?p=28183\"]}]},{\"@type\":\"ImageObject\",\"inLanguage\":\"fr-FR\",\"@id\":\"https:\\\/\\\/www.altercampagne.net\\\/?p=28183#primaryimage\",\"url\":\"https:\\\/\\\/www.altercampagne.net\\\/wp-content\\\/uploads\\\/2024\\\/04\\\/congerenceFUB-scaled-e1712222150540.jpg\",\"contentUrl\":\"https:\\\/\\\/www.altercampagne.net\\\/wp-content\\\/uploads\\\/2024\\\/04\\\/congerenceFUB-scaled-e1712222150540.jpg\",\"width\":2560,\"height\":1561},{\"@type\":\"BreadcrumbList\",\"@id\":\"https:\\\/\\\/www.altercampagne.net\\\/?p=28183#breadcrumb\",\"itemListElement\":[{\"@type\":\"ListItem\",\"position\":1,\"name\":\"Accueil\",\"item\":\"https:\\\/\\\/www.altercampagne.net\\\/\"},{\"@type\":\"ListItem\",\"position\":2,\"name\":\"2030\u00a0: une France cyclable\u00a0!\"}]},{\"@type\":\"WebSite\",\"@id\":\"https:\\\/\\\/www.altercampagne.net\\\/#website\",\"url\":\"https:\\\/\\\/www.altercampagne.net\\\/\",\"name\":\"AlterTour\",\"description\":\"Reliez les Alternatives \u00e0 v\u00e9lo\",\"potentialAction\":[{\"@type\":\"SearchAction\",\"target\":{\"@type\":\"EntryPoint\",\"urlTemplate\":\"https:\\\/\\\/www.altercampagne.net\\\/?s={search_term_string}\"},\"query-input\":{\"@type\":\"PropertyValueSpecification\",\"valueRequired\":true,\"valueName\":\"search_term_string\"}}],\"inLanguage\":\"fr-FR\"},{\"@type\":\"Person\",\"@id\":\"https:\\\/\\\/www.altercampagne.net\\\/#\\\/schema\\\/person\\\/fad5b6595876359c96e756d4d478f820\",\"name\":\"Sylvie F\",\"image\":{\"@type\":\"ImageObject\",\"inLanguage\":\"fr-FR\",\"@id\":\"https:\\\/\\\/secure.gravatar.com\\\/avatar\\\/16b2d5f6a1293ef16eadfdd15315bab8d4a87db50333f39a9b9b7a1b269a713f?s=96&d=mm&r=g\",\"url\":\"https:\\\/\\\/secure.gravatar.com\\\/avatar\\\/16b2d5f6a1293ef16eadfdd15315bab8d4a87db50333f39a9b9b7a1b269a713f?s=96&d=mm&r=g\",\"contentUrl\":\"https:\\\/\\\/secure.gravatar.com\\\/avatar\\\/16b2d5f6a1293ef16eadfdd15315bab8d4a87db50333f39a9b9b7a1b269a713f?s=96&d=mm&r=g\",\"caption\":\"Sylvie F\"},\"url\":\"https:\\\/\\\/www.altercampagne.net\\\/?author=206\"}]}<\/script>\n<!-- \/ Yoast SEO plugin. -->","yoast_head_json":{"title":"2030\u00a0: une France cyclable\u00a0! - AlterTour","robots":{"index":"index","follow":"follow","max-snippet":"max-snippet:-1","max-image-preview":"max-image-preview:large","max-video-preview":"max-video-preview:-1"},"canonical":"https:\/\/www.altercampagne.net\/?p=28183","og_locale":"fr_FR","og_type":"article","og_title":"2030\u00a0: une France cyclable\u00a0! - AlterTour","og_description":"\"Les 23 et 24 mars\u00a0 se tenaient les assembl\u00e9es g\u00e9n\u00e9rales de la FUB. La grande surprise vint de l\u2019 assembl\u00e9e extraordinaire o\u00f9 nous devions voter des modifications des statuts\"","og_url":"https:\/\/www.altercampagne.net\/?p=28183","og_site_name":"AlterTour","article_published_time":"2024-04-04T09:29:09+00:00","article_modified_time":"2024-04-04T09:29:11+00:00","og_image":[{"width":2560,"height":1561,"url":"https:\/\/www.altercampagne.net\/wp-content\/uploads\/2024\/04\/congerenceFUB-scaled-e1712222150540.jpg","type":"image\/jpeg"}],"author":"Sylvie F","twitter_card":"summary_large_image","twitter_misc":{"\u00c9crit par":"Sylvie F","Dur\u00e9e de lecture estim\u00e9e":"4 minutes"},"schema":{"@context":"https:\/\/schema.org","@graph":[{"@type":"Article","@id":"https:\/\/www.altercampagne.net\/?p=28183#article","isPartOf":{"@id":"https:\/\/www.altercampagne.net\/?p=28183"},"author":{"name":"Sylvie F","@id":"https:\/\/www.altercampagne.net\/#\/schema\/person\/fad5b6595876359c96e756d4d478f820"},"headline":"2030\u00a0: une France cyclable\u00a0!","datePublished":"2024-04-04T09:29:09+00:00","dateModified":"2024-04-04T09:29:11+00:00","mainEntityOfPage":{"@id":"https:\/\/www.altercampagne.net\/?p=28183"},"wordCount":747,"image":{"@id":"https:\/\/www.altercampagne.net\/?p=28183#primaryimage"},"thumbnailUrl":"https:\/\/www.altercampagne.net\/wp-content\/uploads\/2024\/04\/congerenceFUB-scaled-e1712222150540.jpg","articleSection":["Auvergne-Rh\u00f4ne-Alpes","\u00c9dition 2024","V\u00e9lo"],"inLanguage":"fr-FR"},{"@type":"WebPage","@id":"https:\/\/www.altercampagne.net\/?p=28183","url":"https:\/\/www.altercampagne.net\/?p=28183","name":"2030\u00a0: une France cyclable\u00a0! - AlterTour","isPartOf":{"@id":"https:\/\/www.altercampagne.net\/#website"},"primaryImageOfPage":{"@id":"https:\/\/www.altercampagne.net\/?p=28183#primaryimage"},"image":{"@id":"https:\/\/www.altercampagne.net\/?p=28183#primaryimage"},"thumbnailUrl":"https:\/\/www.altercampagne.net\/wp-content\/uploads\/2024\/04\/congerenceFUB-scaled-e1712222150540.jpg","datePublished":"2024-04-04T09:29:09+00:00","dateModified":"2024-04-04T09:29:11+00:00","author":{"@id":"https:\/\/www.altercampagne.net\/#\/schema\/person\/fad5b6595876359c96e756d4d478f820"},"breadcrumb":{"@id":"https:\/\/www.altercampagne.net\/?p=28183#breadcrumb"},"inLanguage":"fr-FR","potentialAction":[{"@type":"ReadAction","target":["https:\/\/www.altercampagne.net\/?p=28183"]}]},{"@type":"ImageObject","inLanguage":"fr-FR","@id":"https:\/\/www.altercampagne.net\/?p=28183#primaryimage","url":"https:\/\/www.altercampagne.net\/wp-content\/uploads\/2024\/04\/congerenceFUB-scaled-e1712222150540.jpg","contentUrl":"https:\/\/www.altercampagne.net\/wp-content\/uploads\/2024\/04\/congerenceFUB-scaled-e1712222150540.jpg","width":2560,"height":1561},{"@type":"BreadcrumbList","@id":"https:\/\/www.altercampagne.net\/?p=28183#breadcrumb","itemListElement":[{"@type":"ListItem","position":1,"name":"Accueil","item":"https:\/\/www.altercampagne.net\/"},{"@type":"ListItem","position":2,"name":"2030\u00a0: une France cyclable\u00a0!"}]},{"@type":"WebSite","@id":"https:\/\/www.altercampagne.net\/#website","url":"https:\/\/www.altercampagne.net\/","name":"AlterTour","description":"Reliez les Alternatives \u00e0 v\u00e9lo","potentialAction":[{"@type":"SearchAction","target":{"@type":"EntryPoint","urlTemplate":"https:\/\/www.altercampagne.net\/?s={search_term_string}"},"query-input":{"@type":"PropertyValueSpecification","valueRequired":true,"valueName":"search_term_string"}}],"inLanguage":"fr-FR"},{"@type":"Person","@id":"https:\/\/www.altercampagne.net\/#\/schema\/person\/fad5b6595876359c96e756d4d478f820","name":"Sylvie F","image":{"@type":"ImageObject","inLanguage":"fr-FR","@id":"https:\/\/secure.gravatar.com\/avatar\/16b2d5f6a1293ef16eadfdd15315bab8d4a87db50333f39a9b9b7a1b269a713f?s=96&d=mm&r=g","url":"https:\/\/secure.gravatar.com\/avatar\/16b2d5f6a1293ef16eadfdd15315bab8d4a87db50333f39a9b9b7a1b269a713f?s=96&d=mm&r=g","contentUrl":"https:\/\/secure.gravatar.com\/avatar\/16b2d5f6a1293ef16eadfdd15315bab8d4a87db50333f39a9b9b7a1b269a713f?s=96&d=mm&r=g","caption":"Sylvie F"},"url":"https:\/\/www.altercampagne.net\/?author=206"}]}},"_links":{"self":[{"href":"https:\/\/www.altercampagne.net\/index.php?rest_route=\/wp\/v2\/posts\/28183","targetHints":{"allow":["GET"]}}],"collection":[{"href":"https:\/\/www.altercampagne.net\/index.php?rest_route=\/wp\/v2\/posts"}],"about":[{"href":"https:\/\/www.altercampagne.net\/index.php?rest_route=\/wp\/v2\/types\/post"}],"author":[{"embeddable":true,"href":"https:\/\/www.altercampagne.net\/index.php?rest_route=\/wp\/v2\/users\/206"}],"replies":[{"embeddable":true,"href":"https:\/\/www.altercampagne.net\/index.php?rest_route=%2Fwp%2Fv2%2Fcomments&post=28183"}],"version-history":[{"count":3,"href":"https:\/\/www.altercampagne.net\/index.php?rest_route=\/wp\/v2\/posts\/28183\/revisions"}],"predecessor-version":[{"id":28190,"href":"https:\/\/www.altercampagne.net\/index.php?rest_route=\/wp\/v2\/posts\/28183\/revisions\/28190"}],"wp:featuredmedia":[{"embeddable":true,"href":"https:\/\/www.altercampagne.net\/index.php?rest_route=\/wp\/v2\/media\/28184"}],"wp:attachment":[{"href":"https:\/\/www.altercampagne.net\/index.php?rest_route=%2Fwp%2Fv2%2Fmedia&parent=28183"}],"wp:term":[{"taxonomy":"category","embeddable":true,"href":"https:\/\/www.altercampagne.net\/index.php?rest_route=%2Fwp%2Fv2%2Fcategories&post=28183"},{"taxonomy":"post_tag","embeddable":true,"href":"https:\/\/www.altercampagne.net\/index.php?rest_route=%2Fwp%2Fv2%2Ftags&post=28183"}],"curies":[{"name":"wp","href":"https:\/\/api.w.org\/{rel}","templated":true}]}}