{"id":28306,"date":"2024-04-24T09:35:32","date_gmt":"2024-04-24T07:35:32","guid":{"rendered":"https:\/\/www.altercampagne.net\/?p=28306"},"modified":"2024-04-24T09:36:54","modified_gmt":"2024-04-24T07:36:54","slug":"werva-du-froid-werva-pizza-werva-de-lexploit","status":"publish","type":"post","link":"https:\/\/www.altercampagne.net\/?p=28306","title":{"rendered":"WERVA du froid, WERVA pizza, WERVA de l&rsquo;exploit"},"content":{"rendered":"\n<p><strong>Le WERVA a eu lieu \u00e0 la Maladi\u00e8re<\/strong>, lieu de <strong>production<\/strong> et d&rsquo;<strong>accueil culturel et agricole<\/strong>, dans les monts du Lyonnais dont fait partie J\u00e9r\u00f4me, altercyciste. Le WERVA signifie Week-End de R\u00e9paration et des V\u00e9hicules de l&rsquo;AlterTour. C&rsquo;est un des week-end de pl\u00e9ni\u00e8re de l&rsquo;AlterTour qui permet d&rsquo;avancer encore sur la pr\u00e9paration organisationnelle du tour. <strong>Un des fils rouges<\/strong> est la r\u00e9paration des v\u00e9hicules et la finalisation de la pr\u00e9paration des \u00e9tapes. <br><strong>C&rsquo;est l&rsquo;occasion de se remettre tous et toutes ensemble dans le bain<\/strong> de la participation et du fonctionnement en collectif et en autgestion. Nous \u00e9tions une cinquantaine au plus fort du week-end. <strong>C&rsquo;est en quelque sorte la premi\u00e8re \u00e9tape du tour !<\/strong><\/p>\n\n\n\n<figure class=\"wp-block-image size-large\"><a href=\"https:\/\/www.altercampagne.net\/wp-content\/uploads\/2024\/04\/iveco.jpg\"><img loading=\"lazy\" decoding=\"async\" width=\"1200\" height=\"750\" src=\"https:\/\/www.altercampagne.net\/wp-content\/uploads\/2024\/04\/iveco-edited.jpg\" alt=\"\" class=\"wp-image-28307\" srcset=\"https:\/\/www.altercampagne.net\/wp-content\/uploads\/2024\/04\/iveco-edited.jpg 1200w, https:\/\/www.altercampagne.net\/wp-content\/uploads\/2024\/04\/iveco-edited-300x188.jpg 300w, https:\/\/www.altercampagne.net\/wp-content\/uploads\/2024\/04\/iveco-edited-1024x640.jpg 1024w, https:\/\/www.altercampagne.net\/wp-content\/uploads\/2024\/04\/iveco-edited-768x480.jpg 768w, https:\/\/www.altercampagne.net\/wp-content\/uploads\/2024\/04\/iveco-edited-100x63.jpg 100w, https:\/\/www.altercampagne.net\/wp-content\/uploads\/2024\/04\/iveco-edited-862x539.jpg 862w, https:\/\/www.altercampagne.net\/wp-content\/uploads\/2024\/04\/iveco-edited-1140x713.jpg 1140w\" sizes=\"auto, (max-width: 1200px) 100vw, 1200px\" \/><\/a><\/figure>\n\n\n\n<h4 class=\"wp-block-heading\">C\u00f4t\u00e9 v\u00e9hicule, qu&rsquo;avons nous accompli ?<\/h4>\n\n\n\n<ul class=\"wp-block-list\">\n<li>L&rsquo;IVECO, notre camion qui nous suit pendant tout l&rsquo;\u00e9t\u00e9, a \u00e9t\u00e9 <strong>d\u00e9vor\u00e9 par les souris<\/strong> durant l&rsquo;hiver. Il a \u00e9t\u00e9 <strong>d\u00e9soss\u00e9, vid\u00e9 et nettoy\u00e9<\/strong>. Il est maintenant dot\u00e9 d&rsquo;un <strong>nouveau plancher<\/strong>. Il sera r\u00e9am\u00e9nag\u00e9 pour le d\u00e9part le 9 juillet.<\/li>\n\n\n\n<li><strong>Le minibus a \u00e9t\u00e9 nettoy\u00e9.<\/strong><\/li>\n\n\n\n<li>Le mat\u00e9riel et les affaires des v\u00e9hicules ont \u00e9t\u00e9 <strong>tri\u00e9es et nettoy\u00e9es<\/strong>.<\/li>\n\n\n\n<li>L&rsquo;<strong>ensemble des 21 v\u00e9los<\/strong> pour lesquels une centaine de r\u00e9parations et r\u00e9glages avaient \u00e9t\u00e9 identifi\u00e9.es ont \u00e9t\u00e9 remis en \u00e9tat, ils <strong>vous attendent pour rouler !<\/strong><\/li>\n\n\n\n<li>Ce fut l&rsquo;occasion d&rsquo;apprendre ou de <strong>se perfectionner en m\u00e9canique v\u00e9lo<\/strong>. Avec des temps d\u00e9di\u00e9s aux d\u00e9butant.es et en mixit\u00e9 choisie (sans homme cisgenre).<\/li>\n\n\n\n<li>Nous avons <strong>pass\u00e9 un temps dynamique et cr\u00e9atif<\/strong> (le vin chaud du soir a-t-il aid\u00e9 ?) \u00e0 choisir des noms pour les v\u00e9los en accord avec le th\u00e8me de l&rsquo;ann\u00e9e : \u00ab\u00a0Flux de vies\u00a0\u00bb. <br><strong>&gt;&gt; Vous pourrez ainsi p\u00e9daler sur \u00ab\u00a0\u00c7a roule de source\u00a0\u00bb ou sur \u00ab\u00a0Garde \u00e0 vulve\u00a0\u00bb.<\/strong><\/li>\n<\/ul>\n\n\n\n<figure class=\"wp-block-image size-large\"><a href=\"https:\/\/www.altercampagne.net\/wp-content\/uploads\/2024\/04\/velo.jpg\"><img loading=\"lazy\" decoding=\"async\" width=\"2000\" height=\"1250\" src=\"https:\/\/www.altercampagne.net\/wp-content\/uploads\/2024\/04\/velo-edited.jpg\" alt=\"\" class=\"wp-image-28308\" srcset=\"https:\/\/www.altercampagne.net\/wp-content\/uploads\/2024\/04\/velo-edited.jpg 2000w, https:\/\/www.altercampagne.net\/wp-content\/uploads\/2024\/04\/velo-edited-300x188.jpg 300w, https:\/\/www.altercampagne.net\/wp-content\/uploads\/2024\/04\/velo-edited-1024x640.jpg 1024w, https:\/\/www.altercampagne.net\/wp-content\/uploads\/2024\/04\/velo-edited-768x480.jpg 768w, https:\/\/www.altercampagne.net\/wp-content\/uploads\/2024\/04\/velo-edited-1536x960.jpg 1536w, https:\/\/www.altercampagne.net\/wp-content\/uploads\/2024\/04\/velo-edited-100x63.jpg 100w, https:\/\/www.altercampagne.net\/wp-content\/uploads\/2024\/04\/velo-edited-862x539.jpg 862w, https:\/\/www.altercampagne.net\/wp-content\/uploads\/2024\/04\/velo-edited-1140x713.jpg 1140w\" sizes=\"auto, (max-width: 2000px) 100vw, 2000px\" \/><\/a><\/figure>\n\n\n\n<h4 class=\"wp-block-heading\">C\u00f4t\u00e9 orga, nous avons :<\/h4>\n\n\n\n<ul class=\"wp-block-list\">\n<li>pr\u00e9par\u00e9 les <strong>fiches \u00e9tapes<\/strong> pour le site internet,<\/li>\n\n\n\n<li><strong>r\u00e9fl\u00e9chi et \u00e9chang\u00e9<\/strong> sur la rencontre avec les accueillant.es,<\/li>\n\n\n\n<li>ajout\u00e9 du contenu pour le <strong>nouveau logiciel d&rsquo;inscription<\/strong>,<\/li>\n\n\n\n<li>(re)d\u00e9fini des<strong> r\u00f4les au long court <\/strong>pendant le tour : accueil nouvelleaux, comptabilit\u00e9, gestion des arriv\u00e9es et d\u00e9parts et garant.e du cadre,<\/li>\n\n\n\n<li>le <strong>Coll\u00e8ge Solidaire<\/strong> s&rsquo;est r\u00e9uni.<\/li>\n<\/ul>\n\n\n\n<p><strong>Et comme sur une \u00e9tape de l&rsquo;AlterTour<\/strong> nous avons eu une <strong>pr\u00e9sentation du lieu<\/strong>, donn\u00e9 un coup de main <strong>en d\u00e9sherbant une haie<\/strong> de jeunes arbres et <strong>d\u00e9battu des actualit\u00e9s agricoles<\/strong>. <br><strong>Et comme sur une \u00e9tape de l&rsquo;AlterTour<\/strong>, le WERVA rime aussi avec <strong>convivialit\u00e9 et partage<\/strong> : discussions autour d&rsquo;un po\u00eale rocket stove, soir\u00e9e pizza, frisbee, hula hoop, et bien plus encore !<\/p>\n\n\n\n<p class=\"has-text-align-right\">Nicolas et Carlotta<\/p>\n","protected":false},"excerpt":{"rendered":"<p>\u00ab\u00a0Et comme sur une \u00e9tape de l&rsquo;AlterTour nous avons eu une pr\u00e9sentation du lieu, donn\u00e9 un coup de main en d\u00e9sherbant une haie de jeunes arbres et d\u00e9battu des actualit\u00e9s agricoles.\u00a0\u00bb<\/p>\n","protected":false},"author":353,"featured_media":28305,"comment_status":"closed","ping_status":"closed","sticky":false,"template":"","format":"standard","meta":{"footnotes":""},"categories":[3471,4313,4449,3539],"tags":[],"class_list":["post-28306","post","type-post","status-publish","format-standard","has-post-thumbnail","hentry","category-auvergne-rhone-alpes","category-altertour","category-edition-2024","category-we-de-preparation"],"yoast_head":"<!-- This site is optimized with the Yoast SEO plugin v27.3 - https:\/\/yoast.com\/product\/yoast-seo-wordpress\/ -->\n<title>WERVA du froid, WERVA pizza, WERVA de l&#039;exploit - AlterTour<\/title>\n<meta name=\"robots\" content=\"index, follow, max-snippet:-1, max-image-preview:large, max-video-preview:-1\" \/>\n<link rel=\"canonical\" href=\"https:\/\/www.altercampagne.net\/?p=28306\" \/>\n<meta property=\"og:locale\" content=\"fr_FR\" \/>\n<meta property=\"og:type\" content=\"article\" \/>\n<meta property=\"og:title\" content=\"WERVA du froid, WERVA pizza, WERVA de l&#039;exploit - AlterTour\" \/>\n<meta property=\"og:description\" content=\"&quot;Et comme sur une \u00e9tape de l&#039;AlterTour nous avons eu une pr\u00e9sentation du lieu, donn\u00e9 un coup de main en d\u00e9sherbant une haie de jeunes arbres et d\u00e9battu des actualit\u00e9s agricoles.&quot;\" \/>\n<meta property=\"og:url\" content=\"https:\/\/www.altercampagne.net\/?p=28306\" \/>\n<meta property=\"og:site_name\" content=\"AlterTour\" \/>\n<meta property=\"article:published_time\" content=\"2024-04-24T07:35:32+00:00\" \/>\n<meta property=\"article:modified_time\" content=\"2024-04-24T07:36:54+00:00\" \/>\n<meta property=\"og:image\" content=\"https:\/\/www.altercampagne.net\/wp-content\/uploads\/2024\/04\/werva_groupe-e1713943664681.jpg\" \/>\n\t<meta property=\"og:image:width\" content=\"1870\" \/>\n\t<meta property=\"og:image:height\" content=\"1162\" \/>\n\t<meta property=\"og:image:type\" content=\"image\/jpeg\" \/>\n<meta name=\"author\" content=\"Carlotta\" \/>\n<meta name=\"twitter:card\" content=\"summary_large_image\" \/>\n<meta name=\"twitter:label1\" content=\"\u00c9crit par\" \/>\n\t<meta name=\"twitter:data1\" content=\"Carlotta\" \/>\n\t<meta name=\"twitter:label2\" content=\"Dur\u00e9e de lecture estim\u00e9e\" \/>\n\t<meta name=\"twitter:data2\" content=\"2 minutes\" \/>\n<script type=\"application\/ld+json\" class=\"yoast-schema-graph\">{\"@context\":\"https:\\\/\\\/schema.org\",\"@graph\":[{\"@type\":\"Article\",\"@id\":\"https:\\\/\\\/www.altercampagne.net\\\/?p=28306#article\",\"isPartOf\":{\"@id\":\"https:\\\/\\\/www.altercampagne.net\\\/?p=28306\"},\"author\":{\"name\":\"Carlotta\",\"@id\":\"https:\\\/\\\/www.altercampagne.net\\\/#\\\/schema\\\/person\\\/0310e7930636785dabf8b7cab925c7eb\"},\"headline\":\"WERVA du froid, WERVA pizza, WERVA de l&rsquo;exploit\",\"datePublished\":\"2024-04-24T07:35:32+00:00\",\"dateModified\":\"2024-04-24T07:36:54+00:00\",\"mainEntityOfPage\":{\"@id\":\"https:\\\/\\\/www.altercampagne.net\\\/?p=28306\"},\"wordCount\":474,\"image\":{\"@id\":\"https:\\\/\\\/www.altercampagne.net\\\/?p=28306#primaryimage\"},\"thumbnailUrl\":\"https:\\\/\\\/www.altercampagne.net\\\/wp-content\\\/uploads\\\/2024\\\/04\\\/werva_groupe-e1713943664681.jpg\",\"articleSection\":[\"Auvergne-Rh\u00f4ne-Alpes\",\"AlterTour\",\"\u00c9dition 2024\",\"WE de pr\u00e9paration\"],\"inLanguage\":\"fr-FR\"},{\"@type\":\"WebPage\",\"@id\":\"https:\\\/\\\/www.altercampagne.net\\\/?p=28306\",\"url\":\"https:\\\/\\\/www.altercampagne.net\\\/?p=28306\",\"name\":\"WERVA du froid, WERVA pizza, WERVA de l'exploit - AlterTour\",\"isPartOf\":{\"@id\":\"https:\\\/\\\/www.altercampagne.net\\\/#website\"},\"primaryImageOfPage\":{\"@id\":\"https:\\\/\\\/www.altercampagne.net\\\/?p=28306#primaryimage\"},\"image\":{\"@id\":\"https:\\\/\\\/www.altercampagne.net\\\/?p=28306#primaryimage\"},\"thumbnailUrl\":\"https:\\\/\\\/www.altercampagne.net\\\/wp-content\\\/uploads\\\/2024\\\/04\\\/werva_groupe-e1713943664681.jpg\",\"datePublished\":\"2024-04-24T07:35:32+00:00\",\"dateModified\":\"2024-04-24T07:36:54+00:00\",\"author\":{\"@id\":\"https:\\\/\\\/www.altercampagne.net\\\/#\\\/schema\\\/person\\\/0310e7930636785dabf8b7cab925c7eb\"},\"breadcrumb\":{\"@id\":\"https:\\\/\\\/www.altercampagne.net\\\/?p=28306#breadcrumb\"},\"inLanguage\":\"fr-FR\",\"potentialAction\":[{\"@type\":\"ReadAction\",\"target\":[\"https:\\\/\\\/www.altercampagne.net\\\/?p=28306\"]}]},{\"@type\":\"ImageObject\",\"inLanguage\":\"fr-FR\",\"@id\":\"https:\\\/\\\/www.altercampagne.net\\\/?p=28306#primaryimage\",\"url\":\"https:\\\/\\\/www.altercampagne.net\\\/wp-content\\\/uploads\\\/2024\\\/04\\\/werva_groupe-e1713943664681.jpg\",\"contentUrl\":\"https:\\\/\\\/www.altercampagne.net\\\/wp-content\\\/uploads\\\/2024\\\/04\\\/werva_groupe-e1713943664681.jpg\",\"width\":1870,\"height\":1162},{\"@type\":\"BreadcrumbList\",\"@id\":\"https:\\\/\\\/www.altercampagne.net\\\/?p=28306#breadcrumb\",\"itemListElement\":[{\"@type\":\"ListItem\",\"position\":1,\"name\":\"Accueil\",\"item\":\"https:\\\/\\\/www.altercampagne.net\\\/\"},{\"@type\":\"ListItem\",\"position\":2,\"name\":\"WERVA du froid, WERVA pizza, WERVA de l&rsquo;exploit\"}]},{\"@type\":\"WebSite\",\"@id\":\"https:\\\/\\\/www.altercampagne.net\\\/#website\",\"url\":\"https:\\\/\\\/www.altercampagne.net\\\/\",\"name\":\"AlterTour\",\"description\":\"Reliez les Alternatives \u00e0 v\u00e9lo\",\"potentialAction\":[{\"@type\":\"SearchAction\",\"target\":{\"@type\":\"EntryPoint\",\"urlTemplate\":\"https:\\\/\\\/www.altercampagne.net\\\/?s={search_term_string}\"},\"query-input\":{\"@type\":\"PropertyValueSpecification\",\"valueRequired\":true,\"valueName\":\"search_term_string\"}}],\"inLanguage\":\"fr-FR\"},{\"@type\":\"Person\",\"@id\":\"https:\\\/\\\/www.altercampagne.net\\\/#\\\/schema\\\/person\\\/0310e7930636785dabf8b7cab925c7eb\",\"name\":\"Carlotta\",\"image\":{\"@type\":\"ImageObject\",\"inLanguage\":\"fr-FR\",\"@id\":\"https:\\\/\\\/secure.gravatar.com\\\/avatar\\\/cc861900b0b9ebc1644628dd5f6a1e2c62c8981e43f2d98c9e810ead5846c34c?s=96&d=mm&r=g\",\"url\":\"https:\\\/\\\/secure.gravatar.com\\\/avatar\\\/cc861900b0b9ebc1644628dd5f6a1e2c62c8981e43f2d98c9e810ead5846c34c?s=96&d=mm&r=g\",\"contentUrl\":\"https:\\\/\\\/secure.gravatar.com\\\/avatar\\\/cc861900b0b9ebc1644628dd5f6a1e2c62c8981e43f2d98c9e810ead5846c34c?s=96&d=mm&r=g\",\"caption\":\"Carlotta\"},\"url\":\"https:\\\/\\\/www.altercampagne.net\\\/?author=353\"}]}<\/script>\n<!-- \/ Yoast SEO plugin. -->","yoast_head_json":{"title":"WERVA du froid, WERVA pizza, WERVA de l'exploit - AlterTour","robots":{"index":"index","follow":"follow","max-snippet":"max-snippet:-1","max-image-preview":"max-image-preview:large","max-video-preview":"max-video-preview:-1"},"canonical":"https:\/\/www.altercampagne.net\/?p=28306","og_locale":"fr_FR","og_type":"article","og_title":"WERVA du froid, WERVA pizza, WERVA de l'exploit - AlterTour","og_description":"\"Et comme sur une \u00e9tape de l'AlterTour nous avons eu une pr\u00e9sentation du lieu, donn\u00e9 un coup de main en d\u00e9sherbant une haie de jeunes arbres et d\u00e9battu des actualit\u00e9s agricoles.\"","og_url":"https:\/\/www.altercampagne.net\/?p=28306","og_site_name":"AlterTour","article_published_time":"2024-04-24T07:35:32+00:00","article_modified_time":"2024-04-24T07:36:54+00:00","og_image":[{"width":1870,"height":1162,"url":"https:\/\/www.altercampagne.net\/wp-content\/uploads\/2024\/04\/werva_groupe-e1713943664681.jpg","type":"image\/jpeg"}],"author":"Carlotta","twitter_card":"summary_large_image","twitter_misc":{"\u00c9crit par":"Carlotta","Dur\u00e9e de lecture estim\u00e9e":"2 minutes"},"schema":{"@context":"https:\/\/schema.org","@graph":[{"@type":"Article","@id":"https:\/\/www.altercampagne.net\/?p=28306#article","isPartOf":{"@id":"https:\/\/www.altercampagne.net\/?p=28306"},"author":{"name":"Carlotta","@id":"https:\/\/www.altercampagne.net\/#\/schema\/person\/0310e7930636785dabf8b7cab925c7eb"},"headline":"WERVA du froid, WERVA pizza, WERVA de l&rsquo;exploit","datePublished":"2024-04-24T07:35:32+00:00","dateModified":"2024-04-24T07:36:54+00:00","mainEntityOfPage":{"@id":"https:\/\/www.altercampagne.net\/?p=28306"},"wordCount":474,"image":{"@id":"https:\/\/www.altercampagne.net\/?p=28306#primaryimage"},"thumbnailUrl":"https:\/\/www.altercampagne.net\/wp-content\/uploads\/2024\/04\/werva_groupe-e1713943664681.jpg","articleSection":["Auvergne-Rh\u00f4ne-Alpes","AlterTour","\u00c9dition 2024","WE de pr\u00e9paration"],"inLanguage":"fr-FR"},{"@type":"WebPage","@id":"https:\/\/www.altercampagne.net\/?p=28306","url":"https:\/\/www.altercampagne.net\/?p=28306","name":"WERVA du froid, WERVA pizza, WERVA de l'exploit - AlterTour","isPartOf":{"@id":"https:\/\/www.altercampagne.net\/#website"},"primaryImageOfPage":{"@id":"https:\/\/www.altercampagne.net\/?p=28306#primaryimage"},"image":{"@id":"https:\/\/www.altercampagne.net\/?p=28306#primaryimage"},"thumbnailUrl":"https:\/\/www.altercampagne.net\/wp-content\/uploads\/2024\/04\/werva_groupe-e1713943664681.jpg","datePublished":"2024-04-24T07:35:32+00:00","dateModified":"2024-04-24T07:36:54+00:00","author":{"@id":"https:\/\/www.altercampagne.net\/#\/schema\/person\/0310e7930636785dabf8b7cab925c7eb"},"breadcrumb":{"@id":"https:\/\/www.altercampagne.net\/?p=28306#breadcrumb"},"inLanguage":"fr-FR","potentialAction":[{"@type":"ReadAction","target":["https:\/\/www.altercampagne.net\/?p=28306"]}]},{"@type":"ImageObject","inLanguage":"fr-FR","@id":"https:\/\/www.altercampagne.net\/?p=28306#primaryimage","url":"https:\/\/www.altercampagne.net\/wp-content\/uploads\/2024\/04\/werva_groupe-e1713943664681.jpg","contentUrl":"https:\/\/www.altercampagne.net\/wp-content\/uploads\/2024\/04\/werva_groupe-e1713943664681.jpg","width":1870,"height":1162},{"@type":"BreadcrumbList","@id":"https:\/\/www.altercampagne.net\/?p=28306#breadcrumb","itemListElement":[{"@type":"ListItem","position":1,"name":"Accueil","item":"https:\/\/www.altercampagne.net\/"},{"@type":"ListItem","position":2,"name":"WERVA du froid, WERVA pizza, WERVA de l&rsquo;exploit"}]},{"@type":"WebSite","@id":"https:\/\/www.altercampagne.net\/#website","url":"https:\/\/www.altercampagne.net\/","name":"AlterTour","description":"Reliez les Alternatives \u00e0 v\u00e9lo","potentialAction":[{"@type":"SearchAction","target":{"@type":"EntryPoint","urlTemplate":"https:\/\/www.altercampagne.net\/?s={search_term_string}"},"query-input":{"@type":"PropertyValueSpecification","valueRequired":true,"valueName":"search_term_string"}}],"inLanguage":"fr-FR"},{"@type":"Person","@id":"https:\/\/www.altercampagne.net\/#\/schema\/person\/0310e7930636785dabf8b7cab925c7eb","name":"Carlotta","image":{"@type":"ImageObject","inLanguage":"fr-FR","@id":"https:\/\/secure.gravatar.com\/avatar\/cc861900b0b9ebc1644628dd5f6a1e2c62c8981e43f2d98c9e810ead5846c34c?s=96&d=mm&r=g","url":"https:\/\/secure.gravatar.com\/avatar\/cc861900b0b9ebc1644628dd5f6a1e2c62c8981e43f2d98c9e810ead5846c34c?s=96&d=mm&r=g","contentUrl":"https:\/\/secure.gravatar.com\/avatar\/cc861900b0b9ebc1644628dd5f6a1e2c62c8981e43f2d98c9e810ead5846c34c?s=96&d=mm&r=g","caption":"Carlotta"},"url":"https:\/\/www.altercampagne.net\/?author=353"}]}},"_links":{"self":[{"href":"https:\/\/www.altercampagne.net\/index.php?rest_route=\/wp\/v2\/posts\/28306","targetHints":{"allow":["GET"]}}],"collection":[{"href":"https:\/\/www.altercampagne.net\/index.php?rest_route=\/wp\/v2\/posts"}],"about":[{"href":"https:\/\/www.altercampagne.net\/index.php?rest_route=\/wp\/v2\/types\/post"}],"author":[{"embeddable":true,"href":"https:\/\/www.altercampagne.net\/index.php?rest_route=\/wp\/v2\/users\/353"}],"replies":[{"embeddable":true,"href":"https:\/\/www.altercampagne.net\/index.php?rest_route=%2Fwp%2Fv2%2Fcomments&post=28306"}],"version-history":[{"count":3,"href":"https:\/\/www.altercampagne.net\/index.php?rest_route=\/wp\/v2\/posts\/28306\/revisions"}],"predecessor-version":[{"id":28312,"href":"https:\/\/www.altercampagne.net\/index.php?rest_route=\/wp\/v2\/posts\/28306\/revisions\/28312"}],"wp:featuredmedia":[{"embeddable":true,"href":"https:\/\/www.altercampagne.net\/index.php?rest_route=\/wp\/v2\/media\/28305"}],"wp:attachment":[{"href":"https:\/\/www.altercampagne.net\/index.php?rest_route=%2Fwp%2Fv2%2Fmedia&parent=28306"}],"wp:term":[{"taxonomy":"category","embeddable":true,"href":"https:\/\/www.altercampagne.net\/index.php?rest_route=%2Fwp%2Fv2%2Fcategories&post=28306"},{"taxonomy":"post_tag","embeddable":true,"href":"https:\/\/www.altercampagne.net\/index.php?rest_route=%2Fwp%2Fv2%2Ftags&post=28306"}],"curies":[{"name":"wp","href":"https:\/\/api.w.org\/{rel}","templated":true}]}}