{"id":28339,"date":"2024-06-04T15:43:11","date_gmt":"2024-06-04T13:43:11","guid":{"rendered":"https:\/\/www.altercampagne.net\/?p=28339"},"modified":"2024-06-04T17:03:09","modified_gmt":"2024-06-04T15:03:09","slug":"en-juin-quest-ce-quon-est-bien","status":"publish","type":"post","link":"https:\/\/www.altercampagne.net\/?p=28339","title":{"rendered":"En juin, qu&rsquo;est-ce qu&rsquo;on est bien !"},"content":{"rendered":"\n<p>Et voil\u00e0, <strong>la 7\u00e8me et derni\u00e8re pl\u00e9ni\u00e8re de l&rsquo;orga de l&rsquo;\u00e9t\u00e9 2024<\/strong> (et oui, on ne dirait pas vu la m\u00e9t\u00e9o du moment, mais c&rsquo;est bient\u00f4t l&rsquo;\u00e9t\u00e9 !) est termin\u00e9e. Et quelle pl\u00e9ni\u00e8re ! A quelques semaines du Before et du lancement du Tour, nous n&rsquo;avons pas ch\u00f4m\u00e9. <\/p>\n\n\n\n<p>Nous \u00e9tions une petite trentaine de b\u00e9n\u00e9voles \u00e0 nous retrouver tout au long du WE \u00e0 la <strong>Maison du Z\u00e9ro D\u00e9chet<\/strong> &#8211; qui aura accueilli pas moins de trois pl\u00e9ni\u00e8res cette ann\u00e9e et o\u00f9 nous commen\u00e7ons vraiment \u00e0 nous sentir comme \u00e0 la maison &#8211; pour un programme dense mais enthousiasmant. <br>Et pour commencer, nous avons fait le <strong>bilan de l&rsquo;ann\u00e9e<\/strong> et de notre nouvelle organisation (sans salari\u00e9\u00b7e et avec la cr\u00e9ation de bin\u00f4mes de coordo) gr\u00e2ce \u00e0 la m\u00e9thode des six chapeaux de Bono. Un bilan tr\u00e8s positif dans l&rsquo;ensemble, qui nous a permis de c\u00e9l\u00e9brer mais \u00e9galement de soulever quelques points de vigilance, notamment sur la r\u00e9partition de la charge de travail et la communication.<\/p>\n\n\n\n<p>Plusieurs temps ont \u00e9galement \u00e9t\u00e9 consacr\u00e9s aux <strong>pr\u00e9pas \u00e9tapes <\/strong>: un slow dating (comme un speed dating, mais en prenant le temps) pour bien reprendre tout le programme, un point logistique pour accompagner la prise en main des outils de commande de nourriture, un point animation&#8230; Et plusieurs temps plus informels pour \u00e9changer sur les (m\u00e9s)aventures du rep\u00e9rage, se rassurer, se r\u00e9jouir, \u00e9changer et partager les bonnes id\u00e9es. Entre impatience et parfois stress de la derni\u00e8re ligne droite, on a h\u00e2te d&rsquo;y \u00eatre et de voir tout ce travail se concr\u00e9tiser cet \u00e9t\u00e9 !<\/p>\n\n\n\n<figure class=\"wp-block-image size-large\"><a href=\"https:\/\/www.altercampagne.net\/wp-content\/uploads\/2024\/06\/Atelier.jpg\"><img loading=\"lazy\" decoding=\"async\" width=\"1024\" height=\"768\" src=\"https:\/\/www.altercampagne.net\/wp-content\/uploads\/2024\/06\/Atelier-1024x768.jpg\" alt=\"\" class=\"wp-image-28340\" srcset=\"https:\/\/www.altercampagne.net\/wp-content\/uploads\/2024\/06\/Atelier-1024x768.jpg 1024w, https:\/\/www.altercampagne.net\/wp-content\/uploads\/2024\/06\/Atelier-300x225.jpg 300w, https:\/\/www.altercampagne.net\/wp-content\/uploads\/2024\/06\/Atelier-768x576.jpg 768w, https:\/\/www.altercampagne.net\/wp-content\/uploads\/2024\/06\/Atelier-1536x1152.jpg 1536w, https:\/\/www.altercampagne.net\/wp-content\/uploads\/2024\/06\/Atelier-100x75.jpg 100w, https:\/\/www.altercampagne.net\/wp-content\/uploads\/2024\/06\/Atelier-862x647.jpg 862w, https:\/\/www.altercampagne.net\/wp-content\/uploads\/2024\/06\/Atelier-1140x855.jpg 1140w, https:\/\/www.altercampagne.net\/wp-content\/uploads\/2024\/06\/Atelier.jpg 2048w\" sizes=\"auto, (max-width: 1024px) 100vw, 1024px\" \/><\/a><figcaption class=\"wp-element-caption\"><strong>Atelier participatif \u00ab\u00a0<strong>Les collectifs militants sont pr\u00e9serv\u00e9s du sexisme\u201d : D\u00e9construire les id\u00e9es re\u00e7ues et s\u2019entra\u00eener collectivement \u00e0 r\u00e9agir<\/strong>, anim\u00e9 par Margaux Collet&nbsp;<\/strong><\/figcaption><\/figure>\n\n\n\n<p>L&rsquo;apr\u00e8s-midi, nous avons eu la chance de participer \u00e0 <strong>l&rsquo;atelier \u201cLes collectifs militants sont pr\u00e9serv\u00e9s du sexisme\u201d : d\u00e9construire les id\u00e9es re\u00e7ues et s\u2019entra\u00eener collectivement \u00e0 r\u00e9agir<\/strong>, anim\u00e9 b\u00e9n\u00e9volement par Margaux Collet, formatrice et consultante sur les questions d\u2019\u00e9galit\u00e9 femmes-hommes et notamment sur les violences sexistes et sexuelles dans le cadre du travail. Un moment riche et tr\u00e8s int\u00e9ressant entre petit quizz et donn\u00e9es chiffr\u00e9es, \u00e9changes et mises en situation concr\u00e8tes pour int\u00e9grer les bons r\u00e9flexes. <\/p>\n\n\n\n<p>Apr\u00e8s une soir\u00e9e conviviale (et dansante pour quelques-un\u00b7e\u00b7s), le dimanche nous nous sommes r\u00e9partis en plusieurs groupe pour travailler sur : la pr\u00e9paration du \u00ab\u00a0Before\u00a0\u00bb et de \u00ab\u00a0l\u2019After \u00a0\u00bb&nbsp;; la communication pendant l&rsquo;\u00e9t\u00e9; les (nouvelles) t\u00e2ches au long cours, la gestion des boites mails contact et inscriptions pendant le tour&#8230; Bref, du concret !<\/p>\n\n\n\n<p>Enfin, nous avons termin\u00e9 ce WE par un temps de r\u00e9flexion collective pour \u00ab\u00a0<strong>Booster les inscriptions cet \u00e9t\u00e9<\/strong>\u00a0\u00bb et notamment la derni\u00e8re semaine du Tour (du 21 au 28 ao\u00fbt) qui peine \u00e0 d\u00e9coller. Avec toutes nos id\u00e9es, plus d&rsquo;inqui\u00e9tude \u00e0 avoir (<em>enfin bon, n&rsquo;h\u00e9sitez quand m\u00eame pas \u00e0 en parler autour de vous et partager dans les prochaines semaines les articles et post facebook qui seront diffus\u00e9s svp \ud83d\ude42<\/em> ) ! <br><br>Et pour terminer cet article, je vous donne rendez-vous cet \u00e9t\u00e9 sur le Tour, mais \u00e9galement \u00e0 partir de septembre car nous avons d\u00e9j\u00e0 le <strong>planning des pl\u00e9ni\u00e8res 2024-2025<\/strong> :<\/p>\n\n\n\n<ul class=\"wp-block-list\">\n<li><strong>29\/09 <\/strong>: pl\u00e9ni\u00e8re n\u00b01 \u00e0 <strong>Paris<\/strong><\/li>\n\n\n\n<li><strong>01-03\/11<\/strong> : pl\u00e9ni\u00e8re n\u00b02 + AG \u00e0 <strong>Lyon<\/strong><\/li>\n\n\n\n<li><strong>14\/12 <\/strong>: pl\u00e9ni\u00e8re n\u00b03 \u00e0 <strong>Paris<\/strong><\/li>\n\n\n\n<li><strong>08\/02<\/strong>: pl\u00e9ni\u00e8re n\u00b04 &#8211; <em>Lieu \u00e0 d\u00e9finir<\/em><\/li>\n\n\n\n<li><strong>22\/03 <\/strong>: pl\u00e9ni\u00e8re n\u00b05 &#8211; <em>Lieu \u00e0 d\u00e9finir<\/em><\/li>\n\n\n\n<li><strong>01-04\/05 <\/strong>ou <strong>08-11\/05<\/strong> : WERVA (<em>lieu \u00e0 d\u00e9finir en fonction de nos accueillant\u00b7e\u00b7s<\/em>)<\/li>\n\n\n\n<li><strong>14\/06 <\/strong>: pl\u00e9ni\u00e8re n\u00b06<\/li>\n<\/ul>\n\n\n\n<p>Merci \u00e0 toutes et tous pour votre pr\u00e9sence ce WE, et \u00e0 tout bient\u00f4t !<\/p>\n\n\n<figure class=\"wp-block-post-featured-image\"><a href=\"https:\/\/www.altercampagne.net\/?p=28339\" target=\"_self\"  ><img loading=\"lazy\" decoding=\"async\" width=\"100\" height=\"75\" src=\"https:\/\/www.altercampagne.net\/wp-content\/uploads\/2024\/06\/Photo-de-groupe-Pleniere-2024-3.jpeg\" class=\"attachment-post-thumbnail size-post-thumbnail wp-post-image\" alt=\"En juin, qu&rsquo;est-ce qu&rsquo;on est bien !\" style=\"object-fit:cover;\" srcset=\"https:\/\/www.altercampagne.net\/wp-content\/uploads\/2024\/06\/Photo-de-groupe-Pleniere-2024-3.jpeg 1600w, https:\/\/www.altercampagne.net\/wp-content\/uploads\/2024\/06\/Photo-de-groupe-Pleniere-2024-3-300x225.jpeg 300w, https:\/\/www.altercampagne.net\/wp-content\/uploads\/2024\/06\/Photo-de-groupe-Pleniere-2024-3-1024x768.jpeg 1024w, https:\/\/www.altercampagne.net\/wp-content\/uploads\/2024\/06\/Photo-de-groupe-Pleniere-2024-3-768x576.jpeg 768w\" sizes=\"auto, (max-width: 100px) 100vw, 100px\" \/><\/a><\/figure>","protected":false},"excerpt":{"rendered":"<p>Et voil\u00e0, la 7\u00e8me et derni\u00e8re pl\u00e9ni\u00e8re de l&rsquo;orga de l&rsquo;\u00e9t\u00e9 2024 (et oui, on ne dirait pas vu la m\u00e9t\u00e9o du moment, mais c&rsquo;est bient\u00f4t l&rsquo;\u00e9t\u00e9 !) est termin\u00e9e. Et quelle pl\u00e9ni\u00e8re ! A quelques semaines du Before et du lancement du Tour, nous n&rsquo;avons pas ch\u00f4m\u00e9. Nous \u00e9tions &#8230; <\/p>\n<div><a href=\"https:\/\/www.altercampagne.net\/?p=28339\" class=\"more-link\">Read More<\/a><\/div>\n","protected":false},"author":409,"featured_media":28347,"comment_status":"closed","ping_status":"closed","sticky":false,"template":"","format":"standard","meta":{"footnotes":""},"categories":[4313,4449,3231,3539],"tags":[],"class_list":["post-28339","post","type-post","status-publish","format-standard","has-post-thumbnail","hentry","category-altertour","category-edition-2024","category-echappee-belle","category-we-de-preparation"],"yoast_head":"<!-- This site is optimized with the Yoast SEO plugin v27.3 - https:\/\/yoast.com\/product\/yoast-seo-wordpress\/ -->\n<title>En juin, qu&#039;est-ce qu&#039;on est bien ! - AlterTour<\/title>\n<meta name=\"robots\" content=\"index, follow, max-snippet:-1, max-image-preview:large, max-video-preview:-1\" \/>\n<link rel=\"canonical\" href=\"https:\/\/www.altercampagne.net\/?p=28339\" \/>\n<meta property=\"og:locale\" content=\"fr_FR\" \/>\n<meta property=\"og:type\" content=\"article\" \/>\n<meta property=\"og:title\" content=\"En juin, qu&#039;est-ce qu&#039;on est bien ! - AlterTour\" \/>\n<meta property=\"og:description\" content=\"Et voil\u00e0, la 7\u00e8me et derni\u00e8re pl\u00e9ni\u00e8re de l&rsquo;orga de l&rsquo;\u00e9t\u00e9 2024 (et oui, on ne dirait pas vu la m\u00e9t\u00e9o du moment, mais c&rsquo;est bient\u00f4t l&rsquo;\u00e9t\u00e9 !) est termin\u00e9e. Et quelle pl\u00e9ni\u00e8re ! A quelques semaines du Before et du lancement du Tour, nous n&rsquo;avons pas ch\u00f4m\u00e9. Nous \u00e9tions ... Read More\" \/>\n<meta property=\"og:url\" content=\"https:\/\/www.altercampagne.net\/?p=28339\" \/>\n<meta property=\"og:site_name\" content=\"AlterTour\" \/>\n<meta property=\"article:published_time\" content=\"2024-06-04T13:43:11+00:00\" \/>\n<meta property=\"article:modified_time\" content=\"2024-06-04T15:03:09+00:00\" \/>\n<meta property=\"og:image\" content=\"https:\/\/www.altercampagne.net\/wp-content\/uploads\/2024\/06\/Photo-de-groupe-Pleniere-2024-3.jpeg\" \/>\n\t<meta property=\"og:image:width\" content=\"1600\" \/>\n\t<meta property=\"og:image:height\" content=\"1200\" \/>\n\t<meta property=\"og:image:type\" content=\"image\/jpeg\" \/>\n<meta name=\"author\" content=\"Nanou\" \/>\n<meta name=\"twitter:card\" content=\"summary_large_image\" \/>\n<meta name=\"twitter:label1\" content=\"\u00c9crit par\" \/>\n\t<meta name=\"twitter:data1\" content=\"Nanou\" \/>\n\t<meta name=\"twitter:label2\" content=\"Dur\u00e9e de lecture estim\u00e9e\" \/>\n\t<meta name=\"twitter:data2\" content=\"4 minutes\" \/>\n<script type=\"application\/ld+json\" class=\"yoast-schema-graph\">{\"@context\":\"https:\\\/\\\/schema.org\",\"@graph\":[{\"@type\":\"Article\",\"@id\":\"https:\\\/\\\/www.altercampagne.net\\\/?p=28339#article\",\"isPartOf\":{\"@id\":\"https:\\\/\\\/www.altercampagne.net\\\/?p=28339\"},\"author\":{\"name\":\"Nanou\",\"@id\":\"https:\\\/\\\/www.altercampagne.net\\\/#\\\/schema\\\/person\\\/fbfcdf491afe56e5a0cd7a078e8cf600\"},\"headline\":\"En juin, qu&rsquo;est-ce qu&rsquo;on est bien !\",\"datePublished\":\"2024-06-04T13:43:11+00:00\",\"dateModified\":\"2024-06-04T15:03:09+00:00\",\"mainEntityOfPage\":{\"@id\":\"https:\\\/\\\/www.altercampagne.net\\\/?p=28339\"},\"wordCount\":659,\"image\":{\"@id\":\"https:\\\/\\\/www.altercampagne.net\\\/?p=28339#primaryimage\"},\"thumbnailUrl\":\"https:\\\/\\\/www.altercampagne.net\\\/wp-content\\\/uploads\\\/2024\\\/06\\\/Photo-de-groupe-Pleniere-2024-3.jpeg\",\"articleSection\":[\"AlterTour\",\"\u00c9dition 2024\",\"Echapp\u00e9e Belle\",\"WE de pr\u00e9paration\"],\"inLanguage\":\"fr-FR\"},{\"@type\":\"WebPage\",\"@id\":\"https:\\\/\\\/www.altercampagne.net\\\/?p=28339\",\"url\":\"https:\\\/\\\/www.altercampagne.net\\\/?p=28339\",\"name\":\"En juin, qu'est-ce qu'on est bien ! - AlterTour\",\"isPartOf\":{\"@id\":\"https:\\\/\\\/www.altercampagne.net\\\/#website\"},\"primaryImageOfPage\":{\"@id\":\"https:\\\/\\\/www.altercampagne.net\\\/?p=28339#primaryimage\"},\"image\":{\"@id\":\"https:\\\/\\\/www.altercampagne.net\\\/?p=28339#primaryimage\"},\"thumbnailUrl\":\"https:\\\/\\\/www.altercampagne.net\\\/wp-content\\\/uploads\\\/2024\\\/06\\\/Photo-de-groupe-Pleniere-2024-3.jpeg\",\"datePublished\":\"2024-06-04T13:43:11+00:00\",\"dateModified\":\"2024-06-04T15:03:09+00:00\",\"author\":{\"@id\":\"https:\\\/\\\/www.altercampagne.net\\\/#\\\/schema\\\/person\\\/fbfcdf491afe56e5a0cd7a078e8cf600\"},\"breadcrumb\":{\"@id\":\"https:\\\/\\\/www.altercampagne.net\\\/?p=28339#breadcrumb\"},\"inLanguage\":\"fr-FR\",\"potentialAction\":[{\"@type\":\"ReadAction\",\"target\":[\"https:\\\/\\\/www.altercampagne.net\\\/?p=28339\"]}]},{\"@type\":\"ImageObject\",\"inLanguage\":\"fr-FR\",\"@id\":\"https:\\\/\\\/www.altercampagne.net\\\/?p=28339#primaryimage\",\"url\":\"https:\\\/\\\/www.altercampagne.net\\\/wp-content\\\/uploads\\\/2024\\\/06\\\/Photo-de-groupe-Pleniere-2024-3.jpeg\",\"contentUrl\":\"https:\\\/\\\/www.altercampagne.net\\\/wp-content\\\/uploads\\\/2024\\\/06\\\/Photo-de-groupe-Pleniere-2024-3.jpeg\",\"width\":1600,\"height\":1200},{\"@type\":\"BreadcrumbList\",\"@id\":\"https:\\\/\\\/www.altercampagne.net\\\/?p=28339#breadcrumb\",\"itemListElement\":[{\"@type\":\"ListItem\",\"position\":1,\"name\":\"Accueil\",\"item\":\"https:\\\/\\\/www.altercampagne.net\\\/\"},{\"@type\":\"ListItem\",\"position\":2,\"name\":\"En juin, qu&rsquo;est-ce qu&rsquo;on est bien !\"}]},{\"@type\":\"WebSite\",\"@id\":\"https:\\\/\\\/www.altercampagne.net\\\/#website\",\"url\":\"https:\\\/\\\/www.altercampagne.net\\\/\",\"name\":\"AlterTour\",\"description\":\"Reliez les Alternatives \u00e0 v\u00e9lo\",\"potentialAction\":[{\"@type\":\"SearchAction\",\"target\":{\"@type\":\"EntryPoint\",\"urlTemplate\":\"https:\\\/\\\/www.altercampagne.net\\\/?s={search_term_string}\"},\"query-input\":{\"@type\":\"PropertyValueSpecification\",\"valueRequired\":true,\"valueName\":\"search_term_string\"}}],\"inLanguage\":\"fr-FR\"},{\"@type\":\"Person\",\"@id\":\"https:\\\/\\\/www.altercampagne.net\\\/#\\\/schema\\\/person\\\/fbfcdf491afe56e5a0cd7a078e8cf600\",\"name\":\"Nanou\",\"image\":{\"@type\":\"ImageObject\",\"inLanguage\":\"fr-FR\",\"@id\":\"https:\\\/\\\/secure.gravatar.com\\\/avatar\\\/a247ff5a87cd98960c60fc512382fa2b92e4caecc2011b4ef41fe0d592c271a7?s=96&d=mm&r=g\",\"url\":\"https:\\\/\\\/secure.gravatar.com\\\/avatar\\\/a247ff5a87cd98960c60fc512382fa2b92e4caecc2011b4ef41fe0d592c271a7?s=96&d=mm&r=g\",\"contentUrl\":\"https:\\\/\\\/secure.gravatar.com\\\/avatar\\\/a247ff5a87cd98960c60fc512382fa2b92e4caecc2011b4ef41fe0d592c271a7?s=96&d=mm&r=g\",\"caption\":\"Nanou\"},\"url\":\"https:\\\/\\\/www.altercampagne.net\\\/?author=409\"}]}<\/script>\n<!-- \/ Yoast SEO plugin. -->","yoast_head_json":{"title":"En juin, qu'est-ce qu'on est bien ! - AlterTour","robots":{"index":"index","follow":"follow","max-snippet":"max-snippet:-1","max-image-preview":"max-image-preview:large","max-video-preview":"max-video-preview:-1"},"canonical":"https:\/\/www.altercampagne.net\/?p=28339","og_locale":"fr_FR","og_type":"article","og_title":"En juin, qu'est-ce qu'on est bien ! - AlterTour","og_description":"Et voil\u00e0, la 7\u00e8me et derni\u00e8re pl\u00e9ni\u00e8re de l&rsquo;orga de l&rsquo;\u00e9t\u00e9 2024 (et oui, on ne dirait pas vu la m\u00e9t\u00e9o du moment, mais c&rsquo;est bient\u00f4t l&rsquo;\u00e9t\u00e9 !) est termin\u00e9e. Et quelle pl\u00e9ni\u00e8re ! A quelques semaines du Before et du lancement du Tour, nous n&rsquo;avons pas ch\u00f4m\u00e9. Nous \u00e9tions ... Read More","og_url":"https:\/\/www.altercampagne.net\/?p=28339","og_site_name":"AlterTour","article_published_time":"2024-06-04T13:43:11+00:00","article_modified_time":"2024-06-04T15:03:09+00:00","og_image":[{"width":1600,"height":1200,"url":"https:\/\/www.altercampagne.net\/wp-content\/uploads\/2024\/06\/Photo-de-groupe-Pleniere-2024-3.jpeg","type":"image\/jpeg"}],"author":"Nanou","twitter_card":"summary_large_image","twitter_misc":{"\u00c9crit par":"Nanou","Dur\u00e9e de lecture estim\u00e9e":"4 minutes"},"schema":{"@context":"https:\/\/schema.org","@graph":[{"@type":"Article","@id":"https:\/\/www.altercampagne.net\/?p=28339#article","isPartOf":{"@id":"https:\/\/www.altercampagne.net\/?p=28339"},"author":{"name":"Nanou","@id":"https:\/\/www.altercampagne.net\/#\/schema\/person\/fbfcdf491afe56e5a0cd7a078e8cf600"},"headline":"En juin, qu&rsquo;est-ce qu&rsquo;on est bien !","datePublished":"2024-06-04T13:43:11+00:00","dateModified":"2024-06-04T15:03:09+00:00","mainEntityOfPage":{"@id":"https:\/\/www.altercampagne.net\/?p=28339"},"wordCount":659,"image":{"@id":"https:\/\/www.altercampagne.net\/?p=28339#primaryimage"},"thumbnailUrl":"https:\/\/www.altercampagne.net\/wp-content\/uploads\/2024\/06\/Photo-de-groupe-Pleniere-2024-3.jpeg","articleSection":["AlterTour","\u00c9dition 2024","Echapp\u00e9e Belle","WE de pr\u00e9paration"],"inLanguage":"fr-FR"},{"@type":"WebPage","@id":"https:\/\/www.altercampagne.net\/?p=28339","url":"https:\/\/www.altercampagne.net\/?p=28339","name":"En juin, qu'est-ce qu'on est bien ! - AlterTour","isPartOf":{"@id":"https:\/\/www.altercampagne.net\/#website"},"primaryImageOfPage":{"@id":"https:\/\/www.altercampagne.net\/?p=28339#primaryimage"},"image":{"@id":"https:\/\/www.altercampagne.net\/?p=28339#primaryimage"},"thumbnailUrl":"https:\/\/www.altercampagne.net\/wp-content\/uploads\/2024\/06\/Photo-de-groupe-Pleniere-2024-3.jpeg","datePublished":"2024-06-04T13:43:11+00:00","dateModified":"2024-06-04T15:03:09+00:00","author":{"@id":"https:\/\/www.altercampagne.net\/#\/schema\/person\/fbfcdf491afe56e5a0cd7a078e8cf600"},"breadcrumb":{"@id":"https:\/\/www.altercampagne.net\/?p=28339#breadcrumb"},"inLanguage":"fr-FR","potentialAction":[{"@type":"ReadAction","target":["https:\/\/www.altercampagne.net\/?p=28339"]}]},{"@type":"ImageObject","inLanguage":"fr-FR","@id":"https:\/\/www.altercampagne.net\/?p=28339#primaryimage","url":"https:\/\/www.altercampagne.net\/wp-content\/uploads\/2024\/06\/Photo-de-groupe-Pleniere-2024-3.jpeg","contentUrl":"https:\/\/www.altercampagne.net\/wp-content\/uploads\/2024\/06\/Photo-de-groupe-Pleniere-2024-3.jpeg","width":1600,"height":1200},{"@type":"BreadcrumbList","@id":"https:\/\/www.altercampagne.net\/?p=28339#breadcrumb","itemListElement":[{"@type":"ListItem","position":1,"name":"Accueil","item":"https:\/\/www.altercampagne.net\/"},{"@type":"ListItem","position":2,"name":"En juin, qu&rsquo;est-ce qu&rsquo;on est bien !"}]},{"@type":"WebSite","@id":"https:\/\/www.altercampagne.net\/#website","url":"https:\/\/www.altercampagne.net\/","name":"AlterTour","description":"Reliez les Alternatives \u00e0 v\u00e9lo","potentialAction":[{"@type":"SearchAction","target":{"@type":"EntryPoint","urlTemplate":"https:\/\/www.altercampagne.net\/?s={search_term_string}"},"query-input":{"@type":"PropertyValueSpecification","valueRequired":true,"valueName":"search_term_string"}}],"inLanguage":"fr-FR"},{"@type":"Person","@id":"https:\/\/www.altercampagne.net\/#\/schema\/person\/fbfcdf491afe56e5a0cd7a078e8cf600","name":"Nanou","image":{"@type":"ImageObject","inLanguage":"fr-FR","@id":"https:\/\/secure.gravatar.com\/avatar\/a247ff5a87cd98960c60fc512382fa2b92e4caecc2011b4ef41fe0d592c271a7?s=96&d=mm&r=g","url":"https:\/\/secure.gravatar.com\/avatar\/a247ff5a87cd98960c60fc512382fa2b92e4caecc2011b4ef41fe0d592c271a7?s=96&d=mm&r=g","contentUrl":"https:\/\/secure.gravatar.com\/avatar\/a247ff5a87cd98960c60fc512382fa2b92e4caecc2011b4ef41fe0d592c271a7?s=96&d=mm&r=g","caption":"Nanou"},"url":"https:\/\/www.altercampagne.net\/?author=409"}]}},"_links":{"self":[{"href":"https:\/\/www.altercampagne.net\/index.php?rest_route=\/wp\/v2\/posts\/28339","targetHints":{"allow":["GET"]}}],"collection":[{"href":"https:\/\/www.altercampagne.net\/index.php?rest_route=\/wp\/v2\/posts"}],"about":[{"href":"https:\/\/www.altercampagne.net\/index.php?rest_route=\/wp\/v2\/types\/post"}],"author":[{"embeddable":true,"href":"https:\/\/www.altercampagne.net\/index.php?rest_route=\/wp\/v2\/users\/409"}],"replies":[{"embeddable":true,"href":"https:\/\/www.altercampagne.net\/index.php?rest_route=%2Fwp%2Fv2%2Fcomments&post=28339"}],"version-history":[{"count":3,"href":"https:\/\/www.altercampagne.net\/index.php?rest_route=\/wp\/v2\/posts\/28339\/revisions"}],"predecessor-version":[{"id":28350,"href":"https:\/\/www.altercampagne.net\/index.php?rest_route=\/wp\/v2\/posts\/28339\/revisions\/28350"}],"wp:featuredmedia":[{"embeddable":true,"href":"https:\/\/www.altercampagne.net\/index.php?rest_route=\/wp\/v2\/media\/28347"}],"wp:attachment":[{"href":"https:\/\/www.altercampagne.net\/index.php?rest_route=%2Fwp%2Fv2%2Fmedia&parent=28339"}],"wp:term":[{"taxonomy":"category","embeddable":true,"href":"https:\/\/www.altercampagne.net\/index.php?rest_route=%2Fwp%2Fv2%2Fcategories&post=28339"},{"taxonomy":"post_tag","embeddable":true,"href":"https:\/\/www.altercampagne.net\/index.php?rest_route=%2Fwp%2Fv2%2Ftags&post=28339"}],"curies":[{"name":"wp","href":"https:\/\/api.w.org\/{rel}","templated":true}]}}