{"id":28352,"date":"2024-06-14T11:08:09","date_gmt":"2024-06-14T09:08:09","guid":{"rendered":"https:\/\/www.altercampagne.net\/?p=28352"},"modified":"2024-06-14T11:08:11","modified_gmt":"2024-06-14T09:08:11","slug":"reperage-pour-le-before-et-lancement-du-tour","status":"publish","type":"post","link":"https:\/\/www.altercampagne.net\/?p=28352","title":{"rendered":"Rep\u00e9rage pour le Before et lancement du Tour"},"content":{"rendered":"\n<p>En mai, Ad\u00e9la\u00efde et moi sommes all\u00e9es \u00e0 la rencontre des premiers accueillants de l\u2019AlterTour 2024 et avons fait deux \u00e9tapes \u00e0 v\u00e9lo, pour tester les parcours. J\u2019adore ce moment o\u00f9 nous avons les accueillant.es pour nous toutes seules\u00a0!<\/p>\n\n\n\n<p>La premi\u00e8re visite fut pour le lieu o\u00f9 se tiendra le \u00ab\u00a0Before\u00a0\u00bb, c\u2019est l\u00e0 que nous passerons trois jours \u00e0 faire les derniers pr\u00e9paratifs et nous mettre dans l\u2019ambiance, \u00e0 Wissembourg, charmant bourg Alsacien, \u00e0 la fronti\u00e8re avec l\u2019Allemagne. Et le lieu du before tour est <strong>un \u00e9colieu franco-allemand<\/strong> le seul de cette esp\u00e8ce en France. Cr\u00e9\u00e9 au d\u00e9part par des retrait\u00e9s allemands, c&rsquo;est maintenant un lieu interg\u00e9n\u00e9rationnel avec beaucoup de couples mixtes et plein d&rsquo;enfants, l\u2019\u00e9colieu pourra accueillir une trentaine d\u2019habitant.es \u00e0 terme. Nous avons \u00e9t\u00e9 re\u00e7ues par Lo\u00efc qui nous a fait visiter le lieu\u00a0: un ch\u00e2teau au milieu d\u2019un vaste terrain comprenant for\u00eat et \u00e9tang. Les habitant.es y pratiquent de multiples activit\u00e9s de la permaculture \u00e0 la fabrication de pains d\u2019\u00e9pices vendus sur les march\u00e9s de No\u00ebl. On trouve sur le lieu une salle de spectacle, un atelier bois,.. etc. Les habitant.es vivent \u00e0 la fois dans certaines parties du ch\u00e2teau mais iels ont construit aussi des habitats l\u00e9gers sur le terrain autour du ch\u00e2teau\u00a0: des yourtes, des tiny houses et une maison en bois et paille sur 2 \u00e9tages est en construction. Nous avons d\u00een\u00e9 dans la grande salle de r\u00e9ception du ch\u00e2teau qui est devenue la salle commune \u00e0 tou.te.s les habitant.es et o\u00f9 l&rsquo;on parle fran\u00e7ais ou allemand. Nous avons pass\u00e9 une belle soir\u00e9e avec Lo\u00efc et Thibault sur la terrasse \u00e0 \u00e9changer de ce mode de vie autog\u00e9r\u00e9 franco-allemand unique en son genre et \u00e0 discuter de la f\u00eate qui sera organis\u00e9e le jeudi 11 juillet lors de la venue de l\u2019Alter Tour : Tartes flamb\u00e9es et concerts au programme !<\/p>\n\n\n\n<figure class=\"wp-block-image size-large is-resized\"><a href=\"https:\/\/www.altercampagne.net\/wp-content\/uploads\/2024\/06\/Wissembourg-scaled.jpg\"><img loading=\"lazy\" decoding=\"async\" width=\"768\" height=\"1024\" src=\"https:\/\/www.altercampagne.net\/wp-content\/uploads\/2024\/06\/Wissembourg-768x1024.jpg\" alt=\"\" class=\"wp-image-28354\" style=\"width:364px;height:auto\" srcset=\"https:\/\/www.altercampagne.net\/wp-content\/uploads\/2024\/06\/Wissembourg-768x1024.jpg 768w, https:\/\/www.altercampagne.net\/wp-content\/uploads\/2024\/06\/Wissembourg-225x300.jpg 225w, https:\/\/www.altercampagne.net\/wp-content\/uploads\/2024\/06\/Wissembourg-1152x1536.jpg 1152w, https:\/\/www.altercampagne.net\/wp-content\/uploads\/2024\/06\/Wissembourg-1536x2048.jpg 1536w, https:\/\/www.altercampagne.net\/wp-content\/uploads\/2024\/06\/Wissembourg-100x133.jpg 100w, https:\/\/www.altercampagne.net\/wp-content\/uploads\/2024\/06\/Wissembourg-862x1149.jpg 862w, https:\/\/www.altercampagne.net\/wp-content\/uploads\/2024\/06\/Wissembourg-1140x1520.jpg 1140w, https:\/\/www.altercampagne.net\/wp-content\/uploads\/2024\/06\/Wissembourg-scaled.jpg 1920w\" sizes=\"auto, (max-width: 768px) 100vw, 768px\" \/><\/a><\/figure>\n\n\n\n<p>Le lendemain nous nous \u00e9lan\u00e7ons pour la grande \u00e9tape de 65 km. Ad\u00e9la\u00efde nous avait trouv\u00e9 un super trajet qui se fait en bonne partie en Allemagne sur des pistes cyclables \u00e0 l&rsquo;allemande plates et avec des toilettes nickel dans la for\u00eat du Palatinat. Bien qu&rsquo;\u00e9tant \u00e0 la fronti\u00e8re, personne ne parle le Fran\u00e7ais donc nous avons d\u00fb nous d\u00e9brouiller avec nos souvenirs germaniques pour acheter nos bretzels et nos sandwichs \u201cWo gibt es eine B\u00e4kerei?\u201d. Il ne faisait pas beau, nous avons pique-niqu\u00e9 sous la pluie abrit\u00e9es dans un petit bois. La recherche du lieu de pique-nique pour la premi\u00e8re \u00e9tape de l&rsquo;Alter tour a \u00e9t\u00e9 cocasse. Nous avions pr\u00e9vu une halte au bord d&rsquo;un lac avec baignade, mais pour nous il ne fut plus question de baignade vu le temps gris et le froid et de toute fa\u00e7on la baignade est interdite, seulement autoris\u00e9e dans le camping et payante. D\u00e9ception de ce c\u00f4t\u00e9-l\u00e0 mais il y aura d\u2019autres baignades possibles sur le chemin !<\/p>\n\n\n\n<p>Nous sommes arriv\u00e9es chez nos deuxi\u00e8mes accueillants \u00e0 Meisenthal, o\u00f9 se tiendra <strong>le festival des IRE\u00e9ductibles<\/strong>\u00a0 au moment o\u00f9 nous viendrons avec l&rsquo;Alter tour.<\/p>\n\n\n\n<figure class=\"wp-block-image size-large is-resized\"><a href=\"https:\/\/www.altercampagne.net\/wp-content\/uploads\/2024\/06\/IMG_20240612_110325-scaled.jpg\"><img loading=\"lazy\" decoding=\"async\" width=\"572\" height=\"1024\" src=\"https:\/\/www.altercampagne.net\/wp-content\/uploads\/2024\/06\/IMG_20240612_110325-572x1024.jpg\" alt=\"\" class=\"wp-image-28353\" style=\"width:361px;height:auto\" srcset=\"https:\/\/www.altercampagne.net\/wp-content\/uploads\/2024\/06\/IMG_20240612_110325-572x1024.jpg 572w, https:\/\/www.altercampagne.net\/wp-content\/uploads\/2024\/06\/IMG_20240612_110325-167x300.jpg 167w, https:\/\/www.altercampagne.net\/wp-content\/uploads\/2024\/06\/IMG_20240612_110325-768x1376.jpg 768w, https:\/\/www.altercampagne.net\/wp-content\/uploads\/2024\/06\/IMG_20240612_110325-857x1536.jpg 857w, https:\/\/www.altercampagne.net\/wp-content\/uploads\/2024\/06\/IMG_20240612_110325-1143x2048.jpg 1143w, https:\/\/www.altercampagne.net\/wp-content\/uploads\/2024\/06\/IMG_20240612_110325-100x179.jpg 100w, https:\/\/www.altercampagne.net\/wp-content\/uploads\/2024\/06\/IMG_20240612_110325-862x1544.jpg 862w, https:\/\/www.altercampagne.net\/wp-content\/uploads\/2024\/06\/IMG_20240612_110325-1140x2043.jpg 1140w, https:\/\/www.altercampagne.net\/wp-content\/uploads\/2024\/06\/IMG_20240612_110325-scaled.jpg 1429w\" sizes=\"auto, (max-width: 572px) 100vw, 572px\" \/><\/a><\/figure>\n\n\n\n<p><strong>Le tiers-lieu ARToPie<\/strong> que nous a fait visiter Philippe est lui aussi un endroit tr\u00e8s singulier avec une salle de spectacle et de multiples activit\u00e9s qui \u00e9tonnent dans ce petit village. ARToPie accueille des artistes en r\u00e9sidence, une petite \u00e9picerie associative et de nombreux artisans ou simples habitant.es y ont leurs activit\u00e9s\u00a0: couture, vannerie, travail du bois, etc.\u00a0 Encore un dernier effort et nous sommes mont\u00e9es sur la colline o\u00f9 nous pourrons camper \u00e0 Soucht. le paysage est magnifique et le terrain super grand. Nous avons dormi dans le dortoir d\u2019ARTOPIE o\u00f9 habituellement il y a des musiciens en r\u00e9sidence mais l\u00e0 nous n\u2019\u00e9tions que toutes les deux. Le lendemain matin nous sommes reparties et avons pris un petit d\u00e9jeuner de bretzels dans un village un peu plus bas, puis nous avons roul\u00e9 en direction de Strasbourg sous le soleil cette fois.<\/p>\n\n\n\n<p>J&rsquo;\u00e9tais emball\u00e9e par ces rencontres, moi qui ne ferai pas les deux premi\u00e8res \u00e9tapes, la route est magnifique. Aussi j&rsquo;\u00e9tais contente d&rsquo;aider Ad\u00e9la\u00efde pour cette reconnaissance des accueillants et du parcours. Vous allez trouver ces 2 \u00e9tapes super ! Surtout avec la programmation engag\u00e9e, militante et festive des IREductible le samedi 13 juillet !<\/p>\n","protected":false},"excerpt":{"rendered":"<p>En mai, Ad\u00e9la\u00efde et moi sommes all\u00e9es \u00e0 la rencontre des premiers accueillants de l\u2019AlterTour 2024 et avons fait deux \u00e9tapes \u00e0 v\u00e9lo, pour tester les parcours. J\u2019adore ce moment o\u00f9 nous avons les accueillant.es pour nous toutes seules\u00a0! La premi\u00e8re visite fut pour le lieu o\u00f9 se tiendra le &#8230; <\/p>\n<div><a href=\"https:\/\/www.altercampagne.net\/?p=28352\" class=\"more-link\">Read More<\/a><\/div>\n","protected":false},"author":206,"featured_media":28354,"comment_status":"closed","ping_status":"closed","sticky":false,"template":"","format":"standard","meta":{"footnotes":""},"categories":[1],"tags":[3592,4452,4453],"class_list":["post-28352","post","type-post","status-publish","format-standard","has-post-thumbnail","hentry","category-non-classe","tag-alsace","tag-edition-2024","tag-reperage"],"yoast_head":"<!-- This site is optimized with the Yoast SEO plugin v27.3 - https:\/\/yoast.com\/product\/yoast-seo-wordpress\/ -->\n<title>Rep\u00e9rage pour le Before et lancement du Tour - AlterTour<\/title>\n<meta name=\"robots\" content=\"index, follow, max-snippet:-1, max-image-preview:large, max-video-preview:-1\" \/>\n<link rel=\"canonical\" href=\"https:\/\/www.altercampagne.net\/?p=28352\" \/>\n<meta property=\"og:locale\" content=\"fr_FR\" \/>\n<meta property=\"og:type\" content=\"article\" \/>\n<meta property=\"og:title\" content=\"Rep\u00e9rage pour le Before et lancement du Tour - AlterTour\" \/>\n<meta property=\"og:description\" content=\"En mai, Ad\u00e9la\u00efde et moi sommes all\u00e9es \u00e0 la rencontre des premiers accueillants de l\u2019AlterTour 2024 et avons fait deux \u00e9tapes \u00e0 v\u00e9lo, pour tester les parcours. J\u2019adore ce moment o\u00f9 nous avons les accueillant.es pour nous toutes seules\u00a0! La premi\u00e8re visite fut pour le lieu o\u00f9 se tiendra le ... Read More\" \/>\n<meta property=\"og:url\" content=\"https:\/\/www.altercampagne.net\/?p=28352\" \/>\n<meta property=\"og:site_name\" content=\"AlterTour\" \/>\n<meta property=\"article:published_time\" content=\"2024-06-14T09:08:09+00:00\" \/>\n<meta property=\"article:modified_time\" content=\"2024-06-14T09:08:11+00:00\" \/>\n<meta property=\"og:image\" content=\"https:\/\/www.altercampagne.net\/wp-content\/uploads\/2024\/06\/Wissembourg-scaled.jpg\" \/>\n\t<meta property=\"og:image:width\" content=\"1920\" \/>\n\t<meta property=\"og:image:height\" content=\"2560\" \/>\n\t<meta property=\"og:image:type\" content=\"image\/jpeg\" \/>\n<meta name=\"author\" content=\"Sylvie F\" \/>\n<meta name=\"twitter:card\" content=\"summary_large_image\" \/>\n<meta name=\"twitter:label1\" content=\"\u00c9crit par\" \/>\n\t<meta name=\"twitter:data1\" content=\"Sylvie F\" \/>\n\t<meta name=\"twitter:label2\" content=\"Dur\u00e9e de lecture estim\u00e9e\" \/>\n\t<meta name=\"twitter:data2\" content=\"5 minutes\" \/>\n<script type=\"application\/ld+json\" class=\"yoast-schema-graph\">{\"@context\":\"https:\\\/\\\/schema.org\",\"@graph\":[{\"@type\":\"Article\",\"@id\":\"https:\\\/\\\/www.altercampagne.net\\\/?p=28352#article\",\"isPartOf\":{\"@id\":\"https:\\\/\\\/www.altercampagne.net\\\/?p=28352\"},\"author\":{\"name\":\"Sylvie F\",\"@id\":\"https:\\\/\\\/www.altercampagne.net\\\/#\\\/schema\\\/person\\\/fad5b6595876359c96e756d4d478f820\"},\"headline\":\"Rep\u00e9rage pour le Before et lancement du Tour\",\"datePublished\":\"2024-06-14T09:08:09+00:00\",\"dateModified\":\"2024-06-14T09:08:11+00:00\",\"mainEntityOfPage\":{\"@id\":\"https:\\\/\\\/www.altercampagne.net\\\/?p=28352\"},\"wordCount\":771,\"image\":{\"@id\":\"https:\\\/\\\/www.altercampagne.net\\\/?p=28352#primaryimage\"},\"thumbnailUrl\":\"https:\\\/\\\/www.altercampagne.net\\\/wp-content\\\/uploads\\\/2024\\\/06\\\/Wissembourg-scaled.jpg\",\"keywords\":[\"Alsace\",\"Edition 2024\",\"Rep\u00e9rage\"],\"inLanguage\":\"fr-FR\"},{\"@type\":\"WebPage\",\"@id\":\"https:\\\/\\\/www.altercampagne.net\\\/?p=28352\",\"url\":\"https:\\\/\\\/www.altercampagne.net\\\/?p=28352\",\"name\":\"Rep\u00e9rage pour le Before et lancement du Tour - AlterTour\",\"isPartOf\":{\"@id\":\"https:\\\/\\\/www.altercampagne.net\\\/#website\"},\"primaryImageOfPage\":{\"@id\":\"https:\\\/\\\/www.altercampagne.net\\\/?p=28352#primaryimage\"},\"image\":{\"@id\":\"https:\\\/\\\/www.altercampagne.net\\\/?p=28352#primaryimage\"},\"thumbnailUrl\":\"https:\\\/\\\/www.altercampagne.net\\\/wp-content\\\/uploads\\\/2024\\\/06\\\/Wissembourg-scaled.jpg\",\"datePublished\":\"2024-06-14T09:08:09+00:00\",\"dateModified\":\"2024-06-14T09:08:11+00:00\",\"author\":{\"@id\":\"https:\\\/\\\/www.altercampagne.net\\\/#\\\/schema\\\/person\\\/fad5b6595876359c96e756d4d478f820\"},\"breadcrumb\":{\"@id\":\"https:\\\/\\\/www.altercampagne.net\\\/?p=28352#breadcrumb\"},\"inLanguage\":\"fr-FR\",\"potentialAction\":[{\"@type\":\"ReadAction\",\"target\":[\"https:\\\/\\\/www.altercampagne.net\\\/?p=28352\"]}]},{\"@type\":\"ImageObject\",\"inLanguage\":\"fr-FR\",\"@id\":\"https:\\\/\\\/www.altercampagne.net\\\/?p=28352#primaryimage\",\"url\":\"https:\\\/\\\/www.altercampagne.net\\\/wp-content\\\/uploads\\\/2024\\\/06\\\/Wissembourg-scaled.jpg\",\"contentUrl\":\"https:\\\/\\\/www.altercampagne.net\\\/wp-content\\\/uploads\\\/2024\\\/06\\\/Wissembourg-scaled.jpg\",\"width\":1920,\"height\":2560},{\"@type\":\"BreadcrumbList\",\"@id\":\"https:\\\/\\\/www.altercampagne.net\\\/?p=28352#breadcrumb\",\"itemListElement\":[{\"@type\":\"ListItem\",\"position\":1,\"name\":\"Accueil\",\"item\":\"https:\\\/\\\/www.altercampagne.net\\\/\"},{\"@type\":\"ListItem\",\"position\":2,\"name\":\"Rep\u00e9rage pour le Before et lancement du Tour\"}]},{\"@type\":\"WebSite\",\"@id\":\"https:\\\/\\\/www.altercampagne.net\\\/#website\",\"url\":\"https:\\\/\\\/www.altercampagne.net\\\/\",\"name\":\"AlterTour\",\"description\":\"Reliez les Alternatives \u00e0 v\u00e9lo\",\"potentialAction\":[{\"@type\":\"SearchAction\",\"target\":{\"@type\":\"EntryPoint\",\"urlTemplate\":\"https:\\\/\\\/www.altercampagne.net\\\/?s={search_term_string}\"},\"query-input\":{\"@type\":\"PropertyValueSpecification\",\"valueRequired\":true,\"valueName\":\"search_term_string\"}}],\"inLanguage\":\"fr-FR\"},{\"@type\":\"Person\",\"@id\":\"https:\\\/\\\/www.altercampagne.net\\\/#\\\/schema\\\/person\\\/fad5b6595876359c96e756d4d478f820\",\"name\":\"Sylvie F\",\"image\":{\"@type\":\"ImageObject\",\"inLanguage\":\"fr-FR\",\"@id\":\"https:\\\/\\\/secure.gravatar.com\\\/avatar\\\/16b2d5f6a1293ef16eadfdd15315bab8d4a87db50333f39a9b9b7a1b269a713f?s=96&d=mm&r=g\",\"url\":\"https:\\\/\\\/secure.gravatar.com\\\/avatar\\\/16b2d5f6a1293ef16eadfdd15315bab8d4a87db50333f39a9b9b7a1b269a713f?s=96&d=mm&r=g\",\"contentUrl\":\"https:\\\/\\\/secure.gravatar.com\\\/avatar\\\/16b2d5f6a1293ef16eadfdd15315bab8d4a87db50333f39a9b9b7a1b269a713f?s=96&d=mm&r=g\",\"caption\":\"Sylvie F\"},\"url\":\"https:\\\/\\\/www.altercampagne.net\\\/?author=206\"}]}<\/script>\n<!-- \/ Yoast SEO plugin. -->","yoast_head_json":{"title":"Rep\u00e9rage pour le Before et lancement du Tour - AlterTour","robots":{"index":"index","follow":"follow","max-snippet":"max-snippet:-1","max-image-preview":"max-image-preview:large","max-video-preview":"max-video-preview:-1"},"canonical":"https:\/\/www.altercampagne.net\/?p=28352","og_locale":"fr_FR","og_type":"article","og_title":"Rep\u00e9rage pour le Before et lancement du Tour - AlterTour","og_description":"En mai, Ad\u00e9la\u00efde et moi sommes all\u00e9es \u00e0 la rencontre des premiers accueillants de l\u2019AlterTour 2024 et avons fait deux \u00e9tapes \u00e0 v\u00e9lo, pour tester les parcours. J\u2019adore ce moment o\u00f9 nous avons les accueillant.es pour nous toutes seules\u00a0! La premi\u00e8re visite fut pour le lieu o\u00f9 se tiendra le ... Read More","og_url":"https:\/\/www.altercampagne.net\/?p=28352","og_site_name":"AlterTour","article_published_time":"2024-06-14T09:08:09+00:00","article_modified_time":"2024-06-14T09:08:11+00:00","og_image":[{"width":1920,"height":2560,"url":"https:\/\/www.altercampagne.net\/wp-content\/uploads\/2024\/06\/Wissembourg-scaled.jpg","type":"image\/jpeg"}],"author":"Sylvie F","twitter_card":"summary_large_image","twitter_misc":{"\u00c9crit par":"Sylvie F","Dur\u00e9e de lecture estim\u00e9e":"5 minutes"},"schema":{"@context":"https:\/\/schema.org","@graph":[{"@type":"Article","@id":"https:\/\/www.altercampagne.net\/?p=28352#article","isPartOf":{"@id":"https:\/\/www.altercampagne.net\/?p=28352"},"author":{"name":"Sylvie F","@id":"https:\/\/www.altercampagne.net\/#\/schema\/person\/fad5b6595876359c96e756d4d478f820"},"headline":"Rep\u00e9rage pour le Before et lancement du Tour","datePublished":"2024-06-14T09:08:09+00:00","dateModified":"2024-06-14T09:08:11+00:00","mainEntityOfPage":{"@id":"https:\/\/www.altercampagne.net\/?p=28352"},"wordCount":771,"image":{"@id":"https:\/\/www.altercampagne.net\/?p=28352#primaryimage"},"thumbnailUrl":"https:\/\/www.altercampagne.net\/wp-content\/uploads\/2024\/06\/Wissembourg-scaled.jpg","keywords":["Alsace","Edition 2024","Rep\u00e9rage"],"inLanguage":"fr-FR"},{"@type":"WebPage","@id":"https:\/\/www.altercampagne.net\/?p=28352","url":"https:\/\/www.altercampagne.net\/?p=28352","name":"Rep\u00e9rage pour le Before et lancement du Tour - AlterTour","isPartOf":{"@id":"https:\/\/www.altercampagne.net\/#website"},"primaryImageOfPage":{"@id":"https:\/\/www.altercampagne.net\/?p=28352#primaryimage"},"image":{"@id":"https:\/\/www.altercampagne.net\/?p=28352#primaryimage"},"thumbnailUrl":"https:\/\/www.altercampagne.net\/wp-content\/uploads\/2024\/06\/Wissembourg-scaled.jpg","datePublished":"2024-06-14T09:08:09+00:00","dateModified":"2024-06-14T09:08:11+00:00","author":{"@id":"https:\/\/www.altercampagne.net\/#\/schema\/person\/fad5b6595876359c96e756d4d478f820"},"breadcrumb":{"@id":"https:\/\/www.altercampagne.net\/?p=28352#breadcrumb"},"inLanguage":"fr-FR","potentialAction":[{"@type":"ReadAction","target":["https:\/\/www.altercampagne.net\/?p=28352"]}]},{"@type":"ImageObject","inLanguage":"fr-FR","@id":"https:\/\/www.altercampagne.net\/?p=28352#primaryimage","url":"https:\/\/www.altercampagne.net\/wp-content\/uploads\/2024\/06\/Wissembourg-scaled.jpg","contentUrl":"https:\/\/www.altercampagne.net\/wp-content\/uploads\/2024\/06\/Wissembourg-scaled.jpg","width":1920,"height":2560},{"@type":"BreadcrumbList","@id":"https:\/\/www.altercampagne.net\/?p=28352#breadcrumb","itemListElement":[{"@type":"ListItem","position":1,"name":"Accueil","item":"https:\/\/www.altercampagne.net\/"},{"@type":"ListItem","position":2,"name":"Rep\u00e9rage pour le Before et lancement du Tour"}]},{"@type":"WebSite","@id":"https:\/\/www.altercampagne.net\/#website","url":"https:\/\/www.altercampagne.net\/","name":"AlterTour","description":"Reliez les Alternatives \u00e0 v\u00e9lo","potentialAction":[{"@type":"SearchAction","target":{"@type":"EntryPoint","urlTemplate":"https:\/\/www.altercampagne.net\/?s={search_term_string}"},"query-input":{"@type":"PropertyValueSpecification","valueRequired":true,"valueName":"search_term_string"}}],"inLanguage":"fr-FR"},{"@type":"Person","@id":"https:\/\/www.altercampagne.net\/#\/schema\/person\/fad5b6595876359c96e756d4d478f820","name":"Sylvie F","image":{"@type":"ImageObject","inLanguage":"fr-FR","@id":"https:\/\/secure.gravatar.com\/avatar\/16b2d5f6a1293ef16eadfdd15315bab8d4a87db50333f39a9b9b7a1b269a713f?s=96&d=mm&r=g","url":"https:\/\/secure.gravatar.com\/avatar\/16b2d5f6a1293ef16eadfdd15315bab8d4a87db50333f39a9b9b7a1b269a713f?s=96&d=mm&r=g","contentUrl":"https:\/\/secure.gravatar.com\/avatar\/16b2d5f6a1293ef16eadfdd15315bab8d4a87db50333f39a9b9b7a1b269a713f?s=96&d=mm&r=g","caption":"Sylvie F"},"url":"https:\/\/www.altercampagne.net\/?author=206"}]}},"_links":{"self":[{"href":"https:\/\/www.altercampagne.net\/index.php?rest_route=\/wp\/v2\/posts\/28352","targetHints":{"allow":["GET"]}}],"collection":[{"href":"https:\/\/www.altercampagne.net\/index.php?rest_route=\/wp\/v2\/posts"}],"about":[{"href":"https:\/\/www.altercampagne.net\/index.php?rest_route=\/wp\/v2\/types\/post"}],"author":[{"embeddable":true,"href":"https:\/\/www.altercampagne.net\/index.php?rest_route=\/wp\/v2\/users\/206"}],"replies":[{"embeddable":true,"href":"https:\/\/www.altercampagne.net\/index.php?rest_route=%2Fwp%2Fv2%2Fcomments&post=28352"}],"version-history":[{"count":1,"href":"https:\/\/www.altercampagne.net\/index.php?rest_route=\/wp\/v2\/posts\/28352\/revisions"}],"predecessor-version":[{"id":28355,"href":"https:\/\/www.altercampagne.net\/index.php?rest_route=\/wp\/v2\/posts\/28352\/revisions\/28355"}],"wp:featuredmedia":[{"embeddable":true,"href":"https:\/\/www.altercampagne.net\/index.php?rest_route=\/wp\/v2\/media\/28354"}],"wp:attachment":[{"href":"https:\/\/www.altercampagne.net\/index.php?rest_route=%2Fwp%2Fv2%2Fmedia&parent=28352"}],"wp:term":[{"taxonomy":"category","embeddable":true,"href":"https:\/\/www.altercampagne.net\/index.php?rest_route=%2Fwp%2Fv2%2Fcategories&post=28352"},{"taxonomy":"post_tag","embeddable":true,"href":"https:\/\/www.altercampagne.net\/index.php?rest_route=%2Fwp%2Fv2%2Ftags&post=28352"}],"curies":[{"name":"wp","href":"https:\/\/api.w.org\/{rel}","templated":true}]}}