{"id":28374,"date":"2024-07-13T14:04:25","date_gmt":"2024-07-13T12:04:25","guid":{"rendered":"https:\/\/www.altercampagne.net\/?p=28374"},"modified":"2024-07-30T21:36:50","modified_gmt":"2024-07-30T19:36:50","slug":"la-vallee-des-mesanges-artopie","status":"publish","type":"post","link":"https:\/\/www.altercampagne.net\/?p=28374","title":{"rendered":"La Vall\u00e9e des M\u00e9sanges &amp; Artopie"},"content":{"rendered":"\n<h5 class=\"wp-block-heading\"><strong>Meisenthal (la vall\u00e9e des m\u00e9sanges donc) en Moselle est un petit village&nbsp;marqu\u00e9 par l&rsquo;activit\u00e9 industrielle verri\u00e8re de la r\u00e9gion.<\/strong><\/h5>\n\n\n\n<p><a href=\"http:\/\/www.artopie-meisenthal.org\/templates\/templateArtopie\/pages\/index.php\"><strong>Artopie<\/strong><\/a> <strong>est une&nbsp;association d&rsquo;\u00e9ducation populaire<\/strong> qui existe depuis 23 ans est&nbsp;d&rsquo;ailleurs install\u00e9e dans une ancienne orf\u00e8vrerie (Manulor). Aujourd&rsquo;hui&nbsp;c&rsquo;est un <strong>lieu culturel<\/strong> o\u00f9 se m\u00e9langent concerts, pi\u00e8ces de th\u00e9\u00e2tres,&nbsp;expositions artistiques, r\u00e9sidences d&rsquo;artistes, mais aussi atelier&nbsp;couture, fabrication de bi\u00e8re, une petite \u00e9picerie et un march\u00e9&nbsp;hebdomadaire qui permet de faire le lien avec les habitants du village.&nbsp;C&rsquo;est une association qui <strong>fonctionne en coll\u00e9giale et sans salari\u00e9s<\/strong>,&nbsp;comme un certain Altertour ;).<\/p>\n\n\n\n<p>Pour la 3\u00e8me \u00e9dition, un festival \u00e9tait organis\u00e9 avec <a href=\"https:\/\/extinctionrebellion.fr\/branches\/strasbourg\/\">XR Strasbourg<\/a> (Extinction Rebellion) : <strong>les Ir\u00e9ductibles ou Ir\u00e9s<\/strong> (Intenses R\u00e9flexions&nbsp;Engag\u00e9s). N\u00e9 d&rsquo;une envie de <strong>lier militant des villes et des campagnes<\/strong>,&nbsp;ce festival propose durant une semaine des conf\u00e9rences, formations,&nbsp;ateliers et des concerts.<\/p>\n\n\n<div class=\"wp-block-image\">\n<figure class=\"aligncenter size-large is-resized\"><a href=\"https:\/\/www.altercampagne.net\/wp-content\/uploads\/2024\/07\/241707_Artopie_01-scaled.jpg\"><img loading=\"lazy\" decoding=\"async\" width=\"1024\" height=\"669\" src=\"https:\/\/www.altercampagne.net\/wp-content\/uploads\/2024\/07\/241707_Artopie_01-1024x669.jpg\" alt=\"\" class=\"wp-image-28375\" style=\"width:531px;height:auto\" srcset=\"https:\/\/www.altercampagne.net\/wp-content\/uploads\/2024\/07\/241707_Artopie_01-1024x669.jpg 1024w, https:\/\/www.altercampagne.net\/wp-content\/uploads\/2024\/07\/241707_Artopie_01-300x196.jpg 300w, https:\/\/www.altercampagne.net\/wp-content\/uploads\/2024\/07\/241707_Artopie_01-768x501.jpg 768w, https:\/\/www.altercampagne.net\/wp-content\/uploads\/2024\/07\/241707_Artopie_01-1536x1003.jpg 1536w, https:\/\/www.altercampagne.net\/wp-content\/uploads\/2024\/07\/241707_Artopie_01-2048x1337.jpg 2048w, https:\/\/www.altercampagne.net\/wp-content\/uploads\/2024\/07\/241707_Artopie_01-100x65.jpg 100w, https:\/\/www.altercampagne.net\/wp-content\/uploads\/2024\/07\/241707_Artopie_01-862x563.jpg 862w, https:\/\/www.altercampagne.net\/wp-content\/uploads\/2024\/07\/241707_Artopie_01-1140x744.jpg 1140w\" sizes=\"auto, (max-width: 1024px) 100vw, 1024px\" \/><\/a><\/figure>\n<\/div>\n\n\n<p>Nous sommes arriv\u00e9s le dernier jour du festival et apr\u00e8s une visite du&nbsp;lieu, nous avons pu <strong>assister \u00e0 une conf\u00e9rence sur l&rsquo;exp\u00e9rience militante&nbsp;du GCO<\/strong> (Grand contournement Ouest, projet routier de contournement de&nbsp;Strasbourg qui s&rsquo;est construit malgr\u00e9 une r\u00e9sistance locale et la&nbsp;cr\u00e9ation d&rsquo;une petite ZAD sur le trac\u00e9) et danser lors d&rsquo;un concert le&nbsp;soir.<\/p>\n\n\n\n\n\n<p>Presque toutes les conf\u00e9rences de la semaine seront \u00e0 retrouver sur le&nbsp;site d&rsquo;Artopie car <strong>une radio retransmettait et enregistrait les&nbsp;interventions<\/strong>.<\/p>\n\n\n\n<p><strong>Bonne \u00e9coute et merci aux Ir\u00e9ductibles pour l&rsquo;accueil.<\/strong><\/p>\n\n\n\n<p>Julie C.<\/p>\n","protected":false},"excerpt":{"rendered":"<p>Meisenthal (la vall\u00e9e des m\u00e9sanges donc) en Moselle est un petit village&nbsp;marqu\u00e9 par l&rsquo;activit\u00e9 industrielle verri\u00e8re de la r\u00e9gion. Artopie est une&nbsp;association d&rsquo;\u00e9ducation populaire qui existe depuis 23 ans est&nbsp;d&rsquo;ailleurs install\u00e9e dans une ancienne orf\u00e8vrerie (Manulor). Aujourd&rsquo;hui&nbsp;c&rsquo;est un lieu culturel o\u00f9 se m\u00e9langent concerts, pi\u00e8ces de th\u00e9\u00e2tres,&nbsp;expositions artistiques, r\u00e9sidences d&rsquo;artistes, &#8230; <\/p>\n<div><a href=\"https:\/\/www.altercampagne.net\/?p=28374\" class=\"more-link\">Read More<\/a><\/div>\n","protected":false},"author":215,"featured_media":28409,"comment_status":"closed","ping_status":"closed","sticky":false,"template":"","format":"standard","meta":{"footnotes":""},"categories":[4313,4449,3490,3475,3938,3486,3542,3540],"tags":[],"class_list":["post-28374","post","type-post","status-publish","format-standard","has-post-thumbnail","hentry","category-altertour","category-edition-2024","category-culture","category-grand-est","category-education","category-environnement","category-lutte","category-transverse"],"yoast_head":"<!-- This site is optimized with the Yoast SEO plugin v27.3 - https:\/\/yoast.com\/product\/yoast-seo-wordpress\/ -->\n<title>La Vall\u00e9e des M\u00e9sanges &amp; Artopie - AlterTour<\/title>\n<meta name=\"robots\" content=\"index, follow, max-snippet:-1, max-image-preview:large, max-video-preview:-1\" \/>\n<link rel=\"canonical\" href=\"https:\/\/www.altercampagne.net\/?p=28374\" \/>\n<meta property=\"og:locale\" content=\"fr_FR\" \/>\n<meta property=\"og:type\" content=\"article\" \/>\n<meta property=\"og:title\" content=\"La Vall\u00e9e des M\u00e9sanges &amp; Artopie - AlterTour\" \/>\n<meta property=\"og:description\" content=\"Meisenthal (la vall\u00e9e des m\u00e9sanges donc) en Moselle est un petit village&nbsp;marqu\u00e9 par l&rsquo;activit\u00e9 industrielle verri\u00e8re de la r\u00e9gion. Artopie est une&nbsp;association d&rsquo;\u00e9ducation populaire qui existe depuis 23 ans est&nbsp;d&rsquo;ailleurs install\u00e9e dans une ancienne orf\u00e8vrerie (Manulor). Aujourd&rsquo;hui&nbsp;c&rsquo;est un lieu culturel o\u00f9 se m\u00e9langent concerts, pi\u00e8ces de th\u00e9\u00e2tres,&nbsp;expositions artistiques, r\u00e9sidences d&rsquo;artistes, ... Read More\" \/>\n<meta property=\"og:url\" content=\"https:\/\/www.altercampagne.net\/?p=28374\" \/>\n<meta property=\"og:site_name\" content=\"AlterTour\" \/>\n<meta property=\"article:published_time\" content=\"2024-07-13T12:04:25+00:00\" \/>\n<meta property=\"article:modified_time\" content=\"2024-07-30T19:36:50+00:00\" \/>\n<meta property=\"og:image\" content=\"https:\/\/www.altercampagne.net\/wp-content\/uploads\/2024\/07\/image.png-1-scaled.jpg\" \/>\n\t<meta property=\"og:image:width\" content=\"2560\" \/>\n\t<meta property=\"og:image:height\" content=\"1920\" \/>\n\t<meta property=\"og:image:type\" content=\"image\/jpeg\" \/>\n<meta name=\"author\" content=\"AlterTour\" \/>\n<meta name=\"twitter:card\" content=\"summary_large_image\" \/>\n<meta name=\"twitter:label1\" content=\"\u00c9crit par\" \/>\n\t<meta name=\"twitter:data1\" content=\"AlterTour\" \/>\n\t<meta name=\"twitter:label2\" content=\"Dur\u00e9e de lecture estim\u00e9e\" \/>\n\t<meta name=\"twitter:data2\" content=\"2 minutes\" \/>\n<script type=\"application\/ld+json\" class=\"yoast-schema-graph\">{\"@context\":\"https:\\\/\\\/schema.org\",\"@graph\":[{\"@type\":\"Article\",\"@id\":\"https:\\\/\\\/www.altercampagne.net\\\/?p=28374#article\",\"isPartOf\":{\"@id\":\"https:\\\/\\\/www.altercampagne.net\\\/?p=28374\"},\"author\":{\"name\":\"AlterTour\",\"@id\":\"https:\\\/\\\/www.altercampagne.net\\\/#\\\/schema\\\/person\\\/e5b68c803196f649c2152249d262d94a\"},\"headline\":\"La Vall\u00e9e des M\u00e9sanges &amp; Artopie\",\"datePublished\":\"2024-07-13T12:04:25+00:00\",\"dateModified\":\"2024-07-30T19:36:50+00:00\",\"mainEntityOfPage\":{\"@id\":\"https:\\\/\\\/www.altercampagne.net\\\/?p=28374\"},\"wordCount\":292,\"image\":{\"@id\":\"https:\\\/\\\/www.altercampagne.net\\\/?p=28374#primaryimage\"},\"thumbnailUrl\":\"https:\\\/\\\/www.altercampagne.net\\\/wp-content\\\/uploads\\\/2024\\\/07\\\/image.png-1-scaled.jpg\",\"articleSection\":[\"AlterTour\",\"\u00c9dition 2024\",\"Culture\",\"Grand Est\",\"Education\",\"Environnement\",\"Lutte\",\"Transverse\"],\"inLanguage\":\"fr-FR\"},{\"@type\":\"WebPage\",\"@id\":\"https:\\\/\\\/www.altercampagne.net\\\/?p=28374\",\"url\":\"https:\\\/\\\/www.altercampagne.net\\\/?p=28374\",\"name\":\"La Vall\u00e9e des M\u00e9sanges &amp; Artopie - AlterTour\",\"isPartOf\":{\"@id\":\"https:\\\/\\\/www.altercampagne.net\\\/#website\"},\"primaryImageOfPage\":{\"@id\":\"https:\\\/\\\/www.altercampagne.net\\\/?p=28374#primaryimage\"},\"image\":{\"@id\":\"https:\\\/\\\/www.altercampagne.net\\\/?p=28374#primaryimage\"},\"thumbnailUrl\":\"https:\\\/\\\/www.altercampagne.net\\\/wp-content\\\/uploads\\\/2024\\\/07\\\/image.png-1-scaled.jpg\",\"datePublished\":\"2024-07-13T12:04:25+00:00\",\"dateModified\":\"2024-07-30T19:36:50+00:00\",\"author\":{\"@id\":\"https:\\\/\\\/www.altercampagne.net\\\/#\\\/schema\\\/person\\\/e5b68c803196f649c2152249d262d94a\"},\"breadcrumb\":{\"@id\":\"https:\\\/\\\/www.altercampagne.net\\\/?p=28374#breadcrumb\"},\"inLanguage\":\"fr-FR\",\"potentialAction\":[{\"@type\":\"ReadAction\",\"target\":[\"https:\\\/\\\/www.altercampagne.net\\\/?p=28374\"]}]},{\"@type\":\"ImageObject\",\"inLanguage\":\"fr-FR\",\"@id\":\"https:\\\/\\\/www.altercampagne.net\\\/?p=28374#primaryimage\",\"url\":\"https:\\\/\\\/www.altercampagne.net\\\/wp-content\\\/uploads\\\/2024\\\/07\\\/image.png-1-scaled.jpg\",\"contentUrl\":\"https:\\\/\\\/www.altercampagne.net\\\/wp-content\\\/uploads\\\/2024\\\/07\\\/image.png-1-scaled.jpg\",\"width\":2560,\"height\":1920},{\"@type\":\"BreadcrumbList\",\"@id\":\"https:\\\/\\\/www.altercampagne.net\\\/?p=28374#breadcrumb\",\"itemListElement\":[{\"@type\":\"ListItem\",\"position\":1,\"name\":\"Accueil\",\"item\":\"https:\\\/\\\/www.altercampagne.net\\\/\"},{\"@type\":\"ListItem\",\"position\":2,\"name\":\"La Vall\u00e9e des M\u00e9sanges &amp; Artopie\"}]},{\"@type\":\"WebSite\",\"@id\":\"https:\\\/\\\/www.altercampagne.net\\\/#website\",\"url\":\"https:\\\/\\\/www.altercampagne.net\\\/\",\"name\":\"AlterTour\",\"description\":\"Reliez les Alternatives \u00e0 v\u00e9lo\",\"potentialAction\":[{\"@type\":\"SearchAction\",\"target\":{\"@type\":\"EntryPoint\",\"urlTemplate\":\"https:\\\/\\\/www.altercampagne.net\\\/?s={search_term_string}\"},\"query-input\":{\"@type\":\"PropertyValueSpecification\",\"valueRequired\":true,\"valueName\":\"search_term_string\"}}],\"inLanguage\":\"fr-FR\"},{\"@type\":\"Person\",\"@id\":\"https:\\\/\\\/www.altercampagne.net\\\/#\\\/schema\\\/person\\\/e5b68c803196f649c2152249d262d94a\",\"name\":\"AlterTour\",\"image\":{\"@type\":\"ImageObject\",\"inLanguage\":\"fr-FR\",\"@id\":\"https:\\\/\\\/secure.gravatar.com\\\/avatar\\\/3f2ed77f8506b8ea264ad5938bb0114bfa10f35b64086a66dfbb6e9f58ad9693?s=96&d=mm&r=g\",\"url\":\"https:\\\/\\\/secure.gravatar.com\\\/avatar\\\/3f2ed77f8506b8ea264ad5938bb0114bfa10f35b64086a66dfbb6e9f58ad9693?s=96&d=mm&r=g\",\"contentUrl\":\"https:\\\/\\\/secure.gravatar.com\\\/avatar\\\/3f2ed77f8506b8ea264ad5938bb0114bfa10f35b64086a66dfbb6e9f58ad9693?s=96&d=mm&r=g\",\"caption\":\"AlterTour\"},\"url\":\"https:\\\/\\\/www.altercampagne.net\\\/?author=215\"}]}<\/script>\n<!-- \/ Yoast SEO plugin. -->","yoast_head_json":{"title":"La Vall\u00e9e des M\u00e9sanges &amp; Artopie - AlterTour","robots":{"index":"index","follow":"follow","max-snippet":"max-snippet:-1","max-image-preview":"max-image-preview:large","max-video-preview":"max-video-preview:-1"},"canonical":"https:\/\/www.altercampagne.net\/?p=28374","og_locale":"fr_FR","og_type":"article","og_title":"La Vall\u00e9e des M\u00e9sanges &amp; Artopie - AlterTour","og_description":"Meisenthal (la vall\u00e9e des m\u00e9sanges donc) en Moselle est un petit village&nbsp;marqu\u00e9 par l&rsquo;activit\u00e9 industrielle verri\u00e8re de la r\u00e9gion. Artopie est une&nbsp;association d&rsquo;\u00e9ducation populaire qui existe depuis 23 ans est&nbsp;d&rsquo;ailleurs install\u00e9e dans une ancienne orf\u00e8vrerie (Manulor). Aujourd&rsquo;hui&nbsp;c&rsquo;est un lieu culturel o\u00f9 se m\u00e9langent concerts, pi\u00e8ces de th\u00e9\u00e2tres,&nbsp;expositions artistiques, r\u00e9sidences d&rsquo;artistes, ... Read More","og_url":"https:\/\/www.altercampagne.net\/?p=28374","og_site_name":"AlterTour","article_published_time":"2024-07-13T12:04:25+00:00","article_modified_time":"2024-07-30T19:36:50+00:00","og_image":[{"width":2560,"height":1920,"url":"https:\/\/www.altercampagne.net\/wp-content\/uploads\/2024\/07\/image.png-1-scaled.jpg","type":"image\/jpeg"}],"author":"AlterTour","twitter_card":"summary_large_image","twitter_misc":{"\u00c9crit par":"AlterTour","Dur\u00e9e de lecture estim\u00e9e":"2 minutes"},"schema":{"@context":"https:\/\/schema.org","@graph":[{"@type":"Article","@id":"https:\/\/www.altercampagne.net\/?p=28374#article","isPartOf":{"@id":"https:\/\/www.altercampagne.net\/?p=28374"},"author":{"name":"AlterTour","@id":"https:\/\/www.altercampagne.net\/#\/schema\/person\/e5b68c803196f649c2152249d262d94a"},"headline":"La Vall\u00e9e des M\u00e9sanges &amp; Artopie","datePublished":"2024-07-13T12:04:25+00:00","dateModified":"2024-07-30T19:36:50+00:00","mainEntityOfPage":{"@id":"https:\/\/www.altercampagne.net\/?p=28374"},"wordCount":292,"image":{"@id":"https:\/\/www.altercampagne.net\/?p=28374#primaryimage"},"thumbnailUrl":"https:\/\/www.altercampagne.net\/wp-content\/uploads\/2024\/07\/image.png-1-scaled.jpg","articleSection":["AlterTour","\u00c9dition 2024","Culture","Grand Est","Education","Environnement","Lutte","Transverse"],"inLanguage":"fr-FR"},{"@type":"WebPage","@id":"https:\/\/www.altercampagne.net\/?p=28374","url":"https:\/\/www.altercampagne.net\/?p=28374","name":"La Vall\u00e9e des M\u00e9sanges &amp; Artopie - AlterTour","isPartOf":{"@id":"https:\/\/www.altercampagne.net\/#website"},"primaryImageOfPage":{"@id":"https:\/\/www.altercampagne.net\/?p=28374#primaryimage"},"image":{"@id":"https:\/\/www.altercampagne.net\/?p=28374#primaryimage"},"thumbnailUrl":"https:\/\/www.altercampagne.net\/wp-content\/uploads\/2024\/07\/image.png-1-scaled.jpg","datePublished":"2024-07-13T12:04:25+00:00","dateModified":"2024-07-30T19:36:50+00:00","author":{"@id":"https:\/\/www.altercampagne.net\/#\/schema\/person\/e5b68c803196f649c2152249d262d94a"},"breadcrumb":{"@id":"https:\/\/www.altercampagne.net\/?p=28374#breadcrumb"},"inLanguage":"fr-FR","potentialAction":[{"@type":"ReadAction","target":["https:\/\/www.altercampagne.net\/?p=28374"]}]},{"@type":"ImageObject","inLanguage":"fr-FR","@id":"https:\/\/www.altercampagne.net\/?p=28374#primaryimage","url":"https:\/\/www.altercampagne.net\/wp-content\/uploads\/2024\/07\/image.png-1-scaled.jpg","contentUrl":"https:\/\/www.altercampagne.net\/wp-content\/uploads\/2024\/07\/image.png-1-scaled.jpg","width":2560,"height":1920},{"@type":"BreadcrumbList","@id":"https:\/\/www.altercampagne.net\/?p=28374#breadcrumb","itemListElement":[{"@type":"ListItem","position":1,"name":"Accueil","item":"https:\/\/www.altercampagne.net\/"},{"@type":"ListItem","position":2,"name":"La Vall\u00e9e des M\u00e9sanges &amp; Artopie"}]},{"@type":"WebSite","@id":"https:\/\/www.altercampagne.net\/#website","url":"https:\/\/www.altercampagne.net\/","name":"AlterTour","description":"Reliez les Alternatives \u00e0 v\u00e9lo","potentialAction":[{"@type":"SearchAction","target":{"@type":"EntryPoint","urlTemplate":"https:\/\/www.altercampagne.net\/?s={search_term_string}"},"query-input":{"@type":"PropertyValueSpecification","valueRequired":true,"valueName":"search_term_string"}}],"inLanguage":"fr-FR"},{"@type":"Person","@id":"https:\/\/www.altercampagne.net\/#\/schema\/person\/e5b68c803196f649c2152249d262d94a","name":"AlterTour","image":{"@type":"ImageObject","inLanguage":"fr-FR","@id":"https:\/\/secure.gravatar.com\/avatar\/3f2ed77f8506b8ea264ad5938bb0114bfa10f35b64086a66dfbb6e9f58ad9693?s=96&d=mm&r=g","url":"https:\/\/secure.gravatar.com\/avatar\/3f2ed77f8506b8ea264ad5938bb0114bfa10f35b64086a66dfbb6e9f58ad9693?s=96&d=mm&r=g","contentUrl":"https:\/\/secure.gravatar.com\/avatar\/3f2ed77f8506b8ea264ad5938bb0114bfa10f35b64086a66dfbb6e9f58ad9693?s=96&d=mm&r=g","caption":"AlterTour"},"url":"https:\/\/www.altercampagne.net\/?author=215"}]}},"_links":{"self":[{"href":"https:\/\/www.altercampagne.net\/index.php?rest_route=\/wp\/v2\/posts\/28374","targetHints":{"allow":["GET"]}}],"collection":[{"href":"https:\/\/www.altercampagne.net\/index.php?rest_route=\/wp\/v2\/posts"}],"about":[{"href":"https:\/\/www.altercampagne.net\/index.php?rest_route=\/wp\/v2\/types\/post"}],"author":[{"embeddable":true,"href":"https:\/\/www.altercampagne.net\/index.php?rest_route=\/wp\/v2\/users\/215"}],"replies":[{"embeddable":true,"href":"https:\/\/www.altercampagne.net\/index.php?rest_route=%2Fwp%2Fv2%2Fcomments&post=28374"}],"version-history":[{"count":2,"href":"https:\/\/www.altercampagne.net\/index.php?rest_route=\/wp\/v2\/posts\/28374\/revisions"}],"predecessor-version":[{"id":28452,"href":"https:\/\/www.altercampagne.net\/index.php?rest_route=\/wp\/v2\/posts\/28374\/revisions\/28452"}],"wp:featuredmedia":[{"embeddable":true,"href":"https:\/\/www.altercampagne.net\/index.php?rest_route=\/wp\/v2\/media\/28409"}],"wp:attachment":[{"href":"https:\/\/www.altercampagne.net\/index.php?rest_route=%2Fwp%2Fv2%2Fmedia&parent=28374"}],"wp:term":[{"taxonomy":"category","embeddable":true,"href":"https:\/\/www.altercampagne.net\/index.php?rest_route=%2Fwp%2Fv2%2Fcategories&post=28374"},{"taxonomy":"post_tag","embeddable":true,"href":"https:\/\/www.altercampagne.net\/index.php?rest_route=%2Fwp%2Fv2%2Ftags&post=28374"}],"curies":[{"name":"wp","href":"https:\/\/api.w.org\/{rel}","templated":true}]}}