{"id":28379,"date":"2024-07-15T22:51:57","date_gmt":"2024-07-15T20:51:57","guid":{"rendered":"https:\/\/www.altercampagne.net\/?p=28379"},"modified":"2024-07-30T21:37:41","modified_gmt":"2024-07-30T19:37:41","slug":"la-fabrique-le-delirant-atelier-partage-a-strasbourg","status":"publish","type":"post","link":"https:\/\/www.altercampagne.net\/?p=28379","title":{"rendered":"La Fabrique, le d\u00e9lirant atelier partag\u00e9 \u00e0 Strasbourg"},"content":{"rendered":"\n<p>Au fond de la zone d&rsquo;activit\u00e9 du parc Gruber, en p\u00e9riph\u00e9rie de Strasbourg, un hangar du XIXe si\u00e8cle ouvre grand sa porte. En y passant la t\u00eate, la fra\u00eecheur des lieux \u00e9tonne les altercyclistes, \u00e9tourdis par le soleil de plomb qui \u00e9crase la capitale alsacienne.<\/p>\n\n\n\n<p>Il faut dire que cette vieille b\u00e2tisse, dont la dalle descend en pente douce sous le niveau du sol dans un d\u00e9dale de vastes couloirs en arcade, n&rsquo;est autre qu&rsquo;une ancienne brasserie de bi\u00e8re, d&rsquo;avant l&rsquo;arriv\u00e9e de l&rsquo;\u00e9lectricit\u00e9. On suait, voil\u00e0 qu&rsquo;on se recouvre, dans la fra\u00eecheur de ces \u00e9pais murs blancs.<\/p>\n\n\n\n<p>La fabrique, ou \u00ab la fab \u00bb pour les initi\u00e9s, est un \u00e9tonnant atelier partag\u00e9, qui r\u00e9unit tout \u00e0 la fois un atelier de r\u00e9paration de v\u00e9los, d&rsquo;\u00e9lectronique, de cordonnerie, de couture, de menuiserie, mais aussi une m\u00e9tallerie, une d\u00e9coupe laser et une imprimante 3D.<\/p>\n\n\n\n<p>\u00ab On s&rsquo;adresse aussi bien \u00e0 des professionnels qu&rsquo;\u00e0 des particulier, des amateurs un peu curieux \u00bb, explique Joris, pr\u00e9sident de l&rsquo;association La fabrique, pour qui le lieu, labellis\u00e9 \u00ab tiers-lieu Grand Est \u00bb, r\u00e9unit un peu du fablab et du conservatoire des artisanats traditionnels.<\/p>\n\n\n\n<p>On y trouve donc des machines outils anciennes, comme l&rsquo;imposante station d&rsquo;Aline &#8211; cordonni\u00e8re professionnelle qui depuis son atelier qu&rsquo;elle loue sur place anime des initiations tout en menant sa production de chaussures de randonn\u00e9e et de chaussons d&rsquo;escalade &#8211; mais aussi plein de tutoriels plastifi\u00e9s aux murs.<\/p>\n\n\n\n<p>Sans le moindre salari\u00e9, La fabrique est une association de purs b\u00e9n\u00e9voles : ils sont une douzaine \u00e0 faire vivre le lieu, en \u00e9levant la bidouille au rang d&rsquo;art noble, o\u00f9 la r\u00e9cup\u00e9ration et l&rsquo;autonomie s&rsquo;\u00e9panouissent.<\/p>\n\n\n\n<p>Le parcours de Joris est \u00e0 l&rsquo;image de celui de nombre d&rsquo;autres adh\u00e9rents : si ce cr\u00e9ateur de sites web est venu initialement par curiosit\u00e9, pour s&rsquo;initier \u00e0 la menuiserie, c&rsquo;est finalement dans l&rsquo;atelier de couture qu&rsquo;il \u00e9labore sa cr\u00e9ation : un sac de guidon pour v\u00e9lo, \u00e0 r\u00e9aliser uniquement en coutures droites et simples. \u00ab Si la couture n&rsquo;est plus forc\u00e9ment r\u00e9serv\u00e9e aux femmes, observe-t-il, souvent les mecs viennent davantage avec un projet purement technique et fonctionnel, comme un sac de v\u00e9lo, de randonn\u00e9e, etc \u00bb.<\/p>\n\n\n\n<p>Quoi qu&rsquo;il en soit, la synergie des diff\u00e9rents m\u00e9tiers d&rsquo;art op\u00e8re et permet des passerelles.<\/p>\n\n\n\n<figure class=\"wp-block-image size-large is-resized\"><a href=\"https:\/\/www.altercampagne.net\/wp-content\/uploads\/2024\/07\/FB_IMG_1721316128162.jpg\"><img loading=\"lazy\" decoding=\"async\" width=\"1024\" height=\"768\" src=\"https:\/\/www.altercampagne.net\/wp-content\/uploads\/2024\/07\/FB_IMG_1721316128162-1024x768.jpg\" alt=\"\" class=\"wp-image-28381\" style=\"width:608px;height:auto\" srcset=\"https:\/\/www.altercampagne.net\/wp-content\/uploads\/2024\/07\/FB_IMG_1721316128162-1024x768.jpg 1024w, https:\/\/www.altercampagne.net\/wp-content\/uploads\/2024\/07\/FB_IMG_1721316128162-300x225.jpg 300w, https:\/\/www.altercampagne.net\/wp-content\/uploads\/2024\/07\/FB_IMG_1721316128162-768x576.jpg 768w, https:\/\/www.altercampagne.net\/wp-content\/uploads\/2024\/07\/FB_IMG_1721316128162-100x75.jpg 100w, https:\/\/www.altercampagne.net\/wp-content\/uploads\/2024\/07\/FB_IMG_1721316128162-862x647.jpg 862w, https:\/\/www.altercampagne.net\/wp-content\/uploads\/2024\/07\/FB_IMG_1721316128162.jpg 1080w\" sizes=\"auto, (max-width: 1024px) 100vw, 1024px\" \/><\/a><\/figure>\n\n\n\n<p>Dans la m\u00e9tallerie, Yves, chaudronnier soudeur \u00e0 la retraite, est fier de nous montrer le cadre d&rsquo;un v\u00e9lo cargo que celui qui n&rsquo;\u00e9tait qu&rsquo;un novice en soudage il y a tout juste 3 mois vient de r\u00e9aliser. Entre la fraiseuse m\u00e9tallique et le poste \u00e0 souder TIG, il se rappelle avec fiert\u00e9 les 250 initi\u00e9s d\u00e9j\u00e0 au soudage qui sont pass\u00e9s \u00e0 la fab, y compris le cas de cette jeune femme en reconversion professionnelle, venue ici pour renforcer sa comp\u00e9tence : \u00ab au final, quand ils l&rsquo;ont revue dans son \u00e9cole, ils n&rsquo;en revenaient pas, alors qu&rsquo;on la d\u00e9nigrait auparavant ! \u00bb, se rappelle-t-il avec \u00e9motion.<\/p>\n\n\n\n<p>Amateurs avec un projet perso en t\u00eate, pros, ou futurs pros, tout cela se m\u00e9lange joyeusement \u00e0 la fab, tant que personne ne monopolise un atelier ou une machine.<\/p>\n\n\n\n<p>Un bel esprit de partage qui vit particuli\u00e8rement les jeudi de 18h \u00e0 21h, quand le lieu ouvre aux non abonn\u00e9s, avec boissons et musique bien s\u00fbr. Si vous y allez, petit conseil d&rsquo;altercycliste : commandez une bouteille \u00e0 d\u00e9capsuler : vous pourrez alors la fixer \u00e0 un porte-gourde, d\u00e9clencher le p\u00e9dalier, et faire sauter le bouchon d&rsquo;un simple coup de frein, l&rsquo;envoyant alors \u00e0 l&rsquo;autre bout de la pi\u00e8ce. La bidouille dans la joie, c&rsquo;est \u00e7a la fab.<\/p>\n\n\n\n<p class=\"has-black-color has-text-color has-link-color wp-elements-249afc9e2b3437bb717dab0b87fa711e\">La fabrique<br>Parc Gruber &#8211; 91 route des Romains<br>67200 Strasbourg<br><a href=\"http:\/\/lafab.org\/\" target=\"_blank\" rel=\"noreferrer noopener\">lafab.org<\/a><\/p>\n\n\n\n<p><\/p>\n\n\n\n<p>Alterjournaliste : Antony<\/p>\n","protected":false},"excerpt":{"rendered":"<p>Au fond de la zone d&rsquo;activit\u00e9 du parc Gruber, en p\u00e9riph\u00e9rie de Strasbourg, un hangar du XIXe si\u00e8cle ouvre grand sa porte. En y passant la t\u00eate, la fra\u00eecheur des lieux \u00e9tonne les altercyclistes, \u00e9tourdis par le soleil de plomb qui \u00e9crase la capitale alsacienne. Il faut dire que cette &#8230; <\/p>\n<div><a href=\"https:\/\/www.altercampagne.net\/?p=28379\" class=\"more-link\">Read More<\/a><\/div>\n","protected":false},"author":198,"featured_media":28380,"comment_status":"closed","ping_status":"closed","sticky":false,"template":"","format":"standard","meta":{"footnotes":""},"categories":[4313,4449,3475,3540,3932],"tags":[],"class_list":["post-28379","post","type-post","status-publish","format-standard","has-post-thumbnail","hentry","category-altertour","category-edition-2024","category-grand-est","category-transverse","category-velo"],"yoast_head":"<!-- This site is optimized with the Yoast SEO plugin v27.3 - https:\/\/yoast.com\/product\/yoast-seo-wordpress\/ -->\n<title>La Fabrique, le d\u00e9lirant atelier partag\u00e9 \u00e0 Strasbourg - AlterTour<\/title>\n<meta name=\"robots\" content=\"index, follow, max-snippet:-1, max-image-preview:large, max-video-preview:-1\" \/>\n<link rel=\"canonical\" href=\"https:\/\/www.altercampagne.net\/?p=28379\" \/>\n<meta property=\"og:locale\" content=\"fr_FR\" \/>\n<meta property=\"og:type\" content=\"article\" \/>\n<meta property=\"og:title\" content=\"La Fabrique, le d\u00e9lirant atelier partag\u00e9 \u00e0 Strasbourg - AlterTour\" \/>\n<meta property=\"og:description\" content=\"Au fond de la zone d&rsquo;activit\u00e9 du parc Gruber, en p\u00e9riph\u00e9rie de Strasbourg, un hangar du XIXe si\u00e8cle ouvre grand sa porte. En y passant la t\u00eate, la fra\u00eecheur des lieux \u00e9tonne les altercyclistes, \u00e9tourdis par le soleil de plomb qui \u00e9crase la capitale alsacienne. Il faut dire que cette ... Read More\" \/>\n<meta property=\"og:url\" content=\"https:\/\/www.altercampagne.net\/?p=28379\" \/>\n<meta property=\"og:site_name\" content=\"AlterTour\" \/>\n<meta property=\"article:published_time\" content=\"2024-07-15T20:51:57+00:00\" \/>\n<meta property=\"article:modified_time\" content=\"2024-07-30T19:37:41+00:00\" \/>\n<meta property=\"og:image\" content=\"https:\/\/www.altercampagne.net\/wp-content\/uploads\/2024\/07\/FB_IMG_1721316123359.jpg\" \/>\n\t<meta property=\"og:image:width\" content=\"1080\" \/>\n\t<meta property=\"og:image:height\" content=\"810\" \/>\n\t<meta property=\"og:image:type\" content=\"image\/jpeg\" \/>\n<meta name=\"author\" content=\"Marine R\" \/>\n<meta name=\"twitter:card\" content=\"summary_large_image\" \/>\n<meta name=\"twitter:label1\" content=\"\u00c9crit par\" \/>\n\t<meta name=\"twitter:data1\" content=\"Marine R\" \/>\n\t<meta name=\"twitter:label2\" content=\"Dur\u00e9e de lecture estim\u00e9e\" \/>\n\t<meta name=\"twitter:data2\" content=\"4 minutes\" \/>\n<script type=\"application\/ld+json\" class=\"yoast-schema-graph\">{\"@context\":\"https:\\\/\\\/schema.org\",\"@graph\":[{\"@type\":\"Article\",\"@id\":\"https:\\\/\\\/www.altercampagne.net\\\/?p=28379#article\",\"isPartOf\":{\"@id\":\"https:\\\/\\\/www.altercampagne.net\\\/?p=28379\"},\"author\":{\"name\":\"Marine R\",\"@id\":\"https:\\\/\\\/www.altercampagne.net\\\/#\\\/schema\\\/person\\\/3afde49d8c0be52224ae61fe720b4b19\"},\"headline\":\"La Fabrique, le d\u00e9lirant atelier partag\u00e9 \u00e0 Strasbourg\",\"datePublished\":\"2024-07-15T20:51:57+00:00\",\"dateModified\":\"2024-07-30T19:37:41+00:00\",\"mainEntityOfPage\":{\"@id\":\"https:\\\/\\\/www.altercampagne.net\\\/?p=28379\"},\"wordCount\":668,\"image\":{\"@id\":\"https:\\\/\\\/www.altercampagne.net\\\/?p=28379#primaryimage\"},\"thumbnailUrl\":\"https:\\\/\\\/www.altercampagne.net\\\/wp-content\\\/uploads\\\/2024\\\/07\\\/FB_IMG_1721316123359.jpg\",\"articleSection\":[\"AlterTour\",\"\u00c9dition 2024\",\"Grand Est\",\"Transverse\",\"V\u00e9lo\"],\"inLanguage\":\"fr-FR\"},{\"@type\":\"WebPage\",\"@id\":\"https:\\\/\\\/www.altercampagne.net\\\/?p=28379\",\"url\":\"https:\\\/\\\/www.altercampagne.net\\\/?p=28379\",\"name\":\"La Fabrique, le d\u00e9lirant atelier partag\u00e9 \u00e0 Strasbourg - AlterTour\",\"isPartOf\":{\"@id\":\"https:\\\/\\\/www.altercampagne.net\\\/#website\"},\"primaryImageOfPage\":{\"@id\":\"https:\\\/\\\/www.altercampagne.net\\\/?p=28379#primaryimage\"},\"image\":{\"@id\":\"https:\\\/\\\/www.altercampagne.net\\\/?p=28379#primaryimage\"},\"thumbnailUrl\":\"https:\\\/\\\/www.altercampagne.net\\\/wp-content\\\/uploads\\\/2024\\\/07\\\/FB_IMG_1721316123359.jpg\",\"datePublished\":\"2024-07-15T20:51:57+00:00\",\"dateModified\":\"2024-07-30T19:37:41+00:00\",\"author\":{\"@id\":\"https:\\\/\\\/www.altercampagne.net\\\/#\\\/schema\\\/person\\\/3afde49d8c0be52224ae61fe720b4b19\"},\"breadcrumb\":{\"@id\":\"https:\\\/\\\/www.altercampagne.net\\\/?p=28379#breadcrumb\"},\"inLanguage\":\"fr-FR\",\"potentialAction\":[{\"@type\":\"ReadAction\",\"target\":[\"https:\\\/\\\/www.altercampagne.net\\\/?p=28379\"]}]},{\"@type\":\"ImageObject\",\"inLanguage\":\"fr-FR\",\"@id\":\"https:\\\/\\\/www.altercampagne.net\\\/?p=28379#primaryimage\",\"url\":\"https:\\\/\\\/www.altercampagne.net\\\/wp-content\\\/uploads\\\/2024\\\/07\\\/FB_IMG_1721316123359.jpg\",\"contentUrl\":\"https:\\\/\\\/www.altercampagne.net\\\/wp-content\\\/uploads\\\/2024\\\/07\\\/FB_IMG_1721316123359.jpg\",\"width\":1080,\"height\":810},{\"@type\":\"BreadcrumbList\",\"@id\":\"https:\\\/\\\/www.altercampagne.net\\\/?p=28379#breadcrumb\",\"itemListElement\":[{\"@type\":\"ListItem\",\"position\":1,\"name\":\"Accueil\",\"item\":\"https:\\\/\\\/www.altercampagne.net\\\/\"},{\"@type\":\"ListItem\",\"position\":2,\"name\":\"La Fabrique, le d\u00e9lirant atelier partag\u00e9 \u00e0 Strasbourg\"}]},{\"@type\":\"WebSite\",\"@id\":\"https:\\\/\\\/www.altercampagne.net\\\/#website\",\"url\":\"https:\\\/\\\/www.altercampagne.net\\\/\",\"name\":\"AlterTour\",\"description\":\"Reliez les Alternatives \u00e0 v\u00e9lo\",\"potentialAction\":[{\"@type\":\"SearchAction\",\"target\":{\"@type\":\"EntryPoint\",\"urlTemplate\":\"https:\\\/\\\/www.altercampagne.net\\\/?s={search_term_string}\"},\"query-input\":{\"@type\":\"PropertyValueSpecification\",\"valueRequired\":true,\"valueName\":\"search_term_string\"}}],\"inLanguage\":\"fr-FR\"},{\"@type\":\"Person\",\"@id\":\"https:\\\/\\\/www.altercampagne.net\\\/#\\\/schema\\\/person\\\/3afde49d8c0be52224ae61fe720b4b19\",\"name\":\"Marine R\",\"image\":{\"@type\":\"ImageObject\",\"inLanguage\":\"fr-FR\",\"@id\":\"https:\\\/\\\/secure.gravatar.com\\\/avatar\\\/a3c4f944a184c737c95a33c9fc36f74b2637ea270671045d89722a608b50fd88?s=96&d=mm&r=g\",\"url\":\"https:\\\/\\\/secure.gravatar.com\\\/avatar\\\/a3c4f944a184c737c95a33c9fc36f74b2637ea270671045d89722a608b50fd88?s=96&d=mm&r=g\",\"contentUrl\":\"https:\\\/\\\/secure.gravatar.com\\\/avatar\\\/a3c4f944a184c737c95a33c9fc36f74b2637ea270671045d89722a608b50fd88?s=96&d=mm&r=g\",\"caption\":\"Marine R\"},\"url\":\"https:\\\/\\\/www.altercampagne.net\\\/?author=198\"}]}<\/script>\n<!-- \/ Yoast SEO plugin. -->","yoast_head_json":{"title":"La Fabrique, le d\u00e9lirant atelier partag\u00e9 \u00e0 Strasbourg - AlterTour","robots":{"index":"index","follow":"follow","max-snippet":"max-snippet:-1","max-image-preview":"max-image-preview:large","max-video-preview":"max-video-preview:-1"},"canonical":"https:\/\/www.altercampagne.net\/?p=28379","og_locale":"fr_FR","og_type":"article","og_title":"La Fabrique, le d\u00e9lirant atelier partag\u00e9 \u00e0 Strasbourg - AlterTour","og_description":"Au fond de la zone d&rsquo;activit\u00e9 du parc Gruber, en p\u00e9riph\u00e9rie de Strasbourg, un hangar du XIXe si\u00e8cle ouvre grand sa porte. En y passant la t\u00eate, la fra\u00eecheur des lieux \u00e9tonne les altercyclistes, \u00e9tourdis par le soleil de plomb qui \u00e9crase la capitale alsacienne. Il faut dire que cette ... Read More","og_url":"https:\/\/www.altercampagne.net\/?p=28379","og_site_name":"AlterTour","article_published_time":"2024-07-15T20:51:57+00:00","article_modified_time":"2024-07-30T19:37:41+00:00","og_image":[{"width":1080,"height":810,"url":"https:\/\/www.altercampagne.net\/wp-content\/uploads\/2024\/07\/FB_IMG_1721316123359.jpg","type":"image\/jpeg"}],"author":"Marine R","twitter_card":"summary_large_image","twitter_misc":{"\u00c9crit par":"Marine R","Dur\u00e9e de lecture estim\u00e9e":"4 minutes"},"schema":{"@context":"https:\/\/schema.org","@graph":[{"@type":"Article","@id":"https:\/\/www.altercampagne.net\/?p=28379#article","isPartOf":{"@id":"https:\/\/www.altercampagne.net\/?p=28379"},"author":{"name":"Marine R","@id":"https:\/\/www.altercampagne.net\/#\/schema\/person\/3afde49d8c0be52224ae61fe720b4b19"},"headline":"La Fabrique, le d\u00e9lirant atelier partag\u00e9 \u00e0 Strasbourg","datePublished":"2024-07-15T20:51:57+00:00","dateModified":"2024-07-30T19:37:41+00:00","mainEntityOfPage":{"@id":"https:\/\/www.altercampagne.net\/?p=28379"},"wordCount":668,"image":{"@id":"https:\/\/www.altercampagne.net\/?p=28379#primaryimage"},"thumbnailUrl":"https:\/\/www.altercampagne.net\/wp-content\/uploads\/2024\/07\/FB_IMG_1721316123359.jpg","articleSection":["AlterTour","\u00c9dition 2024","Grand Est","Transverse","V\u00e9lo"],"inLanguage":"fr-FR"},{"@type":"WebPage","@id":"https:\/\/www.altercampagne.net\/?p=28379","url":"https:\/\/www.altercampagne.net\/?p=28379","name":"La Fabrique, le d\u00e9lirant atelier partag\u00e9 \u00e0 Strasbourg - AlterTour","isPartOf":{"@id":"https:\/\/www.altercampagne.net\/#website"},"primaryImageOfPage":{"@id":"https:\/\/www.altercampagne.net\/?p=28379#primaryimage"},"image":{"@id":"https:\/\/www.altercampagne.net\/?p=28379#primaryimage"},"thumbnailUrl":"https:\/\/www.altercampagne.net\/wp-content\/uploads\/2024\/07\/FB_IMG_1721316123359.jpg","datePublished":"2024-07-15T20:51:57+00:00","dateModified":"2024-07-30T19:37:41+00:00","author":{"@id":"https:\/\/www.altercampagne.net\/#\/schema\/person\/3afde49d8c0be52224ae61fe720b4b19"},"breadcrumb":{"@id":"https:\/\/www.altercampagne.net\/?p=28379#breadcrumb"},"inLanguage":"fr-FR","potentialAction":[{"@type":"ReadAction","target":["https:\/\/www.altercampagne.net\/?p=28379"]}]},{"@type":"ImageObject","inLanguage":"fr-FR","@id":"https:\/\/www.altercampagne.net\/?p=28379#primaryimage","url":"https:\/\/www.altercampagne.net\/wp-content\/uploads\/2024\/07\/FB_IMG_1721316123359.jpg","contentUrl":"https:\/\/www.altercampagne.net\/wp-content\/uploads\/2024\/07\/FB_IMG_1721316123359.jpg","width":1080,"height":810},{"@type":"BreadcrumbList","@id":"https:\/\/www.altercampagne.net\/?p=28379#breadcrumb","itemListElement":[{"@type":"ListItem","position":1,"name":"Accueil","item":"https:\/\/www.altercampagne.net\/"},{"@type":"ListItem","position":2,"name":"La Fabrique, le d\u00e9lirant atelier partag\u00e9 \u00e0 Strasbourg"}]},{"@type":"WebSite","@id":"https:\/\/www.altercampagne.net\/#website","url":"https:\/\/www.altercampagne.net\/","name":"AlterTour","description":"Reliez les Alternatives \u00e0 v\u00e9lo","potentialAction":[{"@type":"SearchAction","target":{"@type":"EntryPoint","urlTemplate":"https:\/\/www.altercampagne.net\/?s={search_term_string}"},"query-input":{"@type":"PropertyValueSpecification","valueRequired":true,"valueName":"search_term_string"}}],"inLanguage":"fr-FR"},{"@type":"Person","@id":"https:\/\/www.altercampagne.net\/#\/schema\/person\/3afde49d8c0be52224ae61fe720b4b19","name":"Marine R","image":{"@type":"ImageObject","inLanguage":"fr-FR","@id":"https:\/\/secure.gravatar.com\/avatar\/a3c4f944a184c737c95a33c9fc36f74b2637ea270671045d89722a608b50fd88?s=96&d=mm&r=g","url":"https:\/\/secure.gravatar.com\/avatar\/a3c4f944a184c737c95a33c9fc36f74b2637ea270671045d89722a608b50fd88?s=96&d=mm&r=g","contentUrl":"https:\/\/secure.gravatar.com\/avatar\/a3c4f944a184c737c95a33c9fc36f74b2637ea270671045d89722a608b50fd88?s=96&d=mm&r=g","caption":"Marine R"},"url":"https:\/\/www.altercampagne.net\/?author=198"}]}},"_links":{"self":[{"href":"https:\/\/www.altercampagne.net\/index.php?rest_route=\/wp\/v2\/posts\/28379","targetHints":{"allow":["GET"]}}],"collection":[{"href":"https:\/\/www.altercampagne.net\/index.php?rest_route=\/wp\/v2\/posts"}],"about":[{"href":"https:\/\/www.altercampagne.net\/index.php?rest_route=\/wp\/v2\/types\/post"}],"author":[{"embeddable":true,"href":"https:\/\/www.altercampagne.net\/index.php?rest_route=\/wp\/v2\/users\/198"}],"replies":[{"embeddable":true,"href":"https:\/\/www.altercampagne.net\/index.php?rest_route=%2Fwp%2Fv2%2Fcomments&post=28379"}],"version-history":[{"count":2,"href":"https:\/\/www.altercampagne.net\/index.php?rest_route=\/wp\/v2\/posts\/28379\/revisions"}],"predecessor-version":[{"id":28400,"href":"https:\/\/www.altercampagne.net\/index.php?rest_route=\/wp\/v2\/posts\/28379\/revisions\/28400"}],"wp:featuredmedia":[{"embeddable":true,"href":"https:\/\/www.altercampagne.net\/index.php?rest_route=\/wp\/v2\/media\/28380"}],"wp:attachment":[{"href":"https:\/\/www.altercampagne.net\/index.php?rest_route=%2Fwp%2Fv2%2Fmedia&parent=28379"}],"wp:term":[{"taxonomy":"category","embeddable":true,"href":"https:\/\/www.altercampagne.net\/index.php?rest_route=%2Fwp%2Fv2%2Fcategories&post=28379"},{"taxonomy":"post_tag","embeddable":true,"href":"https:\/\/www.altercampagne.net\/index.php?rest_route=%2Fwp%2Fv2%2Ftags&post=28379"}],"curies":[{"name":"wp","href":"https:\/\/api.w.org\/{rel}","templated":true}]}}