{"id":28383,"date":"2024-07-18T00:38:55","date_gmt":"2024-07-17T22:38:55","guid":{"rendered":"https:\/\/www.altercampagne.net\/?p=28383"},"modified":"2024-07-30T21:39:07","modified_gmt":"2024-07-30T19:39:07","slug":"jour-de-repos-au-domaine-de-la-chouette","status":"publish","type":"post","link":"https:\/\/www.altercampagne.net\/?p=28383","title":{"rendered":"Jour de repos au Domaine de la Chouette"},"content":{"rendered":"\n<p>Il y aurait tant de chose \u00e0 dire sur ce lieu et son collectif bigarr\u00e9 qu&rsquo;on pourrait en tirer toute une s\u00e9rie d&rsquo;article. Mais commen\u00e7ons par notre arriv\u00e9e et notre d\u00e9couverte du lieu.&nbsp;<\/p>\n\n\n\n<h5 class=\"wp-block-heading has-vivid-cyan-blue-color has-text-color has-link-color wp-elements-895e670c244cfe5c6b146ce01002407c\">Le trajet&nbsp;<\/h5>\n\n\n\n<p class=\"has-text-align-left\">Le 17 ao\u00fbt au matin, deux petits nuages perdus dans un ciel bleu magnifique annonce une journ\u00e9e d\u00e9j\u00e0 chaude d\u00e8s le matin. Apr\u00e8s un 1er spectacle d&rsquo;impro offert par Fred pour le brief s\u00e9curit\u00e9, pr\u00e9lude \u00e0 une activit\u00e9 du soir, et apr\u00e8s les remerciements et le feu d&rsquo;artifice sans artifice traditionnels, le peloton (de maintenant soixantaine d&rsquo;altercyclistes!) s&rsquo;\u00e9lance sur la route. Un incident impliquant une voiture rouge man\u0153uvrant distraitement et la roue avant pli\u00e9e d&rsquo;une altercycliste, cette derni\u00e8re heureusement indemne, nous a fait une frayeur et s&rsquo;est termin\u00e9 par un constat. La route continue, nous cheminons \u00e0 l&rsquo;ombre le long d&rsquo;un canal verdoyant et frais puis nous montons un coteau un peu raide avec une vue imprenable. \u00c0 l&rsquo;arriv\u00e9e nous traversons le magnifique centre-ville de Klingenthal au milieu de maisons \u00e0 colombage, puis nous entrons dans un domaine perch\u00e9 sur un des flancs bois\u00e9s de la vall\u00e9e de L&rsquo;Ehn.<br><\/p>\n\n\n\n<h5 class=\"wp-block-heading has-vivid-cyan-blue-color has-text-color has-link-color wp-elements-9d7e1c8adfcf0b49fc70aad5ef326994\">D\u00e9couverte du Domaine de la Chouette&nbsp;<\/h5>\n\n\n\n<p>Aussit\u00f4t nos tentes mont\u00e9e, Emmanuel nous fait la visite. La tr\u00e8s pittoresque b\u00e2tisse que l\u2019on remarque en premier date de 1896, \u00e0 c\u00f4t\u00e9 un grand b\u00e2timent dans lequel nous aurons l&rsquo;occasion d&rsquo;apporter notre soutien le lendemain avec des chantiers participatifs pour les plus motiv\u00e9s. Le collectif organis\u00e9 en SCI accueille un festival des arts vivants, le festival SOL&rsquo;ART depuis d\u00e9j\u00e0 4 \u00e9ditions.<br><p class=\"Standard\" style=\"text-align:justify;text-justify:inter-ideograph\">Les ambitions de nos accueillants sont grandes\u00a0: soutenir la cr\u00e9ation artistique et la transition \u00e9cologique. En parall\u00e8le, dans le cadre d&rsquo;une activit\u00e9 commerciale de locations tout confort\u00a0se trouve une grande salle<br>occupant tout le rez de chauss\u00e9, d\u00e9j\u00e0 termin\u00e9, pouvant accueillir aussi bien des s\u00e9minaires d&rsquo;entreprise, des spectacles de danse que des stages de pratique chamaniques, \u00e0 l&rsquo;\u00e9tage 30 couchages dans 6 chambres avec chacune salle de bain et salon individuel, un bar, au-dessus des bureaux, et \u00e9galement une petite salle de spectacle avec gradins, et des loges pour les artistes dans une annexe construite sp\u00e9cifiquement pour ce besoin.Mais tout cela ne serait rien sans le magnifique domaine aux arbres majestueux offrant une vue superbe sur une colline bois\u00e9e. Seule ombre \u00e0 ce tableau idyllique, un crime a eu lieu ici m\u00eame. Un s\u00e9quoia de 35m de haut fut abattu par les pr\u00e9c\u00e9dents propri\u00e9taires pour satisfaire un acheteur potentiel qui aurait potentiellement \u00e9t\u00e9 frileux \u00e0 l&rsquo;id\u00e9e que l&rsquo;arbre puisse potentiellement \u00eatre class\u00e9 limitant la surface constructible. Finalement, toute cette pr\u00e9venance \u00e9cocidaire n&rsquo;aura pas s\u00e9duit l&rsquo;acheteur, laissant une souche de plus d&rsquo;un m\u00e8tre de large o\u00f9 tr\u00f4ne maintenant la statue d&rsquo;un hibou en bois symbole du lieu. <\/p>On trouve \u00e9galement p\u00e8le-m\u00eale\u00a0: un espace d\u00e9di\u00e9 au mara\u00eechage, un espace forestier, un immense thuya non taill\u00e9 aux branches d\u00e9ploy\u00e9s, et une vingtaine de ruches. Marina l&rsquo;apicultrice a pris la suite de la visite, elle nous a expliqu\u00e9 la vie des ruches \u00e0 l&rsquo;\u00e9tat sauvage et ses croyances spirituelles autour des vertus du miel. Il y a en effet dans les valeurs fondatrices du collectif une grande ouverture vers toutes les cultures et croyances, des divergences existent au sein m\u00eame des membres les plus actifs du collectif, ce qui ne les emp\u00eache pas de construire ensemble motiv\u00e9.es par leurs valeurs communes.<\/p>\n\n\n<div class=\"wp-block-image\">\n<figure class=\"alignleft size-large is-resized\"><a href=\"https:\/\/www.altercampagne.net\/wp-content\/uploads\/2024\/07\/DSC00424-scaled.jpg\"><img loading=\"lazy\" decoding=\"async\" width=\"1024\" height=\"683\" src=\"https:\/\/www.altercampagne.net\/wp-content\/uploads\/2024\/07\/DSC00424-1024x683.jpg\" alt=\"\" class=\"wp-image-28393\" style=\"width:870px;height:auto\" srcset=\"https:\/\/www.altercampagne.net\/wp-content\/uploads\/2024\/07\/DSC00424-1024x683.jpg 1024w, https:\/\/www.altercampagne.net\/wp-content\/uploads\/2024\/07\/DSC00424-300x200.jpg 300w, https:\/\/www.altercampagne.net\/wp-content\/uploads\/2024\/07\/DSC00424-768x512.jpg 768w, https:\/\/www.altercampagne.net\/wp-content\/uploads\/2024\/07\/DSC00424-1536x1024.jpg 1536w, https:\/\/www.altercampagne.net\/wp-content\/uploads\/2024\/07\/DSC00424-2048x1365.jpg 2048w, https:\/\/www.altercampagne.net\/wp-content\/uploads\/2024\/07\/DSC00424-100x67.jpg 100w, https:\/\/www.altercampagne.net\/wp-content\/uploads\/2024\/07\/DSC00424-862x575.jpg 862w, https:\/\/www.altercampagne.net\/wp-content\/uploads\/2024\/07\/DSC00424-1140x760.jpg 1140w\" sizes=\"auto, (max-width: 1024px) 100vw, 1024px\" \/><\/a><\/figure>\n<\/div>\n\n\n<h5 class=\"wp-block-heading has-vivid-cyan-blue-color has-text-color has-link-color wp-elements-a7d47a8119ee878002c0a4b679b27071\">\u00a0<\/h5>\n\n\n\n<h5 class=\"wp-block-heading has-vivid-cyan-blue-color has-text-color has-link-color wp-elements-3f8b40ec96e93e86515abddd20727c62\">Les activit\u00e9s de ces deux journ\u00e9es<\/h5>\n\n\n\n<p class=\"has-white-background-color has-background\"><p class=\"Standard\" style=\"text-align:justify;text-justify:inter-ideograph\"><\/p><p class=\"Standard\" style=\"text-align:justify;text-justify:inter-ideograph\"><\/p>Le 17 au soir, un certain nombre d&rsquo;entre nous ont pu participer \u00e0 une s\u00e9ance d&rsquo;improvisation th\u00e9\u00e2trale collective avec diff\u00e9rents jeux qui nous ont fait beaucoup rire .Au matin du 18, une belle journ\u00e9e ensoleill\u00e9e commence par un r\u00e9veil en musique, fanfare et trompette, par notre altercycliste Chlo\u00e9 !<br>Apr\u00e8s la recharge de batterie de tartines de pain local et boissons, certains altercyclistes ont pu b\u00e9n\u00e9ficier des comp\u00e9tences de Laure pour participer \u00e0 un temps de yoga. Il s\u2019en est suivi un temps d\u2019acro-yoga propos\u00e9 par Petite Marie o\u00f9 certains se sont initi\u00e9s \u00e0 diff\u00e9rents port\u00e9s.<br>Pendant ce temps, d&rsquo;autres ont particip\u00e9 aux ateliers propos\u00e9s par nos accueillants Emmanuel et Cl\u00e9mence (pon\u00e7age des escaliers, participation au bardage bois du b\u00e2timent, montage de meubles pour \u00e9quiper les futures chambres, d\u00e9sherbage des zones de jardins et plantation de plans de tomates).<br>Certains sont partis visiter le mus\u00e9e des armes blanches de Klingenthal, et un petit groupe de 11 accros \u00e0 la p\u00e9dale sont mont\u00e9.es au Mont Saint Odile, puis sont redescendu.es pour une escapade dans le village typique d\u2019Obernai.<br>Notons aussi, deux pr\u00e9sentations mythiques du brief quotidien par Celia et Sol\u00e8ne avec un herbier des plantes du domaine le 17, et par Emeu et PJ \u00ab question pour un champignons \u00bb avec des jingle \u00e0 la trompette le 18.<br>La journ\u00e9e du 18 se termine par deux temps musicaux. Le premier, un spectacle de trance musicale o\u00f9 la danseuse a tournoy\u00e9 en continue avec une robe l\u00e9g\u00e8re pendant 15 minutes en lan\u00e7ant des vocalises inspirant la joie et la libert\u00e9. Le deuxi\u00e8me temps musical s&rsquo;est d\u00e9roul\u00e9 sur la terrasse o\u00f9 des tapis persans, des coussins et des percussions ont \u00e9t\u00e9 dispos\u00e9s par nos accueillants. \u00c9clair\u00e9 par des bougies, sous une lune presque pleine, guid\u00e9.es par les talents musicaux de Cl\u00e9mence et d&rsquo;amis musiciens, des chants et berceuses d\u2019Am\u00e9rique du Sud, de Nouvelle Z\u00e9lande, du Maroc, et d&rsquo;Afrique du Sud nous ont connect\u00e9 par la voie dans une chorale nocturne enchanteresse.<\/p>\n\n\n\n<p class=\"has-black-color has-text-color has-link-color wp-elements-18442e0b4ffdff23b8cd93b64333d10d\">Site\u00a0: domainedelachouette.org<\/p>\n\n\n\n<p><\/p>\n\n\n\n<p>Alterjournalistes : Mathieu &amp; C\u00e9cile<\/p>\n","protected":false},"excerpt":{"rendered":"<p>Il y aurait tant de chose \u00e0 dire sur ce lieu et son collectif bigarr\u00e9 qu&rsquo;on pourrait en tirer toute une s\u00e9rie d&rsquo;article. Mais commen\u00e7ons par notre arriv\u00e9e et notre d\u00e9couverte du lieu.&nbsp; Le trajet&nbsp; Le 17 ao\u00fbt au matin, deux petits nuages perdus dans un ciel bleu magnifique annonce &#8230; <\/p>\n<div><a href=\"https:\/\/www.altercampagne.net\/?p=28383\" class=\"more-link\">Read More<\/a><\/div>\n","protected":false},"author":198,"featured_media":28391,"comment_status":"closed","ping_status":"closed","sticky":false,"template":"","format":"standard","meta":{"footnotes":""},"categories":[4313,4449,3490,3475,1],"tags":[],"class_list":["post-28383","post","type-post","status-publish","format-standard","has-post-thumbnail","hentry","category-altertour","category-edition-2024","category-culture","category-grand-est","category-non-classe"],"yoast_head":"<!-- This site is optimized with the Yoast SEO plugin v27.3 - https:\/\/yoast.com\/product\/yoast-seo-wordpress\/ -->\n<title>Jour de repos au Domaine de la Chouette - AlterTour<\/title>\n<meta name=\"robots\" content=\"index, follow, max-snippet:-1, max-image-preview:large, max-video-preview:-1\" \/>\n<link rel=\"canonical\" href=\"https:\/\/www.altercampagne.net\/?p=28383\" \/>\n<meta property=\"og:locale\" content=\"fr_FR\" \/>\n<meta property=\"og:type\" content=\"article\" \/>\n<meta property=\"og:title\" content=\"Jour de repos au Domaine de la Chouette - AlterTour\" \/>\n<meta property=\"og:description\" content=\"Il y aurait tant de chose \u00e0 dire sur ce lieu et son collectif bigarr\u00e9 qu&rsquo;on pourrait en tirer toute une s\u00e9rie d&rsquo;article. Mais commen\u00e7ons par notre arriv\u00e9e et notre d\u00e9couverte du lieu.&nbsp; Le trajet&nbsp; Le 17 ao\u00fbt au matin, deux petits nuages perdus dans un ciel bleu magnifique annonce ... Read More\" \/>\n<meta property=\"og:url\" content=\"https:\/\/www.altercampagne.net\/?p=28383\" \/>\n<meta property=\"og:site_name\" content=\"AlterTour\" \/>\n<meta property=\"article:published_time\" content=\"2024-07-17T22:38:55+00:00\" \/>\n<meta property=\"article:modified_time\" content=\"2024-07-30T19:39:07+00:00\" \/>\n<meta property=\"og:image\" content=\"https:\/\/www.altercampagne.net\/wp-content\/uploads\/2024\/07\/DSC00418-1-scaled.jpg\" \/>\n\t<meta property=\"og:image:width\" content=\"2560\" \/>\n\t<meta property=\"og:image:height\" content=\"1707\" \/>\n\t<meta property=\"og:image:type\" content=\"image\/jpeg\" \/>\n<meta name=\"author\" content=\"Marine R\" \/>\n<meta name=\"twitter:card\" content=\"summary_large_image\" \/>\n<meta name=\"twitter:label1\" content=\"\u00c9crit par\" \/>\n\t<meta name=\"twitter:data1\" content=\"Marine R\" \/>\n\t<meta name=\"twitter:label2\" content=\"Dur\u00e9e de lecture estim\u00e9e\" \/>\n\t<meta name=\"twitter:data2\" content=\"5 minutes\" \/>\n<script type=\"application\/ld+json\" class=\"yoast-schema-graph\">{\"@context\":\"https:\\\/\\\/schema.org\",\"@graph\":[{\"@type\":\"Article\",\"@id\":\"https:\\\/\\\/www.altercampagne.net\\\/?p=28383#article\",\"isPartOf\":{\"@id\":\"https:\\\/\\\/www.altercampagne.net\\\/?p=28383\"},\"author\":{\"name\":\"Marine R\",\"@id\":\"https:\\\/\\\/www.altercampagne.net\\\/#\\\/schema\\\/person\\\/3afde49d8c0be52224ae61fe720b4b19\"},\"headline\":\"Jour de repos au Domaine de la Chouette\",\"datePublished\":\"2024-07-17T22:38:55+00:00\",\"dateModified\":\"2024-07-30T19:39:07+00:00\",\"mainEntityOfPage\":{\"@id\":\"https:\\\/\\\/www.altercampagne.net\\\/?p=28383\"},\"wordCount\":999,\"image\":{\"@id\":\"https:\\\/\\\/www.altercampagne.net\\\/?p=28383#primaryimage\"},\"thumbnailUrl\":\"https:\\\/\\\/www.altercampagne.net\\\/wp-content\\\/uploads\\\/2024\\\/07\\\/DSC00418-1-scaled.jpg\",\"articleSection\":[\"AlterTour\",\"\u00c9dition 2024\",\"Culture\",\"Grand Est\"],\"inLanguage\":\"fr-FR\"},{\"@type\":\"WebPage\",\"@id\":\"https:\\\/\\\/www.altercampagne.net\\\/?p=28383\",\"url\":\"https:\\\/\\\/www.altercampagne.net\\\/?p=28383\",\"name\":\"Jour de repos au Domaine de la Chouette - AlterTour\",\"isPartOf\":{\"@id\":\"https:\\\/\\\/www.altercampagne.net\\\/#website\"},\"primaryImageOfPage\":{\"@id\":\"https:\\\/\\\/www.altercampagne.net\\\/?p=28383#primaryimage\"},\"image\":{\"@id\":\"https:\\\/\\\/www.altercampagne.net\\\/?p=28383#primaryimage\"},\"thumbnailUrl\":\"https:\\\/\\\/www.altercampagne.net\\\/wp-content\\\/uploads\\\/2024\\\/07\\\/DSC00418-1-scaled.jpg\",\"datePublished\":\"2024-07-17T22:38:55+00:00\",\"dateModified\":\"2024-07-30T19:39:07+00:00\",\"author\":{\"@id\":\"https:\\\/\\\/www.altercampagne.net\\\/#\\\/schema\\\/person\\\/3afde49d8c0be52224ae61fe720b4b19\"},\"breadcrumb\":{\"@id\":\"https:\\\/\\\/www.altercampagne.net\\\/?p=28383#breadcrumb\"},\"inLanguage\":\"fr-FR\",\"potentialAction\":[{\"@type\":\"ReadAction\",\"target\":[\"https:\\\/\\\/www.altercampagne.net\\\/?p=28383\"]}]},{\"@type\":\"ImageObject\",\"inLanguage\":\"fr-FR\",\"@id\":\"https:\\\/\\\/www.altercampagne.net\\\/?p=28383#primaryimage\",\"url\":\"https:\\\/\\\/www.altercampagne.net\\\/wp-content\\\/uploads\\\/2024\\\/07\\\/DSC00418-1-scaled.jpg\",\"contentUrl\":\"https:\\\/\\\/www.altercampagne.net\\\/wp-content\\\/uploads\\\/2024\\\/07\\\/DSC00418-1-scaled.jpg\",\"width\":2560,\"height\":1707},{\"@type\":\"BreadcrumbList\",\"@id\":\"https:\\\/\\\/www.altercampagne.net\\\/?p=28383#breadcrumb\",\"itemListElement\":[{\"@type\":\"ListItem\",\"position\":1,\"name\":\"Accueil\",\"item\":\"https:\\\/\\\/www.altercampagne.net\\\/\"},{\"@type\":\"ListItem\",\"position\":2,\"name\":\"Jour de repos au Domaine de la Chouette\"}]},{\"@type\":\"WebSite\",\"@id\":\"https:\\\/\\\/www.altercampagne.net\\\/#website\",\"url\":\"https:\\\/\\\/www.altercampagne.net\\\/\",\"name\":\"AlterTour\",\"description\":\"Reliez les Alternatives \u00e0 v\u00e9lo\",\"potentialAction\":[{\"@type\":\"SearchAction\",\"target\":{\"@type\":\"EntryPoint\",\"urlTemplate\":\"https:\\\/\\\/www.altercampagne.net\\\/?s={search_term_string}\"},\"query-input\":{\"@type\":\"PropertyValueSpecification\",\"valueRequired\":true,\"valueName\":\"search_term_string\"}}],\"inLanguage\":\"fr-FR\"},{\"@type\":\"Person\",\"@id\":\"https:\\\/\\\/www.altercampagne.net\\\/#\\\/schema\\\/person\\\/3afde49d8c0be52224ae61fe720b4b19\",\"name\":\"Marine R\",\"image\":{\"@type\":\"ImageObject\",\"inLanguage\":\"fr-FR\",\"@id\":\"https:\\\/\\\/secure.gravatar.com\\\/avatar\\\/a3c4f944a184c737c95a33c9fc36f74b2637ea270671045d89722a608b50fd88?s=96&d=mm&r=g\",\"url\":\"https:\\\/\\\/secure.gravatar.com\\\/avatar\\\/a3c4f944a184c737c95a33c9fc36f74b2637ea270671045d89722a608b50fd88?s=96&d=mm&r=g\",\"contentUrl\":\"https:\\\/\\\/secure.gravatar.com\\\/avatar\\\/a3c4f944a184c737c95a33c9fc36f74b2637ea270671045d89722a608b50fd88?s=96&d=mm&r=g\",\"caption\":\"Marine R\"},\"url\":\"https:\\\/\\\/www.altercampagne.net\\\/?author=198\"}]}<\/script>\n<!-- \/ Yoast SEO plugin. -->","yoast_head_json":{"title":"Jour de repos au Domaine de la Chouette - AlterTour","robots":{"index":"index","follow":"follow","max-snippet":"max-snippet:-1","max-image-preview":"max-image-preview:large","max-video-preview":"max-video-preview:-1"},"canonical":"https:\/\/www.altercampagne.net\/?p=28383","og_locale":"fr_FR","og_type":"article","og_title":"Jour de repos au Domaine de la Chouette - AlterTour","og_description":"Il y aurait tant de chose \u00e0 dire sur ce lieu et son collectif bigarr\u00e9 qu&rsquo;on pourrait en tirer toute une s\u00e9rie d&rsquo;article. Mais commen\u00e7ons par notre arriv\u00e9e et notre d\u00e9couverte du lieu.&nbsp; Le trajet&nbsp; Le 17 ao\u00fbt au matin, deux petits nuages perdus dans un ciel bleu magnifique annonce ... Read More","og_url":"https:\/\/www.altercampagne.net\/?p=28383","og_site_name":"AlterTour","article_published_time":"2024-07-17T22:38:55+00:00","article_modified_time":"2024-07-30T19:39:07+00:00","og_image":[{"width":2560,"height":1707,"url":"https:\/\/www.altercampagne.net\/wp-content\/uploads\/2024\/07\/DSC00418-1-scaled.jpg","type":"image\/jpeg"}],"author":"Marine R","twitter_card":"summary_large_image","twitter_misc":{"\u00c9crit par":"Marine R","Dur\u00e9e de lecture estim\u00e9e":"5 minutes"},"schema":{"@context":"https:\/\/schema.org","@graph":[{"@type":"Article","@id":"https:\/\/www.altercampagne.net\/?p=28383#article","isPartOf":{"@id":"https:\/\/www.altercampagne.net\/?p=28383"},"author":{"name":"Marine R","@id":"https:\/\/www.altercampagne.net\/#\/schema\/person\/3afde49d8c0be52224ae61fe720b4b19"},"headline":"Jour de repos au Domaine de la Chouette","datePublished":"2024-07-17T22:38:55+00:00","dateModified":"2024-07-30T19:39:07+00:00","mainEntityOfPage":{"@id":"https:\/\/www.altercampagne.net\/?p=28383"},"wordCount":999,"image":{"@id":"https:\/\/www.altercampagne.net\/?p=28383#primaryimage"},"thumbnailUrl":"https:\/\/www.altercampagne.net\/wp-content\/uploads\/2024\/07\/DSC00418-1-scaled.jpg","articleSection":["AlterTour","\u00c9dition 2024","Culture","Grand Est"],"inLanguage":"fr-FR"},{"@type":"WebPage","@id":"https:\/\/www.altercampagne.net\/?p=28383","url":"https:\/\/www.altercampagne.net\/?p=28383","name":"Jour de repos au Domaine de la Chouette - AlterTour","isPartOf":{"@id":"https:\/\/www.altercampagne.net\/#website"},"primaryImageOfPage":{"@id":"https:\/\/www.altercampagne.net\/?p=28383#primaryimage"},"image":{"@id":"https:\/\/www.altercampagne.net\/?p=28383#primaryimage"},"thumbnailUrl":"https:\/\/www.altercampagne.net\/wp-content\/uploads\/2024\/07\/DSC00418-1-scaled.jpg","datePublished":"2024-07-17T22:38:55+00:00","dateModified":"2024-07-30T19:39:07+00:00","author":{"@id":"https:\/\/www.altercampagne.net\/#\/schema\/person\/3afde49d8c0be52224ae61fe720b4b19"},"breadcrumb":{"@id":"https:\/\/www.altercampagne.net\/?p=28383#breadcrumb"},"inLanguage":"fr-FR","potentialAction":[{"@type":"ReadAction","target":["https:\/\/www.altercampagne.net\/?p=28383"]}]},{"@type":"ImageObject","inLanguage":"fr-FR","@id":"https:\/\/www.altercampagne.net\/?p=28383#primaryimage","url":"https:\/\/www.altercampagne.net\/wp-content\/uploads\/2024\/07\/DSC00418-1-scaled.jpg","contentUrl":"https:\/\/www.altercampagne.net\/wp-content\/uploads\/2024\/07\/DSC00418-1-scaled.jpg","width":2560,"height":1707},{"@type":"BreadcrumbList","@id":"https:\/\/www.altercampagne.net\/?p=28383#breadcrumb","itemListElement":[{"@type":"ListItem","position":1,"name":"Accueil","item":"https:\/\/www.altercampagne.net\/"},{"@type":"ListItem","position":2,"name":"Jour de repos au Domaine de la Chouette"}]},{"@type":"WebSite","@id":"https:\/\/www.altercampagne.net\/#website","url":"https:\/\/www.altercampagne.net\/","name":"AlterTour","description":"Reliez les Alternatives \u00e0 v\u00e9lo","potentialAction":[{"@type":"SearchAction","target":{"@type":"EntryPoint","urlTemplate":"https:\/\/www.altercampagne.net\/?s={search_term_string}"},"query-input":{"@type":"PropertyValueSpecification","valueRequired":true,"valueName":"search_term_string"}}],"inLanguage":"fr-FR"},{"@type":"Person","@id":"https:\/\/www.altercampagne.net\/#\/schema\/person\/3afde49d8c0be52224ae61fe720b4b19","name":"Marine R","image":{"@type":"ImageObject","inLanguage":"fr-FR","@id":"https:\/\/secure.gravatar.com\/avatar\/a3c4f944a184c737c95a33c9fc36f74b2637ea270671045d89722a608b50fd88?s=96&d=mm&r=g","url":"https:\/\/secure.gravatar.com\/avatar\/a3c4f944a184c737c95a33c9fc36f74b2637ea270671045d89722a608b50fd88?s=96&d=mm&r=g","contentUrl":"https:\/\/secure.gravatar.com\/avatar\/a3c4f944a184c737c95a33c9fc36f74b2637ea270671045d89722a608b50fd88?s=96&d=mm&r=g","caption":"Marine R"},"url":"https:\/\/www.altercampagne.net\/?author=198"}]}},"_links":{"self":[{"href":"https:\/\/www.altercampagne.net\/index.php?rest_route=\/wp\/v2\/posts\/28383","targetHints":{"allow":["GET"]}}],"collection":[{"href":"https:\/\/www.altercampagne.net\/index.php?rest_route=\/wp\/v2\/posts"}],"about":[{"href":"https:\/\/www.altercampagne.net\/index.php?rest_route=\/wp\/v2\/types\/post"}],"author":[{"embeddable":true,"href":"https:\/\/www.altercampagne.net\/index.php?rest_route=\/wp\/v2\/users\/198"}],"replies":[{"embeddable":true,"href":"https:\/\/www.altercampagne.net\/index.php?rest_route=%2Fwp%2Fv2%2Fcomments&post=28383"}],"version-history":[{"count":10,"href":"https:\/\/www.altercampagne.net\/index.php?rest_route=\/wp\/v2\/posts\/28383\/revisions"}],"predecessor-version":[{"id":28398,"href":"https:\/\/www.altercampagne.net\/index.php?rest_route=\/wp\/v2\/posts\/28383\/revisions\/28398"}],"wp:featuredmedia":[{"embeddable":true,"href":"https:\/\/www.altercampagne.net\/index.php?rest_route=\/wp\/v2\/media\/28391"}],"wp:attachment":[{"href":"https:\/\/www.altercampagne.net\/index.php?rest_route=%2Fwp%2Fv2%2Fmedia&parent=28383"}],"wp:term":[{"taxonomy":"category","embeddable":true,"href":"https:\/\/www.altercampagne.net\/index.php?rest_route=%2Fwp%2Fv2%2Fcategories&post=28383"},{"taxonomy":"post_tag","embeddable":true,"href":"https:\/\/www.altercampagne.net\/index.php?rest_route=%2Fwp%2Fv2%2Ftags&post=28383"}],"curies":[{"name":"wp","href":"https:\/\/api.w.org\/{rel}","templated":true}]}}