{"id":28410,"date":"2024-07-19T23:03:42","date_gmt":"2024-07-19T21:03:42","guid":{"rendered":"https:\/\/www.altercampagne.net\/?p=28410"},"modified":"2024-07-30T21:40:29","modified_gmt":"2024-07-30T19:40:29","slug":"le-jardin-de-loncle-charles","status":"publish","type":"post","link":"https:\/\/www.altercampagne.net\/?p=28410","title":{"rendered":"Le Jardin de l\u2019Oncle Charles"},"content":{"rendered":"\n<p>Vendredi 19 juillet, il est 6h30 quand l\u2019\u00e9quipe en charge du petit d\u00e9jeuner nous r\u00e9veille. Apr\u00e8s la lecture de l\u2019Horoscope complet par nos Dis-l\u2019Heure-euses, c\u2019est le grand rangement du campement pour partir. Pliage de l\u2019exposition de linge fra\u00eechement lav\u00e9, quizz sur le rangement des bons tuyaux d\u2019eau (mais si, celui-l\u00e0 est \u00e0 nous, mais pas le pistolet, \u00e0 moins que ce soit l\u2019inverse\u2026), attente impatiente de notre accueillante pour r\u00e9cup\u00e9rer le stock de fromage enferm\u00e9 dans le frigo, n\u00e9gociation avec quelques branches pour faire sortir notre magnifique Iveco, et c\u2019est le grand d\u00e9part !!<\/p>\n\n\n\n<p>Ce sera un voyage au milieu des vignes aujourd\u2019hui ! Nous constatons avec tristesse qu\u2019elles sont trop bien entretenues, et laissent peu de place aux m\u00fbriers qui ravissent les altercyclistes. Nous souffrons du soleil, mais aussi du passage au milieu de nombreuses boulangeries. Nos bouches salivent en devinant les bretzels en devanture\u2026 mais pas le temps de s\u2019arr\u00eater, le soleil tape et nous sommes tous press\u00e9s d\u2019arriver au Jardin de l\u2019Oncle Charles. <\/p>\n\n\n<div class=\"wp-block-image\">\n<figure class=\"alignleft size-large is-resized\"><a href=\"https:\/\/www.altercampagne.net\/wp-content\/uploads\/2024\/07\/19-07-2024-Jardin-de-l_oncle-Charles-1-scaled.jpg\"><img loading=\"lazy\" decoding=\"async\" width=\"1024\" height=\"768\" src=\"https:\/\/www.altercampagne.net\/wp-content\/uploads\/2024\/07\/19-07-2024-Jardin-de-l_oncle-Charles-1-1024x768.jpg\" alt=\"\" class=\"wp-image-28413\" style=\"width:374px;height:auto\" srcset=\"https:\/\/www.altercampagne.net\/wp-content\/uploads\/2024\/07\/19-07-2024-Jardin-de-l_oncle-Charles-1-1024x768.jpg 1024w, https:\/\/www.altercampagne.net\/wp-content\/uploads\/2024\/07\/19-07-2024-Jardin-de-l_oncle-Charles-1-300x225.jpg 300w, https:\/\/www.altercampagne.net\/wp-content\/uploads\/2024\/07\/19-07-2024-Jardin-de-l_oncle-Charles-1-768x576.jpg 768w, https:\/\/www.altercampagne.net\/wp-content\/uploads\/2024\/07\/19-07-2024-Jardin-de-l_oncle-Charles-1-1536x1152.jpg 1536w, https:\/\/www.altercampagne.net\/wp-content\/uploads\/2024\/07\/19-07-2024-Jardin-de-l_oncle-Charles-1-2048x1536.jpg 2048w, https:\/\/www.altercampagne.net\/wp-content\/uploads\/2024\/07\/19-07-2024-Jardin-de-l_oncle-Charles-1-100x75.jpg 100w, https:\/\/www.altercampagne.net\/wp-content\/uploads\/2024\/07\/19-07-2024-Jardin-de-l_oncle-Charles-1-862x647.jpg 862w\" sizes=\"auto, (max-width: 1024px) 100vw, 1024px\" \/><\/a><\/figure>\n<\/div>\n\n\n<p> Nous voici arriv\u00e9 sur le terrain, ses modestes 55 ares bien optimis\u00e9s nous permettent de nous installer rapidement sans nous \u00e9parpiller. Rapidement, le groupe se retrouve sous l\u2019appentis, seul espace d\u2019ombre pour le moment et notre \u00e9quipe cuisine du midi annonce \u00ab Le repas est pr\u00eat \u00bb. Nous voici donc \u00e0 table autour d\u2019un couscous v\u00e9g\u00e9tarien et du c\u00e9l\u00e8bre plateau de fromage.<\/p>\n\n\n\n<p><\/p>\n\n\n\n<p><\/p>\n\n\n<div class=\"wp-block-image\">\n<figure class=\"alignright size-large is-resized\"><a href=\"https:\/\/www.altercampagne.net\/wp-content\/uploads\/2024\/07\/19-07-2024-Jardin-de-l_oncle-Charles-2-scaled.jpg\"><img loading=\"lazy\" decoding=\"async\" width=\"1024\" height=\"768\" src=\"https:\/\/www.altercampagne.net\/wp-content\/uploads\/2024\/07\/19-07-2024-Jardin-de-l_oncle-Charles-2-1024x768.jpg\" alt=\"\" class=\"wp-image-28414\" style=\"width:405px;height:auto\" srcset=\"https:\/\/www.altercampagne.net\/wp-content\/uploads\/2024\/07\/19-07-2024-Jardin-de-l_oncle-Charles-2-1024x768.jpg 1024w, https:\/\/www.altercampagne.net\/wp-content\/uploads\/2024\/07\/19-07-2024-Jardin-de-l_oncle-Charles-2-300x225.jpg 300w, https:\/\/www.altercampagne.net\/wp-content\/uploads\/2024\/07\/19-07-2024-Jardin-de-l_oncle-Charles-2-768x576.jpg 768w, https:\/\/www.altercampagne.net\/wp-content\/uploads\/2024\/07\/19-07-2024-Jardin-de-l_oncle-Charles-2-1536x1152.jpg 1536w, https:\/\/www.altercampagne.net\/wp-content\/uploads\/2024\/07\/19-07-2024-Jardin-de-l_oncle-Charles-2-2048x1536.jpg 2048w, https:\/\/www.altercampagne.net\/wp-content\/uploads\/2024\/07\/19-07-2024-Jardin-de-l_oncle-Charles-2-100x75.jpg 100w, https:\/\/www.altercampagne.net\/wp-content\/uploads\/2024\/07\/19-07-2024-Jardin-de-l_oncle-Charles-2-862x647.jpg 862w, https:\/\/www.altercampagne.net\/wp-content\/uploads\/2024\/07\/19-07-2024-Jardin-de-l_oncle-Charles-2-1140x855.jpg 1140w\" sizes=\"auto, (max-width: 1024px) 100vw, 1024px\" \/><\/a><\/figure>\n<\/div>\n\n\n<p>Au programme de l\u2019apr\u00e8s-midi, une altercycliste propose d\u2019animer une <a href=\"https:\/\/fresqueduclimat.org\/\">fresque du climat<\/a> pour les int\u00e9ress\u00e9s, au pied d\u2019un grand arbre \u00e0 l\u2019ombre fort agr\u00e9able. Par d\u00e9cence, je ne vous partage pas le verso de la photo\u00a0: une bonne vingtaine d\u2019altercyclistes en pleine sieste \u00e0 l\u2019ombre des tonnelles et de l\u2019Iveco (que ferait-on sans lui !!).<\/p>\n\n\n\n<p>Georges nous rejoint, c\u2019est lui qui nous accueille aujourd\u2019hui sur son terrain. Nous prenons un temps pour comprendre son activit\u00e9 et son histoire.<\/p>\n\n\n\n<p>Georges a fait une \u00e9cole de commerce, et a travaill\u00e9 plusieurs ann\u00e9es dans la logistique \u00e0 l\u2019international, et en particulier en Inde. Lorsqu\u2019il d\u00e9couvre le film <a href=\"https:\/\/fr.wikipedia.org\/wiki\/Demain_(film,_2015)\">Demain (Cyril Dion et M\u00e9lanie Laurent, 2015)<\/a>, c\u2019est un d\u00e9clic pour lui, il veut devenir mara\u00eecher pour donner du sens \u00e0 son activit\u00e9&nbsp;: nourrir l\u2019humain.<\/p>\n\n\n\n<p>Il passe alors le Brevet Professionnel de Responsable d\u2019Entreprise Agricole (BPREA pour les intimes) et se met \u00e0 la recherche d\u2019un terrain. Par chance, son cousin &#8211; qui travaille en viticulture &#8211; lui permet de trouver cet espace que le viticulteur, touch\u00e9 par son projet, accepte de lui louer. Le voici en 2019 avec un terrain de 55 ares, \u00e0 installer.<\/p>\n\n\n\n<h6 class=\"wp-block-heading has-vivid-cyan-blue-color has-text-color has-link-color wp-elements-d645c436c4a0fda9402fa2a602666978\">Production <\/h6>\n\n\n\n<p>Son enjeu \u00e0 partir de ce moment l\u00e0&nbsp;: produire le mieux, en utilisant le moins de ressources possibles. Ses inspirations sont le principe du Jugaad qu\u2019il a d\u00e9couvert aupr\u00e8s d\u2019agriculteurs indiens (Faire mieux avec moins, concept d\u2019innovation qui favorise la d\u00e9brouillardise et l\u2019inventivit\u00e9),&nbsp;et Jean-Martin Fortier, un agriculteur qu\u00e9bequois dont il retient la recherche constante d\u2019efficacit\u00e9.<\/p>\n\n\n\n<p>Il d\u00e9cide de produire bio, selon l\u2019adage \u00ab\u00a0 l&rsquo;homme nourrit le sol et le sol nourrit les plantes\u00a0\u00bb. Il n\u2019utilise aucun engrais, seulement un apport de compost annuel\u00a0 qui est \u00e9pandu sur le sol par les vignerons du coin,. Ses plantations sont r\u00e9alis\u00e9es \u00e0 la main. Il a tr\u00e8s peu d\u2019\u00e9quipements sur le terrain (pas d\u2019\u00e9lectricit\u00e9, pas d\u2019eau courante, mais il a fait percer un puisage\u00a0 pour assurer l\u2019arrosage n\u00e9cessaire). C\u00f4t\u00e9 plants, Georges a d\u00e9cid\u00e9 de ne pas les faire lui-m\u00eame lorsqu\u2019il peut en acheter\u00a0: \u00ab\u00a0C&rsquo;est un vrai m\u00e9tier de faire des plants, chacun son job\u00a0\u00bb. Sur 35 ares, il cultive aujourd\u2019hui une cinquantaine de produits\u00a0: Tomates, poivrons, aubergines, piments, courgettes, ail, oignon, salade, concombre, Choux\u2026<\/p>\n\n\n\n<figure class=\"wp-block-image size-large is-resized\"><a href=\"https:\/\/www.altercampagne.net\/wp-content\/uploads\/2024\/07\/19-07-2024-Jardin-de-l_oncle-Charles-3-scaled.jpg\"><img loading=\"lazy\" decoding=\"async\" width=\"1024\" height=\"768\" src=\"https:\/\/www.altercampagne.net\/wp-content\/uploads\/2024\/07\/19-07-2024-Jardin-de-l_oncle-Charles-3-1024x768.jpg\" alt=\"\" class=\"wp-image-28420\" style=\"width:585px;height:auto\" srcset=\"https:\/\/www.altercampagne.net\/wp-content\/uploads\/2024\/07\/19-07-2024-Jardin-de-l_oncle-Charles-3-1024x768.jpg 1024w, https:\/\/www.altercampagne.net\/wp-content\/uploads\/2024\/07\/19-07-2024-Jardin-de-l_oncle-Charles-3-300x225.jpg 300w, https:\/\/www.altercampagne.net\/wp-content\/uploads\/2024\/07\/19-07-2024-Jardin-de-l_oncle-Charles-3-768x576.jpg 768w, https:\/\/www.altercampagne.net\/wp-content\/uploads\/2024\/07\/19-07-2024-Jardin-de-l_oncle-Charles-3-1536x1152.jpg 1536w, https:\/\/www.altercampagne.net\/wp-content\/uploads\/2024\/07\/19-07-2024-Jardin-de-l_oncle-Charles-3-2048x1536.jpg 2048w, https:\/\/www.altercampagne.net\/wp-content\/uploads\/2024\/07\/19-07-2024-Jardin-de-l_oncle-Charles-3-100x75.jpg 100w, https:\/\/www.altercampagne.net\/wp-content\/uploads\/2024\/07\/19-07-2024-Jardin-de-l_oncle-Charles-3-862x647.jpg 862w, https:\/\/www.altercampagne.net\/wp-content\/uploads\/2024\/07\/19-07-2024-Jardin-de-l_oncle-Charles-3-1140x855.jpg 1140w\" sizes=\"auto, (max-width: 1024px) 100vw, 1024px\" \/><\/a><\/figure>\n\n\n\n<p>Son retour d\u2019exp\u00e9rience apr\u00e8s 4 ann\u00e9es\u00a0: il estime avoir eu assez peu de maladies sur les plantes, ce qu\u2019il suppose \u00eatre li\u00e9 aux plantes qui apprennent \u00e0 se prot\u00e9ger toutes seules. Lorsque certaines plantations lui demandent trop d\u2019\u00e9nergie, il les abandonnent au profit d\u2019autres (peu de crucif\u00e8res \u2013 choux, roquette, radis &#8211; qui se font trop manger par les altises, il s\u2019essaie toutefois aux filets pour les prot\u00e9ger).<\/p>\n\n\n\n<p><em>Son t\u00e9l\u00e9phone sonne\u00a0: priorit\u00e9 au direct. C\u2019est la commande de la maison de retraite du village, Ana\u00efs notre pr\u00e9pa-\u00e9tape devient secr\u00e9taire un court instant et note \u00ab\u00a010kg de crim\u00e9e et 2 caisses de salade, c\u2019est not\u00e9\u00a0\u00bb.<\/em><\/p>\n\n\n\n<h6 class=\"wp-block-heading has-vivid-cyan-blue-color has-text-color has-link-color wp-elements-df50693d3c4708ac11beb9a6661e3e3c\">Commercialisation<\/h6>\n\n\n\n<p>Aujourd\u2019hui, Georges vend aupr\u00e8s de pas mal de restaurateurs locaux (dont un restaurant avec lequel il \u00e9change beaucoup pour adapter sa production \u00e0 leurs attentes), l\u2019hypermarch\u00e9 local qu\u2019il a d\u00e9march\u00e9, la maison de retraite, et il a fait installer depuis peu des casiers de vente \u00e0 la sortie du village. Cela lui fait une client\u00e8le r\u00e9guli\u00e8re et fid\u00e8le qui lui permet d\u2019avoir un contact direct avec les consommateurs, ce qu\u2019il appr\u00e9cie. Son fonctionnement simple et peu industrialis\u00e9 lui permet de personnaliser sa production et d\u2019assurer un niveau de qualit\u00e9 qui est appr\u00e9ci\u00e9 par les consommateurs.<\/p>\n\n\n\n<h6 class=\"wp-block-heading has-vivid-cyan-blue-color has-text-color has-link-color wp-elements-b2418670c7ab1a2878b31101f5e779a6\"><strong>Vie d\u2019agriculteur<\/strong><\/h6>\n\n\n\n<p>Pendant l\u2019\u00e9t\u00e9, il travaille 8h\/jour au jardin, et compl\u00e8te avec un temps de travail cons\u00e9quent au bureau le soir. Il regrette d\u2019avoir autant d\u2019administratif \u00e0 faire, mais admet que ses comp\u00e9tences professionnelles ant\u00e9rieurs lui donnent une aisance informatique qui l\u2019aide \u00e0 s\u2019organiser. Il appr\u00e9cie toutefois fonctionner avec une certaine simplicit\u00e9 (calendrier de son t\u00e9l\u00e9phone pour les prises de commande, quelques fichiers excels pour l\u2019organisation de sa production). Depuis peu, Georges a embauch\u00e9 un saisonnier qui lui fait gagner beaucoup de temps, et lui permet d\u2019avoir un faible temps de travail le WE (surveillance de la m\u00e9t\u00e9o et remplissage des casiers).<\/p>\n\n\n\n<p>Selon Georges, le vrai souci des agriculteurs\u00a0: \u00ab\u00a0c&rsquo;est la m\u00e9t\u00e9o.\u00a0A ce niveau, c&rsquo;est de la maltraitance. Tu passes tes journ\u00e9es sur ton appli m\u00e9t\u00e9o.\u00a0\u00bb.<\/p>\n\n\n\n<h6 class=\"wp-block-heading has-vivid-cyan-blue-color has-text-color has-link-color wp-elements-7cfecc49baf352cc35f8727526c3b586\"><strong>Vision d\u2019avenir<\/strong><\/h6>\n\n\n\n<p>Georges appr\u00e9cie son mod\u00e8le&nbsp;de production efficace sur un petit terrain. Son objectif est de p\u00e9renniser, d\u2019optimiser toujours et encore sa production et son travail, de r\u00e9ussir \u00e0 embaucher un coll\u00e8gue \u00e0 temps plein, et de d\u00e9velopper la production de fleurs comestibles (une demande de ses restaurateurs).<\/p>\n\n\n\n<p>\u00ab&nbsp;Toutes les municipalit\u00e9s devraient confier 2 hectares \u00e0 4 mara\u00eechers, c\u2019est \u00e7a le mod\u00e8le de l\u2019agriculture qu\u2019il faudrait pour nourrir le monde.&nbsp;\u00bb<\/p>\n\n\n\n<p>Pour plus d\u2019informations sur le Jardin de l\u2019Oncle Charles, vous pouvez consulter <a href=\"https:\/\/www.facebook.com\/people\/Les-jardins-de-loncle-Charles\/100063885438942\/\">sa page Facebook<\/a>.<\/p>\n\n\n\n<figure class=\"wp-block-image size-large is-resized\"><a href=\"https:\/\/www.altercampagne.net\/wp-content\/uploads\/2024\/07\/19-07-2024-Jardin-de-l_oncle-Charles-4-scaled.jpg\"><img loading=\"lazy\" decoding=\"async\" width=\"1024\" height=\"768\" src=\"https:\/\/www.altercampagne.net\/wp-content\/uploads\/2024\/07\/19-07-2024-Jardin-de-l_oncle-Charles-4-1024x768.jpg\" alt=\"\" class=\"wp-image-28422\" style=\"width:659px;height:auto\" srcset=\"https:\/\/www.altercampagne.net\/wp-content\/uploads\/2024\/07\/19-07-2024-Jardin-de-l_oncle-Charles-4-1024x768.jpg 1024w, https:\/\/www.altercampagne.net\/wp-content\/uploads\/2024\/07\/19-07-2024-Jardin-de-l_oncle-Charles-4-300x225.jpg 300w, https:\/\/www.altercampagne.net\/wp-content\/uploads\/2024\/07\/19-07-2024-Jardin-de-l_oncle-Charles-4-768x576.jpg 768w, https:\/\/www.altercampagne.net\/wp-content\/uploads\/2024\/07\/19-07-2024-Jardin-de-l_oncle-Charles-4-1536x1152.jpg 1536w, https:\/\/www.altercampagne.net\/wp-content\/uploads\/2024\/07\/19-07-2024-Jardin-de-l_oncle-Charles-4-2048x1536.jpg 2048w, https:\/\/www.altercampagne.net\/wp-content\/uploads\/2024\/07\/19-07-2024-Jardin-de-l_oncle-Charles-4-100x75.jpg 100w, https:\/\/www.altercampagne.net\/wp-content\/uploads\/2024\/07\/19-07-2024-Jardin-de-l_oncle-Charles-4-862x647.jpg 862w, https:\/\/www.altercampagne.net\/wp-content\/uploads\/2024\/07\/19-07-2024-Jardin-de-l_oncle-Charles-4-1140x855.jpg 1140w\" sizes=\"auto, (max-width: 1024px) 100vw, 1024px\" \/><\/a><\/figure>\n\n\n\n<p>L<em>\u2019alterjournaliste du jour a failli \u00e0 sa mission de prendre en photo l\u2019\u00e9change passionnant qui a eu lieu, veuillez nous en excuser et accepter cette photo prise lors des remerciements, au moment de quitter le jardin de l\u2019Oncle Charles.<\/em><\/p>\n\n\n\n<p>La journ\u00e9e se termine par une douche collective \u00e0 l\u2019eau du puisage de Georges, puis d\u2019un briefing du soir, anim\u00e9 depuis les douches et toilettes s\u00e8ches de l&rsquo;AlterTour (nos altercyclistes n\u2019ont aucune limite). <\/p>\n\n\n<div class=\"wp-block-image\">\n<figure class=\"alignleft size-large is-resized\"><a href=\"https:\/\/www.altercampagne.net\/wp-content\/uploads\/2024\/07\/19-07-2024-Jardin-de-l_oncle-Charles-5-scaled.jpg\"><img loading=\"lazy\" decoding=\"async\" width=\"1024\" height=\"768\" src=\"https:\/\/www.altercampagne.net\/wp-content\/uploads\/2024\/07\/19-07-2024-Jardin-de-l_oncle-Charles-5-1024x768.jpg\" alt=\"\" class=\"wp-image-28423\" style=\"width:327px;height:auto\" srcset=\"https:\/\/www.altercampagne.net\/wp-content\/uploads\/2024\/07\/19-07-2024-Jardin-de-l_oncle-Charles-5-1024x768.jpg 1024w, https:\/\/www.altercampagne.net\/wp-content\/uploads\/2024\/07\/19-07-2024-Jardin-de-l_oncle-Charles-5-300x225.jpg 300w, https:\/\/www.altercampagne.net\/wp-content\/uploads\/2024\/07\/19-07-2024-Jardin-de-l_oncle-Charles-5-768x576.jpg 768w, https:\/\/www.altercampagne.net\/wp-content\/uploads\/2024\/07\/19-07-2024-Jardin-de-l_oncle-Charles-5-1536x1152.jpg 1536w, https:\/\/www.altercampagne.net\/wp-content\/uploads\/2024\/07\/19-07-2024-Jardin-de-l_oncle-Charles-5-2048x1536.jpg 2048w, https:\/\/www.altercampagne.net\/wp-content\/uploads\/2024\/07\/19-07-2024-Jardin-de-l_oncle-Charles-5-100x75.jpg 100w, https:\/\/www.altercampagne.net\/wp-content\/uploads\/2024\/07\/19-07-2024-Jardin-de-l_oncle-Charles-5-862x647.jpg 862w, https:\/\/www.altercampagne.net\/wp-content\/uploads\/2024\/07\/19-07-2024-Jardin-de-l_oncle-Charles-5-1140x855.jpg 1140w\" sizes=\"auto, (max-width: 1024px) 100vw, 1024px\" \/><\/a><\/figure>\n<\/div>\n\n\n<p>La soir\u00e9e se termine avec des petits jeux de connaissance, appr\u00e9ci\u00e9s vu le grand nombre d\u2019arriv\u00e9es ces derniers jours.<\/p>\n\n\n\n<p>C\u2019\u00e9tait le vendredi 19 juillet, demain le tour prend la direction de Lauthenbach.<\/p>\n\n\n\n<p><\/p>\n\n\n\n<p><\/p>\n\n\n\n<p><\/p>\n\n\n\n<p>Alterjounaliste : Olivier<\/p>\n","protected":false},"excerpt":{"rendered":"<p>Vendredi 19 juillet, il est 6h30 quand l\u2019\u00e9quipe en charge du petit d\u00e9jeuner nous r\u00e9veille. Apr\u00e8s la lecture de l\u2019Horoscope complet par nos Dis-l\u2019Heure-euses, c\u2019est le grand rangement du campement pour partir. Pliage de l\u2019exposition de linge fra\u00eechement lav\u00e9, quizz sur le rangement des bons tuyaux d\u2019eau (mais si, celui-l\u00e0 &#8230; <\/p>\n<div><a href=\"https:\/\/www.altercampagne.net\/?p=28410\" class=\"more-link\">Read More<\/a><\/div>\n","protected":false},"author":198,"featured_media":28422,"comment_status":"closed","ping_status":"closed","sticky":false,"template":"","format":"standard","meta":{"footnotes":""},"categories":[3483,4449,3489,3475],"tags":[],"class_list":["post-28410","post","type-post","status-publish","format-standard","has-post-thumbnail","hentry","category-agriculture","category-edition-2024","category-alimentation","category-grand-est"],"yoast_head":"<!-- This site is optimized with the Yoast SEO plugin v27.3 - https:\/\/yoast.com\/product\/yoast-seo-wordpress\/ -->\n<title>Le Jardin de l\u2019Oncle Charles - AlterTour<\/title>\n<meta name=\"robots\" content=\"index, follow, max-snippet:-1, max-image-preview:large, max-video-preview:-1\" \/>\n<link rel=\"canonical\" href=\"https:\/\/www.altercampagne.net\/?p=28410\" \/>\n<meta property=\"og:locale\" content=\"fr_FR\" \/>\n<meta property=\"og:type\" content=\"article\" \/>\n<meta property=\"og:title\" content=\"Le Jardin de l\u2019Oncle Charles - AlterTour\" \/>\n<meta property=\"og:description\" content=\"Vendredi 19 juillet, il est 6h30 quand l\u2019\u00e9quipe en charge du petit d\u00e9jeuner nous r\u00e9veille. Apr\u00e8s la lecture de l\u2019Horoscope complet par nos Dis-l\u2019Heure-euses, c\u2019est le grand rangement du campement pour partir. Pliage de l\u2019exposition de linge fra\u00eechement lav\u00e9, quizz sur le rangement des bons tuyaux d\u2019eau (mais si, celui-l\u00e0 ... Read More\" \/>\n<meta property=\"og:url\" content=\"https:\/\/www.altercampagne.net\/?p=28410\" \/>\n<meta property=\"og:site_name\" content=\"AlterTour\" \/>\n<meta property=\"article:published_time\" content=\"2024-07-19T21:03:42+00:00\" \/>\n<meta property=\"article:modified_time\" content=\"2024-07-30T19:40:29+00:00\" \/>\n<meta property=\"og:image\" content=\"https:\/\/www.altercampagne.net\/wp-content\/uploads\/2024\/07\/19-07-2024-Jardin-de-l_oncle-Charles-4-scaled.jpg\" \/>\n\t<meta property=\"og:image:width\" content=\"2560\" \/>\n\t<meta property=\"og:image:height\" content=\"1920\" \/>\n\t<meta property=\"og:image:type\" content=\"image\/jpeg\" \/>\n<meta name=\"author\" content=\"Marine R\" \/>\n<meta name=\"twitter:card\" content=\"summary_large_image\" \/>\n<meta name=\"twitter:label1\" content=\"\u00c9crit par\" \/>\n\t<meta name=\"twitter:data1\" content=\"Marine R\" \/>\n\t<meta name=\"twitter:label2\" content=\"Dur\u00e9e de lecture estim\u00e9e\" \/>\n\t<meta name=\"twitter:data2\" content=\"7 minutes\" \/>\n<script type=\"application\/ld+json\" class=\"yoast-schema-graph\">{\"@context\":\"https:\\\/\\\/schema.org\",\"@graph\":[{\"@type\":\"Article\",\"@id\":\"https:\\\/\\\/www.altercampagne.net\\\/?p=28410#article\",\"isPartOf\":{\"@id\":\"https:\\\/\\\/www.altercampagne.net\\\/?p=28410\"},\"author\":{\"name\":\"Marine R\",\"@id\":\"https:\\\/\\\/www.altercampagne.net\\\/#\\\/schema\\\/person\\\/3afde49d8c0be52224ae61fe720b4b19\"},\"headline\":\"Le Jardin de l\u2019Oncle Charles\",\"datePublished\":\"2024-07-19T21:03:42+00:00\",\"dateModified\":\"2024-07-30T19:40:29+00:00\",\"mainEntityOfPage\":{\"@id\":\"https:\\\/\\\/www.altercampagne.net\\\/?p=28410\"},\"wordCount\":1259,\"image\":{\"@id\":\"https:\\\/\\\/www.altercampagne.net\\\/?p=28410#primaryimage\"},\"thumbnailUrl\":\"https:\\\/\\\/www.altercampagne.net\\\/wp-content\\\/uploads\\\/2024\\\/07\\\/19-07-2024-Jardin-de-l_oncle-Charles-4-scaled.jpg\",\"articleSection\":[\"Agriculture\",\"\u00c9dition 2024\",\"Alimentation\",\"Grand Est\"],\"inLanguage\":\"fr-FR\"},{\"@type\":\"WebPage\",\"@id\":\"https:\\\/\\\/www.altercampagne.net\\\/?p=28410\",\"url\":\"https:\\\/\\\/www.altercampagne.net\\\/?p=28410\",\"name\":\"Le Jardin de l\u2019Oncle Charles - AlterTour\",\"isPartOf\":{\"@id\":\"https:\\\/\\\/www.altercampagne.net\\\/#website\"},\"primaryImageOfPage\":{\"@id\":\"https:\\\/\\\/www.altercampagne.net\\\/?p=28410#primaryimage\"},\"image\":{\"@id\":\"https:\\\/\\\/www.altercampagne.net\\\/?p=28410#primaryimage\"},\"thumbnailUrl\":\"https:\\\/\\\/www.altercampagne.net\\\/wp-content\\\/uploads\\\/2024\\\/07\\\/19-07-2024-Jardin-de-l_oncle-Charles-4-scaled.jpg\",\"datePublished\":\"2024-07-19T21:03:42+00:00\",\"dateModified\":\"2024-07-30T19:40:29+00:00\",\"author\":{\"@id\":\"https:\\\/\\\/www.altercampagne.net\\\/#\\\/schema\\\/person\\\/3afde49d8c0be52224ae61fe720b4b19\"},\"breadcrumb\":{\"@id\":\"https:\\\/\\\/www.altercampagne.net\\\/?p=28410#breadcrumb\"},\"inLanguage\":\"fr-FR\",\"potentialAction\":[{\"@type\":\"ReadAction\",\"target\":[\"https:\\\/\\\/www.altercampagne.net\\\/?p=28410\"]}]},{\"@type\":\"ImageObject\",\"inLanguage\":\"fr-FR\",\"@id\":\"https:\\\/\\\/www.altercampagne.net\\\/?p=28410#primaryimage\",\"url\":\"https:\\\/\\\/www.altercampagne.net\\\/wp-content\\\/uploads\\\/2024\\\/07\\\/19-07-2024-Jardin-de-l_oncle-Charles-4-scaled.jpg\",\"contentUrl\":\"https:\\\/\\\/www.altercampagne.net\\\/wp-content\\\/uploads\\\/2024\\\/07\\\/19-07-2024-Jardin-de-l_oncle-Charles-4-scaled.jpg\",\"width\":2560,\"height\":1920},{\"@type\":\"BreadcrumbList\",\"@id\":\"https:\\\/\\\/www.altercampagne.net\\\/?p=28410#breadcrumb\",\"itemListElement\":[{\"@type\":\"ListItem\",\"position\":1,\"name\":\"Accueil\",\"item\":\"https:\\\/\\\/www.altercampagne.net\\\/\"},{\"@type\":\"ListItem\",\"position\":2,\"name\":\"Le Jardin de l\u2019Oncle Charles\"}]},{\"@type\":\"WebSite\",\"@id\":\"https:\\\/\\\/www.altercampagne.net\\\/#website\",\"url\":\"https:\\\/\\\/www.altercampagne.net\\\/\",\"name\":\"AlterTour\",\"description\":\"Reliez les Alternatives \u00e0 v\u00e9lo\",\"potentialAction\":[{\"@type\":\"SearchAction\",\"target\":{\"@type\":\"EntryPoint\",\"urlTemplate\":\"https:\\\/\\\/www.altercampagne.net\\\/?s={search_term_string}\"},\"query-input\":{\"@type\":\"PropertyValueSpecification\",\"valueRequired\":true,\"valueName\":\"search_term_string\"}}],\"inLanguage\":\"fr-FR\"},{\"@type\":\"Person\",\"@id\":\"https:\\\/\\\/www.altercampagne.net\\\/#\\\/schema\\\/person\\\/3afde49d8c0be52224ae61fe720b4b19\",\"name\":\"Marine R\",\"image\":{\"@type\":\"ImageObject\",\"inLanguage\":\"fr-FR\",\"@id\":\"https:\\\/\\\/secure.gravatar.com\\\/avatar\\\/a3c4f944a184c737c95a33c9fc36f74b2637ea270671045d89722a608b50fd88?s=96&d=mm&r=g\",\"url\":\"https:\\\/\\\/secure.gravatar.com\\\/avatar\\\/a3c4f944a184c737c95a33c9fc36f74b2637ea270671045d89722a608b50fd88?s=96&d=mm&r=g\",\"contentUrl\":\"https:\\\/\\\/secure.gravatar.com\\\/avatar\\\/a3c4f944a184c737c95a33c9fc36f74b2637ea270671045d89722a608b50fd88?s=96&d=mm&r=g\",\"caption\":\"Marine R\"},\"url\":\"https:\\\/\\\/www.altercampagne.net\\\/?author=198\"}]}<\/script>\n<!-- \/ Yoast SEO plugin. -->","yoast_head_json":{"title":"Le Jardin de l\u2019Oncle Charles - AlterTour","robots":{"index":"index","follow":"follow","max-snippet":"max-snippet:-1","max-image-preview":"max-image-preview:large","max-video-preview":"max-video-preview:-1"},"canonical":"https:\/\/www.altercampagne.net\/?p=28410","og_locale":"fr_FR","og_type":"article","og_title":"Le Jardin de l\u2019Oncle Charles - AlterTour","og_description":"Vendredi 19 juillet, il est 6h30 quand l\u2019\u00e9quipe en charge du petit d\u00e9jeuner nous r\u00e9veille. Apr\u00e8s la lecture de l\u2019Horoscope complet par nos Dis-l\u2019Heure-euses, c\u2019est le grand rangement du campement pour partir. Pliage de l\u2019exposition de linge fra\u00eechement lav\u00e9, quizz sur le rangement des bons tuyaux d\u2019eau (mais si, celui-l\u00e0 ... Read More","og_url":"https:\/\/www.altercampagne.net\/?p=28410","og_site_name":"AlterTour","article_published_time":"2024-07-19T21:03:42+00:00","article_modified_time":"2024-07-30T19:40:29+00:00","og_image":[{"width":2560,"height":1920,"url":"https:\/\/www.altercampagne.net\/wp-content\/uploads\/2024\/07\/19-07-2024-Jardin-de-l_oncle-Charles-4-scaled.jpg","type":"image\/jpeg"}],"author":"Marine R","twitter_card":"summary_large_image","twitter_misc":{"\u00c9crit par":"Marine R","Dur\u00e9e de lecture estim\u00e9e":"7 minutes"},"schema":{"@context":"https:\/\/schema.org","@graph":[{"@type":"Article","@id":"https:\/\/www.altercampagne.net\/?p=28410#article","isPartOf":{"@id":"https:\/\/www.altercampagne.net\/?p=28410"},"author":{"name":"Marine R","@id":"https:\/\/www.altercampagne.net\/#\/schema\/person\/3afde49d8c0be52224ae61fe720b4b19"},"headline":"Le Jardin de l\u2019Oncle Charles","datePublished":"2024-07-19T21:03:42+00:00","dateModified":"2024-07-30T19:40:29+00:00","mainEntityOfPage":{"@id":"https:\/\/www.altercampagne.net\/?p=28410"},"wordCount":1259,"image":{"@id":"https:\/\/www.altercampagne.net\/?p=28410#primaryimage"},"thumbnailUrl":"https:\/\/www.altercampagne.net\/wp-content\/uploads\/2024\/07\/19-07-2024-Jardin-de-l_oncle-Charles-4-scaled.jpg","articleSection":["Agriculture","\u00c9dition 2024","Alimentation","Grand Est"],"inLanguage":"fr-FR"},{"@type":"WebPage","@id":"https:\/\/www.altercampagne.net\/?p=28410","url":"https:\/\/www.altercampagne.net\/?p=28410","name":"Le Jardin de l\u2019Oncle Charles - AlterTour","isPartOf":{"@id":"https:\/\/www.altercampagne.net\/#website"},"primaryImageOfPage":{"@id":"https:\/\/www.altercampagne.net\/?p=28410#primaryimage"},"image":{"@id":"https:\/\/www.altercampagne.net\/?p=28410#primaryimage"},"thumbnailUrl":"https:\/\/www.altercampagne.net\/wp-content\/uploads\/2024\/07\/19-07-2024-Jardin-de-l_oncle-Charles-4-scaled.jpg","datePublished":"2024-07-19T21:03:42+00:00","dateModified":"2024-07-30T19:40:29+00:00","author":{"@id":"https:\/\/www.altercampagne.net\/#\/schema\/person\/3afde49d8c0be52224ae61fe720b4b19"},"breadcrumb":{"@id":"https:\/\/www.altercampagne.net\/?p=28410#breadcrumb"},"inLanguage":"fr-FR","potentialAction":[{"@type":"ReadAction","target":["https:\/\/www.altercampagne.net\/?p=28410"]}]},{"@type":"ImageObject","inLanguage":"fr-FR","@id":"https:\/\/www.altercampagne.net\/?p=28410#primaryimage","url":"https:\/\/www.altercampagne.net\/wp-content\/uploads\/2024\/07\/19-07-2024-Jardin-de-l_oncle-Charles-4-scaled.jpg","contentUrl":"https:\/\/www.altercampagne.net\/wp-content\/uploads\/2024\/07\/19-07-2024-Jardin-de-l_oncle-Charles-4-scaled.jpg","width":2560,"height":1920},{"@type":"BreadcrumbList","@id":"https:\/\/www.altercampagne.net\/?p=28410#breadcrumb","itemListElement":[{"@type":"ListItem","position":1,"name":"Accueil","item":"https:\/\/www.altercampagne.net\/"},{"@type":"ListItem","position":2,"name":"Le Jardin de l\u2019Oncle Charles"}]},{"@type":"WebSite","@id":"https:\/\/www.altercampagne.net\/#website","url":"https:\/\/www.altercampagne.net\/","name":"AlterTour","description":"Reliez les Alternatives \u00e0 v\u00e9lo","potentialAction":[{"@type":"SearchAction","target":{"@type":"EntryPoint","urlTemplate":"https:\/\/www.altercampagne.net\/?s={search_term_string}"},"query-input":{"@type":"PropertyValueSpecification","valueRequired":true,"valueName":"search_term_string"}}],"inLanguage":"fr-FR"},{"@type":"Person","@id":"https:\/\/www.altercampagne.net\/#\/schema\/person\/3afde49d8c0be52224ae61fe720b4b19","name":"Marine R","image":{"@type":"ImageObject","inLanguage":"fr-FR","@id":"https:\/\/secure.gravatar.com\/avatar\/a3c4f944a184c737c95a33c9fc36f74b2637ea270671045d89722a608b50fd88?s=96&d=mm&r=g","url":"https:\/\/secure.gravatar.com\/avatar\/a3c4f944a184c737c95a33c9fc36f74b2637ea270671045d89722a608b50fd88?s=96&d=mm&r=g","contentUrl":"https:\/\/secure.gravatar.com\/avatar\/a3c4f944a184c737c95a33c9fc36f74b2637ea270671045d89722a608b50fd88?s=96&d=mm&r=g","caption":"Marine R"},"url":"https:\/\/www.altercampagne.net\/?author=198"}]}},"_links":{"self":[{"href":"https:\/\/www.altercampagne.net\/index.php?rest_route=\/wp\/v2\/posts\/28410","targetHints":{"allow":["GET"]}}],"collection":[{"href":"https:\/\/www.altercampagne.net\/index.php?rest_route=\/wp\/v2\/posts"}],"about":[{"href":"https:\/\/www.altercampagne.net\/index.php?rest_route=\/wp\/v2\/types\/post"}],"author":[{"embeddable":true,"href":"https:\/\/www.altercampagne.net\/index.php?rest_route=\/wp\/v2\/users\/198"}],"replies":[{"embeddable":true,"href":"https:\/\/www.altercampagne.net\/index.php?rest_route=%2Fwp%2Fv2%2Fcomments&post=28410"}],"version-history":[{"count":11,"href":"https:\/\/www.altercampagne.net\/index.php?rest_route=\/wp\/v2\/posts\/28410\/revisions"}],"predecessor-version":[{"id":28426,"href":"https:\/\/www.altercampagne.net\/index.php?rest_route=\/wp\/v2\/posts\/28410\/revisions\/28426"}],"wp:featuredmedia":[{"embeddable":true,"href":"https:\/\/www.altercampagne.net\/index.php?rest_route=\/wp\/v2\/media\/28422"}],"wp:attachment":[{"href":"https:\/\/www.altercampagne.net\/index.php?rest_route=%2Fwp%2Fv2%2Fmedia&parent=28410"}],"wp:term":[{"taxonomy":"category","embeddable":true,"href":"https:\/\/www.altercampagne.net\/index.php?rest_route=%2Fwp%2Fv2%2Fcategories&post=28410"},{"taxonomy":"post_tag","embeddable":true,"href":"https:\/\/www.altercampagne.net\/index.php?rest_route=%2Fwp%2Fv2%2Ftags&post=28410"}],"curies":[{"name":"wp","href":"https:\/\/api.w.org\/{rel}","templated":true}]}}