{"id":28428,"date":"2024-07-20T23:26:53","date_gmt":"2024-07-20T21:26:53","guid":{"rendered":"https:\/\/www.altercampagne.net\/?p=28428"},"modified":"2024-07-30T21:42:25","modified_gmt":"2024-07-30T19:42:25","slug":"en-route-vers-lautenbach","status":"publish","type":"post","link":"https:\/\/www.altercampagne.net\/?p=28428","title":{"rendered":"En route vers Lautenbach"},"content":{"rendered":"\n<p>Nous p\u00e9dalons ce matin \u00e0 travers le vignoble alsacien, la route est belle et vallon\u00e9e mais nous cramons sous un soleil de plomb. Les altercyclistes multiplient les petites pauses \u00e0 l&rsquo;ombre pour se rafraichir. L&rsquo;arriv\u00e9e est bien m\u00e9rit\u00e9e au bout des 45 km \u00e0 Guebwiller o\u00f9 nous attendent les b\u00e9n\u00e9voles de l&rsquo;association Roue P\u00e8t pour un d\u00e9jeuner partag\u00e9.<\/p>\n\n\n\n<h6 class=\"wp-block-heading has-vivid-cyan-blue-color has-text-color has-link-color wp-elements-22930b4cd87ce6e7be0b8028193fbb49\"><strong>Roue P\u00e8t&rsquo; l&rsquo;asso v\u00e9lo de Guebwiller<\/strong><\/h6>\n\n\n\n<p>Thomas, Louise, Sylvain et Annick nous pr\u00e9sentent leur association cyclo la Roue P\u00e8t&rsquo;.<br>Cr\u00e9\u00e9e il y a 10 ans, elle a pour vocation de promouvoir l&rsquo;usage du v\u00e9lo dans le territoire rural autour de Guebwiller avec pour but sortir les v\u00e9los des garages et remettre en selle les habitant.es de la vall\u00e9e. A cette fin, les b\u00e9n\u00e9voles proposent un atelier hebdomadaire d&rsquo;auto-r\u00e9paration, tous les jeudis de 17h \u00e0 20h, suivi d&rsquo;un d\u00eener partag\u00e9. Le public (120 adh\u00e9rent.es) est principalement familial, avec des tarifs attractifs de vente de v\u00e9lo entre 15 et 25 euros, remis d&rsquo;aplomb, sauv\u00e9s de la d\u00e9chetterie.<\/p>\n\n\n\n<p>L&rsquo;association vise aussi \u00e0 \u00e9quiper en v\u00e9lo les demandeureuses d&rsquo;asile, ce qui est souvent pour elleux leur seul moyen de d\u00e9placement.<\/p>\n\n\n\n<p>Gr\u00e2ce \u00e0 la mobilisation des membres de l&rsquo;association, Guebwiller est devenue une ville o\u00f9 la bicyclette a toute sa place. La Mairie a d\u00e9velopp\u00e9 des am\u00e9nagements et a obtenu le label ville cyclable.<\/p>\n\n\n\n<p>Malgr\u00e9 son nom \u00e9vocateur testot\u00e9ron\u00e9, Roue P\u00e8t&rsquo; vise \u00e0 se f\u00e9miniser et propose d\u00e9sormais des ateliers en mixit\u00e9 choisi sans mec cis.<\/p>\n\n\n\n<p>Bravo aux membres de l&rsquo;association pour la mise en place de ce \u00ab\u00a0service public b\u00e9n\u00e9vole\u00a0\u00bb et un grand Merci pour votre chaleureux accueil.<\/p>\n\n\n\n<h6 class=\"wp-block-heading has-vivid-cyan-blue-color has-text-color has-link-color wp-elements-7feb8c276e4be37ecd730f8ca535c617\"><strong>Rencontre avec Philippe Hecky, maire \u00e9colo de Lautenbach<\/strong><\/h6>\n\n\n\n<p>Le soir nous plantons les tentes pour deux nuits sur un terrain pr\u00eat\u00e9 par la commune de Lautenbach. Philippe Hecky, le Maire EELV du village vient \u00e0 notre rencontre nous pr\u00e9senter les actions entreprises par son \u00e9quipe en faveur de la participation citoyenne et de la transition \u00e9cologique.<\/p>\n\n\n\n<p>Philippe Hecky nous partage son parcours passionn\u00e9&nbsp; \u00ab&nbsp;46 ans au service des autres&nbsp;\u00bb&nbsp;: une carri\u00e8re dans l&rsquo;\u00e9ducation nationale en tant que professeur des \u00e9coles, des engagements militants pour les luttes \u00e9cologiques de la vall\u00e9e&nbsp;: r\u00e9seau Florival en Transition, collectif Florirail pour promouvoir le retour du train \u00e0 l&rsquo;arr\u00eat depuis 1972, la lutte contre le projet Stocamine&#8230;<\/p>\n\n\n\n<p>Philippe a \u00e9t\u00e9 \u00e9lu Maire du village en 2020. Avec son \u00e9quipe municipale, il \u0153uvre \u00e0 am\u00e9liorer le quotidien des 1600 habitant.es de la commune&nbsp;: recherche active d&rsquo;un.e m\u00e9decin, am\u00e9nagements cyclables pour encourager les enfants \u00e0 se rendre \u00e0 v\u00e9lo \u00e0 l&rsquo;\u00e9cole, cr\u00e9ation d&rsquo;une chaufferie centralis\u00e9e au bois pour les b\u00e2timents communaux, extinction des lumi\u00e8res pendant les mois d&rsquo;\u00e9t\u00e9.<\/p>\n\n\n\n<p>Leur but est \u00e9galement d&rsquo;&nbsp;inviter les citoyen.nes \u00e0 participer (les \u00e9lu.es marchent r\u00e9guli\u00e8rement dans le village en porte \u00e0 porte \u00e0 la rencontre des citoyen.nes). Nous \u00e9changeons sur le ressenti des \u00e9lu.es ruraux face \u00e0 la mont\u00e9e du vote RN, et ce malgr\u00e9 l&rsquo;absence totale de notori\u00e9t\u00e9 des candidats locaux RN aux l\u00e9gislatives &#8230;<\/p>\n\n\n\n<p>Le Maire nous partage son envie de cr\u00e9er davantage d\u2019\u00e9v\u00e9nements culturels et f\u00e9d\u00e9rateurs, le c\u00f4t\u00e9 festif \u00e9tant pour lui la priorit\u00e9 pour favoriser le vivre ensemble&nbsp;!<\/p>\n\n\n\n<p>Et pour ce soir, nous sommes combl\u00e9.es en musique avec le trio polyphonique f\u00e9ministe\u00a0!<\/p>\n\n\n\n<p><\/p>\n\n\n\n<p>Alterjournaliste : Ad\u00e9la\u00efde<\/p>\n","protected":false},"excerpt":{"rendered":"<p>Nous p\u00e9dalons ce matin \u00e0 travers le vignoble alsacien, la route est belle et vallon\u00e9e mais nous cramons sous un soleil de plomb. Les altercyclistes multiplient les petites pauses \u00e0 l&rsquo;ombre pour se rafraichir. L&rsquo;arriv\u00e9e est bien m\u00e9rit\u00e9e au bout des 45 km \u00e0 Guebwiller o\u00f9 nous attendent les b\u00e9n\u00e9voles &#8230; <\/p>\n<div><a href=\"https:\/\/www.altercampagne.net\/?p=28428\" class=\"more-link\">Read More<\/a><\/div>\n","protected":false},"author":198,"featured_media":28429,"comment_status":"closed","ping_status":"closed","sticky":false,"template":"","format":"standard","meta":{"footnotes":""},"categories":[4449,3475,3932],"tags":[],"class_list":["post-28428","post","type-post","status-publish","format-standard","has-post-thumbnail","hentry","category-edition-2024","category-grand-est","category-velo"],"yoast_head":"<!-- This site is optimized with the Yoast SEO plugin v27.3 - https:\/\/yoast.com\/product\/yoast-seo-wordpress\/ -->\n<title>En route vers Lautenbach - AlterTour<\/title>\n<meta name=\"robots\" content=\"index, follow, max-snippet:-1, max-image-preview:large, max-video-preview:-1\" \/>\n<link rel=\"canonical\" href=\"https:\/\/www.altercampagne.net\/?p=28428\" \/>\n<meta property=\"og:locale\" content=\"fr_FR\" \/>\n<meta property=\"og:type\" content=\"article\" \/>\n<meta property=\"og:title\" content=\"En route vers Lautenbach - AlterTour\" \/>\n<meta property=\"og:description\" content=\"Nous p\u00e9dalons ce matin \u00e0 travers le vignoble alsacien, la route est belle et vallon\u00e9e mais nous cramons sous un soleil de plomb. Les altercyclistes multiplient les petites pauses \u00e0 l&rsquo;ombre pour se rafraichir. L&rsquo;arriv\u00e9e est bien m\u00e9rit\u00e9e au bout des 45 km \u00e0 Guebwiller o\u00f9 nous attendent les b\u00e9n\u00e9voles ... Read More\" \/>\n<meta property=\"og:url\" content=\"https:\/\/www.altercampagne.net\/?p=28428\" \/>\n<meta property=\"og:site_name\" content=\"AlterTour\" \/>\n<meta property=\"article:published_time\" content=\"2024-07-20T21:26:53+00:00\" \/>\n<meta property=\"article:modified_time\" content=\"2024-07-30T19:42:25+00:00\" \/>\n<meta property=\"og:image\" content=\"https:\/\/www.altercampagne.net\/wp-content\/uploads\/2024\/07\/IMG_20240720_181218-scaled.jpg\" \/>\n\t<meta property=\"og:image:width\" content=\"2560\" \/>\n\t<meta property=\"og:image:height\" content=\"1440\" \/>\n\t<meta property=\"og:image:type\" content=\"image\/jpeg\" \/>\n<meta name=\"author\" content=\"Marine R\" \/>\n<meta name=\"twitter:card\" content=\"summary_large_image\" \/>\n<meta name=\"twitter:label1\" content=\"\u00c9crit par\" \/>\n\t<meta name=\"twitter:data1\" content=\"Marine R\" \/>\n\t<meta name=\"twitter:label2\" content=\"Dur\u00e9e de lecture estim\u00e9e\" \/>\n\t<meta name=\"twitter:data2\" content=\"3 minutes\" \/>\n<script type=\"application\/ld+json\" class=\"yoast-schema-graph\">{\"@context\":\"https:\\\/\\\/schema.org\",\"@graph\":[{\"@type\":\"Article\",\"@id\":\"https:\\\/\\\/www.altercampagne.net\\\/?p=28428#article\",\"isPartOf\":{\"@id\":\"https:\\\/\\\/www.altercampagne.net\\\/?p=28428\"},\"author\":{\"name\":\"Marine R\",\"@id\":\"https:\\\/\\\/www.altercampagne.net\\\/#\\\/schema\\\/person\\\/3afde49d8c0be52224ae61fe720b4b19\"},\"headline\":\"En route vers Lautenbach\",\"datePublished\":\"2024-07-20T21:26:53+00:00\",\"dateModified\":\"2024-07-30T19:42:25+00:00\",\"mainEntityOfPage\":{\"@id\":\"https:\\\/\\\/www.altercampagne.net\\\/?p=28428\"},\"wordCount\":607,\"image\":{\"@id\":\"https:\\\/\\\/www.altercampagne.net\\\/?p=28428#primaryimage\"},\"thumbnailUrl\":\"https:\\\/\\\/www.altercampagne.net\\\/wp-content\\\/uploads\\\/2024\\\/07\\\/IMG_20240720_181218-scaled.jpg\",\"articleSection\":[\"\u00c9dition 2024\",\"Grand Est\",\"V\u00e9lo\"],\"inLanguage\":\"fr-FR\"},{\"@type\":\"WebPage\",\"@id\":\"https:\\\/\\\/www.altercampagne.net\\\/?p=28428\",\"url\":\"https:\\\/\\\/www.altercampagne.net\\\/?p=28428\",\"name\":\"En route vers Lautenbach - AlterTour\",\"isPartOf\":{\"@id\":\"https:\\\/\\\/www.altercampagne.net\\\/#website\"},\"primaryImageOfPage\":{\"@id\":\"https:\\\/\\\/www.altercampagne.net\\\/?p=28428#primaryimage\"},\"image\":{\"@id\":\"https:\\\/\\\/www.altercampagne.net\\\/?p=28428#primaryimage\"},\"thumbnailUrl\":\"https:\\\/\\\/www.altercampagne.net\\\/wp-content\\\/uploads\\\/2024\\\/07\\\/IMG_20240720_181218-scaled.jpg\",\"datePublished\":\"2024-07-20T21:26:53+00:00\",\"dateModified\":\"2024-07-30T19:42:25+00:00\",\"author\":{\"@id\":\"https:\\\/\\\/www.altercampagne.net\\\/#\\\/schema\\\/person\\\/3afde49d8c0be52224ae61fe720b4b19\"},\"breadcrumb\":{\"@id\":\"https:\\\/\\\/www.altercampagne.net\\\/?p=28428#breadcrumb\"},\"inLanguage\":\"fr-FR\",\"potentialAction\":[{\"@type\":\"ReadAction\",\"target\":[\"https:\\\/\\\/www.altercampagne.net\\\/?p=28428\"]}]},{\"@type\":\"ImageObject\",\"inLanguage\":\"fr-FR\",\"@id\":\"https:\\\/\\\/www.altercampagne.net\\\/?p=28428#primaryimage\",\"url\":\"https:\\\/\\\/www.altercampagne.net\\\/wp-content\\\/uploads\\\/2024\\\/07\\\/IMG_20240720_181218-scaled.jpg\",\"contentUrl\":\"https:\\\/\\\/www.altercampagne.net\\\/wp-content\\\/uploads\\\/2024\\\/07\\\/IMG_20240720_181218-scaled.jpg\",\"width\":2560,\"height\":1440},{\"@type\":\"BreadcrumbList\",\"@id\":\"https:\\\/\\\/www.altercampagne.net\\\/?p=28428#breadcrumb\",\"itemListElement\":[{\"@type\":\"ListItem\",\"position\":1,\"name\":\"Accueil\",\"item\":\"https:\\\/\\\/www.altercampagne.net\\\/\"},{\"@type\":\"ListItem\",\"position\":2,\"name\":\"En route vers Lautenbach\"}]},{\"@type\":\"WebSite\",\"@id\":\"https:\\\/\\\/www.altercampagne.net\\\/#website\",\"url\":\"https:\\\/\\\/www.altercampagne.net\\\/\",\"name\":\"AlterTour\",\"description\":\"Reliez les Alternatives \u00e0 v\u00e9lo\",\"potentialAction\":[{\"@type\":\"SearchAction\",\"target\":{\"@type\":\"EntryPoint\",\"urlTemplate\":\"https:\\\/\\\/www.altercampagne.net\\\/?s={search_term_string}\"},\"query-input\":{\"@type\":\"PropertyValueSpecification\",\"valueRequired\":true,\"valueName\":\"search_term_string\"}}],\"inLanguage\":\"fr-FR\"},{\"@type\":\"Person\",\"@id\":\"https:\\\/\\\/www.altercampagne.net\\\/#\\\/schema\\\/person\\\/3afde49d8c0be52224ae61fe720b4b19\",\"name\":\"Marine R\",\"image\":{\"@type\":\"ImageObject\",\"inLanguage\":\"fr-FR\",\"@id\":\"https:\\\/\\\/secure.gravatar.com\\\/avatar\\\/a3c4f944a184c737c95a33c9fc36f74b2637ea270671045d89722a608b50fd88?s=96&d=mm&r=g\",\"url\":\"https:\\\/\\\/secure.gravatar.com\\\/avatar\\\/a3c4f944a184c737c95a33c9fc36f74b2637ea270671045d89722a608b50fd88?s=96&d=mm&r=g\",\"contentUrl\":\"https:\\\/\\\/secure.gravatar.com\\\/avatar\\\/a3c4f944a184c737c95a33c9fc36f74b2637ea270671045d89722a608b50fd88?s=96&d=mm&r=g\",\"caption\":\"Marine R\"},\"url\":\"https:\\\/\\\/www.altercampagne.net\\\/?author=198\"}]}<\/script>\n<!-- \/ Yoast SEO plugin. -->","yoast_head_json":{"title":"En route vers Lautenbach - AlterTour","robots":{"index":"index","follow":"follow","max-snippet":"max-snippet:-1","max-image-preview":"max-image-preview:large","max-video-preview":"max-video-preview:-1"},"canonical":"https:\/\/www.altercampagne.net\/?p=28428","og_locale":"fr_FR","og_type":"article","og_title":"En route vers Lautenbach - AlterTour","og_description":"Nous p\u00e9dalons ce matin \u00e0 travers le vignoble alsacien, la route est belle et vallon\u00e9e mais nous cramons sous un soleil de plomb. Les altercyclistes multiplient les petites pauses \u00e0 l&rsquo;ombre pour se rafraichir. L&rsquo;arriv\u00e9e est bien m\u00e9rit\u00e9e au bout des 45 km \u00e0 Guebwiller o\u00f9 nous attendent les b\u00e9n\u00e9voles ... Read More","og_url":"https:\/\/www.altercampagne.net\/?p=28428","og_site_name":"AlterTour","article_published_time":"2024-07-20T21:26:53+00:00","article_modified_time":"2024-07-30T19:42:25+00:00","og_image":[{"width":2560,"height":1440,"url":"https:\/\/www.altercampagne.net\/wp-content\/uploads\/2024\/07\/IMG_20240720_181218-scaled.jpg","type":"image\/jpeg"}],"author":"Marine R","twitter_card":"summary_large_image","twitter_misc":{"\u00c9crit par":"Marine R","Dur\u00e9e de lecture estim\u00e9e":"3 minutes"},"schema":{"@context":"https:\/\/schema.org","@graph":[{"@type":"Article","@id":"https:\/\/www.altercampagne.net\/?p=28428#article","isPartOf":{"@id":"https:\/\/www.altercampagne.net\/?p=28428"},"author":{"name":"Marine R","@id":"https:\/\/www.altercampagne.net\/#\/schema\/person\/3afde49d8c0be52224ae61fe720b4b19"},"headline":"En route vers Lautenbach","datePublished":"2024-07-20T21:26:53+00:00","dateModified":"2024-07-30T19:42:25+00:00","mainEntityOfPage":{"@id":"https:\/\/www.altercampagne.net\/?p=28428"},"wordCount":607,"image":{"@id":"https:\/\/www.altercampagne.net\/?p=28428#primaryimage"},"thumbnailUrl":"https:\/\/www.altercampagne.net\/wp-content\/uploads\/2024\/07\/IMG_20240720_181218-scaled.jpg","articleSection":["\u00c9dition 2024","Grand Est","V\u00e9lo"],"inLanguage":"fr-FR"},{"@type":"WebPage","@id":"https:\/\/www.altercampagne.net\/?p=28428","url":"https:\/\/www.altercampagne.net\/?p=28428","name":"En route vers Lautenbach - AlterTour","isPartOf":{"@id":"https:\/\/www.altercampagne.net\/#website"},"primaryImageOfPage":{"@id":"https:\/\/www.altercampagne.net\/?p=28428#primaryimage"},"image":{"@id":"https:\/\/www.altercampagne.net\/?p=28428#primaryimage"},"thumbnailUrl":"https:\/\/www.altercampagne.net\/wp-content\/uploads\/2024\/07\/IMG_20240720_181218-scaled.jpg","datePublished":"2024-07-20T21:26:53+00:00","dateModified":"2024-07-30T19:42:25+00:00","author":{"@id":"https:\/\/www.altercampagne.net\/#\/schema\/person\/3afde49d8c0be52224ae61fe720b4b19"},"breadcrumb":{"@id":"https:\/\/www.altercampagne.net\/?p=28428#breadcrumb"},"inLanguage":"fr-FR","potentialAction":[{"@type":"ReadAction","target":["https:\/\/www.altercampagne.net\/?p=28428"]}]},{"@type":"ImageObject","inLanguage":"fr-FR","@id":"https:\/\/www.altercampagne.net\/?p=28428#primaryimage","url":"https:\/\/www.altercampagne.net\/wp-content\/uploads\/2024\/07\/IMG_20240720_181218-scaled.jpg","contentUrl":"https:\/\/www.altercampagne.net\/wp-content\/uploads\/2024\/07\/IMG_20240720_181218-scaled.jpg","width":2560,"height":1440},{"@type":"BreadcrumbList","@id":"https:\/\/www.altercampagne.net\/?p=28428#breadcrumb","itemListElement":[{"@type":"ListItem","position":1,"name":"Accueil","item":"https:\/\/www.altercampagne.net\/"},{"@type":"ListItem","position":2,"name":"En route vers Lautenbach"}]},{"@type":"WebSite","@id":"https:\/\/www.altercampagne.net\/#website","url":"https:\/\/www.altercampagne.net\/","name":"AlterTour","description":"Reliez les Alternatives \u00e0 v\u00e9lo","potentialAction":[{"@type":"SearchAction","target":{"@type":"EntryPoint","urlTemplate":"https:\/\/www.altercampagne.net\/?s={search_term_string}"},"query-input":{"@type":"PropertyValueSpecification","valueRequired":true,"valueName":"search_term_string"}}],"inLanguage":"fr-FR"},{"@type":"Person","@id":"https:\/\/www.altercampagne.net\/#\/schema\/person\/3afde49d8c0be52224ae61fe720b4b19","name":"Marine R","image":{"@type":"ImageObject","inLanguage":"fr-FR","@id":"https:\/\/secure.gravatar.com\/avatar\/a3c4f944a184c737c95a33c9fc36f74b2637ea270671045d89722a608b50fd88?s=96&d=mm&r=g","url":"https:\/\/secure.gravatar.com\/avatar\/a3c4f944a184c737c95a33c9fc36f74b2637ea270671045d89722a608b50fd88?s=96&d=mm&r=g","contentUrl":"https:\/\/secure.gravatar.com\/avatar\/a3c4f944a184c737c95a33c9fc36f74b2637ea270671045d89722a608b50fd88?s=96&d=mm&r=g","caption":"Marine R"},"url":"https:\/\/www.altercampagne.net\/?author=198"}]}},"_links":{"self":[{"href":"https:\/\/www.altercampagne.net\/index.php?rest_route=\/wp\/v2\/posts\/28428","targetHints":{"allow":["GET"]}}],"collection":[{"href":"https:\/\/www.altercampagne.net\/index.php?rest_route=\/wp\/v2\/posts"}],"about":[{"href":"https:\/\/www.altercampagne.net\/index.php?rest_route=\/wp\/v2\/types\/post"}],"author":[{"embeddable":true,"href":"https:\/\/www.altercampagne.net\/index.php?rest_route=\/wp\/v2\/users\/198"}],"replies":[{"embeddable":true,"href":"https:\/\/www.altercampagne.net\/index.php?rest_route=%2Fwp%2Fv2%2Fcomments&post=28428"}],"version-history":[{"count":2,"href":"https:\/\/www.altercampagne.net\/index.php?rest_route=\/wp\/v2\/posts\/28428\/revisions"}],"predecessor-version":[{"id":28432,"href":"https:\/\/www.altercampagne.net\/index.php?rest_route=\/wp\/v2\/posts\/28428\/revisions\/28432"}],"wp:featuredmedia":[{"embeddable":true,"href":"https:\/\/www.altercampagne.net\/index.php?rest_route=\/wp\/v2\/media\/28429"}],"wp:attachment":[{"href":"https:\/\/www.altercampagne.net\/index.php?rest_route=%2Fwp%2Fv2%2Fmedia&parent=28428"}],"wp:term":[{"taxonomy":"category","embeddable":true,"href":"https:\/\/www.altercampagne.net\/index.php?rest_route=%2Fwp%2Fv2%2Fcategories&post=28428"},{"taxonomy":"post_tag","embeddable":true,"href":"https:\/\/www.altercampagne.net\/index.php?rest_route=%2Fwp%2Fv2%2Ftags&post=28428"}],"curies":[{"name":"wp","href":"https:\/\/api.w.org\/{rel}","templated":true}]}}