{"id":28433,"date":"2024-07-21T23:46:06","date_gmt":"2024-07-21T21:46:06","guid":{"rendered":"https:\/\/www.altercampagne.net\/?p=28433"},"modified":"2024-07-21T23:46:08","modified_gmt":"2024-07-21T21:46:08","slug":"jour-de-repos-a-lautenbach","status":"publish","type":"post","link":"https:\/\/www.altercampagne.net\/?p=28433","title":{"rendered":"Jour de repos \u00e0 Lautenbach"},"content":{"rendered":"\n<p>Petite grasse matin\u00e9e appr\u00e9ci\u00e9e apr\u00e8s une nuit agit\u00e9e par l&rsquo;orage.<\/p>\n\n\n\n<p>On lance la journ\u00e9e avec un cercle de parole o\u00f9 les altercyclistes sont invit\u00e9.e&nbsp;.s \u00e0 partager leurs \u00e9motions dans un moment d&rsquo;\u00e9coute bienveillante. On encha\u00eene avec la visite sur notre campement des habitants de \u00ab\u00a0La colo&nbsp;\u00bb. C&rsquo;est un \u00e9colieu proche mais avec trop de d\u00e9nivel\u00e9 (1000m d&rsquo;altitude!) pour y aller \u00e0 v\u00e9lo en ce jour de repos relatif. Deux habitant.e.s, Jean-Baptiste et Fanny, nous pr\u00e9sentent leur lieu de vie&nbsp;:&nbsp; il s&rsquo;agit d&rsquo;une ancienne colonie de vacances de la poste o\u00f9 iels se sont install\u00e9.e.s&nbsp;: 12 habitants et 4 enfants . L&rsquo;\u00e9colieu est situ\u00e9 sur un terrain d&rsquo;un hectare. Il se compose d&rsquo;un b\u00e2timent des ann\u00e9es 1970 de 2400m2. Il accueille des projets vari\u00e9s de restauration, guinguette, mais aussi fabrication de marionnettes, s\u00e9rigraphie&#8230;. Certain.e.s habitant.e.s travaillent sur le site, d&rsquo;autres en dehors. Iels s&rsquo;engagent \u00e0 donner 4h de temps par semaine pour aider le collectif.<\/p>\n\n\n\n<figure class=\"wp-block-gallery has-nested-images columns-default is-cropped wp-block-gallery-1 is-layout-flex wp-block-gallery-is-layout-flex\">\n<figure class=\"wp-block-image size-large\"><a href=\"https:\/\/www.altercampagne.net\/wp-content\/uploads\/2024\/07\/IMG_20240721_160918-scaled.jpg\"><img loading=\"lazy\" decoding=\"async\" width=\"768\" height=\"1024\" data-id=\"28436\" src=\"https:\/\/www.altercampagne.net\/wp-content\/uploads\/2024\/07\/IMG_20240721_160918-768x1024.jpg\" alt=\"\" class=\"wp-image-28436\" srcset=\"https:\/\/www.altercampagne.net\/wp-content\/uploads\/2024\/07\/IMG_20240721_160918-768x1024.jpg 768w, https:\/\/www.altercampagne.net\/wp-content\/uploads\/2024\/07\/IMG_20240721_160918-225x300.jpg 225w, https:\/\/www.altercampagne.net\/wp-content\/uploads\/2024\/07\/IMG_20240721_160918-1152x1536.jpg 1152w, https:\/\/www.altercampagne.net\/wp-content\/uploads\/2024\/07\/IMG_20240721_160918-1536x2048.jpg 1536w, https:\/\/www.altercampagne.net\/wp-content\/uploads\/2024\/07\/IMG_20240721_160918-100x133.jpg 100w, https:\/\/www.altercampagne.net\/wp-content\/uploads\/2024\/07\/IMG_20240721_160918-862x1149.jpg 862w, https:\/\/www.altercampagne.net\/wp-content\/uploads\/2024\/07\/IMG_20240721_160918-1140x1520.jpg 1140w, https:\/\/www.altercampagne.net\/wp-content\/uploads\/2024\/07\/IMG_20240721_160918-scaled.jpg 1920w\" sizes=\"auto, (max-width: 768px) 100vw, 768px\" \/><\/a><\/figure>\n\n\n\n<figure class=\"wp-block-image size-large\"><a href=\"https:\/\/www.altercampagne.net\/wp-content\/uploads\/2024\/07\/IMG_20240721_164728-scaled.jpg\"><img loading=\"lazy\" decoding=\"async\" width=\"768\" height=\"1024\" data-id=\"28435\" src=\"https:\/\/www.altercampagne.net\/wp-content\/uploads\/2024\/07\/IMG_20240721_164728-768x1024.jpg\" alt=\"\" class=\"wp-image-28435\" srcset=\"https:\/\/www.altercampagne.net\/wp-content\/uploads\/2024\/07\/IMG_20240721_164728-768x1024.jpg 768w, https:\/\/www.altercampagne.net\/wp-content\/uploads\/2024\/07\/IMG_20240721_164728-225x300.jpg 225w, https:\/\/www.altercampagne.net\/wp-content\/uploads\/2024\/07\/IMG_20240721_164728-1152x1536.jpg 1152w, https:\/\/www.altercampagne.net\/wp-content\/uploads\/2024\/07\/IMG_20240721_164728-1536x2048.jpg 1536w, https:\/\/www.altercampagne.net\/wp-content\/uploads\/2024\/07\/IMG_20240721_164728-100x133.jpg 100w, https:\/\/www.altercampagne.net\/wp-content\/uploads\/2024\/07\/IMG_20240721_164728-862x1149.jpg 862w, https:\/\/www.altercampagne.net\/wp-content\/uploads\/2024\/07\/IMG_20240721_164728-1140x1520.jpg 1140w, https:\/\/www.altercampagne.net\/wp-content\/uploads\/2024\/07\/IMG_20240721_164728-scaled.jpg 1920w\" sizes=\"auto, (max-width: 768px) 100vw, 768px\" \/><\/a><\/figure>\n\n\n<\/figure>\n\n\n\n<p>L&rsquo;apr\u00e8s midi, un des groupes part \u00e0 Rimlishof, espace polyvalent (accueil de familles migrantes en attente de papiers, cr\u00e8che, colonies) sur un terrain bois\u00e9 de 10 hectares avec une zone humide. Parmi les ateliers propos\u00e9s, des ateliers manuels dont, aujourd&rsquo;hui, un atelier \u00ab&nbsp;kataki zome&nbsp;\u00bb (impression de feuille fra\u00eeche sur du tissus avec des marteaux) est propos\u00e9 aux enfants r\u00e9sident.e.s.&nbsp;<\/p>\n\n\n\n<p>Une partie du groupe b\u00e9n\u00e9ficie d&rsquo;une balade cont\u00e9e dans la for\u00eat voisine du campement. Les artistes Martin Hubert et Nicolas Cadiou enchantent petit.e.s et grand.e.s avec leur spectacle de marionnettes musical en pleine nature. Ils nous emm\u00e8nent sur les traces des l\u00e9gendes du pays tout en y glissant des r\u00e9f\u00e9rences \u00e0 l&rsquo;actualit\u00e9 \u00e9cologique.<\/p>\n\n\n\n<figure class=\"wp-block-image size-large is-resized\"><a href=\"https:\/\/www.altercampagne.net\/wp-content\/uploads\/2024\/07\/photo-AT-21_07_24-1-scaled.jpg\"><img loading=\"lazy\" decoding=\"async\" width=\"1008\" height=\"1024\" src=\"https:\/\/www.altercampagne.net\/wp-content\/uploads\/2024\/07\/photo-AT-21_07_24-1-1008x1024.jpg\" alt=\"\" class=\"wp-image-28438\" style=\"width:341px;height:auto\" srcset=\"https:\/\/www.altercampagne.net\/wp-content\/uploads\/2024\/07\/photo-AT-21_07_24-1-1008x1024.jpg 1008w, https:\/\/www.altercampagne.net\/wp-content\/uploads\/2024\/07\/photo-AT-21_07_24-1-295x300.jpg 295w, https:\/\/www.altercampagne.net\/wp-content\/uploads\/2024\/07\/photo-AT-21_07_24-1-768x780.jpg 768w, https:\/\/www.altercampagne.net\/wp-content\/uploads\/2024\/07\/photo-AT-21_07_24-1-1512x1536.jpg 1512w, https:\/\/www.altercampagne.net\/wp-content\/uploads\/2024\/07\/photo-AT-21_07_24-1-2016x2048.jpg 2016w, https:\/\/www.altercampagne.net\/wp-content\/uploads\/2024\/07\/photo-AT-21_07_24-1-100x102.jpg 100w, https:\/\/www.altercampagne.net\/wp-content\/uploads\/2024\/07\/photo-AT-21_07_24-1-862x876.jpg 862w, https:\/\/www.altercampagne.net\/wp-content\/uploads\/2024\/07\/photo-AT-21_07_24-1-1140x1158.jpg 1140w\" sizes=\"auto, (max-width: 1008px) 100vw, 1008px\" \/><\/a><\/figure>\n\n\n\n<p>Le reste de l&rsquo;apr\u00e8s midi permet \u00e0 toutes et tous de se reposer. Certain.e.s jouent \u00e0 des jeux de soci\u00e9t\u00e9, pratiquent des gestes de premiers secours pour s&rsquo;entrainer, font leur lessive, rangent le campement&#8230;<\/p>\n\n\n\n<p>Apr\u00e8s le repas on assiste \u00e0 la \u00ab\u00a0cri\u00e9e\u00a0\u00bb\u00a0: temps de lecture collectif et th\u00e9\u00e2tral de petits mots, parfois doux ou dr\u00f4les qui ont \u00e9t\u00e9 r\u00e9dig\u00e9s anonymement par le groupe. Enfin, Martin, Nicolas et Louise nous rejoignent pour chanter tou.te.s ensemble autour de la guitare.<\/p>\n\n\n\n<p>Alterjournalistes : Juliette &amp; Genevi\u00e8ve<\/p>\n","protected":false},"excerpt":{"rendered":"<p>Petite grasse matin\u00e9e appr\u00e9ci\u00e9e apr\u00e8s une nuit agit\u00e9e par l&rsquo;orage. On lance la journ\u00e9e avec un cercle de parole o\u00f9 les altercyclistes sont invit\u00e9.e&nbsp;.s \u00e0 partager leurs \u00e9motions dans un moment d&rsquo;\u00e9coute bienveillante. On encha\u00eene avec la visite sur notre campement des habitants de \u00ab\u00a0La colo&nbsp;\u00bb. C&rsquo;est un \u00e9colieu proche &#8230; <\/p>\n<div><a href=\"https:\/\/www.altercampagne.net\/?p=28433\" class=\"more-link\">Read More<\/a><\/div>\n","protected":false},"author":198,"featured_media":28434,"comment_status":"closed","ping_status":"closed","sticky":false,"template":"","format":"standard","meta":{"footnotes":""},"categories":[4449,3475,3485,3488],"tags":[],"class_list":["post-28433","post","type-post","status-publish","format-standard","has-post-thumbnail","hentry","category-edition-2024","category-grand-est","category-habitat","category-social"],"yoast_head":"<!-- This site is optimized with the Yoast SEO plugin v27.3 - https:\/\/yoast.com\/product\/yoast-seo-wordpress\/ -->\n<title>Jour de repos \u00e0 Lautenbach - AlterTour<\/title>\n<meta name=\"robots\" content=\"index, follow, max-snippet:-1, max-image-preview:large, max-video-preview:-1\" \/>\n<link rel=\"canonical\" href=\"https:\/\/www.altercampagne.net\/?p=28433\" \/>\n<meta property=\"og:locale\" content=\"fr_FR\" \/>\n<meta property=\"og:type\" content=\"article\" \/>\n<meta property=\"og:title\" content=\"Jour de repos \u00e0 Lautenbach - AlterTour\" \/>\n<meta property=\"og:description\" content=\"Petite grasse matin\u00e9e appr\u00e9ci\u00e9e apr\u00e8s une nuit agit\u00e9e par l&rsquo;orage. On lance la journ\u00e9e avec un cercle de parole o\u00f9 les altercyclistes sont invit\u00e9.e&nbsp;.s \u00e0 partager leurs \u00e9motions dans un moment d&rsquo;\u00e9coute bienveillante. On encha\u00eene avec la visite sur notre campement des habitants de \u00ab\u00a0La colo&nbsp;\u00bb. C&rsquo;est un \u00e9colieu proche ... Read More\" \/>\n<meta property=\"og:url\" content=\"https:\/\/www.altercampagne.net\/?p=28433\" \/>\n<meta property=\"og:site_name\" content=\"AlterTour\" \/>\n<meta property=\"article:published_time\" content=\"2024-07-21T21:46:06+00:00\" \/>\n<meta property=\"article:modified_time\" content=\"2024-07-21T21:46:08+00:00\" \/>\n<meta property=\"og:image\" content=\"https:\/\/www.altercampagne.net\/wp-content\/uploads\/2024\/07\/photo-AT-21_07_24-2-scaled.jpg\" \/>\n\t<meta property=\"og:image:width\" content=\"2560\" \/>\n\t<meta property=\"og:image:height\" content=\"1920\" \/>\n\t<meta property=\"og:image:type\" content=\"image\/jpeg\" \/>\n<meta name=\"author\" content=\"Marine R\" \/>\n<meta name=\"twitter:card\" content=\"summary_large_image\" \/>\n<meta name=\"twitter:label1\" content=\"\u00c9crit par\" \/>\n\t<meta name=\"twitter:data1\" content=\"Marine R\" \/>\n\t<meta name=\"twitter:label2\" content=\"Dur\u00e9e de lecture estim\u00e9e\" \/>\n\t<meta name=\"twitter:data2\" content=\"3 minutes\" \/>\n<script type=\"application\/ld+json\" class=\"yoast-schema-graph\">{\"@context\":\"https:\\\/\\\/schema.org\",\"@graph\":[{\"@type\":\"Article\",\"@id\":\"https:\\\/\\\/www.altercampagne.net\\\/?p=28433#article\",\"isPartOf\":{\"@id\":\"https:\\\/\\\/www.altercampagne.net\\\/?p=28433\"},\"author\":{\"name\":\"Marine R\",\"@id\":\"https:\\\/\\\/www.altercampagne.net\\\/#\\\/schema\\\/person\\\/3afde49d8c0be52224ae61fe720b4b19\"},\"headline\":\"Jour de repos \u00e0 Lautenbach\",\"datePublished\":\"2024-07-21T21:46:06+00:00\",\"dateModified\":\"2024-07-21T21:46:08+00:00\",\"mainEntityOfPage\":{\"@id\":\"https:\\\/\\\/www.altercampagne.net\\\/?p=28433\"},\"wordCount\":420,\"image\":{\"@id\":\"https:\\\/\\\/www.altercampagne.net\\\/?p=28433#primaryimage\"},\"thumbnailUrl\":\"https:\\\/\\\/www.altercampagne.net\\\/wp-content\\\/uploads\\\/2024\\\/07\\\/photo-AT-21_07_24-2-scaled.jpg\",\"articleSection\":[\"\u00c9dition 2024\",\"Grand Est\",\"Habitat\",\"Social\"],\"inLanguage\":\"fr-FR\"},{\"@type\":\"WebPage\",\"@id\":\"https:\\\/\\\/www.altercampagne.net\\\/?p=28433\",\"url\":\"https:\\\/\\\/www.altercampagne.net\\\/?p=28433\",\"name\":\"Jour de repos \u00e0 Lautenbach - AlterTour\",\"isPartOf\":{\"@id\":\"https:\\\/\\\/www.altercampagne.net\\\/#website\"},\"primaryImageOfPage\":{\"@id\":\"https:\\\/\\\/www.altercampagne.net\\\/?p=28433#primaryimage\"},\"image\":{\"@id\":\"https:\\\/\\\/www.altercampagne.net\\\/?p=28433#primaryimage\"},\"thumbnailUrl\":\"https:\\\/\\\/www.altercampagne.net\\\/wp-content\\\/uploads\\\/2024\\\/07\\\/photo-AT-21_07_24-2-scaled.jpg\",\"datePublished\":\"2024-07-21T21:46:06+00:00\",\"dateModified\":\"2024-07-21T21:46:08+00:00\",\"author\":{\"@id\":\"https:\\\/\\\/www.altercampagne.net\\\/#\\\/schema\\\/person\\\/3afde49d8c0be52224ae61fe720b4b19\"},\"breadcrumb\":{\"@id\":\"https:\\\/\\\/www.altercampagne.net\\\/?p=28433#breadcrumb\"},\"inLanguage\":\"fr-FR\",\"potentialAction\":[{\"@type\":\"ReadAction\",\"target\":[\"https:\\\/\\\/www.altercampagne.net\\\/?p=28433\"]}]},{\"@type\":\"ImageObject\",\"inLanguage\":\"fr-FR\",\"@id\":\"https:\\\/\\\/www.altercampagne.net\\\/?p=28433#primaryimage\",\"url\":\"https:\\\/\\\/www.altercampagne.net\\\/wp-content\\\/uploads\\\/2024\\\/07\\\/photo-AT-21_07_24-2-scaled.jpg\",\"contentUrl\":\"https:\\\/\\\/www.altercampagne.net\\\/wp-content\\\/uploads\\\/2024\\\/07\\\/photo-AT-21_07_24-2-scaled.jpg\",\"width\":2560,\"height\":1920},{\"@type\":\"BreadcrumbList\",\"@id\":\"https:\\\/\\\/www.altercampagne.net\\\/?p=28433#breadcrumb\",\"itemListElement\":[{\"@type\":\"ListItem\",\"position\":1,\"name\":\"Accueil\",\"item\":\"https:\\\/\\\/www.altercampagne.net\\\/\"},{\"@type\":\"ListItem\",\"position\":2,\"name\":\"Jour de repos \u00e0 Lautenbach\"}]},{\"@type\":\"WebSite\",\"@id\":\"https:\\\/\\\/www.altercampagne.net\\\/#website\",\"url\":\"https:\\\/\\\/www.altercampagne.net\\\/\",\"name\":\"AlterTour\",\"description\":\"Reliez les Alternatives \u00e0 v\u00e9lo\",\"potentialAction\":[{\"@type\":\"SearchAction\",\"target\":{\"@type\":\"EntryPoint\",\"urlTemplate\":\"https:\\\/\\\/www.altercampagne.net\\\/?s={search_term_string}\"},\"query-input\":{\"@type\":\"PropertyValueSpecification\",\"valueRequired\":true,\"valueName\":\"search_term_string\"}}],\"inLanguage\":\"fr-FR\"},{\"@type\":\"Person\",\"@id\":\"https:\\\/\\\/www.altercampagne.net\\\/#\\\/schema\\\/person\\\/3afde49d8c0be52224ae61fe720b4b19\",\"name\":\"Marine R\",\"image\":{\"@type\":\"ImageObject\",\"inLanguage\":\"fr-FR\",\"@id\":\"https:\\\/\\\/secure.gravatar.com\\\/avatar\\\/a3c4f944a184c737c95a33c9fc36f74b2637ea270671045d89722a608b50fd88?s=96&d=mm&r=g\",\"url\":\"https:\\\/\\\/secure.gravatar.com\\\/avatar\\\/a3c4f944a184c737c95a33c9fc36f74b2637ea270671045d89722a608b50fd88?s=96&d=mm&r=g\",\"contentUrl\":\"https:\\\/\\\/secure.gravatar.com\\\/avatar\\\/a3c4f944a184c737c95a33c9fc36f74b2637ea270671045d89722a608b50fd88?s=96&d=mm&r=g\",\"caption\":\"Marine R\"},\"url\":\"https:\\\/\\\/www.altercampagne.net\\\/?author=198\"}]}<\/script>\n<!-- \/ Yoast SEO plugin. -->","yoast_head_json":{"title":"Jour de repos \u00e0 Lautenbach - AlterTour","robots":{"index":"index","follow":"follow","max-snippet":"max-snippet:-1","max-image-preview":"max-image-preview:large","max-video-preview":"max-video-preview:-1"},"canonical":"https:\/\/www.altercampagne.net\/?p=28433","og_locale":"fr_FR","og_type":"article","og_title":"Jour de repos \u00e0 Lautenbach - AlterTour","og_description":"Petite grasse matin\u00e9e appr\u00e9ci\u00e9e apr\u00e8s une nuit agit\u00e9e par l&rsquo;orage. On lance la journ\u00e9e avec un cercle de parole o\u00f9 les altercyclistes sont invit\u00e9.e&nbsp;.s \u00e0 partager leurs \u00e9motions dans un moment d&rsquo;\u00e9coute bienveillante. On encha\u00eene avec la visite sur notre campement des habitants de \u00ab\u00a0La colo&nbsp;\u00bb. C&rsquo;est un \u00e9colieu proche ... Read More","og_url":"https:\/\/www.altercampagne.net\/?p=28433","og_site_name":"AlterTour","article_published_time":"2024-07-21T21:46:06+00:00","article_modified_time":"2024-07-21T21:46:08+00:00","og_image":[{"width":2560,"height":1920,"url":"https:\/\/www.altercampagne.net\/wp-content\/uploads\/2024\/07\/photo-AT-21_07_24-2-scaled.jpg","type":"image\/jpeg"}],"author":"Marine R","twitter_card":"summary_large_image","twitter_misc":{"\u00c9crit par":"Marine R","Dur\u00e9e de lecture estim\u00e9e":"3 minutes"},"schema":{"@context":"https:\/\/schema.org","@graph":[{"@type":"Article","@id":"https:\/\/www.altercampagne.net\/?p=28433#article","isPartOf":{"@id":"https:\/\/www.altercampagne.net\/?p=28433"},"author":{"name":"Marine R","@id":"https:\/\/www.altercampagne.net\/#\/schema\/person\/3afde49d8c0be52224ae61fe720b4b19"},"headline":"Jour de repos \u00e0 Lautenbach","datePublished":"2024-07-21T21:46:06+00:00","dateModified":"2024-07-21T21:46:08+00:00","mainEntityOfPage":{"@id":"https:\/\/www.altercampagne.net\/?p=28433"},"wordCount":420,"image":{"@id":"https:\/\/www.altercampagne.net\/?p=28433#primaryimage"},"thumbnailUrl":"https:\/\/www.altercampagne.net\/wp-content\/uploads\/2024\/07\/photo-AT-21_07_24-2-scaled.jpg","articleSection":["\u00c9dition 2024","Grand Est","Habitat","Social"],"inLanguage":"fr-FR"},{"@type":"WebPage","@id":"https:\/\/www.altercampagne.net\/?p=28433","url":"https:\/\/www.altercampagne.net\/?p=28433","name":"Jour de repos \u00e0 Lautenbach - AlterTour","isPartOf":{"@id":"https:\/\/www.altercampagne.net\/#website"},"primaryImageOfPage":{"@id":"https:\/\/www.altercampagne.net\/?p=28433#primaryimage"},"image":{"@id":"https:\/\/www.altercampagne.net\/?p=28433#primaryimage"},"thumbnailUrl":"https:\/\/www.altercampagne.net\/wp-content\/uploads\/2024\/07\/photo-AT-21_07_24-2-scaled.jpg","datePublished":"2024-07-21T21:46:06+00:00","dateModified":"2024-07-21T21:46:08+00:00","author":{"@id":"https:\/\/www.altercampagne.net\/#\/schema\/person\/3afde49d8c0be52224ae61fe720b4b19"},"breadcrumb":{"@id":"https:\/\/www.altercampagne.net\/?p=28433#breadcrumb"},"inLanguage":"fr-FR","potentialAction":[{"@type":"ReadAction","target":["https:\/\/www.altercampagne.net\/?p=28433"]}]},{"@type":"ImageObject","inLanguage":"fr-FR","@id":"https:\/\/www.altercampagne.net\/?p=28433#primaryimage","url":"https:\/\/www.altercampagne.net\/wp-content\/uploads\/2024\/07\/photo-AT-21_07_24-2-scaled.jpg","contentUrl":"https:\/\/www.altercampagne.net\/wp-content\/uploads\/2024\/07\/photo-AT-21_07_24-2-scaled.jpg","width":2560,"height":1920},{"@type":"BreadcrumbList","@id":"https:\/\/www.altercampagne.net\/?p=28433#breadcrumb","itemListElement":[{"@type":"ListItem","position":1,"name":"Accueil","item":"https:\/\/www.altercampagne.net\/"},{"@type":"ListItem","position":2,"name":"Jour de repos \u00e0 Lautenbach"}]},{"@type":"WebSite","@id":"https:\/\/www.altercampagne.net\/#website","url":"https:\/\/www.altercampagne.net\/","name":"AlterTour","description":"Reliez les Alternatives \u00e0 v\u00e9lo","potentialAction":[{"@type":"SearchAction","target":{"@type":"EntryPoint","urlTemplate":"https:\/\/www.altercampagne.net\/?s={search_term_string}"},"query-input":{"@type":"PropertyValueSpecification","valueRequired":true,"valueName":"search_term_string"}}],"inLanguage":"fr-FR"},{"@type":"Person","@id":"https:\/\/www.altercampagne.net\/#\/schema\/person\/3afde49d8c0be52224ae61fe720b4b19","name":"Marine R","image":{"@type":"ImageObject","inLanguage":"fr-FR","@id":"https:\/\/secure.gravatar.com\/avatar\/a3c4f944a184c737c95a33c9fc36f74b2637ea270671045d89722a608b50fd88?s=96&d=mm&r=g","url":"https:\/\/secure.gravatar.com\/avatar\/a3c4f944a184c737c95a33c9fc36f74b2637ea270671045d89722a608b50fd88?s=96&d=mm&r=g","contentUrl":"https:\/\/secure.gravatar.com\/avatar\/a3c4f944a184c737c95a33c9fc36f74b2637ea270671045d89722a608b50fd88?s=96&d=mm&r=g","caption":"Marine R"},"url":"https:\/\/www.altercampagne.net\/?author=198"}]}},"_links":{"self":[{"href":"https:\/\/www.altercampagne.net\/index.php?rest_route=\/wp\/v2\/posts\/28433","targetHints":{"allow":["GET"]}}],"collection":[{"href":"https:\/\/www.altercampagne.net\/index.php?rest_route=\/wp\/v2\/posts"}],"about":[{"href":"https:\/\/www.altercampagne.net\/index.php?rest_route=\/wp\/v2\/types\/post"}],"author":[{"embeddable":true,"href":"https:\/\/www.altercampagne.net\/index.php?rest_route=\/wp\/v2\/users\/198"}],"replies":[{"embeddable":true,"href":"https:\/\/www.altercampagne.net\/index.php?rest_route=%2Fwp%2Fv2%2Fcomments&post=28433"}],"version-history":[{"count":2,"href":"https:\/\/www.altercampagne.net\/index.php?rest_route=\/wp\/v2\/posts\/28433\/revisions"}],"predecessor-version":[{"id":28440,"href":"https:\/\/www.altercampagne.net\/index.php?rest_route=\/wp\/v2\/posts\/28433\/revisions\/28440"}],"wp:featuredmedia":[{"embeddable":true,"href":"https:\/\/www.altercampagne.net\/index.php?rest_route=\/wp\/v2\/media\/28434"}],"wp:attachment":[{"href":"https:\/\/www.altercampagne.net\/index.php?rest_route=%2Fwp%2Fv2%2Fmedia&parent=28433"}],"wp:term":[{"taxonomy":"category","embeddable":true,"href":"https:\/\/www.altercampagne.net\/index.php?rest_route=%2Fwp%2Fv2%2Fcategories&post=28433"},{"taxonomy":"post_tag","embeddable":true,"href":"https:\/\/www.altercampagne.net\/index.php?rest_route=%2Fwp%2Fv2%2Ftags&post=28433"}],"curies":[{"name":"wp","href":"https:\/\/api.w.org\/{rel}","templated":true}]}}