{"id":28460,"date":"2024-07-25T15:15:38","date_gmt":"2024-07-25T13:15:38","guid":{"rendered":"https:\/\/www.altercampagne.net\/?p=28460"},"modified":"2024-07-26T15:26:17","modified_gmt":"2024-07-26T13:26:17","slug":"le-sahel-vert-un-lieu-pour-penser-lecologie-sociale","status":"publish","type":"post","link":"https:\/\/www.altercampagne.net\/?p=28460","title":{"rendered":"Le Sahel Vert \u2013 Un lieu pour penser l\u2019\u00e9cologie sociale\u00a0(2\/2)"},"content":{"rendered":"\n<p><strong><em>Le soleil de ce mercredi 24 juillet se l\u00e8ve au Sahel Vert, nous nous r\u00e9veillons dans un joyeux concerts de b\u00ealements, cocorico et l\u2019\u00e9quipe \u00ab\u00a0petit dej\u00a0\u00bb entonnant sa reprise de \u00ab\u00a0oh happy day\u00a0\u00bb perch\u00e9e au point culminant du site, une ancienne dynamiti\u00e8re qui fut par le pass\u00e9 un d\u00e9p\u00f4t d&rsquo;explosif des Mines de Potasse d&rsquo;Alsace.<\/em><\/strong><\/p>\n\n\n\n<p>Ici, la dynamite a laiss\u00e9 place a une nouvelle dynamique\u00a0: ce lieu exp\u00e9rimente depuis 2002 un \u00ab\u00a0<strong>mieux vivre ensemble durable<\/strong>\u00ab\u00a0. C\u2019est donc collectivement ce matin que les jeunes et b\u00e9n\u00e9voles du Sahel Vert et les Altercyclistes participent \u00e0 la vie du lieu (soin des \u00e2nes, et moutons, potager, d\u00e9coupe du bois&#8230;).\u00a0<\/p>\n\n\n\n<p>\u00catre au Sahel Vert c&rsquo;est une occasion de s&rsquo;interroger sur les<strong> dynamiques sociales au sein de l&rsquo;altertour<\/strong>. Car si une certaine diversit\u00e9 s&rsquo;observe (de genre, d&rsquo;\u00e2ge par exemple), un sentiment d&rsquo;entre-soi reste largement perceptible. De multiples questions \u00e9mergent : <strong><em>Comment faire communaut\u00e9 sans \u00eatre sectaire ? Est-il possible de changer la recette de l&rsquo;altertour pour la rendre plus accessible ? Peut-on r\u00e9pondre \u00e0 toutes les envies ? Comment aborder ces questions sans tomber dans l\u2019\u00e9cueil de l&rsquo;autoflagellation ou du m\u00e9pris de classe? Comment s&rsquo;inscrire dans la continuit\u00e9 de r\u00e9flexions d\u00e9j\u00e0 men\u00e9es, des initiatives explor\u00e9es ?\u00a0\u00a0<\/em><\/strong><\/p>\n\n\n\n<p>Nous cheminons dans cette r\u00e9flexion avec l&rsquo;exp\u00e9rience de Nicole du Sahel Vert, qui nous invite \u00e0 nous appuyer sur les membres du groupe d\u00e9j\u00e0 au contact des publics que nous souhaitons rencontrer et int\u00e9grer, car <strong>aller vers d\u2019autres publics c&rsquo;est aussi s&rsquo;interroger et comprendre leurs r\u00eaves<\/strong>, leurs perception du v\u00e9lo, aller chercher les points de convergence et surtout, donner de l&rsquo;importance \u00e0 la qualit\u00e9 de la rencontre.\u00a0<\/p>\n\n\n\n<p>Au coeur de la dynamiti\u00e8re, des petites \u00e9tincelles \u00e9mergent : <strong>et si des jeunes du Sahel Vert et accompagnant.es nous rejoignaient sur une \u00e9tape lors d\u2019une prochaine \u00e9dition ?<\/strong> Et si nous construisions des temps de rencontres \/ des ateliers v\u00e9los avec des acteurs sociaux ? Et si nous changions nos perceptions pour trouver les points de convergences, selon Nicole ils peuvent se situer dans l\u2019exp\u00e9rience (bien que tr\u00e8s diff\u00e9rentes) de la mobilit\u00e9\u00a0: \u00ab\u00a0\u00e0 l\u2019atlertour chaque \u00e9tape est un espace inconnu o\u00f9 vous vivez aussi l\u2019exp\u00e9rience d\u2019arriver en \u00e9tranger\u00a0\u00bb<\/p>\n\n\n\n<h3 class=\"wp-block-heading\"><strong>Libres d\u2019explorer&nbsp;!<\/strong><\/h3>\n\n\n\n<p>La journ\u00e9e du mercredi 24 juillet se poursuit par un temps libre qui permettra aux altercyclistes de partir en baignade, de visiter l\u2019<a href=\"https:\/\/www.ecomusee.alsace\/\">\u00e9comus\u00e9e d\u2019Alsace<\/a>, ou de d\u00e9couvrir <a href=\"https:\/\/www.les-sheds.com\/\">Les Sheds<\/a> lieu associatif p\u00e9dagogique, culturel et \u00e9cologique, au coeur de Kingersheim dans une usine r\u00e9habilit\u00e9e.<\/p>\n\n\n<div class=\"wp-block-image\">\n<figure class=\"aligncenter size-large is-resized\"><a href=\"https:\/\/www.altercampagne.net\/wp-content\/uploads\/2024\/07\/IMGP1712_Sahel-Vert_Marie-Laure.jpg\"><img loading=\"lazy\" decoding=\"async\" width=\"1024\" height=\"683\" src=\"https:\/\/www.altercampagne.net\/wp-content\/uploads\/2024\/07\/IMGP1712_Sahel-Vert_Marie-Laure-1024x683.jpg\" alt=\"\" class=\"wp-image-28461\" style=\"width:679px;height:auto\" srcset=\"https:\/\/www.altercampagne.net\/wp-content\/uploads\/2024\/07\/IMGP1712_Sahel-Vert_Marie-Laure-1024x683.jpg 1024w, https:\/\/www.altercampagne.net\/wp-content\/uploads\/2024\/07\/IMGP1712_Sahel-Vert_Marie-Laure-300x200.jpg 300w, https:\/\/www.altercampagne.net\/wp-content\/uploads\/2024\/07\/IMGP1712_Sahel-Vert_Marie-Laure-768x512.jpg 768w, https:\/\/www.altercampagne.net\/wp-content\/uploads\/2024\/07\/IMGP1712_Sahel-Vert_Marie-Laure-1536x1024.jpg 1536w, https:\/\/www.altercampagne.net\/wp-content\/uploads\/2024\/07\/IMGP1712_Sahel-Vert_Marie-Laure-100x67.jpg 100w, https:\/\/www.altercampagne.net\/wp-content\/uploads\/2024\/07\/IMGP1712_Sahel-Vert_Marie-Laure-862x575.jpg 862w, https:\/\/www.altercampagne.net\/wp-content\/uploads\/2024\/07\/IMGP1712_Sahel-Vert_Marie-Laure-1140x760.jpg 1140w, https:\/\/www.altercampagne.net\/wp-content\/uploads\/2024\/07\/IMGP1712_Sahel-Vert_Marie-Laure.jpg 1824w\" sizes=\"auto, (max-width: 1024px) 100vw, 1024px\" \/><\/a><\/figure>\n<\/div>\n\n\n<h3 class=\"wp-block-heading\"><strong>Une soir\u00e9e enflamm\u00e9e<\/strong><\/h3>\n\n\n\n<p><strong>Une soir\u00e9e enflamm\u00e9e se poursuit \u00e0 la dynamiti\u00e8re<\/strong>, apr\u00e8s la d\u00e9gustation d\u00e9licieuse tartes flamb\u00e9es, nous abordons un sujet br\u00fblant avec le collectif (d\u00e9)Stocamine\u00a0qui r\u00e9clame depuis presque 30 ans le d\u00e9stockage de d\u00e9chets toxiques enfouis sous les mines de potasse et mena\u00e7ant la pollution d\u2019une immense nappe phr\u00e9atique (voir article <a href=\"https:\/\/www.altercampagne.net\/?p=28441\">Destockons<\/a>) et ayant d\u00e9j\u00e0 connu le drame d\u2019un incendie dans les galeries de stockages en 2002 mettant en lumi\u00e8re les risques r\u00e9els de cette activit\u00e9. <br><strong><em>Cette rencontre s\u2019est d\u00e9roul\u00e9e en vue d\u2019une mobilisation devant le site de Stocamine en pr\u00e9sence d\u2019\u00e9lu le lendemain matin.<\/em><\/strong><\/p>\n\n\n\n<p class=\"has-text-align-right\">Marie-Laure<\/p>\n","protected":false},"excerpt":{"rendered":"<p>Ici, la dynamite a laiss\u00e9 place a une nouvelle dynamique\u00a0: ce lieu exp\u00e9rimente depuis 2002 un \u00ab\u00a0mieux vivre ensemble durable\u00a0\u00bb<\/p>\n","protected":false},"author":215,"featured_media":28462,"comment_status":"closed","ping_status":"closed","sticky":false,"template":"","format":"standard","meta":{"footnotes":""},"categories":[3483,4313,4449,3475,3938,3485,3488],"tags":[],"class_list":["post-28460","post","type-post","status-publish","format-standard","has-post-thumbnail","hentry","category-agriculture","category-altertour","category-edition-2024","category-grand-est","category-education","category-habitat","category-social"],"yoast_head":"<!-- This site is optimized with the Yoast SEO plugin v27.3 - https:\/\/yoast.com\/product\/yoast-seo-wordpress\/ -->\n<title>Le Sahel Vert \u2013 Un lieu pour penser l\u2019\u00e9cologie sociale\u00a0(2\/2) - AlterTour<\/title>\n<meta name=\"robots\" content=\"index, follow, max-snippet:-1, max-image-preview:large, max-video-preview:-1\" \/>\n<link rel=\"canonical\" href=\"https:\/\/www.altercampagne.net\/?p=28460\" \/>\n<meta property=\"og:locale\" content=\"fr_FR\" \/>\n<meta property=\"og:type\" content=\"article\" \/>\n<meta property=\"og:title\" content=\"Le Sahel Vert \u2013 Un lieu pour penser l\u2019\u00e9cologie sociale\u00a0(2\/2) - AlterTour\" \/>\n<meta property=\"og:description\" content=\"Ici, la dynamite a laiss\u00e9 place a une nouvelle dynamique\u00a0: ce lieu exp\u00e9rimente depuis 2002 un &quot;mieux vivre ensemble durable&quot;\" \/>\n<meta property=\"og:url\" content=\"https:\/\/www.altercampagne.net\/?p=28460\" \/>\n<meta property=\"og:site_name\" content=\"AlterTour\" \/>\n<meta property=\"article:published_time\" content=\"2024-07-25T13:15:38+00:00\" \/>\n<meta property=\"article:modified_time\" content=\"2024-07-26T13:26:17+00:00\" \/>\n<meta property=\"og:image\" content=\"https:\/\/www.altercampagne.net\/wp-content\/uploads\/2024\/07\/IMGP1282_Sahel-Vert_Marie-Laure.jpg\" \/>\n\t<meta property=\"og:image:width\" content=\"1824\" \/>\n\t<meta property=\"og:image:height\" content=\"1216\" \/>\n\t<meta property=\"og:image:type\" content=\"image\/jpeg\" \/>\n<meta name=\"author\" content=\"AlterTour\" \/>\n<meta name=\"twitter:card\" content=\"summary_large_image\" \/>\n<meta name=\"twitter:label1\" content=\"\u00c9crit par\" \/>\n\t<meta name=\"twitter:data1\" content=\"AlterTour\" \/>\n\t<meta name=\"twitter:label2\" content=\"Dur\u00e9e de lecture estim\u00e9e\" \/>\n\t<meta name=\"twitter:data2\" content=\"3 minutes\" \/>\n<script type=\"application\/ld+json\" class=\"yoast-schema-graph\">{\"@context\":\"https:\\\/\\\/schema.org\",\"@graph\":[{\"@type\":\"Article\",\"@id\":\"https:\\\/\\\/www.altercampagne.net\\\/?p=28460#article\",\"isPartOf\":{\"@id\":\"https:\\\/\\\/www.altercampagne.net\\\/?p=28460\"},\"author\":{\"name\":\"AlterTour\",\"@id\":\"https:\\\/\\\/www.altercampagne.net\\\/#\\\/schema\\\/person\\\/e5b68c803196f649c2152249d262d94a\"},\"headline\":\"Le Sahel Vert \u2013 Un lieu pour penser l\u2019\u00e9cologie sociale\u00a0(2\\\/2)\",\"datePublished\":\"2024-07-25T13:15:38+00:00\",\"dateModified\":\"2024-07-26T13:26:17+00:00\",\"mainEntityOfPage\":{\"@id\":\"https:\\\/\\\/www.altercampagne.net\\\/?p=28460\"},\"wordCount\":581,\"image\":{\"@id\":\"https:\\\/\\\/www.altercampagne.net\\\/?p=28460#primaryimage\"},\"thumbnailUrl\":\"https:\\\/\\\/www.altercampagne.net\\\/wp-content\\\/uploads\\\/2024\\\/07\\\/IMGP1282_Sahel-Vert_Marie-Laure.jpg\",\"articleSection\":[\"Agriculture\",\"AlterTour\",\"\u00c9dition 2024\",\"Grand Est\",\"Education\",\"Habitat\",\"Social\"],\"inLanguage\":\"fr-FR\"},{\"@type\":\"WebPage\",\"@id\":\"https:\\\/\\\/www.altercampagne.net\\\/?p=28460\",\"url\":\"https:\\\/\\\/www.altercampagne.net\\\/?p=28460\",\"name\":\"Le Sahel Vert \u2013 Un lieu pour penser l\u2019\u00e9cologie sociale\u00a0(2\\\/2) - AlterTour\",\"isPartOf\":{\"@id\":\"https:\\\/\\\/www.altercampagne.net\\\/#website\"},\"primaryImageOfPage\":{\"@id\":\"https:\\\/\\\/www.altercampagne.net\\\/?p=28460#primaryimage\"},\"image\":{\"@id\":\"https:\\\/\\\/www.altercampagne.net\\\/?p=28460#primaryimage\"},\"thumbnailUrl\":\"https:\\\/\\\/www.altercampagne.net\\\/wp-content\\\/uploads\\\/2024\\\/07\\\/IMGP1282_Sahel-Vert_Marie-Laure.jpg\",\"datePublished\":\"2024-07-25T13:15:38+00:00\",\"dateModified\":\"2024-07-26T13:26:17+00:00\",\"author\":{\"@id\":\"https:\\\/\\\/www.altercampagne.net\\\/#\\\/schema\\\/person\\\/e5b68c803196f649c2152249d262d94a\"},\"breadcrumb\":{\"@id\":\"https:\\\/\\\/www.altercampagne.net\\\/?p=28460#breadcrumb\"},\"inLanguage\":\"fr-FR\",\"potentialAction\":[{\"@type\":\"ReadAction\",\"target\":[\"https:\\\/\\\/www.altercampagne.net\\\/?p=28460\"]}]},{\"@type\":\"ImageObject\",\"inLanguage\":\"fr-FR\",\"@id\":\"https:\\\/\\\/www.altercampagne.net\\\/?p=28460#primaryimage\",\"url\":\"https:\\\/\\\/www.altercampagne.net\\\/wp-content\\\/uploads\\\/2024\\\/07\\\/IMGP1282_Sahel-Vert_Marie-Laure.jpg\",\"contentUrl\":\"https:\\\/\\\/www.altercampagne.net\\\/wp-content\\\/uploads\\\/2024\\\/07\\\/IMGP1282_Sahel-Vert_Marie-Laure.jpg\",\"width\":1824,\"height\":1216},{\"@type\":\"BreadcrumbList\",\"@id\":\"https:\\\/\\\/www.altercampagne.net\\\/?p=28460#breadcrumb\",\"itemListElement\":[{\"@type\":\"ListItem\",\"position\":1,\"name\":\"Accueil\",\"item\":\"https:\\\/\\\/www.altercampagne.net\\\/\"},{\"@type\":\"ListItem\",\"position\":2,\"name\":\"Le Sahel Vert \u2013 Un lieu pour penser l\u2019\u00e9cologie sociale\u00a0(2\\\/2)\"}]},{\"@type\":\"WebSite\",\"@id\":\"https:\\\/\\\/www.altercampagne.net\\\/#website\",\"url\":\"https:\\\/\\\/www.altercampagne.net\\\/\",\"name\":\"AlterTour\",\"description\":\"Reliez les Alternatives \u00e0 v\u00e9lo\",\"potentialAction\":[{\"@type\":\"SearchAction\",\"target\":{\"@type\":\"EntryPoint\",\"urlTemplate\":\"https:\\\/\\\/www.altercampagne.net\\\/?s={search_term_string}\"},\"query-input\":{\"@type\":\"PropertyValueSpecification\",\"valueRequired\":true,\"valueName\":\"search_term_string\"}}],\"inLanguage\":\"fr-FR\"},{\"@type\":\"Person\",\"@id\":\"https:\\\/\\\/www.altercampagne.net\\\/#\\\/schema\\\/person\\\/e5b68c803196f649c2152249d262d94a\",\"name\":\"AlterTour\",\"image\":{\"@type\":\"ImageObject\",\"inLanguage\":\"fr-FR\",\"@id\":\"https:\\\/\\\/secure.gravatar.com\\\/avatar\\\/3f2ed77f8506b8ea264ad5938bb0114bfa10f35b64086a66dfbb6e9f58ad9693?s=96&d=mm&r=g\",\"url\":\"https:\\\/\\\/secure.gravatar.com\\\/avatar\\\/3f2ed77f8506b8ea264ad5938bb0114bfa10f35b64086a66dfbb6e9f58ad9693?s=96&d=mm&r=g\",\"contentUrl\":\"https:\\\/\\\/secure.gravatar.com\\\/avatar\\\/3f2ed77f8506b8ea264ad5938bb0114bfa10f35b64086a66dfbb6e9f58ad9693?s=96&d=mm&r=g\",\"caption\":\"AlterTour\"},\"url\":\"https:\\\/\\\/www.altercampagne.net\\\/?author=215\"}]}<\/script>\n<!-- \/ Yoast SEO plugin. -->","yoast_head_json":{"title":"Le Sahel Vert \u2013 Un lieu pour penser l\u2019\u00e9cologie sociale\u00a0(2\/2) - AlterTour","robots":{"index":"index","follow":"follow","max-snippet":"max-snippet:-1","max-image-preview":"max-image-preview:large","max-video-preview":"max-video-preview:-1"},"canonical":"https:\/\/www.altercampagne.net\/?p=28460","og_locale":"fr_FR","og_type":"article","og_title":"Le Sahel Vert \u2013 Un lieu pour penser l\u2019\u00e9cologie sociale\u00a0(2\/2) - AlterTour","og_description":"Ici, la dynamite a laiss\u00e9 place a une nouvelle dynamique\u00a0: ce lieu exp\u00e9rimente depuis 2002 un \"mieux vivre ensemble durable\"","og_url":"https:\/\/www.altercampagne.net\/?p=28460","og_site_name":"AlterTour","article_published_time":"2024-07-25T13:15:38+00:00","article_modified_time":"2024-07-26T13:26:17+00:00","og_image":[{"width":1824,"height":1216,"url":"https:\/\/www.altercampagne.net\/wp-content\/uploads\/2024\/07\/IMGP1282_Sahel-Vert_Marie-Laure.jpg","type":"image\/jpeg"}],"author":"AlterTour","twitter_card":"summary_large_image","twitter_misc":{"\u00c9crit par":"AlterTour","Dur\u00e9e de lecture estim\u00e9e":"3 minutes"},"schema":{"@context":"https:\/\/schema.org","@graph":[{"@type":"Article","@id":"https:\/\/www.altercampagne.net\/?p=28460#article","isPartOf":{"@id":"https:\/\/www.altercampagne.net\/?p=28460"},"author":{"name":"AlterTour","@id":"https:\/\/www.altercampagne.net\/#\/schema\/person\/e5b68c803196f649c2152249d262d94a"},"headline":"Le Sahel Vert \u2013 Un lieu pour penser l\u2019\u00e9cologie sociale\u00a0(2\/2)","datePublished":"2024-07-25T13:15:38+00:00","dateModified":"2024-07-26T13:26:17+00:00","mainEntityOfPage":{"@id":"https:\/\/www.altercampagne.net\/?p=28460"},"wordCount":581,"image":{"@id":"https:\/\/www.altercampagne.net\/?p=28460#primaryimage"},"thumbnailUrl":"https:\/\/www.altercampagne.net\/wp-content\/uploads\/2024\/07\/IMGP1282_Sahel-Vert_Marie-Laure.jpg","articleSection":["Agriculture","AlterTour","\u00c9dition 2024","Grand Est","Education","Habitat","Social"],"inLanguage":"fr-FR"},{"@type":"WebPage","@id":"https:\/\/www.altercampagne.net\/?p=28460","url":"https:\/\/www.altercampagne.net\/?p=28460","name":"Le Sahel Vert \u2013 Un lieu pour penser l\u2019\u00e9cologie sociale\u00a0(2\/2) - AlterTour","isPartOf":{"@id":"https:\/\/www.altercampagne.net\/#website"},"primaryImageOfPage":{"@id":"https:\/\/www.altercampagne.net\/?p=28460#primaryimage"},"image":{"@id":"https:\/\/www.altercampagne.net\/?p=28460#primaryimage"},"thumbnailUrl":"https:\/\/www.altercampagne.net\/wp-content\/uploads\/2024\/07\/IMGP1282_Sahel-Vert_Marie-Laure.jpg","datePublished":"2024-07-25T13:15:38+00:00","dateModified":"2024-07-26T13:26:17+00:00","author":{"@id":"https:\/\/www.altercampagne.net\/#\/schema\/person\/e5b68c803196f649c2152249d262d94a"},"breadcrumb":{"@id":"https:\/\/www.altercampagne.net\/?p=28460#breadcrumb"},"inLanguage":"fr-FR","potentialAction":[{"@type":"ReadAction","target":["https:\/\/www.altercampagne.net\/?p=28460"]}]},{"@type":"ImageObject","inLanguage":"fr-FR","@id":"https:\/\/www.altercampagne.net\/?p=28460#primaryimage","url":"https:\/\/www.altercampagne.net\/wp-content\/uploads\/2024\/07\/IMGP1282_Sahel-Vert_Marie-Laure.jpg","contentUrl":"https:\/\/www.altercampagne.net\/wp-content\/uploads\/2024\/07\/IMGP1282_Sahel-Vert_Marie-Laure.jpg","width":1824,"height":1216},{"@type":"BreadcrumbList","@id":"https:\/\/www.altercampagne.net\/?p=28460#breadcrumb","itemListElement":[{"@type":"ListItem","position":1,"name":"Accueil","item":"https:\/\/www.altercampagne.net\/"},{"@type":"ListItem","position":2,"name":"Le Sahel Vert \u2013 Un lieu pour penser l\u2019\u00e9cologie sociale\u00a0(2\/2)"}]},{"@type":"WebSite","@id":"https:\/\/www.altercampagne.net\/#website","url":"https:\/\/www.altercampagne.net\/","name":"AlterTour","description":"Reliez les Alternatives \u00e0 v\u00e9lo","potentialAction":[{"@type":"SearchAction","target":{"@type":"EntryPoint","urlTemplate":"https:\/\/www.altercampagne.net\/?s={search_term_string}"},"query-input":{"@type":"PropertyValueSpecification","valueRequired":true,"valueName":"search_term_string"}}],"inLanguage":"fr-FR"},{"@type":"Person","@id":"https:\/\/www.altercampagne.net\/#\/schema\/person\/e5b68c803196f649c2152249d262d94a","name":"AlterTour","image":{"@type":"ImageObject","inLanguage":"fr-FR","@id":"https:\/\/secure.gravatar.com\/avatar\/3f2ed77f8506b8ea264ad5938bb0114bfa10f35b64086a66dfbb6e9f58ad9693?s=96&d=mm&r=g","url":"https:\/\/secure.gravatar.com\/avatar\/3f2ed77f8506b8ea264ad5938bb0114bfa10f35b64086a66dfbb6e9f58ad9693?s=96&d=mm&r=g","contentUrl":"https:\/\/secure.gravatar.com\/avatar\/3f2ed77f8506b8ea264ad5938bb0114bfa10f35b64086a66dfbb6e9f58ad9693?s=96&d=mm&r=g","caption":"AlterTour"},"url":"https:\/\/www.altercampagne.net\/?author=215"}]}},"_links":{"self":[{"href":"https:\/\/www.altercampagne.net\/index.php?rest_route=\/wp\/v2\/posts\/28460","targetHints":{"allow":["GET"]}}],"collection":[{"href":"https:\/\/www.altercampagne.net\/index.php?rest_route=\/wp\/v2\/posts"}],"about":[{"href":"https:\/\/www.altercampagne.net\/index.php?rest_route=\/wp\/v2\/types\/post"}],"author":[{"embeddable":true,"href":"https:\/\/www.altercampagne.net\/index.php?rest_route=\/wp\/v2\/users\/215"}],"replies":[{"embeddable":true,"href":"https:\/\/www.altercampagne.net\/index.php?rest_route=%2Fwp%2Fv2%2Fcomments&post=28460"}],"version-history":[{"count":3,"href":"https:\/\/www.altercampagne.net\/index.php?rest_route=\/wp\/v2\/posts\/28460\/revisions"}],"predecessor-version":[{"id":28466,"href":"https:\/\/www.altercampagne.net\/index.php?rest_route=\/wp\/v2\/posts\/28460\/revisions\/28466"}],"wp:featuredmedia":[{"embeddable":true,"href":"https:\/\/www.altercampagne.net\/index.php?rest_route=\/wp\/v2\/media\/28462"}],"wp:attachment":[{"href":"https:\/\/www.altercampagne.net\/index.php?rest_route=%2Fwp%2Fv2%2Fmedia&parent=28460"}],"wp:term":[{"taxonomy":"category","embeddable":true,"href":"https:\/\/www.altercampagne.net\/index.php?rest_route=%2Fwp%2Fv2%2Fcategories&post=28460"},{"taxonomy":"post_tag","embeddable":true,"href":"https:\/\/www.altercampagne.net\/index.php?rest_route=%2Fwp%2Fv2%2Ftags&post=28460"}],"curies":[{"name":"wp","href":"https:\/\/api.w.org\/{rel}","templated":true}]}}