{"id":28472,"date":"2024-07-26T17:47:27","date_gmt":"2024-07-26T15:47:27","guid":{"rendered":"https:\/\/www.altercampagne.net\/?p=28472"},"modified":"2024-07-30T18:00:10","modified_gmt":"2024-07-30T16:00:10","slug":"a-wesserling-nous-avons-campe-dans-le-champ-des-possibles","status":"publish","type":"post","link":"https:\/\/www.altercampagne.net\/?p=28472","title":{"rendered":"A Wesserling, nous avons camp\u00e9 dans le Champ des Possibles."},"content":{"rendered":"\n<p><em><strong>Une rivi\u00e8re, possibilit\u00e9 de se baigner. <\/strong><\/em><\/p>\n\n\n<div class=\"wp-block-image\">\n<figure class=\"aligncenter size-large is-resized\"><a href=\"https:\/\/www.altercampagne.net\/wp-content\/uploads\/2024\/07\/2407265-A-Wesserling-04.jpg\"><img loading=\"lazy\" decoding=\"async\" width=\"1024\" height=\"683\" src=\"https:\/\/www.altercampagne.net\/wp-content\/uploads\/2024\/07\/2407265-A-Wesserling-04-1024x683.jpg\" alt=\"\" class=\"wp-image-28474\" style=\"width:495px;height:auto\" srcset=\"https:\/\/www.altercampagne.net\/wp-content\/uploads\/2024\/07\/2407265-A-Wesserling-04-1024x683.jpg 1024w, https:\/\/www.altercampagne.net\/wp-content\/uploads\/2024\/07\/2407265-A-Wesserling-04-300x200.jpg 300w, https:\/\/www.altercampagne.net\/wp-content\/uploads\/2024\/07\/2407265-A-Wesserling-04-768x512.jpg 768w, https:\/\/www.altercampagne.net\/wp-content\/uploads\/2024\/07\/2407265-A-Wesserling-04-1536x1024.jpg 1536w, https:\/\/www.altercampagne.net\/wp-content\/uploads\/2024\/07\/2407265-A-Wesserling-04-100x67.jpg 100w, https:\/\/www.altercampagne.net\/wp-content\/uploads\/2024\/07\/2407265-A-Wesserling-04-862x575.jpg 862w, https:\/\/www.altercampagne.net\/wp-content\/uploads\/2024\/07\/2407265-A-Wesserling-04-1140x760.jpg 1140w, https:\/\/www.altercampagne.net\/wp-content\/uploads\/2024\/07\/2407265-A-Wesserling-04.jpg 1824w\" sizes=\"auto, (max-width: 1024px) 100vw, 1024px\" \/><\/a><\/figure>\n<\/div>\n\n\n<p>Et puis au choix diff\u00e9rentes activit\u00e9s, visite du parc de Wesserling, (mus\u00e9e du textile, parc, ancienne chaufferie) ou bien atelier de reliure , etc. Le <a href=\"https:\/\/collectifdespossibles.fr\/\"><strong>Collectif des Possibles<\/strong><\/a>, qui nous recevait pour la deuxi\u00e8me fois rassemble des talents artistiques et culturels avec l&rsquo;appui des collectivit\u00e9s locales. <\/p>\n\n\n<div class=\"wp-block-image\">\n<figure class=\"aligncenter size-large is-resized\"><a href=\"https:\/\/www.altercampagne.net\/wp-content\/uploads\/2024\/07\/2407265-A-Wesserling-03.jpg\"><img loading=\"lazy\" decoding=\"async\" width=\"1024\" height=\"683\" src=\"https:\/\/www.altercampagne.net\/wp-content\/uploads\/2024\/07\/2407265-A-Wesserling-03-1024x683.jpg\" alt=\"\" class=\"wp-image-28473\" style=\"width:493px;height:auto\" srcset=\"https:\/\/www.altercampagne.net\/wp-content\/uploads\/2024\/07\/2407265-A-Wesserling-03-1024x683.jpg 1024w, https:\/\/www.altercampagne.net\/wp-content\/uploads\/2024\/07\/2407265-A-Wesserling-03-300x200.jpg 300w, https:\/\/www.altercampagne.net\/wp-content\/uploads\/2024\/07\/2407265-A-Wesserling-03-768x512.jpg 768w, https:\/\/www.altercampagne.net\/wp-content\/uploads\/2024\/07\/2407265-A-Wesserling-03-1536x1024.jpg 1536w, https:\/\/www.altercampagne.net\/wp-content\/uploads\/2024\/07\/2407265-A-Wesserling-03-100x67.jpg 100w, https:\/\/www.altercampagne.net\/wp-content\/uploads\/2024\/07\/2407265-A-Wesserling-03-862x575.jpg 862w, https:\/\/www.altercampagne.net\/wp-content\/uploads\/2024\/07\/2407265-A-Wesserling-03-1140x760.jpg 1140w, https:\/\/www.altercampagne.net\/wp-content\/uploads\/2024\/07\/2407265-A-Wesserling-03.jpg 1824w\" sizes=\"auto, (max-width: 1024px) 100vw, 1024px\" \/><\/a><\/figure>\n<\/div>\n\n\n<p>Un des anciens b\u00e2timents de l&rsquo;usine textile a \u00e9t\u00e9 r\u00e9am\u00e9nag\u00e9 en ateliers-appartements pour les artistes professionnels en r\u00e9sidence ou de passage. <strong>Wesserling est l&rsquo;exemple m\u00eame du r\u00e9emploi de b\u00e2timents d\u00e9saffect\u00e9s<\/strong> : le ch\u00e2teau est devenu un mus\u00e9e, dans la chaufferie \u00e0 charbon est install\u00e9 un parcours son et lumi\u00e8re et les b\u00e2timents industriels abritent des PME ou des artistes. <\/p>\n\n\n\n<p><strong>Quelle belle reconversion !<\/strong><\/p>\n","protected":false},"excerpt":{"rendered":"<p>Quelle belle reconversion !<\/p>\n","protected":false},"author":206,"featured_media":28476,"comment_status":"closed","ping_status":"closed","sticky":false,"template":"","format":"standard","meta":{"footnotes":""},"categories":[4313,4449,3490,3475,3485],"tags":[],"class_list":["post-28472","post","type-post","status-publish","format-standard","has-post-thumbnail","hentry","category-altertour","category-edition-2024","category-culture","category-grand-est","category-habitat"],"yoast_head":"<!-- This site is optimized with the Yoast SEO plugin v27.3 - https:\/\/yoast.com\/product\/yoast-seo-wordpress\/ -->\n<title>A Wesserling, nous avons camp\u00e9 dans le Champ des Possibles. - AlterTour<\/title>\n<meta name=\"robots\" content=\"index, follow, max-snippet:-1, max-image-preview:large, max-video-preview:-1\" \/>\n<link rel=\"canonical\" href=\"https:\/\/www.altercampagne.net\/?p=28472\" \/>\n<meta property=\"og:locale\" content=\"fr_FR\" \/>\n<meta property=\"og:type\" content=\"article\" \/>\n<meta property=\"og:title\" content=\"A Wesserling, nous avons camp\u00e9 dans le Champ des Possibles. - AlterTour\" \/>\n<meta property=\"og:description\" content=\"Quelle belle reconversion !\" \/>\n<meta property=\"og:url\" content=\"https:\/\/www.altercampagne.net\/?p=28472\" \/>\n<meta property=\"og:site_name\" content=\"AlterTour\" \/>\n<meta property=\"article:published_time\" content=\"2024-07-26T15:47:27+00:00\" \/>\n<meta property=\"article:modified_time\" content=\"2024-07-30T16:00:10+00:00\" \/>\n<meta property=\"og:image\" content=\"https:\/\/www.altercampagne.net\/wp-content\/uploads\/2024\/07\/2407265-A-Wesserling-02.jpg\" \/>\n\t<meta property=\"og:image:width\" content=\"1824\" \/>\n\t<meta property=\"og:image:height\" content=\"1216\" \/>\n\t<meta property=\"og:image:type\" content=\"image\/jpeg\" \/>\n<meta name=\"author\" content=\"Sylvie F\" \/>\n<meta name=\"twitter:card\" content=\"summary_large_image\" \/>\n<meta name=\"twitter:label1\" content=\"\u00c9crit par\" \/>\n\t<meta name=\"twitter:data1\" content=\"Sylvie F\" \/>\n\t<meta name=\"twitter:label2\" content=\"Dur\u00e9e de lecture estim\u00e9e\" \/>\n\t<meta name=\"twitter:data2\" content=\"2 minutes\" \/>\n<script type=\"application\/ld+json\" class=\"yoast-schema-graph\">{\"@context\":\"https:\\\/\\\/schema.org\",\"@graph\":[{\"@type\":\"Article\",\"@id\":\"https:\\\/\\\/www.altercampagne.net\\\/?p=28472#article\",\"isPartOf\":{\"@id\":\"https:\\\/\\\/www.altercampagne.net\\\/?p=28472\"},\"author\":{\"name\":\"Sylvie F\",\"@id\":\"https:\\\/\\\/www.altercampagne.net\\\/#\\\/schema\\\/person\\\/fad5b6595876359c96e756d4d478f820\"},\"headline\":\"A Wesserling, nous avons camp\u00e9 dans le Champ des Possibles.\",\"datePublished\":\"2024-07-26T15:47:27+00:00\",\"dateModified\":\"2024-07-30T16:00:10+00:00\",\"mainEntityOfPage\":{\"@id\":\"https:\\\/\\\/www.altercampagne.net\\\/?p=28472\"},\"wordCount\":143,\"image\":{\"@id\":\"https:\\\/\\\/www.altercampagne.net\\\/?p=28472#primaryimage\"},\"thumbnailUrl\":\"https:\\\/\\\/www.altercampagne.net\\\/wp-content\\\/uploads\\\/2024\\\/07\\\/2407265-A-Wesserling-02.jpg\",\"articleSection\":[\"AlterTour\",\"\u00c9dition 2024\",\"Culture\",\"Grand Est\",\"Habitat\"],\"inLanguage\":\"fr-FR\"},{\"@type\":\"WebPage\",\"@id\":\"https:\\\/\\\/www.altercampagne.net\\\/?p=28472\",\"url\":\"https:\\\/\\\/www.altercampagne.net\\\/?p=28472\",\"name\":\"A Wesserling, nous avons camp\u00e9 dans le Champ des Possibles. - AlterTour\",\"isPartOf\":{\"@id\":\"https:\\\/\\\/www.altercampagne.net\\\/#website\"},\"primaryImageOfPage\":{\"@id\":\"https:\\\/\\\/www.altercampagne.net\\\/?p=28472#primaryimage\"},\"image\":{\"@id\":\"https:\\\/\\\/www.altercampagne.net\\\/?p=28472#primaryimage\"},\"thumbnailUrl\":\"https:\\\/\\\/www.altercampagne.net\\\/wp-content\\\/uploads\\\/2024\\\/07\\\/2407265-A-Wesserling-02.jpg\",\"datePublished\":\"2024-07-26T15:47:27+00:00\",\"dateModified\":\"2024-07-30T16:00:10+00:00\",\"author\":{\"@id\":\"https:\\\/\\\/www.altercampagne.net\\\/#\\\/schema\\\/person\\\/fad5b6595876359c96e756d4d478f820\"},\"breadcrumb\":{\"@id\":\"https:\\\/\\\/www.altercampagne.net\\\/?p=28472#breadcrumb\"},\"inLanguage\":\"fr-FR\",\"potentialAction\":[{\"@type\":\"ReadAction\",\"target\":[\"https:\\\/\\\/www.altercampagne.net\\\/?p=28472\"]}]},{\"@type\":\"ImageObject\",\"inLanguage\":\"fr-FR\",\"@id\":\"https:\\\/\\\/www.altercampagne.net\\\/?p=28472#primaryimage\",\"url\":\"https:\\\/\\\/www.altercampagne.net\\\/wp-content\\\/uploads\\\/2024\\\/07\\\/2407265-A-Wesserling-02.jpg\",\"contentUrl\":\"https:\\\/\\\/www.altercampagne.net\\\/wp-content\\\/uploads\\\/2024\\\/07\\\/2407265-A-Wesserling-02.jpg\",\"width\":1824,\"height\":1216},{\"@type\":\"BreadcrumbList\",\"@id\":\"https:\\\/\\\/www.altercampagne.net\\\/?p=28472#breadcrumb\",\"itemListElement\":[{\"@type\":\"ListItem\",\"position\":1,\"name\":\"Accueil\",\"item\":\"https:\\\/\\\/www.altercampagne.net\\\/\"},{\"@type\":\"ListItem\",\"position\":2,\"name\":\"A Wesserling, nous avons camp\u00e9 dans le Champ des Possibles.\"}]},{\"@type\":\"WebSite\",\"@id\":\"https:\\\/\\\/www.altercampagne.net\\\/#website\",\"url\":\"https:\\\/\\\/www.altercampagne.net\\\/\",\"name\":\"AlterTour\",\"description\":\"Reliez les Alternatives \u00e0 v\u00e9lo\",\"potentialAction\":[{\"@type\":\"SearchAction\",\"target\":{\"@type\":\"EntryPoint\",\"urlTemplate\":\"https:\\\/\\\/www.altercampagne.net\\\/?s={search_term_string}\"},\"query-input\":{\"@type\":\"PropertyValueSpecification\",\"valueRequired\":true,\"valueName\":\"search_term_string\"}}],\"inLanguage\":\"fr-FR\"},{\"@type\":\"Person\",\"@id\":\"https:\\\/\\\/www.altercampagne.net\\\/#\\\/schema\\\/person\\\/fad5b6595876359c96e756d4d478f820\",\"name\":\"Sylvie F\",\"image\":{\"@type\":\"ImageObject\",\"inLanguage\":\"fr-FR\",\"@id\":\"https:\\\/\\\/secure.gravatar.com\\\/avatar\\\/16b2d5f6a1293ef16eadfdd15315bab8d4a87db50333f39a9b9b7a1b269a713f?s=96&d=mm&r=g\",\"url\":\"https:\\\/\\\/secure.gravatar.com\\\/avatar\\\/16b2d5f6a1293ef16eadfdd15315bab8d4a87db50333f39a9b9b7a1b269a713f?s=96&d=mm&r=g\",\"contentUrl\":\"https:\\\/\\\/secure.gravatar.com\\\/avatar\\\/16b2d5f6a1293ef16eadfdd15315bab8d4a87db50333f39a9b9b7a1b269a713f?s=96&d=mm&r=g\",\"caption\":\"Sylvie F\"},\"url\":\"https:\\\/\\\/www.altercampagne.net\\\/?author=206\"}]}<\/script>\n<!-- \/ Yoast SEO plugin. -->","yoast_head_json":{"title":"A Wesserling, nous avons camp\u00e9 dans le Champ des Possibles. - AlterTour","robots":{"index":"index","follow":"follow","max-snippet":"max-snippet:-1","max-image-preview":"max-image-preview:large","max-video-preview":"max-video-preview:-1"},"canonical":"https:\/\/www.altercampagne.net\/?p=28472","og_locale":"fr_FR","og_type":"article","og_title":"A Wesserling, nous avons camp\u00e9 dans le Champ des Possibles. - AlterTour","og_description":"Quelle belle reconversion !","og_url":"https:\/\/www.altercampagne.net\/?p=28472","og_site_name":"AlterTour","article_published_time":"2024-07-26T15:47:27+00:00","article_modified_time":"2024-07-30T16:00:10+00:00","og_image":[{"width":1824,"height":1216,"url":"https:\/\/www.altercampagne.net\/wp-content\/uploads\/2024\/07\/2407265-A-Wesserling-02.jpg","type":"image\/jpeg"}],"author":"Sylvie F","twitter_card":"summary_large_image","twitter_misc":{"\u00c9crit par":"Sylvie F","Dur\u00e9e de lecture estim\u00e9e":"2 minutes"},"schema":{"@context":"https:\/\/schema.org","@graph":[{"@type":"Article","@id":"https:\/\/www.altercampagne.net\/?p=28472#article","isPartOf":{"@id":"https:\/\/www.altercampagne.net\/?p=28472"},"author":{"name":"Sylvie F","@id":"https:\/\/www.altercampagne.net\/#\/schema\/person\/fad5b6595876359c96e756d4d478f820"},"headline":"A Wesserling, nous avons camp\u00e9 dans le Champ des Possibles.","datePublished":"2024-07-26T15:47:27+00:00","dateModified":"2024-07-30T16:00:10+00:00","mainEntityOfPage":{"@id":"https:\/\/www.altercampagne.net\/?p=28472"},"wordCount":143,"image":{"@id":"https:\/\/www.altercampagne.net\/?p=28472#primaryimage"},"thumbnailUrl":"https:\/\/www.altercampagne.net\/wp-content\/uploads\/2024\/07\/2407265-A-Wesserling-02.jpg","articleSection":["AlterTour","\u00c9dition 2024","Culture","Grand Est","Habitat"],"inLanguage":"fr-FR"},{"@type":"WebPage","@id":"https:\/\/www.altercampagne.net\/?p=28472","url":"https:\/\/www.altercampagne.net\/?p=28472","name":"A Wesserling, nous avons camp\u00e9 dans le Champ des Possibles. - AlterTour","isPartOf":{"@id":"https:\/\/www.altercampagne.net\/#website"},"primaryImageOfPage":{"@id":"https:\/\/www.altercampagne.net\/?p=28472#primaryimage"},"image":{"@id":"https:\/\/www.altercampagne.net\/?p=28472#primaryimage"},"thumbnailUrl":"https:\/\/www.altercampagne.net\/wp-content\/uploads\/2024\/07\/2407265-A-Wesserling-02.jpg","datePublished":"2024-07-26T15:47:27+00:00","dateModified":"2024-07-30T16:00:10+00:00","author":{"@id":"https:\/\/www.altercampagne.net\/#\/schema\/person\/fad5b6595876359c96e756d4d478f820"},"breadcrumb":{"@id":"https:\/\/www.altercampagne.net\/?p=28472#breadcrumb"},"inLanguage":"fr-FR","potentialAction":[{"@type":"ReadAction","target":["https:\/\/www.altercampagne.net\/?p=28472"]}]},{"@type":"ImageObject","inLanguage":"fr-FR","@id":"https:\/\/www.altercampagne.net\/?p=28472#primaryimage","url":"https:\/\/www.altercampagne.net\/wp-content\/uploads\/2024\/07\/2407265-A-Wesserling-02.jpg","contentUrl":"https:\/\/www.altercampagne.net\/wp-content\/uploads\/2024\/07\/2407265-A-Wesserling-02.jpg","width":1824,"height":1216},{"@type":"BreadcrumbList","@id":"https:\/\/www.altercampagne.net\/?p=28472#breadcrumb","itemListElement":[{"@type":"ListItem","position":1,"name":"Accueil","item":"https:\/\/www.altercampagne.net\/"},{"@type":"ListItem","position":2,"name":"A Wesserling, nous avons camp\u00e9 dans le Champ des Possibles."}]},{"@type":"WebSite","@id":"https:\/\/www.altercampagne.net\/#website","url":"https:\/\/www.altercampagne.net\/","name":"AlterTour","description":"Reliez les Alternatives \u00e0 v\u00e9lo","potentialAction":[{"@type":"SearchAction","target":{"@type":"EntryPoint","urlTemplate":"https:\/\/www.altercampagne.net\/?s={search_term_string}"},"query-input":{"@type":"PropertyValueSpecification","valueRequired":true,"valueName":"search_term_string"}}],"inLanguage":"fr-FR"},{"@type":"Person","@id":"https:\/\/www.altercampagne.net\/#\/schema\/person\/fad5b6595876359c96e756d4d478f820","name":"Sylvie F","image":{"@type":"ImageObject","inLanguage":"fr-FR","@id":"https:\/\/secure.gravatar.com\/avatar\/16b2d5f6a1293ef16eadfdd15315bab8d4a87db50333f39a9b9b7a1b269a713f?s=96&d=mm&r=g","url":"https:\/\/secure.gravatar.com\/avatar\/16b2d5f6a1293ef16eadfdd15315bab8d4a87db50333f39a9b9b7a1b269a713f?s=96&d=mm&r=g","contentUrl":"https:\/\/secure.gravatar.com\/avatar\/16b2d5f6a1293ef16eadfdd15315bab8d4a87db50333f39a9b9b7a1b269a713f?s=96&d=mm&r=g","caption":"Sylvie F"},"url":"https:\/\/www.altercampagne.net\/?author=206"}]}},"_links":{"self":[{"href":"https:\/\/www.altercampagne.net\/index.php?rest_route=\/wp\/v2\/posts\/28472","targetHints":{"allow":["GET"]}}],"collection":[{"href":"https:\/\/www.altercampagne.net\/index.php?rest_route=\/wp\/v2\/posts"}],"about":[{"href":"https:\/\/www.altercampagne.net\/index.php?rest_route=\/wp\/v2\/types\/post"}],"author":[{"embeddable":true,"href":"https:\/\/www.altercampagne.net\/index.php?rest_route=\/wp\/v2\/users\/206"}],"replies":[{"embeddable":true,"href":"https:\/\/www.altercampagne.net\/index.php?rest_route=%2Fwp%2Fv2%2Fcomments&post=28472"}],"version-history":[{"count":2,"href":"https:\/\/www.altercampagne.net\/index.php?rest_route=\/wp\/v2\/posts\/28472\/revisions"}],"predecessor-version":[{"id":28478,"href":"https:\/\/www.altercampagne.net\/index.php?rest_route=\/wp\/v2\/posts\/28472\/revisions\/28478"}],"wp:featuredmedia":[{"embeddable":true,"href":"https:\/\/www.altercampagne.net\/index.php?rest_route=\/wp\/v2\/media\/28476"}],"wp:attachment":[{"href":"https:\/\/www.altercampagne.net\/index.php?rest_route=%2Fwp%2Fv2%2Fmedia&parent=28472"}],"wp:term":[{"taxonomy":"category","embeddable":true,"href":"https:\/\/www.altercampagne.net\/index.php?rest_route=%2Fwp%2Fv2%2Fcategories&post=28472"},{"taxonomy":"post_tag","embeddable":true,"href":"https:\/\/www.altercampagne.net\/index.php?rest_route=%2Fwp%2Fv2%2Ftags&post=28472"}],"curies":[{"name":"wp","href":"https:\/\/api.w.org\/{rel}","templated":true}]}}