{"id":28479,"date":"2024-07-28T21:06:59","date_gmt":"2024-07-28T19:06:59","guid":{"rendered":"https:\/\/www.altercampagne.net\/?p=28479"},"modified":"2024-07-30T21:32:03","modified_gmt":"2024-07-30T19:32:03","slug":"la-vigotte-ou-la-transition-douce","status":"publish","type":"post","link":"https:\/\/www.altercampagne.net\/?p=28479","title":{"rendered":"La Vigotte, ou la transition douce"},"content":{"rendered":"\n<p><strong><em>Le soleil brille, s\u00e8che nos affaires d\u00e9tremp\u00e9es par la journ\u00e9e de pluie de la veille et permet au groupe de d\u00e9marrer la journ\u00e9e avec le sourire. 4km \u00e0 v\u00e9lo de relief vosgien nous emm\u00e8ne ce matin \u00e0 la Vigotte, un \u00e9co-tiers-lieu qui exp\u00e9rimente, tel un laboratoire \u00e0 ciel ouvert, une \u00ab\u00a0transition \u00e9cologique des territoire ruraux\u00a0\u00bb<\/em><\/strong><\/p>\n\n\n<div class=\"wp-block-image\">\n<figure class=\"aligncenter size-large is-resized\"><a href=\"https:\/\/www.altercampagne.net\/wp-content\/uploads\/2024\/07\/240728-La-Vigotte-02-1-scaled.jpg\"><img loading=\"lazy\" decoding=\"async\" width=\"1024\" height=\"768\" src=\"https:\/\/www.altercampagne.net\/wp-content\/uploads\/2024\/07\/240728-La-Vigotte-02-1-1024x768.jpg\" alt=\"\" class=\"wp-image-28488\" style=\"width:395px;height:auto\" srcset=\"https:\/\/www.altercampagne.net\/wp-content\/uploads\/2024\/07\/240728-La-Vigotte-02-1-1024x768.jpg 1024w, https:\/\/www.altercampagne.net\/wp-content\/uploads\/2024\/07\/240728-La-Vigotte-02-1-300x225.jpg 300w, https:\/\/www.altercampagne.net\/wp-content\/uploads\/2024\/07\/240728-La-Vigotte-02-1-768x576.jpg 768w, https:\/\/www.altercampagne.net\/wp-content\/uploads\/2024\/07\/240728-La-Vigotte-02-1-1536x1152.jpg 1536w, https:\/\/www.altercampagne.net\/wp-content\/uploads\/2024\/07\/240728-La-Vigotte-02-1-2048x1536.jpg 2048w, https:\/\/www.altercampagne.net\/wp-content\/uploads\/2024\/07\/240728-La-Vigotte-02-1-100x75.jpg 100w, https:\/\/www.altercampagne.net\/wp-content\/uploads\/2024\/07\/240728-La-Vigotte-02-1-862x647.jpg 862w, https:\/\/www.altercampagne.net\/wp-content\/uploads\/2024\/07\/240728-La-Vigotte-02-1-1140x855.jpg 1140w\" sizes=\"auto, (max-width: 1024px) 100vw, 1024px\" \/><\/a><\/figure>\n<\/div>\n\n\n<p>Nous sommes accueilli\u2019es par Laurent et Juliette&nbsp;; elle est une locale, ancienne stagiaire et service civique du lieu, maintenant en r\u00e9sidence artistique en design d\u2019ameublement et de signal\u00e9tique&nbsp;; lui, ancien salari\u00e9 de l\u2019ONF, est permanent r\u00e9gisseur du lieu et sera notre principal guide de la matin\u00e9e<\/p>\n\n\n\n<h3 class=\"wp-block-heading\"><strong>Le Lieu et l\u2019Association<\/strong><\/h3>\n\n\n\n<p>Perch\u00e9e en haut d\u2019un vallon en forme de barque renvers\u00e9e et cern\u00e9 de for\u00eat et de champs, <a href=\"https:\/\/www.facebook.com\/lavigottelab\/\"><strong>la Vigotte Lab <\/strong><\/a>est une association de 7 salari\u00e9\u2019es n\u00e9e en 2022, install\u00e9e dans le hameau de la Vigotte (cqfd), d\u2019abord tourbi\u00e8re, puis ass\u00e9ch\u00e9e pour y faire du p\u00e2turage et enfin transform\u00e9e en for\u00eat des Vosges apr\u00e8s guerre (l\u2019\u00e9chelle de temps est en si\u00e8cles\u00a0!)\u00a0; hameau qui se situe sur la ligne de partage des eaux Atlantique\/M\u00e9diterrann\u00e9e\u00a0: \u00e7a a son importance\u00a0! imagine-toi en petite goutte de pluie qui peut voir son destin chamboul\u00e9 par une simple rafale de vent, et finir ton p\u00e9riple fluviale dans une mer ou un oc\u00e9an\u00a0! Plus s\u00e9rieusement, l\u2019eau est une consid\u00e9ration omnipr\u00e9sente car 20 sources sont pr\u00e9sentes sur le terrain.<\/p>\n\n\n<div class=\"wp-block-image\">\n<figure class=\"aligncenter size-large is-resized\"><a href=\"https:\/\/www.altercampagne.net\/wp-content\/uploads\/2024\/07\/240728-La-Vigotte-08-scaled.jpg\"><img loading=\"lazy\" decoding=\"async\" width=\"1024\" height=\"768\" src=\"https:\/\/www.altercampagne.net\/wp-content\/uploads\/2024\/07\/240728-La-Vigotte-08-1024x768.jpg\" alt=\"\" class=\"wp-image-28490\" style=\"width:579px;height:auto\" srcset=\"https:\/\/www.altercampagne.net\/wp-content\/uploads\/2024\/07\/240728-La-Vigotte-08-1024x768.jpg 1024w, https:\/\/www.altercampagne.net\/wp-content\/uploads\/2024\/07\/240728-La-Vigotte-08-300x225.jpg 300w, https:\/\/www.altercampagne.net\/wp-content\/uploads\/2024\/07\/240728-La-Vigotte-08-768x576.jpg 768w, https:\/\/www.altercampagne.net\/wp-content\/uploads\/2024\/07\/240728-La-Vigotte-08-1536x1152.jpg 1536w, https:\/\/www.altercampagne.net\/wp-content\/uploads\/2024\/07\/240728-La-Vigotte-08-2048x1536.jpg 2048w, https:\/\/www.altercampagne.net\/wp-content\/uploads\/2024\/07\/240728-La-Vigotte-08-100x75.jpg 100w, https:\/\/www.altercampagne.net\/wp-content\/uploads\/2024\/07\/240728-La-Vigotte-08-862x647.jpg 862w, https:\/\/www.altercampagne.net\/wp-content\/uploads\/2024\/07\/240728-La-Vigotte-08-1140x855.jpg 1140w\" sizes=\"auto, (max-width: 1024px) 100vw, 1024px\" \/><\/a><\/figure>\n<\/div>\n\n\n<p>Se trouvent actuellement dans le hameau des habitations, des g\u00eetes, un h\u00f4tel-restaurant, une ferme, et une salle multi activit\u00e9 toute fraichement restaur\u00e9e par des mat\u00e9riaux locaux (on y reviendra\u00a0!), ainsi que <strong>divers activit\u00e9s professionnelles<\/strong> hors lieu port\u00e9es par les habitant\u2019es, ce qui fait qu\u2019en une dizaine de b\u00e2timents, en fond de vall\u00e9e, le lieu est bien vivant\u00a0!<\/p>\n\n\n\n<p>L\u2019association campe donc dans un \u00e9crin de nature de 30ha dont elle se sent responsable et porte donc sa vocation dans ce sens\u00a0: tester une \u00ab\u00a0<strong>transition \u00e9cologique en milieu rural<\/strong>\u00a0\u00bb raisonn\u00e9e\u00a0 en respectant le cycle naturel.<\/p>\n\n\n\n<h3 class=\"wp-block-heading\"><strong>La Gestion Foresti\u00e8re<\/strong><\/h3>\n\n\n\n<p>Avec 7 salari\u00e9\u2019es (et du b\u00e9n\u00e9volat) , l\u2019association a donc du taf\u00a0! Celui qui prend une bonne partie de son temps \u00e0 Laurent est donc la gestion foresti\u00e8re, et c\u2019est l\u00e0 que \u00e7a devient int\u00e9ressant\u00a0! Il nous emm\u00e8ne en balade.<\/p>\n\n\n<div class=\"wp-block-image\">\n<figure class=\"aligncenter size-large is-resized\"><a href=\"https:\/\/www.altercampagne.net\/wp-content\/uploads\/2024\/07\/240728-La-Vigotte-03-scaled.jpg\"><img loading=\"lazy\" decoding=\"async\" width=\"1024\" height=\"768\" src=\"https:\/\/www.altercampagne.net\/wp-content\/uploads\/2024\/07\/240728-La-Vigotte-03-1024x768.jpg\" alt=\"\" class=\"wp-image-28481\" style=\"width:549px;height:auto\" srcset=\"https:\/\/www.altercampagne.net\/wp-content\/uploads\/2024\/07\/240728-La-Vigotte-03-1024x768.jpg 1024w, https:\/\/www.altercampagne.net\/wp-content\/uploads\/2024\/07\/240728-La-Vigotte-03-300x225.jpg 300w, https:\/\/www.altercampagne.net\/wp-content\/uploads\/2024\/07\/240728-La-Vigotte-03-768x576.jpg 768w, https:\/\/www.altercampagne.net\/wp-content\/uploads\/2024\/07\/240728-La-Vigotte-03-1536x1152.jpg 1536w, https:\/\/www.altercampagne.net\/wp-content\/uploads\/2024\/07\/240728-La-Vigotte-03-2048x1536.jpg 2048w, https:\/\/www.altercampagne.net\/wp-content\/uploads\/2024\/07\/240728-La-Vigotte-03-100x75.jpg 100w, https:\/\/www.altercampagne.net\/wp-content\/uploads\/2024\/07\/240728-La-Vigotte-03-862x647.jpg 862w, https:\/\/www.altercampagne.net\/wp-content\/uploads\/2024\/07\/240728-La-Vigotte-03-1140x855.jpg 1140w\" sizes=\"auto, (max-width: 1024px) 100vw, 1024px\" \/><\/a><\/figure>\n<\/div>\n\n\n<p>L\u2019\u00e9pic\u00e9a a \u00e9t\u00e9 massivement plant\u00e9 dans l\u2019apr\u00e8s-guerre pour subvenir aux besoins de reconstruction\u00a0; simplement, bah la monoculture sylvicole \u00e7a fait des d\u00e9g\u00e2ts\u00a0en emp\u00eachant la diversit\u00e9 biologique et naturelle de s\u2019\u00e9panouir.\u00a0 Et, au lieu d\u2019y aller \u00e0 coup de coupes franches et rases, de replanter et d\u2019op\u00e9rer un fort contr\u00f4le sur la repousse, ici, l\u2019id\u00e9e est de recr\u00e9er une r\u00e9g\u00e9n\u00e9ration et un r\u00e9ensement naturel des esp\u00e8ces end\u00e9miques et cr\u00e9er une gestion longue de la rotation foresti\u00e8re\u00a0; entre autre, \u00e7a passe par couper quelques \u00e9pic\u00e9as pour laisser un puit de lumi\u00e8re et de tout simplement laisser faire\u00a0: patience et vision \u00e0 long terme s\u2019installent donc, ou plut\u00f4t, regarder \u00e0 hauteur du rythme des arbres et leur faire confiance.<\/p>\n\n\n<div class=\"wp-block-image\">\n<figure class=\"aligncenter size-large is-resized\"><a href=\"https:\/\/www.altercampagne.net\/wp-content\/uploads\/2024\/07\/240728-La-Vigotte-09-scaled.jpg\"><img loading=\"lazy\" decoding=\"async\" width=\"1024\" height=\"768\" src=\"https:\/\/www.altercampagne.net\/wp-content\/uploads\/2024\/07\/240728-La-Vigotte-09-1024x768.jpg\" alt=\"\" class=\"wp-image-28485\" style=\"width:549px;height:auto\" srcset=\"https:\/\/www.altercampagne.net\/wp-content\/uploads\/2024\/07\/240728-La-Vigotte-09-1024x768.jpg 1024w, https:\/\/www.altercampagne.net\/wp-content\/uploads\/2024\/07\/240728-La-Vigotte-09-300x225.jpg 300w, https:\/\/www.altercampagne.net\/wp-content\/uploads\/2024\/07\/240728-La-Vigotte-09-768x576.jpg 768w, https:\/\/www.altercampagne.net\/wp-content\/uploads\/2024\/07\/240728-La-Vigotte-09-1536x1152.jpg 1536w, https:\/\/www.altercampagne.net\/wp-content\/uploads\/2024\/07\/240728-La-Vigotte-09-2048x1536.jpg 2048w, https:\/\/www.altercampagne.net\/wp-content\/uploads\/2024\/07\/240728-La-Vigotte-09-100x75.jpg 100w, https:\/\/www.altercampagne.net\/wp-content\/uploads\/2024\/07\/240728-La-Vigotte-09-862x647.jpg 862w, https:\/\/www.altercampagne.net\/wp-content\/uploads\/2024\/07\/240728-La-Vigotte-09-1140x855.jpg 1140w\" sizes=\"auto, (max-width: 1024px) 100vw, 1024px\" \/><\/a><\/figure>\n<\/div>\n\n\n<p>Une aide bonus intervient&nbsp;: le Scolite, petit insecte parasite pour l\u2019\u00e9pic\u00e9a, pond ses larves sous l\u2019\u00e9corce&nbsp;; pour se d\u00e9fendre, l\u2019arbre doit stopper la circulation de la s\u00e8ve, et par effet pervers s\u2019auto-\u00e9touffe et meurt ainsi en quelques mois. Si le Scolite est ravageur pour l\u2019industrie du bois dans les Vosges, ici \u00e0 la vigotte, il donne un petit coup de pouce pour transiter de l\u2019\u00e9pic\u00e9a vers le Sapin et quelques feuillus end\u00e9miques.<\/p>\n\n\n\n<h3 class=\"wp-block-heading\"><strong>Circuit Court<\/strong><\/h3>\n\n\n\n<p>Pour soutenir la vision d\u2019une transition locale, une scierie a \u00e9t\u00e9 install\u00e9e et permet d\u2019utiliser le bois d\u2019\u00e9pic\u00e9a dans le coin, et m\u00eame sur place directement. L\u2019exemple que nous ont montr\u00e9 Laurent et Juliette est la r\u00e9novation de la salle polyvalente dont le bois vient \u00e0 100% de 200 m\u00e8tres \u00e0 la ronde\u00a0!<\/p>\n\n\n<div class=\"wp-block-image\">\n<figure class=\"aligncenter size-large is-resized\"><a href=\"https:\/\/www.altercampagne.net\/wp-content\/uploads\/2024\/07\/240728-La-Vigotte-12-scaled.jpg\"><img loading=\"lazy\" decoding=\"async\" width=\"1024\" height=\"768\" src=\"https:\/\/www.altercampagne.net\/wp-content\/uploads\/2024\/07\/240728-La-Vigotte-12-1024x768.jpg\" alt=\"\" class=\"wp-image-28487\" style=\"width:472px;height:auto\" srcset=\"https:\/\/www.altercampagne.net\/wp-content\/uploads\/2024\/07\/240728-La-Vigotte-12-1024x768.jpg 1024w, https:\/\/www.altercampagne.net\/wp-content\/uploads\/2024\/07\/240728-La-Vigotte-12-300x225.jpg 300w, https:\/\/www.altercampagne.net\/wp-content\/uploads\/2024\/07\/240728-La-Vigotte-12-768x576.jpg 768w, https:\/\/www.altercampagne.net\/wp-content\/uploads\/2024\/07\/240728-La-Vigotte-12-1536x1152.jpg 1536w, https:\/\/www.altercampagne.net\/wp-content\/uploads\/2024\/07\/240728-La-Vigotte-12-2048x1536.jpg 2048w, https:\/\/www.altercampagne.net\/wp-content\/uploads\/2024\/07\/240728-La-Vigotte-12-100x75.jpg 100w, https:\/\/www.altercampagne.net\/wp-content\/uploads\/2024\/07\/240728-La-Vigotte-12-862x647.jpg 862w, https:\/\/www.altercampagne.net\/wp-content\/uploads\/2024\/07\/240728-La-Vigotte-12-1140x855.jpg 1140w\" sizes=\"auto, (max-width: 1024px) 100vw, 1024px\" \/><\/a><\/figure>\n<\/div>\n\n\n<p>La r\u00e9flexion du circuit-court s\u2019axe donc en partie autour de cette salle qui propose aux habitant\u2019es du territoire de s\u2019approprier cette salle pour des s\u00e9minaires, des stages ou toute autre activit\u00e9 de groupe, les g\u00eetes soutenant l\u2019accueil.<\/p>\n\n\n\n<p>Le circuit court prend aussi la forme du traitement des eaux grises des activit\u00e9s humaines par des bassins phyto-sanitaires qui purifient l\u2019eau avant de retourner dans le ruisseau.<\/p>\n\n\n\n<h3 class=\"wp-block-heading\"><strong>Laboratoire<\/strong><\/h3>\n\n\n\n<p>La gestion de la for\u00eat est donc une des exp\u00e9riences grandeur nature que porte l\u2019association, et elle en explore d\u2019autres.<\/p>\n\n\n\n<p>Du mara\u00eechage en terre est en cours\u00a0et deux parcelles miroir se font face\u00a0: l\u2019une g\u00e9r\u00e9e tr\u00e8s classiquement, l\u2019autre est aliment\u00e9e par les eaux us\u00e9es de la serre en aquaponie juste au-dessus, et voir \u00e0 terme les diff\u00e9rences qui peuvent \u00e9merger. L\u2019aquaponie est une m\u00e9thode hors-sol, en bac et sans terre de culture des v\u00e9g\u00e9taux, aliment\u00e9e par de l\u2019eau dans laquelle vivent des poissons dont les d\u00e9jections servent de fertilisant aux plantes dont les racines baignent litt\u00e9ralement dans l\u2019eau. Laurent nous dit que pour l\u2019instant il n\u2019y a pas de vertus \u00e0 alimenter les habitant\u2019es, plut\u00f4t de tester une m\u00e9thode d\u2019agriculture pour des consid\u00e9rations futures de nourrir un territoire.<\/p>\n\n\n<div class=\"wp-block-image\">\n<figure class=\"aligncenter size-large is-resized\"><a href=\"https:\/\/www.altercampagne.net\/wp-content\/uploads\/2024\/07\/240728-La-Vigotte-06-scaled.jpg\"><img loading=\"lazy\" decoding=\"async\" width=\"1024\" height=\"768\" src=\"https:\/\/www.altercampagne.net\/wp-content\/uploads\/2024\/07\/240728-La-Vigotte-06-1024x768.jpg\" alt=\"\" class=\"wp-image-28489\" style=\"width:528px;height:auto\" srcset=\"https:\/\/www.altercampagne.net\/wp-content\/uploads\/2024\/07\/240728-La-Vigotte-06-1024x768.jpg 1024w, https:\/\/www.altercampagne.net\/wp-content\/uploads\/2024\/07\/240728-La-Vigotte-06-300x225.jpg 300w, https:\/\/www.altercampagne.net\/wp-content\/uploads\/2024\/07\/240728-La-Vigotte-06-768x576.jpg 768w, https:\/\/www.altercampagne.net\/wp-content\/uploads\/2024\/07\/240728-La-Vigotte-06-1536x1152.jpg 1536w, https:\/\/www.altercampagne.net\/wp-content\/uploads\/2024\/07\/240728-La-Vigotte-06-2048x1536.jpg 2048w, https:\/\/www.altercampagne.net\/wp-content\/uploads\/2024\/07\/240728-La-Vigotte-06-100x75.jpg 100w, https:\/\/www.altercampagne.net\/wp-content\/uploads\/2024\/07\/240728-La-Vigotte-06-862x647.jpg 862w, https:\/\/www.altercampagne.net\/wp-content\/uploads\/2024\/07\/240728-La-Vigotte-06-1140x855.jpg 1140w\" sizes=\"auto, (max-width: 1024px) 100vw, 1024px\" \/><\/a><\/figure>\n<\/div>\n\n\n<p>Pour que ce laboratoire puisse se nourrir, perdurer, essaimer, la Vigotte accueille r\u00e9guli\u00e8rement des groupes d\u2019\u00e9tudiant\u2019es ou d\u2019expert\u2019es ou n\u00e9ophytes cr\u00e9ant, partageant et diffusant les connaissances \u00e9manentes du lieu.<\/p>\n\n\n\n<h3 class=\"wp-block-heading\">La touche po\u00e9tique<\/h3>\n\n\n\n<p>Juliette exp\u00e9rimente un ligne de mobilier ext\u00e9rieur 100% locale&nbsp;: Esther.<\/p>\n\n\n\n<p>L\u2019id\u00e9e est d\u2019utiliser ce que la for\u00eat propose et de cr\u00e9er des bancs, des tabourets ou autre l\u00e0 o\u00f9 les mat\u00e9riaux sont disponibles, et c\u2019est ainsi qu\u2019elle nous pr\u00e9sente un banc qui de loin ressemble \u00e0 des st\u00e8res de bois pr\u00eats \u00e0 \u00eatre enfourn\u00e9s, mais qui de pr\u00e8s s\u2019av\u00e8re \u00eatre un banc face \u00e0 la vall\u00e9e. La notion cl\u00e9 derri\u00e8re est, de mani\u00e8re \u00e9ph\u00e9m\u00e8re, rendre service \u00e0 l\u2019humain\u2019e en proposant un lieu de pause et de contemplation tout en laissant le bois qui a servi se d\u00e9composer, d\u2019abriter insectes et rongeurs dans ce lapse de temps et retourner \u00e0 la terre pour alimenter l\u2019humus, et cr\u00e9er le terreau fertile de la future for\u00eat. Le tout en \u00ab\u00a0open source\u00a0\u00bb, soit l\u2019acc\u00e8s totalement libre des plans et de la confection\u00a0!<\/p>\n\n\n<div class=\"wp-block-image\">\n<figure class=\"aligncenter size-large is-resized\"><a href=\"https:\/\/www.altercampagne.net\/wp-content\/uploads\/2024\/07\/240728-La-Vigotte-11-scaled.jpg\"><img loading=\"lazy\" decoding=\"async\" width=\"1024\" height=\"768\" src=\"https:\/\/www.altercampagne.net\/wp-content\/uploads\/2024\/07\/240728-La-Vigotte-11-1024x768.jpg\" alt=\"\" class=\"wp-image-28486\" style=\"width:501px;height:auto\" srcset=\"https:\/\/www.altercampagne.net\/wp-content\/uploads\/2024\/07\/240728-La-Vigotte-11-1024x768.jpg 1024w, https:\/\/www.altercampagne.net\/wp-content\/uploads\/2024\/07\/240728-La-Vigotte-11-300x225.jpg 300w, https:\/\/www.altercampagne.net\/wp-content\/uploads\/2024\/07\/240728-La-Vigotte-11-768x576.jpg 768w, https:\/\/www.altercampagne.net\/wp-content\/uploads\/2024\/07\/240728-La-Vigotte-11-1536x1152.jpg 1536w, https:\/\/www.altercampagne.net\/wp-content\/uploads\/2024\/07\/240728-La-Vigotte-11-2048x1536.jpg 2048w, https:\/\/www.altercampagne.net\/wp-content\/uploads\/2024\/07\/240728-La-Vigotte-11-100x75.jpg 100w, https:\/\/www.altercampagne.net\/wp-content\/uploads\/2024\/07\/240728-La-Vigotte-11-862x647.jpg 862w, https:\/\/www.altercampagne.net\/wp-content\/uploads\/2024\/07\/240728-La-Vigotte-11-1140x855.jpg 1140w\" sizes=\"auto, (max-width: 1024px) 100vw, 1024px\" \/><\/a><\/figure>\n<\/div>\n\n\n<p>L\u2019association a \u00e9galement cr\u00e9\u00e9 un parcours sonore qui nous entraine dans cet \u00e9crin exp\u00e9rimental et permet de d\u00e9couvrir la richesse de cette vall\u00e9e verdoyante.<\/p>\n\n\n\n<p><strong><em>Tout ceci n\u2019est qu\u2019un aper\u00e7u d\u2019une matin\u00e9e pass\u00e9e \u00e0 la Vigotte Lab, arbre qui cache la for\u00eat de l\u2019\u00e9nergie et la chaleur humaine et des projets port\u00e9s dans ce petit coin de paradis.<\/em><\/strong><\/p>\n","protected":false},"excerpt":{"rendered":"<p>Tout ceci n\u2019est qu\u2019un aper\u00e7u d\u2019une matin\u00e9e pass\u00e9e \u00e0 la Vigotte Lab, arbre qui cache la for\u00eat de l\u2019\u00e9nergie et la chaleur humaine et des projets port\u00e9s dans ce petit coin de paradis.<\/p>\n","protected":false},"author":295,"featured_media":28482,"comment_status":"closed","ping_status":"closed","sticky":false,"template":"","format":"standard","meta":{"footnotes":""},"categories":[3471,3483,4313,4449,3489,3486,3485],"tags":[],"class_list":["post-28479","post","type-post","status-publish","format-standard","has-post-thumbnail","hentry","category-auvergne-rhone-alpes","category-agriculture","category-altertour","category-edition-2024","category-alimentation","category-environnement","category-habitat"],"yoast_head":"<!-- This site is optimized with the Yoast SEO plugin v27.3 - https:\/\/yoast.com\/product\/yoast-seo-wordpress\/ -->\n<title>La Vigotte, ou la transition douce - AlterTour<\/title>\n<meta name=\"robots\" content=\"index, follow, max-snippet:-1, max-image-preview:large, max-video-preview:-1\" \/>\n<link rel=\"canonical\" href=\"https:\/\/www.altercampagne.net\/?p=28479\" \/>\n<meta property=\"og:locale\" content=\"fr_FR\" \/>\n<meta property=\"og:type\" content=\"article\" \/>\n<meta property=\"og:title\" content=\"La Vigotte, ou la transition douce - AlterTour\" \/>\n<meta property=\"og:description\" content=\"Tout ceci n\u2019est qu\u2019un aper\u00e7u d\u2019une matin\u00e9e pass\u00e9e \u00e0 la Vigotte Lab, arbre qui cache la for\u00eat de l\u2019\u00e9nergie et la chaleur humaine et des projets port\u00e9s dans ce petit coin de paradis.\" \/>\n<meta property=\"og:url\" content=\"https:\/\/www.altercampagne.net\/?p=28479\" \/>\n<meta property=\"og:site_name\" content=\"AlterTour\" \/>\n<meta property=\"article:published_time\" content=\"2024-07-28T19:06:59+00:00\" \/>\n<meta property=\"article:modified_time\" content=\"2024-07-30T19:32:03+00:00\" \/>\n<meta property=\"og:image\" content=\"https:\/\/www.altercampagne.net\/wp-content\/uploads\/2024\/07\/240728-La-Vigotte-04-scaled.jpg\" \/>\n\t<meta property=\"og:image:width\" content=\"2560\" \/>\n\t<meta property=\"og:image:height\" content=\"1920\" \/>\n\t<meta property=\"og:image:type\" content=\"image\/jpeg\" \/>\n<meta name=\"author\" content=\"Ivan\" \/>\n<meta name=\"twitter:card\" content=\"summary_large_image\" \/>\n<meta name=\"twitter:label1\" content=\"\u00c9crit par\" \/>\n\t<meta name=\"twitter:data1\" content=\"Ivan\" \/>\n\t<meta name=\"twitter:label2\" content=\"Dur\u00e9e de lecture estim\u00e9e\" \/>\n\t<meta name=\"twitter:data2\" content=\"7 minutes\" \/>\n<script type=\"application\/ld+json\" class=\"yoast-schema-graph\">{\"@context\":\"https:\\\/\\\/schema.org\",\"@graph\":[{\"@type\":\"Article\",\"@id\":\"https:\\\/\\\/www.altercampagne.net\\\/?p=28479#article\",\"isPartOf\":{\"@id\":\"https:\\\/\\\/www.altercampagne.net\\\/?p=28479\"},\"author\":{\"name\":\"Ivan\",\"@id\":\"https:\\\/\\\/www.altercampagne.net\\\/#\\\/schema\\\/person\\\/c007149048bad022a8e11a5a1549e67a\"},\"headline\":\"La Vigotte, ou la transition douce\",\"datePublished\":\"2024-07-28T19:06:59+00:00\",\"dateModified\":\"2024-07-30T19:32:03+00:00\",\"mainEntityOfPage\":{\"@id\":\"https:\\\/\\\/www.altercampagne.net\\\/?p=28479\"},\"wordCount\":1217,\"image\":{\"@id\":\"https:\\\/\\\/www.altercampagne.net\\\/?p=28479#primaryimage\"},\"thumbnailUrl\":\"https:\\\/\\\/www.altercampagne.net\\\/wp-content\\\/uploads\\\/2024\\\/07\\\/240728-La-Vigotte-04-scaled.jpg\",\"articleSection\":[\"Auvergne-Rh\u00f4ne-Alpes\",\"Agriculture\",\"AlterTour\",\"\u00c9dition 2024\",\"Alimentation\",\"Environnement\",\"Habitat\"],\"inLanguage\":\"fr-FR\"},{\"@type\":\"WebPage\",\"@id\":\"https:\\\/\\\/www.altercampagne.net\\\/?p=28479\",\"url\":\"https:\\\/\\\/www.altercampagne.net\\\/?p=28479\",\"name\":\"La Vigotte, ou la transition douce - AlterTour\",\"isPartOf\":{\"@id\":\"https:\\\/\\\/www.altercampagne.net\\\/#website\"},\"primaryImageOfPage\":{\"@id\":\"https:\\\/\\\/www.altercampagne.net\\\/?p=28479#primaryimage\"},\"image\":{\"@id\":\"https:\\\/\\\/www.altercampagne.net\\\/?p=28479#primaryimage\"},\"thumbnailUrl\":\"https:\\\/\\\/www.altercampagne.net\\\/wp-content\\\/uploads\\\/2024\\\/07\\\/240728-La-Vigotte-04-scaled.jpg\",\"datePublished\":\"2024-07-28T19:06:59+00:00\",\"dateModified\":\"2024-07-30T19:32:03+00:00\",\"author\":{\"@id\":\"https:\\\/\\\/www.altercampagne.net\\\/#\\\/schema\\\/person\\\/c007149048bad022a8e11a5a1549e67a\"},\"breadcrumb\":{\"@id\":\"https:\\\/\\\/www.altercampagne.net\\\/?p=28479#breadcrumb\"},\"inLanguage\":\"fr-FR\",\"potentialAction\":[{\"@type\":\"ReadAction\",\"target\":[\"https:\\\/\\\/www.altercampagne.net\\\/?p=28479\"]}]},{\"@type\":\"ImageObject\",\"inLanguage\":\"fr-FR\",\"@id\":\"https:\\\/\\\/www.altercampagne.net\\\/?p=28479#primaryimage\",\"url\":\"https:\\\/\\\/www.altercampagne.net\\\/wp-content\\\/uploads\\\/2024\\\/07\\\/240728-La-Vigotte-04-scaled.jpg\",\"contentUrl\":\"https:\\\/\\\/www.altercampagne.net\\\/wp-content\\\/uploads\\\/2024\\\/07\\\/240728-La-Vigotte-04-scaled.jpg\",\"width\":2560,\"height\":1920,\"caption\":\"00000000\"},{\"@type\":\"BreadcrumbList\",\"@id\":\"https:\\\/\\\/www.altercampagne.net\\\/?p=28479#breadcrumb\",\"itemListElement\":[{\"@type\":\"ListItem\",\"position\":1,\"name\":\"Accueil\",\"item\":\"https:\\\/\\\/www.altercampagne.net\\\/\"},{\"@type\":\"ListItem\",\"position\":2,\"name\":\"La Vigotte, ou la transition douce\"}]},{\"@type\":\"WebSite\",\"@id\":\"https:\\\/\\\/www.altercampagne.net\\\/#website\",\"url\":\"https:\\\/\\\/www.altercampagne.net\\\/\",\"name\":\"AlterTour\",\"description\":\"Reliez les Alternatives \u00e0 v\u00e9lo\",\"potentialAction\":[{\"@type\":\"SearchAction\",\"target\":{\"@type\":\"EntryPoint\",\"urlTemplate\":\"https:\\\/\\\/www.altercampagne.net\\\/?s={search_term_string}\"},\"query-input\":{\"@type\":\"PropertyValueSpecification\",\"valueRequired\":true,\"valueName\":\"search_term_string\"}}],\"inLanguage\":\"fr-FR\"},{\"@type\":\"Person\",\"@id\":\"https:\\\/\\\/www.altercampagne.net\\\/#\\\/schema\\\/person\\\/c007149048bad022a8e11a5a1549e67a\",\"name\":\"Ivan\",\"image\":{\"@type\":\"ImageObject\",\"inLanguage\":\"fr-FR\",\"@id\":\"https:\\\/\\\/secure.gravatar.com\\\/avatar\\\/d7114d9060e24703c012c83578543a4c1da7a646e90cb95e955d566a3b8500f6?s=96&d=mm&r=g\",\"url\":\"https:\\\/\\\/secure.gravatar.com\\\/avatar\\\/d7114d9060e24703c012c83578543a4c1da7a646e90cb95e955d566a3b8500f6?s=96&d=mm&r=g\",\"contentUrl\":\"https:\\\/\\\/secure.gravatar.com\\\/avatar\\\/d7114d9060e24703c012c83578543a4c1da7a646e90cb95e955d566a3b8500f6?s=96&d=mm&r=g\",\"caption\":\"Ivan\"},\"url\":\"https:\\\/\\\/www.altercampagne.net\\\/?author=295\"}]}<\/script>\n<!-- \/ Yoast SEO plugin. -->","yoast_head_json":{"title":"La Vigotte, ou la transition douce - AlterTour","robots":{"index":"index","follow":"follow","max-snippet":"max-snippet:-1","max-image-preview":"max-image-preview:large","max-video-preview":"max-video-preview:-1"},"canonical":"https:\/\/www.altercampagne.net\/?p=28479","og_locale":"fr_FR","og_type":"article","og_title":"La Vigotte, ou la transition douce - AlterTour","og_description":"Tout ceci n\u2019est qu\u2019un aper\u00e7u d\u2019une matin\u00e9e pass\u00e9e \u00e0 la Vigotte Lab, arbre qui cache la for\u00eat de l\u2019\u00e9nergie et la chaleur humaine et des projets port\u00e9s dans ce petit coin de paradis.","og_url":"https:\/\/www.altercampagne.net\/?p=28479","og_site_name":"AlterTour","article_published_time":"2024-07-28T19:06:59+00:00","article_modified_time":"2024-07-30T19:32:03+00:00","og_image":[{"width":2560,"height":1920,"url":"https:\/\/www.altercampagne.net\/wp-content\/uploads\/2024\/07\/240728-La-Vigotte-04-scaled.jpg","type":"image\/jpeg"}],"author":"Ivan","twitter_card":"summary_large_image","twitter_misc":{"\u00c9crit par":"Ivan","Dur\u00e9e de lecture estim\u00e9e":"7 minutes"},"schema":{"@context":"https:\/\/schema.org","@graph":[{"@type":"Article","@id":"https:\/\/www.altercampagne.net\/?p=28479#article","isPartOf":{"@id":"https:\/\/www.altercampagne.net\/?p=28479"},"author":{"name":"Ivan","@id":"https:\/\/www.altercampagne.net\/#\/schema\/person\/c007149048bad022a8e11a5a1549e67a"},"headline":"La Vigotte, ou la transition douce","datePublished":"2024-07-28T19:06:59+00:00","dateModified":"2024-07-30T19:32:03+00:00","mainEntityOfPage":{"@id":"https:\/\/www.altercampagne.net\/?p=28479"},"wordCount":1217,"image":{"@id":"https:\/\/www.altercampagne.net\/?p=28479#primaryimage"},"thumbnailUrl":"https:\/\/www.altercampagne.net\/wp-content\/uploads\/2024\/07\/240728-La-Vigotte-04-scaled.jpg","articleSection":["Auvergne-Rh\u00f4ne-Alpes","Agriculture","AlterTour","\u00c9dition 2024","Alimentation","Environnement","Habitat"],"inLanguage":"fr-FR"},{"@type":"WebPage","@id":"https:\/\/www.altercampagne.net\/?p=28479","url":"https:\/\/www.altercampagne.net\/?p=28479","name":"La Vigotte, ou la transition douce - AlterTour","isPartOf":{"@id":"https:\/\/www.altercampagne.net\/#website"},"primaryImageOfPage":{"@id":"https:\/\/www.altercampagne.net\/?p=28479#primaryimage"},"image":{"@id":"https:\/\/www.altercampagne.net\/?p=28479#primaryimage"},"thumbnailUrl":"https:\/\/www.altercampagne.net\/wp-content\/uploads\/2024\/07\/240728-La-Vigotte-04-scaled.jpg","datePublished":"2024-07-28T19:06:59+00:00","dateModified":"2024-07-30T19:32:03+00:00","author":{"@id":"https:\/\/www.altercampagne.net\/#\/schema\/person\/c007149048bad022a8e11a5a1549e67a"},"breadcrumb":{"@id":"https:\/\/www.altercampagne.net\/?p=28479#breadcrumb"},"inLanguage":"fr-FR","potentialAction":[{"@type":"ReadAction","target":["https:\/\/www.altercampagne.net\/?p=28479"]}]},{"@type":"ImageObject","inLanguage":"fr-FR","@id":"https:\/\/www.altercampagne.net\/?p=28479#primaryimage","url":"https:\/\/www.altercampagne.net\/wp-content\/uploads\/2024\/07\/240728-La-Vigotte-04-scaled.jpg","contentUrl":"https:\/\/www.altercampagne.net\/wp-content\/uploads\/2024\/07\/240728-La-Vigotte-04-scaled.jpg","width":2560,"height":1920,"caption":"00000000"},{"@type":"BreadcrumbList","@id":"https:\/\/www.altercampagne.net\/?p=28479#breadcrumb","itemListElement":[{"@type":"ListItem","position":1,"name":"Accueil","item":"https:\/\/www.altercampagne.net\/"},{"@type":"ListItem","position":2,"name":"La Vigotte, ou la transition douce"}]},{"@type":"WebSite","@id":"https:\/\/www.altercampagne.net\/#website","url":"https:\/\/www.altercampagne.net\/","name":"AlterTour","description":"Reliez les Alternatives \u00e0 v\u00e9lo","potentialAction":[{"@type":"SearchAction","target":{"@type":"EntryPoint","urlTemplate":"https:\/\/www.altercampagne.net\/?s={search_term_string}"},"query-input":{"@type":"PropertyValueSpecification","valueRequired":true,"valueName":"search_term_string"}}],"inLanguage":"fr-FR"},{"@type":"Person","@id":"https:\/\/www.altercampagne.net\/#\/schema\/person\/c007149048bad022a8e11a5a1549e67a","name":"Ivan","image":{"@type":"ImageObject","inLanguage":"fr-FR","@id":"https:\/\/secure.gravatar.com\/avatar\/d7114d9060e24703c012c83578543a4c1da7a646e90cb95e955d566a3b8500f6?s=96&d=mm&r=g","url":"https:\/\/secure.gravatar.com\/avatar\/d7114d9060e24703c012c83578543a4c1da7a646e90cb95e955d566a3b8500f6?s=96&d=mm&r=g","contentUrl":"https:\/\/secure.gravatar.com\/avatar\/d7114d9060e24703c012c83578543a4c1da7a646e90cb95e955d566a3b8500f6?s=96&d=mm&r=g","caption":"Ivan"},"url":"https:\/\/www.altercampagne.net\/?author=295"}]}},"_links":{"self":[{"href":"https:\/\/www.altercampagne.net\/index.php?rest_route=\/wp\/v2\/posts\/28479","targetHints":{"allow":["GET"]}}],"collection":[{"href":"https:\/\/www.altercampagne.net\/index.php?rest_route=\/wp\/v2\/posts"}],"about":[{"href":"https:\/\/www.altercampagne.net\/index.php?rest_route=\/wp\/v2\/types\/post"}],"author":[{"embeddable":true,"href":"https:\/\/www.altercampagne.net\/index.php?rest_route=\/wp\/v2\/users\/295"}],"replies":[{"embeddable":true,"href":"https:\/\/www.altercampagne.net\/index.php?rest_route=%2Fwp%2Fv2%2Fcomments&post=28479"}],"version-history":[{"count":1,"href":"https:\/\/www.altercampagne.net\/index.php?rest_route=\/wp\/v2\/posts\/28479\/revisions"}],"predecessor-version":[{"id":28492,"href":"https:\/\/www.altercampagne.net\/index.php?rest_route=\/wp\/v2\/posts\/28479\/revisions\/28492"}],"wp:featuredmedia":[{"embeddable":true,"href":"https:\/\/www.altercampagne.net\/index.php?rest_route=\/wp\/v2\/media\/28482"}],"wp:attachment":[{"href":"https:\/\/www.altercampagne.net\/index.php?rest_route=%2Fwp%2Fv2%2Fmedia&parent=28479"}],"wp:term":[{"taxonomy":"category","embeddable":true,"href":"https:\/\/www.altercampagne.net\/index.php?rest_route=%2Fwp%2Fv2%2Fcategories&post=28479"},{"taxonomy":"post_tag","embeddable":true,"href":"https:\/\/www.altercampagne.net\/index.php?rest_route=%2Fwp%2Fv2%2Ftags&post=28479"}],"curies":[{"name":"wp","href":"https:\/\/api.w.org\/{rel}","templated":true}]}}