{"id":28493,"date":"2024-07-27T21:46:03","date_gmt":"2024-07-27T19:46:03","guid":{"rendered":"https:\/\/www.altercampagne.net\/?p=28493"},"modified":"2024-08-27T16:22:33","modified_gmt":"2024-08-27T14:22:33","slug":"27-juillet-journee-a-velo-du-collectif-des-possibles-a-le-girmont-du-val-dajol","status":"publish","type":"post","link":"https:\/\/www.altercampagne.net\/?p=28493","title":{"rendered":"27 juillet, journ\u00e9e \u00e0 v\u00e9lo du collectif des possibles \u00e0 Le Girmont du val d&rsquo;Ajol"},"content":{"rendered":"\n<p>La journ\u00e9e commence sur les chapeaux de roue avec la chanson des altercyclistes qui p\u00e8tent aux lit en \u00e9prouvant quatre jouissance, jouissance parmi lesquelles celle de r\u00e9veiller leur voisins de tente. Effray\u00e9.es par cette perspective, tous.tes les altercyclistes saute dehors en un zipe, et se ruent sur les bols du petit d\u00e9jeuner, bols qui comptaient bien sur le r\u00e9veil \u00e0 6h et la flemme olympique du groupe pour se carapater dans la quincaillerie d\u00e8s 7h sans \u00eatre \u00e9bouillant\u00e9s et noy\u00e9s dans des breuvages exotiques, caf\u00e9 et th\u00e9 de toutes les couleurs, arriv\u00e9s on ne sait comment en Alsace, probablement de nuit en zodiac, puis en stop dans des camions conduit par des routiers complices.<\/p>\n\n\n\n<p>S&rsquo;en suivit un remue m\u00e9nage indescriptible, nous ne le d\u00e9crirons donc pas. Seule note d&rsquo;harmonie dans ce capharna\u00fcm de toiles et de petite cuill\u00e8res, une chorale, propos\u00e9 par l&rsquo;ami Ivan et son fid\u00e8le carnet chanteur, tente d&rsquo;orchestrer le rangement des tentes. Le soleil convaincu retient les nuages de pleuvoir, ces derniers pour se venger filent directement vers notre lieu d&rsquo;arriver pour nous tendre un guet-apens.<\/p>\n\n\n\n<p>C&rsquo;est le d\u00e9parts des altercyclistes, remplis \u00e0 bloc de tartines, les estomacs vrombissent, les p\u00e9dales crissent, des fl\u00e8ches en pagailles \u00e9chouent sur le bas c\u00f4t\u00e9 balanc\u00e9es par les guides \u00e0 l&rsquo;avant pour canaliser le flots de rayons tourbillonnant vers notre destination, \u00e9vitant ainsi d&rsquo;\u00e9clabousser les routes adjacentes. Les sers-files, fatigu\u00e9.es de s&rsquo;arr\u00eater pour nettoyer les fl\u00e8ches \u00e0 l&rsquo;arri\u00e8re, leur hurlent dessus, elles se carapatent fissa dans le peloton, laissant la chauss\u00e9e impeccable derri\u00e8re elleux.<\/p>\n\n\n<div class=\"wp-block-image\">\n<figure class=\"aligncenter size-large is-resized\"><a href=\"https:\/\/www.altercampagne.net\/wp-content\/uploads\/2024\/07\/240727-01.jpg\"><img loading=\"lazy\" decoding=\"async\" width=\"686\" height=\"1024\" src=\"https:\/\/www.altercampagne.net\/wp-content\/uploads\/2024\/07\/240727-01-686x1024.jpg\" alt=\"\" class=\"wp-image-28495\" style=\"width:378px;height:auto\" srcset=\"https:\/\/www.altercampagne.net\/wp-content\/uploads\/2024\/07\/240727-01-686x1024.jpg 686w, https:\/\/www.altercampagne.net\/wp-content\/uploads\/2024\/07\/240727-01-201x300.jpg 201w, https:\/\/www.altercampagne.net\/wp-content\/uploads\/2024\/07\/240727-01-768x1147.jpg 768w, https:\/\/www.altercampagne.net\/wp-content\/uploads\/2024\/07\/240727-01-1029x1536.jpg 1029w, https:\/\/www.altercampagne.net\/wp-content\/uploads\/2024\/07\/240727-01-100x149.jpg 100w, https:\/\/www.altercampagne.net\/wp-content\/uploads\/2024\/07\/240727-01-862x1287.jpg 862w, https:\/\/www.altercampagne.net\/wp-content\/uploads\/2024\/07\/240727-01-1140x1702.jpg 1140w, https:\/\/www.altercampagne.net\/wp-content\/uploads\/2024\/07\/240727-01.jpg 1229w\" sizes=\"auto, (max-width: 686px) 100vw, 686px\" \/><\/a><\/figure>\n<\/div>\n\n\n<p>Sit\u00f4t le collectif des possibles quitt\u00e9, l&rsquo;impossible d\u00e9j\u00e0 se produit, du carbone atmosph\u00e9rique retourne \u00e0 la terre par une chemin\u00e9e d&rsquo;usine au ch\u00f4mage crachant un volute v\u00e9g\u00e9tal. Enhardi le peloton se d\u00e9bobine gaiement en petites pelotes lors de l\u2019ascension du 1er col. Bye bye la choucroute, ici c&rsquo;est les Vosges, le pays des cuisses cuites sur petits plateaux. Mais on se resservira plus tard, d&rsquo;abord on a descente\u00a0! Assagie par la mont\u00e9, nous arr\u00eatons de p\u00e9daler idiotement, \u00e7a marche beaucoup mieux, non seulement on ne se fatigue plus mais on file \u00e0 toute berzingue dans un concert de freins et de sonnettes jusqu&rsquo;au font de la vall\u00e9e de la Moselle, o\u00f9 la rivi\u00e8re \u00e9ponyme charm\u00e9e par ce tintamarre d\u00e9rive son cours jusqu&rsquo;\u00e0 \u00e0 nous pour partager le pique-nique \u00e0 l&rsquo;ombre d&rsquo;un arbre majestueux bombard\u00e9 de soleil.<\/p>\n\n\n<div class=\"wp-block-image\">\n<figure class=\"aligncenter size-large is-resized\"><a href=\"https:\/\/www.altercampagne.net\/wp-content\/uploads\/2024\/07\/240727-03-scaled.jpg\"><img loading=\"lazy\" decoding=\"async\" width=\"768\" height=\"1024\" src=\"https:\/\/www.altercampagne.net\/wp-content\/uploads\/2024\/07\/240727-03-768x1024.jpg\" alt=\"\" class=\"wp-image-28498\" style=\"width:420px;height:auto\" srcset=\"https:\/\/www.altercampagne.net\/wp-content\/uploads\/2024\/07\/240727-03-768x1024.jpg 768w, https:\/\/www.altercampagne.net\/wp-content\/uploads\/2024\/07\/240727-03-225x300.jpg 225w, https:\/\/www.altercampagne.net\/wp-content\/uploads\/2024\/07\/240727-03-1152x1536.jpg 1152w, https:\/\/www.altercampagne.net\/wp-content\/uploads\/2024\/07\/240727-03-1536x2048.jpg 1536w, https:\/\/www.altercampagne.net\/wp-content\/uploads\/2024\/07\/240727-03-100x133.jpg 100w, https:\/\/www.altercampagne.net\/wp-content\/uploads\/2024\/07\/240727-03-862x1149.jpg 862w, https:\/\/www.altercampagne.net\/wp-content\/uploads\/2024\/07\/240727-03-1140x1520.jpg 1140w, https:\/\/www.altercampagne.net\/wp-content\/uploads\/2024\/07\/240727-03-scaled.jpg 1920w\" sizes=\"auto, (max-width: 768px) 100vw, 768px\" \/><\/a><\/figure>\n<\/div>\n\n\n<p>Mais nos vaillant.es pr\u00e9parateurices d&rsquo;\u00e9tape ne sont pas dupent, iels anticipent la perfidie des nuages chagrins. Alors hop\u00a0! On saute par surprise sur nos montures d\u00e8s une heure et demi, une demi heure avant l&rsquo;heure pr\u00e9vue, puis on d\u00e9vale une piste cyclable en pente douce pour arriver au pied de la seconde cote. Les nuages enragent, ils nous crachotent dessus imm\u00e9diatement. Qu&rsquo;\u00e0 cela ne tienne on se remet \u00e0 p\u00e9daler cr\u00e2nement, juste histoire de rester au chaud. Cette fois les nuages humili\u00e9 se mettent \u00e0 pleurer pour de bon. Attendri et pries de piti\u00e9 certain.e altercyclistes enfilent leur cape imperm\u00e9able \u00e0 capuche traditionnelle pour honorer l&rsquo;eau tomb\u00e9 du ciel en bonne et due forme, la procession s&rsquo;arr\u00eate sur le parvis de la for\u00eat o\u00f9 les graines sacr\u00e9es, corps des altercyclistes, sont distribu\u00e9es aux p\u00e9nitent.es. Consol\u00e9s les nuages se recueillent un instant, juste le temps d&rsquo;une descente giratoire de la mont\u00e9 jusqu&rsquo;au Girmont du val d&rsquo;Ajol. Le biotope est propice \u00e0 l\u2019\u00e9panouissement de l&rsquo;altercycliste, coll\u00e9 au cimeti\u00e8re pour irriguer son corps, une prairie herbeuse large plate et moelleuse pour le dos, o\u00f9 deux barn-homes poussent d\u00e9j\u00e0 plant\u00e9s par la mairie, rapidement les tente \u00e9closent. Il est 15h45, plus d&rsquo;une heure en avance sur le temps, on regarde le ciel et la petite pluie nous fait bien marrer. C&rsquo;est l&rsquo;offense ultime pour les nuages, fini les pour-parlers, le si\u00e8ge du campement se mets en place. Par salve successive ils nous assaillent avec des trombes d&rsquo;eau, nous \u00e9vacuons vers le pr\u00e9au ou chez Mimi, le bar au carrefour. S&rsquo;en suit la charge de nappes de brumes, repouss\u00e9 gr\u00e2ce \u00e0 une contre attaque de tartine r\u00e9confortante et de bi\u00e8re, mais la brume restent \u00e0 roder en contrebas derri\u00e8re les conif\u00e8res. Le repas se d\u00e9roule sous le pr\u00e9au, nous sommes sains et sauf et au sec, il tombe des cordes de plus belle sans que \u00e7a entame notre moral revigor\u00e9 gr\u00e2ce \u00e0 un dhale de lentille suculant.<\/p>\n\n\n<div class=\"wp-block-image\">\n<figure class=\"aligncenter size-large is-resized\"><a href=\"https:\/\/www.altercampagne.net\/wp-content\/uploads\/2024\/07\/240727-05-scaled.jpg\"><img loading=\"lazy\" decoding=\"async\" width=\"1024\" height=\"768\" src=\"https:\/\/www.altercampagne.net\/wp-content\/uploads\/2024\/07\/240727-05-1024x768.jpg\" alt=\"\" class=\"wp-image-28494\" style=\"width:483px;height:auto\" srcset=\"https:\/\/www.altercampagne.net\/wp-content\/uploads\/2024\/07\/240727-05-1024x768.jpg 1024w, https:\/\/www.altercampagne.net\/wp-content\/uploads\/2024\/07\/240727-05-300x225.jpg 300w, https:\/\/www.altercampagne.net\/wp-content\/uploads\/2024\/07\/240727-05-768x576.jpg 768w, https:\/\/www.altercampagne.net\/wp-content\/uploads\/2024\/07\/240727-05-1536x1152.jpg 1536w, https:\/\/www.altercampagne.net\/wp-content\/uploads\/2024\/07\/240727-05-2048x1536.jpg 2048w, https:\/\/www.altercampagne.net\/wp-content\/uploads\/2024\/07\/240727-05-100x75.jpg 100w, https:\/\/www.altercampagne.net\/wp-content\/uploads\/2024\/07\/240727-05-862x647.jpg 862w, https:\/\/www.altercampagne.net\/wp-content\/uploads\/2024\/07\/240727-05-1140x855.jpg 1140w\" sizes=\"auto, (max-width: 1024px) 100vw, 1024px\" \/><\/a><\/figure>\n<\/div>\n\n\n<p>Nous terminons la soir\u00e9e par la projection du film Le Si\u00e8cle des Couturi\u00e8res, sur le flanc de compagnon le camion Iveco, nous ne sommes pas captif de la pluie, nous sommes captiv\u00e9 ! Ce documentaire excellent m\u00ealant t\u00e9moignages d\u2019ouvri\u00e8re textile et image d&rsquo;archive restaur\u00e9s et coloris\u00e9s restera sans nul doute le souvenir le plus marquant de cette journ\u00e9e pour nombre d&rsquo;entre nous. Emparez vous en vite ! Il ne vous co\u00fbtera seulement 3h15 de votre temps. Et aller 2eme d\u00e9marque ! -50%, on le r\u00e9duit \u00e0 1h30 en coupant l&rsquo;audition de Bernard Arnaud qui pleurniche devant le S\u00e9nat, saisissez le rapidement <a href=\"https:\/\/www.dailymotion.com\/video\/x8w3dv2\"><strong>ici<\/strong><\/a>.<\/p>\n","protected":false},"excerpt":{"rendered":"<p>La journ\u00e9e commence sur les chapeaux de roue avec la chanson des altercyclistes qui p\u00e8tent aux lit en \u00e9prouvant quatre jouissance, jouissance parmi lesquelles celle de r\u00e9veiller leur voisins de tente. Effray\u00e9.es par cette perspective, tous.tes les altercyclistes saute dehors en un zipe, et se ruent sur les bols du &#8230; <\/p>\n<div><a href=\"https:\/\/www.altercampagne.net\/?p=28493\" class=\"more-link\">Read More<\/a><\/div>\n","protected":false},"author":215,"featured_media":28496,"comment_status":"closed","ping_status":"closed","sticky":false,"template":"","format":"standard","meta":{"footnotes":""},"categories":[4313,4449,3475,3540,3932],"tags":[],"class_list":["post-28493","post","type-post","status-publish","format-standard","has-post-thumbnail","hentry","category-altertour","category-edition-2024","category-grand-est","category-transverse","category-velo"],"yoast_head":"<!-- This site is optimized with the Yoast SEO plugin v27.3 - https:\/\/yoast.com\/product\/yoast-seo-wordpress\/ -->\n<title>27 juillet, journ\u00e9e \u00e0 v\u00e9lo du collectif des possibles \u00e0 Le Girmont du val d&#039;Ajol - AlterTour<\/title>\n<meta name=\"robots\" content=\"index, follow, max-snippet:-1, max-image-preview:large, max-video-preview:-1\" \/>\n<link rel=\"canonical\" href=\"https:\/\/www.altercampagne.net\/?p=28493\" \/>\n<meta property=\"og:locale\" content=\"fr_FR\" \/>\n<meta property=\"og:type\" content=\"article\" \/>\n<meta property=\"og:title\" content=\"27 juillet, journ\u00e9e \u00e0 v\u00e9lo du collectif des possibles \u00e0 Le Girmont du val d&#039;Ajol - AlterTour\" \/>\n<meta property=\"og:description\" content=\"La journ\u00e9e commence sur les chapeaux de roue avec la chanson des altercyclistes qui p\u00e8tent aux lit en \u00e9prouvant quatre jouissance, jouissance parmi lesquelles celle de r\u00e9veiller leur voisins de tente. Effray\u00e9.es par cette perspective, tous.tes les altercyclistes saute dehors en un zipe, et se ruent sur les bols du ... Read More\" \/>\n<meta property=\"og:url\" content=\"https:\/\/www.altercampagne.net\/?p=28493\" \/>\n<meta property=\"og:site_name\" content=\"AlterTour\" \/>\n<meta property=\"article:published_time\" content=\"2024-07-27T19:46:03+00:00\" \/>\n<meta property=\"article:modified_time\" content=\"2024-08-27T14:22:33+00:00\" \/>\n<meta property=\"og:image\" content=\"https:\/\/www.altercampagne.net\/wp-content\/uploads\/2024\/07\/240727-02-scaled.jpg\" \/>\n\t<meta property=\"og:image:width\" content=\"2560\" \/>\n\t<meta property=\"og:image:height\" content=\"1920\" \/>\n\t<meta property=\"og:image:type\" content=\"image\/jpeg\" \/>\n<meta name=\"author\" content=\"AlterTour\" \/>\n<meta name=\"twitter:card\" content=\"summary_large_image\" \/>\n<meta name=\"twitter:label1\" content=\"\u00c9crit par\" \/>\n\t<meta name=\"twitter:data1\" content=\"AlterTour\" \/>\n\t<meta name=\"twitter:label2\" content=\"Dur\u00e9e de lecture estim\u00e9e\" \/>\n\t<meta name=\"twitter:data2\" content=\"5 minutes\" \/>\n<script type=\"application\/ld+json\" class=\"yoast-schema-graph\">{\"@context\":\"https:\\\/\\\/schema.org\",\"@graph\":[{\"@type\":\"Article\",\"@id\":\"https:\\\/\\\/www.altercampagne.net\\\/?p=28493#article\",\"isPartOf\":{\"@id\":\"https:\\\/\\\/www.altercampagne.net\\\/?p=28493\"},\"author\":{\"name\":\"AlterTour\",\"@id\":\"https:\\\/\\\/www.altercampagne.net\\\/#\\\/schema\\\/person\\\/e5b68c803196f649c2152249d262d94a\"},\"headline\":\"27 juillet, journ\u00e9e \u00e0 v\u00e9lo du collectif des possibles \u00e0 Le Girmont du val d&rsquo;Ajol\",\"datePublished\":\"2024-07-27T19:46:03+00:00\",\"dateModified\":\"2024-08-27T14:22:33+00:00\",\"mainEntityOfPage\":{\"@id\":\"https:\\\/\\\/www.altercampagne.net\\\/?p=28493\"},\"wordCount\":929,\"image\":{\"@id\":\"https:\\\/\\\/www.altercampagne.net\\\/?p=28493#primaryimage\"},\"thumbnailUrl\":\"https:\\\/\\\/www.altercampagne.net\\\/wp-content\\\/uploads\\\/2024\\\/07\\\/240727-02-scaled.jpg\",\"articleSection\":[\"AlterTour\",\"\u00c9dition 2024\",\"Grand Est\",\"Transverse\",\"V\u00e9lo\"],\"inLanguage\":\"fr-FR\"},{\"@type\":\"WebPage\",\"@id\":\"https:\\\/\\\/www.altercampagne.net\\\/?p=28493\",\"url\":\"https:\\\/\\\/www.altercampagne.net\\\/?p=28493\",\"name\":\"27 juillet, journ\u00e9e \u00e0 v\u00e9lo du collectif des possibles \u00e0 Le Girmont du val d'Ajol - AlterTour\",\"isPartOf\":{\"@id\":\"https:\\\/\\\/www.altercampagne.net\\\/#website\"},\"primaryImageOfPage\":{\"@id\":\"https:\\\/\\\/www.altercampagne.net\\\/?p=28493#primaryimage\"},\"image\":{\"@id\":\"https:\\\/\\\/www.altercampagne.net\\\/?p=28493#primaryimage\"},\"thumbnailUrl\":\"https:\\\/\\\/www.altercampagne.net\\\/wp-content\\\/uploads\\\/2024\\\/07\\\/240727-02-scaled.jpg\",\"datePublished\":\"2024-07-27T19:46:03+00:00\",\"dateModified\":\"2024-08-27T14:22:33+00:00\",\"author\":{\"@id\":\"https:\\\/\\\/www.altercampagne.net\\\/#\\\/schema\\\/person\\\/e5b68c803196f649c2152249d262d94a\"},\"breadcrumb\":{\"@id\":\"https:\\\/\\\/www.altercampagne.net\\\/?p=28493#breadcrumb\"},\"inLanguage\":\"fr-FR\",\"potentialAction\":[{\"@type\":\"ReadAction\",\"target\":[\"https:\\\/\\\/www.altercampagne.net\\\/?p=28493\"]}]},{\"@type\":\"ImageObject\",\"inLanguage\":\"fr-FR\",\"@id\":\"https:\\\/\\\/www.altercampagne.net\\\/?p=28493#primaryimage\",\"url\":\"https:\\\/\\\/www.altercampagne.net\\\/wp-content\\\/uploads\\\/2024\\\/07\\\/240727-02-scaled.jpg\",\"contentUrl\":\"https:\\\/\\\/www.altercampagne.net\\\/wp-content\\\/uploads\\\/2024\\\/07\\\/240727-02-scaled.jpg\",\"width\":2560,\"height\":1920},{\"@type\":\"BreadcrumbList\",\"@id\":\"https:\\\/\\\/www.altercampagne.net\\\/?p=28493#breadcrumb\",\"itemListElement\":[{\"@type\":\"ListItem\",\"position\":1,\"name\":\"Accueil\",\"item\":\"https:\\\/\\\/www.altercampagne.net\\\/\"},{\"@type\":\"ListItem\",\"position\":2,\"name\":\"27 juillet, journ\u00e9e \u00e0 v\u00e9lo du collectif des possibles \u00e0 Le Girmont du val d&rsquo;Ajol\"}]},{\"@type\":\"WebSite\",\"@id\":\"https:\\\/\\\/www.altercampagne.net\\\/#website\",\"url\":\"https:\\\/\\\/www.altercampagne.net\\\/\",\"name\":\"AlterTour\",\"description\":\"Reliez les Alternatives \u00e0 v\u00e9lo\",\"potentialAction\":[{\"@type\":\"SearchAction\",\"target\":{\"@type\":\"EntryPoint\",\"urlTemplate\":\"https:\\\/\\\/www.altercampagne.net\\\/?s={search_term_string}\"},\"query-input\":{\"@type\":\"PropertyValueSpecification\",\"valueRequired\":true,\"valueName\":\"search_term_string\"}}],\"inLanguage\":\"fr-FR\"},{\"@type\":\"Person\",\"@id\":\"https:\\\/\\\/www.altercampagne.net\\\/#\\\/schema\\\/person\\\/e5b68c803196f649c2152249d262d94a\",\"name\":\"AlterTour\",\"image\":{\"@type\":\"ImageObject\",\"inLanguage\":\"fr-FR\",\"@id\":\"https:\\\/\\\/secure.gravatar.com\\\/avatar\\\/3f2ed77f8506b8ea264ad5938bb0114bfa10f35b64086a66dfbb6e9f58ad9693?s=96&d=mm&r=g\",\"url\":\"https:\\\/\\\/secure.gravatar.com\\\/avatar\\\/3f2ed77f8506b8ea264ad5938bb0114bfa10f35b64086a66dfbb6e9f58ad9693?s=96&d=mm&r=g\",\"contentUrl\":\"https:\\\/\\\/secure.gravatar.com\\\/avatar\\\/3f2ed77f8506b8ea264ad5938bb0114bfa10f35b64086a66dfbb6e9f58ad9693?s=96&d=mm&r=g\",\"caption\":\"AlterTour\"},\"url\":\"https:\\\/\\\/www.altercampagne.net\\\/?author=215\"}]}<\/script>\n<!-- \/ Yoast SEO plugin. -->","yoast_head_json":{"title":"27 juillet, journ\u00e9e \u00e0 v\u00e9lo du collectif des possibles \u00e0 Le Girmont du val d'Ajol - AlterTour","robots":{"index":"index","follow":"follow","max-snippet":"max-snippet:-1","max-image-preview":"max-image-preview:large","max-video-preview":"max-video-preview:-1"},"canonical":"https:\/\/www.altercampagne.net\/?p=28493","og_locale":"fr_FR","og_type":"article","og_title":"27 juillet, journ\u00e9e \u00e0 v\u00e9lo du collectif des possibles \u00e0 Le Girmont du val d'Ajol - AlterTour","og_description":"La journ\u00e9e commence sur les chapeaux de roue avec la chanson des altercyclistes qui p\u00e8tent aux lit en \u00e9prouvant quatre jouissance, jouissance parmi lesquelles celle de r\u00e9veiller leur voisins de tente. Effray\u00e9.es par cette perspective, tous.tes les altercyclistes saute dehors en un zipe, et se ruent sur les bols du ... Read More","og_url":"https:\/\/www.altercampagne.net\/?p=28493","og_site_name":"AlterTour","article_published_time":"2024-07-27T19:46:03+00:00","article_modified_time":"2024-08-27T14:22:33+00:00","og_image":[{"width":2560,"height":1920,"url":"https:\/\/www.altercampagne.net\/wp-content\/uploads\/2024\/07\/240727-02-scaled.jpg","type":"image\/jpeg"}],"author":"AlterTour","twitter_card":"summary_large_image","twitter_misc":{"\u00c9crit par":"AlterTour","Dur\u00e9e de lecture estim\u00e9e":"5 minutes"},"schema":{"@context":"https:\/\/schema.org","@graph":[{"@type":"Article","@id":"https:\/\/www.altercampagne.net\/?p=28493#article","isPartOf":{"@id":"https:\/\/www.altercampagne.net\/?p=28493"},"author":{"name":"AlterTour","@id":"https:\/\/www.altercampagne.net\/#\/schema\/person\/e5b68c803196f649c2152249d262d94a"},"headline":"27 juillet, journ\u00e9e \u00e0 v\u00e9lo du collectif des possibles \u00e0 Le Girmont du val d&rsquo;Ajol","datePublished":"2024-07-27T19:46:03+00:00","dateModified":"2024-08-27T14:22:33+00:00","mainEntityOfPage":{"@id":"https:\/\/www.altercampagne.net\/?p=28493"},"wordCount":929,"image":{"@id":"https:\/\/www.altercampagne.net\/?p=28493#primaryimage"},"thumbnailUrl":"https:\/\/www.altercampagne.net\/wp-content\/uploads\/2024\/07\/240727-02-scaled.jpg","articleSection":["AlterTour","\u00c9dition 2024","Grand Est","Transverse","V\u00e9lo"],"inLanguage":"fr-FR"},{"@type":"WebPage","@id":"https:\/\/www.altercampagne.net\/?p=28493","url":"https:\/\/www.altercampagne.net\/?p=28493","name":"27 juillet, journ\u00e9e \u00e0 v\u00e9lo du collectif des possibles \u00e0 Le Girmont du val d'Ajol - AlterTour","isPartOf":{"@id":"https:\/\/www.altercampagne.net\/#website"},"primaryImageOfPage":{"@id":"https:\/\/www.altercampagne.net\/?p=28493#primaryimage"},"image":{"@id":"https:\/\/www.altercampagne.net\/?p=28493#primaryimage"},"thumbnailUrl":"https:\/\/www.altercampagne.net\/wp-content\/uploads\/2024\/07\/240727-02-scaled.jpg","datePublished":"2024-07-27T19:46:03+00:00","dateModified":"2024-08-27T14:22:33+00:00","author":{"@id":"https:\/\/www.altercampagne.net\/#\/schema\/person\/e5b68c803196f649c2152249d262d94a"},"breadcrumb":{"@id":"https:\/\/www.altercampagne.net\/?p=28493#breadcrumb"},"inLanguage":"fr-FR","potentialAction":[{"@type":"ReadAction","target":["https:\/\/www.altercampagne.net\/?p=28493"]}]},{"@type":"ImageObject","inLanguage":"fr-FR","@id":"https:\/\/www.altercampagne.net\/?p=28493#primaryimage","url":"https:\/\/www.altercampagne.net\/wp-content\/uploads\/2024\/07\/240727-02-scaled.jpg","contentUrl":"https:\/\/www.altercampagne.net\/wp-content\/uploads\/2024\/07\/240727-02-scaled.jpg","width":2560,"height":1920},{"@type":"BreadcrumbList","@id":"https:\/\/www.altercampagne.net\/?p=28493#breadcrumb","itemListElement":[{"@type":"ListItem","position":1,"name":"Accueil","item":"https:\/\/www.altercampagne.net\/"},{"@type":"ListItem","position":2,"name":"27 juillet, journ\u00e9e \u00e0 v\u00e9lo du collectif des possibles \u00e0 Le Girmont du val d&rsquo;Ajol"}]},{"@type":"WebSite","@id":"https:\/\/www.altercampagne.net\/#website","url":"https:\/\/www.altercampagne.net\/","name":"AlterTour","description":"Reliez les Alternatives \u00e0 v\u00e9lo","potentialAction":[{"@type":"SearchAction","target":{"@type":"EntryPoint","urlTemplate":"https:\/\/www.altercampagne.net\/?s={search_term_string}"},"query-input":{"@type":"PropertyValueSpecification","valueRequired":true,"valueName":"search_term_string"}}],"inLanguage":"fr-FR"},{"@type":"Person","@id":"https:\/\/www.altercampagne.net\/#\/schema\/person\/e5b68c803196f649c2152249d262d94a","name":"AlterTour","image":{"@type":"ImageObject","inLanguage":"fr-FR","@id":"https:\/\/secure.gravatar.com\/avatar\/3f2ed77f8506b8ea264ad5938bb0114bfa10f35b64086a66dfbb6e9f58ad9693?s=96&d=mm&r=g","url":"https:\/\/secure.gravatar.com\/avatar\/3f2ed77f8506b8ea264ad5938bb0114bfa10f35b64086a66dfbb6e9f58ad9693?s=96&d=mm&r=g","contentUrl":"https:\/\/secure.gravatar.com\/avatar\/3f2ed77f8506b8ea264ad5938bb0114bfa10f35b64086a66dfbb6e9f58ad9693?s=96&d=mm&r=g","caption":"AlterTour"},"url":"https:\/\/www.altercampagne.net\/?author=215"}]}},"_links":{"self":[{"href":"https:\/\/www.altercampagne.net\/index.php?rest_route=\/wp\/v2\/posts\/28493","targetHints":{"allow":["GET"]}}],"collection":[{"href":"https:\/\/www.altercampagne.net\/index.php?rest_route=\/wp\/v2\/posts"}],"about":[{"href":"https:\/\/www.altercampagne.net\/index.php?rest_route=\/wp\/v2\/types\/post"}],"author":[{"embeddable":true,"href":"https:\/\/www.altercampagne.net\/index.php?rest_route=\/wp\/v2\/users\/215"}],"replies":[{"embeddable":true,"href":"https:\/\/www.altercampagne.net\/index.php?rest_route=%2Fwp%2Fv2%2Fcomments&post=28493"}],"version-history":[{"count":1,"href":"https:\/\/www.altercampagne.net\/index.php?rest_route=\/wp\/v2\/posts\/28493\/revisions"}],"predecessor-version":[{"id":28499,"href":"https:\/\/www.altercampagne.net\/index.php?rest_route=\/wp\/v2\/posts\/28493\/revisions\/28499"}],"wp:featuredmedia":[{"embeddable":true,"href":"https:\/\/www.altercampagne.net\/index.php?rest_route=\/wp\/v2\/media\/28496"}],"wp:attachment":[{"href":"https:\/\/www.altercampagne.net\/index.php?rest_route=%2Fwp%2Fv2%2Fmedia&parent=28493"}],"wp:term":[{"taxonomy":"category","embeddable":true,"href":"https:\/\/www.altercampagne.net\/index.php?rest_route=%2Fwp%2Fv2%2Fcategories&post=28493"},{"taxonomy":"post_tag","embeddable":true,"href":"https:\/\/www.altercampagne.net\/index.php?rest_route=%2Fwp%2Fv2%2Ftags&post=28493"}],"curies":[{"name":"wp","href":"https:\/\/api.w.org\/{rel}","templated":true}]}}