{"id":28500,"date":"2024-07-31T00:24:08","date_gmt":"2024-07-30T22:24:08","guid":{"rendered":"https:\/\/www.altercampagne.net\/?p=28500"},"modified":"2024-07-31T00:28:01","modified_gmt":"2024-07-30T22:28:01","slug":"jour-de-repos-a-epinal","status":"publish","type":"post","link":"https:\/\/www.altercampagne.net\/?p=28500","title":{"rendered":"Direction Epinal en transition"},"content":{"rendered":"\n<p><\/p>\n\n\n\n<figure class=\"wp-block-image size-large\"><a href=\"https:\/\/www.altercampagne.net\/wp-content\/uploads\/2024\/07\/1.jpg\"><img loading=\"lazy\" decoding=\"async\" width=\"1024\" height=\"683\" src=\"https:\/\/www.altercampagne.net\/wp-content\/uploads\/2024\/07\/1-1024x683.jpg\" alt=\"\" class=\"wp-image-28501\" srcset=\"https:\/\/www.altercampagne.net\/wp-content\/uploads\/2024\/07\/1-1024x683.jpg 1024w, https:\/\/www.altercampagne.net\/wp-content\/uploads\/2024\/07\/1-300x200.jpg 300w, https:\/\/www.altercampagne.net\/wp-content\/uploads\/2024\/07\/1-768x512.jpg 768w, https:\/\/www.altercampagne.net\/wp-content\/uploads\/2024\/07\/1-1536x1024.jpg 1536w, https:\/\/www.altercampagne.net\/wp-content\/uploads\/2024\/07\/1-100x67.jpg 100w, https:\/\/www.altercampagne.net\/wp-content\/uploads\/2024\/07\/1-862x575.jpg 862w, https:\/\/www.altercampagne.net\/wp-content\/uploads\/2024\/07\/1-1140x760.jpg 1140w, https:\/\/www.altercampagne.net\/wp-content\/uploads\/2024\/07\/1.jpg 1824w\" sizes=\"auto, (max-width: 1024px) 100vw, 1024px\" \/><\/a><\/figure>\n\n\n\n<p>D\u00e9part du Girmont-Val-d&rsquo;Ajol direction Darnieulles. La journ\u00e9e de v\u00e9lo est tr\u00e8s agr\u00e9able avec un joli trajet commen\u00e7ant par une descente jouissive et se poursuivant sur une voie verte le long d&rsquo;un canal.<\/p>\n\n\n\n<p>Nous installons le campement chez Jean-Luc et Marie-Michelle engag\u00e9s dans l&rsquo;association \u00c9pinal en transition. Le lieu est une ancienne scierie qui accueille les ateliers d&rsquo;auto-construction de l&rsquo;association. Sur place, Marco est en train de construire une tiny house qui s&rsquo;appelle \u00ab&nbsp;Normy&nbsp;\u00bb (= Normandie + Tiny).<\/p>\n\n\n\n<p>L&rsquo;ambiance est chaleureuse&nbsp;: nous d\u00eenons en musique. Un petit groupe de 3 \u00e9pinettes et une percussion irlandaise interpr\u00e8te des airs de danses folk. L&rsquo;\u00e9pinette est un instrument \u00e0 corde typique d\u2019\u00c9pinal. Marco nous d\u00e9salt\u00e8re gr\u00e2ce \u00e0 ses bi\u00e8res et kombuchas maison.<\/p>\n\n\n\n<p><\/p>\n\n\n\n<figure class=\"wp-block-image size-large\"><a href=\"https:\/\/www.altercampagne.net\/wp-content\/uploads\/2024\/07\/2.jpg\"><img loading=\"lazy\" decoding=\"async\" width=\"1024\" height=\"683\" src=\"https:\/\/www.altercampagne.net\/wp-content\/uploads\/2024\/07\/2-1024x683.jpg\" alt=\"\" class=\"wp-image-28502\" srcset=\"https:\/\/www.altercampagne.net\/wp-content\/uploads\/2024\/07\/2-1024x683.jpg 1024w, https:\/\/www.altercampagne.net\/wp-content\/uploads\/2024\/07\/2-300x200.jpg 300w, https:\/\/www.altercampagne.net\/wp-content\/uploads\/2024\/07\/2-768x512.jpg 768w, https:\/\/www.altercampagne.net\/wp-content\/uploads\/2024\/07\/2-1536x1024.jpg 1536w, https:\/\/www.altercampagne.net\/wp-content\/uploads\/2024\/07\/2-100x67.jpg 100w, https:\/\/www.altercampagne.net\/wp-content\/uploads\/2024\/07\/2-862x575.jpg 862w, https:\/\/www.altercampagne.net\/wp-content\/uploads\/2024\/07\/2-1140x760.jpg 1140w, https:\/\/www.altercampagne.net\/wp-content\/uploads\/2024\/07\/2.jpg 1824w\" sizes=\"auto, (max-width: 1024px) 100vw, 1024px\" \/><\/a><\/figure>\n\n\n\n<p>Il y a aussi Laurent le coiffeur \u00ab&nbsp;\u00e0 domicile&nbsp;\u00bb qui s&rsquo;est d\u00e9plac\u00e9 pour nous. Il propose des coupes de cheveux personnalis\u00e9es et \/ ou des massages cr\u00e2niens.<\/p>\n\n\n\n<p><\/p>\n\n\n\n<figure class=\"wp-block-image size-large\"><a href=\"https:\/\/www.altercampagne.net\/wp-content\/uploads\/2024\/07\/3.jpg\"><img loading=\"lazy\" decoding=\"async\" width=\"1824\" height=\"1216\" src=\"https:\/\/www.altercampagne.net\/wp-content\/uploads\/2024\/07\/3-1024x683.jpg\" alt=\"\" class=\"wp-image-28503\" srcset=\"https:\/\/www.altercampagne.net\/wp-content\/uploads\/2024\/07\/3-1024x683.jpg 1024w, https:\/\/www.altercampagne.net\/wp-content\/uploads\/2024\/07\/3-300x200.jpg 300w, https:\/\/www.altercampagne.net\/wp-content\/uploads\/2024\/07\/3-768x512.jpg 768w, https:\/\/www.altercampagne.net\/wp-content\/uploads\/2024\/07\/3-1536x1024.jpg 1536w, https:\/\/www.altercampagne.net\/wp-content\/uploads\/2024\/07\/3-100x67.jpg 100w, https:\/\/www.altercampagne.net\/wp-content\/uploads\/2024\/07\/3-862x575.jpg 862w, https:\/\/www.altercampagne.net\/wp-content\/uploads\/2024\/07\/3-1140x760.jpg 1140w, https:\/\/www.altercampagne.net\/wp-content\/uploads\/2024\/07\/3.jpg 1824w\" sizes=\"auto, (max-width: 1824px) 100vw, 1824px\" \/><\/a><\/figure>\n\n\n\n<p>Apr\u00e8s le d\u00eener, Jean-Luc pr\u00e9sente bri\u00e8vement l&rsquo;association. A l&rsquo;origine, ce sont les association Vosges Nature Environnement et Vosges Alternative Nucl\u00e9aire qui recrutent des volontaires lors d&rsquo;une projection de film. Les rencontres hebdomadaires aboutissent en 2013 \u00e0 la cr\u00e9ation de l&rsquo;association \u00c9pinal en transition. Celle-ci propose diff\u00e9rents ateliers&nbsp;: auto-construction, v\u00e9lo, couture, tricot, jardins partag\u00e9s, les incroyables comestibles&#8230;<\/p>\n\n\n\n<p>La soir\u00e9e se poursuit avec plusieurs petites improvisations th\u00e9\u00e2trales jou\u00e9es par l&rsquo;association Ralentir pour Vivre. Sont abord\u00e9es les th\u00e9matiques de transition (dans la mani\u00e8re de vivre, se comporter, consommer), des liens amicaux et du vivre-ensemble, de partage, d&rsquo;autonomie, de jardins partag\u00e9s&#8230;<\/p>\n\n\n\n<p><\/p>\n\n\n\n<figure class=\"wp-block-image size-large\"><a href=\"https:\/\/www.altercampagne.net\/wp-content\/uploads\/2024\/07\/4.jpg\"><img loading=\"lazy\" decoding=\"async\" width=\"1024\" height=\"683\" src=\"https:\/\/www.altercampagne.net\/wp-content\/uploads\/2024\/07\/4-1024x683.jpg\" alt=\"\" class=\"wp-image-28504\" srcset=\"https:\/\/www.altercampagne.net\/wp-content\/uploads\/2024\/07\/4-1024x683.jpg 1024w, https:\/\/www.altercampagne.net\/wp-content\/uploads\/2024\/07\/4-300x200.jpg 300w, https:\/\/www.altercampagne.net\/wp-content\/uploads\/2024\/07\/4-768x512.jpg 768w, https:\/\/www.altercampagne.net\/wp-content\/uploads\/2024\/07\/4-1536x1024.jpg 1536w, https:\/\/www.altercampagne.net\/wp-content\/uploads\/2024\/07\/4-100x67.jpg 100w, https:\/\/www.altercampagne.net\/wp-content\/uploads\/2024\/07\/4-862x575.jpg 862w, https:\/\/www.altercampagne.net\/wp-content\/uploads\/2024\/07\/4-1140x760.jpg 1140w, https:\/\/www.altercampagne.net\/wp-content\/uploads\/2024\/07\/4.jpg 1824w\" sizes=\"auto, (max-width: 1024px) 100vw, 1024px\" \/><\/a><\/figure>\n\n\n\n<p>Une belle journ\u00e9e qui se poursuivra le lendemain par la visite des locaux accueillant l&rsquo;association Epinal en transition.<\/p>\n\n\n\n<p><\/p>\n\n\n\n<p>Alterjournaliste : No\u00e9mie <\/p>\n","protected":false},"excerpt":{"rendered":"<p>D\u00e9part du Girmont-Val-d&rsquo;Ajol direction Darnieulles. La journ\u00e9e de v\u00e9lo est tr\u00e8s agr\u00e9able avec un joli trajet commen\u00e7ant par une descente jouissive et se poursuivant sur une voie verte le long d&rsquo;un canal. Nous installons le campement chez Jean-Luc et Marie-Michelle engag\u00e9s dans l&rsquo;association \u00c9pinal en transition. Le lieu est une &#8230; <\/p>\n<div><a href=\"https:\/\/www.altercampagne.net\/?p=28500\" class=\"more-link\">Read More<\/a><\/div>\n","protected":false},"author":198,"featured_media":28501,"comment_status":"closed","ping_status":"closed","sticky":false,"template":"","format":"standard","meta":{"footnotes":""},"categories":[4313,4449,3475,3485],"tags":[],"class_list":["post-28500","post","type-post","status-publish","format-standard","has-post-thumbnail","hentry","category-altertour","category-edition-2024","category-grand-est","category-habitat"],"yoast_head":"<!-- This site is optimized with the Yoast SEO plugin v27.3 - https:\/\/yoast.com\/product\/yoast-seo-wordpress\/ -->\n<title>Direction Epinal en transition - AlterTour<\/title>\n<meta name=\"robots\" content=\"index, follow, max-snippet:-1, max-image-preview:large, max-video-preview:-1\" \/>\n<link rel=\"canonical\" href=\"https:\/\/www.altercampagne.net\/?p=28500\" \/>\n<meta property=\"og:locale\" content=\"fr_FR\" \/>\n<meta property=\"og:type\" content=\"article\" \/>\n<meta property=\"og:title\" content=\"Direction Epinal en transition - AlterTour\" \/>\n<meta property=\"og:description\" content=\"D\u00e9part du Girmont-Val-d&rsquo;Ajol direction Darnieulles. La journ\u00e9e de v\u00e9lo est tr\u00e8s agr\u00e9able avec un joli trajet commen\u00e7ant par une descente jouissive et se poursuivant sur une voie verte le long d&rsquo;un canal. Nous installons le campement chez Jean-Luc et Marie-Michelle engag\u00e9s dans l&rsquo;association \u00c9pinal en transition. Le lieu est une ... Read More\" \/>\n<meta property=\"og:url\" content=\"https:\/\/www.altercampagne.net\/?p=28500\" \/>\n<meta property=\"og:site_name\" content=\"AlterTour\" \/>\n<meta property=\"article:published_time\" content=\"2024-07-30T22:24:08+00:00\" \/>\n<meta property=\"article:modified_time\" content=\"2024-07-30T22:28:01+00:00\" \/>\n<meta property=\"og:image\" content=\"https:\/\/www.altercampagne.net\/wp-content\/uploads\/2024\/07\/1.jpg\" \/>\n\t<meta property=\"og:image:width\" content=\"1824\" \/>\n\t<meta property=\"og:image:height\" content=\"1216\" \/>\n\t<meta property=\"og:image:type\" content=\"image\/jpeg\" \/>\n<meta name=\"author\" content=\"Marine R\" \/>\n<meta name=\"twitter:card\" content=\"summary_large_image\" \/>\n<meta name=\"twitter:label1\" content=\"\u00c9crit par\" \/>\n\t<meta name=\"twitter:data1\" content=\"Marine R\" \/>\n\t<meta name=\"twitter:label2\" content=\"Dur\u00e9e de lecture estim\u00e9e\" \/>\n\t<meta name=\"twitter:data2\" content=\"3 minutes\" \/>\n<script type=\"application\/ld+json\" class=\"yoast-schema-graph\">{\"@context\":\"https:\\\/\\\/schema.org\",\"@graph\":[{\"@type\":\"Article\",\"@id\":\"https:\\\/\\\/www.altercampagne.net\\\/?p=28500#article\",\"isPartOf\":{\"@id\":\"https:\\\/\\\/www.altercampagne.net\\\/?p=28500\"},\"author\":{\"name\":\"Marine R\",\"@id\":\"https:\\\/\\\/www.altercampagne.net\\\/#\\\/schema\\\/person\\\/3afde49d8c0be52224ae61fe720b4b19\"},\"headline\":\"Direction Epinal en transition\",\"datePublished\":\"2024-07-30T22:24:08+00:00\",\"dateModified\":\"2024-07-30T22:28:01+00:00\",\"mainEntityOfPage\":{\"@id\":\"https:\\\/\\\/www.altercampagne.net\\\/?p=28500\"},\"wordCount\":314,\"image\":{\"@id\":\"https:\\\/\\\/www.altercampagne.net\\\/?p=28500#primaryimage\"},\"thumbnailUrl\":\"https:\\\/\\\/www.altercampagne.net\\\/wp-content\\\/uploads\\\/2024\\\/07\\\/1.jpg\",\"articleSection\":[\"AlterTour\",\"\u00c9dition 2024\",\"Grand Est\",\"Habitat\"],\"inLanguage\":\"fr-FR\"},{\"@type\":\"WebPage\",\"@id\":\"https:\\\/\\\/www.altercampagne.net\\\/?p=28500\",\"url\":\"https:\\\/\\\/www.altercampagne.net\\\/?p=28500\",\"name\":\"Direction Epinal en transition - AlterTour\",\"isPartOf\":{\"@id\":\"https:\\\/\\\/www.altercampagne.net\\\/#website\"},\"primaryImageOfPage\":{\"@id\":\"https:\\\/\\\/www.altercampagne.net\\\/?p=28500#primaryimage\"},\"image\":{\"@id\":\"https:\\\/\\\/www.altercampagne.net\\\/?p=28500#primaryimage\"},\"thumbnailUrl\":\"https:\\\/\\\/www.altercampagne.net\\\/wp-content\\\/uploads\\\/2024\\\/07\\\/1.jpg\",\"datePublished\":\"2024-07-30T22:24:08+00:00\",\"dateModified\":\"2024-07-30T22:28:01+00:00\",\"author\":{\"@id\":\"https:\\\/\\\/www.altercampagne.net\\\/#\\\/schema\\\/person\\\/3afde49d8c0be52224ae61fe720b4b19\"},\"breadcrumb\":{\"@id\":\"https:\\\/\\\/www.altercampagne.net\\\/?p=28500#breadcrumb\"},\"inLanguage\":\"fr-FR\",\"potentialAction\":[{\"@type\":\"ReadAction\",\"target\":[\"https:\\\/\\\/www.altercampagne.net\\\/?p=28500\"]}]},{\"@type\":\"ImageObject\",\"inLanguage\":\"fr-FR\",\"@id\":\"https:\\\/\\\/www.altercampagne.net\\\/?p=28500#primaryimage\",\"url\":\"https:\\\/\\\/www.altercampagne.net\\\/wp-content\\\/uploads\\\/2024\\\/07\\\/1.jpg\",\"contentUrl\":\"https:\\\/\\\/www.altercampagne.net\\\/wp-content\\\/uploads\\\/2024\\\/07\\\/1.jpg\",\"width\":1824,\"height\":1216},{\"@type\":\"BreadcrumbList\",\"@id\":\"https:\\\/\\\/www.altercampagne.net\\\/?p=28500#breadcrumb\",\"itemListElement\":[{\"@type\":\"ListItem\",\"position\":1,\"name\":\"Accueil\",\"item\":\"https:\\\/\\\/www.altercampagne.net\\\/\"},{\"@type\":\"ListItem\",\"position\":2,\"name\":\"Direction Epinal en transition\"}]},{\"@type\":\"WebSite\",\"@id\":\"https:\\\/\\\/www.altercampagne.net\\\/#website\",\"url\":\"https:\\\/\\\/www.altercampagne.net\\\/\",\"name\":\"AlterTour\",\"description\":\"Reliez les Alternatives \u00e0 v\u00e9lo\",\"potentialAction\":[{\"@type\":\"SearchAction\",\"target\":{\"@type\":\"EntryPoint\",\"urlTemplate\":\"https:\\\/\\\/www.altercampagne.net\\\/?s={search_term_string}\"},\"query-input\":{\"@type\":\"PropertyValueSpecification\",\"valueRequired\":true,\"valueName\":\"search_term_string\"}}],\"inLanguage\":\"fr-FR\"},{\"@type\":\"Person\",\"@id\":\"https:\\\/\\\/www.altercampagne.net\\\/#\\\/schema\\\/person\\\/3afde49d8c0be52224ae61fe720b4b19\",\"name\":\"Marine R\",\"image\":{\"@type\":\"ImageObject\",\"inLanguage\":\"fr-FR\",\"@id\":\"https:\\\/\\\/secure.gravatar.com\\\/avatar\\\/a3c4f944a184c737c95a33c9fc36f74b2637ea270671045d89722a608b50fd88?s=96&d=mm&r=g\",\"url\":\"https:\\\/\\\/secure.gravatar.com\\\/avatar\\\/a3c4f944a184c737c95a33c9fc36f74b2637ea270671045d89722a608b50fd88?s=96&d=mm&r=g\",\"contentUrl\":\"https:\\\/\\\/secure.gravatar.com\\\/avatar\\\/a3c4f944a184c737c95a33c9fc36f74b2637ea270671045d89722a608b50fd88?s=96&d=mm&r=g\",\"caption\":\"Marine R\"},\"url\":\"https:\\\/\\\/www.altercampagne.net\\\/?author=198\"}]}<\/script>\n<!-- \/ Yoast SEO plugin. -->","yoast_head_json":{"title":"Direction Epinal en transition - AlterTour","robots":{"index":"index","follow":"follow","max-snippet":"max-snippet:-1","max-image-preview":"max-image-preview:large","max-video-preview":"max-video-preview:-1"},"canonical":"https:\/\/www.altercampagne.net\/?p=28500","og_locale":"fr_FR","og_type":"article","og_title":"Direction Epinal en transition - AlterTour","og_description":"D\u00e9part du Girmont-Val-d&rsquo;Ajol direction Darnieulles. La journ\u00e9e de v\u00e9lo est tr\u00e8s agr\u00e9able avec un joli trajet commen\u00e7ant par une descente jouissive et se poursuivant sur une voie verte le long d&rsquo;un canal. Nous installons le campement chez Jean-Luc et Marie-Michelle engag\u00e9s dans l&rsquo;association \u00c9pinal en transition. Le lieu est une ... Read More","og_url":"https:\/\/www.altercampagne.net\/?p=28500","og_site_name":"AlterTour","article_published_time":"2024-07-30T22:24:08+00:00","article_modified_time":"2024-07-30T22:28:01+00:00","og_image":[{"width":1824,"height":1216,"url":"https:\/\/www.altercampagne.net\/wp-content\/uploads\/2024\/07\/1.jpg","type":"image\/jpeg"}],"author":"Marine R","twitter_card":"summary_large_image","twitter_misc":{"\u00c9crit par":"Marine R","Dur\u00e9e de lecture estim\u00e9e":"3 minutes"},"schema":{"@context":"https:\/\/schema.org","@graph":[{"@type":"Article","@id":"https:\/\/www.altercampagne.net\/?p=28500#article","isPartOf":{"@id":"https:\/\/www.altercampagne.net\/?p=28500"},"author":{"name":"Marine R","@id":"https:\/\/www.altercampagne.net\/#\/schema\/person\/3afde49d8c0be52224ae61fe720b4b19"},"headline":"Direction Epinal en transition","datePublished":"2024-07-30T22:24:08+00:00","dateModified":"2024-07-30T22:28:01+00:00","mainEntityOfPage":{"@id":"https:\/\/www.altercampagne.net\/?p=28500"},"wordCount":314,"image":{"@id":"https:\/\/www.altercampagne.net\/?p=28500#primaryimage"},"thumbnailUrl":"https:\/\/www.altercampagne.net\/wp-content\/uploads\/2024\/07\/1.jpg","articleSection":["AlterTour","\u00c9dition 2024","Grand Est","Habitat"],"inLanguage":"fr-FR"},{"@type":"WebPage","@id":"https:\/\/www.altercampagne.net\/?p=28500","url":"https:\/\/www.altercampagne.net\/?p=28500","name":"Direction Epinal en transition - AlterTour","isPartOf":{"@id":"https:\/\/www.altercampagne.net\/#website"},"primaryImageOfPage":{"@id":"https:\/\/www.altercampagne.net\/?p=28500#primaryimage"},"image":{"@id":"https:\/\/www.altercampagne.net\/?p=28500#primaryimage"},"thumbnailUrl":"https:\/\/www.altercampagne.net\/wp-content\/uploads\/2024\/07\/1.jpg","datePublished":"2024-07-30T22:24:08+00:00","dateModified":"2024-07-30T22:28:01+00:00","author":{"@id":"https:\/\/www.altercampagne.net\/#\/schema\/person\/3afde49d8c0be52224ae61fe720b4b19"},"breadcrumb":{"@id":"https:\/\/www.altercampagne.net\/?p=28500#breadcrumb"},"inLanguage":"fr-FR","potentialAction":[{"@type":"ReadAction","target":["https:\/\/www.altercampagne.net\/?p=28500"]}]},{"@type":"ImageObject","inLanguage":"fr-FR","@id":"https:\/\/www.altercampagne.net\/?p=28500#primaryimage","url":"https:\/\/www.altercampagne.net\/wp-content\/uploads\/2024\/07\/1.jpg","contentUrl":"https:\/\/www.altercampagne.net\/wp-content\/uploads\/2024\/07\/1.jpg","width":1824,"height":1216},{"@type":"BreadcrumbList","@id":"https:\/\/www.altercampagne.net\/?p=28500#breadcrumb","itemListElement":[{"@type":"ListItem","position":1,"name":"Accueil","item":"https:\/\/www.altercampagne.net\/"},{"@type":"ListItem","position":2,"name":"Direction Epinal en transition"}]},{"@type":"WebSite","@id":"https:\/\/www.altercampagne.net\/#website","url":"https:\/\/www.altercampagne.net\/","name":"AlterTour","description":"Reliez les Alternatives \u00e0 v\u00e9lo","potentialAction":[{"@type":"SearchAction","target":{"@type":"EntryPoint","urlTemplate":"https:\/\/www.altercampagne.net\/?s={search_term_string}"},"query-input":{"@type":"PropertyValueSpecification","valueRequired":true,"valueName":"search_term_string"}}],"inLanguage":"fr-FR"},{"@type":"Person","@id":"https:\/\/www.altercampagne.net\/#\/schema\/person\/3afde49d8c0be52224ae61fe720b4b19","name":"Marine R","image":{"@type":"ImageObject","inLanguage":"fr-FR","@id":"https:\/\/secure.gravatar.com\/avatar\/a3c4f944a184c737c95a33c9fc36f74b2637ea270671045d89722a608b50fd88?s=96&d=mm&r=g","url":"https:\/\/secure.gravatar.com\/avatar\/a3c4f944a184c737c95a33c9fc36f74b2637ea270671045d89722a608b50fd88?s=96&d=mm&r=g","contentUrl":"https:\/\/secure.gravatar.com\/avatar\/a3c4f944a184c737c95a33c9fc36f74b2637ea270671045d89722a608b50fd88?s=96&d=mm&r=g","caption":"Marine R"},"url":"https:\/\/www.altercampagne.net\/?author=198"}]}},"_links":{"self":[{"href":"https:\/\/www.altercampagne.net\/index.php?rest_route=\/wp\/v2\/posts\/28500","targetHints":{"allow":["GET"]}}],"collection":[{"href":"https:\/\/www.altercampagne.net\/index.php?rest_route=\/wp\/v2\/posts"}],"about":[{"href":"https:\/\/www.altercampagne.net\/index.php?rest_route=\/wp\/v2\/types\/post"}],"author":[{"embeddable":true,"href":"https:\/\/www.altercampagne.net\/index.php?rest_route=\/wp\/v2\/users\/198"}],"replies":[{"embeddable":true,"href":"https:\/\/www.altercampagne.net\/index.php?rest_route=%2Fwp%2Fv2%2Fcomments&post=28500"}],"version-history":[{"count":3,"href":"https:\/\/www.altercampagne.net\/index.php?rest_route=\/wp\/v2\/posts\/28500\/revisions"}],"predecessor-version":[{"id":28507,"href":"https:\/\/www.altercampagne.net\/index.php?rest_route=\/wp\/v2\/posts\/28500\/revisions\/28507"}],"wp:featuredmedia":[{"embeddable":true,"href":"https:\/\/www.altercampagne.net\/index.php?rest_route=\/wp\/v2\/media\/28501"}],"wp:attachment":[{"href":"https:\/\/www.altercampagne.net\/index.php?rest_route=%2Fwp%2Fv2%2Fmedia&parent=28500"}],"wp:term":[{"taxonomy":"category","embeddable":true,"href":"https:\/\/www.altercampagne.net\/index.php?rest_route=%2Fwp%2Fv2%2Fcategories&post=28500"},{"taxonomy":"post_tag","embeddable":true,"href":"https:\/\/www.altercampagne.net\/index.php?rest_route=%2Fwp%2Fv2%2Ftags&post=28500"}],"curies":[{"name":"wp","href":"https:\/\/api.w.org\/{rel}","templated":true}]}}