{"id":28527,"date":"2024-08-01T15:02:21","date_gmt":"2024-08-01T13:02:21","guid":{"rendered":"https:\/\/www.altercampagne.net\/?p=28527"},"modified":"2024-08-08T15:09:41","modified_gmt":"2024-08-08T13:09:41","slug":"la-cite-des-paysages","status":"publish","type":"post","link":"https:\/\/www.altercampagne.net\/?p=28527","title":{"rendered":"La Cit\u00e9 des Paysages"},"content":{"rendered":"\n<h4 class=\"wp-block-heading\">** Journ\u00e9e du 1er ao\u00fbt **<\/h4>\n\n\n\n<p>Apr\u00e8s une belle soir\u00e9e chantante et dansante, nous quittons ce matin une partie du groupe qui part \u00e0 25 personnes en \u00ab\u00a0\u00e9chapp\u00e9e belle\u00a0\u00bb, un format l\u00e9ger sans camion pour une semaine. L&rsquo;Altertour, quant \u00e0 lui, se dirige pour la journ\u00e9e vers la <a href=\"https:\/\/citedespaysages.meurthe-et-moselle.fr\/\"><strong>Cit\u00e9 des Paysages<\/strong><\/a>, situ\u00e9e sur la commune de Sion. Sion est perch\u00e9e \u00e0 300 m\u00e8tres d&rsquo;altitude, ce qui demande un peu d&rsquo;effort \u00e0 nos Altercyclistes pour atteindre le site.<\/p>\n\n\n\n<h4 class=\"wp-block-heading\">** Qu&rsquo;est-ce que c&rsquo;est et que font-ils \u00e0 la Cit\u00e9 des Paysages ? **<\/h4>\n\n\n\n<p>Il s&rsquo;agit d&rsquo;un ancien couvent, rachet\u00e9 par le d\u00e9partement de Meurthe-et-Moselle, qui permet d&rsquo;accueillir les touristes et les \u00e9l\u00e8ves des environs pour les sensibiliser au paysage et \u00e0 l&rsquo;impact des activit\u00e9s humaines. Le site comprend 4,5 hectares de vergers et de parcours. La Cit\u00e9 des Paysages collabore avec de nombreux partenaires, tels que des tiers-lieux, des universit\u00e9s, et notamment l&rsquo;association L&rsquo;\u00c9cho des Marteaux, que nous visitons l&rsquo;apr\u00e8s-midi. Ils proposent \u00e9galement une programmation culturelle tout au long de l&rsquo;ann\u00e9e, avec pour th\u00e8me cette ann\u00e9e : \u00ab\u00a0Conjuguer le paysage : l&rsquo;arpenter, s&rsquo;y cacher\u2026\u00a0\u00bb.<\/p>\n\n\n\n<p>Parler du paysage permet de r\u00e9unir autour de la table de nombreux acteurs, tels que les chasseurs, agriculteurs, et \u00e9cologistes, pour aborder des sujets comme les \u00e9oliennes, les haies&#8230;<\/p>\n\n\n\n<figure class=\"wp-block-image size-large\"><a href=\"https:\/\/www.altercampagne.net\/wp-content\/uploads\/2024\/08\/240801-_-thomas-02.jpg\"><img loading=\"lazy\" decoding=\"async\" width=\"1024\" height=\"768\" src=\"https:\/\/www.altercampagne.net\/wp-content\/uploads\/2024\/08\/240801-_-thomas-02-1024x768.jpg\" alt=\"\" class=\"wp-image-28525\" srcset=\"https:\/\/www.altercampagne.net\/wp-content\/uploads\/2024\/08\/240801-_-thomas-02-1024x768.jpg 1024w, https:\/\/www.altercampagne.net\/wp-content\/uploads\/2024\/08\/240801-_-thomas-02-300x225.jpg 300w, https:\/\/www.altercampagne.net\/wp-content\/uploads\/2024\/08\/240801-_-thomas-02-768x576.jpg 768w, https:\/\/www.altercampagne.net\/wp-content\/uploads\/2024\/08\/240801-_-thomas-02-1536x1152.jpg 1536w, https:\/\/www.altercampagne.net\/wp-content\/uploads\/2024\/08\/240801-_-thomas-02-100x75.jpg 100w, https:\/\/www.altercampagne.net\/wp-content\/uploads\/2024\/08\/240801-_-thomas-02-862x647.jpg 862w, https:\/\/www.altercampagne.net\/wp-content\/uploads\/2024\/08\/240801-_-thomas-02-1140x855.jpg 1140w, https:\/\/www.altercampagne.net\/wp-content\/uploads\/2024\/08\/240801-_-thomas-02.jpg 1600w\" sizes=\"auto, (max-width: 1024px) 100vw, 1024px\" \/><\/a><\/figure>\n\n\n\n<h4 class=\"wp-block-heading\">** Pourquoi l\u00e0 ? **<\/h4>\n\n\n\n<p>Sion \u00e9tant situ\u00e9e sur une petite colline, la vue est d\u00e9gag\u00e9e \u00e0 360\u00b0, offrant un panorama sur l&rsquo;ensemble des paysages de la r\u00e9gion.<\/p>\n\n\n\n<h4 class=\"wp-block-heading\">** Visite de l&rsquo;apr\u00e8s-midi : L&rsquo;\u00c9cho des Marteaux **<\/h4>\n\n\n\n<p>Toujours sur la m\u00eame colline, mais dans le village voisin de Vaud\u00e9mont, se trouve une association qui a cr\u00e9\u00e9 un festival de cabanes nomm\u00e9 L&rsquo;\u00c9cho des Marteaux. Mont\u00e9 par un collectif d&rsquo;architectes b\u00e9n\u00e9voles, 3 \u00e0 4 cabanes sont r\u00e9alis\u00e9es chaque ann\u00e9e. Le choix des projets se fait par un jury \u00e0 partir d&rsquo;une dizaine d&rsquo;esquisses. Les projets retenus pr\u00e9sentent une approche int\u00e9ressante, soit par les mat\u00e9riaux utilis\u00e9s, soit par les m\u00e9thodes employ\u00e9es, par exemple ceux qui limitent le nombre de pointes. On y trouve des douches solaires, des promontoires, des cabanes pour bivouac\u2026 Le bois est r\u00e9employ\u00e9 d&rsquo;une cabane \u00e0 l&rsquo;autre. L&rsquo;utilit\u00e9 pour les randonneurs est toujours prise en compte : offrir de l&rsquo;ombre, un espace pour s&rsquo;asseoir&#8230;<\/p>\n\n\n\n<figure class=\"wp-block-image size-large\"><a href=\"https:\/\/www.altercampagne.net\/wp-content\/uploads\/2024\/08\/240801-_-thomas-03.jpg\"><img loading=\"lazy\" decoding=\"async\" width=\"1024\" height=\"768\" src=\"https:\/\/www.altercampagne.net\/wp-content\/uploads\/2024\/08\/240801-_-thomas-03-1024x768.jpg\" alt=\"\" class=\"wp-image-28526\" srcset=\"https:\/\/www.altercampagne.net\/wp-content\/uploads\/2024\/08\/240801-_-thomas-03-1024x768.jpg 1024w, https:\/\/www.altercampagne.net\/wp-content\/uploads\/2024\/08\/240801-_-thomas-03-300x225.jpg 300w, https:\/\/www.altercampagne.net\/wp-content\/uploads\/2024\/08\/240801-_-thomas-03-768x576.jpg 768w, https:\/\/www.altercampagne.net\/wp-content\/uploads\/2024\/08\/240801-_-thomas-03-1536x1152.jpg 1536w, https:\/\/www.altercampagne.net\/wp-content\/uploads\/2024\/08\/240801-_-thomas-03-100x75.jpg 100w, https:\/\/www.altercampagne.net\/wp-content\/uploads\/2024\/08\/240801-_-thomas-03-862x647.jpg 862w, https:\/\/www.altercampagne.net\/wp-content\/uploads\/2024\/08\/240801-_-thomas-03-1140x855.jpg 1140w, https:\/\/www.altercampagne.net\/wp-content\/uploads\/2024\/08\/240801-_-thomas-03.jpg 1600w\" sizes=\"auto, (max-width: 1024px) 100vw, 1024px\" \/><\/a><\/figure>\n\n\n\n<p><strong><em>La soir\u00e9e se termine par une sc\u00e8ne ouverte o\u00f9 l&rsquo;on peut appr\u00e9cier tous les talents de l&rsquo;Altertour : chants, improvisations, textes, humour\u2026 Nous remercions nos deux pr\u00e9paratrices d&rsquo;\u00e9tape, Morgane et Marie, qui ont r\u00e9alis\u00e9 leur t\u00e2che avec brio et passent le relais \u00e0 Manon et J\u00e9r\u00f4me.<\/em><\/strong><\/p>\n","protected":false},"excerpt":{"rendered":"<p>Nous remercions nos deux pr\u00e9paratrices d&rsquo;\u00e9tape, Morgane et Marie, qui ont r\u00e9alis\u00e9 leur t\u00e2che avec brio et passent le relais \u00e0 Manon et J\u00e9r\u00f4me.<\/p>\n","protected":false},"author":215,"featured_media":28524,"comment_status":"closed","ping_status":"closed","sticky":false,"template":"","format":"standard","meta":{"footnotes":""},"categories":[4313,4449,3490,3475,3486],"tags":[],"class_list":["post-28527","post","type-post","status-publish","format-standard","has-post-thumbnail","hentry","category-altertour","category-edition-2024","category-culture","category-grand-est","category-environnement"],"yoast_head":"<!-- This site is optimized with the Yoast SEO plugin v27.3 - https:\/\/yoast.com\/product\/yoast-seo-wordpress\/ -->\n<title>La Cit\u00e9 des Paysages - AlterTour<\/title>\n<meta name=\"robots\" content=\"index, follow, max-snippet:-1, max-image-preview:large, max-video-preview:-1\" \/>\n<link rel=\"canonical\" href=\"https:\/\/www.altercampagne.net\/?p=28527\" \/>\n<meta property=\"og:locale\" content=\"fr_FR\" \/>\n<meta property=\"og:type\" content=\"article\" \/>\n<meta property=\"og:title\" content=\"La Cit\u00e9 des Paysages - AlterTour\" \/>\n<meta property=\"og:description\" content=\"Nous remercions nos deux pr\u00e9paratrices d&#039;\u00e9tape, Morgane et Marie, qui ont r\u00e9alis\u00e9 leur t\u00e2che avec brio et passent le relais \u00e0 Manon et J\u00e9r\u00f4me.\" \/>\n<meta property=\"og:url\" content=\"https:\/\/www.altercampagne.net\/?p=28527\" \/>\n<meta property=\"og:site_name\" content=\"AlterTour\" \/>\n<meta property=\"article:published_time\" content=\"2024-08-01T13:02:21+00:00\" \/>\n<meta property=\"article:modified_time\" content=\"2024-08-08T13:09:41+00:00\" \/>\n<meta property=\"og:image\" content=\"https:\/\/www.altercampagne.net\/wp-content\/uploads\/2024\/08\/240801-_-thomas-01.jpg\" \/>\n\t<meta property=\"og:image:width\" content=\"1600\" \/>\n\t<meta property=\"og:image:height\" content=\"1200\" \/>\n\t<meta property=\"og:image:type\" content=\"image\/jpeg\" \/>\n<meta name=\"author\" content=\"AlterTour\" \/>\n<meta name=\"twitter:card\" content=\"summary_large_image\" \/>\n<meta name=\"twitter:label1\" content=\"\u00c9crit par\" \/>\n\t<meta name=\"twitter:data1\" content=\"AlterTour\" \/>\n\t<meta name=\"twitter:label2\" content=\"Dur\u00e9e de lecture estim\u00e9e\" \/>\n\t<meta name=\"twitter:data2\" content=\"3 minutes\" \/>\n<script type=\"application\/ld+json\" class=\"yoast-schema-graph\">{\"@context\":\"https:\\\/\\\/schema.org\",\"@graph\":[{\"@type\":\"Article\",\"@id\":\"https:\\\/\\\/www.altercampagne.net\\\/?p=28527#article\",\"isPartOf\":{\"@id\":\"https:\\\/\\\/www.altercampagne.net\\\/?p=28527\"},\"author\":{\"name\":\"AlterTour\",\"@id\":\"https:\\\/\\\/www.altercampagne.net\\\/#\\\/schema\\\/person\\\/e5b68c803196f649c2152249d262d94a\"},\"headline\":\"La Cit\u00e9 des Paysages\",\"datePublished\":\"2024-08-01T13:02:21+00:00\",\"dateModified\":\"2024-08-08T13:09:41+00:00\",\"mainEntityOfPage\":{\"@id\":\"https:\\\/\\\/www.altercampagne.net\\\/?p=28527\"},\"wordCount\":460,\"image\":{\"@id\":\"https:\\\/\\\/www.altercampagne.net\\\/?p=28527#primaryimage\"},\"thumbnailUrl\":\"https:\\\/\\\/www.altercampagne.net\\\/wp-content\\\/uploads\\\/2024\\\/08\\\/240801-_-thomas-01.jpg\",\"articleSection\":[\"AlterTour\",\"\u00c9dition 2024\",\"Culture\",\"Grand Est\",\"Environnement\"],\"inLanguage\":\"fr-FR\"},{\"@type\":\"WebPage\",\"@id\":\"https:\\\/\\\/www.altercampagne.net\\\/?p=28527\",\"url\":\"https:\\\/\\\/www.altercampagne.net\\\/?p=28527\",\"name\":\"La Cit\u00e9 des Paysages - AlterTour\",\"isPartOf\":{\"@id\":\"https:\\\/\\\/www.altercampagne.net\\\/#website\"},\"primaryImageOfPage\":{\"@id\":\"https:\\\/\\\/www.altercampagne.net\\\/?p=28527#primaryimage\"},\"image\":{\"@id\":\"https:\\\/\\\/www.altercampagne.net\\\/?p=28527#primaryimage\"},\"thumbnailUrl\":\"https:\\\/\\\/www.altercampagne.net\\\/wp-content\\\/uploads\\\/2024\\\/08\\\/240801-_-thomas-01.jpg\",\"datePublished\":\"2024-08-01T13:02:21+00:00\",\"dateModified\":\"2024-08-08T13:09:41+00:00\",\"author\":{\"@id\":\"https:\\\/\\\/www.altercampagne.net\\\/#\\\/schema\\\/person\\\/e5b68c803196f649c2152249d262d94a\"},\"breadcrumb\":{\"@id\":\"https:\\\/\\\/www.altercampagne.net\\\/?p=28527#breadcrumb\"},\"inLanguage\":\"fr-FR\",\"potentialAction\":[{\"@type\":\"ReadAction\",\"target\":[\"https:\\\/\\\/www.altercampagne.net\\\/?p=28527\"]}]},{\"@type\":\"ImageObject\",\"inLanguage\":\"fr-FR\",\"@id\":\"https:\\\/\\\/www.altercampagne.net\\\/?p=28527#primaryimage\",\"url\":\"https:\\\/\\\/www.altercampagne.net\\\/wp-content\\\/uploads\\\/2024\\\/08\\\/240801-_-thomas-01.jpg\",\"contentUrl\":\"https:\\\/\\\/www.altercampagne.net\\\/wp-content\\\/uploads\\\/2024\\\/08\\\/240801-_-thomas-01.jpg\",\"width\":1600,\"height\":1200},{\"@type\":\"BreadcrumbList\",\"@id\":\"https:\\\/\\\/www.altercampagne.net\\\/?p=28527#breadcrumb\",\"itemListElement\":[{\"@type\":\"ListItem\",\"position\":1,\"name\":\"Accueil\",\"item\":\"https:\\\/\\\/www.altercampagne.net\\\/\"},{\"@type\":\"ListItem\",\"position\":2,\"name\":\"La Cit\u00e9 des Paysages\"}]},{\"@type\":\"WebSite\",\"@id\":\"https:\\\/\\\/www.altercampagne.net\\\/#website\",\"url\":\"https:\\\/\\\/www.altercampagne.net\\\/\",\"name\":\"AlterTour\",\"description\":\"Reliez les Alternatives \u00e0 v\u00e9lo\",\"potentialAction\":[{\"@type\":\"SearchAction\",\"target\":{\"@type\":\"EntryPoint\",\"urlTemplate\":\"https:\\\/\\\/www.altercampagne.net\\\/?s={search_term_string}\"},\"query-input\":{\"@type\":\"PropertyValueSpecification\",\"valueRequired\":true,\"valueName\":\"search_term_string\"}}],\"inLanguage\":\"fr-FR\"},{\"@type\":\"Person\",\"@id\":\"https:\\\/\\\/www.altercampagne.net\\\/#\\\/schema\\\/person\\\/e5b68c803196f649c2152249d262d94a\",\"name\":\"AlterTour\",\"image\":{\"@type\":\"ImageObject\",\"inLanguage\":\"fr-FR\",\"@id\":\"https:\\\/\\\/secure.gravatar.com\\\/avatar\\\/3f2ed77f8506b8ea264ad5938bb0114bfa10f35b64086a66dfbb6e9f58ad9693?s=96&d=mm&r=g\",\"url\":\"https:\\\/\\\/secure.gravatar.com\\\/avatar\\\/3f2ed77f8506b8ea264ad5938bb0114bfa10f35b64086a66dfbb6e9f58ad9693?s=96&d=mm&r=g\",\"contentUrl\":\"https:\\\/\\\/secure.gravatar.com\\\/avatar\\\/3f2ed77f8506b8ea264ad5938bb0114bfa10f35b64086a66dfbb6e9f58ad9693?s=96&d=mm&r=g\",\"caption\":\"AlterTour\"},\"url\":\"https:\\\/\\\/www.altercampagne.net\\\/?author=215\"}]}<\/script>\n<!-- \/ Yoast SEO plugin. -->","yoast_head_json":{"title":"La Cit\u00e9 des Paysages - AlterTour","robots":{"index":"index","follow":"follow","max-snippet":"max-snippet:-1","max-image-preview":"max-image-preview:large","max-video-preview":"max-video-preview:-1"},"canonical":"https:\/\/www.altercampagne.net\/?p=28527","og_locale":"fr_FR","og_type":"article","og_title":"La Cit\u00e9 des Paysages - AlterTour","og_description":"Nous remercions nos deux pr\u00e9paratrices d'\u00e9tape, Morgane et Marie, qui ont r\u00e9alis\u00e9 leur t\u00e2che avec brio et passent le relais \u00e0 Manon et J\u00e9r\u00f4me.","og_url":"https:\/\/www.altercampagne.net\/?p=28527","og_site_name":"AlterTour","article_published_time":"2024-08-01T13:02:21+00:00","article_modified_time":"2024-08-08T13:09:41+00:00","og_image":[{"width":1600,"height":1200,"url":"https:\/\/www.altercampagne.net\/wp-content\/uploads\/2024\/08\/240801-_-thomas-01.jpg","type":"image\/jpeg"}],"author":"AlterTour","twitter_card":"summary_large_image","twitter_misc":{"\u00c9crit par":"AlterTour","Dur\u00e9e de lecture estim\u00e9e":"3 minutes"},"schema":{"@context":"https:\/\/schema.org","@graph":[{"@type":"Article","@id":"https:\/\/www.altercampagne.net\/?p=28527#article","isPartOf":{"@id":"https:\/\/www.altercampagne.net\/?p=28527"},"author":{"name":"AlterTour","@id":"https:\/\/www.altercampagne.net\/#\/schema\/person\/e5b68c803196f649c2152249d262d94a"},"headline":"La Cit\u00e9 des Paysages","datePublished":"2024-08-01T13:02:21+00:00","dateModified":"2024-08-08T13:09:41+00:00","mainEntityOfPage":{"@id":"https:\/\/www.altercampagne.net\/?p=28527"},"wordCount":460,"image":{"@id":"https:\/\/www.altercampagne.net\/?p=28527#primaryimage"},"thumbnailUrl":"https:\/\/www.altercampagne.net\/wp-content\/uploads\/2024\/08\/240801-_-thomas-01.jpg","articleSection":["AlterTour","\u00c9dition 2024","Culture","Grand Est","Environnement"],"inLanguage":"fr-FR"},{"@type":"WebPage","@id":"https:\/\/www.altercampagne.net\/?p=28527","url":"https:\/\/www.altercampagne.net\/?p=28527","name":"La Cit\u00e9 des Paysages - AlterTour","isPartOf":{"@id":"https:\/\/www.altercampagne.net\/#website"},"primaryImageOfPage":{"@id":"https:\/\/www.altercampagne.net\/?p=28527#primaryimage"},"image":{"@id":"https:\/\/www.altercampagne.net\/?p=28527#primaryimage"},"thumbnailUrl":"https:\/\/www.altercampagne.net\/wp-content\/uploads\/2024\/08\/240801-_-thomas-01.jpg","datePublished":"2024-08-01T13:02:21+00:00","dateModified":"2024-08-08T13:09:41+00:00","author":{"@id":"https:\/\/www.altercampagne.net\/#\/schema\/person\/e5b68c803196f649c2152249d262d94a"},"breadcrumb":{"@id":"https:\/\/www.altercampagne.net\/?p=28527#breadcrumb"},"inLanguage":"fr-FR","potentialAction":[{"@type":"ReadAction","target":["https:\/\/www.altercampagne.net\/?p=28527"]}]},{"@type":"ImageObject","inLanguage":"fr-FR","@id":"https:\/\/www.altercampagne.net\/?p=28527#primaryimage","url":"https:\/\/www.altercampagne.net\/wp-content\/uploads\/2024\/08\/240801-_-thomas-01.jpg","contentUrl":"https:\/\/www.altercampagne.net\/wp-content\/uploads\/2024\/08\/240801-_-thomas-01.jpg","width":1600,"height":1200},{"@type":"BreadcrumbList","@id":"https:\/\/www.altercampagne.net\/?p=28527#breadcrumb","itemListElement":[{"@type":"ListItem","position":1,"name":"Accueil","item":"https:\/\/www.altercampagne.net\/"},{"@type":"ListItem","position":2,"name":"La Cit\u00e9 des Paysages"}]},{"@type":"WebSite","@id":"https:\/\/www.altercampagne.net\/#website","url":"https:\/\/www.altercampagne.net\/","name":"AlterTour","description":"Reliez les Alternatives \u00e0 v\u00e9lo","potentialAction":[{"@type":"SearchAction","target":{"@type":"EntryPoint","urlTemplate":"https:\/\/www.altercampagne.net\/?s={search_term_string}"},"query-input":{"@type":"PropertyValueSpecification","valueRequired":true,"valueName":"search_term_string"}}],"inLanguage":"fr-FR"},{"@type":"Person","@id":"https:\/\/www.altercampagne.net\/#\/schema\/person\/e5b68c803196f649c2152249d262d94a","name":"AlterTour","image":{"@type":"ImageObject","inLanguage":"fr-FR","@id":"https:\/\/secure.gravatar.com\/avatar\/3f2ed77f8506b8ea264ad5938bb0114bfa10f35b64086a66dfbb6e9f58ad9693?s=96&d=mm&r=g","url":"https:\/\/secure.gravatar.com\/avatar\/3f2ed77f8506b8ea264ad5938bb0114bfa10f35b64086a66dfbb6e9f58ad9693?s=96&d=mm&r=g","contentUrl":"https:\/\/secure.gravatar.com\/avatar\/3f2ed77f8506b8ea264ad5938bb0114bfa10f35b64086a66dfbb6e9f58ad9693?s=96&d=mm&r=g","caption":"AlterTour"},"url":"https:\/\/www.altercampagne.net\/?author=215"}]}},"_links":{"self":[{"href":"https:\/\/www.altercampagne.net\/index.php?rest_route=\/wp\/v2\/posts\/28527","targetHints":{"allow":["GET"]}}],"collection":[{"href":"https:\/\/www.altercampagne.net\/index.php?rest_route=\/wp\/v2\/posts"}],"about":[{"href":"https:\/\/www.altercampagne.net\/index.php?rest_route=\/wp\/v2\/types\/post"}],"author":[{"embeddable":true,"href":"https:\/\/www.altercampagne.net\/index.php?rest_route=\/wp\/v2\/users\/215"}],"replies":[{"embeddable":true,"href":"https:\/\/www.altercampagne.net\/index.php?rest_route=%2Fwp%2Fv2%2Fcomments&post=28527"}],"version-history":[{"count":1,"href":"https:\/\/www.altercampagne.net\/index.php?rest_route=\/wp\/v2\/posts\/28527\/revisions"}],"predecessor-version":[{"id":28528,"href":"https:\/\/www.altercampagne.net\/index.php?rest_route=\/wp\/v2\/posts\/28527\/revisions\/28528"}],"wp:featuredmedia":[{"embeddable":true,"href":"https:\/\/www.altercampagne.net\/index.php?rest_route=\/wp\/v2\/media\/28524"}],"wp:attachment":[{"href":"https:\/\/www.altercampagne.net\/index.php?rest_route=%2Fwp%2Fv2%2Fmedia&parent=28527"}],"wp:term":[{"taxonomy":"category","embeddable":true,"href":"https:\/\/www.altercampagne.net\/index.php?rest_route=%2Fwp%2Fv2%2Fcategories&post=28527"},{"taxonomy":"post_tag","embeddable":true,"href":"https:\/\/www.altercampagne.net\/index.php?rest_route=%2Fwp%2Fv2%2Ftags&post=28527"}],"curies":[{"name":"wp","href":"https:\/\/api.w.org\/{rel}","templated":true}]}}