{"id":28537,"date":"2024-08-04T08:51:14","date_gmt":"2024-08-04T06:51:14","guid":{"rendered":"https:\/\/www.altercampagne.net\/?p=28537"},"modified":"2024-08-27T09:45:00","modified_gmt":"2024-08-27T07:45:00","slug":"bure-journee-poignante","status":"publish","type":"post","link":"https:\/\/www.altercampagne.net\/?p=28537","title":{"rendered":"Bure, journ\u00e9e poignante"},"content":{"rendered":"\n<p>Hier nous avons plant\u00e9 nos tentes dans la ferme de Jean-Pierre, notre accueillant, \u00e0 Cirfontaine pr\u00e8s de Bure. Et aujourd&rsquo;hui nous partons explorer avec lui les alentours \u00e0 v\u00e9lo. <br><strong>Bure est l&rsquo;\u00e9picentre du projet de la gigantesque poubelle souterraine atomique nomm\u00e9e Cig\u00e9o.<\/strong><\/p>\n\n\n\n<h4 class=\"wp-block-heading\">Une visite &#8230; encadr\u00e9e<\/h4>\n\n\n\n<p>Apr\u00e8s un trajet de quelques minutes \u00e0 v\u00e9lo, JP nous arr\u00eate une premi\u00e8re fois au milieu d&rsquo;un chemin. De chaque c\u00f4t\u00e9 du chemin, des terres agricoles. On distingue cependant, au milieux de ces grandes \u00e9tendues agricoles, <strong>un espace de culture moins rectiligne<\/strong>, une organisation des cultures qui ressemble plut\u00f4t \u00e0 du mara\u00eechage. C&rsquo;est une parcelle pr\u00eat\u00e9e par JP pour les <strong><a href=\"https:\/\/manif-est.info\/+-Les-Semeuses-+.html\">Semeuses<\/a><\/strong>, un collectif de mara\u00eechage de Bure dont fait partie Axelle qu&rsquo;on a vu hier et qu&rsquo;on reverra aujourd&rsquo;hui.\u00a0<\/p>\n\n\n<div class=\"wp-block-image\">\n<figure class=\"aligncenter size-large is-resized\"><a href=\"https:\/\/www.altercampagne.net\/wp-content\/uploads\/2024\/08\/AT24-0804_Bure_01.jpeg\"><img loading=\"lazy\" decoding=\"async\" width=\"1024\" height=\"513\" src=\"https:\/\/www.altercampagne.net\/wp-content\/uploads\/2024\/08\/AT24-0804_Bure_01-1024x513.jpeg\" alt=\"\" class=\"wp-image-28538\" style=\"width:479px;height:auto\" srcset=\"https:\/\/www.altercampagne.net\/wp-content\/uploads\/2024\/08\/AT24-0804_Bure_01-1024x513.jpeg 1024w, https:\/\/www.altercampagne.net\/wp-content\/uploads\/2024\/08\/AT24-0804_Bure_01-300x150.jpeg 300w, https:\/\/www.altercampagne.net\/wp-content\/uploads\/2024\/08\/AT24-0804_Bure_01-768x385.jpeg 768w, https:\/\/www.altercampagne.net\/wp-content\/uploads\/2024\/08\/AT24-0804_Bure_01-1536x769.jpeg 1536w, https:\/\/www.altercampagne.net\/wp-content\/uploads\/2024\/08\/AT24-0804_Bure_01-100x50.jpeg 100w, https:\/\/www.altercampagne.net\/wp-content\/uploads\/2024\/08\/AT24-0804_Bure_01-862x432.jpeg 862w, https:\/\/www.altercampagne.net\/wp-content\/uploads\/2024\/08\/AT24-0804_Bure_01-1140x571.jpeg 1140w, https:\/\/www.altercampagne.net\/wp-content\/uploads\/2024\/08\/AT24-0804_Bure_01.jpeg 1599w\" sizes=\"auto, (max-width: 1024px) 100vw, 1024px\" \/><\/a><\/figure>\n<\/div>\n\n\n<p>On a bien du mal \u00e0 l&rsquo;imaginer mais l&rsquo;Andra (Agence nationale pour la gestion des d\u00e9chets radioactifs) a pr\u00e9vu de faire passer une ligne de chemin de fer sur ces parcelles. JP nous d\u00e9crit minutieusement le trac\u00e9 de la ligne, <strong>une partie de ses terres lui ont d\u00e9j\u00e0 \u00e9t\u00e9 enlev\u00e9es<\/strong> pour la faire passer par l\u00e0. Il a d&rsquo;ailleurs appris r\u00e9cemment, par lettre recommand\u00e9e, que la largeur des terres r\u00e9quisitionn\u00e9es pour la ligne serait allong\u00e9e de 20 m\u00e8tres de chaque c\u00f4t\u00e9. Cette ligne est pr\u00e9vu pour <strong>relier Gondrecourt aux sites d&rsquo;enfouissement des d\u00e9chets<\/strong>. La ligne jusqu&rsquo;\u00e0 Gondrecourt devrait \u00eatre restaur\u00e9e par le r\u00e9seau ferr\u00e9 de France (RFF), et la jonction entre Gondrecourt et les puits d&rsquo;enfouissement serait mise en oeuvre par l&rsquo;Andra.<\/p>\n\n\n\n<p>Au bout du chemin, on distingue l&rsquo;avant d&rsquo;une grosse voiture, bleu fonc\u00e9. <strong>Nous sommes \u00e9pi\u00e9&rsquo;es<\/strong>. Depuis notre arriv\u00e9e, nous avons vu passer r\u00e9guli\u00e8rement les voitures des gendarmes. Iels nous ont pris&rsquo;e en photo, sont venu&rsquo;es nous voir, restent r\u00e9guli\u00e8rement pas tr\u00e8s loin de nous. Ce matin derri\u00e8re les serres-files, les cyclistes qui ferment l&rsquo;alter-peloton du Tour, une voiture de gendarme finissait le cort\u00e8ge ! <strong>\u00c0 tout moment lors de nos d\u00e9placements<\/strong>, en regardant autour, nous voyons, l&rsquo;avant d&rsquo;une voiture sortir d&rsquo;un chemin cach\u00e9 ou encore une voiture de la gendarmerie qui fait une ronde pas tr\u00e8s loin.<\/p>\n\n\n\n<h4 class=\"wp-block-heading\">Implantation rurale<\/h4>\n\n\n\n<p>Nous repartons pour la suite de notre visite. Jean-Pierre nous arr\u00eate cette fois au milieu d&rsquo;une vaste \u00e9tendue d&rsquo;herbes hautes et fleuries. Ces terres achet\u00e9es par l&rsquo;Andra ne sont plus cultiv\u00e9es. Seules quelques plants de luzerne trahissent le pass\u00e9 agricole de ces parcelles. <strong>Cette \u00e9norme prairie entoure le laboratoire d&rsquo;exp\u00e9rimentation de l&rsquo;Andra<\/strong>. On distingue celui-ci au loin, une tour rectangulaire qui sort du reste du paysage. \u00c0 sa droite un petit village de 80 habitants, Bure. \u00c0 sa gauche un \u00e9norme bloc cubique, le centre d&rsquo;archives d&rsquo;EDF !<\/p>\n\n\n\n<p><strong>C&rsquo;est l\u00e0 que nous commen\u00e7ons \u00e0 comprendre les raisons du choix de Bure pour implanter Cig\u00e9o<\/strong>. Le site est plac\u00e9 id\u00e9alement entre deux d\u00e9partements, la Meuse et la Haute Marne, une d\u00e9mographie faible, pas d&rsquo;industrie, un sol argileux (mais comme dans beaucoup d&rsquo;autres endroits) \u00ab\u00a0id\u00e9al\u00a0\u00bb pour enfouir des d\u00e9chets. C&rsquo;est l\u00e0 qu&rsquo;on comprends \u00e9galement l&#8217;emprise de l&rsquo;Andra sur la r\u00e9gion entre les sorties scolaires organis\u00e9es avec picnic pour faire la publicit\u00e9 du site, les millions d\u00e9vers\u00e9s aux communes et aux d\u00e9partements qui permettent notamment \u00e0 un petit village d&rsquo;avoir des infrastructures dignes d&rsquo;une grosse ville, l&rsquo;acquisition et bient\u00f4t l&rsquo;expropriation des parcelles agricoles, etc. <strong>C&rsquo;est donc ici que le projet Cig\u00e9o compte enfouir \u00e0 500m de profondeur<\/strong>, dans des alv\u00e9oles, 85 000 m3 de d\u00e9chets nucl\u00e9aires hautement radiactifs ou moyennement radioactifs et \u00e0 vie longue, les HAVL et MAVL.<\/p>\n\n\n\n<p><strong>C&rsquo;est encore une voiture de gendarme<\/strong> qui se pose \u00e0 c\u00f4t\u00e9 de nous quand nous nous arr\u00eatons au rond point qui s\u00e9pare le centre d&rsquo;archives d&rsquo;EDF et le laboratoire cr\u00e9\u00e9 par l&rsquo;Andra pour tester les puits d&rsquo;enfouissement. Cette fois au milieu des explications de JP, les gendarmes demandent \u00e0 parler \u00e0 un \u00ab\u00a0responsable\u00a0\u00bb. Quelques altercyclistes vont voir les gendarmes pendant que JP continue \u00e0 nous d\u00e9crire ce qu&rsquo;il y a autour de nous. Le village dans lequel se trouve un h\u00f4tel restaurant, un mus\u00e9e, une biblioth\u00e8que, une salle des f\u00eates XXL, habrite avant tout le fameux laboratoire de Cig\u00e9o. Ce labo ne sera jamais qu&rsquo;un puit destin\u00e9 \u00e0 l&rsquo;exp\u00e9rimentation, il ne sera jamais en service r\u00e9el. Arborrant les drapeaux de la France, de la r\u00e9gion, de l&rsquo;Andra, barricad\u00e9, entour\u00e9 de fil barbel\u00e9, le site est visiblement sous haute protection.\u00a0<\/p>\n\n\n\n<h4 class=\"wp-block-heading\">Lieux de luttes<\/h4>\n\n\n<div class=\"wp-block-image\">\n<figure class=\"aligncenter size-large is-resized\"><a href=\"https:\/\/www.altercampagne.net\/wp-content\/uploads\/2024\/08\/AT24-0804_Bure_02.jpeg\"><img loading=\"lazy\" decoding=\"async\" width=\"1024\" height=\"512\" src=\"https:\/\/www.altercampagne.net\/wp-content\/uploads\/2024\/08\/AT24-0804_Bure_02-1024x512.jpeg\" alt=\"\" class=\"wp-image-28539\" style=\"width:450px;height:auto\" srcset=\"https:\/\/www.altercampagne.net\/wp-content\/uploads\/2024\/08\/AT24-0804_Bure_02-1024x512.jpeg 1024w, https:\/\/www.altercampagne.net\/wp-content\/uploads\/2024\/08\/AT24-0804_Bure_02-300x150.jpeg 300w, https:\/\/www.altercampagne.net\/wp-content\/uploads\/2024\/08\/AT24-0804_Bure_02-768x384.jpeg 768w, https:\/\/www.altercampagne.net\/wp-content\/uploads\/2024\/08\/AT24-0804_Bure_02-1536x768.jpeg 1536w, https:\/\/www.altercampagne.net\/wp-content\/uploads\/2024\/08\/AT24-0804_Bure_02-2048x1024.jpeg 2048w, https:\/\/www.altercampagne.net\/wp-content\/uploads\/2024\/08\/AT24-0804_Bure_02-100x50.jpeg 100w, https:\/\/www.altercampagne.net\/wp-content\/uploads\/2024\/08\/AT24-0804_Bure_02-862x431.jpeg 862w, https:\/\/www.altercampagne.net\/wp-content\/uploads\/2024\/08\/AT24-0804_Bure_02-1140x570.jpeg 1140w\" sizes=\"auto, (max-width: 1024px) 100vw, 1024px\" \/><\/a><\/figure>\n<\/div>\n\n\n<p>Enfin, <strong>JP nous am\u00e9nera \u00e0 BZL (Bure Zone Libre) puis \u00e0 la gare de Lum\u00e9ville et nous finirons \u00e0 l&rsquo;Augustine<\/strong>. Tous ces lieux rassemblent des collectifs en lutte contre le projet de Cig\u00e9o. Cette exploration de bure et ses environs nous aura permis de prendre conscience et connaissance de l&rsquo;ensemble des probl\u00e9matiques soulev\u00e9es par l&rsquo;enfouissement des d\u00e9chets, d&rsquo;appercevoir toutes ses incoh\u00e9rences, toutes ces prises de pouvoir, parfois ill\u00e9gales, de l&rsquo;\u00e9tat. Le niveau de r\u00e9pression et de contr\u00f4le \u00e9tatique sur la r\u00e9gion est impressionnant, et la d\u00e9termination de l&rsquo;ensemble du r\u00e9seau citoyen et militant qui s&rsquo;est construit et se construit encore pour emp\u00e9cher de g\u00e9n\u00e9rer un drame nucl\u00e9aire pour les milliers d&rsquo;ann\u00e9es futures est tout simplement incroyable !<\/p>\n\n\n\n<p><strong>Merci \u00e0 JP, Axelles et tou.tes celeux que nous avons pu rencontrer. Merci pour leur d\u00e9termination et merci \u00e0 eleux de prendre soin de notre avenir.<\/strong><\/p>\n","protected":false},"excerpt":{"rendered":"<p>Le niveau de r\u00e9pression et de contr\u00f4le \u00e9tatique sur la r\u00e9gion est impressionnant, et la d\u00e9termination de l&rsquo;ensemble du r\u00e9seau citoyen et militant qui s&rsquo;est construit et se construit encore pour emp\u00e9cher de g\u00e9n\u00e9rer un drame nucl\u00e9aire pour les milliers d&rsquo;ann\u00e9es futures est tout simplement incroyable !<\/p>\n","protected":false},"author":473,"featured_media":28540,"comment_status":"closed","ping_status":"closed","sticky":false,"template":"","format":"standard","meta":{"footnotes":""},"categories":[4313,4449,3475,3542],"tags":[],"class_list":["post-28537","post","type-post","status-publish","format-standard","has-post-thumbnail","hentry","category-altertour","category-edition-2024","category-grand-est","category-lutte"],"yoast_head":"<!-- This site is optimized with the Yoast SEO plugin v27.3 - https:\/\/yoast.com\/product\/yoast-seo-wordpress\/ -->\n<title>Bure, journ\u00e9e poignante - AlterTour<\/title>\n<meta name=\"robots\" content=\"index, follow, max-snippet:-1, max-image-preview:large, max-video-preview:-1\" \/>\n<link rel=\"canonical\" href=\"https:\/\/www.altercampagne.net\/?p=28537\" \/>\n<meta property=\"og:locale\" content=\"fr_FR\" \/>\n<meta property=\"og:type\" content=\"article\" \/>\n<meta property=\"og:title\" content=\"Bure, journ\u00e9e poignante - AlterTour\" \/>\n<meta property=\"og:description\" content=\"Le niveau de r\u00e9pression et de contr\u00f4le \u00e9tatique sur la r\u00e9gion est impressionnant, et la d\u00e9termination de l&#039;ensemble du r\u00e9seau citoyen et militant qui s&#039;est construit et se construit encore pour emp\u00e9cher de g\u00e9n\u00e9rer un drame nucl\u00e9aire pour les milliers d&#039;ann\u00e9es futures est tout simplement incroyable !\" \/>\n<meta property=\"og:url\" content=\"https:\/\/www.altercampagne.net\/?p=28537\" \/>\n<meta property=\"og:site_name\" content=\"AlterTour\" \/>\n<meta property=\"article:published_time\" content=\"2024-08-04T06:51:14+00:00\" \/>\n<meta property=\"article:modified_time\" content=\"2024-08-27T07:45:00+00:00\" \/>\n<meta property=\"og:image\" content=\"https:\/\/www.altercampagne.net\/wp-content\/uploads\/2024\/08\/AT24-0804_Bure_03.jpg\" \/>\n\t<meta property=\"og:image:width\" content=\"1600\" \/>\n\t<meta property=\"og:image:height\" content=\"800\" \/>\n\t<meta property=\"og:image:type\" content=\"image\/jpeg\" \/>\n<meta name=\"author\" content=\"Nicolas Duclos\" \/>\n<meta name=\"twitter:card\" content=\"summary_large_image\" \/>\n<meta name=\"twitter:label1\" content=\"\u00c9crit par\" \/>\n\t<meta name=\"twitter:data1\" content=\"Nicolas Duclos\" \/>\n\t<meta name=\"twitter:label2\" content=\"Dur\u00e9e de lecture estim\u00e9e\" \/>\n\t<meta name=\"twitter:data2\" content=\"5 minutes\" \/>\n<script type=\"application\/ld+json\" class=\"yoast-schema-graph\">{\"@context\":\"https:\\\/\\\/schema.org\",\"@graph\":[{\"@type\":\"Article\",\"@id\":\"https:\\\/\\\/www.altercampagne.net\\\/?p=28537#article\",\"isPartOf\":{\"@id\":\"https:\\\/\\\/www.altercampagne.net\\\/?p=28537\"},\"author\":{\"name\":\"Nicolas Duclos\",\"@id\":\"https:\\\/\\\/www.altercampagne.net\\\/#\\\/schema\\\/person\\\/b1729ba499a29d4ae8728f79966c357a\"},\"headline\":\"Bure, journ\u00e9e poignante\",\"datePublished\":\"2024-08-04T06:51:14+00:00\",\"dateModified\":\"2024-08-27T07:45:00+00:00\",\"mainEntityOfPage\":{\"@id\":\"https:\\\/\\\/www.altercampagne.net\\\/?p=28537\"},\"wordCount\":983,\"image\":{\"@id\":\"https:\\\/\\\/www.altercampagne.net\\\/?p=28537#primaryimage\"},\"thumbnailUrl\":\"https:\\\/\\\/www.altercampagne.net\\\/wp-content\\\/uploads\\\/2024\\\/08\\\/AT24-0804_Bure_03.jpg\",\"articleSection\":[\"AlterTour\",\"\u00c9dition 2024\",\"Grand Est\",\"Lutte\"],\"inLanguage\":\"fr-FR\"},{\"@type\":\"WebPage\",\"@id\":\"https:\\\/\\\/www.altercampagne.net\\\/?p=28537\",\"url\":\"https:\\\/\\\/www.altercampagne.net\\\/?p=28537\",\"name\":\"Bure, journ\u00e9e poignante - AlterTour\",\"isPartOf\":{\"@id\":\"https:\\\/\\\/www.altercampagne.net\\\/#website\"},\"primaryImageOfPage\":{\"@id\":\"https:\\\/\\\/www.altercampagne.net\\\/?p=28537#primaryimage\"},\"image\":{\"@id\":\"https:\\\/\\\/www.altercampagne.net\\\/?p=28537#primaryimage\"},\"thumbnailUrl\":\"https:\\\/\\\/www.altercampagne.net\\\/wp-content\\\/uploads\\\/2024\\\/08\\\/AT24-0804_Bure_03.jpg\",\"datePublished\":\"2024-08-04T06:51:14+00:00\",\"dateModified\":\"2024-08-27T07:45:00+00:00\",\"author\":{\"@id\":\"https:\\\/\\\/www.altercampagne.net\\\/#\\\/schema\\\/person\\\/b1729ba499a29d4ae8728f79966c357a\"},\"breadcrumb\":{\"@id\":\"https:\\\/\\\/www.altercampagne.net\\\/?p=28537#breadcrumb\"},\"inLanguage\":\"fr-FR\",\"potentialAction\":[{\"@type\":\"ReadAction\",\"target\":[\"https:\\\/\\\/www.altercampagne.net\\\/?p=28537\"]}]},{\"@type\":\"ImageObject\",\"inLanguage\":\"fr-FR\",\"@id\":\"https:\\\/\\\/www.altercampagne.net\\\/?p=28537#primaryimage\",\"url\":\"https:\\\/\\\/www.altercampagne.net\\\/wp-content\\\/uploads\\\/2024\\\/08\\\/AT24-0804_Bure_03.jpg\",\"contentUrl\":\"https:\\\/\\\/www.altercampagne.net\\\/wp-content\\\/uploads\\\/2024\\\/08\\\/AT24-0804_Bure_03.jpg\",\"width\":1600,\"height\":800},{\"@type\":\"BreadcrumbList\",\"@id\":\"https:\\\/\\\/www.altercampagne.net\\\/?p=28537#breadcrumb\",\"itemListElement\":[{\"@type\":\"ListItem\",\"position\":1,\"name\":\"Accueil\",\"item\":\"https:\\\/\\\/www.altercampagne.net\\\/\"},{\"@type\":\"ListItem\",\"position\":2,\"name\":\"Bure, journ\u00e9e poignante\"}]},{\"@type\":\"WebSite\",\"@id\":\"https:\\\/\\\/www.altercampagne.net\\\/#website\",\"url\":\"https:\\\/\\\/www.altercampagne.net\\\/\",\"name\":\"AlterTour\",\"description\":\"Reliez les Alternatives \u00e0 v\u00e9lo\",\"potentialAction\":[{\"@type\":\"SearchAction\",\"target\":{\"@type\":\"EntryPoint\",\"urlTemplate\":\"https:\\\/\\\/www.altercampagne.net\\\/?s={search_term_string}\"},\"query-input\":{\"@type\":\"PropertyValueSpecification\",\"valueRequired\":true,\"valueName\":\"search_term_string\"}}],\"inLanguage\":\"fr-FR\"},{\"@type\":\"Person\",\"@id\":\"https:\\\/\\\/www.altercampagne.net\\\/#\\\/schema\\\/person\\\/b1729ba499a29d4ae8728f79966c357a\",\"name\":\"Nicolas Duclos\",\"image\":{\"@type\":\"ImageObject\",\"inLanguage\":\"fr-FR\",\"@id\":\"https:\\\/\\\/secure.gravatar.com\\\/avatar\\\/3a42011f8a6de89fd81e2fd65bc3f5e882e1890300ef2eb670e71981f1741002?s=96&d=mm&r=g\",\"url\":\"https:\\\/\\\/secure.gravatar.com\\\/avatar\\\/3a42011f8a6de89fd81e2fd65bc3f5e882e1890300ef2eb670e71981f1741002?s=96&d=mm&r=g\",\"contentUrl\":\"https:\\\/\\\/secure.gravatar.com\\\/avatar\\\/3a42011f8a6de89fd81e2fd65bc3f5e882e1890300ef2eb670e71981f1741002?s=96&d=mm&r=g\",\"caption\":\"Nicolas Duclos\"},\"url\":\"https:\\\/\\\/www.altercampagne.net\\\/?author=473\"}]}<\/script>\n<!-- \/ Yoast SEO plugin. -->","yoast_head_json":{"title":"Bure, journ\u00e9e poignante - AlterTour","robots":{"index":"index","follow":"follow","max-snippet":"max-snippet:-1","max-image-preview":"max-image-preview:large","max-video-preview":"max-video-preview:-1"},"canonical":"https:\/\/www.altercampagne.net\/?p=28537","og_locale":"fr_FR","og_type":"article","og_title":"Bure, journ\u00e9e poignante - AlterTour","og_description":"Le niveau de r\u00e9pression et de contr\u00f4le \u00e9tatique sur la r\u00e9gion est impressionnant, et la d\u00e9termination de l'ensemble du r\u00e9seau citoyen et militant qui s'est construit et se construit encore pour emp\u00e9cher de g\u00e9n\u00e9rer un drame nucl\u00e9aire pour les milliers d'ann\u00e9es futures est tout simplement incroyable !","og_url":"https:\/\/www.altercampagne.net\/?p=28537","og_site_name":"AlterTour","article_published_time":"2024-08-04T06:51:14+00:00","article_modified_time":"2024-08-27T07:45:00+00:00","og_image":[{"width":1600,"height":800,"url":"https:\/\/www.altercampagne.net\/wp-content\/uploads\/2024\/08\/AT24-0804_Bure_03.jpg","type":"image\/jpeg"}],"author":"Nicolas Duclos","twitter_card":"summary_large_image","twitter_misc":{"\u00c9crit par":"Nicolas Duclos","Dur\u00e9e de lecture estim\u00e9e":"5 minutes"},"schema":{"@context":"https:\/\/schema.org","@graph":[{"@type":"Article","@id":"https:\/\/www.altercampagne.net\/?p=28537#article","isPartOf":{"@id":"https:\/\/www.altercampagne.net\/?p=28537"},"author":{"name":"Nicolas Duclos","@id":"https:\/\/www.altercampagne.net\/#\/schema\/person\/b1729ba499a29d4ae8728f79966c357a"},"headline":"Bure, journ\u00e9e poignante","datePublished":"2024-08-04T06:51:14+00:00","dateModified":"2024-08-27T07:45:00+00:00","mainEntityOfPage":{"@id":"https:\/\/www.altercampagne.net\/?p=28537"},"wordCount":983,"image":{"@id":"https:\/\/www.altercampagne.net\/?p=28537#primaryimage"},"thumbnailUrl":"https:\/\/www.altercampagne.net\/wp-content\/uploads\/2024\/08\/AT24-0804_Bure_03.jpg","articleSection":["AlterTour","\u00c9dition 2024","Grand Est","Lutte"],"inLanguage":"fr-FR"},{"@type":"WebPage","@id":"https:\/\/www.altercampagne.net\/?p=28537","url":"https:\/\/www.altercampagne.net\/?p=28537","name":"Bure, journ\u00e9e poignante - AlterTour","isPartOf":{"@id":"https:\/\/www.altercampagne.net\/#website"},"primaryImageOfPage":{"@id":"https:\/\/www.altercampagne.net\/?p=28537#primaryimage"},"image":{"@id":"https:\/\/www.altercampagne.net\/?p=28537#primaryimage"},"thumbnailUrl":"https:\/\/www.altercampagne.net\/wp-content\/uploads\/2024\/08\/AT24-0804_Bure_03.jpg","datePublished":"2024-08-04T06:51:14+00:00","dateModified":"2024-08-27T07:45:00+00:00","author":{"@id":"https:\/\/www.altercampagne.net\/#\/schema\/person\/b1729ba499a29d4ae8728f79966c357a"},"breadcrumb":{"@id":"https:\/\/www.altercampagne.net\/?p=28537#breadcrumb"},"inLanguage":"fr-FR","potentialAction":[{"@type":"ReadAction","target":["https:\/\/www.altercampagne.net\/?p=28537"]}]},{"@type":"ImageObject","inLanguage":"fr-FR","@id":"https:\/\/www.altercampagne.net\/?p=28537#primaryimage","url":"https:\/\/www.altercampagne.net\/wp-content\/uploads\/2024\/08\/AT24-0804_Bure_03.jpg","contentUrl":"https:\/\/www.altercampagne.net\/wp-content\/uploads\/2024\/08\/AT24-0804_Bure_03.jpg","width":1600,"height":800},{"@type":"BreadcrumbList","@id":"https:\/\/www.altercampagne.net\/?p=28537#breadcrumb","itemListElement":[{"@type":"ListItem","position":1,"name":"Accueil","item":"https:\/\/www.altercampagne.net\/"},{"@type":"ListItem","position":2,"name":"Bure, journ\u00e9e poignante"}]},{"@type":"WebSite","@id":"https:\/\/www.altercampagne.net\/#website","url":"https:\/\/www.altercampagne.net\/","name":"AlterTour","description":"Reliez les Alternatives \u00e0 v\u00e9lo","potentialAction":[{"@type":"SearchAction","target":{"@type":"EntryPoint","urlTemplate":"https:\/\/www.altercampagne.net\/?s={search_term_string}"},"query-input":{"@type":"PropertyValueSpecification","valueRequired":true,"valueName":"search_term_string"}}],"inLanguage":"fr-FR"},{"@type":"Person","@id":"https:\/\/www.altercampagne.net\/#\/schema\/person\/b1729ba499a29d4ae8728f79966c357a","name":"Nicolas Duclos","image":{"@type":"ImageObject","inLanguage":"fr-FR","@id":"https:\/\/secure.gravatar.com\/avatar\/3a42011f8a6de89fd81e2fd65bc3f5e882e1890300ef2eb670e71981f1741002?s=96&d=mm&r=g","url":"https:\/\/secure.gravatar.com\/avatar\/3a42011f8a6de89fd81e2fd65bc3f5e882e1890300ef2eb670e71981f1741002?s=96&d=mm&r=g","contentUrl":"https:\/\/secure.gravatar.com\/avatar\/3a42011f8a6de89fd81e2fd65bc3f5e882e1890300ef2eb670e71981f1741002?s=96&d=mm&r=g","caption":"Nicolas Duclos"},"url":"https:\/\/www.altercampagne.net\/?author=473"}]}},"_links":{"self":[{"href":"https:\/\/www.altercampagne.net\/index.php?rest_route=\/wp\/v2\/posts\/28537","targetHints":{"allow":["GET"]}}],"collection":[{"href":"https:\/\/www.altercampagne.net\/index.php?rest_route=\/wp\/v2\/posts"}],"about":[{"href":"https:\/\/www.altercampagne.net\/index.php?rest_route=\/wp\/v2\/types\/post"}],"author":[{"embeddable":true,"href":"https:\/\/www.altercampagne.net\/index.php?rest_route=\/wp\/v2\/users\/473"}],"replies":[{"embeddable":true,"href":"https:\/\/www.altercampagne.net\/index.php?rest_route=%2Fwp%2Fv2%2Fcomments&post=28537"}],"version-history":[{"count":2,"href":"https:\/\/www.altercampagne.net\/index.php?rest_route=\/wp\/v2\/posts\/28537\/revisions"}],"predecessor-version":[{"id":28553,"href":"https:\/\/www.altercampagne.net\/index.php?rest_route=\/wp\/v2\/posts\/28537\/revisions\/28553"}],"wp:featuredmedia":[{"embeddable":true,"href":"https:\/\/www.altercampagne.net\/index.php?rest_route=\/wp\/v2\/media\/28540"}],"wp:attachment":[{"href":"https:\/\/www.altercampagne.net\/index.php?rest_route=%2Fwp%2Fv2%2Fmedia&parent=28537"}],"wp:term":[{"taxonomy":"category","embeddable":true,"href":"https:\/\/www.altercampagne.net\/index.php?rest_route=%2Fwp%2Fv2%2Fcategories&post=28537"},{"taxonomy":"post_tag","embeddable":true,"href":"https:\/\/www.altercampagne.net\/index.php?rest_route=%2Fwp%2Fv2%2Ftags&post=28537"}],"curies":[{"name":"wp","href":"https:\/\/api.w.org\/{rel}","templated":true}]}}