{"id":28678,"date":"2024-08-07T16:31:40","date_gmt":"2024-08-07T14:31:40","guid":{"rendered":"https:\/\/www.altercampagne.net\/?p=28678"},"modified":"2024-09-01T17:03:04","modified_gmt":"2024-09-01T15:03:04","slug":"saint-mihiel-terre-dasso","status":"publish","type":"post","link":"https:\/\/www.altercampagne.net\/?p=28678","title":{"rendered":"Saint-Mihiel, terre d&rsquo;asso"},"content":{"rendered":"\n<p><strong><em>Mercredi 7 ao\u00fbt<br>Un r\u00e9veil tout en douceur le long de l\u2019\u00e9tang pour les altercylcistes. La chanson du matin a \u00e9t\u00e9 compl\u00e9t\u00e9e par le dindon du moulin de chantraine tr\u00e8s motiv\u00e9 par notre arriv\u00e9e.\u00a0<\/em><\/strong><\/p>\n\n\n<div class=\"wp-block-image\">\n<figure class=\"aligncenter size-large is-resized\"><a href=\"https:\/\/www.altercampagne.net\/wp-content\/uploads\/2024\/09\/AT24_0807_Cap-Chanteraine_02.jpeg\"><img loading=\"lazy\" decoding=\"async\" width=\"1024\" height=\"640\" src=\"https:\/\/www.altercampagne.net\/wp-content\/uploads\/2024\/09\/AT24_0807_Cap-Chanteraine_02-1024x640.jpeg\" alt=\"\" class=\"wp-image-28680\" style=\"width:510px;height:auto\" srcset=\"https:\/\/www.altercampagne.net\/wp-content\/uploads\/2024\/09\/AT24_0807_Cap-Chanteraine_02-1024x640.jpeg 1024w, https:\/\/www.altercampagne.net\/wp-content\/uploads\/2024\/09\/AT24_0807_Cap-Chanteraine_02-300x188.jpeg 300w, https:\/\/www.altercampagne.net\/wp-content\/uploads\/2024\/09\/AT24_0807_Cap-Chanteraine_02-768x480.jpeg 768w, https:\/\/www.altercampagne.net\/wp-content\/uploads\/2024\/09\/AT24_0807_Cap-Chanteraine_02-100x63.jpeg 100w, https:\/\/www.altercampagne.net\/wp-content\/uploads\/2024\/09\/AT24_0807_Cap-Chanteraine_02-862x539.jpeg 862w, https:\/\/www.altercampagne.net\/wp-content\/uploads\/2024\/09\/AT24_0807_Cap-Chanteraine_02-1140x713.jpeg 1140w, https:\/\/www.altercampagne.net\/wp-content\/uploads\/2024\/09\/AT24_0807_Cap-Chanteraine_02.jpeg 1500w\" sizes=\"auto, (max-width: 1024px) 100vw, 1024px\" \/><\/a><\/figure>\n<\/div>\n\n\n<p><br>Les 70km de la veille se sont fait sentir (et les bi\u00e8res de <a href=\"https:\/\/www.labrouettecoop.fr\/la-brasserie\/\"><strong>La Mandale<\/strong><\/a>), laissant quelques altercyclistes au repos pendant que les vaillant&rsquo;es allaient \u00e0 l\u2019atelier v\u00e9lo de Saint-Mihiel, <a href=\"https:\/\/www.facebook.com\/REcycles55\/?locale=fr_FR\"><strong>Re-Cycle<\/strong><\/a>.<\/p>\n\n\n\n<p>Apr\u00e8s un repas dans le cadre idyllique du lieu, d\u00e9part pour\u00a0<a href=\"https:\/\/ventdesforets.com\"><strong>Vent des For\u00eats<\/strong><\/a> : des \u0153uvres d\u2019art en for\u00eat. Le concept (existant depuis 26 ans) : <strong>faire venir des artistes pour cr\u00e9er une \u0153uvre<\/strong> dans la r\u00e9gion avec des <strong>mat\u00e9riaux et des ateliers locaux<\/strong>, qui prendra sa place dans la for\u00eat . 150 \u0153uvres se trouvent dispers\u00e9es dans les bois pour une visite en plein air .<\/p>\n\n\n<div class=\"wp-block-image\">\n<figure class=\"aligncenter size-large is-resized\"><a href=\"https:\/\/www.altercampagne.net\/wp-content\/uploads\/2024\/09\/AT24_0807_Cap-Chanteraine_03.jpeg\"><img loading=\"lazy\" decoding=\"async\" width=\"1024\" height=\"640\" src=\"https:\/\/www.altercampagne.net\/wp-content\/uploads\/2024\/09\/AT24_0807_Cap-Chanteraine_03-1024x640.jpeg\" alt=\"\" class=\"wp-image-28681\" style=\"width:510px;height:auto\" srcset=\"https:\/\/www.altercampagne.net\/wp-content\/uploads\/2024\/09\/AT24_0807_Cap-Chanteraine_03-1024x640.jpeg 1024w, https:\/\/www.altercampagne.net\/wp-content\/uploads\/2024\/09\/AT24_0807_Cap-Chanteraine_03-300x188.jpeg 300w, https:\/\/www.altercampagne.net\/wp-content\/uploads\/2024\/09\/AT24_0807_Cap-Chanteraine_03-768x480.jpeg 768w, https:\/\/www.altercampagne.net\/wp-content\/uploads\/2024\/09\/AT24_0807_Cap-Chanteraine_03-100x63.jpeg 100w, https:\/\/www.altercampagne.net\/wp-content\/uploads\/2024\/09\/AT24_0807_Cap-Chanteraine_03-862x539.jpeg 862w, https:\/\/www.altercampagne.net\/wp-content\/uploads\/2024\/09\/AT24_0807_Cap-Chanteraine_03-1140x713.jpeg 1140w, https:\/\/www.altercampagne.net\/wp-content\/uploads\/2024\/09\/AT24_0807_Cap-Chanteraine_03.jpeg 1500w\" sizes=\"auto, (max-width: 1024px) 100vw, 1024px\" \/><\/a><\/figure>\n<\/div>\n\n\n<p>Apr\u00e8s cette exp\u00e9dition, d\u00e9gustation de glaces locales au caf\u00e9 du Vent des For\u00eats.<\/p>\n\n\n\n<h4 class=\"wp-block-heading\">C&rsquo;est une convergence<\/h4>\n\n\n\n<p>Suite de la soir\u00e9e \u00e0 la brasserie de la mandale avec l\u2019arriv\u00e9e de l\u2019<a href=\"https:\/\/inscriptions.altercampagne.net\/event\/echappee-belle-2024\"><strong>\u00c9chapp\u00e9e Belle<\/strong><\/a>.<\/p>\n\n\n\n<p><strong>Petit recap de la pr\u00e9sentation des diff\u00e9rentes associations locales :<\/strong><\/p>\n\n\n\n<ul class=\"wp-block-list\">\n<li>La brasserie artisanale La Mandale : elle a commenc\u00e9 en 2015 par un groupe de 3 copains qui brassait \u00e0 Chaillon et elle est devenue de plus en plus pro avec le temps. \u00c9galement membres de l\u2019association La Brouette et coloc les copains sont actuellement \u00e0 brasseurs \u00e0 mi-temps pour garder un mi-temps salari\u00e9 et rester \u00e0 taille humaine. La brasserie s\u2019est d\u00e9plac\u00e9e dans les anciens four \u00e0 chaux \u00e0 dompcevrin depuis 3 ans &#8211; <em>c\u2019est l\u00e0 que nous faisons la f\u00eate<\/em>. La production de bi\u00e8re augmente et a atteint 3000L de bi\u00e8re par mois. La plus locale possible elle est faite avec du houblon de Metz et des c\u00e9r\u00e9ales malt\u00e9es en Moselle. <em>Brasserie ouverte tous les vendredi<\/em><\/li>\n<\/ul>\n\n\n<div class=\"wp-block-image\">\n<figure class=\"aligncenter size-large is-resized\"><a href=\"https:\/\/www.altercampagne.net\/wp-content\/uploads\/2024\/09\/AT24_0807_Cap-Chanteraine_06.jpeg\"><img loading=\"lazy\" decoding=\"async\" width=\"1024\" height=\"571\" src=\"https:\/\/www.altercampagne.net\/wp-content\/uploads\/2024\/09\/AT24_0807_Cap-Chanteraine_06-1024x571.jpeg\" alt=\"\" class=\"wp-image-28684\" style=\"width:434px;height:auto\" srcset=\"https:\/\/www.altercampagne.net\/wp-content\/uploads\/2024\/09\/AT24_0807_Cap-Chanteraine_06-1024x571.jpeg 1024w, https:\/\/www.altercampagne.net\/wp-content\/uploads\/2024\/09\/AT24_0807_Cap-Chanteraine_06-300x167.jpeg 300w, https:\/\/www.altercampagne.net\/wp-content\/uploads\/2024\/09\/AT24_0807_Cap-Chanteraine_06-768x428.jpeg 768w, https:\/\/www.altercampagne.net\/wp-content\/uploads\/2024\/09\/AT24_0807_Cap-Chanteraine_06-100x56.jpeg 100w, https:\/\/www.altercampagne.net\/wp-content\/uploads\/2024\/09\/AT24_0807_Cap-Chanteraine_06-862x482.jpeg 862w, https:\/\/www.altercampagne.net\/wp-content\/uploads\/2024\/09\/AT24_0807_Cap-Chanteraine_06-1140x637.jpeg 1140w, https:\/\/www.altercampagne.net\/wp-content\/uploads\/2024\/09\/AT24_0807_Cap-Chanteraine_06.jpeg 1500w\" sizes=\"auto, (max-width: 1024px) 100vw, 1024px\" \/><\/a><\/figure>\n<\/div>\n\n\n<ul class=\"wp-block-list\">\n<li>L\u2019association\u00a0 Sotr\u00e9 et Potaillou\u00a0cr\u00e9\u00e9 en 2016 &#8211; <em>et pr\u00e9sent\u00e9e par cassandre<\/em> &#8211; organise un festival en juin tous les ans, \u00e0 la crois\u00e9e du march\u00e9 paysan et du super concert.\u00a0<\/li>\n\n\n\n<li>L\u2019association La Brouette\u00a0Coop\u00e9rative : elle regroupe le m\u00eame e noyau dur que la brasserie et sotre et potaillou. Elle a \u00e9t\u00e9 pens\u00e9e comme un lieu d\u2019\u00e9change pour promouvoir la paysannerie. Un bar associatif est ouvert tous les mercredis soir avec des soiree d\u00e9bats.<\/li>\n\n\n\n<li>Cap-Chantraine : le lieu qui nous accueil est un ancien moulin qui a vocation \u00e0 devenir une salle de spectacle\u00a0<\/li>\n\n\n\n<li>Mirabillos : collectif de paysans qui font des fruits depuis 10 ans. Elle aide \u00e9galement le passage en bio de vergers locaux<\/li>\n\n\n\n<li>L\u2019association Participe Pr\u00e9sent\u00a0 : elle a pour objectif le lien social et la transition \u00e9cologique local. Elle comprend notamment une recyclerie gratuite et une cuisine mobile.<\/li>\n\n\n\n<li>Le collectif Caf\u00e9 de la Transition : caf\u00e9 conf\u00e9rence d\u00e9bat, 5 fois par an.<\/li>\n<\/ul>\n\n\n<div class=\"wp-block-image\">\n<figure class=\"aligncenter size-large is-resized\"><a href=\"https:\/\/www.altercampagne.net\/wp-content\/uploads\/2024\/09\/AT24_0807_Cap-Chanteraine_07.jpeg\"><img loading=\"lazy\" decoding=\"async\" width=\"1024\" height=\"637\" src=\"https:\/\/www.altercampagne.net\/wp-content\/uploads\/2024\/09\/AT24_0807_Cap-Chanteraine_07-1024x637.jpeg\" alt=\"\" class=\"wp-image-28685\" style=\"width:481px;height:auto\" srcset=\"https:\/\/www.altercampagne.net\/wp-content\/uploads\/2024\/09\/AT24_0807_Cap-Chanteraine_07-1024x637.jpeg 1024w, https:\/\/www.altercampagne.net\/wp-content\/uploads\/2024\/09\/AT24_0807_Cap-Chanteraine_07-300x187.jpeg 300w, https:\/\/www.altercampagne.net\/wp-content\/uploads\/2024\/09\/AT24_0807_Cap-Chanteraine_07-768x478.jpeg 768w, https:\/\/www.altercampagne.net\/wp-content\/uploads\/2024\/09\/AT24_0807_Cap-Chanteraine_07-100x62.jpeg 100w, https:\/\/www.altercampagne.net\/wp-content\/uploads\/2024\/09\/AT24_0807_Cap-Chanteraine_07-862x536.jpeg 862w, https:\/\/www.altercampagne.net\/wp-content\/uploads\/2024\/09\/AT24_0807_Cap-Chanteraine_07-1140x709.jpeg 1140w, https:\/\/www.altercampagne.net\/wp-content\/uploads\/2024\/09\/AT24_0807_Cap-Chanteraine_07.jpeg 1500w\" sizes=\"auto, (max-width: 1024px) 100vw, 1024px\" \/><\/a><\/figure>\n<\/div>\n\n\n<p><strong><em>La soir\u00e9e s\u2019est poursuivie tard dans la nuit entre les acteur&rsquo;ices localaux, les altercyclistes et les <\/em><\/strong><b><i>\u00e9chapp\u00e9&rsquo;es<\/i><\/b>.<\/p>\n\n\n\n<p class=\"has-text-align-right\">Clara<\/p>\n","protected":false},"excerpt":{"rendered":"<p>La soir\u00e9e s\u2019est poursuivie tard dans la nuit entre les acteur&rsquo;ices localaux, les altercyclistes et les \u00e9chapp\u00e9&rsquo;es.<\/p>\n","protected":false},"author":215,"featured_media":28679,"comment_status":"closed","ping_status":"closed","sticky":false,"template":"","format":"standard","meta":{"footnotes":""},"categories":[3483,4313,4449,4037,3475,3486,3540,3932],"tags":[],"class_list":["post-28678","post","type-post","status-publish","format-standard","has-post-thumbnail","hentry","category-agriculture","category-altertour","category-edition-2024","category-biere","category-grand-est","category-environnement","category-transverse","category-velo"],"yoast_head":"<!-- This site is optimized with the Yoast SEO plugin v27.3 - https:\/\/yoast.com\/product\/yoast-seo-wordpress\/ -->\n<title>Saint-Mihiel, terre d&#039;asso - AlterTour<\/title>\n<meta name=\"robots\" content=\"index, follow, max-snippet:-1, max-image-preview:large, max-video-preview:-1\" \/>\n<link rel=\"canonical\" href=\"https:\/\/www.altercampagne.net\/?p=28678\" \/>\n<meta property=\"og:locale\" content=\"fr_FR\" \/>\n<meta property=\"og:type\" content=\"article\" \/>\n<meta property=\"og:title\" content=\"Saint-Mihiel, terre d&#039;asso - AlterTour\" \/>\n<meta property=\"og:description\" content=\"La soir\u00e9e s\u2019est poursuivie tard dans la nuit entre les acteur&#039;ices localaux, les altercyclistes et les \u00e9chapp\u00e9&#039;es.\" \/>\n<meta property=\"og:url\" content=\"https:\/\/www.altercampagne.net\/?p=28678\" \/>\n<meta property=\"og:site_name\" content=\"AlterTour\" \/>\n<meta property=\"article:published_time\" content=\"2024-08-07T14:31:40+00:00\" \/>\n<meta property=\"article:modified_time\" content=\"2024-09-01T15:03:04+00:00\" \/>\n<meta property=\"og:image\" content=\"https:\/\/www.altercampagne.net\/wp-content\/uploads\/2024\/09\/AT24_0807_Cap-Chanteraine_01.jpeg\" \/>\n\t<meta property=\"og:image:width\" content=\"1500\" \/>\n\t<meta property=\"og:image:height\" content=\"938\" \/>\n\t<meta property=\"og:image:type\" content=\"image\/jpeg\" \/>\n<meta name=\"author\" content=\"AlterTour\" \/>\n<meta name=\"twitter:card\" content=\"summary_large_image\" \/>\n<meta name=\"twitter:label1\" content=\"\u00c9crit par\" \/>\n\t<meta name=\"twitter:data1\" content=\"AlterTour\" \/>\n\t<meta name=\"twitter:label2\" content=\"Dur\u00e9e de lecture estim\u00e9e\" \/>\n\t<meta name=\"twitter:data2\" content=\"4 minutes\" \/>\n<script type=\"application\/ld+json\" class=\"yoast-schema-graph\">{\"@context\":\"https:\\\/\\\/schema.org\",\"@graph\":[{\"@type\":\"Article\",\"@id\":\"https:\\\/\\\/www.altercampagne.net\\\/?p=28678#article\",\"isPartOf\":{\"@id\":\"https:\\\/\\\/www.altercampagne.net\\\/?p=28678\"},\"author\":{\"name\":\"AlterTour\",\"@id\":\"https:\\\/\\\/www.altercampagne.net\\\/#\\\/schema\\\/person\\\/e5b68c803196f649c2152249d262d94a\"},\"headline\":\"Saint-Mihiel, terre d&rsquo;asso\",\"datePublished\":\"2024-08-07T14:31:40+00:00\",\"dateModified\":\"2024-09-01T15:03:04+00:00\",\"mainEntityOfPage\":{\"@id\":\"https:\\\/\\\/www.altercampagne.net\\\/?p=28678\"},\"wordCount\":502,\"image\":{\"@id\":\"https:\\\/\\\/www.altercampagne.net\\\/?p=28678#primaryimage\"},\"thumbnailUrl\":\"https:\\\/\\\/www.altercampagne.net\\\/wp-content\\\/uploads\\\/2024\\\/09\\\/AT24_0807_Cap-Chanteraine_01.jpeg\",\"articleSection\":[\"Agriculture\",\"AlterTour\",\"\u00c9dition 2024\",\"Bi\u00e8re\",\"Grand Est\",\"Environnement\",\"Transverse\",\"V\u00e9lo\"],\"inLanguage\":\"fr-FR\"},{\"@type\":\"WebPage\",\"@id\":\"https:\\\/\\\/www.altercampagne.net\\\/?p=28678\",\"url\":\"https:\\\/\\\/www.altercampagne.net\\\/?p=28678\",\"name\":\"Saint-Mihiel, terre d'asso - AlterTour\",\"isPartOf\":{\"@id\":\"https:\\\/\\\/www.altercampagne.net\\\/#website\"},\"primaryImageOfPage\":{\"@id\":\"https:\\\/\\\/www.altercampagne.net\\\/?p=28678#primaryimage\"},\"image\":{\"@id\":\"https:\\\/\\\/www.altercampagne.net\\\/?p=28678#primaryimage\"},\"thumbnailUrl\":\"https:\\\/\\\/www.altercampagne.net\\\/wp-content\\\/uploads\\\/2024\\\/09\\\/AT24_0807_Cap-Chanteraine_01.jpeg\",\"datePublished\":\"2024-08-07T14:31:40+00:00\",\"dateModified\":\"2024-09-01T15:03:04+00:00\",\"author\":{\"@id\":\"https:\\\/\\\/www.altercampagne.net\\\/#\\\/schema\\\/person\\\/e5b68c803196f649c2152249d262d94a\"},\"breadcrumb\":{\"@id\":\"https:\\\/\\\/www.altercampagne.net\\\/?p=28678#breadcrumb\"},\"inLanguage\":\"fr-FR\",\"potentialAction\":[{\"@type\":\"ReadAction\",\"target\":[\"https:\\\/\\\/www.altercampagne.net\\\/?p=28678\"]}]},{\"@type\":\"ImageObject\",\"inLanguage\":\"fr-FR\",\"@id\":\"https:\\\/\\\/www.altercampagne.net\\\/?p=28678#primaryimage\",\"url\":\"https:\\\/\\\/www.altercampagne.net\\\/wp-content\\\/uploads\\\/2024\\\/09\\\/AT24_0807_Cap-Chanteraine_01.jpeg\",\"contentUrl\":\"https:\\\/\\\/www.altercampagne.net\\\/wp-content\\\/uploads\\\/2024\\\/09\\\/AT24_0807_Cap-Chanteraine_01.jpeg\",\"width\":1500,\"height\":938},{\"@type\":\"BreadcrumbList\",\"@id\":\"https:\\\/\\\/www.altercampagne.net\\\/?p=28678#breadcrumb\",\"itemListElement\":[{\"@type\":\"ListItem\",\"position\":1,\"name\":\"Accueil\",\"item\":\"https:\\\/\\\/www.altercampagne.net\\\/\"},{\"@type\":\"ListItem\",\"position\":2,\"name\":\"Saint-Mihiel, terre d&rsquo;asso\"}]},{\"@type\":\"WebSite\",\"@id\":\"https:\\\/\\\/www.altercampagne.net\\\/#website\",\"url\":\"https:\\\/\\\/www.altercampagne.net\\\/\",\"name\":\"AlterTour\",\"description\":\"Reliez les Alternatives \u00e0 v\u00e9lo\",\"potentialAction\":[{\"@type\":\"SearchAction\",\"target\":{\"@type\":\"EntryPoint\",\"urlTemplate\":\"https:\\\/\\\/www.altercampagne.net\\\/?s={search_term_string}\"},\"query-input\":{\"@type\":\"PropertyValueSpecification\",\"valueRequired\":true,\"valueName\":\"search_term_string\"}}],\"inLanguage\":\"fr-FR\"},{\"@type\":\"Person\",\"@id\":\"https:\\\/\\\/www.altercampagne.net\\\/#\\\/schema\\\/person\\\/e5b68c803196f649c2152249d262d94a\",\"name\":\"AlterTour\",\"image\":{\"@type\":\"ImageObject\",\"inLanguage\":\"fr-FR\",\"@id\":\"https:\\\/\\\/secure.gravatar.com\\\/avatar\\\/3f2ed77f8506b8ea264ad5938bb0114bfa10f35b64086a66dfbb6e9f58ad9693?s=96&d=mm&r=g\",\"url\":\"https:\\\/\\\/secure.gravatar.com\\\/avatar\\\/3f2ed77f8506b8ea264ad5938bb0114bfa10f35b64086a66dfbb6e9f58ad9693?s=96&d=mm&r=g\",\"contentUrl\":\"https:\\\/\\\/secure.gravatar.com\\\/avatar\\\/3f2ed77f8506b8ea264ad5938bb0114bfa10f35b64086a66dfbb6e9f58ad9693?s=96&d=mm&r=g\",\"caption\":\"AlterTour\"},\"url\":\"https:\\\/\\\/www.altercampagne.net\\\/?author=215\"}]}<\/script>\n<!-- \/ Yoast SEO plugin. -->","yoast_head_json":{"title":"Saint-Mihiel, terre d'asso - AlterTour","robots":{"index":"index","follow":"follow","max-snippet":"max-snippet:-1","max-image-preview":"max-image-preview:large","max-video-preview":"max-video-preview:-1"},"canonical":"https:\/\/www.altercampagne.net\/?p=28678","og_locale":"fr_FR","og_type":"article","og_title":"Saint-Mihiel, terre d'asso - AlterTour","og_description":"La soir\u00e9e s\u2019est poursuivie tard dans la nuit entre les acteur'ices localaux, les altercyclistes et les \u00e9chapp\u00e9'es.","og_url":"https:\/\/www.altercampagne.net\/?p=28678","og_site_name":"AlterTour","article_published_time":"2024-08-07T14:31:40+00:00","article_modified_time":"2024-09-01T15:03:04+00:00","og_image":[{"width":1500,"height":938,"url":"https:\/\/www.altercampagne.net\/wp-content\/uploads\/2024\/09\/AT24_0807_Cap-Chanteraine_01.jpeg","type":"image\/jpeg"}],"author":"AlterTour","twitter_card":"summary_large_image","twitter_misc":{"\u00c9crit par":"AlterTour","Dur\u00e9e de lecture estim\u00e9e":"4 minutes"},"schema":{"@context":"https:\/\/schema.org","@graph":[{"@type":"Article","@id":"https:\/\/www.altercampagne.net\/?p=28678#article","isPartOf":{"@id":"https:\/\/www.altercampagne.net\/?p=28678"},"author":{"name":"AlterTour","@id":"https:\/\/www.altercampagne.net\/#\/schema\/person\/e5b68c803196f649c2152249d262d94a"},"headline":"Saint-Mihiel, terre d&rsquo;asso","datePublished":"2024-08-07T14:31:40+00:00","dateModified":"2024-09-01T15:03:04+00:00","mainEntityOfPage":{"@id":"https:\/\/www.altercampagne.net\/?p=28678"},"wordCount":502,"image":{"@id":"https:\/\/www.altercampagne.net\/?p=28678#primaryimage"},"thumbnailUrl":"https:\/\/www.altercampagne.net\/wp-content\/uploads\/2024\/09\/AT24_0807_Cap-Chanteraine_01.jpeg","articleSection":["Agriculture","AlterTour","\u00c9dition 2024","Bi\u00e8re","Grand Est","Environnement","Transverse","V\u00e9lo"],"inLanguage":"fr-FR"},{"@type":"WebPage","@id":"https:\/\/www.altercampagne.net\/?p=28678","url":"https:\/\/www.altercampagne.net\/?p=28678","name":"Saint-Mihiel, terre d'asso - AlterTour","isPartOf":{"@id":"https:\/\/www.altercampagne.net\/#website"},"primaryImageOfPage":{"@id":"https:\/\/www.altercampagne.net\/?p=28678#primaryimage"},"image":{"@id":"https:\/\/www.altercampagne.net\/?p=28678#primaryimage"},"thumbnailUrl":"https:\/\/www.altercampagne.net\/wp-content\/uploads\/2024\/09\/AT24_0807_Cap-Chanteraine_01.jpeg","datePublished":"2024-08-07T14:31:40+00:00","dateModified":"2024-09-01T15:03:04+00:00","author":{"@id":"https:\/\/www.altercampagne.net\/#\/schema\/person\/e5b68c803196f649c2152249d262d94a"},"breadcrumb":{"@id":"https:\/\/www.altercampagne.net\/?p=28678#breadcrumb"},"inLanguage":"fr-FR","potentialAction":[{"@type":"ReadAction","target":["https:\/\/www.altercampagne.net\/?p=28678"]}]},{"@type":"ImageObject","inLanguage":"fr-FR","@id":"https:\/\/www.altercampagne.net\/?p=28678#primaryimage","url":"https:\/\/www.altercampagne.net\/wp-content\/uploads\/2024\/09\/AT24_0807_Cap-Chanteraine_01.jpeg","contentUrl":"https:\/\/www.altercampagne.net\/wp-content\/uploads\/2024\/09\/AT24_0807_Cap-Chanteraine_01.jpeg","width":1500,"height":938},{"@type":"BreadcrumbList","@id":"https:\/\/www.altercampagne.net\/?p=28678#breadcrumb","itemListElement":[{"@type":"ListItem","position":1,"name":"Accueil","item":"https:\/\/www.altercampagne.net\/"},{"@type":"ListItem","position":2,"name":"Saint-Mihiel, terre d&rsquo;asso"}]},{"@type":"WebSite","@id":"https:\/\/www.altercampagne.net\/#website","url":"https:\/\/www.altercampagne.net\/","name":"AlterTour","description":"Reliez les Alternatives \u00e0 v\u00e9lo","potentialAction":[{"@type":"SearchAction","target":{"@type":"EntryPoint","urlTemplate":"https:\/\/www.altercampagne.net\/?s={search_term_string}"},"query-input":{"@type":"PropertyValueSpecification","valueRequired":true,"valueName":"search_term_string"}}],"inLanguage":"fr-FR"},{"@type":"Person","@id":"https:\/\/www.altercampagne.net\/#\/schema\/person\/e5b68c803196f649c2152249d262d94a","name":"AlterTour","image":{"@type":"ImageObject","inLanguage":"fr-FR","@id":"https:\/\/secure.gravatar.com\/avatar\/3f2ed77f8506b8ea264ad5938bb0114bfa10f35b64086a66dfbb6e9f58ad9693?s=96&d=mm&r=g","url":"https:\/\/secure.gravatar.com\/avatar\/3f2ed77f8506b8ea264ad5938bb0114bfa10f35b64086a66dfbb6e9f58ad9693?s=96&d=mm&r=g","contentUrl":"https:\/\/secure.gravatar.com\/avatar\/3f2ed77f8506b8ea264ad5938bb0114bfa10f35b64086a66dfbb6e9f58ad9693?s=96&d=mm&r=g","caption":"AlterTour"},"url":"https:\/\/www.altercampagne.net\/?author=215"}]}},"_links":{"self":[{"href":"https:\/\/www.altercampagne.net\/index.php?rest_route=\/wp\/v2\/posts\/28678","targetHints":{"allow":["GET"]}}],"collection":[{"href":"https:\/\/www.altercampagne.net\/index.php?rest_route=\/wp\/v2\/posts"}],"about":[{"href":"https:\/\/www.altercampagne.net\/index.php?rest_route=\/wp\/v2\/types\/post"}],"author":[{"embeddable":true,"href":"https:\/\/www.altercampagne.net\/index.php?rest_route=\/wp\/v2\/users\/215"}],"replies":[{"embeddable":true,"href":"https:\/\/www.altercampagne.net\/index.php?rest_route=%2Fwp%2Fv2%2Fcomments&post=28678"}],"version-history":[{"count":3,"href":"https:\/\/www.altercampagne.net\/index.php?rest_route=\/wp\/v2\/posts\/28678\/revisions"}],"predecessor-version":[{"id":28688,"href":"https:\/\/www.altercampagne.net\/index.php?rest_route=\/wp\/v2\/posts\/28678\/revisions\/28688"}],"wp:featuredmedia":[{"embeddable":true,"href":"https:\/\/www.altercampagne.net\/index.php?rest_route=\/wp\/v2\/media\/28679"}],"wp:attachment":[{"href":"https:\/\/www.altercampagne.net\/index.php?rest_route=%2Fwp%2Fv2%2Fmedia&parent=28678"}],"wp:term":[{"taxonomy":"category","embeddable":true,"href":"https:\/\/www.altercampagne.net\/index.php?rest_route=%2Fwp%2Fv2%2Fcategories&post=28678"},{"taxonomy":"post_tag","embeddable":true,"href":"https:\/\/www.altercampagne.net\/index.php?rest_route=%2Fwp%2Fv2%2Ftags&post=28678"}],"curies":[{"name":"wp","href":"https:\/\/api.w.org\/{rel}","templated":true}]}}