{"id":28693,"date":"2024-08-10T17:19:18","date_gmt":"2024-08-10T15:19:18","guid":{"rendered":"https:\/\/www.altercampagne.net\/?p=28693"},"modified":"2024-09-01T17:36:40","modified_gmt":"2024-09-01T15:36:40","slug":"une-altercycliste-sans-occupation","status":"publish","type":"post","link":"https:\/\/www.altercampagne.net\/?p=28693","title":{"rendered":"Un&rsquo;e Altercycliste sans occupation &#8230; ?"},"content":{"rendered":"\n<p><strong><em>Que font les cyclistes de l&rsquo;AlterTour, quand ils et elles ne rencontrent pas d&rsquo;alternative\u00a0? Ce ne sont pas les id\u00e9es qui manquent\u00a0!<\/em><\/strong>\u00a0<\/p>\n\n\n<div class=\"wp-block-image\">\n<figure class=\"aligncenter size-large is-resized\"><a href=\"https:\/\/www.altercampagne.net\/wp-content\/uploads\/2024\/09\/AT24_0810_Dun-sur-Meuse_05.jpg\"><img loading=\"lazy\" decoding=\"async\" width=\"1024\" height=\"1024\" src=\"https:\/\/www.altercampagne.net\/wp-content\/uploads\/2024\/09\/AT24_0810_Dun-sur-Meuse_05-1024x1024.jpg\" alt=\"\" class=\"wp-image-28698\" style=\"width:366px;height:auto\" srcset=\"https:\/\/www.altercampagne.net\/wp-content\/uploads\/2024\/09\/AT24_0810_Dun-sur-Meuse_05-1024x1024.jpg 1024w, https:\/\/www.altercampagne.net\/wp-content\/uploads\/2024\/09\/AT24_0810_Dun-sur-Meuse_05-300x300.jpg 300w, https:\/\/www.altercampagne.net\/wp-content\/uploads\/2024\/09\/AT24_0810_Dun-sur-Meuse_05-150x150.jpg 150w, https:\/\/www.altercampagne.net\/wp-content\/uploads\/2024\/09\/AT24_0810_Dun-sur-Meuse_05-768x768.jpg 768w, https:\/\/www.altercampagne.net\/wp-content\/uploads\/2024\/09\/AT24_0810_Dun-sur-Meuse_05-100x100.jpg 100w, https:\/\/www.altercampagne.net\/wp-content\/uploads\/2024\/09\/AT24_0810_Dun-sur-Meuse_05-862x862.jpg 862w, https:\/\/www.altercampagne.net\/wp-content\/uploads\/2024\/09\/AT24_0810_Dun-sur-Meuse_05-1140x1140.jpg 1140w, https:\/\/www.altercampagne.net\/wp-content\/uploads\/2024\/09\/AT24_0810_Dun-sur-Meuse_05.jpg 1200w\" sizes=\"auto, (max-width: 1024px) 100vw, 1024px\" \/><\/a><\/figure>\n<\/div>\n\n\n<p><strong>La halte du jour<\/strong>, atteinte avant le d\u00e9jeuner, est au camping du lac vert \u00e0 Dun-sur-Meuse, faute d&rsquo;alternative pour nous accueillir et pour \u00e9viter une \u00e9tape trop longue. <br><strong>Dommage\u00a0?<\/strong> Pas vraiment\u00a0! Tout le monde se r\u00e9jouit de prendre une vraie douche, de pouvoir faire sa lessive sans louper d&rsquo;activit\u00e9s, ou simplement de se reposer, au sein d&rsquo;un s\u00e9jour parfois intense et, sous ce grand soleil, physiquement \u00e9prouvant. <\/p>\n\n\n<div class=\"wp-block-image\">\n<figure class=\"aligncenter size-large is-resized\"><a href=\"https:\/\/www.altercampagne.net\/wp-content\/uploads\/2024\/09\/AT24_0810_Dun-sur-Meuse_04.jpg\"><img loading=\"lazy\" decoding=\"async\" width=\"1024\" height=\"512\" src=\"https:\/\/www.altercampagne.net\/wp-content\/uploads\/2024\/09\/AT24_0810_Dun-sur-Meuse_04-1024x512.jpg\" alt=\"\" class=\"wp-image-28697\" style=\"width:608px;height:auto\" srcset=\"https:\/\/www.altercampagne.net\/wp-content\/uploads\/2024\/09\/AT24_0810_Dun-sur-Meuse_04-1024x512.jpg 1024w, https:\/\/www.altercampagne.net\/wp-content\/uploads\/2024\/09\/AT24_0810_Dun-sur-Meuse_04-300x150.jpg 300w, https:\/\/www.altercampagne.net\/wp-content\/uploads\/2024\/09\/AT24_0810_Dun-sur-Meuse_04-768x384.jpg 768w, https:\/\/www.altercampagne.net\/wp-content\/uploads\/2024\/09\/AT24_0810_Dun-sur-Meuse_04-1536x768.jpg 1536w, https:\/\/www.altercampagne.net\/wp-content\/uploads\/2024\/09\/AT24_0810_Dun-sur-Meuse_04-100x50.jpg 100w, https:\/\/www.altercampagne.net\/wp-content\/uploads\/2024\/09\/AT24_0810_Dun-sur-Meuse_04-862x431.jpg 862w, https:\/\/www.altercampagne.net\/wp-content\/uploads\/2024\/09\/AT24_0810_Dun-sur-Meuse_04-1140x570.jpg 1140w, https:\/\/www.altercampagne.net\/wp-content\/uploads\/2024\/09\/AT24_0810_Dun-sur-Meuse_04.jpg 1800w\" sizes=\"auto, (max-width: 1024px) 100vw, 1024px\" \/><\/a><\/figure>\n<\/div>\n\n\n<p><strong>Les propositions d&rsquo;activit\u00e9s sont cependant nombreuses\u00a0:<\/strong> c&rsquo;est l&rsquo;occasion pour les membres du Tour de partager leurs passions sous forme d&rsquo;ateliers et de discussions, et pour les autres de d\u00e9couvrir et d&rsquo;apprendre. <br>Au programme en cette apr\u00e8s-midi ensoleill\u00e9e\u00a0: <strong>auto-r\u00e9paration de v\u00e9los<\/strong>, atelier sur la <strong>communication non-violente<\/strong>, <strong>jeux de soci\u00e9t\u00e9<\/strong>, <strong>arpentage<\/strong> de livre et, non des moindres, <strong>conduite des v\u00e9hicules<\/strong> qui accompagnent le Tour. Le format du camion Iveco et et la remorque du mini-bus peuvent effaroucher les conducteurices non expert.es, mais ils peuvent \u00eatre conduits par tout le monde (en possession du permis de conduire!) <\/p>\n\n\n\n<p><strong><em>En marge de ce programme officiel, les ateliers baignade et sieste ont \u00e9galement eu beaucoup de succ\u00e8s\u00a0!<\/em><\/strong><\/p>\n\n\n\n<p>Apr\u00e8s le d\u00eener, c&rsquo;est le moment du <strong>cercle de paroles<\/strong> : dans l&rsquo;\u00e9coute, sans discussion, chaque personne peut s&rsquo;exprimer, dire ce qu&rsquo;il ou elle a sur le c\u0153ur, partager peines et joies, reconnaissance et inspirations. <\/p>\n\n\n\n<p><strong><em>Somme toute, une journ\u00e9e qui permet de prendre soin de soi et du groupe, c&rsquo;est aussi \u00e7a, l&rsquo;essence de l&rsquo;AlterTour.<\/em><\/strong><\/p>\n","protected":false},"excerpt":{"rendered":"<p>En marge de ce programme officiel, les ateliers baignade et sieste ont \u00e9galement eu beaucoup de succ\u00e8s\u00a0!<\/p>\n","protected":false},"author":353,"featured_media":28699,"comment_status":"closed","ping_status":"closed","sticky":false,"template":"","format":"standard","meta":{"footnotes":""},"categories":[4313,4449,3475,3540,3932],"tags":[],"class_list":["post-28693","post","type-post","status-publish","format-standard","has-post-thumbnail","hentry","category-altertour","category-edition-2024","category-grand-est","category-transverse","category-velo"],"yoast_head":"<!-- This site is optimized with the Yoast SEO plugin v27.3 - https:\/\/yoast.com\/product\/yoast-seo-wordpress\/ -->\n<title>Un&#039;e Altercycliste sans occupation ... ? - AlterTour<\/title>\n<meta name=\"robots\" content=\"index, follow, max-snippet:-1, max-image-preview:large, max-video-preview:-1\" \/>\n<link rel=\"canonical\" href=\"https:\/\/www.altercampagne.net\/?p=28693\" \/>\n<meta property=\"og:locale\" content=\"fr_FR\" \/>\n<meta property=\"og:type\" content=\"article\" \/>\n<meta property=\"og:title\" content=\"Un&#039;e Altercycliste sans occupation ... ? - AlterTour\" \/>\n<meta property=\"og:description\" content=\"En marge de ce programme officiel, les ateliers baignade et sieste ont \u00e9galement eu beaucoup de succ\u00e8s\u00a0!\" \/>\n<meta property=\"og:url\" content=\"https:\/\/www.altercampagne.net\/?p=28693\" \/>\n<meta property=\"og:site_name\" content=\"AlterTour\" \/>\n<meta property=\"article:published_time\" content=\"2024-08-10T15:19:18+00:00\" \/>\n<meta property=\"article:modified_time\" content=\"2024-09-01T15:36:40+00:00\" \/>\n<meta property=\"og:image\" content=\"https:\/\/www.altercampagne.net\/wp-content\/uploads\/2024\/09\/AT24_0810_Dun-sur-Meuse_06.jpg\" \/>\n\t<meta property=\"og:image:width\" content=\"1800\" \/>\n\t<meta property=\"og:image:height\" content=\"1174\" \/>\n\t<meta property=\"og:image:type\" content=\"image\/jpeg\" \/>\n<meta name=\"author\" content=\"Carlotta\" \/>\n<meta name=\"twitter:card\" content=\"summary_large_image\" \/>\n<meta name=\"twitter:label1\" content=\"\u00c9crit par\" \/>\n\t<meta name=\"twitter:data1\" content=\"Carlotta\" \/>\n\t<meta name=\"twitter:label2\" content=\"Dur\u00e9e de lecture estim\u00e9e\" \/>\n\t<meta name=\"twitter:data2\" content=\"2 minutes\" \/>\n<script type=\"application\/ld+json\" class=\"yoast-schema-graph\">{\"@context\":\"https:\\\/\\\/schema.org\",\"@graph\":[{\"@type\":\"Article\",\"@id\":\"https:\\\/\\\/www.altercampagne.net\\\/?p=28693#article\",\"isPartOf\":{\"@id\":\"https:\\\/\\\/www.altercampagne.net\\\/?p=28693\"},\"author\":{\"name\":\"Carlotta\",\"@id\":\"https:\\\/\\\/www.altercampagne.net\\\/#\\\/schema\\\/person\\\/0310e7930636785dabf8b7cab925c7eb\"},\"headline\":\"Un&rsquo;e Altercycliste sans occupation &#8230; ?\",\"datePublished\":\"2024-08-10T15:19:18+00:00\",\"dateModified\":\"2024-09-01T15:36:40+00:00\",\"mainEntityOfPage\":{\"@id\":\"https:\\\/\\\/www.altercampagne.net\\\/?p=28693\"},\"wordCount\":294,\"image\":{\"@id\":\"https:\\\/\\\/www.altercampagne.net\\\/?p=28693#primaryimage\"},\"thumbnailUrl\":\"https:\\\/\\\/www.altercampagne.net\\\/wp-content\\\/uploads\\\/2024\\\/09\\\/AT24_0810_Dun-sur-Meuse_06.jpg\",\"articleSection\":[\"AlterTour\",\"\u00c9dition 2024\",\"Grand Est\",\"Transverse\",\"V\u00e9lo\"],\"inLanguage\":\"fr-FR\"},{\"@type\":\"WebPage\",\"@id\":\"https:\\\/\\\/www.altercampagne.net\\\/?p=28693\",\"url\":\"https:\\\/\\\/www.altercampagne.net\\\/?p=28693\",\"name\":\"Un'e Altercycliste sans occupation ... ? - AlterTour\",\"isPartOf\":{\"@id\":\"https:\\\/\\\/www.altercampagne.net\\\/#website\"},\"primaryImageOfPage\":{\"@id\":\"https:\\\/\\\/www.altercampagne.net\\\/?p=28693#primaryimage\"},\"image\":{\"@id\":\"https:\\\/\\\/www.altercampagne.net\\\/?p=28693#primaryimage\"},\"thumbnailUrl\":\"https:\\\/\\\/www.altercampagne.net\\\/wp-content\\\/uploads\\\/2024\\\/09\\\/AT24_0810_Dun-sur-Meuse_06.jpg\",\"datePublished\":\"2024-08-10T15:19:18+00:00\",\"dateModified\":\"2024-09-01T15:36:40+00:00\",\"author\":{\"@id\":\"https:\\\/\\\/www.altercampagne.net\\\/#\\\/schema\\\/person\\\/0310e7930636785dabf8b7cab925c7eb\"},\"breadcrumb\":{\"@id\":\"https:\\\/\\\/www.altercampagne.net\\\/?p=28693#breadcrumb\"},\"inLanguage\":\"fr-FR\",\"potentialAction\":[{\"@type\":\"ReadAction\",\"target\":[\"https:\\\/\\\/www.altercampagne.net\\\/?p=28693\"]}]},{\"@type\":\"ImageObject\",\"inLanguage\":\"fr-FR\",\"@id\":\"https:\\\/\\\/www.altercampagne.net\\\/?p=28693#primaryimage\",\"url\":\"https:\\\/\\\/www.altercampagne.net\\\/wp-content\\\/uploads\\\/2024\\\/09\\\/AT24_0810_Dun-sur-Meuse_06.jpg\",\"contentUrl\":\"https:\\\/\\\/www.altercampagne.net\\\/wp-content\\\/uploads\\\/2024\\\/09\\\/AT24_0810_Dun-sur-Meuse_06.jpg\",\"width\":1800,\"height\":1174,\"caption\":\"OLYMPUS DIGITAL CAMERA\"},{\"@type\":\"BreadcrumbList\",\"@id\":\"https:\\\/\\\/www.altercampagne.net\\\/?p=28693#breadcrumb\",\"itemListElement\":[{\"@type\":\"ListItem\",\"position\":1,\"name\":\"Accueil\",\"item\":\"https:\\\/\\\/www.altercampagne.net\\\/\"},{\"@type\":\"ListItem\",\"position\":2,\"name\":\"Un&rsquo;e Altercycliste sans occupation &#8230; ?\"}]},{\"@type\":\"WebSite\",\"@id\":\"https:\\\/\\\/www.altercampagne.net\\\/#website\",\"url\":\"https:\\\/\\\/www.altercampagne.net\\\/\",\"name\":\"AlterTour\",\"description\":\"Reliez les Alternatives \u00e0 v\u00e9lo\",\"potentialAction\":[{\"@type\":\"SearchAction\",\"target\":{\"@type\":\"EntryPoint\",\"urlTemplate\":\"https:\\\/\\\/www.altercampagne.net\\\/?s={search_term_string}\"},\"query-input\":{\"@type\":\"PropertyValueSpecification\",\"valueRequired\":true,\"valueName\":\"search_term_string\"}}],\"inLanguage\":\"fr-FR\"},{\"@type\":\"Person\",\"@id\":\"https:\\\/\\\/www.altercampagne.net\\\/#\\\/schema\\\/person\\\/0310e7930636785dabf8b7cab925c7eb\",\"name\":\"Carlotta\",\"image\":{\"@type\":\"ImageObject\",\"inLanguage\":\"fr-FR\",\"@id\":\"https:\\\/\\\/secure.gravatar.com\\\/avatar\\\/cc861900b0b9ebc1644628dd5f6a1e2c62c8981e43f2d98c9e810ead5846c34c?s=96&d=mm&r=g\",\"url\":\"https:\\\/\\\/secure.gravatar.com\\\/avatar\\\/cc861900b0b9ebc1644628dd5f6a1e2c62c8981e43f2d98c9e810ead5846c34c?s=96&d=mm&r=g\",\"contentUrl\":\"https:\\\/\\\/secure.gravatar.com\\\/avatar\\\/cc861900b0b9ebc1644628dd5f6a1e2c62c8981e43f2d98c9e810ead5846c34c?s=96&d=mm&r=g\",\"caption\":\"Carlotta\"},\"url\":\"https:\\\/\\\/www.altercampagne.net\\\/?author=353\"}]}<\/script>\n<!-- \/ Yoast SEO plugin. -->","yoast_head_json":{"title":"Un'e Altercycliste sans occupation ... ? - AlterTour","robots":{"index":"index","follow":"follow","max-snippet":"max-snippet:-1","max-image-preview":"max-image-preview:large","max-video-preview":"max-video-preview:-1"},"canonical":"https:\/\/www.altercampagne.net\/?p=28693","og_locale":"fr_FR","og_type":"article","og_title":"Un'e Altercycliste sans occupation ... ? - AlterTour","og_description":"En marge de ce programme officiel, les ateliers baignade et sieste ont \u00e9galement eu beaucoup de succ\u00e8s\u00a0!","og_url":"https:\/\/www.altercampagne.net\/?p=28693","og_site_name":"AlterTour","article_published_time":"2024-08-10T15:19:18+00:00","article_modified_time":"2024-09-01T15:36:40+00:00","og_image":[{"width":1800,"height":1174,"url":"https:\/\/www.altercampagne.net\/wp-content\/uploads\/2024\/09\/AT24_0810_Dun-sur-Meuse_06.jpg","type":"image\/jpeg"}],"author":"Carlotta","twitter_card":"summary_large_image","twitter_misc":{"\u00c9crit par":"Carlotta","Dur\u00e9e de lecture estim\u00e9e":"2 minutes"},"schema":{"@context":"https:\/\/schema.org","@graph":[{"@type":"Article","@id":"https:\/\/www.altercampagne.net\/?p=28693#article","isPartOf":{"@id":"https:\/\/www.altercampagne.net\/?p=28693"},"author":{"name":"Carlotta","@id":"https:\/\/www.altercampagne.net\/#\/schema\/person\/0310e7930636785dabf8b7cab925c7eb"},"headline":"Un&rsquo;e Altercycliste sans occupation &#8230; ?","datePublished":"2024-08-10T15:19:18+00:00","dateModified":"2024-09-01T15:36:40+00:00","mainEntityOfPage":{"@id":"https:\/\/www.altercampagne.net\/?p=28693"},"wordCount":294,"image":{"@id":"https:\/\/www.altercampagne.net\/?p=28693#primaryimage"},"thumbnailUrl":"https:\/\/www.altercampagne.net\/wp-content\/uploads\/2024\/09\/AT24_0810_Dun-sur-Meuse_06.jpg","articleSection":["AlterTour","\u00c9dition 2024","Grand Est","Transverse","V\u00e9lo"],"inLanguage":"fr-FR"},{"@type":"WebPage","@id":"https:\/\/www.altercampagne.net\/?p=28693","url":"https:\/\/www.altercampagne.net\/?p=28693","name":"Un'e Altercycliste sans occupation ... ? - AlterTour","isPartOf":{"@id":"https:\/\/www.altercampagne.net\/#website"},"primaryImageOfPage":{"@id":"https:\/\/www.altercampagne.net\/?p=28693#primaryimage"},"image":{"@id":"https:\/\/www.altercampagne.net\/?p=28693#primaryimage"},"thumbnailUrl":"https:\/\/www.altercampagne.net\/wp-content\/uploads\/2024\/09\/AT24_0810_Dun-sur-Meuse_06.jpg","datePublished":"2024-08-10T15:19:18+00:00","dateModified":"2024-09-01T15:36:40+00:00","author":{"@id":"https:\/\/www.altercampagne.net\/#\/schema\/person\/0310e7930636785dabf8b7cab925c7eb"},"breadcrumb":{"@id":"https:\/\/www.altercampagne.net\/?p=28693#breadcrumb"},"inLanguage":"fr-FR","potentialAction":[{"@type":"ReadAction","target":["https:\/\/www.altercampagne.net\/?p=28693"]}]},{"@type":"ImageObject","inLanguage":"fr-FR","@id":"https:\/\/www.altercampagne.net\/?p=28693#primaryimage","url":"https:\/\/www.altercampagne.net\/wp-content\/uploads\/2024\/09\/AT24_0810_Dun-sur-Meuse_06.jpg","contentUrl":"https:\/\/www.altercampagne.net\/wp-content\/uploads\/2024\/09\/AT24_0810_Dun-sur-Meuse_06.jpg","width":1800,"height":1174,"caption":"OLYMPUS DIGITAL CAMERA"},{"@type":"BreadcrumbList","@id":"https:\/\/www.altercampagne.net\/?p=28693#breadcrumb","itemListElement":[{"@type":"ListItem","position":1,"name":"Accueil","item":"https:\/\/www.altercampagne.net\/"},{"@type":"ListItem","position":2,"name":"Un&rsquo;e Altercycliste sans occupation &#8230; ?"}]},{"@type":"WebSite","@id":"https:\/\/www.altercampagne.net\/#website","url":"https:\/\/www.altercampagne.net\/","name":"AlterTour","description":"Reliez les Alternatives \u00e0 v\u00e9lo","potentialAction":[{"@type":"SearchAction","target":{"@type":"EntryPoint","urlTemplate":"https:\/\/www.altercampagne.net\/?s={search_term_string}"},"query-input":{"@type":"PropertyValueSpecification","valueRequired":true,"valueName":"search_term_string"}}],"inLanguage":"fr-FR"},{"@type":"Person","@id":"https:\/\/www.altercampagne.net\/#\/schema\/person\/0310e7930636785dabf8b7cab925c7eb","name":"Carlotta","image":{"@type":"ImageObject","inLanguage":"fr-FR","@id":"https:\/\/secure.gravatar.com\/avatar\/cc861900b0b9ebc1644628dd5f6a1e2c62c8981e43f2d98c9e810ead5846c34c?s=96&d=mm&r=g","url":"https:\/\/secure.gravatar.com\/avatar\/cc861900b0b9ebc1644628dd5f6a1e2c62c8981e43f2d98c9e810ead5846c34c?s=96&d=mm&r=g","contentUrl":"https:\/\/secure.gravatar.com\/avatar\/cc861900b0b9ebc1644628dd5f6a1e2c62c8981e43f2d98c9e810ead5846c34c?s=96&d=mm&r=g","caption":"Carlotta"},"url":"https:\/\/www.altercampagne.net\/?author=353"}]}},"_links":{"self":[{"href":"https:\/\/www.altercampagne.net\/index.php?rest_route=\/wp\/v2\/posts\/28693","targetHints":{"allow":["GET"]}}],"collection":[{"href":"https:\/\/www.altercampagne.net\/index.php?rest_route=\/wp\/v2\/posts"}],"about":[{"href":"https:\/\/www.altercampagne.net\/index.php?rest_route=\/wp\/v2\/types\/post"}],"author":[{"embeddable":true,"href":"https:\/\/www.altercampagne.net\/index.php?rest_route=\/wp\/v2\/users\/353"}],"replies":[{"embeddable":true,"href":"https:\/\/www.altercampagne.net\/index.php?rest_route=%2Fwp%2Fv2%2Fcomments&post=28693"}],"version-history":[{"count":1,"href":"https:\/\/www.altercampagne.net\/index.php?rest_route=\/wp\/v2\/posts\/28693\/revisions"}],"predecessor-version":[{"id":28700,"href":"https:\/\/www.altercampagne.net\/index.php?rest_route=\/wp\/v2\/posts\/28693\/revisions\/28700"}],"wp:featuredmedia":[{"embeddable":true,"href":"https:\/\/www.altercampagne.net\/index.php?rest_route=\/wp\/v2\/media\/28699"}],"wp:attachment":[{"href":"https:\/\/www.altercampagne.net\/index.php?rest_route=%2Fwp%2Fv2%2Fmedia&parent=28693"}],"wp:term":[{"taxonomy":"category","embeddable":true,"href":"https:\/\/www.altercampagne.net\/index.php?rest_route=%2Fwp%2Fv2%2Fcategories&post=28693"},{"taxonomy":"post_tag","embeddable":true,"href":"https:\/\/www.altercampagne.net\/index.php?rest_route=%2Fwp%2Fv2%2Ftags&post=28693"}],"curies":[{"name":"wp","href":"https:\/\/api.w.org\/{rel}","templated":true}]}}