{"id":28747,"date":"2024-10-04T22:57:24","date_gmt":"2024-10-04T20:57:24","guid":{"rendered":"https:\/\/www.altercampagne.net\/?p=28747"},"modified":"2024-10-13T18:19:39","modified_gmt":"2024-10-13T16:19:39","slug":"comment-la-premiere-pleniere-daltercampagne-a-mis-en-selle-ledition-2025-de-laltertour","status":"publish","type":"post","link":"https:\/\/www.altercampagne.net\/?p=28747","title":{"rendered":"Comment la premi\u00e8re pl\u00e9ni\u00e8re d\u2019AlterCampagne a mis en selle l\u2019\u00e9dition 2025 de l\u2019AlterTour"},"content":{"rendered":"\n<p><strong>A Malakoff, en r\u00e9gion parisienne, les adh\u00e9rents de l\u2019association AlterCampagne ont durant deux jours pos\u00e9 les bases de l\u2019Altertour 2025, en mettant le cap sur\u2026 le Sud-Ouest&nbsp;!<\/strong><\/p>\n\n\n\n<p>C\u2019est \u00e0 Casaco, tiers-lieu et coworking \u00e0 Malakoff, en r\u00e9gion parisienne, que quelques soixante-dix adh\u00e9rent.e.s d\u2019AlterCampagne ont jet\u00e9 l\u2019ancre samedi 28 et dimanche 29 septembre, pour la premi\u00e8re des 7 escales de l\u2019association qui jalonnent le calendrier d\u2019ici \u00e0 l\u2019\u00e9dition 2025.<\/p>\n\n\n\n<p>Pour ces deux journ\u00e9es pr\u00e9paratoires, l\u2019association avait deux d\u00e9fis\u00a0: commencer \u00e0 pr\u00e9parer le prochain AlterTour (en commen\u00e7ant par le choix d\u2019une zone g\u00e9ographique), et embarquer le plus grand nombre d\u2019adh\u00e9rent&rsquo;es (nouvelleaux y compris&rsquo;es) dans ce vaste processus de gouvernance coll\u00e9giale.<\/p>\n\n\n\n<figure class=\"wp-block-image size-large is-resized\"><a href=\"https:\/\/www.altercampagne.net\/wp-content\/uploads\/2024\/10\/IMG_20240928_105922.jpg\"><img loading=\"lazy\" decoding=\"async\" width=\"1024\" height=\"576\" src=\"https:\/\/www.altercampagne.net\/wp-content\/uploads\/2024\/10\/IMG_20240928_105922-1024x576.jpg\" alt=\"\" class=\"wp-image-28748\" style=\"width:565px;height:auto\" srcset=\"https:\/\/www.altercampagne.net\/wp-content\/uploads\/2024\/10\/IMG_20240928_105922-1024x576.jpg 1024w, https:\/\/www.altercampagne.net\/wp-content\/uploads\/2024\/10\/IMG_20240928_105922-300x169.jpg 300w, https:\/\/www.altercampagne.net\/wp-content\/uploads\/2024\/10\/IMG_20240928_105922-768x432.jpg 768w, https:\/\/www.altercampagne.net\/wp-content\/uploads\/2024\/10\/IMG_20240928_105922-1536x864.jpg 1536w, https:\/\/www.altercampagne.net\/wp-content\/uploads\/2024\/10\/IMG_20240928_105922-100x56.jpg 100w, https:\/\/www.altercampagne.net\/wp-content\/uploads\/2024\/10\/IMG_20240928_105922-862x485.jpg 862w, https:\/\/www.altercampagne.net\/wp-content\/uploads\/2024\/10\/IMG_20240928_105922-1140x641.jpg 1140w, https:\/\/www.altercampagne.net\/wp-content\/uploads\/2024\/10\/IMG_20240928_105922.jpg 1920w\" sizes=\"auto, (max-width: 1024px) 100vw, 1024px\" \/><\/a><\/figure>\n\n\n\n<p>Faire vite, faire ensemble, et \u00eatre efficace&nbsp;: tel est le triangle des Bermudes dans lequel doit se faufiler le navire AlterCampagne.<\/p>\n\n\n\n<p>La premi\u00e8re matin\u00e9e a donc commenc\u00e9 par l\u2019explication des gestes incontournables \u00e0 la d\u00e9lib\u00e9ration collective, \u00e0 d\u00e9crire et distribuer les r\u00f4les n\u00e9cessaires \u00e0 la tenue de la pl\u00e9ni\u00e8re (gardien.nes du temps, gardien.nes du sujet, oreilles attentives, observateurices, preneureuse de note, r\u00e9f\u00e9rent.e.s gestion de la nourriture, scribe, distributeurice de parole, r\u00e9f\u00e9rent.e.s accueil\u2026).<\/p>\n\n\n\n<p>Afin de naviguer sans encombre avec un \u00e9quipage d\u2019environ 70 personnes, Marine, en animant ce moment d\u2019inclusion et de cadrage, a pr\u00e9sent\u00e9 les 7 briques d\u00e9finies par <a href=\"https:\/\/fertiles.co\/\"><u>Fert\u00eeles<\/u><\/a> (\u00e9cole de coop\u00e9ration \/ d\u2019intelligence collective) pour faciliter ce moment de prise de d\u00e9cision \u00e0 plusieurs sans \u00e9chouer sur les \u00e9cueils possibles&nbsp;: co-responsabilit\u00e9, parler en son je, \u00eatre pour et pas contre (ou alors avoir une v\u00e9ritable objection), parler avec intention (se centrer avant de parler pour lutter contre le risque de prise de parole intempestive), faire confiance, l\u2019\u00e9coute active et bienveillante, et rendre accessible ses propos.<\/p>\n\n\n\n<figure class=\"wp-block-image size-large is-resized\"><a href=\"https:\/\/www.altercampagne.net\/wp-content\/uploads\/2024\/10\/IMG_20240928_105017.jpg\"><img loading=\"lazy\" decoding=\"async\" width=\"1024\" height=\"576\" src=\"https:\/\/www.altercampagne.net\/wp-content\/uploads\/2024\/10\/IMG_20240928_105017-1024x576.jpg\" alt=\"\" class=\"wp-image-28750\" style=\"width:613px;height:auto\" srcset=\"https:\/\/www.altercampagne.net\/wp-content\/uploads\/2024\/10\/IMG_20240928_105017-1024x576.jpg 1024w, https:\/\/www.altercampagne.net\/wp-content\/uploads\/2024\/10\/IMG_20240928_105017-300x169.jpg 300w, https:\/\/www.altercampagne.net\/wp-content\/uploads\/2024\/10\/IMG_20240928_105017-768x432.jpg 768w, https:\/\/www.altercampagne.net\/wp-content\/uploads\/2024\/10\/IMG_20240928_105017-1536x864.jpg 1536w, https:\/\/www.altercampagne.net\/wp-content\/uploads\/2024\/10\/IMG_20240928_105017-100x56.jpg 100w, https:\/\/www.altercampagne.net\/wp-content\/uploads\/2024\/10\/IMG_20240928_105017-862x485.jpg 862w, https:\/\/www.altercampagne.net\/wp-content\/uploads\/2024\/10\/IMG_20240928_105017-1140x641.jpg 1140w, https:\/\/www.altercampagne.net\/wp-content\/uploads\/2024\/10\/IMG_20240928_105017.jpg 1920w\" sizes=\"auto, (max-width: 1024px) 100vw, 1024px\" \/><\/a><\/figure>\n\n\n\n<h2 class=\"wp-block-heading\"><strong>Vents contraires<\/strong><\/h2>\n\n\n\n<p>Mais en appelant \u00e0 ce que chacun, \u00e0 tour de r\u00f4le, valide ces r\u00e8gles, n\u2019a cependant pas suscit\u00e9 de consensus (approbation unanime)&nbsp;: quelques voix se sont inqui\u00e9t\u00e9es d\u2019une injonction potentiellement trop stricte sur la forme, l\u00e0 une invitation plus souple leur semblait plus rassurante.<\/p>\n\n\n\n<p>En prenant acte de l\u2019absence de consensus autour de ces r\u00e8gles, Marine a simplement laiss\u00e9 les r\u00e8gles propos\u00e9es affich\u00e9es au mur, leur donnant valeur de rappel g\u00e9n\u00e9ral utile \u00e0 la bonne tenue des d\u00e9lib\u00e9rations. De quoi chercher \u00e0 louvoyer entre souverainet\u00e9 individuelle et efficacit\u00e9 collective.<\/p>\n\n\n\n<p>Apr\u00e8s une pr\u00e9sentation des instances de l\u2019association AlterCampagne, mais aussi des diff\u00e9rents cercles th\u00e9matiques \u2013 structurels \u2013 et les groupes de travail, plus ponctuels) \u2013 \u00e0 lire dans le compte-rendu de la pl\u00e9ni\u00e8re, les repr\u00e9sentants des diff\u00e9rents cercles ont d\u00e9taill\u00e9 leurs activit\u00e9s et cherch\u00e9 \u00e0 recruter des renforts, de la tr\u00e9sorerie aux outils num\u00e9riques en passant par les v\u00e9hicules \/ la logistique.<\/p>\n\n\n\n<figure class=\"wp-block-image size-full is-resized\"><a href=\"https:\/\/www.altercampagne.net\/wp-content\/uploads\/2024\/10\/image.png\"><img loading=\"lazy\" decoding=\"async\" width=\"995\" height=\"548\" src=\"https:\/\/www.altercampagne.net\/wp-content\/uploads\/2024\/10\/image.png\" alt=\"\" class=\"wp-image-28751\" style=\"width:645px;height:auto\" srcset=\"https:\/\/www.altercampagne.net\/wp-content\/uploads\/2024\/10\/image.png 995w, https:\/\/www.altercampagne.net\/wp-content\/uploads\/2024\/10\/image-300x165.png 300w, https:\/\/www.altercampagne.net\/wp-content\/uploads\/2024\/10\/image-768x423.png 768w, https:\/\/www.altercampagne.net\/wp-content\/uploads\/2024\/10\/image-100x55.png 100w, https:\/\/www.altercampagne.net\/wp-content\/uploads\/2024\/10\/image-862x475.png 862w\" sizes=\"auto, (max-width: 995px) 100vw, 995px\" \/><\/a><\/figure>\n\n\n\n<p>C\u2019est en pl\u00e9ni\u00e8re unitaire que s\u2019est d\u00e9roul\u00e9 ce moment de pr\u00e9sentation d\u00e9taill\u00e9e de l\u2019association en forme de main tendue aux nouvelleaux.<\/p>\n\n\n\n<p>La suite du programme s\u2019est d\u00e9roul\u00e9e avec deux groupes, l\u2019un regardant dans le r\u00e9troviseur pour pr\u00e9parer le bilan de l\u2019\u00e9dition 2024 (de quoi nourrir des retours pr\u00e9cis qui seront pr\u00e9sent\u00e9s de fa\u00e7on claire dans le bilan moral pour l\u2019assembl\u00e9e g\u00e9n\u00e9rale&nbsp;; mais pour avoir les premiers \u00e9l\u00e9ments bruts, c\u2019est dans le compte-rendu&nbsp;!), l\u2019autre se projetant d\u00e9j\u00e0 dans la pr\u00e9paration de l\u2019\u00e9dition 2025.<\/p>\n\n\n\n<h2 class=\"wp-block-heading\"><strong>Comment d\u00e9lib\u00e9rer \u00e0 plusieurs dizaines&nbsp;de personnes ?<\/strong><\/h2>\n\n\n\n<p>Car le moment le plus attendu pouvait alors s\u2019ouvrir, avec le d\u00e9but de la d\u00e9lib\u00e9ration sur la zone g\u00e9ographique du prochain AlterTour.<\/p>\n\n\n\n<p>C\u2019est sous la forme d\u2019un d\u00e9bat mouvant sur une carte de France imaginaire qu\u2019un large attroupement a indubitablement \u00e9merg\u00e9 sur le quart sud-ouest de l\u2019Hexagone. L\u2019exercice, renouvel\u00e9 en zoomant sur le seul Sud-Ouest, a fait \u00e9merger des sous-groupes autour de pr\u00e9f\u00e9rences plus pr\u00e9cises. Ce sont alors trois sous-groupes qui ont \u00e9tabli s\u00e9par\u00e9ment une premi\u00e8re liste de 8 d\u00e9partements.<\/p>\n\n\n\n<figure class=\"wp-block-image size-large is-resized\"><a href=\"https:\/\/www.altercampagne.net\/wp-content\/uploads\/2024\/10\/IMG_20240928_145057.jpg\"><img loading=\"lazy\" decoding=\"async\" width=\"1024\" height=\"576\" src=\"https:\/\/www.altercampagne.net\/wp-content\/uploads\/2024\/10\/IMG_20240928_145057-1024x576.jpg\" alt=\"\" class=\"wp-image-28753\" style=\"width:500px;height:auto\" srcset=\"https:\/\/www.altercampagne.net\/wp-content\/uploads\/2024\/10\/IMG_20240928_145057-1024x576.jpg 1024w, https:\/\/www.altercampagne.net\/wp-content\/uploads\/2024\/10\/IMG_20240928_145057-300x169.jpg 300w, https:\/\/www.altercampagne.net\/wp-content\/uploads\/2024\/10\/IMG_20240928_145057-768x432.jpg 768w, https:\/\/www.altercampagne.net\/wp-content\/uploads\/2024\/10\/IMG_20240928_145057-1536x864.jpg 1536w, https:\/\/www.altercampagne.net\/wp-content\/uploads\/2024\/10\/IMG_20240928_145057-100x56.jpg 100w, https:\/\/www.altercampagne.net\/wp-content\/uploads\/2024\/10\/IMG_20240928_145057-862x485.jpg 862w, https:\/\/www.altercampagne.net\/wp-content\/uploads\/2024\/10\/IMG_20240928_145057-1140x641.jpg 1140w, https:\/\/www.altercampagne.net\/wp-content\/uploads\/2024\/10\/IMG_20240928_145057.jpg 1920w\" sizes=\"auto, (max-width: 1024px) 100vw, 1024px\" \/><\/a><\/figure>\n\n\n\n<p>Chaque groupe a justifi\u00e9 son choix (entre le d\u00e9nivel\u00e9, la richesse des alternatives esp\u00e9r\u00e9es sur place, le fait d\u2019\u00eatre d\u00e9j\u00e0 pass\u00e9 ou non, etc.). Un nouveau d\u00e9bat mouvant a ensuite permis de proc\u00e9der \u00e0 un jugement majoritaire&nbsp;: individuellement, chacun a pu se positionner sur une \u00e9chelle allant d\u2019\u00ab&nbsp;excellent&nbsp;\u00bb \u00e0 \u00ab&nbsp;\u00e0 \u00e9viter&nbsp;\u00bb.<\/p>\n\n\n\n<p>Le d\u00e9compte ainsi pond\u00e9r\u00e9 des positionnements a ainsi fait \u00e9merger l\u2019une des 3 propositions (tr\u00e8s l\u00e9g\u00e8rement, car toutes remportaient un soutien large). Les participants ont ensuite n\u00e9goci\u00e9 le rajout d\u2019un d\u00e9partement, en cherchant \u00e0 satisfaire les points de convergence des 2 autres propositions. C\u2019est ainsi qu\u2019une liste de 9 d\u00e9partements, allant de la Creuse aux Pyr\u00e9n\u00e9es-Atlantiques, a \u00e9merg\u00e9.<\/p>\n\n\n\n<p>De quoi mettre les altercyclistes 2025 en bonne voie pour aller soutenir, dans le Tarn, la lutte contre le projet d\u2019autoroute A69, mais aussi pour mettre leurs roues dans celle des luttes paysannes du plateau des Mille vaches, tout en allant (pour la premi\u00e8re fois de l\u2019histoire de l\u2019AlterTour) dans le Pays basque\u2026<\/p>\n\n\n\n<figure class=\"wp-block-image size-large is-resized\"><a href=\"https:\/\/www.altercampagne.net\/wp-content\/uploads\/2024\/10\/IMG_20240929_103736.jpg\"><img loading=\"lazy\" decoding=\"async\" width=\"1024\" height=\"576\" src=\"https:\/\/www.altercampagne.net\/wp-content\/uploads\/2024\/10\/IMG_20240929_103736-1024x576.jpg\" alt=\"\" class=\"wp-image-28754\" style=\"width:452px;height:auto\" srcset=\"https:\/\/www.altercampagne.net\/wp-content\/uploads\/2024\/10\/IMG_20240929_103736-1024x576.jpg 1024w, https:\/\/www.altercampagne.net\/wp-content\/uploads\/2024\/10\/IMG_20240929_103736-300x169.jpg 300w, https:\/\/www.altercampagne.net\/wp-content\/uploads\/2024\/10\/IMG_20240929_103736-768x432.jpg 768w, https:\/\/www.altercampagne.net\/wp-content\/uploads\/2024\/10\/IMG_20240929_103736-1536x864.jpg 1536w, https:\/\/www.altercampagne.net\/wp-content\/uploads\/2024\/10\/IMG_20240929_103736-100x56.jpg 100w, https:\/\/www.altercampagne.net\/wp-content\/uploads\/2024\/10\/IMG_20240929_103736-862x485.jpg 862w, https:\/\/www.altercampagne.net\/wp-content\/uploads\/2024\/10\/IMG_20240929_103736-1140x641.jpg 1140w, https:\/\/www.altercampagne.net\/wp-content\/uploads\/2024\/10\/IMG_20240929_103736.jpg 1920w\" sizes=\"auto, (max-width: 1024px) 100vw, 1024px\" \/><\/a><\/figure>\n\n\n\n<p>Tous sur le pont&nbsp;! C\u2019est le lendemain, dimanche, en pl\u00e9ni\u00e8re r\u00e9unifi\u00e9e, qu\u2019a \u00e9t\u00e9 pr\u00e9sent\u00e9 cette proposition.<\/p>\n\n\n\n<p>Apr\u00e8s un tour de questions de clarifications, les participants se sont positionn\u00e9s en d\u00e9bat mouvant sur un axe allant d\u2019\u00ab&nbsp;excellent&nbsp;\u00bb \u00e0 \u00ab&nbsp;\u00e0 rejeter&nbsp;\u00bb. Mis \u00e0 part un l\u00e9ger b\u00e9mol sur le risque de chaleur durant l\u2019\u00e9t\u00e9 dans le Sud-Ouest, l\u2019approbation g\u00e9n\u00e9rale de la proposition a permis d\u2019avancer vers le recueil des propositions de bonifications. Les participants ont notamment recommand\u00e9 de mettre un coup de barre vers la c\u00f4te, pour int\u00e9grer l\u2019enjeu littoral (effets du tourisme, \u00e9rosion littorale, etc), quitte \u00e0 ajouter les Landes, malgr\u00e9 le terrain plat et les paysages r\u00e9p\u00e9titifs que beaucoup redoutaient. Le nord de l\u2019Ari\u00e8ge, riche en alternatives, a \u00e9galement \u00e9t\u00e9 ajout\u00e9, de m\u00eame que le sud-est de la Haute-Vienne.<\/p>\n\n\n\n<p>Certains ont pu regretter que le p\u00e9rim\u00e8tre retenu ne permettait pas de visibiliser la lutte contre les grandes bassines, dans les Deux-S\u00e8vres, trop au Nord par rapport aux d\u00e9partements retenus, qui sont donc 9 (+ 3 bords de d\u00e9partement)&nbsp;:<\/p>\n\n\n\n<ul class=\"wp-block-list\">\n<li>Pyr\u00e9n\u00e9es-Atlantiques (sans exclure de d\u00e9border en Espagne)<\/li>\n\n\n\n<li>Landes (le sud)<\/li>\n\n\n\n<li>Hautes-Pyr\u00e9n\u00e9es<\/li>\n\n\n\n<li>Haute-Garonne<\/li>\n\n\n\n<li>Ari\u00e8ge (le nord-ouest)<\/li>\n\n\n\n<li>Tarn<\/li>\n\n\n\n<li>Tarn-et-Garonne<\/li>\n\n\n\n<li>Lot<\/li>\n\n\n\n<li>Dordogne<\/li>\n\n\n\n<li>Corr\u00e8ze<\/li>\n\n\n\n<li>Creuse<\/li>\n\n\n\n<li>Haute-Vienne (le sud-est)<\/li>\n<\/ul>\n\n\n\n<figure class=\"wp-block-image size-large is-resized\"><a href=\"https:\/\/www.altercampagne.net\/wp-content\/uploads\/2024\/10\/IMG_20240929_140150-rotated.jpg\"><img loading=\"lazy\" decoding=\"async\" width=\"576\" height=\"1024\" src=\"https:\/\/www.altercampagne.net\/wp-content\/uploads\/2024\/10\/IMG_20240929_140150-576x1024.jpg\" alt=\"\" class=\"wp-image-28755\" style=\"width:456px;height:auto\" srcset=\"https:\/\/www.altercampagne.net\/wp-content\/uploads\/2024\/10\/IMG_20240929_140150-576x1024.jpg 576w, https:\/\/www.altercampagne.net\/wp-content\/uploads\/2024\/10\/IMG_20240929_140150-169x300.jpg 169w, https:\/\/www.altercampagne.net\/wp-content\/uploads\/2024\/10\/IMG_20240929_140150-768x1365.jpg 768w, https:\/\/www.altercampagne.net\/wp-content\/uploads\/2024\/10\/IMG_20240929_140150-864x1536.jpg 864w, https:\/\/www.altercampagne.net\/wp-content\/uploads\/2024\/10\/IMG_20240929_140150-100x178.jpg 100w, https:\/\/www.altercampagne.net\/wp-content\/uploads\/2024\/10\/IMG_20240929_140150-862x1532.jpg 862w, https:\/\/www.altercampagne.net\/wp-content\/uploads\/2024\/10\/IMG_20240929_140150-rotated.jpg 1080w\" sizes=\"auto, (max-width: 576px) 100vw, 576px\" \/><\/a><\/figure>\n\n\n\n<h2 class=\"wp-block-heading\"><strong>Et maintenant&nbsp;?<\/strong><\/h2>\n\n\n\n<p>Une vingtaine de participants se sont inscrits pour participer au <a href=\"https:\/\/documentation.altercampagne.ovh\/books\/organisation-des-tours\/chapter\/defrichage\"><u>d\u00e9frichage<\/u><\/a>, en inscrivant son ou ses d\u00e9partement.s de pr\u00e9f\u00e9rence. Ils \u00e9cumeront l\u2019oc\u00e9an des \u00e9colieux, alternatives diverses, collectifs en lutte et autres fermes collectives, entre recherches sur le web et contacts personnels, avec au gouvernail un quatuor de <a href=\"https:\/\/documentation.altercampagne.ovh\/books\/organisation-des-tours\/page\/description-de-la-tache-coordo-defrichage\"><u>coordos<\/u><\/a> pour concerter leurs efforts et tenir la cadence.<\/p>\n\n\n\n<p>L\u00e0 encore, une pr\u00e9sentation du document de travail du d\u00e9frichage (un tableur avec plein de colonnes, de couleurs, de filtres et d\u2019astuces issues de l\u2019expertise des ann\u00e9es pass\u00e9es) a permis \u00e0 chacun.e de se projeter dans ce r\u00f4le. Ce n\u2019est qu\u2019ensuite qu\u2019un trac\u00e9 pourra \u00eatre retenu, avec une direction et des lieux d\u2019accueil.<\/p>\n\n\n\n<p>Mais d\u2019ici l\u00e0, il s\u2019agit d\u2019embarquer toutes ces \u00e9nergies, des cercles aux groupes de travail en passant par les d\u00e9fricheurs et pr\u00e9parateurices des prochaines \u00e9tapes, autour des outils qui permettent de concerter tout ce beau monde&nbsp;: une formation aux outils num\u00e9riques a \u00e9t\u00e9 anim\u00e9e pour former \u00e0 l\u2019utilisation de Rocket Chat pour la discussion th\u00e9matique de type forum (ou comme Slack \/ Discord), de Nextcloud pour le partage de fichiers, \u00e0 l\u2019AlterDocumentation pour retrouver toutes les infos utiles, etc.<\/p>\n\n\n\n<figure class=\"wp-block-image size-large is-resized\"><a href=\"https:\/\/www.altercampagne.net\/wp-content\/uploads\/2024\/10\/IMG_20240928_163915.jpg\"><img loading=\"lazy\" decoding=\"async\" width=\"1024\" height=\"576\" src=\"https:\/\/www.altercampagne.net\/wp-content\/uploads\/2024\/10\/IMG_20240928_163915-1024x576.jpg\" alt=\"\" class=\"wp-image-28756\" style=\"width:473px;height:auto\" srcset=\"https:\/\/www.altercampagne.net\/wp-content\/uploads\/2024\/10\/IMG_20240928_163915-1024x576.jpg 1024w, https:\/\/www.altercampagne.net\/wp-content\/uploads\/2024\/10\/IMG_20240928_163915-300x169.jpg 300w, https:\/\/www.altercampagne.net\/wp-content\/uploads\/2024\/10\/IMG_20240928_163915-768x432.jpg 768w, https:\/\/www.altercampagne.net\/wp-content\/uploads\/2024\/10\/IMG_20240928_163915-1536x864.jpg 1536w, https:\/\/www.altercampagne.net\/wp-content\/uploads\/2024\/10\/IMG_20240928_163915-100x56.jpg 100w, https:\/\/www.altercampagne.net\/wp-content\/uploads\/2024\/10\/IMG_20240928_163915-862x485.jpg 862w, https:\/\/www.altercampagne.net\/wp-content\/uploads\/2024\/10\/IMG_20240928_163915-1140x641.jpg 1140w, https:\/\/www.altercampagne.net\/wp-content\/uploads\/2024\/10\/IMG_20240928_163915.jpg 1920w\" sizes=\"auto, (max-width: 1024px) 100vw, 1024px\" \/><\/a><\/figure>\n\n\n\n<p>Ainsi arm\u00e9s, les altercyclistes peuvent hisser la grand-voile vers les prochaines \u00e9tapes de la pr\u00e9paration de l\u2019AlterTour 2025, qui sont :<\/p>\n\n\n\n<ol class=\"wp-block-list\">\n<li>L\u2019assembl\u00e9e g\u00e9n\u00e9rale, le&nbsp;1<sup>er<\/sup>, le 2 et le 3 novembre, \u00e0 Lyon<\/li>\n\n\n\n<li>La pl\u00e9ni\u00e8re de&nbsp;d\u00e9cembre, le 14 et 15 d\u00e9cembre, \u00e0 Paris<\/li>\n\n\n\n<li>La pl\u00e9ni\u00e8re du 8 et 9 f\u00e9vrier (lieu \u00e0 d\u00e9terminer)<\/li>\n\n\n\n<li>La pl\u00e9ni\u00e8re du 22 et 23 mars<\/li>\n\n\n\n<li>Le WERVA (week-end de r\u00e9paration des v\u00e9hicules de l\u2019AlterTour, soit le 1<sup>er<\/sup>, 2, 3 et 4 mai, ou le 8, 9, 10 et 11 mai)<\/li>\n\n\n\n<li>La pl\u00e9ni\u00e8re du 14 et 15 juin<\/li>\n<\/ol>\n\n\n\n<p>Vous qui avez lu cet article jusqu\u2019au bout&nbsp;: merci, mais\u2026 ne nous regardez pas, rejoignez-nous&nbsp;!<\/p>\n\n\n\n<p><a href=\"https:\/\/framalistes.org\/sympa\/subscribe\/orga-altertour\"><u>Je m\u2019inscris \u00e0 la liste de diffusion de l\u2019organisation AlterTour 2025<\/u><\/a><\/p>\n\n\n\n<p>alterjournaliste : Antony<\/p>\n","protected":false},"excerpt":{"rendered":"<p>A Malakoff, en r\u00e9gion parisienne, les adh\u00e9rents de l\u2019association AlterCampagne ont durant deux jours pos\u00e9 les bases de l\u2019Altertour 2025, en mettant le cap sur\u2026 le Sud-Ouest&nbsp;! C\u2019est \u00e0 Casaco, tiers-lieu et coworking \u00e0 Malakoff, en r\u00e9gion parisienne, que quelques soixante-dix adh\u00e9rent.e.s d\u2019AlterCampagne ont jet\u00e9 l\u2019ancre samedi 28 et dimanche &#8230; <\/p>\n<div><a href=\"https:\/\/www.altercampagne.net\/?p=28747\" class=\"more-link\">Read More<\/a><\/div>\n","protected":false},"author":198,"featured_media":28757,"comment_status":"closed","ping_status":"closed","sticky":false,"template":"","format":"standard","meta":{"footnotes":""},"categories":[3539],"tags":[],"class_list":["post-28747","post","type-post","status-publish","format-standard","has-post-thumbnail","hentry","category-we-de-preparation"],"yoast_head":"<!-- This site is optimized with the Yoast SEO plugin v27.3 - https:\/\/yoast.com\/product\/yoast-seo-wordpress\/ -->\n<title>Comment la premi\u00e8re pl\u00e9ni\u00e8re d\u2019AlterCampagne a mis en selle l\u2019\u00e9dition 2025 de l\u2019AlterTour - AlterTour<\/title>\n<meta name=\"robots\" content=\"index, follow, max-snippet:-1, max-image-preview:large, max-video-preview:-1\" \/>\n<link rel=\"canonical\" href=\"https:\/\/www.altercampagne.net\/?p=28747\" \/>\n<meta property=\"og:locale\" content=\"fr_FR\" \/>\n<meta property=\"og:type\" content=\"article\" \/>\n<meta property=\"og:title\" content=\"Comment la premi\u00e8re pl\u00e9ni\u00e8re d\u2019AlterCampagne a mis en selle l\u2019\u00e9dition 2025 de l\u2019AlterTour - AlterTour\" \/>\n<meta property=\"og:description\" content=\"A Malakoff, en r\u00e9gion parisienne, les adh\u00e9rents de l\u2019association AlterCampagne ont durant deux jours pos\u00e9 les bases de l\u2019Altertour 2025, en mettant le cap sur\u2026 le Sud-Ouest&nbsp;! C\u2019est \u00e0 Casaco, tiers-lieu et coworking \u00e0 Malakoff, en r\u00e9gion parisienne, que quelques soixante-dix adh\u00e9rent.e.s d\u2019AlterCampagne ont jet\u00e9 l\u2019ancre samedi 28 et dimanche ... Read More\" \/>\n<meta property=\"og:url\" content=\"https:\/\/www.altercampagne.net\/?p=28747\" \/>\n<meta property=\"og:site_name\" content=\"AlterTour\" \/>\n<meta property=\"article:published_time\" content=\"2024-10-04T20:57:24+00:00\" \/>\n<meta property=\"article:modified_time\" content=\"2024-10-13T16:19:39+00:00\" \/>\n<meta property=\"og:image\" content=\"https:\/\/www.altercampagne.net\/wp-content\/uploads\/2024\/10\/20240929_141515-scaled-e1728637758911.jpg\" \/>\n\t<meta property=\"og:image:width\" content=\"2560\" \/>\n\t<meta property=\"og:image:height\" content=\"1582\" \/>\n\t<meta property=\"og:image:type\" content=\"image\/jpeg\" \/>\n<meta name=\"author\" content=\"Marine R\" \/>\n<meta name=\"twitter:card\" content=\"summary_large_image\" \/>\n<meta name=\"twitter:label1\" content=\"\u00c9crit par\" \/>\n\t<meta name=\"twitter:data1\" content=\"Marine R\" \/>\n\t<meta name=\"twitter:label2\" content=\"Dur\u00e9e de lecture estim\u00e9e\" \/>\n\t<meta name=\"twitter:data2\" content=\"9 minutes\" \/>\n<script type=\"application\/ld+json\" class=\"yoast-schema-graph\">{\"@context\":\"https:\\\/\\\/schema.org\",\"@graph\":[{\"@type\":\"Article\",\"@id\":\"https:\\\/\\\/www.altercampagne.net\\\/?p=28747#article\",\"isPartOf\":{\"@id\":\"https:\\\/\\\/www.altercampagne.net\\\/?p=28747\"},\"author\":{\"name\":\"Marine R\",\"@id\":\"https:\\\/\\\/www.altercampagne.net\\\/#\\\/schema\\\/person\\\/3afde49d8c0be52224ae61fe720b4b19\"},\"headline\":\"Comment la premi\u00e8re pl\u00e9ni\u00e8re d\u2019AlterCampagne a mis en selle l\u2019\u00e9dition 2025 de l\u2019AlterTour\",\"datePublished\":\"2024-10-04T20:57:24+00:00\",\"dateModified\":\"2024-10-13T16:19:39+00:00\",\"mainEntityOfPage\":{\"@id\":\"https:\\\/\\\/www.altercampagne.net\\\/?p=28747\"},\"wordCount\":1486,\"image\":{\"@id\":\"https:\\\/\\\/www.altercampagne.net\\\/?p=28747#primaryimage\"},\"thumbnailUrl\":\"https:\\\/\\\/www.altercampagne.net\\\/wp-content\\\/uploads\\\/2024\\\/10\\\/20240929_141515-scaled-e1728637758911.jpg\",\"articleSection\":[\"WE de pr\u00e9paration\"],\"inLanguage\":\"fr-FR\"},{\"@type\":\"WebPage\",\"@id\":\"https:\\\/\\\/www.altercampagne.net\\\/?p=28747\",\"url\":\"https:\\\/\\\/www.altercampagne.net\\\/?p=28747\",\"name\":\"Comment la premi\u00e8re pl\u00e9ni\u00e8re d\u2019AlterCampagne a mis en selle l\u2019\u00e9dition 2025 de l\u2019AlterTour - AlterTour\",\"isPartOf\":{\"@id\":\"https:\\\/\\\/www.altercampagne.net\\\/#website\"},\"primaryImageOfPage\":{\"@id\":\"https:\\\/\\\/www.altercampagne.net\\\/?p=28747#primaryimage\"},\"image\":{\"@id\":\"https:\\\/\\\/www.altercampagne.net\\\/?p=28747#primaryimage\"},\"thumbnailUrl\":\"https:\\\/\\\/www.altercampagne.net\\\/wp-content\\\/uploads\\\/2024\\\/10\\\/20240929_141515-scaled-e1728637758911.jpg\",\"datePublished\":\"2024-10-04T20:57:24+00:00\",\"dateModified\":\"2024-10-13T16:19:39+00:00\",\"author\":{\"@id\":\"https:\\\/\\\/www.altercampagne.net\\\/#\\\/schema\\\/person\\\/3afde49d8c0be52224ae61fe720b4b19\"},\"breadcrumb\":{\"@id\":\"https:\\\/\\\/www.altercampagne.net\\\/?p=28747#breadcrumb\"},\"inLanguage\":\"fr-FR\",\"potentialAction\":[{\"@type\":\"ReadAction\",\"target\":[\"https:\\\/\\\/www.altercampagne.net\\\/?p=28747\"]}]},{\"@type\":\"ImageObject\",\"inLanguage\":\"fr-FR\",\"@id\":\"https:\\\/\\\/www.altercampagne.net\\\/?p=28747#primaryimage\",\"url\":\"https:\\\/\\\/www.altercampagne.net\\\/wp-content\\\/uploads\\\/2024\\\/10\\\/20240929_141515-scaled-e1728637758911.jpg\",\"contentUrl\":\"https:\\\/\\\/www.altercampagne.net\\\/wp-content\\\/uploads\\\/2024\\\/10\\\/20240929_141515-scaled-e1728637758911.jpg\",\"width\":2560,\"height\":1582},{\"@type\":\"BreadcrumbList\",\"@id\":\"https:\\\/\\\/www.altercampagne.net\\\/?p=28747#breadcrumb\",\"itemListElement\":[{\"@type\":\"ListItem\",\"position\":1,\"name\":\"Accueil\",\"item\":\"https:\\\/\\\/www.altercampagne.net\\\/\"},{\"@type\":\"ListItem\",\"position\":2,\"name\":\"Comment la premi\u00e8re pl\u00e9ni\u00e8re d\u2019AlterCampagne a mis en selle l\u2019\u00e9dition 2025 de l\u2019AlterTour\"}]},{\"@type\":\"WebSite\",\"@id\":\"https:\\\/\\\/www.altercampagne.net\\\/#website\",\"url\":\"https:\\\/\\\/www.altercampagne.net\\\/\",\"name\":\"AlterTour\",\"description\":\"Reliez les Alternatives \u00e0 v\u00e9lo\",\"potentialAction\":[{\"@type\":\"SearchAction\",\"target\":{\"@type\":\"EntryPoint\",\"urlTemplate\":\"https:\\\/\\\/www.altercampagne.net\\\/?s={search_term_string}\"},\"query-input\":{\"@type\":\"PropertyValueSpecification\",\"valueRequired\":true,\"valueName\":\"search_term_string\"}}],\"inLanguage\":\"fr-FR\"},{\"@type\":\"Person\",\"@id\":\"https:\\\/\\\/www.altercampagne.net\\\/#\\\/schema\\\/person\\\/3afde49d8c0be52224ae61fe720b4b19\",\"name\":\"Marine R\",\"image\":{\"@type\":\"ImageObject\",\"inLanguage\":\"fr-FR\",\"@id\":\"https:\\\/\\\/secure.gravatar.com\\\/avatar\\\/a3c4f944a184c737c95a33c9fc36f74b2637ea270671045d89722a608b50fd88?s=96&d=mm&r=g\",\"url\":\"https:\\\/\\\/secure.gravatar.com\\\/avatar\\\/a3c4f944a184c737c95a33c9fc36f74b2637ea270671045d89722a608b50fd88?s=96&d=mm&r=g\",\"contentUrl\":\"https:\\\/\\\/secure.gravatar.com\\\/avatar\\\/a3c4f944a184c737c95a33c9fc36f74b2637ea270671045d89722a608b50fd88?s=96&d=mm&r=g\",\"caption\":\"Marine R\"},\"url\":\"https:\\\/\\\/www.altercampagne.net\\\/?author=198\"}]}<\/script>\n<!-- \/ Yoast SEO plugin. -->","yoast_head_json":{"title":"Comment la premi\u00e8re pl\u00e9ni\u00e8re d\u2019AlterCampagne a mis en selle l\u2019\u00e9dition 2025 de l\u2019AlterTour - AlterTour","robots":{"index":"index","follow":"follow","max-snippet":"max-snippet:-1","max-image-preview":"max-image-preview:large","max-video-preview":"max-video-preview:-1"},"canonical":"https:\/\/www.altercampagne.net\/?p=28747","og_locale":"fr_FR","og_type":"article","og_title":"Comment la premi\u00e8re pl\u00e9ni\u00e8re d\u2019AlterCampagne a mis en selle l\u2019\u00e9dition 2025 de l\u2019AlterTour - AlterTour","og_description":"A Malakoff, en r\u00e9gion parisienne, les adh\u00e9rents de l\u2019association AlterCampagne ont durant deux jours pos\u00e9 les bases de l\u2019Altertour 2025, en mettant le cap sur\u2026 le Sud-Ouest&nbsp;! C\u2019est \u00e0 Casaco, tiers-lieu et coworking \u00e0 Malakoff, en r\u00e9gion parisienne, que quelques soixante-dix adh\u00e9rent.e.s d\u2019AlterCampagne ont jet\u00e9 l\u2019ancre samedi 28 et dimanche ... Read More","og_url":"https:\/\/www.altercampagne.net\/?p=28747","og_site_name":"AlterTour","article_published_time":"2024-10-04T20:57:24+00:00","article_modified_time":"2024-10-13T16:19:39+00:00","og_image":[{"width":2560,"height":1582,"url":"https:\/\/www.altercampagne.net\/wp-content\/uploads\/2024\/10\/20240929_141515-scaled-e1728637758911.jpg","type":"image\/jpeg"}],"author":"Marine R","twitter_card":"summary_large_image","twitter_misc":{"\u00c9crit par":"Marine R","Dur\u00e9e de lecture estim\u00e9e":"9 minutes"},"schema":{"@context":"https:\/\/schema.org","@graph":[{"@type":"Article","@id":"https:\/\/www.altercampagne.net\/?p=28747#article","isPartOf":{"@id":"https:\/\/www.altercampagne.net\/?p=28747"},"author":{"name":"Marine R","@id":"https:\/\/www.altercampagne.net\/#\/schema\/person\/3afde49d8c0be52224ae61fe720b4b19"},"headline":"Comment la premi\u00e8re pl\u00e9ni\u00e8re d\u2019AlterCampagne a mis en selle l\u2019\u00e9dition 2025 de l\u2019AlterTour","datePublished":"2024-10-04T20:57:24+00:00","dateModified":"2024-10-13T16:19:39+00:00","mainEntityOfPage":{"@id":"https:\/\/www.altercampagne.net\/?p=28747"},"wordCount":1486,"image":{"@id":"https:\/\/www.altercampagne.net\/?p=28747#primaryimage"},"thumbnailUrl":"https:\/\/www.altercampagne.net\/wp-content\/uploads\/2024\/10\/20240929_141515-scaled-e1728637758911.jpg","articleSection":["WE de pr\u00e9paration"],"inLanguage":"fr-FR"},{"@type":"WebPage","@id":"https:\/\/www.altercampagne.net\/?p=28747","url":"https:\/\/www.altercampagne.net\/?p=28747","name":"Comment la premi\u00e8re pl\u00e9ni\u00e8re d\u2019AlterCampagne a mis en selle l\u2019\u00e9dition 2025 de l\u2019AlterTour - AlterTour","isPartOf":{"@id":"https:\/\/www.altercampagne.net\/#website"},"primaryImageOfPage":{"@id":"https:\/\/www.altercampagne.net\/?p=28747#primaryimage"},"image":{"@id":"https:\/\/www.altercampagne.net\/?p=28747#primaryimage"},"thumbnailUrl":"https:\/\/www.altercampagne.net\/wp-content\/uploads\/2024\/10\/20240929_141515-scaled-e1728637758911.jpg","datePublished":"2024-10-04T20:57:24+00:00","dateModified":"2024-10-13T16:19:39+00:00","author":{"@id":"https:\/\/www.altercampagne.net\/#\/schema\/person\/3afde49d8c0be52224ae61fe720b4b19"},"breadcrumb":{"@id":"https:\/\/www.altercampagne.net\/?p=28747#breadcrumb"},"inLanguage":"fr-FR","potentialAction":[{"@type":"ReadAction","target":["https:\/\/www.altercampagne.net\/?p=28747"]}]},{"@type":"ImageObject","inLanguage":"fr-FR","@id":"https:\/\/www.altercampagne.net\/?p=28747#primaryimage","url":"https:\/\/www.altercampagne.net\/wp-content\/uploads\/2024\/10\/20240929_141515-scaled-e1728637758911.jpg","contentUrl":"https:\/\/www.altercampagne.net\/wp-content\/uploads\/2024\/10\/20240929_141515-scaled-e1728637758911.jpg","width":2560,"height":1582},{"@type":"BreadcrumbList","@id":"https:\/\/www.altercampagne.net\/?p=28747#breadcrumb","itemListElement":[{"@type":"ListItem","position":1,"name":"Accueil","item":"https:\/\/www.altercampagne.net\/"},{"@type":"ListItem","position":2,"name":"Comment la premi\u00e8re pl\u00e9ni\u00e8re d\u2019AlterCampagne a mis en selle l\u2019\u00e9dition 2025 de l\u2019AlterTour"}]},{"@type":"WebSite","@id":"https:\/\/www.altercampagne.net\/#website","url":"https:\/\/www.altercampagne.net\/","name":"AlterTour","description":"Reliez les Alternatives \u00e0 v\u00e9lo","potentialAction":[{"@type":"SearchAction","target":{"@type":"EntryPoint","urlTemplate":"https:\/\/www.altercampagne.net\/?s={search_term_string}"},"query-input":{"@type":"PropertyValueSpecification","valueRequired":true,"valueName":"search_term_string"}}],"inLanguage":"fr-FR"},{"@type":"Person","@id":"https:\/\/www.altercampagne.net\/#\/schema\/person\/3afde49d8c0be52224ae61fe720b4b19","name":"Marine R","image":{"@type":"ImageObject","inLanguage":"fr-FR","@id":"https:\/\/secure.gravatar.com\/avatar\/a3c4f944a184c737c95a33c9fc36f74b2637ea270671045d89722a608b50fd88?s=96&d=mm&r=g","url":"https:\/\/secure.gravatar.com\/avatar\/a3c4f944a184c737c95a33c9fc36f74b2637ea270671045d89722a608b50fd88?s=96&d=mm&r=g","contentUrl":"https:\/\/secure.gravatar.com\/avatar\/a3c4f944a184c737c95a33c9fc36f74b2637ea270671045d89722a608b50fd88?s=96&d=mm&r=g","caption":"Marine R"},"url":"https:\/\/www.altercampagne.net\/?author=198"}]}},"_links":{"self":[{"href":"https:\/\/www.altercampagne.net\/index.php?rest_route=\/wp\/v2\/posts\/28747","targetHints":{"allow":["GET"]}}],"collection":[{"href":"https:\/\/www.altercampagne.net\/index.php?rest_route=\/wp\/v2\/posts"}],"about":[{"href":"https:\/\/www.altercampagne.net\/index.php?rest_route=\/wp\/v2\/types\/post"}],"author":[{"embeddable":true,"href":"https:\/\/www.altercampagne.net\/index.php?rest_route=\/wp\/v2\/users\/198"}],"replies":[{"embeddable":true,"href":"https:\/\/www.altercampagne.net\/index.php?rest_route=%2Fwp%2Fv2%2Fcomments&post=28747"}],"version-history":[{"count":2,"href":"https:\/\/www.altercampagne.net\/index.php?rest_route=\/wp\/v2\/posts\/28747\/revisions"}],"predecessor-version":[{"id":28781,"href":"https:\/\/www.altercampagne.net\/index.php?rest_route=\/wp\/v2\/posts\/28747\/revisions\/28781"}],"wp:featuredmedia":[{"embeddable":true,"href":"https:\/\/www.altercampagne.net\/index.php?rest_route=\/wp\/v2\/media\/28757"}],"wp:attachment":[{"href":"https:\/\/www.altercampagne.net\/index.php?rest_route=%2Fwp%2Fv2%2Fmedia&parent=28747"}],"wp:term":[{"taxonomy":"category","embeddable":true,"href":"https:\/\/www.altercampagne.net\/index.php?rest_route=%2Fwp%2Fv2%2Fcategories&post=28747"},{"taxonomy":"post_tag","embeddable":true,"href":"https:\/\/www.altercampagne.net\/index.php?rest_route=%2Fwp%2Fv2%2Ftags&post=28747"}],"curies":[{"name":"wp","href":"https:\/\/api.w.org\/{rel}","templated":true}]}}