{"id":28762,"date":"2024-10-11T10:37:38","date_gmt":"2024-10-11T08:37:38","guid":{"rendered":"https:\/\/www.altercampagne.net\/?p=28762"},"modified":"2024-10-30T17:45:57","modified_gmt":"2024-10-30T16:45:57","slug":"laltertour-2025-roulera-dans-le-sud-ouest","status":"publish","type":"post","link":"https:\/\/www.altercampagne.net\/?p=28762","title":{"rendered":"l&rsquo;AlterTour 2025 roulera dans le sud-ouest !!"},"content":{"rendered":"\n<p>La Pl\u00e9ni\u00e8re de rentr\u00e9e a donc choisi la zone g\u00e9ographique du prochain Tour !<\/p>\n\n\n\n<p>L&rsquo;\u00e9quipe de d\u00e9frichage est en route pour aller <strong>farfouiller<\/strong>, <strong>fouiner<\/strong>, <strong>inventorier<\/strong>, <strong>contacter<\/strong> des <strong>Alternatives<\/strong> du coin !<\/p>\n\n\n\n<h3 class=\"wp-block-heading\">Les d\u00e9partements concern\u00e9s :<\/h3>\n\n\n\n<ul class=\"wp-block-list\">\n<li><strong>23  Creuse<\/strong><\/li>\n\n\n\n<li><strong>87  Haute-Vienn<\/strong>e<\/li>\n\n\n\n<li><strong>19  Corr\u00e8ze<\/strong><\/li>\n\n\n\n<li><strong>24  Dordogne<\/strong><\/li>\n\n\n\n<li><strong>46  Lot<\/strong><\/li>\n\n\n\n<li><strong>82  Tarn-et-Garonne<\/strong><\/li>\n\n\n\n<li><strong>81  Tarn<\/strong><\/li>\n\n\n\n<li><strong>31  Haute-Garonne<\/strong><\/li>\n\n\n\n<li><strong>09  Ari\u00e8ge<\/strong><\/li>\n\n\n\n<li><strong>65  Hautes-Pyr\u00e9n\u00e9es<\/strong><\/li>\n\n\n\n<li><strong>64  Pyr\u00e9nn\u00e9es-Atlantiques<\/strong><\/li>\n\n\n\n<li><strong>40  Landes<\/strong><\/li>\n<\/ul>\n\n\n\n<h2 class=\"wp-block-heading\">N&rsquo;h\u00e9site-pas \u00e0 donner un coup de main !<\/h2>\n\n\n\n<p>en rejoignant la team d\u00e9frichage ou en nous envoyant tes rep\u00e9rages de futures alternatives !<\/p>\n\n\n\n<p><a href=\"mailto:contact@altertour.net\"><strong>contact@altertour.net<\/strong><\/a><\/p>\n","protected":false},"excerpt":{"rendered":"<p>La Pl\u00e9ni\u00e8re de rentr\u00e9e a donc choisi la zone g\u00e9ographique du prochain Tour ! L&rsquo;\u00e9quipe de d\u00e9frichage est en route pour aller farfouiller, fouiner, inventorier, contacter des Alternatives du coin ! Les d\u00e9partements concern\u00e9s : N&rsquo;h\u00e9site-pas \u00e0 donner un coup de main ! en rejoignant la team d\u00e9frichage ou en &#8230; <\/p>\n<div><a href=\"https:\/\/www.altercampagne.net\/?p=28762\" class=\"more-link\">Read More<\/a><\/div>\n","protected":false},"author":215,"featured_media":28774,"comment_status":"closed","ping_status":"closed","sticky":false,"template":"","format":"standard","meta":{"footnotes":""},"categories":[4511,4313,3469,3479,3480],"tags":[],"class_list":["post-28762","post","type-post","status-publish","format-standard","has-post-thumbnail","hentry","category-edition-2025","category-altertour","category-programmes","category-nouvelle-aquitaine","category-occitanie"],"yoast_head":"<!-- This site is optimized with the Yoast SEO plugin v27.3 - https:\/\/yoast.com\/product\/yoast-seo-wordpress\/ -->\n<title>l&#039;AlterTour 2025 roulera dans le sud-ouest !! - AlterTour<\/title>\n<meta name=\"robots\" content=\"index, follow, max-snippet:-1, max-image-preview:large, max-video-preview:-1\" \/>\n<link rel=\"canonical\" href=\"https:\/\/www.altercampagne.net\/?p=28762\" \/>\n<meta property=\"og:locale\" content=\"fr_FR\" \/>\n<meta property=\"og:type\" content=\"article\" \/>\n<meta property=\"og:title\" content=\"l&#039;AlterTour 2025 roulera dans le sud-ouest !! - AlterTour\" \/>\n<meta property=\"og:description\" content=\"La Pl\u00e9ni\u00e8re de rentr\u00e9e a donc choisi la zone g\u00e9ographique du prochain Tour ! L&rsquo;\u00e9quipe de d\u00e9frichage est en route pour aller farfouiller, fouiner, inventorier, contacter des Alternatives du coin ! Les d\u00e9partements concern\u00e9s : N&rsquo;h\u00e9site-pas \u00e0 donner un coup de main ! en rejoignant la team d\u00e9frichage ou en ... Read More\" \/>\n<meta property=\"og:url\" content=\"https:\/\/www.altercampagne.net\/?p=28762\" \/>\n<meta property=\"og:site_name\" content=\"AlterTour\" \/>\n<meta property=\"article:published_time\" content=\"2024-10-11T08:37:38+00:00\" \/>\n<meta property=\"article:modified_time\" content=\"2024-10-30T16:45:57+00:00\" \/>\n<meta property=\"og:image\" content=\"https:\/\/www.altercampagne.net\/wp-content\/uploads\/2024\/10\/AT25_Defrichage_fond-blanc__.png\" \/>\n\t<meta property=\"og:image:width\" content=\"2363\" \/>\n\t<meta property=\"og:image:height\" content=\"2363\" \/>\n\t<meta property=\"og:image:type\" content=\"image\/png\" \/>\n<meta name=\"author\" content=\"AlterTour\" \/>\n<meta name=\"twitter:card\" content=\"summary_large_image\" \/>\n<meta name=\"twitter:label1\" content=\"\u00c9crit par\" \/>\n\t<meta name=\"twitter:data1\" content=\"AlterTour\" \/>\n\t<meta name=\"twitter:label2\" content=\"Dur\u00e9e de lecture estim\u00e9e\" \/>\n\t<meta name=\"twitter:data2\" content=\"1 minute\" \/>\n<script type=\"application\/ld+json\" class=\"yoast-schema-graph\">{\"@context\":\"https:\\\/\\\/schema.org\",\"@graph\":[{\"@type\":\"Article\",\"@id\":\"https:\\\/\\\/www.altercampagne.net\\\/?p=28762#article\",\"isPartOf\":{\"@id\":\"https:\\\/\\\/www.altercampagne.net\\\/?p=28762\"},\"author\":{\"name\":\"AlterTour\",\"@id\":\"https:\\\/\\\/www.altercampagne.net\\\/#\\\/schema\\\/person\\\/e5b68c803196f649c2152249d262d94a\"},\"headline\":\"l&rsquo;AlterTour 2025 roulera dans le sud-ouest !!\",\"datePublished\":\"2024-10-11T08:37:38+00:00\",\"dateModified\":\"2024-10-30T16:45:57+00:00\",\"mainEntityOfPage\":{\"@id\":\"https:\\\/\\\/www.altercampagne.net\\\/?p=28762\"},\"wordCount\":91,\"image\":{\"@id\":\"https:\\\/\\\/www.altercampagne.net\\\/?p=28762#primaryimage\"},\"thumbnailUrl\":\"https:\\\/\\\/www.altercampagne.net\\\/wp-content\\\/uploads\\\/2024\\\/10\\\/AT25_Defrichage_fond-blanc__.png\",\"articleSection\":[\"\u00c9dition 2025\",\"AlterTour\",\"Programmes\",\"Nouvelle-Aquitaine\",\"Occitanie\"],\"inLanguage\":\"fr-FR\"},{\"@type\":\"WebPage\",\"@id\":\"https:\\\/\\\/www.altercampagne.net\\\/?p=28762\",\"url\":\"https:\\\/\\\/www.altercampagne.net\\\/?p=28762\",\"name\":\"l'AlterTour 2025 roulera dans le sud-ouest !! - AlterTour\",\"isPartOf\":{\"@id\":\"https:\\\/\\\/www.altercampagne.net\\\/#website\"},\"primaryImageOfPage\":{\"@id\":\"https:\\\/\\\/www.altercampagne.net\\\/?p=28762#primaryimage\"},\"image\":{\"@id\":\"https:\\\/\\\/www.altercampagne.net\\\/?p=28762#primaryimage\"},\"thumbnailUrl\":\"https:\\\/\\\/www.altercampagne.net\\\/wp-content\\\/uploads\\\/2024\\\/10\\\/AT25_Defrichage_fond-blanc__.png\",\"datePublished\":\"2024-10-11T08:37:38+00:00\",\"dateModified\":\"2024-10-30T16:45:57+00:00\",\"author\":{\"@id\":\"https:\\\/\\\/www.altercampagne.net\\\/#\\\/schema\\\/person\\\/e5b68c803196f649c2152249d262d94a\"},\"breadcrumb\":{\"@id\":\"https:\\\/\\\/www.altercampagne.net\\\/?p=28762#breadcrumb\"},\"inLanguage\":\"fr-FR\",\"potentialAction\":[{\"@type\":\"ReadAction\",\"target\":[\"https:\\\/\\\/www.altercampagne.net\\\/?p=28762\"]}]},{\"@type\":\"ImageObject\",\"inLanguage\":\"fr-FR\",\"@id\":\"https:\\\/\\\/www.altercampagne.net\\\/?p=28762#primaryimage\",\"url\":\"https:\\\/\\\/www.altercampagne.net\\\/wp-content\\\/uploads\\\/2024\\\/10\\\/AT25_Defrichage_fond-blanc__.png\",\"contentUrl\":\"https:\\\/\\\/www.altercampagne.net\\\/wp-content\\\/uploads\\\/2024\\\/10\\\/AT25_Defrichage_fond-blanc__.png\",\"width\":2363,\"height\":2363},{\"@type\":\"BreadcrumbList\",\"@id\":\"https:\\\/\\\/www.altercampagne.net\\\/?p=28762#breadcrumb\",\"itemListElement\":[{\"@type\":\"ListItem\",\"position\":1,\"name\":\"Accueil\",\"item\":\"https:\\\/\\\/www.altercampagne.net\\\/\"},{\"@type\":\"ListItem\",\"position\":2,\"name\":\"l&rsquo;AlterTour 2025 roulera dans le sud-ouest !!\"}]},{\"@type\":\"WebSite\",\"@id\":\"https:\\\/\\\/www.altercampagne.net\\\/#website\",\"url\":\"https:\\\/\\\/www.altercampagne.net\\\/\",\"name\":\"AlterTour\",\"description\":\"Reliez les Alternatives \u00e0 v\u00e9lo\",\"potentialAction\":[{\"@type\":\"SearchAction\",\"target\":{\"@type\":\"EntryPoint\",\"urlTemplate\":\"https:\\\/\\\/www.altercampagne.net\\\/?s={search_term_string}\"},\"query-input\":{\"@type\":\"PropertyValueSpecification\",\"valueRequired\":true,\"valueName\":\"search_term_string\"}}],\"inLanguage\":\"fr-FR\"},{\"@type\":\"Person\",\"@id\":\"https:\\\/\\\/www.altercampagne.net\\\/#\\\/schema\\\/person\\\/e5b68c803196f649c2152249d262d94a\",\"name\":\"AlterTour\",\"image\":{\"@type\":\"ImageObject\",\"inLanguage\":\"fr-FR\",\"@id\":\"https:\\\/\\\/secure.gravatar.com\\\/avatar\\\/3f2ed77f8506b8ea264ad5938bb0114bfa10f35b64086a66dfbb6e9f58ad9693?s=96&d=mm&r=g\",\"url\":\"https:\\\/\\\/secure.gravatar.com\\\/avatar\\\/3f2ed77f8506b8ea264ad5938bb0114bfa10f35b64086a66dfbb6e9f58ad9693?s=96&d=mm&r=g\",\"contentUrl\":\"https:\\\/\\\/secure.gravatar.com\\\/avatar\\\/3f2ed77f8506b8ea264ad5938bb0114bfa10f35b64086a66dfbb6e9f58ad9693?s=96&d=mm&r=g\",\"caption\":\"AlterTour\"},\"url\":\"https:\\\/\\\/www.altercampagne.net\\\/?author=215\"}]}<\/script>\n<!-- \/ Yoast SEO plugin. -->","yoast_head_json":{"title":"l'AlterTour 2025 roulera dans le sud-ouest !! - AlterTour","robots":{"index":"index","follow":"follow","max-snippet":"max-snippet:-1","max-image-preview":"max-image-preview:large","max-video-preview":"max-video-preview:-1"},"canonical":"https:\/\/www.altercampagne.net\/?p=28762","og_locale":"fr_FR","og_type":"article","og_title":"l'AlterTour 2025 roulera dans le sud-ouest !! - AlterTour","og_description":"La Pl\u00e9ni\u00e8re de rentr\u00e9e a donc choisi la zone g\u00e9ographique du prochain Tour ! L&rsquo;\u00e9quipe de d\u00e9frichage est en route pour aller farfouiller, fouiner, inventorier, contacter des Alternatives du coin ! Les d\u00e9partements concern\u00e9s : N&rsquo;h\u00e9site-pas \u00e0 donner un coup de main ! en rejoignant la team d\u00e9frichage ou en ... Read More","og_url":"https:\/\/www.altercampagne.net\/?p=28762","og_site_name":"AlterTour","article_published_time":"2024-10-11T08:37:38+00:00","article_modified_time":"2024-10-30T16:45:57+00:00","og_image":[{"width":2363,"height":2363,"url":"https:\/\/www.altercampagne.net\/wp-content\/uploads\/2024\/10\/AT25_Defrichage_fond-blanc__.png","type":"image\/png"}],"author":"AlterTour","twitter_card":"summary_large_image","twitter_misc":{"\u00c9crit par":"AlterTour","Dur\u00e9e de lecture estim\u00e9e":"1 minute"},"schema":{"@context":"https:\/\/schema.org","@graph":[{"@type":"Article","@id":"https:\/\/www.altercampagne.net\/?p=28762#article","isPartOf":{"@id":"https:\/\/www.altercampagne.net\/?p=28762"},"author":{"name":"AlterTour","@id":"https:\/\/www.altercampagne.net\/#\/schema\/person\/e5b68c803196f649c2152249d262d94a"},"headline":"l&rsquo;AlterTour 2025 roulera dans le sud-ouest !!","datePublished":"2024-10-11T08:37:38+00:00","dateModified":"2024-10-30T16:45:57+00:00","mainEntityOfPage":{"@id":"https:\/\/www.altercampagne.net\/?p=28762"},"wordCount":91,"image":{"@id":"https:\/\/www.altercampagne.net\/?p=28762#primaryimage"},"thumbnailUrl":"https:\/\/www.altercampagne.net\/wp-content\/uploads\/2024\/10\/AT25_Defrichage_fond-blanc__.png","articleSection":["\u00c9dition 2025","AlterTour","Programmes","Nouvelle-Aquitaine","Occitanie"],"inLanguage":"fr-FR"},{"@type":"WebPage","@id":"https:\/\/www.altercampagne.net\/?p=28762","url":"https:\/\/www.altercampagne.net\/?p=28762","name":"l'AlterTour 2025 roulera dans le sud-ouest !! - AlterTour","isPartOf":{"@id":"https:\/\/www.altercampagne.net\/#website"},"primaryImageOfPage":{"@id":"https:\/\/www.altercampagne.net\/?p=28762#primaryimage"},"image":{"@id":"https:\/\/www.altercampagne.net\/?p=28762#primaryimage"},"thumbnailUrl":"https:\/\/www.altercampagne.net\/wp-content\/uploads\/2024\/10\/AT25_Defrichage_fond-blanc__.png","datePublished":"2024-10-11T08:37:38+00:00","dateModified":"2024-10-30T16:45:57+00:00","author":{"@id":"https:\/\/www.altercampagne.net\/#\/schema\/person\/e5b68c803196f649c2152249d262d94a"},"breadcrumb":{"@id":"https:\/\/www.altercampagne.net\/?p=28762#breadcrumb"},"inLanguage":"fr-FR","potentialAction":[{"@type":"ReadAction","target":["https:\/\/www.altercampagne.net\/?p=28762"]}]},{"@type":"ImageObject","inLanguage":"fr-FR","@id":"https:\/\/www.altercampagne.net\/?p=28762#primaryimage","url":"https:\/\/www.altercampagne.net\/wp-content\/uploads\/2024\/10\/AT25_Defrichage_fond-blanc__.png","contentUrl":"https:\/\/www.altercampagne.net\/wp-content\/uploads\/2024\/10\/AT25_Defrichage_fond-blanc__.png","width":2363,"height":2363},{"@type":"BreadcrumbList","@id":"https:\/\/www.altercampagne.net\/?p=28762#breadcrumb","itemListElement":[{"@type":"ListItem","position":1,"name":"Accueil","item":"https:\/\/www.altercampagne.net\/"},{"@type":"ListItem","position":2,"name":"l&rsquo;AlterTour 2025 roulera dans le sud-ouest !!"}]},{"@type":"WebSite","@id":"https:\/\/www.altercampagne.net\/#website","url":"https:\/\/www.altercampagne.net\/","name":"AlterTour","description":"Reliez les Alternatives \u00e0 v\u00e9lo","potentialAction":[{"@type":"SearchAction","target":{"@type":"EntryPoint","urlTemplate":"https:\/\/www.altercampagne.net\/?s={search_term_string}"},"query-input":{"@type":"PropertyValueSpecification","valueRequired":true,"valueName":"search_term_string"}}],"inLanguage":"fr-FR"},{"@type":"Person","@id":"https:\/\/www.altercampagne.net\/#\/schema\/person\/e5b68c803196f649c2152249d262d94a","name":"AlterTour","image":{"@type":"ImageObject","inLanguage":"fr-FR","@id":"https:\/\/secure.gravatar.com\/avatar\/3f2ed77f8506b8ea264ad5938bb0114bfa10f35b64086a66dfbb6e9f58ad9693?s=96&d=mm&r=g","url":"https:\/\/secure.gravatar.com\/avatar\/3f2ed77f8506b8ea264ad5938bb0114bfa10f35b64086a66dfbb6e9f58ad9693?s=96&d=mm&r=g","contentUrl":"https:\/\/secure.gravatar.com\/avatar\/3f2ed77f8506b8ea264ad5938bb0114bfa10f35b64086a66dfbb6e9f58ad9693?s=96&d=mm&r=g","caption":"AlterTour"},"url":"https:\/\/www.altercampagne.net\/?author=215"}]}},"_links":{"self":[{"href":"https:\/\/www.altercampagne.net\/index.php?rest_route=\/wp\/v2\/posts\/28762","targetHints":{"allow":["GET"]}}],"collection":[{"href":"https:\/\/www.altercampagne.net\/index.php?rest_route=\/wp\/v2\/posts"}],"about":[{"href":"https:\/\/www.altercampagne.net\/index.php?rest_route=\/wp\/v2\/types\/post"}],"author":[{"embeddable":true,"href":"https:\/\/www.altercampagne.net\/index.php?rest_route=\/wp\/v2\/users\/215"}],"replies":[{"embeddable":true,"href":"https:\/\/www.altercampagne.net\/index.php?rest_route=%2Fwp%2Fv2%2Fcomments&post=28762"}],"version-history":[{"count":7,"href":"https:\/\/www.altercampagne.net\/index.php?rest_route=\/wp\/v2\/posts\/28762\/revisions"}],"predecessor-version":[{"id":28780,"href":"https:\/\/www.altercampagne.net\/index.php?rest_route=\/wp\/v2\/posts\/28762\/revisions\/28780"}],"wp:featuredmedia":[{"embeddable":true,"href":"https:\/\/www.altercampagne.net\/index.php?rest_route=\/wp\/v2\/media\/28774"}],"wp:attachment":[{"href":"https:\/\/www.altercampagne.net\/index.php?rest_route=%2Fwp%2Fv2%2Fmedia&parent=28762"}],"wp:term":[{"taxonomy":"category","embeddable":true,"href":"https:\/\/www.altercampagne.net\/index.php?rest_route=%2Fwp%2Fv2%2Fcategories&post=28762"},{"taxonomy":"post_tag","embeddable":true,"href":"https:\/\/www.altercampagne.net\/index.php?rest_route=%2Fwp%2Fv2%2Ftags&post=28762"}],"curies":[{"name":"wp","href":"https:\/\/api.w.org\/{rel}","templated":true}]}}