{"id":28784,"date":"2014-07-29T21:39:00","date_gmt":"2014-07-29T19:39:00","guid":{"rendered":"https:\/\/www.altercampagne.net\/?p=28784"},"modified":"2024-10-28T14:25:33","modified_gmt":"2024-10-28T13:25:33","slug":"brasserie-de-la-vezere-dinge-son-a-brasseur","status":"publish","type":"post","link":"https:\/\/www.altercampagne.net\/?p=28784","title":{"rendered":"Brasserie de la V\u00e9z\u00e8re, la bi\u00e8re qui ambiance la Corr\u00e8ze"},"content":{"rendered":"\n<p>Aujourd&rsquo;hui, la <strong><a href=\"https:\/\/www.brasserie-vezere.fr\/\" target=\"_blank\" rel=\"noreferrer noopener\">Brasserie de la V\u00e9z\u00e8re<\/a><\/strong> \u00e0 Uzerche (Corr\u00e8ze) a accueilli l\u2019AlterTour pour une pause qui, disons-le, tombait \u00e0 pic apr\u00e8s 47 km en une matin\u00e9e. Entre fatigue et soif bien m\u00e9rit\u00e9e, l&rsquo;arriv\u00e9e \u00e0 la brasserie \u00e9tait plus qu&rsquo;attendue. C\u2019est l\u00e0 que Joachim Chanliaud, le cr\u00e9ateur de l&rsquo;endroit, a pris la parole pour partager son parcours atypique.<\/p>\n\n\n\n<p>Joachim n\u2019a pas toujours \u00e9t\u00e9 brasseur. Avant de s\u2019installer en Corr\u00e8ze, il \u00e9tait ing\u00e9nieur du son \u00e0 Paris. Oui, le mec mixait des sons, et maintenant il mixe des malts et du houblon ! Mais un jour, il en a eu marre de la vie parisienne et a d\u00e9cid\u00e9 de suivre sa copine dans le coin. Apr\u00e8s avoir boss\u00e9 sur des sites web \u00e0 distance, il a r\u00e9alis\u00e9 que c\u2019\u00e9tait le moment de changer de voie. Le d\u00e9clic ? Une d\u00e9mo de brassage amateur. Il s\u2019est lanc\u00e9 dans des exp\u00e9rimentations dans sa cuisine, on imagine quelques rat\u00e9s, mais aussi de belles r\u00e9ussites.<\/p>\n\n\n\n<p>Et en 2013, la Brasserie de la V\u00e9z\u00e8re est n\u00e9e, avec du matos de seconde main. Aujourd&rsquo;hui, Joachim brasse des bi\u00e8res bio, labellis\u00e9es AB et Nature &amp; Progr\u00e8s. Au menu ? Une blanche \u00e0 la fleur de sureau, une ambr\u00e9e, et m\u00eame des bi\u00e8res sp\u00e9ciales comme une IPA ou une bi\u00e8re au seigle. Il cultive lui-m\u00eame une partie de son orge pour boucler la boucle locale.<\/p>\n\n\n\n<p>Cette rencontre avec Joachim n\u2019\u00e9tait pas juste une pause, c\u2019\u00e9tait un vrai moment de partage autour de sa passion, de la bi\u00e8re. Les Altercyclistes sont repartis avec des \u00e9toiles plein les yeux et quelques bonnes gorg\u00e9es de bi\u00e8res locales dans le ventre. <\/p>\n\n\n\n<p class=\"has-text-align-right\"><strong>Mathieu<\/strong><\/p>\n","protected":false},"excerpt":{"rendered":"<p>Joachim n\u2019a pas toujours \u00e9t\u00e9 brasseur. Avant de s\u2019installer en Corr\u00e8ze, il \u00e9tait ing\u00e9nieur du son \u00e0 Paris. Oui, le mec mixait des sons, et maintenant il mixe des malts et du houblon ! Mais un jour, il en a eu marre de la vie parisienne et a d\u00e9cid\u00e9 de suivre sa copine dans le coin. Apr\u00e8s avoir boss\u00e9 sur des sites web \u00e0 distance, il a r\u00e9alis\u00e9 que c\u2019\u00e9tait le moment de changer de voie. Le d\u00e9clic ? Une d\u00e9mo de brassage amateur. Il s\u2019est lanc\u00e9 dans des exp\u00e9rimentations dans sa cuisine, on imagine quelques rat\u00e9s, mais aussi de belles r\u00e9ussites.<\/p>\n","protected":false},"author":214,"featured_media":12814,"comment_status":"closed","ping_status":"closed","sticky":false,"template":"","format":"standard","meta":{"footnotes":""},"categories":[4037,3479,3461],"tags":[552,1124,1190,1651,4466,4510,4512,4513,4514,4515,4516,4517,4518],"class_list":["post-28784","post","type-post","status-publish","format-standard","has-post-thumbnail","hentry","category-biere","category-nouvelle-aquitaine","category-edition-2014","tag-mathieu-fromont","tag-correze","tag-vezere","tag-uzerche","tag-brasserie-artisanale","tag-brasserie-bio","tag-brasserie-de-la-vezere","tag-joachim-chanliaud","tag-ingenieur-du-son","tag-brasserie-uzerche","tag-brasserie-correze","tag-biere-correze","tag-4518"],"yoast_head":"<!-- This site is optimized with the Yoast SEO plugin v27.3 - https:\/\/yoast.com\/product\/yoast-seo-wordpress\/ -->\n<title>Brasserie de la V\u00e9z\u00e8re, la bi\u00e8re qui ambiance la Corr\u00e8ze - AlterTour<\/title>\n<meta name=\"robots\" content=\"index, follow, max-snippet:-1, max-image-preview:large, max-video-preview:-1\" \/>\n<link rel=\"canonical\" href=\"https:\/\/www.altercampagne.net\/?p=28784\" \/>\n<meta property=\"og:locale\" content=\"fr_FR\" \/>\n<meta property=\"og:type\" content=\"article\" \/>\n<meta property=\"og:title\" content=\"Brasserie de la V\u00e9z\u00e8re, la bi\u00e8re qui ambiance la Corr\u00e8ze - AlterTour\" \/>\n<meta property=\"og:description\" content=\"Joachim n\u2019a pas toujours \u00e9t\u00e9 brasseur. Avant de s\u2019installer en Corr\u00e8ze, il \u00e9tait ing\u00e9nieur du son \u00e0 Paris. Oui, le mec mixait des sons, et maintenant il mixe des malts et du houblon ! Mais un jour, il en a eu marre de la vie parisienne et a d\u00e9cid\u00e9 de suivre sa copine dans le coin. Apr\u00e8s avoir boss\u00e9 sur des sites web \u00e0 distance, il a r\u00e9alis\u00e9 que c\u2019\u00e9tait le moment de changer de voie. Le d\u00e9clic ? Une d\u00e9mo de brassage amateur. Il s\u2019est lanc\u00e9 dans des exp\u00e9rimentations dans sa cuisine, on imagine quelques rat\u00e9s, mais aussi de belles r\u00e9ussites.\" \/>\n<meta property=\"og:url\" content=\"https:\/\/www.altercampagne.net\/?p=28784\" \/>\n<meta property=\"og:site_name\" content=\"AlterTour\" \/>\n<meta property=\"article:published_time\" content=\"2014-07-29T19:39:00+00:00\" \/>\n<meta property=\"article:modified_time\" content=\"2024-10-28T13:25:33+00:00\" \/>\n<meta property=\"og:image\" content=\"https:\/\/www.altercampagne.net\/wp-content\/uploads\/2019\/01\/2014-07-29_13.35.07_8323.jpg\" \/>\n\t<meta property=\"og:image:width\" content=\"900\" \/>\n\t<meta property=\"og:image:height\" content=\"471\" \/>\n\t<meta property=\"og:image:type\" content=\"image\/jpeg\" \/>\n<meta name=\"author\" content=\"Mathieu\" \/>\n<meta name=\"twitter:card\" content=\"summary_large_image\" \/>\n<meta name=\"twitter:label1\" content=\"\u00c9crit par\" \/>\n\t<meta name=\"twitter:data1\" content=\"Mathieu\" \/>\n\t<meta name=\"twitter:label2\" content=\"Dur\u00e9e de lecture estim\u00e9e\" \/>\n\t<meta name=\"twitter:data2\" content=\"2 minutes\" \/>\n<script type=\"application\/ld+json\" class=\"yoast-schema-graph\">{\"@context\":\"https:\\\/\\\/schema.org\",\"@graph\":[{\"@type\":\"Article\",\"@id\":\"https:\\\/\\\/www.altercampagne.net\\\/?p=28784#article\",\"isPartOf\":{\"@id\":\"https:\\\/\\\/www.altercampagne.net\\\/?p=28784\"},\"author\":{\"name\":\"Mathieu\",\"@id\":\"https:\\\/\\\/www.altercampagne.net\\\/#\\\/schema\\\/person\\\/0f261460c09e430caa0f9bcffa319109\"},\"headline\":\"Brasserie de la V\u00e9z\u00e8re, la bi\u00e8re qui ambiance la Corr\u00e8ze\",\"datePublished\":\"2014-07-29T19:39:00+00:00\",\"dateModified\":\"2024-10-28T13:25:33+00:00\",\"mainEntityOfPage\":{\"@id\":\"https:\\\/\\\/www.altercampagne.net\\\/?p=28784\"},\"wordCount\":318,\"image\":{\"@id\":\"https:\\\/\\\/www.altercampagne.net\\\/?p=28784#primaryimage\"},\"thumbnailUrl\":\"https:\\\/\\\/www.altercampagne.net\\\/wp-content\\\/uploads\\\/2019\\\/01\\\/2014-07-29_13.35.07_8323.jpg\",\"keywords\":[\"Mathieu Fromont\",\"Corr\u00e8ze\",\"V\u00e9z\u00e8re\",\"Uzerche\",\"Brasserie Artisanale\",\"brasserie bio\",\"Brasserie de la v\u00e9z\u00e8re\",\"Joachim Chanliaud\",\"ing\u00e9nieur du son\",\"brasserie Uz\u00e8rche\",\"brasserie corr\u00e8ze\",\"bi\u00e8re Corr\u00e8ze\",\"19\"],\"articleSection\":[\"Bi\u00e8re\",\"Nouvelle-Aquitaine\",\"\u00c9dition 2014\"],\"inLanguage\":\"fr-FR\"},{\"@type\":\"WebPage\",\"@id\":\"https:\\\/\\\/www.altercampagne.net\\\/?p=28784\",\"url\":\"https:\\\/\\\/www.altercampagne.net\\\/?p=28784\",\"name\":\"Brasserie de la V\u00e9z\u00e8re, la bi\u00e8re qui ambiance la Corr\u00e8ze - AlterTour\",\"isPartOf\":{\"@id\":\"https:\\\/\\\/www.altercampagne.net\\\/#website\"},\"primaryImageOfPage\":{\"@id\":\"https:\\\/\\\/www.altercampagne.net\\\/?p=28784#primaryimage\"},\"image\":{\"@id\":\"https:\\\/\\\/www.altercampagne.net\\\/?p=28784#primaryimage\"},\"thumbnailUrl\":\"https:\\\/\\\/www.altercampagne.net\\\/wp-content\\\/uploads\\\/2019\\\/01\\\/2014-07-29_13.35.07_8323.jpg\",\"datePublished\":\"2014-07-29T19:39:00+00:00\",\"dateModified\":\"2024-10-28T13:25:33+00:00\",\"author\":{\"@id\":\"https:\\\/\\\/www.altercampagne.net\\\/#\\\/schema\\\/person\\\/0f261460c09e430caa0f9bcffa319109\"},\"breadcrumb\":{\"@id\":\"https:\\\/\\\/www.altercampagne.net\\\/?p=28784#breadcrumb\"},\"inLanguage\":\"fr-FR\",\"potentialAction\":[{\"@type\":\"ReadAction\",\"target\":[\"https:\\\/\\\/www.altercampagne.net\\\/?p=28784\"]}]},{\"@type\":\"ImageObject\",\"inLanguage\":\"fr-FR\",\"@id\":\"https:\\\/\\\/www.altercampagne.net\\\/?p=28784#primaryimage\",\"url\":\"https:\\\/\\\/www.altercampagne.net\\\/wp-content\\\/uploads\\\/2019\\\/01\\\/2014-07-29_13.35.07_8323.jpg\",\"contentUrl\":\"https:\\\/\\\/www.altercampagne.net\\\/wp-content\\\/uploads\\\/2019\\\/01\\\/2014-07-29_13.35.07_8323.jpg\",\"width\":900,\"height\":471,\"caption\":\"Brasserie de la V\u00e9z\u00e8re \u00e0 Uz\u00e8rche\"},{\"@type\":\"BreadcrumbList\",\"@id\":\"https:\\\/\\\/www.altercampagne.net\\\/?p=28784#breadcrumb\",\"itemListElement\":[{\"@type\":\"ListItem\",\"position\":1,\"name\":\"Accueil\",\"item\":\"https:\\\/\\\/www.altercampagne.net\\\/\"},{\"@type\":\"ListItem\",\"position\":2,\"name\":\"Brasserie de la V\u00e9z\u00e8re, la bi\u00e8re qui ambiance la Corr\u00e8ze\"}]},{\"@type\":\"WebSite\",\"@id\":\"https:\\\/\\\/www.altercampagne.net\\\/#website\",\"url\":\"https:\\\/\\\/www.altercampagne.net\\\/\",\"name\":\"AlterTour\",\"description\":\"Reliez les Alternatives \u00e0 v\u00e9lo\",\"potentialAction\":[{\"@type\":\"SearchAction\",\"target\":{\"@type\":\"EntryPoint\",\"urlTemplate\":\"https:\\\/\\\/www.altercampagne.net\\\/?s={search_term_string}\"},\"query-input\":{\"@type\":\"PropertyValueSpecification\",\"valueRequired\":true,\"valueName\":\"search_term_string\"}}],\"inLanguage\":\"fr-FR\"},{\"@type\":\"Person\",\"@id\":\"https:\\\/\\\/www.altercampagne.net\\\/#\\\/schema\\\/person\\\/0f261460c09e430caa0f9bcffa319109\",\"name\":\"Mathieu\",\"image\":{\"@type\":\"ImageObject\",\"inLanguage\":\"fr-FR\",\"@id\":\"https:\\\/\\\/secure.gravatar.com\\\/avatar\\\/aa9d3d24c83f2141e5e2709d0f63d09a99f6be6bb7a50abc4915838d9f54501a?s=96&d=mm&r=g\",\"url\":\"https:\\\/\\\/secure.gravatar.com\\\/avatar\\\/aa9d3d24c83f2141e5e2709d0f63d09a99f6be6bb7a50abc4915838d9f54501a?s=96&d=mm&r=g\",\"contentUrl\":\"https:\\\/\\\/secure.gravatar.com\\\/avatar\\\/aa9d3d24c83f2141e5e2709d0f63d09a99f6be6bb7a50abc4915838d9f54501a?s=96&d=mm&r=g\",\"caption\":\"Mathieu\"},\"url\":\"https:\\\/\\\/www.altercampagne.net\\\/?author=214\"}]}<\/script>\n<!-- \/ Yoast SEO plugin. -->","yoast_head_json":{"title":"Brasserie de la V\u00e9z\u00e8re, la bi\u00e8re qui ambiance la Corr\u00e8ze - AlterTour","robots":{"index":"index","follow":"follow","max-snippet":"max-snippet:-1","max-image-preview":"max-image-preview:large","max-video-preview":"max-video-preview:-1"},"canonical":"https:\/\/www.altercampagne.net\/?p=28784","og_locale":"fr_FR","og_type":"article","og_title":"Brasserie de la V\u00e9z\u00e8re, la bi\u00e8re qui ambiance la Corr\u00e8ze - AlterTour","og_description":"Joachim n\u2019a pas toujours \u00e9t\u00e9 brasseur. Avant de s\u2019installer en Corr\u00e8ze, il \u00e9tait ing\u00e9nieur du son \u00e0 Paris. Oui, le mec mixait des sons, et maintenant il mixe des malts et du houblon ! Mais un jour, il en a eu marre de la vie parisienne et a d\u00e9cid\u00e9 de suivre sa copine dans le coin. Apr\u00e8s avoir boss\u00e9 sur des sites web \u00e0 distance, il a r\u00e9alis\u00e9 que c\u2019\u00e9tait le moment de changer de voie. Le d\u00e9clic ? Une d\u00e9mo de brassage amateur. Il s\u2019est lanc\u00e9 dans des exp\u00e9rimentations dans sa cuisine, on imagine quelques rat\u00e9s, mais aussi de belles r\u00e9ussites.","og_url":"https:\/\/www.altercampagne.net\/?p=28784","og_site_name":"AlterTour","article_published_time":"2014-07-29T19:39:00+00:00","article_modified_time":"2024-10-28T13:25:33+00:00","og_image":[{"width":900,"height":471,"url":"https:\/\/www.altercampagne.net\/wp-content\/uploads\/2019\/01\/2014-07-29_13.35.07_8323.jpg","type":"image\/jpeg"}],"author":"Mathieu","twitter_card":"summary_large_image","twitter_misc":{"\u00c9crit par":"Mathieu","Dur\u00e9e de lecture estim\u00e9e":"2 minutes"},"schema":{"@context":"https:\/\/schema.org","@graph":[{"@type":"Article","@id":"https:\/\/www.altercampagne.net\/?p=28784#article","isPartOf":{"@id":"https:\/\/www.altercampagne.net\/?p=28784"},"author":{"name":"Mathieu","@id":"https:\/\/www.altercampagne.net\/#\/schema\/person\/0f261460c09e430caa0f9bcffa319109"},"headline":"Brasserie de la V\u00e9z\u00e8re, la bi\u00e8re qui ambiance la Corr\u00e8ze","datePublished":"2014-07-29T19:39:00+00:00","dateModified":"2024-10-28T13:25:33+00:00","mainEntityOfPage":{"@id":"https:\/\/www.altercampagne.net\/?p=28784"},"wordCount":318,"image":{"@id":"https:\/\/www.altercampagne.net\/?p=28784#primaryimage"},"thumbnailUrl":"https:\/\/www.altercampagne.net\/wp-content\/uploads\/2019\/01\/2014-07-29_13.35.07_8323.jpg","keywords":["Mathieu Fromont","Corr\u00e8ze","V\u00e9z\u00e8re","Uzerche","Brasserie Artisanale","brasserie bio","Brasserie de la v\u00e9z\u00e8re","Joachim Chanliaud","ing\u00e9nieur du son","brasserie Uz\u00e8rche","brasserie corr\u00e8ze","bi\u00e8re Corr\u00e8ze","19"],"articleSection":["Bi\u00e8re","Nouvelle-Aquitaine","\u00c9dition 2014"],"inLanguage":"fr-FR"},{"@type":"WebPage","@id":"https:\/\/www.altercampagne.net\/?p=28784","url":"https:\/\/www.altercampagne.net\/?p=28784","name":"Brasserie de la V\u00e9z\u00e8re, la bi\u00e8re qui ambiance la Corr\u00e8ze - AlterTour","isPartOf":{"@id":"https:\/\/www.altercampagne.net\/#website"},"primaryImageOfPage":{"@id":"https:\/\/www.altercampagne.net\/?p=28784#primaryimage"},"image":{"@id":"https:\/\/www.altercampagne.net\/?p=28784#primaryimage"},"thumbnailUrl":"https:\/\/www.altercampagne.net\/wp-content\/uploads\/2019\/01\/2014-07-29_13.35.07_8323.jpg","datePublished":"2014-07-29T19:39:00+00:00","dateModified":"2024-10-28T13:25:33+00:00","author":{"@id":"https:\/\/www.altercampagne.net\/#\/schema\/person\/0f261460c09e430caa0f9bcffa319109"},"breadcrumb":{"@id":"https:\/\/www.altercampagne.net\/?p=28784#breadcrumb"},"inLanguage":"fr-FR","potentialAction":[{"@type":"ReadAction","target":["https:\/\/www.altercampagne.net\/?p=28784"]}]},{"@type":"ImageObject","inLanguage":"fr-FR","@id":"https:\/\/www.altercampagne.net\/?p=28784#primaryimage","url":"https:\/\/www.altercampagne.net\/wp-content\/uploads\/2019\/01\/2014-07-29_13.35.07_8323.jpg","contentUrl":"https:\/\/www.altercampagne.net\/wp-content\/uploads\/2019\/01\/2014-07-29_13.35.07_8323.jpg","width":900,"height":471,"caption":"Brasserie de la V\u00e9z\u00e8re \u00e0 Uz\u00e8rche"},{"@type":"BreadcrumbList","@id":"https:\/\/www.altercampagne.net\/?p=28784#breadcrumb","itemListElement":[{"@type":"ListItem","position":1,"name":"Accueil","item":"https:\/\/www.altercampagne.net\/"},{"@type":"ListItem","position":2,"name":"Brasserie de la V\u00e9z\u00e8re, la bi\u00e8re qui ambiance la Corr\u00e8ze"}]},{"@type":"WebSite","@id":"https:\/\/www.altercampagne.net\/#website","url":"https:\/\/www.altercampagne.net\/","name":"AlterTour","description":"Reliez les Alternatives \u00e0 v\u00e9lo","potentialAction":[{"@type":"SearchAction","target":{"@type":"EntryPoint","urlTemplate":"https:\/\/www.altercampagne.net\/?s={search_term_string}"},"query-input":{"@type":"PropertyValueSpecification","valueRequired":true,"valueName":"search_term_string"}}],"inLanguage":"fr-FR"},{"@type":"Person","@id":"https:\/\/www.altercampagne.net\/#\/schema\/person\/0f261460c09e430caa0f9bcffa319109","name":"Mathieu","image":{"@type":"ImageObject","inLanguage":"fr-FR","@id":"https:\/\/secure.gravatar.com\/avatar\/aa9d3d24c83f2141e5e2709d0f63d09a99f6be6bb7a50abc4915838d9f54501a?s=96&d=mm&r=g","url":"https:\/\/secure.gravatar.com\/avatar\/aa9d3d24c83f2141e5e2709d0f63d09a99f6be6bb7a50abc4915838d9f54501a?s=96&d=mm&r=g","contentUrl":"https:\/\/secure.gravatar.com\/avatar\/aa9d3d24c83f2141e5e2709d0f63d09a99f6be6bb7a50abc4915838d9f54501a?s=96&d=mm&r=g","caption":"Mathieu"},"url":"https:\/\/www.altercampagne.net\/?author=214"}]}},"_links":{"self":[{"href":"https:\/\/www.altercampagne.net\/index.php?rest_route=\/wp\/v2\/posts\/28784","targetHints":{"allow":["GET"]}}],"collection":[{"href":"https:\/\/www.altercampagne.net\/index.php?rest_route=\/wp\/v2\/posts"}],"about":[{"href":"https:\/\/www.altercampagne.net\/index.php?rest_route=\/wp\/v2\/types\/post"}],"author":[{"embeddable":true,"href":"https:\/\/www.altercampagne.net\/index.php?rest_route=\/wp\/v2\/users\/214"}],"replies":[{"embeddable":true,"href":"https:\/\/www.altercampagne.net\/index.php?rest_route=%2Fwp%2Fv2%2Fcomments&post=28784"}],"version-history":[{"count":7,"href":"https:\/\/www.altercampagne.net\/index.php?rest_route=\/wp\/v2\/posts\/28784\/revisions"}],"predecessor-version":[{"id":28827,"href":"https:\/\/www.altercampagne.net\/index.php?rest_route=\/wp\/v2\/posts\/28784\/revisions\/28827"}],"wp:featuredmedia":[{"embeddable":true,"href":"https:\/\/www.altercampagne.net\/index.php?rest_route=\/wp\/v2\/media\/12814"}],"wp:attachment":[{"href":"https:\/\/www.altercampagne.net\/index.php?rest_route=%2Fwp%2Fv2%2Fmedia&parent=28784"}],"wp:term":[{"taxonomy":"category","embeddable":true,"href":"https:\/\/www.altercampagne.net\/index.php?rest_route=%2Fwp%2Fv2%2Fcategories&post=28784"},{"taxonomy":"post_tag","embeddable":true,"href":"https:\/\/www.altercampagne.net\/index.php?rest_route=%2Fwp%2Fv2%2Ftags&post=28784"}],"curies":[{"name":"wp","href":"https:\/\/api.w.org\/{rel}","templated":true}]}}