{"id":28867,"date":"2024-11-10T15:41:53","date_gmt":"2024-11-10T14:41:53","guid":{"rendered":"https:\/\/www.altercampagne.net\/?p=28867"},"modified":"2024-11-13T21:44:21","modified_gmt":"2024-11-13T20:44:21","slug":"defrichage-assemblee-generale-formations-la-studieuse-pleniere-de-lyon-jette-les-bases-de-laltertour-2025","status":"publish","type":"post","link":"https:\/\/www.altercampagne.net\/?p=28867","title":{"rendered":"D\u00e9frichage, Assembl\u00e9e g\u00e9n\u00e9rale, formations\u2026 \u2013 La (studieuse\u00a0!) pl\u00e9ni\u00e8re de Lyon jette les bases de l\u2019Altertour 2025\u00a0!"},"content":{"rendered":"\n<p>\u00ab&nbsp;super excit\u00e9e&nbsp;\u00bb, \u00ab&nbsp;tr\u00e8s satisfait&nbsp;\u00bb, \u00ab&nbsp;stimul\u00e9&nbsp;\u00bb, \u00ab&nbsp;crev\u00e9e mais ravie&nbsp;\u00bb\u2026 Apr\u00e8s 3 jours intenses de pl\u00e9ni\u00e8re (quasi) non-stop, voici un petit \u00e9chantillon de ce que l\u2019on pouvait entendre lors du cercle de cl\u00f4ture de ce dimanche apr\u00e8s-midi. Entre d\u00e9frichage, AG, formations, travaux en groupe ou en pl\u00e9ni\u00e8re, les adh\u00e9rent.e.s pr\u00e9sent.e.s \u00e0 cette deuxi\u00e8me assembl\u00e9e pl\u00e9ni\u00e8re de l\u2019ann\u00e9e 2024-2024, et qui s\u2019est d\u00e9roul\u00e9 v<strong>endredi 1<\/strong><sup><strong>er<\/strong><\/sup><strong>, samedi 2 et dimanche 3 novembre, <\/strong>se sont en effet donn\u00e9s \u00e0 fond&nbsp;! C\u2019est \u00e0 Villeurbanne, plus pr\u00e9cis\u00e9ment \u00e0 \u00ab&nbsp;La cord\u00e9e&nbsp;\u00bb &#8211; un lieu de coworking agr\u00e9able (et tr\u00e8s bois\u00e9) \u2013 qu\u2019a eu lieu ce traditionnel rassemblement.<\/p>\n\n\n\n<figure class=\"wp-block-image size-large\"><a href=\"https:\/\/www.altercampagne.net\/wp-content\/uploads\/2024\/11\/462553611_510302548630897_3430580209232970557_n.jpg\"><img loading=\"lazy\" decoding=\"async\" width=\"1024\" height=\"768\" src=\"https:\/\/www.altercampagne.net\/wp-content\/uploads\/2024\/11\/462553611_510302548630897_3430580209232970557_n-1024x768.jpg\" alt=\"\" class=\"wp-image-28868\" srcset=\"https:\/\/www.altercampagne.net\/wp-content\/uploads\/2024\/11\/462553611_510302548630897_3430580209232970557_n-1024x768.jpg 1024w, https:\/\/www.altercampagne.net\/wp-content\/uploads\/2024\/11\/462553611_510302548630897_3430580209232970557_n-300x225.jpg 300w, https:\/\/www.altercampagne.net\/wp-content\/uploads\/2024\/11\/462553611_510302548630897_3430580209232970557_n-768x576.jpg 768w, https:\/\/www.altercampagne.net\/wp-content\/uploads\/2024\/11\/462553611_510302548630897_3430580209232970557_n-1536x1152.jpg 1536w, https:\/\/www.altercampagne.net\/wp-content\/uploads\/2024\/11\/462553611_510302548630897_3430580209232970557_n-100x75.jpg 100w, https:\/\/www.altercampagne.net\/wp-content\/uploads\/2024\/11\/462553611_510302548630897_3430580209232970557_n-862x647.jpg 862w, https:\/\/www.altercampagne.net\/wp-content\/uploads\/2024\/11\/462553611_510302548630897_3430580209232970557_n-1140x855.jpg 1140w, https:\/\/www.altercampagne.net\/wp-content\/uploads\/2024\/11\/462553611_510302548630897_3430580209232970557_n.jpg 1600w\" sizes=\"auto, (max-width: 1024px) 100vw, 1024px\" \/><\/a><\/figure>\n\n\n\n<p>Apr\u00e8s une pl\u00e9ni\u00e8re de rentr\u00e9e \u00e0 Paris, qui a fait, cette ann\u00e9e encore, un carton et a \u00e9t\u00e9 l\u2019occasion de se (re)trouver et de d\u00e9cider, entre autres, des r\u00e9gions o\u00f9 se d\u00e9roulera l\u2019Altertour l\u2019\u00e9t\u00e9 prochain, cette deuxi\u00e8me \u00e9dition, plus intimiste, a \u00e9t\u00e9 l\u2019occasion d\u2019approfondir les chemins de r\u00e9flexions et les chantiers, ouverts en septembre. <strong>Les 33 adh\u00e9rent.e.s qui se sont rassembl\u00e9.e.s ont pu \u00e9changer et travailler autour de 3 grands chantiers de l\u2019Altertour<\/strong>&nbsp;:<\/p>\n\n\n\n<p>Tout d\u2019abord, <strong>le d\u00e9frichage&nbsp;des \u00e9tapes de l\u2019Altertour 2025.<\/strong> Des membres de l\u2019\u00e9quipe de d\u00e9frichage ont fait un bilan, vendredi matin, des alternatives d\u00e9couvertes (et des Alternatives d\u00e9j\u00e0 connues et\/ou rencontr\u00e9es) entre le pays Basque et la Creuse, en passant m\u00eame parfois par l\u2019Espagne&nbsp;! Une bonne partie de la pl\u00e9ni\u00e8re a \u00e9t\u00e9 consacr\u00e9e \u00e0 la recherche d\u2019autres alternatives et \u00e0 la prise de contact des alternatives existantes, par mail et surtout par t\u00e9l\u00e9phone. C\u2019est un gros morceau auquel nous nous sommes tou.te.s attaqu\u00e9s, mais qui s\u2019est achev\u00e9 par le sentiment d\u2019avoir bien avanc\u00e9. Ces 3 jours furent aussi l\u2019occasion d\u2019ouvrir plusieurs chantiers et d\u2019avancer un peu. Quelques exemples&nbsp;: proposition de r\u00e9flexion autour de la gestion des conflits par le cercle vivre-ensemble, de la d\u00e9finition du r\u00f4le d\u2019oreille attentive sur le tour, autour de la d\u00e9finition du poste de coordo des pr\u00e9pas \u00e9tapes, du rangement de l\u2019Iv\u00e9co (et j\u2019en passe\u2026). N\u2019h\u00e9sitez pas \u00e0 consulter le compte rendu de la pl\u00e9ni\u00e8re pour ne rien louper de tout cela.<\/p>\n\n\n\n<div class=\"wp-block-columns is-layout-flex wp-container-core-columns-is-layout-9d6595d7 wp-block-columns-is-layout-flex\">\n<div class=\"wp-block-column is-layout-flow wp-block-column-is-layout-flow\" style=\"flex-basis:100%\">\n<figure class=\"wp-block-gallery has-nested-images columns-default is-cropped wp-block-gallery-1 is-layout-flex wp-block-gallery-is-layout-flex\">\n<figure class=\"wp-block-image size-large\"><a href=\"https:\/\/www.altercampagne.net\/wp-content\/uploads\/2024\/11\/462539793_526606876851658_1230328489853548380_n.jpg\"><img loading=\"lazy\" decoding=\"async\" width=\"576\" height=\"1024\" data-id=\"28874\" src=\"https:\/\/www.altercampagne.net\/wp-content\/uploads\/2024\/11\/462539793_526606876851658_1230328489853548380_n-576x1024.jpg\" alt=\"\" class=\"wp-image-28874\" srcset=\"https:\/\/www.altercampagne.net\/wp-content\/uploads\/2024\/11\/462539793_526606876851658_1230328489853548380_n-576x1024.jpg 576w, https:\/\/www.altercampagne.net\/wp-content\/uploads\/2024\/11\/462539793_526606876851658_1230328489853548380_n-169x300.jpg 169w, https:\/\/www.altercampagne.net\/wp-content\/uploads\/2024\/11\/462539793_526606876851658_1230328489853548380_n-768x1365.jpg 768w, https:\/\/www.altercampagne.net\/wp-content\/uploads\/2024\/11\/462539793_526606876851658_1230328489853548380_n-864x1536.jpg 864w, https:\/\/www.altercampagne.net\/wp-content\/uploads\/2024\/11\/462539793_526606876851658_1230328489853548380_n-100x178.jpg 100w, https:\/\/www.altercampagne.net\/wp-content\/uploads\/2024\/11\/462539793_526606876851658_1230328489853548380_n-862x1532.jpg 862w, https:\/\/www.altercampagne.net\/wp-content\/uploads\/2024\/11\/462539793_526606876851658_1230328489853548380_n.jpg 900w\" sizes=\"auto, (max-width: 576px) 100vw, 576px\" \/><\/a><\/figure>\n\n\n\n<figure class=\"wp-block-image size-large\"><a href=\"https:\/\/www.altercampagne.net\/wp-content\/uploads\/2024\/11\/462559156_580503807746736_5980749053246324912_n.jpg\"><img loading=\"lazy\" decoding=\"async\" width=\"768\" height=\"1024\" data-id=\"28872\" src=\"https:\/\/www.altercampagne.net\/wp-content\/uploads\/2024\/11\/462559156_580503807746736_5980749053246324912_n-768x1024.jpg\" alt=\"\" class=\"wp-image-28872\" srcset=\"https:\/\/www.altercampagne.net\/wp-content\/uploads\/2024\/11\/462559156_580503807746736_5980749053246324912_n-768x1024.jpg 768w, https:\/\/www.altercampagne.net\/wp-content\/uploads\/2024\/11\/462559156_580503807746736_5980749053246324912_n-225x300.jpg 225w, https:\/\/www.altercampagne.net\/wp-content\/uploads\/2024\/11\/462559156_580503807746736_5980749053246324912_n-1152x1536.jpg 1152w, https:\/\/www.altercampagne.net\/wp-content\/uploads\/2024\/11\/462559156_580503807746736_5980749053246324912_n-100x133.jpg 100w, https:\/\/www.altercampagne.net\/wp-content\/uploads\/2024\/11\/462559156_580503807746736_5980749053246324912_n-862x1149.jpg 862w, https:\/\/www.altercampagne.net\/wp-content\/uploads\/2024\/11\/462559156_580503807746736_5980749053246324912_n-1140x1520.jpg 1140w, https:\/\/www.altercampagne.net\/wp-content\/uploads\/2024\/11\/462559156_580503807746736_5980749053246324912_n.jpg 1200w\" sizes=\"auto, (max-width: 768px) 100vw, 768px\" \/><\/a><\/figure>\n\n\n\n<figure class=\"wp-block-image size-large\"><a href=\"https:\/\/www.altercampagne.net\/wp-content\/uploads\/2024\/11\/462556419_1997635033995696_2811268009798442120_n-1.jpg\"><img loading=\"lazy\" decoding=\"async\" width=\"576\" height=\"1024\" data-id=\"28871\" src=\"https:\/\/www.altercampagne.net\/wp-content\/uploads\/2024\/11\/462556419_1997635033995696_2811268009798442120_n-1-576x1024.jpg\" alt=\"\" class=\"wp-image-28871\" srcset=\"https:\/\/www.altercampagne.net\/wp-content\/uploads\/2024\/11\/462556419_1997635033995696_2811268009798442120_n-1-576x1024.jpg 576w, https:\/\/www.altercampagne.net\/wp-content\/uploads\/2024\/11\/462556419_1997635033995696_2811268009798442120_n-1-169x300.jpg 169w, https:\/\/www.altercampagne.net\/wp-content\/uploads\/2024\/11\/462556419_1997635033995696_2811268009798442120_n-1-768x1365.jpg 768w, https:\/\/www.altercampagne.net\/wp-content\/uploads\/2024\/11\/462556419_1997635033995696_2811268009798442120_n-1-864x1536.jpg 864w, https:\/\/www.altercampagne.net\/wp-content\/uploads\/2024\/11\/462556419_1997635033995696_2811268009798442120_n-1-100x178.jpg 100w, https:\/\/www.altercampagne.net\/wp-content\/uploads\/2024\/11\/462556419_1997635033995696_2811268009798442120_n-1-862x1532.jpg 862w, https:\/\/www.altercampagne.net\/wp-content\/uploads\/2024\/11\/462556419_1997635033995696_2811268009798442120_n-1.jpg 900w\" sizes=\"auto, (max-width: 576px) 100vw, 576px\" \/><\/a><\/figure>\n<\/figure>\n<\/div>\n<\/div>\n\n\n\n<p><strong>En parall\u00e8le, la pl\u00e9ni\u00e8re a \u00e9t\u00e9 l\u2019occasion de bilans nombreux. <\/strong>Bilan des diff\u00e9rents cercles, et notamment le cercle vivre-ensemble avec lequel l\u2019ensemble des pr\u00e9sent.e.s a pu, dans la cadre d\u2019un temps anim\u00e9 par Claudie et Genevi\u00e8ve vendredi matin, faire part de ses besoins pour s\u2019int\u00e9grer au groupe (sur le tour et pendant les pl\u00e9ni\u00e8res) avant de d\u00e9gager les besoins les plus importants et de r\u00e9fl\u00e9chir \u00e0 des propositions pour y r\u00e9pondre. \u00ab&nbsp;\u00e7a a \u00e9t\u00e9 un moment fort, franchement int\u00e9ressant&nbsp;! Il y a eu une belle intelligence collective. Nous avons bien travaill\u00e9&nbsp;\u00bb, nous dit Julien. <strong>Dans la m\u00eame veine, cette pl\u00e9ni\u00e8re a aussi \u00e9t\u00e9 l\u2019occasion de r\u00e9unir l\u2019Assembl\u00e9e G\u00e9n\u00e9rale de l\u2019association et, dans la foul\u00e9e, d\u2019\u00e9lire le nouveau Coll\u00e8ge Solidaire. <\/strong>La pr\u00e9sentation du fonctionnement et des statuts de l\u2019association par J\u00e9r\u00f4me n\u2019a pas \u00e9t\u00e9 du luxe pour se rappeler son fonctionnement. C\u2019est Elsa qui s\u2019est charg\u00e9e, sch\u00e9mas color\u00e9s (en nuances de bleu) \u00e0 l\u2019appui et avec l\u2019aide de membres des diff\u00e9rents cercles, de faire part aux adh\u00e9rent.e.s d\u2019informations aussi fastidieuses que n\u00e9cessaires que les bilans des cercles, le bilan moral et le bilan financier de l\u2019association. <\/p>\n\n\n\n<p>Enfin, <strong>la pl\u00e9ni\u00e8re a \u00e9t\u00e9 l\u2019occasion de r\u00e9aliser deux formations dimanche<\/strong>. L\u2019une, anim\u00e9e par Ana\u00efs, fut un arpentage autour du livre \u00ab&nbsp;Tout plaquer : La d\u00e9sertion ne fait pas partie de la solution&#8230; mais du probl\u00e8me&nbsp;\u00bb, d\u2019Anne Humbert (sortir en 2023). Cette lecture collective fut l\u2019occasion d\u2019une r\u00e9flexion de fond entre altercyclistes. Peu apr\u00e8s, J\u00e9r\u00f4me a propos\u00e9 une formation autour la probl\u00e9matique de la repr\u00e9sentation des diff\u00e9rentes classes sociales dans l\u2019Altertour, faisant \u00e9cho \u00e0 une pr\u00e9occupation ancienne et r\u00e9currente des participant.e.s. Les d\u00e9bats, parfois houleux, ont pu porter sur des points controvers\u00e9s, par exemple sur la l\u00e9gitimit\u00e9 et le caract\u00e8re condescendant ou non de la volont\u00e9 d\u2019int\u00e9gration de personnes issues des classes populaires \u00e0 l\u2019Altertour.<\/p>\n\n\n\n<figure class=\"wp-block-image size-large is-resized\"><a href=\"https:\/\/www.altercampagne.net\/wp-content\/uploads\/2024\/11\/462545450_952995090187359_287946523705221478_n.jpg\"><img loading=\"lazy\" decoding=\"async\" width=\"1024\" height=\"576\" src=\"https:\/\/www.altercampagne.net\/wp-content\/uploads\/2024\/11\/462545450_952995090187359_287946523705221478_n-1024x576.jpg\" alt=\"\" class=\"wp-image-28873\" style=\"width:786px;height:auto\" srcset=\"https:\/\/www.altercampagne.net\/wp-content\/uploads\/2024\/11\/462545450_952995090187359_287946523705221478_n-1024x576.jpg 1024w, https:\/\/www.altercampagne.net\/wp-content\/uploads\/2024\/11\/462545450_952995090187359_287946523705221478_n-300x169.jpg 300w, https:\/\/www.altercampagne.net\/wp-content\/uploads\/2024\/11\/462545450_952995090187359_287946523705221478_n-768x432.jpg 768w, https:\/\/www.altercampagne.net\/wp-content\/uploads\/2024\/11\/462545450_952995090187359_287946523705221478_n-1536x864.jpg 1536w, https:\/\/www.altercampagne.net\/wp-content\/uploads\/2024\/11\/462545450_952995090187359_287946523705221478_n-100x56.jpg 100w, https:\/\/www.altercampagne.net\/wp-content\/uploads\/2024\/11\/462545450_952995090187359_287946523705221478_n-862x485.jpg 862w, https:\/\/www.altercampagne.net\/wp-content\/uploads\/2024\/11\/462545450_952995090187359_287946523705221478_n-1140x641.jpg 1140w, https:\/\/www.altercampagne.net\/wp-content\/uploads\/2024\/11\/462545450_952995090187359_287946523705221478_n.jpg 1600w\" sizes=\"auto, (max-width: 1024px) 100vw, 1024px\" \/><\/a><\/figure>\n\n\n\n<p>Vous l\u2019aurez compris, ce week-end fut marqu\u00e9 par beaucoup d\u2019\u00e9changes et un travail collectif, ensemble ou en groupes, fourni&nbsp;! <strong>Mais cette pl\u00e9ni\u00e8re, bien que tr\u00e8s studieuse, a aussi \u00e9t\u00e9 l\u2019occasion de se retrouver et de vivre de chouettes moments de convivialit\u00e9<\/strong> (et heureusement&#8230;). Quel plaisir de se retrouver, autour d\u2019un verre, d\u2019un burger ou d\u2019une planche (v\u00e9g\u00e9&nbsp;!), apr\u00e8s avoir partag\u00e9 une partie de notre \u00e9t\u00e9 et alors que l\u2019hiver approche\u2026 Plaisir de se revoir et de constater, avec surprise parfois, que de r\u00e9cent.es adh\u00e9rent.e.s qui ont connu leur premier Altertour cet \u00e9t\u00e9 s\u2019engagent avec motivation&nbsp;! En t\u00e9moigne, par exemple, la composition du nouveau CS.<\/p>\n\n\n\n<p>Merci \u00e0 nos pr\u00e9pa de cette pl\u00e9ni\u00e8re, \u00c9meline, Lucas et Julien, pour la pr\u00e9paration de ce week-end, les solutions d\u2019h\u00e9bergement mais aussi les soir\u00e9es pass\u00e9es (une m\u00e9morable soir\u00e9e soul et une autre soir\u00e9e, samba celle-ci)&nbsp;!<\/p>\n\n\n\n<p>Merci aussi aux responsables de \u00ab&nbsp;La cord\u00e9e&nbsp;\u00bb pour nous avoir lou\u00e9 ce lieu. Ce n\u2019est pas un hasard si nous revenons cette ann\u00e9e dans un espace aussi agr\u00e9able. En dehors du coin sieste et du billard, soulignons la qualit\u00e9 du mat\u00e9riel (plein d\u2019espaces, belle cuisine avec sa GRANDE machine \u00e0 caf\u00e9).<\/p>\n\n\n\n<p>Merci aux participant.e.s qui ont donn\u00e9 de leur personne, n\u2019ont pas d\u00e9m\u00e9rit\u00e9 et sont parfois venus de tr\u00e8s loin (et m\u00eame d\u2019autres pays&nbsp;!) pour participer. On se retrouve le week-end du 14\/15 d\u00e9cembre, \u00e0 Paris, \u00e0 la maison z\u00e9ro-d\u00e9chets.<\/p>\n\n\n\n<p>Alterjournaliste : Julien D.<\/p>\n\n\n\n<figure class=\"wp-block-image size-large\"><a href=\"https:\/\/www.altercampagne.net\/wp-content\/uploads\/2024\/11\/462540289_2030367117479715_6590805443080330925_n.jpg\"><img loading=\"lazy\" decoding=\"async\" width=\"1024\" height=\"576\" src=\"https:\/\/www.altercampagne.net\/wp-content\/uploads\/2024\/11\/462540289_2030367117479715_6590805443080330925_n-1024x576.jpg\" alt=\"\" class=\"wp-image-28875\" srcset=\"https:\/\/www.altercampagne.net\/wp-content\/uploads\/2024\/11\/462540289_2030367117479715_6590805443080330925_n-1024x576.jpg 1024w, https:\/\/www.altercampagne.net\/wp-content\/uploads\/2024\/11\/462540289_2030367117479715_6590805443080330925_n-300x169.jpg 300w, https:\/\/www.altercampagne.net\/wp-content\/uploads\/2024\/11\/462540289_2030367117479715_6590805443080330925_n-768x432.jpg 768w, https:\/\/www.altercampagne.net\/wp-content\/uploads\/2024\/11\/462540289_2030367117479715_6590805443080330925_n-1536x864.jpg 1536w, https:\/\/www.altercampagne.net\/wp-content\/uploads\/2024\/11\/462540289_2030367117479715_6590805443080330925_n-100x56.jpg 100w, https:\/\/www.altercampagne.net\/wp-content\/uploads\/2024\/11\/462540289_2030367117479715_6590805443080330925_n-862x485.jpg 862w, https:\/\/www.altercampagne.net\/wp-content\/uploads\/2024\/11\/462540289_2030367117479715_6590805443080330925_n-1140x641.jpg 1140w, https:\/\/www.altercampagne.net\/wp-content\/uploads\/2024\/11\/462540289_2030367117479715_6590805443080330925_n.jpg 1600w\" sizes=\"auto, (max-width: 1024px) 100vw, 1024px\" \/><\/a><\/figure>\n","protected":false},"excerpt":{"rendered":"<p>\u00ab&nbsp;super excit\u00e9e&nbsp;\u00bb, \u00ab&nbsp;tr\u00e8s satisfait&nbsp;\u00bb, \u00ab&nbsp;stimul\u00e9&nbsp;\u00bb, \u00ab&nbsp;crev\u00e9e mais ravie&nbsp;\u00bb\u2026 Apr\u00e8s 3 jours intenses de pl\u00e9ni\u00e8re (quasi) non-stop, voici un petit \u00e9chantillon de ce que l\u2019on pouvait entendre lors du cercle de cl\u00f4ture de ce dimanche apr\u00e8s-midi. Entre d\u00e9frichage, AG, formations, travaux en groupe ou en pl\u00e9ni\u00e8re, les adh\u00e9rent.e.s pr\u00e9sent.e.s \u00e0 cette &#8230; <\/p>\n<div><a href=\"https:\/\/www.altercampagne.net\/?p=28867\" class=\"more-link\">Read More<\/a><\/div>\n","protected":false},"author":198,"featured_media":28868,"comment_status":"closed","ping_status":"closed","sticky":false,"template":"","format":"standard","meta":{"footnotes":""},"categories":[4511,3539],"tags":[],"class_list":["post-28867","post","type-post","status-publish","format-standard","has-post-thumbnail","hentry","category-edition-2025","category-we-de-preparation"],"yoast_head":"<!-- This site is optimized with the Yoast SEO plugin v27.3 - https:\/\/yoast.com\/product\/yoast-seo-wordpress\/ -->\n<title>D\u00e9frichage, Assembl\u00e9e g\u00e9n\u00e9rale, formations\u2026 \u2013 La (studieuse\u00a0!) pl\u00e9ni\u00e8re de Lyon jette les bases de l\u2019Altertour 2025\u00a0! - AlterTour<\/title>\n<meta name=\"robots\" content=\"index, follow, max-snippet:-1, max-image-preview:large, max-video-preview:-1\" \/>\n<link rel=\"canonical\" href=\"https:\/\/www.altercampagne.net\/?p=28867\" \/>\n<meta property=\"og:locale\" content=\"fr_FR\" \/>\n<meta property=\"og:type\" content=\"article\" \/>\n<meta property=\"og:title\" content=\"D\u00e9frichage, Assembl\u00e9e g\u00e9n\u00e9rale, formations\u2026 \u2013 La (studieuse\u00a0!) pl\u00e9ni\u00e8re de Lyon jette les bases de l\u2019Altertour 2025\u00a0! - AlterTour\" \/>\n<meta property=\"og:description\" content=\"\u00ab&nbsp;super excit\u00e9e&nbsp;\u00bb, \u00ab&nbsp;tr\u00e8s satisfait&nbsp;\u00bb, \u00ab&nbsp;stimul\u00e9&nbsp;\u00bb, \u00ab&nbsp;crev\u00e9e mais ravie&nbsp;\u00bb\u2026 Apr\u00e8s 3 jours intenses de pl\u00e9ni\u00e8re (quasi) non-stop, voici un petit \u00e9chantillon de ce que l\u2019on pouvait entendre lors du cercle de cl\u00f4ture de ce dimanche apr\u00e8s-midi. Entre d\u00e9frichage, AG, formations, travaux en groupe ou en pl\u00e9ni\u00e8re, les adh\u00e9rent.e.s pr\u00e9sent.e.s \u00e0 cette ... Read More\" \/>\n<meta property=\"og:url\" content=\"https:\/\/www.altercampagne.net\/?p=28867\" \/>\n<meta property=\"og:site_name\" content=\"AlterTour\" \/>\n<meta property=\"article:published_time\" content=\"2024-11-10T14:41:53+00:00\" \/>\n<meta property=\"article:modified_time\" content=\"2024-11-13T20:44:21+00:00\" \/>\n<meta property=\"og:image\" content=\"https:\/\/www.altercampagne.net\/wp-content\/uploads\/2024\/11\/462553611_510302548630897_3430580209232970557_n.jpg\" \/>\n\t<meta property=\"og:image:width\" content=\"1600\" \/>\n\t<meta property=\"og:image:height\" content=\"1200\" \/>\n\t<meta property=\"og:image:type\" content=\"image\/jpeg\" \/>\n<meta name=\"author\" content=\"Marine R\" \/>\n<meta name=\"twitter:card\" content=\"summary_large_image\" \/>\n<meta name=\"twitter:label1\" content=\"\u00c9crit par\" \/>\n\t<meta name=\"twitter:data1\" content=\"Marine R\" \/>\n\t<meta name=\"twitter:label2\" content=\"Dur\u00e9e de lecture estim\u00e9e\" \/>\n\t<meta name=\"twitter:data2\" content=\"6 minutes\" \/>\n<script type=\"application\/ld+json\" class=\"yoast-schema-graph\">{\"@context\":\"https:\\\/\\\/schema.org\",\"@graph\":[{\"@type\":\"Article\",\"@id\":\"https:\\\/\\\/www.altercampagne.net\\\/?p=28867#article\",\"isPartOf\":{\"@id\":\"https:\\\/\\\/www.altercampagne.net\\\/?p=28867\"},\"author\":{\"name\":\"Marine R\",\"@id\":\"https:\\\/\\\/www.altercampagne.net\\\/#\\\/schema\\\/person\\\/3afde49d8c0be52224ae61fe720b4b19\"},\"headline\":\"D\u00e9frichage, Assembl\u00e9e g\u00e9n\u00e9rale, formations\u2026 \u2013 La (studieuse\u00a0!) pl\u00e9ni\u00e8re de Lyon jette les bases de l\u2019Altertour 2025\u00a0!\",\"datePublished\":\"2024-11-10T14:41:53+00:00\",\"dateModified\":\"2024-11-13T20:44:21+00:00\",\"mainEntityOfPage\":{\"@id\":\"https:\\\/\\\/www.altercampagne.net\\\/?p=28867\"},\"wordCount\":1116,\"image\":{\"@id\":\"https:\\\/\\\/www.altercampagne.net\\\/?p=28867#primaryimage\"},\"thumbnailUrl\":\"https:\\\/\\\/www.altercampagne.net\\\/wp-content\\\/uploads\\\/2024\\\/11\\\/462553611_510302548630897_3430580209232970557_n.jpg\",\"articleSection\":[\"\u00c9dition 2025\",\"WE de pr\u00e9paration\"],\"inLanguage\":\"fr-FR\"},{\"@type\":\"WebPage\",\"@id\":\"https:\\\/\\\/www.altercampagne.net\\\/?p=28867\",\"url\":\"https:\\\/\\\/www.altercampagne.net\\\/?p=28867\",\"name\":\"D\u00e9frichage, Assembl\u00e9e g\u00e9n\u00e9rale, formations\u2026 \u2013 La (studieuse\u00a0!) pl\u00e9ni\u00e8re de Lyon jette les bases de l\u2019Altertour 2025\u00a0! - AlterTour\",\"isPartOf\":{\"@id\":\"https:\\\/\\\/www.altercampagne.net\\\/#website\"},\"primaryImageOfPage\":{\"@id\":\"https:\\\/\\\/www.altercampagne.net\\\/?p=28867#primaryimage\"},\"image\":{\"@id\":\"https:\\\/\\\/www.altercampagne.net\\\/?p=28867#primaryimage\"},\"thumbnailUrl\":\"https:\\\/\\\/www.altercampagne.net\\\/wp-content\\\/uploads\\\/2024\\\/11\\\/462553611_510302548630897_3430580209232970557_n.jpg\",\"datePublished\":\"2024-11-10T14:41:53+00:00\",\"dateModified\":\"2024-11-13T20:44:21+00:00\",\"author\":{\"@id\":\"https:\\\/\\\/www.altercampagne.net\\\/#\\\/schema\\\/person\\\/3afde49d8c0be52224ae61fe720b4b19\"},\"breadcrumb\":{\"@id\":\"https:\\\/\\\/www.altercampagne.net\\\/?p=28867#breadcrumb\"},\"inLanguage\":\"fr-FR\",\"potentialAction\":[{\"@type\":\"ReadAction\",\"target\":[\"https:\\\/\\\/www.altercampagne.net\\\/?p=28867\"]}]},{\"@type\":\"ImageObject\",\"inLanguage\":\"fr-FR\",\"@id\":\"https:\\\/\\\/www.altercampagne.net\\\/?p=28867#primaryimage\",\"url\":\"https:\\\/\\\/www.altercampagne.net\\\/wp-content\\\/uploads\\\/2024\\\/11\\\/462553611_510302548630897_3430580209232970557_n.jpg\",\"contentUrl\":\"https:\\\/\\\/www.altercampagne.net\\\/wp-content\\\/uploads\\\/2024\\\/11\\\/462553611_510302548630897_3430580209232970557_n.jpg\",\"width\":1600,\"height\":1200},{\"@type\":\"BreadcrumbList\",\"@id\":\"https:\\\/\\\/www.altercampagne.net\\\/?p=28867#breadcrumb\",\"itemListElement\":[{\"@type\":\"ListItem\",\"position\":1,\"name\":\"Accueil\",\"item\":\"https:\\\/\\\/www.altercampagne.net\\\/\"},{\"@type\":\"ListItem\",\"position\":2,\"name\":\"D\u00e9frichage, Assembl\u00e9e g\u00e9n\u00e9rale, formations\u2026 \u2013 La (studieuse\u00a0!) pl\u00e9ni\u00e8re de Lyon jette les bases de l\u2019Altertour 2025\u00a0!\"}]},{\"@type\":\"WebSite\",\"@id\":\"https:\\\/\\\/www.altercampagne.net\\\/#website\",\"url\":\"https:\\\/\\\/www.altercampagne.net\\\/\",\"name\":\"AlterTour\",\"description\":\"Reliez les Alternatives \u00e0 v\u00e9lo\",\"potentialAction\":[{\"@type\":\"SearchAction\",\"target\":{\"@type\":\"EntryPoint\",\"urlTemplate\":\"https:\\\/\\\/www.altercampagne.net\\\/?s={search_term_string}\"},\"query-input\":{\"@type\":\"PropertyValueSpecification\",\"valueRequired\":true,\"valueName\":\"search_term_string\"}}],\"inLanguage\":\"fr-FR\"},{\"@type\":\"Person\",\"@id\":\"https:\\\/\\\/www.altercampagne.net\\\/#\\\/schema\\\/person\\\/3afde49d8c0be52224ae61fe720b4b19\",\"name\":\"Marine R\",\"image\":{\"@type\":\"ImageObject\",\"inLanguage\":\"fr-FR\",\"@id\":\"https:\\\/\\\/secure.gravatar.com\\\/avatar\\\/a3c4f944a184c737c95a33c9fc36f74b2637ea270671045d89722a608b50fd88?s=96&d=mm&r=g\",\"url\":\"https:\\\/\\\/secure.gravatar.com\\\/avatar\\\/a3c4f944a184c737c95a33c9fc36f74b2637ea270671045d89722a608b50fd88?s=96&d=mm&r=g\",\"contentUrl\":\"https:\\\/\\\/secure.gravatar.com\\\/avatar\\\/a3c4f944a184c737c95a33c9fc36f74b2637ea270671045d89722a608b50fd88?s=96&d=mm&r=g\",\"caption\":\"Marine R\"},\"url\":\"https:\\\/\\\/www.altercampagne.net\\\/?author=198\"}]}<\/script>\n<!-- \/ Yoast SEO plugin. -->","yoast_head_json":{"title":"D\u00e9frichage, Assembl\u00e9e g\u00e9n\u00e9rale, formations\u2026 \u2013 La (studieuse\u00a0!) pl\u00e9ni\u00e8re de Lyon jette les bases de l\u2019Altertour 2025\u00a0! - AlterTour","robots":{"index":"index","follow":"follow","max-snippet":"max-snippet:-1","max-image-preview":"max-image-preview:large","max-video-preview":"max-video-preview:-1"},"canonical":"https:\/\/www.altercampagne.net\/?p=28867","og_locale":"fr_FR","og_type":"article","og_title":"D\u00e9frichage, Assembl\u00e9e g\u00e9n\u00e9rale, formations\u2026 \u2013 La (studieuse\u00a0!) pl\u00e9ni\u00e8re de Lyon jette les bases de l\u2019Altertour 2025\u00a0! - AlterTour","og_description":"\u00ab&nbsp;super excit\u00e9e&nbsp;\u00bb, \u00ab&nbsp;tr\u00e8s satisfait&nbsp;\u00bb, \u00ab&nbsp;stimul\u00e9&nbsp;\u00bb, \u00ab&nbsp;crev\u00e9e mais ravie&nbsp;\u00bb\u2026 Apr\u00e8s 3 jours intenses de pl\u00e9ni\u00e8re (quasi) non-stop, voici un petit \u00e9chantillon de ce que l\u2019on pouvait entendre lors du cercle de cl\u00f4ture de ce dimanche apr\u00e8s-midi. Entre d\u00e9frichage, AG, formations, travaux en groupe ou en pl\u00e9ni\u00e8re, les adh\u00e9rent.e.s pr\u00e9sent.e.s \u00e0 cette ... Read More","og_url":"https:\/\/www.altercampagne.net\/?p=28867","og_site_name":"AlterTour","article_published_time":"2024-11-10T14:41:53+00:00","article_modified_time":"2024-11-13T20:44:21+00:00","og_image":[{"width":1600,"height":1200,"url":"https:\/\/www.altercampagne.net\/wp-content\/uploads\/2024\/11\/462553611_510302548630897_3430580209232970557_n.jpg","type":"image\/jpeg"}],"author":"Marine R","twitter_card":"summary_large_image","twitter_misc":{"\u00c9crit par":"Marine R","Dur\u00e9e de lecture estim\u00e9e":"6 minutes"},"schema":{"@context":"https:\/\/schema.org","@graph":[{"@type":"Article","@id":"https:\/\/www.altercampagne.net\/?p=28867#article","isPartOf":{"@id":"https:\/\/www.altercampagne.net\/?p=28867"},"author":{"name":"Marine R","@id":"https:\/\/www.altercampagne.net\/#\/schema\/person\/3afde49d8c0be52224ae61fe720b4b19"},"headline":"D\u00e9frichage, Assembl\u00e9e g\u00e9n\u00e9rale, formations\u2026 \u2013 La (studieuse\u00a0!) pl\u00e9ni\u00e8re de Lyon jette les bases de l\u2019Altertour 2025\u00a0!","datePublished":"2024-11-10T14:41:53+00:00","dateModified":"2024-11-13T20:44:21+00:00","mainEntityOfPage":{"@id":"https:\/\/www.altercampagne.net\/?p=28867"},"wordCount":1116,"image":{"@id":"https:\/\/www.altercampagne.net\/?p=28867#primaryimage"},"thumbnailUrl":"https:\/\/www.altercampagne.net\/wp-content\/uploads\/2024\/11\/462553611_510302548630897_3430580209232970557_n.jpg","articleSection":["\u00c9dition 2025","WE de pr\u00e9paration"],"inLanguage":"fr-FR"},{"@type":"WebPage","@id":"https:\/\/www.altercampagne.net\/?p=28867","url":"https:\/\/www.altercampagne.net\/?p=28867","name":"D\u00e9frichage, Assembl\u00e9e g\u00e9n\u00e9rale, formations\u2026 \u2013 La (studieuse\u00a0!) pl\u00e9ni\u00e8re de Lyon jette les bases de l\u2019Altertour 2025\u00a0! - AlterTour","isPartOf":{"@id":"https:\/\/www.altercampagne.net\/#website"},"primaryImageOfPage":{"@id":"https:\/\/www.altercampagne.net\/?p=28867#primaryimage"},"image":{"@id":"https:\/\/www.altercampagne.net\/?p=28867#primaryimage"},"thumbnailUrl":"https:\/\/www.altercampagne.net\/wp-content\/uploads\/2024\/11\/462553611_510302548630897_3430580209232970557_n.jpg","datePublished":"2024-11-10T14:41:53+00:00","dateModified":"2024-11-13T20:44:21+00:00","author":{"@id":"https:\/\/www.altercampagne.net\/#\/schema\/person\/3afde49d8c0be52224ae61fe720b4b19"},"breadcrumb":{"@id":"https:\/\/www.altercampagne.net\/?p=28867#breadcrumb"},"inLanguage":"fr-FR","potentialAction":[{"@type":"ReadAction","target":["https:\/\/www.altercampagne.net\/?p=28867"]}]},{"@type":"ImageObject","inLanguage":"fr-FR","@id":"https:\/\/www.altercampagne.net\/?p=28867#primaryimage","url":"https:\/\/www.altercampagne.net\/wp-content\/uploads\/2024\/11\/462553611_510302548630897_3430580209232970557_n.jpg","contentUrl":"https:\/\/www.altercampagne.net\/wp-content\/uploads\/2024\/11\/462553611_510302548630897_3430580209232970557_n.jpg","width":1600,"height":1200},{"@type":"BreadcrumbList","@id":"https:\/\/www.altercampagne.net\/?p=28867#breadcrumb","itemListElement":[{"@type":"ListItem","position":1,"name":"Accueil","item":"https:\/\/www.altercampagne.net\/"},{"@type":"ListItem","position":2,"name":"D\u00e9frichage, Assembl\u00e9e g\u00e9n\u00e9rale, formations\u2026 \u2013 La (studieuse\u00a0!) pl\u00e9ni\u00e8re de Lyon jette les bases de l\u2019Altertour 2025\u00a0!"}]},{"@type":"WebSite","@id":"https:\/\/www.altercampagne.net\/#website","url":"https:\/\/www.altercampagne.net\/","name":"AlterTour","description":"Reliez les Alternatives \u00e0 v\u00e9lo","potentialAction":[{"@type":"SearchAction","target":{"@type":"EntryPoint","urlTemplate":"https:\/\/www.altercampagne.net\/?s={search_term_string}"},"query-input":{"@type":"PropertyValueSpecification","valueRequired":true,"valueName":"search_term_string"}}],"inLanguage":"fr-FR"},{"@type":"Person","@id":"https:\/\/www.altercampagne.net\/#\/schema\/person\/3afde49d8c0be52224ae61fe720b4b19","name":"Marine R","image":{"@type":"ImageObject","inLanguage":"fr-FR","@id":"https:\/\/secure.gravatar.com\/avatar\/a3c4f944a184c737c95a33c9fc36f74b2637ea270671045d89722a608b50fd88?s=96&d=mm&r=g","url":"https:\/\/secure.gravatar.com\/avatar\/a3c4f944a184c737c95a33c9fc36f74b2637ea270671045d89722a608b50fd88?s=96&d=mm&r=g","contentUrl":"https:\/\/secure.gravatar.com\/avatar\/a3c4f944a184c737c95a33c9fc36f74b2637ea270671045d89722a608b50fd88?s=96&d=mm&r=g","caption":"Marine R"},"url":"https:\/\/www.altercampagne.net\/?author=198"}]}},"_links":{"self":[{"href":"https:\/\/www.altercampagne.net\/index.php?rest_route=\/wp\/v2\/posts\/28867","targetHints":{"allow":["GET"]}}],"collection":[{"href":"https:\/\/www.altercampagne.net\/index.php?rest_route=\/wp\/v2\/posts"}],"about":[{"href":"https:\/\/www.altercampagne.net\/index.php?rest_route=\/wp\/v2\/types\/post"}],"author":[{"embeddable":true,"href":"https:\/\/www.altercampagne.net\/index.php?rest_route=\/wp\/v2\/users\/198"}],"replies":[{"embeddable":true,"href":"https:\/\/www.altercampagne.net\/index.php?rest_route=%2Fwp%2Fv2%2Fcomments&post=28867"}],"version-history":[{"count":4,"href":"https:\/\/www.altercampagne.net\/index.php?rest_route=\/wp\/v2\/posts\/28867\/revisions"}],"predecessor-version":[{"id":28878,"href":"https:\/\/www.altercampagne.net\/index.php?rest_route=\/wp\/v2\/posts\/28867\/revisions\/28878"}],"wp:featuredmedia":[{"embeddable":true,"href":"https:\/\/www.altercampagne.net\/index.php?rest_route=\/wp\/v2\/media\/28868"}],"wp:attachment":[{"href":"https:\/\/www.altercampagne.net\/index.php?rest_route=%2Fwp%2Fv2%2Fmedia&parent=28867"}],"wp:term":[{"taxonomy":"category","embeddable":true,"href":"https:\/\/www.altercampagne.net\/index.php?rest_route=%2Fwp%2Fv2%2Fcategories&post=28867"},{"taxonomy":"post_tag","embeddable":true,"href":"https:\/\/www.altercampagne.net\/index.php?rest_route=%2Fwp%2Fv2%2Ftags&post=28867"}],"curies":[{"name":"wp","href":"https:\/\/api.w.org\/{rel}","templated":true}]}}