{"id":28904,"date":"2025-01-17T22:58:02","date_gmt":"2025-01-17T21:58:02","guid":{"rendered":"https:\/\/www.altercampagne.net\/?p=28904"},"modified":"2025-01-17T23:04:05","modified_gmt":"2025-01-17T22:04:05","slug":"la-troisieme-pleniere-de-laltertour-a-la-maison-du-zero-dechet-pour-choisir-le-parcours-2025","status":"publish","type":"post","link":"https:\/\/www.altercampagne.net\/?p=28904","title":{"rendered":"La troisi\u00e8me pl\u00e9ni\u00e8re de l&rsquo;AlterTour \u00e0 La Maison du Z\u00e9ro D\u00e9chet pour choisir le parcours 2025"},"content":{"rendered":"\n<p>La 3<sup>e<\/sup> r\u00e9union des membres de l\u2019association AlterCampagne, appel\u00e9e \u00ab&nbsp;Pl\u00e9ni\u00e8re*&nbsp;\u00bb, s\u2019est tenue les samedi 14 et dimanche 15 d\u00e9cembre 2024 \u00e0 Paris, dans la \u2013 tr\u00e8s accueillante et tr\u00e8s coh\u00e9rente avec nos valeurs \u2013 Maison du Z\u00e9ro D\u00e9chet (1 Passage Emma Calv\u00e9, 75012 Paris, France).<\/p>\n\n\n\n[Petit focus sur la MZD&nbsp;: elle offre des espaces de r\u00e9unions \u00e0 louer, un caf\u00e9 associatif et un magasin sp\u00e9cialis\u00e9 dans les astuces pour tendre vers le z\u00e9ro d\u00e9chet. L\u2019adh\u00e9sion est a prix libre, et Thibault, doublement membre de la MZD et d\u2019AlterCampagne, nous fait un accueil toujours excellent qui nous fait sentir \u00ab&nbsp;comme \u00e0 la maison&nbsp;\u00bb. Encore merci \u00e0 lui. ]\n\n\n\n<p>L\u2019objectif de cette pl\u00e9ni\u00e8re est de&nbsp;:<\/p>\n\n\n\n<p>1) Trouver des coordinateur.ices du parcours de l\u2019AlterTour.<\/p>\n\n\n\n<p>2) Pr\u00e9senter les alternatives d\u00e9frich\u00e9es afin de choisir parmi celles-ci et d\u2019\u00e9tablir un parcours.<\/p>\n\n\n\n<p>3) Pr\u00e9senter le r\u00f4le de pr\u00e9parateur.ices d\u2019\u00e9tapes (r\u00f4le, outils, \u2026)<\/p>\n\n\n\n<p>Comme d\u2019habitude \u00e0 l\u2019AlterTour, la matin\u00e9e d\u00e9bute devant un caf\u00e9 ou un th\u00e9 (et des viennoiseries, on va pas se mentir !).<\/p>\n\n\n\n<p>Puis, \u00e0 9 h 00, un r\u00e9jouissant brise-glace autour d\u2019une d\u00e9clinaison du jeu des chaises musicales permet de nous r\u00e9veiller et de nous \u2018\u00e9nergiser\u2019 comme diraient nos homologues anglophones. \u00ab&nbsp;Le vent souffle sur les personnes qui sont venues \u00e0 v\u00e9lo ce matin.&nbsp;\u00bb ou \u00ab&nbsp;Le vent souffle sur les personnes qui portent du vert.&nbsp;\u00bb (\u2026) nous permettent de changer de chaise, sans bousculade notoire, mais avec charge pour celui ou celle qui reste debout, de trouver une nouvelle proposition pour faire se lever des membres dans l\u2019assistance.<\/p>\n\n\n\n<p>Apr\u00e8s ce jeu, nous nous sommes rappel\u00e9s nos pr\u00e9noms et notre appellation (il \/ elle \/ au choix).<\/p>\n\n\n\n<p>Puis les r\u00f4les ont \u00e9t\u00e9 distribu\u00e9s (gardien du temps et du sujet\u00a0; distribution de la parole\u00a0; gestion des victuailles, observateurices\u00a0; oreilles attentives ; accueil des nouvelleaux\u00a0; alterjournaliste\u00a0; relecture et synth\u00e8se du document de pl\u00e9ni\u00e8re). Alors, le cadre de coop\u00e9ration a \u00e9t\u00e9 rappel\u00e9. Enfin, les \u00e9changes peuvent commencer \u2026<\/p>\n\n\n\n<figure class=\"wp-block-image size-large\"><a href=\"https:\/\/www.altercampagne.net\/wp-content\/uploads\/2025\/01\/1000079451-scaled.jpg\"><img loading=\"lazy\" decoding=\"async\" width=\"1024\" height=\"768\" src=\"https:\/\/www.altercampagne.net\/wp-content\/uploads\/2025\/01\/1000079451-1024x768.jpg\" alt=\"\" class=\"wp-image-28910\" srcset=\"https:\/\/www.altercampagne.net\/wp-content\/uploads\/2025\/01\/1000079451-1024x768.jpg 1024w, https:\/\/www.altercampagne.net\/wp-content\/uploads\/2025\/01\/1000079451-300x225.jpg 300w, https:\/\/www.altercampagne.net\/wp-content\/uploads\/2025\/01\/1000079451-768x576.jpg 768w, https:\/\/www.altercampagne.net\/wp-content\/uploads\/2025\/01\/1000079451-1536x1152.jpg 1536w, https:\/\/www.altercampagne.net\/wp-content\/uploads\/2025\/01\/1000079451-2048x1536.jpg 2048w, https:\/\/www.altercampagne.net\/wp-content\/uploads\/2025\/01\/1000079451-100x75.jpg 100w, https:\/\/www.altercampagne.net\/wp-content\/uploads\/2025\/01\/1000079451-862x647.jpg 862w, https:\/\/www.altercampagne.net\/wp-content\/uploads\/2025\/01\/1000079451-1140x855.jpg 1140w\" sizes=\"auto, (max-width: 1024px) 100vw, 1024px\" \/><\/a><\/figure>\n\n\n\n<h3 class=\"wp-block-heading\">LE RETOUR DES CERCLES ET GROUPES DE TRAVAIL<\/h3>\n\n\n\n<p>Un rapide retour des cercles* est fait.<\/p>\n\n\n\n<p>Nous apprenons que&nbsp;:<\/p>\n\n\n\n<p>&#8211; le Cercle d\u00e9frichage a pas loin de 150 r\u00e9ponses positives, et que Guillemette (merci, merci!) a oeuvr\u00e9 dans l\u2019ombre pour maintenir le tableau \u00e0 jour \u2026<\/p>\n\n\n\n<p>&#8211; le Cercle Plume \u2013 pr\u00e9sent\u00e9 par Marine R. \u2013 est revigor\u00e9, en plus des Infolettres, va travailler sur des \u00e9l\u00e9ments de langage commun pour communiquer avec la presse \u2026<\/p>\n\n\n\n<p>&#8211; le Cercle informatique \u2013 pr\u00e9sent\u00e9 par Babounet \u2013 poursuit la maintenance des outils. La carte des alterpotes, dont un exemplaire est librement accessible sur le Net, a \u00e9t\u00e9 recr\u00e9\u00e9e pour un acc\u00e8s aux membres qui ont un compte inscription. Le carte en libre acc\u00e8s est appel\u00e9e \u00e0 dispara\u00eetre apr\u00e8s avoir contact\u00e9 les membres inscrits sur cette carte pour savoir s\u2019ils souhaitent rester sur la nouvelle version et mettre \u00e0 jour leurs informations.<\/p>\n\n\n\n<p>&#8211; Le cercle Vivre ensemble- pr\u00e9sent\u00e9 par Gene \u2013 nous a pr\u00e9par\u00e9 une petite surprise pour cette pl\u00e9ni\u00e8re. Il va travailler avec le Cercle gouvernance sur la tache \u00ab&nbsp;Gardien.ne du cadre&nbsp;\u00bb.<\/p>\n\n\n\n<p>&#8211; Le cercle gouvernance \u2013 pr\u00e9sent\u00e9 par Marine LL \u2013 travaille avec le cercle vivre ensemble sur \u2026 (\u00e0 vous de compl\u00e9ter, si vous avez suivi !), et sur les r\u00f4les de Coordinateur.ices Parcours, Coordinateur.ices Animation, Coordinateur.ices Logistique.<\/p>\n\n\n\n<p>&#8211; Le Cercle V\u00e9hicules et Logistique \u2013 pr\u00e9sent\u00e9 par Benoit \u2013 informe que l\u2019ancien minibus a \u00e9t\u00e9 vendu 500 \u20ac, et que le cercle va red\u00e9marrer en janvier apr\u00e8s synth\u00e8se des chantiers \u00e0 venir. Soyez pr\u00eat.es&nbsp;!<\/p>\n\n\n\n<p>Les Groupes de Travail* poursuivent leur travail&nbsp;:<\/p>\n\n\n\n<p>&#8211; Coordinations du parcours&nbsp;;<\/p>\n\n\n\n<p>&#8211; Gestion d\u00e9parts et arriv\u00e9es ;<\/p>\n\n\n\n<p>&#8211; Classes sociales. Ce dernier propose d\u2019ailleurs un travail sur affiche pour profiter des apports des membres de la Pl\u00e9ni\u00e8re souhaitant participer.<\/p>\n\n\n\n<figure class=\"wp-block-image size-large\"><a href=\"https:\/\/www.altercampagne.net\/wp-content\/uploads\/2025\/01\/IMG_3329-scaled.jpg\"><img loading=\"lazy\" decoding=\"async\" width=\"1024\" height=\"768\" src=\"https:\/\/www.altercampagne.net\/wp-content\/uploads\/2025\/01\/IMG_3329-1024x768.jpg\" alt=\"\" class=\"wp-image-28909\" srcset=\"https:\/\/www.altercampagne.net\/wp-content\/uploads\/2025\/01\/IMG_3329-1024x768.jpg 1024w, https:\/\/www.altercampagne.net\/wp-content\/uploads\/2025\/01\/IMG_3329-300x225.jpg 300w, https:\/\/www.altercampagne.net\/wp-content\/uploads\/2025\/01\/IMG_3329-768x576.jpg 768w, https:\/\/www.altercampagne.net\/wp-content\/uploads\/2025\/01\/IMG_3329-1536x1152.jpg 1536w, https:\/\/www.altercampagne.net\/wp-content\/uploads\/2025\/01\/IMG_3329-2048x1536.jpg 2048w, https:\/\/www.altercampagne.net\/wp-content\/uploads\/2025\/01\/IMG_3329-100x75.jpg 100w, https:\/\/www.altercampagne.net\/wp-content\/uploads\/2025\/01\/IMG_3329-862x647.jpg 862w, https:\/\/www.altercampagne.net\/wp-content\/uploads\/2025\/01\/IMG_3329-1140x855.jpg 1140w\" sizes=\"auto, (max-width: 1024px) 100vw, 1024px\" \/><\/a><\/figure>\n\n\n\n<p><\/p>\n\n\n\n<h3 class=\"wp-block-heading\">RETOUR DU CS<\/h3>\n\n\n\n<p>Le Coll\u00e8ge Solidaire* fait le retour des deux derni\u00e8res r\u00e9unions&nbsp;:<\/p>\n\n\n\n<p>\u2022 La premi\u00e8re qui a \u00e9t\u00e9 l\u2019occasion pour chaque membre du CS renouvel\u00e9 lors de l\u2019AG, de&nbsp;:<\/p>\n\n\n\n<p>&#8211; donner, pour les ancien.ne et nouvelleaux, leurs ressentis, leurs envies de ce qu\u2019iels souhaitent faire et ce qu\u2019iels ont envie d\u2019apporter \u00e0 l\u2019association.<\/p>\n\n\n\n<p>&#8211; d\u00e9finir un membre du CS r\u00e9f\u00e9rant pour chaque Cercle.<\/p>\n\n\n\n<p>&#8211; garder le pad CS (qui mentionne les d\u00e9bats) r\u00e9serv\u00e9 au CS, mais faire un document public, accessible aux membres de l\u2019association, pour le relev\u00e9 des d\u00e9cisions du CS. Un document similaire r\u00e9sumera l\u2019ensemble des d\u00e9cisions des pl\u00e9ni\u00e8res sans besoin de se r\u00e9f\u00e9rer aux documents de chacun des pl\u00e9ni\u00e8res pour avoir les d\u00e9cisions de l\u2019ann\u00e9e.<\/p>\n\n\n\n<p>\u2022 La seconde a \u00e9t\u00e9 une r\u00e9union en Visio qui nous a r\u00e9unit le lundi 25 novembre 2024 pour parler de nombreux sujets, dont on peut \u00e9voquer&nbsp;:<\/p>\n\n\n\n<p>&#8211; la gestion de la boite mail contact, porte d\u2019entr\u00e9e de toute personne qui cherche \u00e0 joindre l\u2019association. Cette boite mail est pour le moment g\u00e9r\u00e9e par le CS, mais a vocation a \u00eatre g\u00e9r\u00e9e plus largement par des membres form\u00e9s de notre association. Nous avan\u00e7ons pour permettre une gestion facilit\u00e9 de cette boite.<\/p>\n\n\n\n<p>&#8211; la question de nos donn\u00e9es \u00e0 prot\u00e9ger contre les ing\u00e9rences ext\u00e9rieures, comme la carte des alterpotes, qui \u00e9taient en libre acc\u00e8s sur internet, a d\u00e9sormais une version plus s\u00e9curis\u00e9e, accessible via le site inscription.<\/p>\n\n\n\n<p>&#8211; un WE CS est organis\u00e9 le WE des 8 et 9 mars 2025 par J\u00e9r\u00f4me et Charlotte. Des lieux sont propos\u00e9s mais la d\u00e9cision n\u2019a pas encore \u00e9t\u00e9 arr\u00eat\u00e9e, elle d\u00e9pendra de la facilit\u00e9 d\u2019acc\u00e8s pour les personnes disponibles sur les dates de ce WE CS.<\/p>\n\n\n\n<p>Une pause bien m\u00e9rit\u00e9e coupe la matin\u00e9e bien entam\u00e9e.<\/p>\n\n\n\n<figure class=\"wp-block-image size-large\"><a href=\"https:\/\/www.altercampagne.net\/wp-content\/uploads\/2025\/01\/1000079483-scaled.jpg\"><img loading=\"lazy\" decoding=\"async\" width=\"1024\" height=\"768\" src=\"https:\/\/www.altercampagne.net\/wp-content\/uploads\/2025\/01\/1000079483-1024x768.jpg\" alt=\"\" class=\"wp-image-28917\" srcset=\"https:\/\/www.altercampagne.net\/wp-content\/uploads\/2025\/01\/1000079483-1024x768.jpg 1024w, https:\/\/www.altercampagne.net\/wp-content\/uploads\/2025\/01\/1000079483-300x225.jpg 300w, https:\/\/www.altercampagne.net\/wp-content\/uploads\/2025\/01\/1000079483-768x576.jpg 768w, https:\/\/www.altercampagne.net\/wp-content\/uploads\/2025\/01\/1000079483-1536x1152.jpg 1536w, https:\/\/www.altercampagne.net\/wp-content\/uploads\/2025\/01\/1000079483-2048x1536.jpg 2048w, https:\/\/www.altercampagne.net\/wp-content\/uploads\/2025\/01\/1000079483-100x75.jpg 100w, https:\/\/www.altercampagne.net\/wp-content\/uploads\/2025\/01\/1000079483-862x647.jpg 862w, https:\/\/www.altercampagne.net\/wp-content\/uploads\/2025\/01\/1000079483-1140x855.jpg 1140w\" sizes=\"auto, (max-width: 1024px) 100vw, 1024px\" \/><\/a><\/figure>\n\n\n\n<h3 class=\"wp-block-heading\">ON S\u2019INTERESSE \u00c0 NOS CONFLITS \u2026<\/h3>\n\n\n\n<p>Le cercle \u00abVivre ensemble\u00bb (oula je vois d\u00e9j\u00e0 parmi vous des gens qui me font le signe \u00ab&nbsp;L&nbsp;\u00bb avec leur pouce et leur index, \u00ab&nbsp;L&nbsp;\u00bb pour \u00ab&nbsp;Lexique&nbsp;\u00bb,&nbsp; pour me demander ce qu\u2019est un cercle)&nbsp;!<\/p>\n\n\n\n[* indique que vous pouvez vous r\u00e9f\u00e9rer au lexique \u00e0 la fin de ce billet&nbsp;;-)]\n\n\n\n<p>Le cercle \u00ab&nbsp;Vivre ensemble&nbsp;\u00bb nous propose de \u00ab&nbsp;Prendre soin de nos conflits&nbsp;\u00bb.<\/p>\n\n\n\n<p>Cet atelier, anim\u00e9 par Gene, va nous mettre dans un premier temps en 3 groupes autour d\u2019un double questionnement&nbsp;:<\/p>\n\n\n\n<p>&#8211; Quel ont \u00e9t\u00e9 les conflits subis ou observ\u00e9s lors du Tour&nbsp;?<\/p>\n\n\n\n<p>&#8211; Quelle a \u00e9t\u00e9 ma r\u00e9ponse&nbsp;: col\u00e8re, fuite, tentative de r\u00e9solution \u2026&nbsp;?<\/p>\n\n\n\n<p>Les groupes remplissent chacun pas loin de deux paperboards, soit 6 feuilles. Le Cercle \u00ab&nbsp;Vivre ensemble&nbsp;\u00bb va avoir de la mati\u00e8re \u00e0 exploiter avant de revenir vers la pl\u00e9ni\u00e8re \u2026<\/p>\n\n\n\n<p>Dans un second temps, en grand groupe, question est pos\u00e9e de savoir, si MOI j\u2019\u00e9tais responsable d\u2019un conflit, comment JE souhaiterais que l\u2019on me le dise. L\u00e0 encore, pas mal de choses \u00e9mergent, comme le besoin d\u2019\u00eatre pris \u00e0 part, par des personnes de confiance, avec la volont\u00e9 de savoir quel partie du cadre j\u2019ai \u00e9corn\u00e9 et quelle(s) personne(s) j\u2019ai bless\u00e9 \u2026<\/p>\n\n\n\n<p>Gene indique que le cercle Vivre Ensemble va travailler sur cette mati\u00e8re pour construire un syst\u00e8me restauratif pour l\u2019association, avec une formation \u00e0 envisager sur Orl\u00e9ans anim\u00e9 par un sp\u00e9cialiste de cette question.<\/p>\n\n\n\n<p>C\u2019est la photo de groupe, avant d\u2019enchainer sur un succulent repas&nbsp;!<\/p>\n\n\n\n<figure class=\"wp-block-image size-large\"><a href=\"https:\/\/www.altercampagne.net\/wp-content\/uploads\/2025\/01\/IMG_3321-scaled.jpg\"><img loading=\"lazy\" decoding=\"async\" width=\"1024\" height=\"768\" src=\"https:\/\/www.altercampagne.net\/wp-content\/uploads\/2025\/01\/IMG_3321-1024x768.jpg\" alt=\"\" class=\"wp-image-28907\" srcset=\"https:\/\/www.altercampagne.net\/wp-content\/uploads\/2025\/01\/IMG_3321-1024x768.jpg 1024w, https:\/\/www.altercampagne.net\/wp-content\/uploads\/2025\/01\/IMG_3321-300x225.jpg 300w, https:\/\/www.altercampagne.net\/wp-content\/uploads\/2025\/01\/IMG_3321-768x576.jpg 768w, https:\/\/www.altercampagne.net\/wp-content\/uploads\/2025\/01\/IMG_3321-1536x1152.jpg 1536w, https:\/\/www.altercampagne.net\/wp-content\/uploads\/2025\/01\/IMG_3321-2048x1536.jpg 2048w, https:\/\/www.altercampagne.net\/wp-content\/uploads\/2025\/01\/IMG_3321-100x75.jpg 100w, https:\/\/www.altercampagne.net\/wp-content\/uploads\/2025\/01\/IMG_3321-862x647.jpg 862w, https:\/\/www.altercampagne.net\/wp-content\/uploads\/2025\/01\/IMG_3321-1140x855.jpg 1140w\" sizes=\"auto, (max-width: 1024px) 100vw, 1024px\" \/><\/a><\/figure>\n\n\n\n<p><\/p>\n\n\n\n<h3 class=\"wp-block-heading\">BILAN DU DEFRICHAGE \/ GT COORDINATION DU PARCOURS \/ TEMPS PAR CERCLES<\/h3>\n\n\n\n<p>\u00c0 la reprise, on attaque le coeur de la pl\u00e9ni\u00e8re en terme d\u2019organisation du tour de l\u2019\u00e9t\u00e9 2025, avec trois temps de deux heures en parall\u00e8le&nbsp;:<\/p>\n\n\n\n<p>1) Faire la synth\u00e8se du d\u00e9frichage et choisir les alternatives. Ce temps est anim\u00e9 par Dominique, Lucas, Margot, NicoNiche (merci aussi \u00e0 Lucas et PetiteMarie).<\/p>\n\n\n\n<p>2) Choisir des coordinateur.ices de parcours. Ce temps est anim\u00e9 par J\u00e9rome N.<\/p>\n\n\n\n<p>Un tour de l\u2019assistance est effectu\u00e9 pour savoir si des personnes se portent volontaires, avec ou sans restriction. Les noms de Marine R, Victoria V et Sylvie F sont choisis apr\u00e8s un double vote, apr\u00e8s un premier choix autour de moins de 10 personnes, puis l\u2019expression de chaque candidate.<\/p>\n\n\n\n<p>Bravo \u00e0 Marine, Victoria et Sylvie&nbsp;!<\/p>\n\n\n\n<p>3) Donner un temps de travail en pr\u00e9sentiel aux cercles qui le souhaitent.<\/p>\n\n\n\n<p>Apr\u00e8s une pause, le travail reprend&nbsp;:<\/p>\n\n\n\n<p>Mission des pr\u00e9parateur.ices d\u2019\u00e9tapes, tableau d\u2019inscription des bin\u00f4mes<\/p>\n\n\n\n<p>Travail sans retour en pl\u00e9ni\u00e8re.<\/p>\n\n\n\n<figure class=\"wp-block-image size-large\"><a href=\"https:\/\/www.altercampagne.net\/wp-content\/uploads\/2025\/01\/IMG_3330-scaled.jpg\"><img loading=\"lazy\" decoding=\"async\" width=\"1024\" height=\"768\" src=\"https:\/\/www.altercampagne.net\/wp-content\/uploads\/2025\/01\/IMG_3330-1024x768.jpg\" alt=\"\" class=\"wp-image-28908\" srcset=\"https:\/\/www.altercampagne.net\/wp-content\/uploads\/2025\/01\/IMG_3330-1024x768.jpg 1024w, https:\/\/www.altercampagne.net\/wp-content\/uploads\/2025\/01\/IMG_3330-300x225.jpg 300w, https:\/\/www.altercampagne.net\/wp-content\/uploads\/2025\/01\/IMG_3330-768x576.jpg 768w, https:\/\/www.altercampagne.net\/wp-content\/uploads\/2025\/01\/IMG_3330-1536x1152.jpg 1536w, https:\/\/www.altercampagne.net\/wp-content\/uploads\/2025\/01\/IMG_3330-2048x1536.jpg 2048w, https:\/\/www.altercampagne.net\/wp-content\/uploads\/2025\/01\/IMG_3330-100x75.jpg 100w, https:\/\/www.altercampagne.net\/wp-content\/uploads\/2025\/01\/IMG_3330-862x647.jpg 862w, https:\/\/www.altercampagne.net\/wp-content\/uploads\/2025\/01\/IMG_3330-1140x855.jpg 1140w\" sizes=\"auto, (max-width: 1024px) 100vw, 1024px\" \/><\/a><\/figure>\n\n\n\n<p>D\u00e9cision des lieux de pl\u00e9ni\u00e8res pour les prochaines pl\u00e9ni\u00e8res<\/p>\n\n\n\n<p>En l\u2019absence de proposition de ville alternative avec l\u2019assurance d\u2019un acc\u00e8s raisonnable en temps en train et d\u2019une capacit\u00e9 d\u2019h\u00e9bergement des altercyclistes, d\u00e9cision est prise de poursuivre l\u2019alternance des pl\u00e9ni\u00e8res entre Paris et Lyon.<br>La prochaine Pl\u00e9ni\u00e8re aura donc lieu \u00e0 Lyon, au Tiers-Lieu <a href=\"https:\/\/www.la-cordee.net\/cordee\/lyon\/republique-villeurbanne\/\">La cord\u00e9e<\/a>, 71 Rue Francis de Pressens\u00e9, 69100 Villeurbanne, les 8 et 9 f\u00e9vrier 2025. Elle sera pr\u00e9par\u00e9e par la Dream-Team suivante&nbsp;: Ana\u00efs, Didier, Margot.<\/p>\n\n\n\n<p>J\u2019entends le Cercle Compta me susurrer \u00e0 l\u2019oreille un doux&nbsp;: \u00ab&nbsp;Prenez vos billets d\u00e8s maintenant, c\u2019est moins couteux pour l\u2019association su vous sous faites rembourser &lt;3&nbsp;\u00bb<\/p>\n\n\n\n<p>Par ailleurs, apr\u00e8s Lyon on reviendra \u00e0 Paris (22 et 23\/03\/2025), puis \u00e0 la Maladi\u00e8re (42 140 Saint-Denis-sur-Coise) pour le WERVA (1, 2 , 3 et 4 mai 2025). Des pr\u00e9parateurices de Pl\u00e9ni\u00e8re se serait d\u00e9j\u00e0 positionn\u00e9s pour mars et juin : n\u2019h\u00e9sitez pas \u00e0 faire bin\u00f4me avec eux&nbsp;!<\/p>\n\n\n\n<p><\/p>\n\n\n\n<h3 class=\"wp-block-heading\">FIN DE JOURN\u00c9E \u2013 PROPOSITION DE SOIR\u00c9E<\/h3>\n\n\n\n<p>Une synth\u00e8se est faite de ce samedi.<\/p>\n\n\n\n<p>Un \u00e9clairage est donn\u00e9 pour la journ\u00e9e de demain.<\/p>\n\n\n\n<p>Il est maintenant temps que la journ\u00e9e laisse place a la soir\u00e9e du samedi soir, o\u00f9 certains profiteront du cadre de la MZD, d\u2019autres iront danser au son de la fanfare, d\u2019autres iront profiter d\u2019un repos m\u00e9rit\u00e9 et n\u00e9cessaire&nbsp;!<\/p>\n\n\n\n<p><\/p>\n\n\n\n<h3 class=\"wp-block-heading\">DIMANCHE, C\u2019EST CHOIX DU PARCOURS DE L\u2019ALTERTOUR 2025\u00a0<\/h3>\n\n\n\n<p>M\u00eame d\u00e9but de journ\u00e9e qu\u2019hier&nbsp;: caf\u00e9 \u2013 r\u00e9partition des r\u00f4les&nbsp; et c\u2019est parti pour la matin\u00e9e, qui va s\u2019articuler entre&nbsp;:<\/p>\n\n\n\n<h4 class=\"wp-block-heading has-vivid-purple-color has-text-color has-link-color wp-elements-b5bce807582179a08c234d8389151877\">LE CS<\/h4>\n\n\n\n<p>Le Coll\u00e8ge Solidaire se r\u00e9unit en pr\u00e9sentiel (avec 2 membres en Visio) jusqu\u2019au repas de midi.<\/p>\n\n\n\n<p>Un retour du CS sera fait \u00e0 la prochaine pl\u00e9ni\u00e8re.<\/p>\n\n\n\n<h4 class=\"wp-block-heading has-vivid-purple-color has-text-color has-link-color wp-elements-03d469b87a6a18bc4b3c9b6971e78e37\">PREPARATION AU CHOIX DU PARCOURS \/ CS<\/h4>\n\n\n\n<p class=\"has-vivid-cyan-blue-color has-text-color has-link-color wp-elements-47c334312a0486cde034030ec59bf51f\"><strong>1) Les alternatives<\/strong><\/p>\n\n\n\n<p>Margot et NicoNiche animent le temps de pr\u00e9sentation aux membres de la pl\u00e9ni\u00e8re le travail de d\u00e9frichage. Sous la forme d\u2019un \u00ab&nbsp;World Caf\u00e9&nbsp;\u00bb, en plusieurs groupes, l\u2019enthousiasme des d\u00e9fricheureuses n\u2019a d\u2019\u00e9gal que l\u2019app\u00e9tit des futurs altercyclistes qui se voient d\u00e9couvrir les alternatives en avant-premi\u00e8re.<\/p>\n\n\n\n<p class=\"has-vivid-cyan-blue-color has-text-color has-link-color wp-elements-3c86d4a73c62dd6ac2273e3e9ed7be17\"><strong>2) Proposition de parcours<\/strong><\/p>\n\n\n\n<p>Muni d\u2019une ficelle repr\u00e9sentant 700 km, et de p\u00e2te adh\u00e9sive, des groupes tentent d\u2019\u00e9laborer un trac\u00e9 reliant des alternatives qu\u2019ils souhaitent visiter.<\/p>\n\n\n\n<p>Choisir, c\u2019est abandonner, et les choix sont difficiles, mais n\u00e9cessaires. Les groupes confrontent leurs trac\u00e9s et doivent faire des compromis sur le principe de la boule de neige.<\/p>\n\n\n\n<p>Il a \u00e9t\u00e9 jug\u00e9 utile d\u2019arriver \u00e0 trois propositions, \u00e0 proposer au vote de la pl\u00e9ni\u00e8re l\u2019apr\u00e8s-midi.<\/p>\n\n\n\n<p>Une pause d\u00e9jeuner permet de couper un peu le tumulte de nos \u00e9motions, avant de reprendre de plus belle l\u2019apr\u00e8s-midi.<\/p>\n\n\n\n<div class=\"wp-block-columns is-layout-flex wp-container-core-columns-is-layout-9d6595d7 wp-block-columns-is-layout-flex\">\n<div class=\"wp-block-column is-layout-flow wp-block-column-is-layout-flow\">\n<figure class=\"wp-block-image size-large\"><a href=\"https:\/\/www.altercampagne.net\/wp-content\/uploads\/2025\/01\/1000079458-scaled.jpg\"><img loading=\"lazy\" decoding=\"async\" width=\"768\" height=\"1024\" src=\"https:\/\/www.altercampagne.net\/wp-content\/uploads\/2025\/01\/1000079458-768x1024.jpg\" alt=\"\" class=\"wp-image-28911\" srcset=\"https:\/\/www.altercampagne.net\/wp-content\/uploads\/2025\/01\/1000079458-768x1024.jpg 768w, https:\/\/www.altercampagne.net\/wp-content\/uploads\/2025\/01\/1000079458-225x300.jpg 225w, https:\/\/www.altercampagne.net\/wp-content\/uploads\/2025\/01\/1000079458-1152x1536.jpg 1152w, https:\/\/www.altercampagne.net\/wp-content\/uploads\/2025\/01\/1000079458-1536x2048.jpg 1536w, https:\/\/www.altercampagne.net\/wp-content\/uploads\/2025\/01\/1000079458-100x133.jpg 100w, https:\/\/www.altercampagne.net\/wp-content\/uploads\/2025\/01\/1000079458-862x1149.jpg 862w, https:\/\/www.altercampagne.net\/wp-content\/uploads\/2025\/01\/1000079458-1140x1520.jpg 1140w, https:\/\/www.altercampagne.net\/wp-content\/uploads\/2025\/01\/1000079458-scaled.jpg 1920w\" sizes=\"auto, (max-width: 768px) 100vw, 768px\" \/><\/a><\/figure>\n<\/div>\n\n\n\n<div class=\"wp-block-column is-layout-flow wp-block-column-is-layout-flow\">\n<figure class=\"wp-block-image size-large\"><a href=\"https:\/\/www.altercampagne.net\/wp-content\/uploads\/2025\/01\/1000079460-scaled.jpg\"><img loading=\"lazy\" decoding=\"async\" width=\"768\" height=\"1024\" src=\"https:\/\/www.altercampagne.net\/wp-content\/uploads\/2025\/01\/1000079460-768x1024.jpg\" alt=\"\" class=\"wp-image-28912\" srcset=\"https:\/\/www.altercampagne.net\/wp-content\/uploads\/2025\/01\/1000079460-768x1024.jpg 768w, https:\/\/www.altercampagne.net\/wp-content\/uploads\/2025\/01\/1000079460-225x300.jpg 225w, https:\/\/www.altercampagne.net\/wp-content\/uploads\/2025\/01\/1000079460-1152x1536.jpg 1152w, https:\/\/www.altercampagne.net\/wp-content\/uploads\/2025\/01\/1000079460-1536x2048.jpg 1536w, https:\/\/www.altercampagne.net\/wp-content\/uploads\/2025\/01\/1000079460-100x133.jpg 100w, https:\/\/www.altercampagne.net\/wp-content\/uploads\/2025\/01\/1000079460-862x1149.jpg 862w, https:\/\/www.altercampagne.net\/wp-content\/uploads\/2025\/01\/1000079460-1140x1520.jpg 1140w, https:\/\/www.altercampagne.net\/wp-content\/uploads\/2025\/01\/1000079460-scaled.jpg 1920w\" sizes=\"auto, (max-width: 768px) 100vw, 768px\" \/><\/a><\/figure>\n<\/div>\n<\/div>\n\n\n\n<h3 class=\"wp-block-heading\">LE CHOIX DU PARCOURS DE L\u2019ALTERTOUR 2025<\/h3>\n\n\n\n<p>Le choix est rapide. \u00c9tonnamment, deux trac\u00e9s excluent le Pays Basque alors que la zone du Sud-Ouest choisie lors de la premi\u00e8re pl\u00e9ni\u00e8re se justifiait par le fait de ne jamais \u00eatre pass\u00e9 en 17 ann\u00e9es par cette zone.<\/p>\n\n\n\n<p>C\u2019est donc le trac\u00e9 \u00ab&nbsp;Luttes, Baignade et Pri\u00e8res&nbsp;\u00bb, ou plus s\u00e9rieusement de \u00ab&nbsp;La souterraine&nbsp;\u00bb jusqu\u2019\u00e0 Lourdes qui est choisi, car deux trac\u00e9s sont tr\u00e8s similaires.<\/p>\n\n\n\n<p>Cependant, de nombreuses personnes gardent l\u2019id\u00e9e qu\u2019une \u00c9chapp\u00e9e Belle est possible autour des nombreuses et r\u00e9jouissantes alternatives d\u00e9frich\u00e9es entre la Pays Basque et Lourdes \u2026<\/p>\n\n\n\n<div class=\"wp-block-columns is-layout-flex wp-container-core-columns-is-layout-9d6595d7 wp-block-columns-is-layout-flex\">\n<div class=\"wp-block-column is-layout-flow wp-block-column-is-layout-flow\">\n<figure class=\"wp-block-image size-large\"><a href=\"https:\/\/www.altercampagne.net\/wp-content\/uploads\/2025\/01\/1000079481-scaled.jpg\"><img loading=\"lazy\" decoding=\"async\" width=\"768\" height=\"1024\" src=\"https:\/\/www.altercampagne.net\/wp-content\/uploads\/2025\/01\/1000079481-768x1024.jpg\" alt=\"\" class=\"wp-image-28914\" srcset=\"https:\/\/www.altercampagne.net\/wp-content\/uploads\/2025\/01\/1000079481-768x1024.jpg 768w, https:\/\/www.altercampagne.net\/wp-content\/uploads\/2025\/01\/1000079481-225x300.jpg 225w, https:\/\/www.altercampagne.net\/wp-content\/uploads\/2025\/01\/1000079481-1152x1536.jpg 1152w, https:\/\/www.altercampagne.net\/wp-content\/uploads\/2025\/01\/1000079481-1536x2048.jpg 1536w, https:\/\/www.altercampagne.net\/wp-content\/uploads\/2025\/01\/1000079481-100x133.jpg 100w, https:\/\/www.altercampagne.net\/wp-content\/uploads\/2025\/01\/1000079481-862x1149.jpg 862w, https:\/\/www.altercampagne.net\/wp-content\/uploads\/2025\/01\/1000079481-1140x1520.jpg 1140w, https:\/\/www.altercampagne.net\/wp-content\/uploads\/2025\/01\/1000079481-scaled.jpg 1920w\" sizes=\"auto, (max-width: 768px) 100vw, 768px\" \/><\/a><\/figure>\n<\/div>\n\n\n\n<div class=\"wp-block-column is-layout-flow wp-block-column-is-layout-flow\">\n<figure class=\"wp-block-image size-large\"><a href=\"https:\/\/www.altercampagne.net\/wp-content\/uploads\/2025\/01\/1000079468-1-scaled.jpg\"><img loading=\"lazy\" decoding=\"async\" width=\"768\" height=\"1024\" src=\"https:\/\/www.altercampagne.net\/wp-content\/uploads\/2025\/01\/1000079468-1-768x1024.jpg\" alt=\"\" class=\"wp-image-28915\" srcset=\"https:\/\/www.altercampagne.net\/wp-content\/uploads\/2025\/01\/1000079468-1-768x1024.jpg 768w, https:\/\/www.altercampagne.net\/wp-content\/uploads\/2025\/01\/1000079468-1-225x300.jpg 225w, https:\/\/www.altercampagne.net\/wp-content\/uploads\/2025\/01\/1000079468-1-1152x1536.jpg 1152w, https:\/\/www.altercampagne.net\/wp-content\/uploads\/2025\/01\/1000079468-1-1536x2048.jpg 1536w, https:\/\/www.altercampagne.net\/wp-content\/uploads\/2025\/01\/1000079468-1-100x133.jpg 100w, https:\/\/www.altercampagne.net\/wp-content\/uploads\/2025\/01\/1000079468-1-862x1149.jpg 862w, https:\/\/www.altercampagne.net\/wp-content\/uploads\/2025\/01\/1000079468-1-1140x1520.jpg 1140w, https:\/\/www.altercampagne.net\/wp-content\/uploads\/2025\/01\/1000079468-1-scaled.jpg 1920w\" sizes=\"auto, (max-width: 768px) 100vw, 768px\" \/><\/a><\/figure>\n<\/div>\n<\/div>\n\n\n\n<h3 class=\"wp-block-heading\">SYNTH\u00c9TISER ET CONCLURE LE WEEK-END<\/h3>\n\n\n\n<p>Apr\u00e8s cette \u00e9tape importante, on passe au n\u00e9cessaire relev\u00e9 des d\u00e9cisions (CS + pl\u00e9ni\u00e8re) prises ce week-end&nbsp;:<\/p>\n\n\n\n<p>&#8211; choix de coordinatrices Parcours&nbsp;;<\/p>\n\n\n\n<p>&#8211; choix du Parcours&nbsp;;<\/p>\n\n\n\n<p>&#8211; pour le CS&nbsp;: la date du WE CS les 8 et 9 mars 2025&nbsp;;<\/p>\n\n\n\n<p>&#8211; pour les Cercles&nbsp;: une adresse mail pour les Plumes&nbsp;: <a href=\"mailto:communication@altertour.net\">communication@altertour.net<\/a>&nbsp;; un WE pour le Cercle Gouvernance&nbsp;;<\/p>\n\n\n\n<p>&#8211; pour les GT&nbsp;: un GT \u00ab&nbsp;Classe Sociale&nbsp;\u00bb qui se poursuit et un GT \u00ab&nbsp;m\u00e9nage autour de l\u2019informatique pour clarifier certains de nos outils&nbsp;\u00bb<\/p>\n\n\n\n<p>&#8211; un rappel&nbsp;: pour participer aux Pl\u00e9ni\u00e8res, il faut adh\u00e9rer (site inscription) \u00e0 AlterCampagne.<\/p>\n\n\n\n<p>Un cercle de parole permet \u00e0 chacun de livre son ressenti.<\/p>\n\n\n\n<p>Le rangement et le m\u00e9nage pour laisser place nette s\u2019effectue avant que chacun chacune ne quitte la Maison du Z\u00e9ro D\u00e9chet.<\/p>\n\n\n\n<h3 class=\"wp-block-heading\">L\u2019ALTERTOUR, \u00c7A SE VIT ET \u00c7A SE PR\u00c9PARE TOUTE L\u2019ANN\u00c9E\u00a0!<\/h3>\n\n\n\n<p>L\u2019impatience se fait d\u00e9j\u00e0 sentir chez certain et certaine, l\u2019envie de pr\u00e9parer les \u00e9tapes, de poursuivre le travail initi\u00e9 dans chaque cercle, de monter en connaissance et en comp\u00e9tence pour l\u2019organisation et pour s\u2019enrichir personnellement et collectivement.<\/p>\n\n\n\n<p>Cette aventure se poursuit \u00e0 la pl\u00e9ni\u00e8re du 8 et 9 f\u00e9vrier \u00e0 Lyon, et d\u2019ici l\u00e0 dans ton Cercle, au t\u00e9l\u00e9phone, sur RocketChat, en ligne dans les tr\u00e9sors de l\u2019AlterDocumentation&nbsp;!<\/p>\n\n\n\n<p>Bonne fin d\u2019ann\u00e9e, repas, retrouvailles familiales et amicales&nbsp;!<\/p>\n\n\n\n<p>On se voit tr\u00e8s vite en 2025&nbsp;!<\/p>\n\n\n\n<p><\/p>\n\n\n\n<p class=\"has-luminous-vivid-orange-color has-text-color has-link-color wp-elements-6c6e8df74be5cc8ea785de8c64495636\"><em><strong>Lexique d\u2019AlterCampagne\u00a0:<\/strong><\/em><\/p>\n\n\n\n<p>* <em>AlterCampagne\u00a0<\/em>: ton association pr\u00e9f\u00e9r\u00e9e qui pr\u00e9pare l\u2019AlterTour estival (et ses \u00e9ventuelles d\u00e9clinaisons). Trouve son histoire sur le site internet\u00a0: <a href=\"https:\/\/www.altercampagne.net\/\">https:\/\/www.altercampagne.net\/<\/a><\/p>\n\n\n\n<p>* <em>Pl\u00e9ni\u00e8re<\/em>\u00a0: r\u00e9union des membres de l\u2019association AlterCampagne, qui a pouvoir d\u00e9cisionnel. La pl\u00e9ni\u00e8re se r\u00e9unit environ toute les 6 semaines, soit 7 fois dans l\u2019ann\u00e9e, hors \u00e9t\u00e9 (juillet \/ ao\u00fbt).<\/p>\n\n\n\n<p>* <em>Cercle<\/em>\u00a0: groupe de personnes qui traite un sujet essentiel \u00e0 l\u2019existence d\u2019Altercampagne (Comptabilit\u00e9, Informatique, Gouvernance, Plumes, Vivre Ensemble, \u2026) et\/ou \u00e0 la r\u00e9alisation de l\u2019AlterTour estival (D\u00e9frichage, Inscriptions, Parcours, V\u00e9hicules et Logistique, \u2026). Il a une libert\u00e9 pour les d\u00e9cisions courantes dans son domaine.<\/p>\n\n\n\n<p>* <em>Groupe de Travail<\/em>\u00a0:\u00a0 groupe de personnes qui traite un sujet en relation avec l\u2019Association, mais qui est plus temporaire ou plus \u00e9ph\u00e9m\u00e8re qu\u2019un Cercle. Un GT peut \u00eatre cr\u00e9\u00e9 par toute personne qui se propose de porter un sujet, sans formalit\u00e9. Le GT ne peut prendre de d\u00e9cision sans l\u2019aval de la pl\u00e9ni\u00e8re ou du CS.<\/p>\n\n\n\n<p>*<em> Coll\u00e8ge Solidaire<\/em>\u00a0: Ensemble de membres (limit\u00e9 \u00e0 18) qui exercent le r\u00f4le de co-pr\u00e9sident.e (il n\u2019y a pas de pr\u00e9sident.e \u00e0 AlterCampagne) et notamment l\u2019action juridique et la responsabilit\u00e9 juridique. Il est garant des Statuts, de la Charte et du R\u00e9glement Int\u00e9rieur de l\u2019Association. Il traite des sujets de fonds et des urgence. Il se r\u00e9unit toute l\u2019ann\u00e9e.<\/p>\n\n\n\n<p><\/p>\n\n\n\n<p>Alterjournaliste : Fred<\/p>\n","protected":false},"excerpt":{"rendered":"<p>La 3e r\u00e9union des membres de l\u2019association AlterCampagne, appel\u00e9e \u00ab&nbsp;Pl\u00e9ni\u00e8re*&nbsp;\u00bb, s\u2019est tenue les samedi 14 et dimanche 15 d\u00e9cembre 2024 \u00e0 Paris, dans la \u2013 tr\u00e8s accueillante et tr\u00e8s coh\u00e9rente avec nos valeurs \u2013 Maison du Z\u00e9ro D\u00e9chet (1 Passage Emma Calv\u00e9, 75012 Paris, France). [Petit focus sur la MZD&nbsp;: &#8230; <\/p>\n<div><a href=\"https:\/\/www.altercampagne.net\/?p=28904\" class=\"more-link\">Read More<\/a><\/div>\n","protected":false},"author":198,"featured_media":28917,"comment_status":"closed","ping_status":"closed","sticky":false,"template":"","format":"standard","meta":{"footnotes":""},"categories":[4511,4313,3539],"tags":[],"class_list":["post-28904","post","type-post","status-publish","format-standard","has-post-thumbnail","hentry","category-edition-2025","category-altertour","category-we-de-preparation"],"yoast_head":"<!-- This site is optimized with the Yoast SEO plugin v27.3 - https:\/\/yoast.com\/product\/yoast-seo-wordpress\/ -->\n<title>La troisi\u00e8me pl\u00e9ni\u00e8re de l&#039;AlterTour \u00e0 La Maison du Z\u00e9ro D\u00e9chet pour choisir le parcours 2025 - AlterTour<\/title>\n<meta name=\"robots\" content=\"index, follow, max-snippet:-1, max-image-preview:large, max-video-preview:-1\" \/>\n<link rel=\"canonical\" href=\"https:\/\/www.altercampagne.net\/?p=28904\" \/>\n<meta property=\"og:locale\" content=\"fr_FR\" \/>\n<meta property=\"og:type\" content=\"article\" \/>\n<meta property=\"og:title\" content=\"La troisi\u00e8me pl\u00e9ni\u00e8re de l&#039;AlterTour \u00e0 La Maison du Z\u00e9ro D\u00e9chet pour choisir le parcours 2025 - AlterTour\" \/>\n<meta property=\"og:description\" content=\"La 3e r\u00e9union des membres de l\u2019association AlterCampagne, appel\u00e9e \u00ab&nbsp;Pl\u00e9ni\u00e8re*&nbsp;\u00bb, s\u2019est tenue les samedi 14 et dimanche 15 d\u00e9cembre 2024 \u00e0 Paris, dans la \u2013 tr\u00e8s accueillante et tr\u00e8s coh\u00e9rente avec nos valeurs \u2013 Maison du Z\u00e9ro D\u00e9chet (1 Passage Emma Calv\u00e9, 75012 Paris, France). [Petit focus sur la MZD&nbsp;: ... Read More\" \/>\n<meta property=\"og:url\" content=\"https:\/\/www.altercampagne.net\/?p=28904\" \/>\n<meta property=\"og:site_name\" content=\"AlterTour\" \/>\n<meta property=\"article:published_time\" content=\"2025-01-17T21:58:02+00:00\" \/>\n<meta property=\"article:modified_time\" content=\"2025-01-17T22:04:05+00:00\" \/>\n<meta property=\"og:image\" content=\"https:\/\/www.altercampagne.net\/wp-content\/uploads\/2025\/01\/1000079483-scaled.jpg\" \/>\n\t<meta property=\"og:image:width\" content=\"2560\" \/>\n\t<meta property=\"og:image:height\" content=\"1920\" \/>\n\t<meta property=\"og:image:type\" content=\"image\/jpeg\" \/>\n<meta name=\"author\" content=\"Marine R\" \/>\n<meta name=\"twitter:card\" content=\"summary_large_image\" \/>\n<meta name=\"twitter:label1\" content=\"\u00c9crit par\" \/>\n\t<meta name=\"twitter:data1\" content=\"Marine R\" \/>\n\t<meta name=\"twitter:label2\" content=\"Dur\u00e9e de lecture estim\u00e9e\" \/>\n\t<meta name=\"twitter:data2\" content=\"14 minutes\" \/>\n<script type=\"application\/ld+json\" class=\"yoast-schema-graph\">{\"@context\":\"https:\\\/\\\/schema.org\",\"@graph\":[{\"@type\":\"Article\",\"@id\":\"https:\\\/\\\/www.altercampagne.net\\\/?p=28904#article\",\"isPartOf\":{\"@id\":\"https:\\\/\\\/www.altercampagne.net\\\/?p=28904\"},\"author\":{\"name\":\"Marine R\",\"@id\":\"https:\\\/\\\/www.altercampagne.net\\\/#\\\/schema\\\/person\\\/3afde49d8c0be52224ae61fe720b4b19\"},\"headline\":\"La troisi\u00e8me pl\u00e9ni\u00e8re de l&rsquo;AlterTour \u00e0 La Maison du Z\u00e9ro D\u00e9chet pour choisir le parcours 2025\",\"datePublished\":\"2025-01-17T21:58:02+00:00\",\"dateModified\":\"2025-01-17T22:04:05+00:00\",\"mainEntityOfPage\":{\"@id\":\"https:\\\/\\\/www.altercampagne.net\\\/?p=28904\"},\"wordCount\":2628,\"image\":{\"@id\":\"https:\\\/\\\/www.altercampagne.net\\\/?p=28904#primaryimage\"},\"thumbnailUrl\":\"https:\\\/\\\/www.altercampagne.net\\\/wp-content\\\/uploads\\\/2025\\\/01\\\/1000079483-scaled.jpg\",\"articleSection\":[\"\u00c9dition 2025\",\"AlterTour\",\"WE de pr\u00e9paration\"],\"inLanguage\":\"fr-FR\"},{\"@type\":\"WebPage\",\"@id\":\"https:\\\/\\\/www.altercampagne.net\\\/?p=28904\",\"url\":\"https:\\\/\\\/www.altercampagne.net\\\/?p=28904\",\"name\":\"La troisi\u00e8me pl\u00e9ni\u00e8re de l'AlterTour \u00e0 La Maison du Z\u00e9ro D\u00e9chet pour choisir le parcours 2025 - AlterTour\",\"isPartOf\":{\"@id\":\"https:\\\/\\\/www.altercampagne.net\\\/#website\"},\"primaryImageOfPage\":{\"@id\":\"https:\\\/\\\/www.altercampagne.net\\\/?p=28904#primaryimage\"},\"image\":{\"@id\":\"https:\\\/\\\/www.altercampagne.net\\\/?p=28904#primaryimage\"},\"thumbnailUrl\":\"https:\\\/\\\/www.altercampagne.net\\\/wp-content\\\/uploads\\\/2025\\\/01\\\/1000079483-scaled.jpg\",\"datePublished\":\"2025-01-17T21:58:02+00:00\",\"dateModified\":\"2025-01-17T22:04:05+00:00\",\"author\":{\"@id\":\"https:\\\/\\\/www.altercampagne.net\\\/#\\\/schema\\\/person\\\/3afde49d8c0be52224ae61fe720b4b19\"},\"breadcrumb\":{\"@id\":\"https:\\\/\\\/www.altercampagne.net\\\/?p=28904#breadcrumb\"},\"inLanguage\":\"fr-FR\",\"potentialAction\":[{\"@type\":\"ReadAction\",\"target\":[\"https:\\\/\\\/www.altercampagne.net\\\/?p=28904\"]}]},{\"@type\":\"ImageObject\",\"inLanguage\":\"fr-FR\",\"@id\":\"https:\\\/\\\/www.altercampagne.net\\\/?p=28904#primaryimage\",\"url\":\"https:\\\/\\\/www.altercampagne.net\\\/wp-content\\\/uploads\\\/2025\\\/01\\\/1000079483-scaled.jpg\",\"contentUrl\":\"https:\\\/\\\/www.altercampagne.net\\\/wp-content\\\/uploads\\\/2025\\\/01\\\/1000079483-scaled.jpg\",\"width\":2560,\"height\":1920},{\"@type\":\"BreadcrumbList\",\"@id\":\"https:\\\/\\\/www.altercampagne.net\\\/?p=28904#breadcrumb\",\"itemListElement\":[{\"@type\":\"ListItem\",\"position\":1,\"name\":\"Accueil\",\"item\":\"https:\\\/\\\/www.altercampagne.net\\\/\"},{\"@type\":\"ListItem\",\"position\":2,\"name\":\"La troisi\u00e8me pl\u00e9ni\u00e8re de l&rsquo;AlterTour \u00e0 La Maison du Z\u00e9ro D\u00e9chet pour choisir le parcours 2025\"}]},{\"@type\":\"WebSite\",\"@id\":\"https:\\\/\\\/www.altercampagne.net\\\/#website\",\"url\":\"https:\\\/\\\/www.altercampagne.net\\\/\",\"name\":\"AlterTour\",\"description\":\"Reliez les Alternatives \u00e0 v\u00e9lo\",\"potentialAction\":[{\"@type\":\"SearchAction\",\"target\":{\"@type\":\"EntryPoint\",\"urlTemplate\":\"https:\\\/\\\/www.altercampagne.net\\\/?s={search_term_string}\"},\"query-input\":{\"@type\":\"PropertyValueSpecification\",\"valueRequired\":true,\"valueName\":\"search_term_string\"}}],\"inLanguage\":\"fr-FR\"},{\"@type\":\"Person\",\"@id\":\"https:\\\/\\\/www.altercampagne.net\\\/#\\\/schema\\\/person\\\/3afde49d8c0be52224ae61fe720b4b19\",\"name\":\"Marine R\",\"image\":{\"@type\":\"ImageObject\",\"inLanguage\":\"fr-FR\",\"@id\":\"https:\\\/\\\/secure.gravatar.com\\\/avatar\\\/a3c4f944a184c737c95a33c9fc36f74b2637ea270671045d89722a608b50fd88?s=96&d=mm&r=g\",\"url\":\"https:\\\/\\\/secure.gravatar.com\\\/avatar\\\/a3c4f944a184c737c95a33c9fc36f74b2637ea270671045d89722a608b50fd88?s=96&d=mm&r=g\",\"contentUrl\":\"https:\\\/\\\/secure.gravatar.com\\\/avatar\\\/a3c4f944a184c737c95a33c9fc36f74b2637ea270671045d89722a608b50fd88?s=96&d=mm&r=g\",\"caption\":\"Marine R\"},\"url\":\"https:\\\/\\\/www.altercampagne.net\\\/?author=198\"}]}<\/script>\n<!-- \/ Yoast SEO plugin. -->","yoast_head_json":{"title":"La troisi\u00e8me pl\u00e9ni\u00e8re de l'AlterTour \u00e0 La Maison du Z\u00e9ro D\u00e9chet pour choisir le parcours 2025 - AlterTour","robots":{"index":"index","follow":"follow","max-snippet":"max-snippet:-1","max-image-preview":"max-image-preview:large","max-video-preview":"max-video-preview:-1"},"canonical":"https:\/\/www.altercampagne.net\/?p=28904","og_locale":"fr_FR","og_type":"article","og_title":"La troisi\u00e8me pl\u00e9ni\u00e8re de l'AlterTour \u00e0 La Maison du Z\u00e9ro D\u00e9chet pour choisir le parcours 2025 - AlterTour","og_description":"La 3e r\u00e9union des membres de l\u2019association AlterCampagne, appel\u00e9e \u00ab&nbsp;Pl\u00e9ni\u00e8re*&nbsp;\u00bb, s\u2019est tenue les samedi 14 et dimanche 15 d\u00e9cembre 2024 \u00e0 Paris, dans la \u2013 tr\u00e8s accueillante et tr\u00e8s coh\u00e9rente avec nos valeurs \u2013 Maison du Z\u00e9ro D\u00e9chet (1 Passage Emma Calv\u00e9, 75012 Paris, France). [Petit focus sur la MZD&nbsp;: ... Read More","og_url":"https:\/\/www.altercampagne.net\/?p=28904","og_site_name":"AlterTour","article_published_time":"2025-01-17T21:58:02+00:00","article_modified_time":"2025-01-17T22:04:05+00:00","og_image":[{"width":2560,"height":1920,"url":"https:\/\/www.altercampagne.net\/wp-content\/uploads\/2025\/01\/1000079483-scaled.jpg","type":"image\/jpeg"}],"author":"Marine R","twitter_card":"summary_large_image","twitter_misc":{"\u00c9crit par":"Marine R","Dur\u00e9e de lecture estim\u00e9e":"14 minutes"},"schema":{"@context":"https:\/\/schema.org","@graph":[{"@type":"Article","@id":"https:\/\/www.altercampagne.net\/?p=28904#article","isPartOf":{"@id":"https:\/\/www.altercampagne.net\/?p=28904"},"author":{"name":"Marine R","@id":"https:\/\/www.altercampagne.net\/#\/schema\/person\/3afde49d8c0be52224ae61fe720b4b19"},"headline":"La troisi\u00e8me pl\u00e9ni\u00e8re de l&rsquo;AlterTour \u00e0 La Maison du Z\u00e9ro D\u00e9chet pour choisir le parcours 2025","datePublished":"2025-01-17T21:58:02+00:00","dateModified":"2025-01-17T22:04:05+00:00","mainEntityOfPage":{"@id":"https:\/\/www.altercampagne.net\/?p=28904"},"wordCount":2628,"image":{"@id":"https:\/\/www.altercampagne.net\/?p=28904#primaryimage"},"thumbnailUrl":"https:\/\/www.altercampagne.net\/wp-content\/uploads\/2025\/01\/1000079483-scaled.jpg","articleSection":["\u00c9dition 2025","AlterTour","WE de pr\u00e9paration"],"inLanguage":"fr-FR"},{"@type":"WebPage","@id":"https:\/\/www.altercampagne.net\/?p=28904","url":"https:\/\/www.altercampagne.net\/?p=28904","name":"La troisi\u00e8me pl\u00e9ni\u00e8re de l'AlterTour \u00e0 La Maison du Z\u00e9ro D\u00e9chet pour choisir le parcours 2025 - AlterTour","isPartOf":{"@id":"https:\/\/www.altercampagne.net\/#website"},"primaryImageOfPage":{"@id":"https:\/\/www.altercampagne.net\/?p=28904#primaryimage"},"image":{"@id":"https:\/\/www.altercampagne.net\/?p=28904#primaryimage"},"thumbnailUrl":"https:\/\/www.altercampagne.net\/wp-content\/uploads\/2025\/01\/1000079483-scaled.jpg","datePublished":"2025-01-17T21:58:02+00:00","dateModified":"2025-01-17T22:04:05+00:00","author":{"@id":"https:\/\/www.altercampagne.net\/#\/schema\/person\/3afde49d8c0be52224ae61fe720b4b19"},"breadcrumb":{"@id":"https:\/\/www.altercampagne.net\/?p=28904#breadcrumb"},"inLanguage":"fr-FR","potentialAction":[{"@type":"ReadAction","target":["https:\/\/www.altercampagne.net\/?p=28904"]}]},{"@type":"ImageObject","inLanguage":"fr-FR","@id":"https:\/\/www.altercampagne.net\/?p=28904#primaryimage","url":"https:\/\/www.altercampagne.net\/wp-content\/uploads\/2025\/01\/1000079483-scaled.jpg","contentUrl":"https:\/\/www.altercampagne.net\/wp-content\/uploads\/2025\/01\/1000079483-scaled.jpg","width":2560,"height":1920},{"@type":"BreadcrumbList","@id":"https:\/\/www.altercampagne.net\/?p=28904#breadcrumb","itemListElement":[{"@type":"ListItem","position":1,"name":"Accueil","item":"https:\/\/www.altercampagne.net\/"},{"@type":"ListItem","position":2,"name":"La troisi\u00e8me pl\u00e9ni\u00e8re de l&rsquo;AlterTour \u00e0 La Maison du Z\u00e9ro D\u00e9chet pour choisir le parcours 2025"}]},{"@type":"WebSite","@id":"https:\/\/www.altercampagne.net\/#website","url":"https:\/\/www.altercampagne.net\/","name":"AlterTour","description":"Reliez les Alternatives \u00e0 v\u00e9lo","potentialAction":[{"@type":"SearchAction","target":{"@type":"EntryPoint","urlTemplate":"https:\/\/www.altercampagne.net\/?s={search_term_string}"},"query-input":{"@type":"PropertyValueSpecification","valueRequired":true,"valueName":"search_term_string"}}],"inLanguage":"fr-FR"},{"@type":"Person","@id":"https:\/\/www.altercampagne.net\/#\/schema\/person\/3afde49d8c0be52224ae61fe720b4b19","name":"Marine R","image":{"@type":"ImageObject","inLanguage":"fr-FR","@id":"https:\/\/secure.gravatar.com\/avatar\/a3c4f944a184c737c95a33c9fc36f74b2637ea270671045d89722a608b50fd88?s=96&d=mm&r=g","url":"https:\/\/secure.gravatar.com\/avatar\/a3c4f944a184c737c95a33c9fc36f74b2637ea270671045d89722a608b50fd88?s=96&d=mm&r=g","contentUrl":"https:\/\/secure.gravatar.com\/avatar\/a3c4f944a184c737c95a33c9fc36f74b2637ea270671045d89722a608b50fd88?s=96&d=mm&r=g","caption":"Marine R"},"url":"https:\/\/www.altercampagne.net\/?author=198"}]}},"_links":{"self":[{"href":"https:\/\/www.altercampagne.net\/index.php?rest_route=\/wp\/v2\/posts\/28904","targetHints":{"allow":["GET"]}}],"collection":[{"href":"https:\/\/www.altercampagne.net\/index.php?rest_route=\/wp\/v2\/posts"}],"about":[{"href":"https:\/\/www.altercampagne.net\/index.php?rest_route=\/wp\/v2\/types\/post"}],"author":[{"embeddable":true,"href":"https:\/\/www.altercampagne.net\/index.php?rest_route=\/wp\/v2\/users\/198"}],"replies":[{"embeddable":true,"href":"https:\/\/www.altercampagne.net\/index.php?rest_route=%2Fwp%2Fv2%2Fcomments&post=28904"}],"version-history":[{"count":4,"href":"https:\/\/www.altercampagne.net\/index.php?rest_route=\/wp\/v2\/posts\/28904\/revisions"}],"predecessor-version":[{"id":28918,"href":"https:\/\/www.altercampagne.net\/index.php?rest_route=\/wp\/v2\/posts\/28904\/revisions\/28918"}],"wp:featuredmedia":[{"embeddable":true,"href":"https:\/\/www.altercampagne.net\/index.php?rest_route=\/wp\/v2\/media\/28917"}],"wp:attachment":[{"href":"https:\/\/www.altercampagne.net\/index.php?rest_route=%2Fwp%2Fv2%2Fmedia&parent=28904"}],"wp:term":[{"taxonomy":"category","embeddable":true,"href":"https:\/\/www.altercampagne.net\/index.php?rest_route=%2Fwp%2Fv2%2Fcategories&post=28904"},{"taxonomy":"post_tag","embeddable":true,"href":"https:\/\/www.altercampagne.net\/index.php?rest_route=%2Fwp%2Fv2%2Ftags&post=28904"}],"curies":[{"name":"wp","href":"https:\/\/api.w.org\/{rel}","templated":true}]}}