{"id":28925,"date":"2025-02-14T16:48:09","date_gmt":"2025-02-14T15:48:09","guid":{"rendered":"https:\/\/www.altercampagne.net\/?p=28925"},"modified":"2025-02-14T16:54:29","modified_gmt":"2025-02-14T15:54:29","slug":"la-pleniere-de-fevrier-a-lyon","status":"publish","type":"post","link":"https:\/\/www.altercampagne.net\/?p=28925","title":{"rendered":"La pl\u00e9ni\u00e8re de f\u00e9vrier \u00e0 Villeurbanne"},"content":{"rendered":"\n<p>Samedi 8 f\u00e9vrier, 9h, les portes de La Cord\u00e9e R\u00e9publique, espace de co-working \u00e0 Villeurbanne,&nbsp;s&rsquo;ouvrent et laissent entrer une trentaine de joyeux.ses&nbsp;altercyclistes. Les \u00e9crans sont mis de c\u00f4t\u00e9, quelques tables pouss\u00e9es sur le c\u00f4t\u00e9, des chaises et fauteuils install\u00e9s en cercle&#8230;<\/p>\n\n\n\n<p>Une pl\u00e9ni\u00e8re \u00e7a commence souvent de la m\u00eame mani\u00e8re : il y a d&rsquo;abord les retrouvailles du matin, le brise glace pour se remettre ensemble dans une posture de travail collectif puis une distribution des r\u00f4les : qui garde le temps, qui veille au respect des sujets, qui \u00e9crit l&rsquo;article \u00e0 mettre sur le blog, qui prend les notes, etc. Vient enfin le temps de pr\u00e9sentation de la journ\u00e9e, du lieu du week-end. Et c&rsquo;est le moment de se mettre au travail !<\/p>\n\n\n\n<figure class=\"wp-block-image size-large\"><a href=\"https:\/\/www.altercampagne.net\/wp-content\/uploads\/2025\/02\/1000084534-scaled.jpg\"><img loading=\"lazy\" decoding=\"async\" width=\"1024\" height=\"768\" src=\"https:\/\/www.altercampagne.net\/wp-content\/uploads\/2025\/02\/1000084534-1024x768.jpg\" alt=\"\" class=\"wp-image-28929\" srcset=\"https:\/\/www.altercampagne.net\/wp-content\/uploads\/2025\/02\/1000084534-1024x768.jpg 1024w, https:\/\/www.altercampagne.net\/wp-content\/uploads\/2025\/02\/1000084534-300x225.jpg 300w, https:\/\/www.altercampagne.net\/wp-content\/uploads\/2025\/02\/1000084534-768x576.jpg 768w, https:\/\/www.altercampagne.net\/wp-content\/uploads\/2025\/02\/1000084534-1536x1152.jpg 1536w, https:\/\/www.altercampagne.net\/wp-content\/uploads\/2025\/02\/1000084534-2048x1536.jpg 2048w, https:\/\/www.altercampagne.net\/wp-content\/uploads\/2025\/02\/1000084534-100x75.jpg 100w, https:\/\/www.altercampagne.net\/wp-content\/uploads\/2025\/02\/1000084534-862x647.jpg 862w, https:\/\/www.altercampagne.net\/wp-content\/uploads\/2025\/02\/1000084534-1140x855.jpg 1140w\" sizes=\"auto, (max-width: 1024px) 100vw, 1024px\" \/><\/a><\/figure>\n\n\n\n<p>Ce samedi commence par les retours des diff\u00e9rents cercles de travail, chaque cercle a pr\u00e9par\u00e9 et rend compte en pl\u00e9ni\u00e8re de ce qui a \u00e9t\u00e9 fait, d\u00e9cid\u00e9 (ou pas) depuis la derni\u00e8re pl\u00e9ni\u00e8re. Apr\u00e8s avoir d\u00e9cid\u00e9, avec l&rsquo;accord de Didier, de supprimer la pause qui est cens\u00e9 \u00eatre maintenant nous encha\u00eenons avec un temps anim\u00e9 par le cercle gouvernance. Le report de la pause nous permettra d&rsquo;avoir une pause plus longue le midi et prendre un temps pour mieux ma\u00eetriser nos outils informatique.<\/p>\n\n\n\n<div class=\"wp-block-columns is-layout-flex wp-container-core-columns-is-layout-9d6595d7 wp-block-columns-is-layout-flex\">\n<div class=\"wp-block-column is-layout-flow wp-block-column-is-layout-flow\">\n<p>Au sein de l&rsquo;AlterTour,&nbsp;l&rsquo;organisation se base sur un ensemble de d\u00e9cisions prises sur ce qu&rsquo;il convient de faire ou de ne pas faire, en particulier pendant le tour. Mais souvent on ne sait plus d&rsquo;o\u00f9 viennent ces d\u00e9cisions, ni m\u00eame s&rsquo;il s&rsquo;agit de d\u00e9cisions ou de quelque chose que quelqu&rsquo;un.e a dit un jour et qui est devenu on ne sait pourquoi quelque chose qu&rsquo;il faut absolument faire ou ne pas faire ! Apr\u00e8s une heure o\u00f9 chacun.e a tent\u00e9 de faire part des \u00ab\u00a0d\u00e9cisions\u00a0\u00bb qu&rsquo;iel a retenu, le paperboard est bien rempli ! Le cercle gouvernance s&#8217;emparera de tout \u00e7a pour enqu\u00eater, amender, abonder et finalement&#8230; commencer le travail de r\u00e9daction d&rsquo;un cadre pour l&rsquo;AlterTour.<\/p>\n<\/div>\n\n\n\n<div class=\"wp-block-column is-layout-flow wp-block-column-is-layout-flow\"><div class=\"wp-block-image\">\n<figure class=\"aligncenter size-large is-resized\"><a href=\"https:\/\/www.altercampagne.net\/wp-content\/uploads\/2025\/02\/IMG_20250208_103101-rotated.jpg\"><img loading=\"lazy\" decoding=\"async\" width=\"768\" height=\"1024\" src=\"https:\/\/www.altercampagne.net\/wp-content\/uploads\/2025\/02\/IMG_20250208_103101-768x1024.jpg\" alt=\"\" class=\"wp-image-28930\" style=\"width:275px;height:auto\" srcset=\"https:\/\/www.altercampagne.net\/wp-content\/uploads\/2025\/02\/IMG_20250208_103101-768x1024.jpg 768w, https:\/\/www.altercampagne.net\/wp-content\/uploads\/2025\/02\/IMG_20250208_103101-225x300.jpg 225w, https:\/\/www.altercampagne.net\/wp-content\/uploads\/2025\/02\/IMG_20250208_103101-1152x1536.jpg 1152w, https:\/\/www.altercampagne.net\/wp-content\/uploads\/2025\/02\/IMG_20250208_103101-100x133.jpg 100w, https:\/\/www.altercampagne.net\/wp-content\/uploads\/2025\/02\/IMG_20250208_103101-862x1149.jpg 862w, https:\/\/www.altercampagne.net\/wp-content\/uploads\/2025\/02\/IMG_20250208_103101-1140x1520.jpg 1140w, https:\/\/www.altercampagne.net\/wp-content\/uploads\/2025\/02\/IMG_20250208_103101-rotated.jpg 1224w\" sizes=\"auto, (max-width: 768px) 100vw, 768px\" \/><\/a><\/figure>\n<\/div><\/div>\n<\/div>\n\n\n\n<p>Apr\u00e8s un temps en petits&nbsp;groupes divers et vari\u00e9s de travail, apr\u00e8s la pause d\u00e9jeuner&nbsp;et&nbsp;le brise glace de l&rsquo;apr\u00e8s midi pour se remettre en route, viennent deux temps en parall\u00e8le : un temps pour les pr\u00e9parateurices d&rsquo;\u00e9tapes de cet \u00e9t\u00e9 pour faire le point, s&rsquo;organiser, etc. Et un temps pour le coll\u00e8ge solidaire qui est l&rsquo;instance qui g\u00e8re collectivement l&rsquo;association.<\/p>\n\n\n\n<figure class=\"wp-block-image size-large is-resized\"><a href=\"https:\/\/www.altercampagne.net\/wp-content\/uploads\/2025\/02\/1000084536-scaled.jpg\"><img loading=\"lazy\" decoding=\"async\" width=\"1024\" height=\"768\" src=\"https:\/\/www.altercampagne.net\/wp-content\/uploads\/2025\/02\/1000084536-1024x768.jpg\" alt=\"\" class=\"wp-image-28931\" style=\"width:531px;height:auto\" srcset=\"https:\/\/www.altercampagne.net\/wp-content\/uploads\/2025\/02\/1000084536-1024x768.jpg 1024w, https:\/\/www.altercampagne.net\/wp-content\/uploads\/2025\/02\/1000084536-300x225.jpg 300w, https:\/\/www.altercampagne.net\/wp-content\/uploads\/2025\/02\/1000084536-768x576.jpg 768w, https:\/\/www.altercampagne.net\/wp-content\/uploads\/2025\/02\/1000084536-1536x1152.jpg 1536w, https:\/\/www.altercampagne.net\/wp-content\/uploads\/2025\/02\/1000084536-2048x1536.jpg 2048w, https:\/\/www.altercampagne.net\/wp-content\/uploads\/2025\/02\/1000084536-100x75.jpg 100w, https:\/\/www.altercampagne.net\/wp-content\/uploads\/2025\/02\/1000084536-862x647.jpg 862w, https:\/\/www.altercampagne.net\/wp-content\/uploads\/2025\/02\/1000084536-1140x855.jpg 1140w\" sizes=\"auto, (max-width: 1024px) 100vw, 1024px\" \/><\/a><\/figure>\n\n\n\n<div class=\"wp-block-columns is-layout-flex wp-container-core-columns-is-layout-9d6595d7 wp-block-columns-is-layout-flex\">\n<div class=\"wp-block-column is-layout-flow wp-block-column-is-layout-flow\" style=\"flex-basis:33.33%\">\n<p>Pour finir cette journ\u00e9e de travail, nous prenons un moment pour se redire ce que nous avons fait et d\u00e9cid\u00e9 aujourd&rsquo;hui.&nbsp;<\/p>\n\n\n\n<p>Celleux qui le peuvent et qui ont envie se retrouve le soir pour partager,&nbsp;dans le d\u00e9sordre, de burgers v\u00e9g\u00e9tariens, de jeux de soci\u00e9t\u00e9, de pintes de bi\u00e8res, un concert et de petits et grandes discussions.<\/p>\n<\/div>\n\n\n\n<div class=\"wp-block-column is-layout-flow wp-block-column-is-layout-flow\" style=\"flex-basis:66.66%\">\n<figure class=\"wp-block-image size-large is-resized\"><a href=\"https:\/\/www.altercampagne.net\/wp-content\/uploads\/2025\/02\/1000084553-scaled.jpg\"><img loading=\"lazy\" decoding=\"async\" width=\"2560\" height=\"2560\" src=\"https:\/\/www.altercampagne.net\/wp-content\/uploads\/2025\/02\/1000084553-edited-scaled.jpg\" alt=\"\" class=\"wp-image-28933\" style=\"width:416px;height:auto\" srcset=\"https:\/\/www.altercampagne.net\/wp-content\/uploads\/2025\/02\/1000084553-edited-scaled.jpg 2560w, https:\/\/www.altercampagne.net\/wp-content\/uploads\/2025\/02\/1000084553-edited-300x300.jpg 300w, https:\/\/www.altercampagne.net\/wp-content\/uploads\/2025\/02\/1000084553-edited-1024x1024.jpg 1024w, https:\/\/www.altercampagne.net\/wp-content\/uploads\/2025\/02\/1000084553-edited-150x150.jpg 150w, https:\/\/www.altercampagne.net\/wp-content\/uploads\/2025\/02\/1000084553-edited-768x768.jpg 768w, https:\/\/www.altercampagne.net\/wp-content\/uploads\/2025\/02\/1000084553-edited-1536x1536.jpg 1536w, https:\/\/www.altercampagne.net\/wp-content\/uploads\/2025\/02\/1000084553-edited-2048x2048.jpg 2048w, https:\/\/www.altercampagne.net\/wp-content\/uploads\/2025\/02\/1000084553-edited-100x100.jpg 100w, https:\/\/www.altercampagne.net\/wp-content\/uploads\/2025\/02\/1000084553-edited-862x862.jpg 862w, https:\/\/www.altercampagne.net\/wp-content\/uploads\/2025\/02\/1000084553-edited-1140x1140.jpg 1140w\" sizes=\"auto, (max-width: 2560px) 100vw, 2560px\" \/><\/a><\/figure>\n<\/div>\n<\/div>\n\n\n\n<p>Apr\u00e8s une nuit, plus ou moins courte, nous nous retrouvons \u00e0 la Cord\u00e9e. Chacun a pens\u00e9 aux autres en apportant 4 \u00e0 10 croissants, on ne va pas manquer de gras aujourd&rsquo;hui !! Pas le temps de dig\u00e9rer, nous commen\u00e7ons la journ\u00e9e par un retour des observateurices sur la journ\u00e9e de la veille. La parit\u00e9 en terme de genre a \u00e9t\u00e9 plut\u00f4t respect\u00e9e dans les prises de paroles, mais un peu moins sur l&rsquo;anciennet\u00e9 dans l&rsquo;association. La complexit\u00e9 \u00e9tant de d\u00e9finir \u00e0 partir de quand nous ne sommes plus nouvelleau dans l&rsquo;asso&#8230; 1 jour, une heure, un croissant&#8230;<\/p>\n\n\n\n<p><\/p>\n\n\n\n<figure class=\"wp-block-image size-large\"><a href=\"https:\/\/www.altercampagne.net\/wp-content\/uploads\/2025\/02\/Photo-de-lassemblee-brief-du-matin-scaled.jpg\"><img loading=\"lazy\" decoding=\"async\" width=\"1024\" height=\"768\" src=\"https:\/\/www.altercampagne.net\/wp-content\/uploads\/2025\/02\/Photo-de-lassemblee-brief-du-matin-1024x768.jpg\" alt=\"\" class=\"wp-image-28928\" srcset=\"https:\/\/www.altercampagne.net\/wp-content\/uploads\/2025\/02\/Photo-de-lassemblee-brief-du-matin-1024x768.jpg 1024w, https:\/\/www.altercampagne.net\/wp-content\/uploads\/2025\/02\/Photo-de-lassemblee-brief-du-matin-300x225.jpg 300w, https:\/\/www.altercampagne.net\/wp-content\/uploads\/2025\/02\/Photo-de-lassemblee-brief-du-matin-768x576.jpg 768w, https:\/\/www.altercampagne.net\/wp-content\/uploads\/2025\/02\/Photo-de-lassemblee-brief-du-matin-1536x1152.jpg 1536w, https:\/\/www.altercampagne.net\/wp-content\/uploads\/2025\/02\/Photo-de-lassemblee-brief-du-matin-2048x1536.jpg 2048w, https:\/\/www.altercampagne.net\/wp-content\/uploads\/2025\/02\/Photo-de-lassemblee-brief-du-matin-100x75.jpg 100w, https:\/\/www.altercampagne.net\/wp-content\/uploads\/2025\/02\/Photo-de-lassemblee-brief-du-matin-862x647.jpg 862w, https:\/\/www.altercampagne.net\/wp-content\/uploads\/2025\/02\/Photo-de-lassemblee-brief-du-matin-1140x855.jpg 1140w\" sizes=\"auto, (max-width: 1024px) 100vw, 1024px\" \/><\/a><\/figure>\n\n\n\n<p>Cette ann\u00e9e, un temps est r\u00e9serv\u00e9 \u00e0 chaque pl\u00e9ni\u00e8re pour un temps de formation ou de travail sur le Vivre Ensemble. Cette fois, l&rsquo;enjeu est de travailler le \u00ab\u00a0Faire \u00e9quipe\u00a0\u00bb, choisi \u00e0 cette p\u00e9riode o\u00f9 les bin\u00f4mes\/trin\u00f4mes de Pr\u00e9pa-Etapes ont \u00e9t\u00e9 tout juste constitu\u00e9s et commencent \u00e0 apprendre \u00e0 travailler ensemble.<\/p>\n\n\n\n<p>Un premier temps est pris individuellement pour r\u00e9fl\u00e9chir \u00e0 sa mani\u00e8re de communiquer et sa gestion de l&rsquo;humour, sa mani\u00e8re de travailler, ses talents, ses besoins, ses envies et ses attentes. J&rsquo;entends quelques murmures \u00ab\u00a0non, mais j&rsquo;en sais rien \u00e7a&#8230;\u00a0\u00bb. Pas facile de parler de soi et prendre du recul sur sa mani\u00e8re de fonctionner&#8230; S&rsquo;en suit un temps d&rsquo;\u00e9change pour convenir, entre bin\u00f4mes, d&rsquo;une mani\u00e8re de fonctionner. Un dernier temps en assembl\u00e9e pour partager quelques p\u00e9pites, certains ont d\u00e9cid\u00e9 des m\u00e9thodes de travail, d&rsquo;autres sont rassur\u00e9s sur des fonctionnements communs, certains conseillent des m\u00e9thodes de travail&#8230;<\/p>\n\n\n\n<div class=\"wp-block-columns is-layout-flex wp-container-core-columns-is-layout-9d6595d7 wp-block-columns-is-layout-flex\">\n<div class=\"wp-block-column is-layout-flow wp-block-column-is-layout-flow\">\n<figure class=\"wp-block-image size-large\"><a href=\"https:\/\/www.altercampagne.net\/wp-content\/uploads\/2025\/02\/Image-du-formulaire-rempli-par-chacun-scaled.jpg\"><img loading=\"lazy\" decoding=\"async\" width=\"1024\" height=\"768\" src=\"https:\/\/www.altercampagne.net\/wp-content\/uploads\/2025\/02\/Image-du-formulaire-rempli-par-chacun-1024x768.jpg\" alt=\"\" class=\"wp-image-28934\" srcset=\"https:\/\/www.altercampagne.net\/wp-content\/uploads\/2025\/02\/Image-du-formulaire-rempli-par-chacun-1024x768.jpg 1024w, https:\/\/www.altercampagne.net\/wp-content\/uploads\/2025\/02\/Image-du-formulaire-rempli-par-chacun-300x225.jpg 300w, https:\/\/www.altercampagne.net\/wp-content\/uploads\/2025\/02\/Image-du-formulaire-rempli-par-chacun-768x576.jpg 768w, https:\/\/www.altercampagne.net\/wp-content\/uploads\/2025\/02\/Image-du-formulaire-rempli-par-chacun-1536x1152.jpg 1536w, https:\/\/www.altercampagne.net\/wp-content\/uploads\/2025\/02\/Image-du-formulaire-rempli-par-chacun-2048x1536.jpg 2048w, https:\/\/www.altercampagne.net\/wp-content\/uploads\/2025\/02\/Image-du-formulaire-rempli-par-chacun-100x75.jpg 100w, https:\/\/www.altercampagne.net\/wp-content\/uploads\/2025\/02\/Image-du-formulaire-rempli-par-chacun-862x647.jpg 862w, https:\/\/www.altercampagne.net\/wp-content\/uploads\/2025\/02\/Image-du-formulaire-rempli-par-chacun-1140x855.jpg 1140w\" sizes=\"auto, (max-width: 1024px) 100vw, 1024px\" \/><\/a><\/figure>\n<\/div>\n\n\n\n<div class=\"wp-block-column is-layout-flow wp-block-column-is-layout-flow\">\n<figure class=\"wp-block-image size-large\"><a href=\"https:\/\/www.altercampagne.net\/wp-content\/uploads\/2025\/02\/1000084591-scaled.jpg\"><img loading=\"lazy\" decoding=\"async\" width=\"1024\" height=\"768\" src=\"https:\/\/www.altercampagne.net\/wp-content\/uploads\/2025\/02\/1000084591-1024x768.jpg\" alt=\"\" class=\"wp-image-28935\" srcset=\"https:\/\/www.altercampagne.net\/wp-content\/uploads\/2025\/02\/1000084591-1024x768.jpg 1024w, https:\/\/www.altercampagne.net\/wp-content\/uploads\/2025\/02\/1000084591-300x225.jpg 300w, https:\/\/www.altercampagne.net\/wp-content\/uploads\/2025\/02\/1000084591-768x576.jpg 768w, https:\/\/www.altercampagne.net\/wp-content\/uploads\/2025\/02\/1000084591-1536x1152.jpg 1536w, https:\/\/www.altercampagne.net\/wp-content\/uploads\/2025\/02\/1000084591-2048x1536.jpg 2048w, https:\/\/www.altercampagne.net\/wp-content\/uploads\/2025\/02\/1000084591-100x75.jpg 100w, https:\/\/www.altercampagne.net\/wp-content\/uploads\/2025\/02\/1000084591-862x647.jpg 862w, https:\/\/www.altercampagne.net\/wp-content\/uploads\/2025\/02\/1000084591-1140x855.jpg 1140w\" sizes=\"auto, (max-width: 1024px) 100vw, 1024px\" \/><\/a><\/figure>\n<\/div>\n<\/div>\n\n\n\n<p>Apr\u00e8s une pause pour augmenter nos taux de cholest\u00e9rol et baisser le stock de croissants, on encha\u00eene sur un temps de d\u00e9termination de nos coordinateurs logistique et animation, bin\u00f4mes cl\u00e9s qui soutiendront nos Pr\u00e9pa-\u00e9tapes sur ces sujets pointus qui nous permettront de bien manger et nous cultiver cet \u00e9t\u00e9. La magie du collectif a permis de d\u00e9finir deux bin\u00f4mes orient\u00e9s sur la passation de comp\u00e9tences en m\u00ealant des altercyclistes exp\u00e9riment\u00e9s et des \u00ab\u00a0nouvelleaux\u00a0\u00bb, au moins dans la mission. Chaque bin\u00f4me a aussi pu identifier des personnes ressources volontaires pour les aider si besoin !<\/p>\n\n\n\n<p>Apr\u00e8s un temps d\u2019\u00e9change autour de notre participation \u00e0 la revue Silence de juin, l&rsquo;apr\u00e8s-midi s&rsquo;encha\u00eene avec un temps de travail en cercle, a priori bien productive vu les murmures aux 4 coins de l&rsquo;espace, et la difficult\u00e9 pour nos pr\u00e9pa-pl\u00e9ni\u00e8res de nous regrouper pour clore la journ\u00e9e !<\/p>\n\n\n\n<p>C&rsquo;est d\u00e9j\u00e0 l&rsquo;heure du relev\u00e9 de d\u00e9cisions, et du cercle de parole &#8211; diff\u00e9rent de nos habitudes, anim\u00e9 autour des 5 doigts de la main &#8211; et c&rsquo;est le grand rangement, l&rsquo;espace est remis en \u00e9tat avec soin afin de s&rsquo;assurer que chaque coworker retrouvera son bureau, sa chaise et son \u00e9cran lundi matin.<\/p>\n\n\n\n<p>Prochains rendez-vous : un&nbsp;week-end&nbsp;de formation organis\u00e9 pour nos orgas afin d&rsquo;apprendre \u00e0 mieux g\u00e9rer nos tensions, un&nbsp;week-end&nbsp;du Coll\u00e8ge Solidaire, et la prochaine pl\u00e9ni\u00e8re sera \u00e0 Paris les 22 et 23 mars.<\/p>\n\n\n\n<p>A bient\u00f4t !<\/p>\n\n\n\n<p>Alterjournalistes : Olivier et Nicolas<\/p>\n\n\n\n<figure class=\"wp-block-image size-large\"><a href=\"https:\/\/www.altercampagne.net\/wp-content\/uploads\/2025\/02\/1000084549-scaled.jpg\"><img loading=\"lazy\" decoding=\"async\" width=\"1024\" height=\"556\" src=\"https:\/\/www.altercampagne.net\/wp-content\/uploads\/2025\/02\/1000084549-1024x556.jpg\" alt=\"\" class=\"wp-image-28936\" srcset=\"https:\/\/www.altercampagne.net\/wp-content\/uploads\/2025\/02\/1000084549-1024x556.jpg 1024w, https:\/\/www.altercampagne.net\/wp-content\/uploads\/2025\/02\/1000084549-300x163.jpg 300w, https:\/\/www.altercampagne.net\/wp-content\/uploads\/2025\/02\/1000084549-768x417.jpg 768w, https:\/\/www.altercampagne.net\/wp-content\/uploads\/2025\/02\/1000084549-1536x835.jpg 1536w, https:\/\/www.altercampagne.net\/wp-content\/uploads\/2025\/02\/1000084549-2048x1113.jpg 2048w, https:\/\/www.altercampagne.net\/wp-content\/uploads\/2025\/02\/1000084549-100x54.jpg 100w, https:\/\/www.altercampagne.net\/wp-content\/uploads\/2025\/02\/1000084549-862x468.jpg 862w, https:\/\/www.altercampagne.net\/wp-content\/uploads\/2025\/02\/1000084549-1140x619.jpg 1140w\" sizes=\"auto, (max-width: 1024px) 100vw, 1024px\" \/><\/a><\/figure>\n","protected":false},"excerpt":{"rendered":"<p>Samedi 8 f\u00e9vrier, 9h, les portes de La Cord\u00e9e R\u00e9publique, espace de co-working \u00e0 Villeurbanne,&nbsp;s&rsquo;ouvrent et laissent entrer une trentaine de joyeux.ses&nbsp;altercyclistes. Les \u00e9crans sont mis de c\u00f4t\u00e9, quelques tables pouss\u00e9es sur le c\u00f4t\u00e9, des chaises et fauteuils install\u00e9s en cercle&#8230; Une pl\u00e9ni\u00e8re \u00e7a commence souvent de la m\u00eame mani\u00e8re &#8230; <\/p>\n<div><a href=\"https:\/\/www.altercampagne.net\/?p=28925\" class=\"more-link\">Read More<\/a><\/div>\n","protected":false},"author":198,"featured_media":28926,"comment_status":"closed","ping_status":"closed","sticky":false,"template":"","format":"standard","meta":{"footnotes":""},"categories":[4511,4313,3539],"tags":[],"class_list":["post-28925","post","type-post","status-publish","format-standard","has-post-thumbnail","hentry","category-edition-2025","category-altertour","category-we-de-preparation"],"yoast_head":"<!-- This site is optimized with the Yoast SEO plugin v27.3 - https:\/\/yoast.com\/product\/yoast-seo-wordpress\/ -->\n<title>La pl\u00e9ni\u00e8re de f\u00e9vrier \u00e0 Villeurbanne - AlterTour<\/title>\n<meta name=\"robots\" content=\"index, follow, max-snippet:-1, max-image-preview:large, max-video-preview:-1\" \/>\n<link rel=\"canonical\" href=\"https:\/\/www.altercampagne.net\/?p=28925\" \/>\n<meta property=\"og:locale\" content=\"fr_FR\" \/>\n<meta property=\"og:type\" content=\"article\" \/>\n<meta property=\"og:title\" content=\"La pl\u00e9ni\u00e8re de f\u00e9vrier \u00e0 Villeurbanne - AlterTour\" \/>\n<meta property=\"og:description\" content=\"Samedi 8 f\u00e9vrier, 9h, les portes de La Cord\u00e9e R\u00e9publique, espace de co-working \u00e0 Villeurbanne,&nbsp;s&rsquo;ouvrent et laissent entrer une trentaine de joyeux.ses&nbsp;altercyclistes. Les \u00e9crans sont mis de c\u00f4t\u00e9, quelques tables pouss\u00e9es sur le c\u00f4t\u00e9, des chaises et fauteuils install\u00e9s en cercle&#8230; Une pl\u00e9ni\u00e8re \u00e7a commence souvent de la m\u00eame mani\u00e8re ... Read More\" \/>\n<meta property=\"og:url\" content=\"https:\/\/www.altercampagne.net\/?p=28925\" \/>\n<meta property=\"og:site_name\" content=\"AlterTour\" \/>\n<meta property=\"article:published_time\" content=\"2025-02-14T15:48:09+00:00\" \/>\n<meta property=\"article:modified_time\" content=\"2025-02-14T15:54:29+00:00\" \/>\n<meta property=\"og:image\" content=\"https:\/\/www.altercampagne.net\/wp-content\/uploads\/2025\/02\/1000084552-scaled.jpg\" \/>\n\t<meta property=\"og:image:width\" content=\"2560\" \/>\n\t<meta property=\"og:image:height\" content=\"1221\" \/>\n\t<meta property=\"og:image:type\" content=\"image\/jpeg\" \/>\n<meta name=\"author\" content=\"Marine R\" \/>\n<meta name=\"twitter:card\" content=\"summary_large_image\" \/>\n<meta name=\"twitter:label1\" content=\"\u00c9crit par\" \/>\n\t<meta name=\"twitter:data1\" content=\"Marine R\" \/>\n\t<meta name=\"twitter:label2\" content=\"Dur\u00e9e de lecture estim\u00e9e\" \/>\n\t<meta name=\"twitter:data2\" content=\"7 minutes\" \/>\n<script type=\"application\/ld+json\" class=\"yoast-schema-graph\">{\"@context\":\"https:\\\/\\\/schema.org\",\"@graph\":[{\"@type\":\"Article\",\"@id\":\"https:\\\/\\\/www.altercampagne.net\\\/?p=28925#article\",\"isPartOf\":{\"@id\":\"https:\\\/\\\/www.altercampagne.net\\\/?p=28925\"},\"author\":{\"name\":\"Marine R\",\"@id\":\"https:\\\/\\\/www.altercampagne.net\\\/#\\\/schema\\\/person\\\/3afde49d8c0be52224ae61fe720b4b19\"},\"headline\":\"La pl\u00e9ni\u00e8re de f\u00e9vrier \u00e0 Villeurbanne\",\"datePublished\":\"2025-02-14T15:48:09+00:00\",\"dateModified\":\"2025-02-14T15:54:29+00:00\",\"mainEntityOfPage\":{\"@id\":\"https:\\\/\\\/www.altercampagne.net\\\/?p=28925\"},\"wordCount\":1080,\"image\":{\"@id\":\"https:\\\/\\\/www.altercampagne.net\\\/?p=28925#primaryimage\"},\"thumbnailUrl\":\"https:\\\/\\\/www.altercampagne.net\\\/wp-content\\\/uploads\\\/2025\\\/02\\\/1000084552-scaled.jpg\",\"articleSection\":[\"\u00c9dition 2025\",\"AlterTour\",\"WE de pr\u00e9paration\"],\"inLanguage\":\"fr-FR\"},{\"@type\":\"WebPage\",\"@id\":\"https:\\\/\\\/www.altercampagne.net\\\/?p=28925\",\"url\":\"https:\\\/\\\/www.altercampagne.net\\\/?p=28925\",\"name\":\"La pl\u00e9ni\u00e8re de f\u00e9vrier \u00e0 Villeurbanne - AlterTour\",\"isPartOf\":{\"@id\":\"https:\\\/\\\/www.altercampagne.net\\\/#website\"},\"primaryImageOfPage\":{\"@id\":\"https:\\\/\\\/www.altercampagne.net\\\/?p=28925#primaryimage\"},\"image\":{\"@id\":\"https:\\\/\\\/www.altercampagne.net\\\/?p=28925#primaryimage\"},\"thumbnailUrl\":\"https:\\\/\\\/www.altercampagne.net\\\/wp-content\\\/uploads\\\/2025\\\/02\\\/1000084552-scaled.jpg\",\"datePublished\":\"2025-02-14T15:48:09+00:00\",\"dateModified\":\"2025-02-14T15:54:29+00:00\",\"author\":{\"@id\":\"https:\\\/\\\/www.altercampagne.net\\\/#\\\/schema\\\/person\\\/3afde49d8c0be52224ae61fe720b4b19\"},\"breadcrumb\":{\"@id\":\"https:\\\/\\\/www.altercampagne.net\\\/?p=28925#breadcrumb\"},\"inLanguage\":\"fr-FR\",\"potentialAction\":[{\"@type\":\"ReadAction\",\"target\":[\"https:\\\/\\\/www.altercampagne.net\\\/?p=28925\"]}]},{\"@type\":\"ImageObject\",\"inLanguage\":\"fr-FR\",\"@id\":\"https:\\\/\\\/www.altercampagne.net\\\/?p=28925#primaryimage\",\"url\":\"https:\\\/\\\/www.altercampagne.net\\\/wp-content\\\/uploads\\\/2025\\\/02\\\/1000084552-scaled.jpg\",\"contentUrl\":\"https:\\\/\\\/www.altercampagne.net\\\/wp-content\\\/uploads\\\/2025\\\/02\\\/1000084552-scaled.jpg\",\"width\":2560,\"height\":1221},{\"@type\":\"BreadcrumbList\",\"@id\":\"https:\\\/\\\/www.altercampagne.net\\\/?p=28925#breadcrumb\",\"itemListElement\":[{\"@type\":\"ListItem\",\"position\":1,\"name\":\"Accueil\",\"item\":\"https:\\\/\\\/www.altercampagne.net\\\/\"},{\"@type\":\"ListItem\",\"position\":2,\"name\":\"La pl\u00e9ni\u00e8re de f\u00e9vrier \u00e0 Villeurbanne\"}]},{\"@type\":\"WebSite\",\"@id\":\"https:\\\/\\\/www.altercampagne.net\\\/#website\",\"url\":\"https:\\\/\\\/www.altercampagne.net\\\/\",\"name\":\"AlterTour\",\"description\":\"Reliez les Alternatives \u00e0 v\u00e9lo\",\"potentialAction\":[{\"@type\":\"SearchAction\",\"target\":{\"@type\":\"EntryPoint\",\"urlTemplate\":\"https:\\\/\\\/www.altercampagne.net\\\/?s={search_term_string}\"},\"query-input\":{\"@type\":\"PropertyValueSpecification\",\"valueRequired\":true,\"valueName\":\"search_term_string\"}}],\"inLanguage\":\"fr-FR\"},{\"@type\":\"Person\",\"@id\":\"https:\\\/\\\/www.altercampagne.net\\\/#\\\/schema\\\/person\\\/3afde49d8c0be52224ae61fe720b4b19\",\"name\":\"Marine R\",\"image\":{\"@type\":\"ImageObject\",\"inLanguage\":\"fr-FR\",\"@id\":\"https:\\\/\\\/secure.gravatar.com\\\/avatar\\\/a3c4f944a184c737c95a33c9fc36f74b2637ea270671045d89722a608b50fd88?s=96&d=mm&r=g\",\"url\":\"https:\\\/\\\/secure.gravatar.com\\\/avatar\\\/a3c4f944a184c737c95a33c9fc36f74b2637ea270671045d89722a608b50fd88?s=96&d=mm&r=g\",\"contentUrl\":\"https:\\\/\\\/secure.gravatar.com\\\/avatar\\\/a3c4f944a184c737c95a33c9fc36f74b2637ea270671045d89722a608b50fd88?s=96&d=mm&r=g\",\"caption\":\"Marine R\"},\"url\":\"https:\\\/\\\/www.altercampagne.net\\\/?author=198\"}]}<\/script>\n<!-- \/ Yoast SEO plugin. -->","yoast_head_json":{"title":"La pl\u00e9ni\u00e8re de f\u00e9vrier \u00e0 Villeurbanne - AlterTour","robots":{"index":"index","follow":"follow","max-snippet":"max-snippet:-1","max-image-preview":"max-image-preview:large","max-video-preview":"max-video-preview:-1"},"canonical":"https:\/\/www.altercampagne.net\/?p=28925","og_locale":"fr_FR","og_type":"article","og_title":"La pl\u00e9ni\u00e8re de f\u00e9vrier \u00e0 Villeurbanne - AlterTour","og_description":"Samedi 8 f\u00e9vrier, 9h, les portes de La Cord\u00e9e R\u00e9publique, espace de co-working \u00e0 Villeurbanne,&nbsp;s&rsquo;ouvrent et laissent entrer une trentaine de joyeux.ses&nbsp;altercyclistes. Les \u00e9crans sont mis de c\u00f4t\u00e9, quelques tables pouss\u00e9es sur le c\u00f4t\u00e9, des chaises et fauteuils install\u00e9s en cercle&#8230; Une pl\u00e9ni\u00e8re \u00e7a commence souvent de la m\u00eame mani\u00e8re ... Read More","og_url":"https:\/\/www.altercampagne.net\/?p=28925","og_site_name":"AlterTour","article_published_time":"2025-02-14T15:48:09+00:00","article_modified_time":"2025-02-14T15:54:29+00:00","og_image":[{"width":2560,"height":1221,"url":"https:\/\/www.altercampagne.net\/wp-content\/uploads\/2025\/02\/1000084552-scaled.jpg","type":"image\/jpeg"}],"author":"Marine R","twitter_card":"summary_large_image","twitter_misc":{"\u00c9crit par":"Marine R","Dur\u00e9e de lecture estim\u00e9e":"7 minutes"},"schema":{"@context":"https:\/\/schema.org","@graph":[{"@type":"Article","@id":"https:\/\/www.altercampagne.net\/?p=28925#article","isPartOf":{"@id":"https:\/\/www.altercampagne.net\/?p=28925"},"author":{"name":"Marine R","@id":"https:\/\/www.altercampagne.net\/#\/schema\/person\/3afde49d8c0be52224ae61fe720b4b19"},"headline":"La pl\u00e9ni\u00e8re de f\u00e9vrier \u00e0 Villeurbanne","datePublished":"2025-02-14T15:48:09+00:00","dateModified":"2025-02-14T15:54:29+00:00","mainEntityOfPage":{"@id":"https:\/\/www.altercampagne.net\/?p=28925"},"wordCount":1080,"image":{"@id":"https:\/\/www.altercampagne.net\/?p=28925#primaryimage"},"thumbnailUrl":"https:\/\/www.altercampagne.net\/wp-content\/uploads\/2025\/02\/1000084552-scaled.jpg","articleSection":["\u00c9dition 2025","AlterTour","WE de pr\u00e9paration"],"inLanguage":"fr-FR"},{"@type":"WebPage","@id":"https:\/\/www.altercampagne.net\/?p=28925","url":"https:\/\/www.altercampagne.net\/?p=28925","name":"La pl\u00e9ni\u00e8re de f\u00e9vrier \u00e0 Villeurbanne - AlterTour","isPartOf":{"@id":"https:\/\/www.altercampagne.net\/#website"},"primaryImageOfPage":{"@id":"https:\/\/www.altercampagne.net\/?p=28925#primaryimage"},"image":{"@id":"https:\/\/www.altercampagne.net\/?p=28925#primaryimage"},"thumbnailUrl":"https:\/\/www.altercampagne.net\/wp-content\/uploads\/2025\/02\/1000084552-scaled.jpg","datePublished":"2025-02-14T15:48:09+00:00","dateModified":"2025-02-14T15:54:29+00:00","author":{"@id":"https:\/\/www.altercampagne.net\/#\/schema\/person\/3afde49d8c0be52224ae61fe720b4b19"},"breadcrumb":{"@id":"https:\/\/www.altercampagne.net\/?p=28925#breadcrumb"},"inLanguage":"fr-FR","potentialAction":[{"@type":"ReadAction","target":["https:\/\/www.altercampagne.net\/?p=28925"]}]},{"@type":"ImageObject","inLanguage":"fr-FR","@id":"https:\/\/www.altercampagne.net\/?p=28925#primaryimage","url":"https:\/\/www.altercampagne.net\/wp-content\/uploads\/2025\/02\/1000084552-scaled.jpg","contentUrl":"https:\/\/www.altercampagne.net\/wp-content\/uploads\/2025\/02\/1000084552-scaled.jpg","width":2560,"height":1221},{"@type":"BreadcrumbList","@id":"https:\/\/www.altercampagne.net\/?p=28925#breadcrumb","itemListElement":[{"@type":"ListItem","position":1,"name":"Accueil","item":"https:\/\/www.altercampagne.net\/"},{"@type":"ListItem","position":2,"name":"La pl\u00e9ni\u00e8re de f\u00e9vrier \u00e0 Villeurbanne"}]},{"@type":"WebSite","@id":"https:\/\/www.altercampagne.net\/#website","url":"https:\/\/www.altercampagne.net\/","name":"AlterTour","description":"Reliez les Alternatives \u00e0 v\u00e9lo","potentialAction":[{"@type":"SearchAction","target":{"@type":"EntryPoint","urlTemplate":"https:\/\/www.altercampagne.net\/?s={search_term_string}"},"query-input":{"@type":"PropertyValueSpecification","valueRequired":true,"valueName":"search_term_string"}}],"inLanguage":"fr-FR"},{"@type":"Person","@id":"https:\/\/www.altercampagne.net\/#\/schema\/person\/3afde49d8c0be52224ae61fe720b4b19","name":"Marine R","image":{"@type":"ImageObject","inLanguage":"fr-FR","@id":"https:\/\/secure.gravatar.com\/avatar\/a3c4f944a184c737c95a33c9fc36f74b2637ea270671045d89722a608b50fd88?s=96&d=mm&r=g","url":"https:\/\/secure.gravatar.com\/avatar\/a3c4f944a184c737c95a33c9fc36f74b2637ea270671045d89722a608b50fd88?s=96&d=mm&r=g","contentUrl":"https:\/\/secure.gravatar.com\/avatar\/a3c4f944a184c737c95a33c9fc36f74b2637ea270671045d89722a608b50fd88?s=96&d=mm&r=g","caption":"Marine R"},"url":"https:\/\/www.altercampagne.net\/?author=198"}]}},"_links":{"self":[{"href":"https:\/\/www.altercampagne.net\/index.php?rest_route=\/wp\/v2\/posts\/28925","targetHints":{"allow":["GET"]}}],"collection":[{"href":"https:\/\/www.altercampagne.net\/index.php?rest_route=\/wp\/v2\/posts"}],"about":[{"href":"https:\/\/www.altercampagne.net\/index.php?rest_route=\/wp\/v2\/types\/post"}],"author":[{"embeddable":true,"href":"https:\/\/www.altercampagne.net\/index.php?rest_route=\/wp\/v2\/users\/198"}],"replies":[{"embeddable":true,"href":"https:\/\/www.altercampagne.net\/index.php?rest_route=%2Fwp%2Fv2%2Fcomments&post=28925"}],"version-history":[{"count":4,"href":"https:\/\/www.altercampagne.net\/index.php?rest_route=\/wp\/v2\/posts\/28925\/revisions"}],"predecessor-version":[{"id":28939,"href":"https:\/\/www.altercampagne.net\/index.php?rest_route=\/wp\/v2\/posts\/28925\/revisions\/28939"}],"wp:featuredmedia":[{"embeddable":true,"href":"https:\/\/www.altercampagne.net\/index.php?rest_route=\/wp\/v2\/media\/28926"}],"wp:attachment":[{"href":"https:\/\/www.altercampagne.net\/index.php?rest_route=%2Fwp%2Fv2%2Fmedia&parent=28925"}],"wp:term":[{"taxonomy":"category","embeddable":true,"href":"https:\/\/www.altercampagne.net\/index.php?rest_route=%2Fwp%2Fv2%2Fcategories&post=28925"},{"taxonomy":"post_tag","embeddable":true,"href":"https:\/\/www.altercampagne.net\/index.php?rest_route=%2Fwp%2Fv2%2Ftags&post=28925"}],"curies":[{"name":"wp","href":"https:\/\/api.w.org\/{rel}","templated":true}]}}