{"id":28952,"date":"2025-03-28T15:11:41","date_gmt":"2025-03-28T14:11:41","guid":{"rendered":"https:\/\/www.altercampagne.net\/?p=28952"},"modified":"2025-03-31T19:20:21","modified_gmt":"2025-03-31T17:20:21","slug":"la-pleniere-de-mars-a-paris-le-tour-se-prepare","status":"publish","type":"post","link":"https:\/\/www.altercampagne.net\/?p=28952","title":{"rendered":"La pl\u00e9ni\u00e8re de mars \u00e0 Paris \u2013 Le tour se pr\u00e9pare !"},"content":{"rendered":"\n<p>Samedi 22 Mars, une petite trentaine d\u2019altercyclistes s\u2019est retrouv\u00e9 \u00e0 la Maison du Z\u00e9ro-D\u00e9chet, qui a l\u2019habitude de nous accueillir pour nos pl\u00e9ni\u00e8res parisiennes, et que nous avons retrouv\u00e9 avec plaisir !<\/p>\n\n\n\n<p>Apr\u00e8s des retrouvailles au milieu de croissants, nous avons d\u00e9couvert le menu du week-end&nbsp;:&nbsp; un retour du week-end du CS (coll\u00e8ge solidaire), le lancement du GT \u00ab&nbsp;Inscriptions&nbsp;\u00bb, des temps de pr\u00e9paration pour les pr\u00e9pa d\u2019\u00e9tape, des r\u00e9unions de cercles (Plumes, Vivre ensemble, Gouvernance), et un temps au doux nom de \u00ab&nbsp;bugs d\u00e9cisionnels&nbsp;\u00bb\u2026<\/p>\n\n\n\n<figure class=\"wp-block-gallery has-nested-images columns-default is-cropped wp-block-gallery-1 is-layout-flex wp-block-gallery-is-layout-flex\">\n<figure class=\"wp-block-image size-large\"><a href=\"https:\/\/www.altercampagne.net\/wp-content\/uploads\/2025\/03\/1000087500-scaled.jpg\"><img loading=\"lazy\" decoding=\"async\" width=\"768\" height=\"1024\" data-id=\"28956\" src=\"https:\/\/www.altercampagne.net\/wp-content\/uploads\/2025\/03\/1000087500-768x1024.jpg\" alt=\"\" class=\"wp-image-28956\" srcset=\"https:\/\/www.altercampagne.net\/wp-content\/uploads\/2025\/03\/1000087500-768x1024.jpg 768w, https:\/\/www.altercampagne.net\/wp-content\/uploads\/2025\/03\/1000087500-225x300.jpg 225w, https:\/\/www.altercampagne.net\/wp-content\/uploads\/2025\/03\/1000087500-1152x1536.jpg 1152w, https:\/\/www.altercampagne.net\/wp-content\/uploads\/2025\/03\/1000087500-1536x2048.jpg 1536w, https:\/\/www.altercampagne.net\/wp-content\/uploads\/2025\/03\/1000087500-100x133.jpg 100w, https:\/\/www.altercampagne.net\/wp-content\/uploads\/2025\/03\/1000087500-862x1149.jpg 862w, https:\/\/www.altercampagne.net\/wp-content\/uploads\/2025\/03\/1000087500-1140x1520.jpg 1140w, https:\/\/www.altercampagne.net\/wp-content\/uploads\/2025\/03\/1000087500-scaled.jpg 1920w\" sizes=\"auto, (max-width: 768px) 100vw, 768px\" \/><\/a><\/figure>\n\n\n\n<figure class=\"wp-block-image size-large\"><a href=\"https:\/\/www.altercampagne.net\/wp-content\/uploads\/2025\/03\/1000087502-scaled.jpg\"><img loading=\"lazy\" decoding=\"async\" width=\"768\" height=\"1024\" data-id=\"28955\" src=\"https:\/\/www.altercampagne.net\/wp-content\/uploads\/2025\/03\/1000087502-768x1024.jpg\" alt=\"\" class=\"wp-image-28955\" srcset=\"https:\/\/www.altercampagne.net\/wp-content\/uploads\/2025\/03\/1000087502-768x1024.jpg 768w, https:\/\/www.altercampagne.net\/wp-content\/uploads\/2025\/03\/1000087502-225x300.jpg 225w, https:\/\/www.altercampagne.net\/wp-content\/uploads\/2025\/03\/1000087502-1152x1536.jpg 1152w, https:\/\/www.altercampagne.net\/wp-content\/uploads\/2025\/03\/1000087502-1536x2048.jpg 1536w, https:\/\/www.altercampagne.net\/wp-content\/uploads\/2025\/03\/1000087502-100x133.jpg 100w, https:\/\/www.altercampagne.net\/wp-content\/uploads\/2025\/03\/1000087502-862x1149.jpg 862w, https:\/\/www.altercampagne.net\/wp-content\/uploads\/2025\/03\/1000087502-1140x1520.jpg 1140w, https:\/\/www.altercampagne.net\/wp-content\/uploads\/2025\/03\/1000087502-scaled.jpg 1920w\" sizes=\"auto, (max-width: 768px) 100vw, 768px\" \/><\/a><\/figure>\n\n\n\n<figure class=\"wp-block-image size-large\"><a href=\"https:\/\/www.altercampagne.net\/wp-content\/uploads\/2025\/03\/1000088049-scaled.jpg\"><img loading=\"lazy\" decoding=\"async\" width=\"1024\" height=\"768\" data-id=\"28964\" src=\"https:\/\/www.altercampagne.net\/wp-content\/uploads\/2025\/03\/1000088049-1024x768.jpg\" alt=\"\" class=\"wp-image-28964\" srcset=\"https:\/\/www.altercampagne.net\/wp-content\/uploads\/2025\/03\/1000088049-1024x768.jpg 1024w, https:\/\/www.altercampagne.net\/wp-content\/uploads\/2025\/03\/1000088049-300x225.jpg 300w, https:\/\/www.altercampagne.net\/wp-content\/uploads\/2025\/03\/1000088049-768x576.jpg 768w, https:\/\/www.altercampagne.net\/wp-content\/uploads\/2025\/03\/1000088049-1536x1152.jpg 1536w, https:\/\/www.altercampagne.net\/wp-content\/uploads\/2025\/03\/1000088049-2048x1536.jpg 2048w, https:\/\/www.altercampagne.net\/wp-content\/uploads\/2025\/03\/1000088049-100x75.jpg 100w, https:\/\/www.altercampagne.net\/wp-content\/uploads\/2025\/03\/1000088049-862x647.jpg 862w, https:\/\/www.altercampagne.net\/wp-content\/uploads\/2025\/03\/1000088049-1140x855.jpg 1140w\" sizes=\"auto, (max-width: 1024px) 100vw, 1024px\" \/><\/a><\/figure>\n<\/figure>\n\n\n\n<p>Sous ce nom quelque peu myst\u00e9rieux, plusieurs d\u00e9cisions floues se cachaient. Il nous est donc apparu n\u00e9cessaire de les rediscuter pour apporter une r\u00e9ponse claire sur plusieurs de nos principes de fonctionnement,&nbsp; en particulier sur le tour.<\/p>\n\n\n\n<p>Par exemple&nbsp;: qui a le droit de manger les g\u00e2teaux dans l\u2019IVECO,&nbsp; est-ce que le minibus peut venir nous chercher pour arriver sur le tour, doit-on proposer du fromage au petit-d\u00e9jeuner et quelles sont les r\u00e8gles concernant la nudit\u00e9 partielle.<\/p>\n\n\n\n<p>Pour prendre une d\u00e9cision collectivement, plusieurs m\u00e9thodes existent. Ici, la m\u00e9thode choisie a \u00e9t\u00e9 d\u2019accepter la proposition s\u2019il n\u2019y avait plus d\u2019objections, pour arriver \u00e0 un consensus s\u2019il n\u2019y en avait qu\u2019une et de voter les options au jugement majoritaire (<a href=\"https:\/\/fr.wikipedia.org\/wiki\/Jugement_majoritaire\">petit lien wikip\u00e9dia<\/a>) s\u2019il y avait plusieurs propositions, toujours apr\u00e8s tours de clarifications et d\u2019objections. Les points non trait\u00e9s faute de temps seront discut\u00e9s au Werva&nbsp;au mois de mai, comme le contenu du briefing.<\/p>\n\n\n\n<figure class=\"wp-block-image size-large\"><a href=\"https:\/\/www.altercampagne.net\/wp-content\/uploads\/2025\/03\/WhatsApp-Image-2025-03-23a-at-16.40.53-1.jpeg\"><img loading=\"lazy\" decoding=\"async\" width=\"1024\" height=\"768\" src=\"https:\/\/www.altercampagne.net\/wp-content\/uploads\/2025\/03\/WhatsApp-Image-2025-03-23a-at-16.40.53-1-1024x768.jpeg\" alt=\"\" class=\"wp-image-28958\" srcset=\"https:\/\/www.altercampagne.net\/wp-content\/uploads\/2025\/03\/WhatsApp-Image-2025-03-23a-at-16.40.53-1-1024x768.jpeg 1024w, https:\/\/www.altercampagne.net\/wp-content\/uploads\/2025\/03\/WhatsApp-Image-2025-03-23a-at-16.40.53-1-300x225.jpeg 300w, https:\/\/www.altercampagne.net\/wp-content\/uploads\/2025\/03\/WhatsApp-Image-2025-03-23a-at-16.40.53-1-768x576.jpeg 768w, https:\/\/www.altercampagne.net\/wp-content\/uploads\/2025\/03\/WhatsApp-Image-2025-03-23a-at-16.40.53-1-1536x1152.jpeg 1536w, https:\/\/www.altercampagne.net\/wp-content\/uploads\/2025\/03\/WhatsApp-Image-2025-03-23a-at-16.40.53-1-100x75.jpeg 100w, https:\/\/www.altercampagne.net\/wp-content\/uploads\/2025\/03\/WhatsApp-Image-2025-03-23a-at-16.40.53-1-862x647.jpeg 862w, https:\/\/www.altercampagne.net\/wp-content\/uploads\/2025\/03\/WhatsApp-Image-2025-03-23a-at-16.40.53-1-1140x855.jpeg 1140w, https:\/\/www.altercampagne.net\/wp-content\/uploads\/2025\/03\/WhatsApp-Image-2025-03-23a-at-16.40.53-1.jpeg 1600w\" sizes=\"auto, (max-width: 1024px) 100vw, 1024px\" \/><\/a><\/figure>\n\n\n\n<p>Tout ceci s\u2019est fait dans une atmosph\u00e8re studieuse mais bon enfant, et avec un beau buffet et beaucoup de fromage au repas de midi.<\/p>\n\n\n\n<figure class=\"wp-block-gallery has-nested-images columns-default is-cropped wp-block-gallery-2 is-layout-flex wp-block-gallery-is-layout-flex\">\n<figure class=\"wp-block-image size-large\"><a href=\"https:\/\/www.altercampagne.net\/wp-content\/uploads\/2025\/03\/WhatsApp-Image-2025-03-2a3-at-16.40.53.jpeg\"><img loading=\"lazy\" decoding=\"async\" width=\"1024\" height=\"768\" data-id=\"28962\" src=\"https:\/\/www.altercampagne.net\/wp-content\/uploads\/2025\/03\/WhatsApp-Image-2025-03-2a3-at-16.40.53-1024x768.jpeg\" alt=\"\" class=\"wp-image-28962\" srcset=\"https:\/\/www.altercampagne.net\/wp-content\/uploads\/2025\/03\/WhatsApp-Image-2025-03-2a3-at-16.40.53-1024x768.jpeg 1024w, https:\/\/www.altercampagne.net\/wp-content\/uploads\/2025\/03\/WhatsApp-Image-2025-03-2a3-at-16.40.53-300x225.jpeg 300w, https:\/\/www.altercampagne.net\/wp-content\/uploads\/2025\/03\/WhatsApp-Image-2025-03-2a3-at-16.40.53-768x576.jpeg 768w, https:\/\/www.altercampagne.net\/wp-content\/uploads\/2025\/03\/WhatsApp-Image-2025-03-2a3-at-16.40.53-1536x1152.jpeg 1536w, https:\/\/www.altercampagne.net\/wp-content\/uploads\/2025\/03\/WhatsApp-Image-2025-03-2a3-at-16.40.53-100x75.jpeg 100w, https:\/\/www.altercampagne.net\/wp-content\/uploads\/2025\/03\/WhatsApp-Image-2025-03-2a3-at-16.40.53-862x647.jpeg 862w, https:\/\/www.altercampagne.net\/wp-content\/uploads\/2025\/03\/WhatsApp-Image-2025-03-2a3-at-16.40.53-1140x855.jpeg 1140w, https:\/\/www.altercampagne.net\/wp-content\/uploads\/2025\/03\/WhatsApp-Image-2025-03-2a3-at-16.40.53.jpeg 2000w\" sizes=\"auto, (max-width: 1024px) 100vw, 1024px\" \/><\/a><\/figure>\n\n\n\n<figure class=\"wp-block-image size-large\"><a href=\"https:\/\/www.altercampagne.net\/wp-content\/uploads\/2025\/03\/WhatsApp-Image-2025-03-23-at-16.40.53-1.jpeg\"><img loading=\"lazy\" decoding=\"async\" width=\"768\" height=\"1024\" data-id=\"28960\" src=\"https:\/\/www.altercampagne.net\/wp-content\/uploads\/2025\/03\/WhatsApp-Image-2025-03-23-at-16.40.53-1-768x1024.jpeg\" alt=\"\" class=\"wp-image-28960\" srcset=\"https:\/\/www.altercampagne.net\/wp-content\/uploads\/2025\/03\/WhatsApp-Image-2025-03-23-at-16.40.53-1-768x1024.jpeg 768w, https:\/\/www.altercampagne.net\/wp-content\/uploads\/2025\/03\/WhatsApp-Image-2025-03-23-at-16.40.53-1-225x300.jpeg 225w, https:\/\/www.altercampagne.net\/wp-content\/uploads\/2025\/03\/WhatsApp-Image-2025-03-23-at-16.40.53-1-1152x1536.jpeg 1152w, https:\/\/www.altercampagne.net\/wp-content\/uploads\/2025\/03\/WhatsApp-Image-2025-03-23-at-16.40.53-1-100x133.jpeg 100w, https:\/\/www.altercampagne.net\/wp-content\/uploads\/2025\/03\/WhatsApp-Image-2025-03-23-at-16.40.53-1-862x1149.jpeg 862w, https:\/\/www.altercampagne.net\/wp-content\/uploads\/2025\/03\/WhatsApp-Image-2025-03-23-at-16.40.53-1-1140x1520.jpeg 1140w, https:\/\/www.altercampagne.net\/wp-content\/uploads\/2025\/03\/WhatsApp-Image-2025-03-23-at-16.40.53-1.jpeg 1200w\" sizes=\"auto, (max-width: 768px) 100vw, 768px\" \/><\/a><\/figure>\n\n\n\n<figure class=\"wp-block-image size-large\"><a href=\"https:\/\/www.altercampagne.net\/wp-content\/uploads\/2025\/03\/WhatsApp-Image-2025-03-23e-at-16.40.53.jpeg\"><img loading=\"lazy\" decoding=\"async\" width=\"768\" height=\"1024\" data-id=\"28959\" src=\"https:\/\/www.altercampagne.net\/wp-content\/uploads\/2025\/03\/WhatsApp-Image-2025-03-23e-at-16.40.53-768x1024.jpeg\" alt=\"\" class=\"wp-image-28959\" srcset=\"https:\/\/www.altercampagne.net\/wp-content\/uploads\/2025\/03\/WhatsApp-Image-2025-03-23e-at-16.40.53-768x1024.jpeg 768w, https:\/\/www.altercampagne.net\/wp-content\/uploads\/2025\/03\/WhatsApp-Image-2025-03-23e-at-16.40.53-225x300.jpeg 225w, https:\/\/www.altercampagne.net\/wp-content\/uploads\/2025\/03\/WhatsApp-Image-2025-03-23e-at-16.40.53-1152x1536.jpeg 1152w, https:\/\/www.altercampagne.net\/wp-content\/uploads\/2025\/03\/WhatsApp-Image-2025-03-23e-at-16.40.53-100x133.jpeg 100w, https:\/\/www.altercampagne.net\/wp-content\/uploads\/2025\/03\/WhatsApp-Image-2025-03-23e-at-16.40.53-862x1149.jpeg 862w, https:\/\/www.altercampagne.net\/wp-content\/uploads\/2025\/03\/WhatsApp-Image-2025-03-23e-at-16.40.53-1140x1520.jpeg 1140w, https:\/\/www.altercampagne.net\/wp-content\/uploads\/2025\/03\/WhatsApp-Image-2025-03-23e-at-16.40.53.jpeg 1200w\" sizes=\"auto, (max-width: 768px) 100vw, 768px\" \/><\/a><\/figure>\n<\/figure>\n\n\n\n<p>Les temps de l\u2019apr\u00e8s midi du samedi ont \u00e9t\u00e9 r\u00e9alis\u00e9s en sous-groupes.&nbsp; Pour la soir\u00e9e, nous sommes rest\u00e9s pour la plupart \u00e0 la Maison du Z\u00e9ro D\u00e9chet autours de quelques verres et de discussions.<\/p>\n\n\n\n<p>Le dimanche matin, apr\u00e8s les croissants r\u00e9glementaires et un \u00e9nergiseur qui nous a fait des n\u0153uds au cerveau (mais qui a \u00e9veill\u00e9 notre attention !), nous nous sommes remis au travail&nbsp;:<\/p>\n\n\n\n<p>&#8211; Fin de prise de d\u00e9cision sur la question de la nudit\u00e9 partielle<\/p>\n\n\n\n<p>&#8211; Une r\u00e9union du CS et en parall\u00e8le un temps sur les temps d\u2019animation pour les pr\u00e9pa d\u2019\u00e9tape.<\/p>\n\n\n\n<p>Le repas a \u00e9t\u00e9 une nouvelle fois tr\u00e8s beau et bon&nbsp;!<\/p>\n\n\n\n<p>L\u2019apr\u00e8s-midi a \u00e9t\u00e9 consacr\u00e9e \u00e0 la pr\u00e9paration du Werva : m\u00eame s\u2019il dure 4 jours cette ann\u00e9e, ces jours seront bien remplis avec les habituelles r\u00e9parations des v\u00e9los, la finalisation du nouvel am\u00e9nagement de l\u2019IVECO, un travail d\u2019inventaire, de signal\u00e9tique et plein d\u2019autres choses chouettes.<\/p>\n\n\n\n<figure class=\"wp-block-gallery has-nested-images columns-default is-cropped wp-block-gallery-3 is-layout-flex wp-block-gallery-is-layout-flex\">\n<figure class=\"wp-block-image size-large\"><a href=\"https:\/\/www.altercampagne.net\/wp-content\/uploads\/2025\/03\/1000087507-scaled.jpg\"><img loading=\"lazy\" decoding=\"async\" width=\"1024\" height=\"768\" data-id=\"28967\" src=\"https:\/\/www.altercampagne.net\/wp-content\/uploads\/2025\/03\/1000087507-1024x768.jpg\" alt=\"\" class=\"wp-image-28967\" srcset=\"https:\/\/www.altercampagne.net\/wp-content\/uploads\/2025\/03\/1000087507-1024x768.jpg 1024w, https:\/\/www.altercampagne.net\/wp-content\/uploads\/2025\/03\/1000087507-300x225.jpg 300w, https:\/\/www.altercampagne.net\/wp-content\/uploads\/2025\/03\/1000087507-768x576.jpg 768w, https:\/\/www.altercampagne.net\/wp-content\/uploads\/2025\/03\/1000087507-1536x1152.jpg 1536w, https:\/\/www.altercampagne.net\/wp-content\/uploads\/2025\/03\/1000087507-2048x1536.jpg 2048w, https:\/\/www.altercampagne.net\/wp-content\/uploads\/2025\/03\/1000087507-100x75.jpg 100w, https:\/\/www.altercampagne.net\/wp-content\/uploads\/2025\/03\/1000087507-862x647.jpg 862w, https:\/\/www.altercampagne.net\/wp-content\/uploads\/2025\/03\/1000087507-1140x855.jpg 1140w\" sizes=\"auto, (max-width: 1024px) 100vw, 1024px\" \/><\/a><\/figure>\n\n\n\n<figure class=\"wp-block-image size-large\"><a href=\"https:\/\/www.altercampagne.net\/wp-content\/uploads\/2025\/03\/WhatsApp-Image-2025-03-23-aat-16.40.53.jpeg\"><img loading=\"lazy\" decoding=\"async\" width=\"1024\" height=\"768\" data-id=\"28965\" src=\"https:\/\/www.altercampagne.net\/wp-content\/uploads\/2025\/03\/WhatsApp-Image-2025-03-23-aat-16.40.53-1024x768.jpeg\" alt=\"\" class=\"wp-image-28965\" srcset=\"https:\/\/www.altercampagne.net\/wp-content\/uploads\/2025\/03\/WhatsApp-Image-2025-03-23-aat-16.40.53-1024x768.jpeg 1024w, https:\/\/www.altercampagne.net\/wp-content\/uploads\/2025\/03\/WhatsApp-Image-2025-03-23-aat-16.40.53-300x225.jpeg 300w, https:\/\/www.altercampagne.net\/wp-content\/uploads\/2025\/03\/WhatsApp-Image-2025-03-23-aat-16.40.53-768x576.jpeg 768w, https:\/\/www.altercampagne.net\/wp-content\/uploads\/2025\/03\/WhatsApp-Image-2025-03-23-aat-16.40.53-1536x1152.jpeg 1536w, https:\/\/www.altercampagne.net\/wp-content\/uploads\/2025\/03\/WhatsApp-Image-2025-03-23-aat-16.40.53-100x75.jpeg 100w, https:\/\/www.altercampagne.net\/wp-content\/uploads\/2025\/03\/WhatsApp-Image-2025-03-23-aat-16.40.53-862x647.jpeg 862w, https:\/\/www.altercampagne.net\/wp-content\/uploads\/2025\/03\/WhatsApp-Image-2025-03-23-aat-16.40.53-1140x855.jpeg 1140w, https:\/\/www.altercampagne.net\/wp-content\/uploads\/2025\/03\/WhatsApp-Image-2025-03-23-aat-16.40.53.jpeg 1600w\" sizes=\"auto, (max-width: 1024px) 100vw, 1024px\" \/><\/a><\/figure>\n\n\n\n<figure class=\"wp-block-image size-large\"><a href=\"https:\/\/www.altercampagne.net\/wp-content\/uploads\/2025\/03\/WhatsApp-qImage-2025-03-23-at-16.40.52.jpeg\"><img loading=\"lazy\" decoding=\"async\" width=\"1024\" height=\"768\" data-id=\"28966\" src=\"https:\/\/www.altercampagne.net\/wp-content\/uploads\/2025\/03\/WhatsApp-qImage-2025-03-23-at-16.40.52-1024x768.jpeg\" alt=\"\" class=\"wp-image-28966\" srcset=\"https:\/\/www.altercampagne.net\/wp-content\/uploads\/2025\/03\/WhatsApp-qImage-2025-03-23-at-16.40.52-1024x768.jpeg 1024w, https:\/\/www.altercampagne.net\/wp-content\/uploads\/2025\/03\/WhatsApp-qImage-2025-03-23-at-16.40.52-300x225.jpeg 300w, https:\/\/www.altercampagne.net\/wp-content\/uploads\/2025\/03\/WhatsApp-qImage-2025-03-23-at-16.40.52-768x576.jpeg 768w, https:\/\/www.altercampagne.net\/wp-content\/uploads\/2025\/03\/WhatsApp-qImage-2025-03-23-at-16.40.52-1536x1152.jpeg 1536w, https:\/\/www.altercampagne.net\/wp-content\/uploads\/2025\/03\/WhatsApp-qImage-2025-03-23-at-16.40.52-100x75.jpeg 100w, https:\/\/www.altercampagne.net\/wp-content\/uploads\/2025\/03\/WhatsApp-qImage-2025-03-23-at-16.40.52-862x647.jpeg 862w, https:\/\/www.altercampagne.net\/wp-content\/uploads\/2025\/03\/WhatsApp-qImage-2025-03-23-at-16.40.52-1140x855.jpeg 1140w, https:\/\/www.altercampagne.net\/wp-content\/uploads\/2025\/03\/WhatsApp-qImage-2025-03-23-at-16.40.52.jpeg 1600w\" sizes=\"auto, (max-width: 1024px) 100vw, 1024px\" \/><\/a><\/figure>\n<\/figure>\n\n\n\n<p>En parall\u00e8le&nbsp;a eu lieu un&nbsp; temps de formation sur l\u2019alterdocu (une mine de ressources, mais peu utilis\u00e9e. C\u2019estd \u00e9j\u00e0 l\u2019heure du relev\u00e9 de d\u00e9cisions et du cercles de parole. Et du rangement&nbsp;!<\/p>\n\n\n\n<p>Les prochains rendez-vous sont :<\/p>\n\n\n\n<p>* Un week-end en avril de formation&nbsp;: contacter Gene<\/p>\n\n\n\n<p>* Le WERVA, le week end du 1er&nbsp;mai \u00e0 la Maladi\u00e8re o\u00f9 le beau temps sera au rdv&nbsp;!<\/p>\n\n\n\n<p><\/p>\n\n\n\n<p>Alterjournalistes : Julie &amp; Morgane<\/p>\n","protected":false},"excerpt":{"rendered":"<p>Samedi 22 Mars, une petite trentaine d\u2019altercyclistes s\u2019est retrouv\u00e9 \u00e0 la Maison du Z\u00e9ro-D\u00e9chet, qui a l\u2019habitude de nous accueillir pour nos pl\u00e9ni\u00e8res parisiennes, et que nous avons retrouv\u00e9 avec plaisir ! Apr\u00e8s des retrouvailles au milieu de croissants, nous avons d\u00e9couvert le menu du week-end&nbsp;:&nbsp; un retour du week-end &#8230; <\/p>\n<div><a href=\"https:\/\/www.altercampagne.net\/?p=28952\" class=\"more-link\">Read More<\/a><\/div>\n","protected":false},"author":198,"featured_media":28953,"comment_status":"closed","ping_status":"closed","sticky":false,"template":"","format":"standard","meta":{"footnotes":""},"categories":[4511,4313,3539],"tags":[],"class_list":["post-28952","post","type-post","status-publish","format-standard","has-post-thumbnail","hentry","category-edition-2025","category-altertour","category-we-de-preparation"],"yoast_head":"<!-- This site is optimized with the Yoast SEO plugin v27.3 - https:\/\/yoast.com\/product\/yoast-seo-wordpress\/ -->\n<title>La pl\u00e9ni\u00e8re de mars \u00e0 Paris \u2013 Le tour se pr\u00e9pare ! - AlterTour<\/title>\n<meta name=\"robots\" content=\"index, follow, max-snippet:-1, max-image-preview:large, max-video-preview:-1\" \/>\n<link rel=\"canonical\" href=\"https:\/\/www.altercampagne.net\/?p=28952\" \/>\n<meta property=\"og:locale\" content=\"fr_FR\" \/>\n<meta property=\"og:type\" content=\"article\" \/>\n<meta property=\"og:title\" content=\"La pl\u00e9ni\u00e8re de mars \u00e0 Paris \u2013 Le tour se pr\u00e9pare ! - AlterTour\" \/>\n<meta property=\"og:description\" content=\"Samedi 22 Mars, une petite trentaine d\u2019altercyclistes s\u2019est retrouv\u00e9 \u00e0 la Maison du Z\u00e9ro-D\u00e9chet, qui a l\u2019habitude de nous accueillir pour nos pl\u00e9ni\u00e8res parisiennes, et que nous avons retrouv\u00e9 avec plaisir ! Apr\u00e8s des retrouvailles au milieu de croissants, nous avons d\u00e9couvert le menu du week-end&nbsp;:&nbsp; un retour du week-end ... Read More\" \/>\n<meta property=\"og:url\" content=\"https:\/\/www.altercampagne.net\/?p=28952\" \/>\n<meta property=\"og:site_name\" content=\"AlterTour\" \/>\n<meta property=\"article:published_time\" content=\"2025-03-28T14:11:41+00:00\" \/>\n<meta property=\"article:modified_time\" content=\"2025-03-31T17:20:21+00:00\" \/>\n<meta property=\"og:image\" content=\"https:\/\/www.altercampagne.net\/wp-content\/uploads\/2025\/03\/WhatsApp-Imagez-2025-03-23-at-16.40.51.jpeg\" \/>\n\t<meta property=\"og:image:width\" content=\"1599\" \/>\n\t<meta property=\"og:image:height\" content=\"1066\" \/>\n\t<meta property=\"og:image:type\" content=\"image\/jpeg\" \/>\n<meta name=\"author\" content=\"Marine R\" \/>\n<meta name=\"twitter:card\" content=\"summary_large_image\" \/>\n<meta name=\"twitter:label1\" content=\"\u00c9crit par\" \/>\n\t<meta name=\"twitter:data1\" content=\"Marine R\" \/>\n\t<meta name=\"twitter:label2\" content=\"Dur\u00e9e de lecture estim\u00e9e\" \/>\n\t<meta name=\"twitter:data2\" content=\"5 minutes\" \/>\n<script type=\"application\/ld+json\" class=\"yoast-schema-graph\">{\"@context\":\"https:\\\/\\\/schema.org\",\"@graph\":[{\"@type\":\"Article\",\"@id\":\"https:\\\/\\\/www.altercampagne.net\\\/?p=28952#article\",\"isPartOf\":{\"@id\":\"https:\\\/\\\/www.altercampagne.net\\\/?p=28952\"},\"author\":{\"name\":\"Marine R\",\"@id\":\"https:\\\/\\\/www.altercampagne.net\\\/#\\\/schema\\\/person\\\/3afde49d8c0be52224ae61fe720b4b19\"},\"headline\":\"La pl\u00e9ni\u00e8re de mars \u00e0 Paris \u2013 Le tour se pr\u00e9pare !\",\"datePublished\":\"2025-03-28T14:11:41+00:00\",\"dateModified\":\"2025-03-31T17:20:21+00:00\",\"mainEntityOfPage\":{\"@id\":\"https:\\\/\\\/www.altercampagne.net\\\/?p=28952\"},\"wordCount\":580,\"image\":{\"@id\":\"https:\\\/\\\/www.altercampagne.net\\\/?p=28952#primaryimage\"},\"thumbnailUrl\":\"https:\\\/\\\/www.altercampagne.net\\\/wp-content\\\/uploads\\\/2025\\\/03\\\/WhatsApp-Imagez-2025-03-23-at-16.40.51.jpeg\",\"articleSection\":[\"\u00c9dition 2025\",\"AlterTour\",\"WE de pr\u00e9paration\"],\"inLanguage\":\"fr-FR\"},{\"@type\":\"WebPage\",\"@id\":\"https:\\\/\\\/www.altercampagne.net\\\/?p=28952\",\"url\":\"https:\\\/\\\/www.altercampagne.net\\\/?p=28952\",\"name\":\"La pl\u00e9ni\u00e8re de mars \u00e0 Paris \u2013 Le tour se pr\u00e9pare ! - AlterTour\",\"isPartOf\":{\"@id\":\"https:\\\/\\\/www.altercampagne.net\\\/#website\"},\"primaryImageOfPage\":{\"@id\":\"https:\\\/\\\/www.altercampagne.net\\\/?p=28952#primaryimage\"},\"image\":{\"@id\":\"https:\\\/\\\/www.altercampagne.net\\\/?p=28952#primaryimage\"},\"thumbnailUrl\":\"https:\\\/\\\/www.altercampagne.net\\\/wp-content\\\/uploads\\\/2025\\\/03\\\/WhatsApp-Imagez-2025-03-23-at-16.40.51.jpeg\",\"datePublished\":\"2025-03-28T14:11:41+00:00\",\"dateModified\":\"2025-03-31T17:20:21+00:00\",\"author\":{\"@id\":\"https:\\\/\\\/www.altercampagne.net\\\/#\\\/schema\\\/person\\\/3afde49d8c0be52224ae61fe720b4b19\"},\"breadcrumb\":{\"@id\":\"https:\\\/\\\/www.altercampagne.net\\\/?p=28952#breadcrumb\"},\"inLanguage\":\"fr-FR\",\"potentialAction\":[{\"@type\":\"ReadAction\",\"target\":[\"https:\\\/\\\/www.altercampagne.net\\\/?p=28952\"]}]},{\"@type\":\"ImageObject\",\"inLanguage\":\"fr-FR\",\"@id\":\"https:\\\/\\\/www.altercampagne.net\\\/?p=28952#primaryimage\",\"url\":\"https:\\\/\\\/www.altercampagne.net\\\/wp-content\\\/uploads\\\/2025\\\/03\\\/WhatsApp-Imagez-2025-03-23-at-16.40.51.jpeg\",\"contentUrl\":\"https:\\\/\\\/www.altercampagne.net\\\/wp-content\\\/uploads\\\/2025\\\/03\\\/WhatsApp-Imagez-2025-03-23-at-16.40.51.jpeg\",\"width\":1599,\"height\":1066},{\"@type\":\"BreadcrumbList\",\"@id\":\"https:\\\/\\\/www.altercampagne.net\\\/?p=28952#breadcrumb\",\"itemListElement\":[{\"@type\":\"ListItem\",\"position\":1,\"name\":\"Accueil\",\"item\":\"https:\\\/\\\/www.altercampagne.net\\\/\"},{\"@type\":\"ListItem\",\"position\":2,\"name\":\"La pl\u00e9ni\u00e8re de mars \u00e0 Paris \u2013 Le tour se pr\u00e9pare !\"}]},{\"@type\":\"WebSite\",\"@id\":\"https:\\\/\\\/www.altercampagne.net\\\/#website\",\"url\":\"https:\\\/\\\/www.altercampagne.net\\\/\",\"name\":\"AlterTour\",\"description\":\"Reliez les Alternatives \u00e0 v\u00e9lo\",\"potentialAction\":[{\"@type\":\"SearchAction\",\"target\":{\"@type\":\"EntryPoint\",\"urlTemplate\":\"https:\\\/\\\/www.altercampagne.net\\\/?s={search_term_string}\"},\"query-input\":{\"@type\":\"PropertyValueSpecification\",\"valueRequired\":true,\"valueName\":\"search_term_string\"}}],\"inLanguage\":\"fr-FR\"},{\"@type\":\"Person\",\"@id\":\"https:\\\/\\\/www.altercampagne.net\\\/#\\\/schema\\\/person\\\/3afde49d8c0be52224ae61fe720b4b19\",\"name\":\"Marine R\",\"image\":{\"@type\":\"ImageObject\",\"inLanguage\":\"fr-FR\",\"@id\":\"https:\\\/\\\/secure.gravatar.com\\\/avatar\\\/a3c4f944a184c737c95a33c9fc36f74b2637ea270671045d89722a608b50fd88?s=96&d=mm&r=g\",\"url\":\"https:\\\/\\\/secure.gravatar.com\\\/avatar\\\/a3c4f944a184c737c95a33c9fc36f74b2637ea270671045d89722a608b50fd88?s=96&d=mm&r=g\",\"contentUrl\":\"https:\\\/\\\/secure.gravatar.com\\\/avatar\\\/a3c4f944a184c737c95a33c9fc36f74b2637ea270671045d89722a608b50fd88?s=96&d=mm&r=g\",\"caption\":\"Marine R\"},\"url\":\"https:\\\/\\\/www.altercampagne.net\\\/?author=198\"}]}<\/script>\n<!-- \/ Yoast SEO plugin. -->","yoast_head_json":{"title":"La pl\u00e9ni\u00e8re de mars \u00e0 Paris \u2013 Le tour se pr\u00e9pare ! - AlterTour","robots":{"index":"index","follow":"follow","max-snippet":"max-snippet:-1","max-image-preview":"max-image-preview:large","max-video-preview":"max-video-preview:-1"},"canonical":"https:\/\/www.altercampagne.net\/?p=28952","og_locale":"fr_FR","og_type":"article","og_title":"La pl\u00e9ni\u00e8re de mars \u00e0 Paris \u2013 Le tour se pr\u00e9pare ! - AlterTour","og_description":"Samedi 22 Mars, une petite trentaine d\u2019altercyclistes s\u2019est retrouv\u00e9 \u00e0 la Maison du Z\u00e9ro-D\u00e9chet, qui a l\u2019habitude de nous accueillir pour nos pl\u00e9ni\u00e8res parisiennes, et que nous avons retrouv\u00e9 avec plaisir ! Apr\u00e8s des retrouvailles au milieu de croissants, nous avons d\u00e9couvert le menu du week-end&nbsp;:&nbsp; un retour du week-end ... Read More","og_url":"https:\/\/www.altercampagne.net\/?p=28952","og_site_name":"AlterTour","article_published_time":"2025-03-28T14:11:41+00:00","article_modified_time":"2025-03-31T17:20:21+00:00","og_image":[{"width":1599,"height":1066,"url":"https:\/\/www.altercampagne.net\/wp-content\/uploads\/2025\/03\/WhatsApp-Imagez-2025-03-23-at-16.40.51.jpeg","type":"image\/jpeg"}],"author":"Marine R","twitter_card":"summary_large_image","twitter_misc":{"\u00c9crit par":"Marine R","Dur\u00e9e de lecture estim\u00e9e":"5 minutes"},"schema":{"@context":"https:\/\/schema.org","@graph":[{"@type":"Article","@id":"https:\/\/www.altercampagne.net\/?p=28952#article","isPartOf":{"@id":"https:\/\/www.altercampagne.net\/?p=28952"},"author":{"name":"Marine R","@id":"https:\/\/www.altercampagne.net\/#\/schema\/person\/3afde49d8c0be52224ae61fe720b4b19"},"headline":"La pl\u00e9ni\u00e8re de mars \u00e0 Paris \u2013 Le tour se pr\u00e9pare !","datePublished":"2025-03-28T14:11:41+00:00","dateModified":"2025-03-31T17:20:21+00:00","mainEntityOfPage":{"@id":"https:\/\/www.altercampagne.net\/?p=28952"},"wordCount":580,"image":{"@id":"https:\/\/www.altercampagne.net\/?p=28952#primaryimage"},"thumbnailUrl":"https:\/\/www.altercampagne.net\/wp-content\/uploads\/2025\/03\/WhatsApp-Imagez-2025-03-23-at-16.40.51.jpeg","articleSection":["\u00c9dition 2025","AlterTour","WE de pr\u00e9paration"],"inLanguage":"fr-FR"},{"@type":"WebPage","@id":"https:\/\/www.altercampagne.net\/?p=28952","url":"https:\/\/www.altercampagne.net\/?p=28952","name":"La pl\u00e9ni\u00e8re de mars \u00e0 Paris \u2013 Le tour se pr\u00e9pare ! - AlterTour","isPartOf":{"@id":"https:\/\/www.altercampagne.net\/#website"},"primaryImageOfPage":{"@id":"https:\/\/www.altercampagne.net\/?p=28952#primaryimage"},"image":{"@id":"https:\/\/www.altercampagne.net\/?p=28952#primaryimage"},"thumbnailUrl":"https:\/\/www.altercampagne.net\/wp-content\/uploads\/2025\/03\/WhatsApp-Imagez-2025-03-23-at-16.40.51.jpeg","datePublished":"2025-03-28T14:11:41+00:00","dateModified":"2025-03-31T17:20:21+00:00","author":{"@id":"https:\/\/www.altercampagne.net\/#\/schema\/person\/3afde49d8c0be52224ae61fe720b4b19"},"breadcrumb":{"@id":"https:\/\/www.altercampagne.net\/?p=28952#breadcrumb"},"inLanguage":"fr-FR","potentialAction":[{"@type":"ReadAction","target":["https:\/\/www.altercampagne.net\/?p=28952"]}]},{"@type":"ImageObject","inLanguage":"fr-FR","@id":"https:\/\/www.altercampagne.net\/?p=28952#primaryimage","url":"https:\/\/www.altercampagne.net\/wp-content\/uploads\/2025\/03\/WhatsApp-Imagez-2025-03-23-at-16.40.51.jpeg","contentUrl":"https:\/\/www.altercampagne.net\/wp-content\/uploads\/2025\/03\/WhatsApp-Imagez-2025-03-23-at-16.40.51.jpeg","width":1599,"height":1066},{"@type":"BreadcrumbList","@id":"https:\/\/www.altercampagne.net\/?p=28952#breadcrumb","itemListElement":[{"@type":"ListItem","position":1,"name":"Accueil","item":"https:\/\/www.altercampagne.net\/"},{"@type":"ListItem","position":2,"name":"La pl\u00e9ni\u00e8re de mars \u00e0 Paris \u2013 Le tour se pr\u00e9pare !"}]},{"@type":"WebSite","@id":"https:\/\/www.altercampagne.net\/#website","url":"https:\/\/www.altercampagne.net\/","name":"AlterTour","description":"Reliez les Alternatives \u00e0 v\u00e9lo","potentialAction":[{"@type":"SearchAction","target":{"@type":"EntryPoint","urlTemplate":"https:\/\/www.altercampagne.net\/?s={search_term_string}"},"query-input":{"@type":"PropertyValueSpecification","valueRequired":true,"valueName":"search_term_string"}}],"inLanguage":"fr-FR"},{"@type":"Person","@id":"https:\/\/www.altercampagne.net\/#\/schema\/person\/3afde49d8c0be52224ae61fe720b4b19","name":"Marine R","image":{"@type":"ImageObject","inLanguage":"fr-FR","@id":"https:\/\/secure.gravatar.com\/avatar\/a3c4f944a184c737c95a33c9fc36f74b2637ea270671045d89722a608b50fd88?s=96&d=mm&r=g","url":"https:\/\/secure.gravatar.com\/avatar\/a3c4f944a184c737c95a33c9fc36f74b2637ea270671045d89722a608b50fd88?s=96&d=mm&r=g","contentUrl":"https:\/\/secure.gravatar.com\/avatar\/a3c4f944a184c737c95a33c9fc36f74b2637ea270671045d89722a608b50fd88?s=96&d=mm&r=g","caption":"Marine R"},"url":"https:\/\/www.altercampagne.net\/?author=198"}]}},"_links":{"self":[{"href":"https:\/\/www.altercampagne.net\/index.php?rest_route=\/wp\/v2\/posts\/28952","targetHints":{"allow":["GET"]}}],"collection":[{"href":"https:\/\/www.altercampagne.net\/index.php?rest_route=\/wp\/v2\/posts"}],"about":[{"href":"https:\/\/www.altercampagne.net\/index.php?rest_route=\/wp\/v2\/types\/post"}],"author":[{"embeddable":true,"href":"https:\/\/www.altercampagne.net\/index.php?rest_route=\/wp\/v2\/users\/198"}],"replies":[{"embeddable":true,"href":"https:\/\/www.altercampagne.net\/index.php?rest_route=%2Fwp%2Fv2%2Fcomments&post=28952"}],"version-history":[{"count":2,"href":"https:\/\/www.altercampagne.net\/index.php?rest_route=\/wp\/v2\/posts\/28952\/revisions"}],"predecessor-version":[{"id":28970,"href":"https:\/\/www.altercampagne.net\/index.php?rest_route=\/wp\/v2\/posts\/28952\/revisions\/28970"}],"wp:featuredmedia":[{"embeddable":true,"href":"https:\/\/www.altercampagne.net\/index.php?rest_route=\/wp\/v2\/media\/28953"}],"wp:attachment":[{"href":"https:\/\/www.altercampagne.net\/index.php?rest_route=%2Fwp%2Fv2%2Fmedia&parent=28952"}],"wp:term":[{"taxonomy":"category","embeddable":true,"href":"https:\/\/www.altercampagne.net\/index.php?rest_route=%2Fwp%2Fv2%2Fcategories&post=28952"},{"taxonomy":"post_tag","embeddable":true,"href":"https:\/\/www.altercampagne.net\/index.php?rest_route=%2Fwp%2Fv2%2Ftags&post=28952"}],"curies":[{"name":"wp","href":"https:\/\/api.w.org\/{rel}","templated":true}]}}