{"id":29070,"date":"2025-06-27T18:00:00","date_gmt":"2025-06-27T16:00:00","guid":{"rendered":"https:\/\/www.altercampagne.net\/?p=29070"},"modified":"2025-06-27T13:23:09","modified_gmt":"2025-06-27T11:23:09","slug":"reseauforet-limousine-a-faux-la-montagne-23","status":"publish","type":"post","link":"https:\/\/www.altercampagne.net\/?p=29070","title":{"rendered":"R\u00e9seauFor\u00eat Limousine \u00e0 Faux-La-Montagne (23)"},"content":{"rendered":"\n<blockquote class=\"wp-block-quote is-layout-flow wp-block-quote-is-layout-flow\">\n<p>Rencontre le weekend du 12-13 juillet 2025 !<\/p>\n<\/blockquote>\n\n\n\n<p><br>Comme un fil rouge, le \u201cR\u00e9seau For\u00eat Limousine\u201d va accompagner l\u2019AlterTour cet \u00e9t\u00e9 \u00e0 travers la rencontre de diff\u00e9rentes alternatives, entre la Haute Vienne, la Creuse et la Corr\u00e8ze. Car la for\u00eat ne s&rsquo;accommode pas de fronti\u00e8res administratives et ce sont les m\u00eames probl\u00e9matiques qu\u2019on retrouve de tous les c\u00f4t\u00e9s : projets d\u2019exploitation agrivolta\u00efques, usines \u00e0 pellets, coupes rases, surexploitation des ressources \u2026<\/p>\n\n\n\n<p>Face \u00e0 ces destructions, comme le font des arbres dans une for\u00eat, plus de quarante associations du territoire ont fait r\u00e9seau afin d\u2019agir collectivement et de se soutenir. Syndicats, associations, groupements forestiers et citoyens se rassemblent depuis janvier 2024 afin d\u2019organiser des \u00e9v\u00e9nements autour de la for\u00eat, lutter, se donner mutuellement de l\u2019aide, sensibiliser et alerter sur les enjeux forestiers. Les d\u00e9crire ? Ils l\u2019ont fait tous.tes ensemble et sont arriv\u00e9s \u00e0 cette d\u00e9finition :<\/p>\n\n\n\n<p>\u00abNous sommes une For\u00eat Vivante avec son Histoire, sa culture. Une For\u00eat Vivante pleine de ressources qui cherche \u00e0 faire rhizomes avec sa sensibilit\u00e9. Nous sommes une For\u00eat qui parle, \u00e9coute, cherche \u00e0 informer, sensibiliser et plaider notre cause. Nous sommes une for\u00eat militante qui occupe l\u2019espace, r\u00e9siste, bloque les M\u00e9ga-Machines, et qui dans son action longue continue \u00e0 se propager. Nous sommes une for\u00eat compos\u00e9e de plusieurs essences qui a ses propres lois et a donc besoin d\u2019une expertise et d\u2019une l\u00e9gislation soutenue par ses \u00e9lus, pour continuer \u00e0 vivre. \u00bb<\/p>\n\n\n\n<p>L\u2019Altertour passe notamment par le \u201cPetit Chavanat\u201d, une for\u00eat jardin d\u2019un hectare cr\u00e9\u00e9e par Estelle et son compagnon depuis 2020, qui produisent fruits et l\u00e9gumes pour leur consommation personnelle, ont une activit\u00e9 de plantes m\u00e9dicinales et aromatiques et accueillent groupes et enfants afin de leur faire visiter la for\u00eat jardin. Les accueillant.es du lieu, qui faisaient d\u00e9j\u00e0 r\u00e9seau avec leurs voisins dans le cadre par exemple d\u2019un groupement d\u2019achat, ont pris contact avec le r\u00e9seau for\u00eat limousine gr\u00e2ce au passage de l\u2019AlterTour dans la r\u00e9gion !<\/p>\n\n\n\n<p>Instagram<br>@foretjardindupetitchavanat<\/p>\n","protected":false},"excerpt":{"rendered":"<p>Rencontre le weekend du 12-13 juillet 2025 ! Comme un fil rouge, le \u201cR\u00e9seau For\u00eat Limousine\u201d va accompagner l\u2019AlterTour cet \u00e9t\u00e9 \u00e0 travers la rencontre de diff\u00e9rentes alternatives, entre la Haute Vienne, la Creuse et la Corr\u00e8ze. Car la for\u00eat ne s&rsquo;accommode pas de fronti\u00e8res administratives et ce sont les &#8230; <\/p>\n<div><a href=\"https:\/\/www.altercampagne.net\/?p=29070\" class=\"more-link\">Read More<\/a><\/div>\n","protected":false},"author":398,"featured_media":29071,"comment_status":"closed","ping_status":"closed","sticky":false,"template":"","format":"standard","meta":{"footnotes":""},"categories":[4511,4313,3486,3542,3248,3480],"tags":[],"class_list":["post-29070","post","type-post","status-publish","format-standard","has-post-thumbnail","hentry","category-edition-2025","category-altertour","category-environnement","category-lutte","category-silence","category-occitanie"],"yoast_head":"<!-- This site is optimized with the Yoast SEO plugin v27.3 - https:\/\/yoast.com\/product\/yoast-seo-wordpress\/ -->\n<title>R\u00e9seauFor\u00eat Limousine \u00e0 Faux-La-Montagne (23) - AlterTour<\/title>\n<meta name=\"robots\" content=\"index, follow, max-snippet:-1, max-image-preview:large, max-video-preview:-1\" \/>\n<link rel=\"canonical\" href=\"https:\/\/www.altercampagne.net\/?p=29070\" \/>\n<meta property=\"og:locale\" content=\"fr_FR\" \/>\n<meta property=\"og:type\" content=\"article\" \/>\n<meta property=\"og:title\" content=\"R\u00e9seauFor\u00eat Limousine \u00e0 Faux-La-Montagne (23) - AlterTour\" \/>\n<meta property=\"og:description\" content=\"Rencontre le weekend du 12-13 juillet 2025 ! Comme un fil rouge, le \u201cR\u00e9seau For\u00eat Limousine\u201d va accompagner l\u2019AlterTour cet \u00e9t\u00e9 \u00e0 travers la rencontre de diff\u00e9rentes alternatives, entre la Haute Vienne, la Creuse et la Corr\u00e8ze. Car la for\u00eat ne s&rsquo;accommode pas de fronti\u00e8res administratives et ce sont les ... Read More\" \/>\n<meta property=\"og:url\" content=\"https:\/\/www.altercampagne.net\/?p=29070\" \/>\n<meta property=\"og:site_name\" content=\"AlterTour\" \/>\n<meta property=\"article:published_time\" content=\"2025-06-27T16:00:00+00:00\" \/>\n<meta property=\"og:image\" content=\"https:\/\/www.altercampagne.net\/wp-content\/uploads\/2025\/06\/313912207_563969102398023_6871007474888531589_n.jpg\" \/>\n\t<meta property=\"og:image:width\" content=\"2048\" \/>\n\t<meta property=\"og:image:height\" content=\"1536\" \/>\n\t<meta property=\"og:image:type\" content=\"image\/jpeg\" \/>\n<meta name=\"author\" content=\"Mathieu G\" \/>\n<meta name=\"twitter:card\" content=\"summary_large_image\" \/>\n<meta name=\"twitter:label1\" content=\"\u00c9crit par\" \/>\n\t<meta name=\"twitter:data1\" content=\"Mathieu G\" \/>\n\t<meta name=\"twitter:label2\" content=\"Dur\u00e9e de lecture estim\u00e9e\" \/>\n\t<meta name=\"twitter:data2\" content=\"2 minutes\" \/>\n<script type=\"application\/ld+json\" class=\"yoast-schema-graph\">{\"@context\":\"https:\\\/\\\/schema.org\",\"@graph\":[{\"@type\":\"Article\",\"@id\":\"https:\\\/\\\/www.altercampagne.net\\\/?p=29070#article\",\"isPartOf\":{\"@id\":\"https:\\\/\\\/www.altercampagne.net\\\/?p=29070\"},\"author\":{\"name\":\"Mathieu G\",\"@id\":\"https:\\\/\\\/www.altercampagne.net\\\/#\\\/schema\\\/person\\\/ecef4819a38a15a4bb1a583623cdabbe\"},\"headline\":\"R\u00e9seauFor\u00eat Limousine \u00e0 Faux-La-Montagne (23)\",\"datePublished\":\"2025-06-27T16:00:00+00:00\",\"mainEntityOfPage\":{\"@id\":\"https:\\\/\\\/www.altercampagne.net\\\/?p=29070\"},\"wordCount\":369,\"image\":{\"@id\":\"https:\\\/\\\/www.altercampagne.net\\\/?p=29070#primaryimage\"},\"thumbnailUrl\":\"https:\\\/\\\/www.altercampagne.net\\\/wp-content\\\/uploads\\\/2025\\\/06\\\/313912207_563969102398023_6871007474888531589_n.jpg\",\"articleSection\":[\"\u00c9dition 2025\",\"AlterTour\",\"Environnement\",\"Lutte\",\"Silence\",\"Occitanie\"],\"inLanguage\":\"fr-FR\"},{\"@type\":\"WebPage\",\"@id\":\"https:\\\/\\\/www.altercampagne.net\\\/?p=29070\",\"url\":\"https:\\\/\\\/www.altercampagne.net\\\/?p=29070\",\"name\":\"R\u00e9seauFor\u00eat Limousine \u00e0 Faux-La-Montagne (23) - AlterTour\",\"isPartOf\":{\"@id\":\"https:\\\/\\\/www.altercampagne.net\\\/#website\"},\"primaryImageOfPage\":{\"@id\":\"https:\\\/\\\/www.altercampagne.net\\\/?p=29070#primaryimage\"},\"image\":{\"@id\":\"https:\\\/\\\/www.altercampagne.net\\\/?p=29070#primaryimage\"},\"thumbnailUrl\":\"https:\\\/\\\/www.altercampagne.net\\\/wp-content\\\/uploads\\\/2025\\\/06\\\/313912207_563969102398023_6871007474888531589_n.jpg\",\"datePublished\":\"2025-06-27T16:00:00+00:00\",\"author\":{\"@id\":\"https:\\\/\\\/www.altercampagne.net\\\/#\\\/schema\\\/person\\\/ecef4819a38a15a4bb1a583623cdabbe\"},\"breadcrumb\":{\"@id\":\"https:\\\/\\\/www.altercampagne.net\\\/?p=29070#breadcrumb\"},\"inLanguage\":\"fr-FR\",\"potentialAction\":[{\"@type\":\"ReadAction\",\"target\":[\"https:\\\/\\\/www.altercampagne.net\\\/?p=29070\"]}]},{\"@type\":\"ImageObject\",\"inLanguage\":\"fr-FR\",\"@id\":\"https:\\\/\\\/www.altercampagne.net\\\/?p=29070#primaryimage\",\"url\":\"https:\\\/\\\/www.altercampagne.net\\\/wp-content\\\/uploads\\\/2025\\\/06\\\/313912207_563969102398023_6871007474888531589_n.jpg\",\"contentUrl\":\"https:\\\/\\\/www.altercampagne.net\\\/wp-content\\\/uploads\\\/2025\\\/06\\\/313912207_563969102398023_6871007474888531589_n.jpg\",\"width\":2048,\"height\":1536},{\"@type\":\"BreadcrumbList\",\"@id\":\"https:\\\/\\\/www.altercampagne.net\\\/?p=29070#breadcrumb\",\"itemListElement\":[{\"@type\":\"ListItem\",\"position\":1,\"name\":\"Accueil\",\"item\":\"https:\\\/\\\/www.altercampagne.net\\\/\"},{\"@type\":\"ListItem\",\"position\":2,\"name\":\"R\u00e9seauFor\u00eat Limousine \u00e0 Faux-La-Montagne (23)\"}]},{\"@type\":\"WebSite\",\"@id\":\"https:\\\/\\\/www.altercampagne.net\\\/#website\",\"url\":\"https:\\\/\\\/www.altercampagne.net\\\/\",\"name\":\"AlterTour\",\"description\":\"Reliez les Alternatives \u00e0 v\u00e9lo\",\"potentialAction\":[{\"@type\":\"SearchAction\",\"target\":{\"@type\":\"EntryPoint\",\"urlTemplate\":\"https:\\\/\\\/www.altercampagne.net\\\/?s={search_term_string}\"},\"query-input\":{\"@type\":\"PropertyValueSpecification\",\"valueRequired\":true,\"valueName\":\"search_term_string\"}}],\"inLanguage\":\"fr-FR\"},{\"@type\":\"Person\",\"@id\":\"https:\\\/\\\/www.altercampagne.net\\\/#\\\/schema\\\/person\\\/ecef4819a38a15a4bb1a583623cdabbe\",\"name\":\"Mathieu G\",\"image\":{\"@type\":\"ImageObject\",\"inLanguage\":\"fr-FR\",\"@id\":\"https:\\\/\\\/secure.gravatar.com\\\/avatar\\\/33aa90347f324a57d4b9f5c9a6b0783ac499dba9cee0cd20b930fe027c0190bf?s=96&d=mm&r=g\",\"url\":\"https:\\\/\\\/secure.gravatar.com\\\/avatar\\\/33aa90347f324a57d4b9f5c9a6b0783ac499dba9cee0cd20b930fe027c0190bf?s=96&d=mm&r=g\",\"contentUrl\":\"https:\\\/\\\/secure.gravatar.com\\\/avatar\\\/33aa90347f324a57d4b9f5c9a6b0783ac499dba9cee0cd20b930fe027c0190bf?s=96&d=mm&r=g\",\"caption\":\"Mathieu G\"},\"url\":\"https:\\\/\\\/www.altercampagne.net\\\/?author=398\"}]}<\/script>\n<!-- \/ Yoast SEO plugin. -->","yoast_head_json":{"title":"R\u00e9seauFor\u00eat Limousine \u00e0 Faux-La-Montagne (23) - AlterTour","robots":{"index":"index","follow":"follow","max-snippet":"max-snippet:-1","max-image-preview":"max-image-preview:large","max-video-preview":"max-video-preview:-1"},"canonical":"https:\/\/www.altercampagne.net\/?p=29070","og_locale":"fr_FR","og_type":"article","og_title":"R\u00e9seauFor\u00eat Limousine \u00e0 Faux-La-Montagne (23) - AlterTour","og_description":"Rencontre le weekend du 12-13 juillet 2025 ! Comme un fil rouge, le \u201cR\u00e9seau For\u00eat Limousine\u201d va accompagner l\u2019AlterTour cet \u00e9t\u00e9 \u00e0 travers la rencontre de diff\u00e9rentes alternatives, entre la Haute Vienne, la Creuse et la Corr\u00e8ze. Car la for\u00eat ne s&rsquo;accommode pas de fronti\u00e8res administratives et ce sont les ... Read More","og_url":"https:\/\/www.altercampagne.net\/?p=29070","og_site_name":"AlterTour","article_published_time":"2025-06-27T16:00:00+00:00","og_image":[{"width":2048,"height":1536,"url":"https:\/\/www.altercampagne.net\/wp-content\/uploads\/2025\/06\/313912207_563969102398023_6871007474888531589_n.jpg","type":"image\/jpeg"}],"author":"Mathieu G","twitter_card":"summary_large_image","twitter_misc":{"\u00c9crit par":"Mathieu G","Dur\u00e9e de lecture estim\u00e9e":"2 minutes"},"schema":{"@context":"https:\/\/schema.org","@graph":[{"@type":"Article","@id":"https:\/\/www.altercampagne.net\/?p=29070#article","isPartOf":{"@id":"https:\/\/www.altercampagne.net\/?p=29070"},"author":{"name":"Mathieu G","@id":"https:\/\/www.altercampagne.net\/#\/schema\/person\/ecef4819a38a15a4bb1a583623cdabbe"},"headline":"R\u00e9seauFor\u00eat Limousine \u00e0 Faux-La-Montagne (23)","datePublished":"2025-06-27T16:00:00+00:00","mainEntityOfPage":{"@id":"https:\/\/www.altercampagne.net\/?p=29070"},"wordCount":369,"image":{"@id":"https:\/\/www.altercampagne.net\/?p=29070#primaryimage"},"thumbnailUrl":"https:\/\/www.altercampagne.net\/wp-content\/uploads\/2025\/06\/313912207_563969102398023_6871007474888531589_n.jpg","articleSection":["\u00c9dition 2025","AlterTour","Environnement","Lutte","Silence","Occitanie"],"inLanguage":"fr-FR"},{"@type":"WebPage","@id":"https:\/\/www.altercampagne.net\/?p=29070","url":"https:\/\/www.altercampagne.net\/?p=29070","name":"R\u00e9seauFor\u00eat Limousine \u00e0 Faux-La-Montagne (23) - AlterTour","isPartOf":{"@id":"https:\/\/www.altercampagne.net\/#website"},"primaryImageOfPage":{"@id":"https:\/\/www.altercampagne.net\/?p=29070#primaryimage"},"image":{"@id":"https:\/\/www.altercampagne.net\/?p=29070#primaryimage"},"thumbnailUrl":"https:\/\/www.altercampagne.net\/wp-content\/uploads\/2025\/06\/313912207_563969102398023_6871007474888531589_n.jpg","datePublished":"2025-06-27T16:00:00+00:00","author":{"@id":"https:\/\/www.altercampagne.net\/#\/schema\/person\/ecef4819a38a15a4bb1a583623cdabbe"},"breadcrumb":{"@id":"https:\/\/www.altercampagne.net\/?p=29070#breadcrumb"},"inLanguage":"fr-FR","potentialAction":[{"@type":"ReadAction","target":["https:\/\/www.altercampagne.net\/?p=29070"]}]},{"@type":"ImageObject","inLanguage":"fr-FR","@id":"https:\/\/www.altercampagne.net\/?p=29070#primaryimage","url":"https:\/\/www.altercampagne.net\/wp-content\/uploads\/2025\/06\/313912207_563969102398023_6871007474888531589_n.jpg","contentUrl":"https:\/\/www.altercampagne.net\/wp-content\/uploads\/2025\/06\/313912207_563969102398023_6871007474888531589_n.jpg","width":2048,"height":1536},{"@type":"BreadcrumbList","@id":"https:\/\/www.altercampagne.net\/?p=29070#breadcrumb","itemListElement":[{"@type":"ListItem","position":1,"name":"Accueil","item":"https:\/\/www.altercampagne.net\/"},{"@type":"ListItem","position":2,"name":"R\u00e9seauFor\u00eat Limousine \u00e0 Faux-La-Montagne (23)"}]},{"@type":"WebSite","@id":"https:\/\/www.altercampagne.net\/#website","url":"https:\/\/www.altercampagne.net\/","name":"AlterTour","description":"Reliez les Alternatives \u00e0 v\u00e9lo","potentialAction":[{"@type":"SearchAction","target":{"@type":"EntryPoint","urlTemplate":"https:\/\/www.altercampagne.net\/?s={search_term_string}"},"query-input":{"@type":"PropertyValueSpecification","valueRequired":true,"valueName":"search_term_string"}}],"inLanguage":"fr-FR"},{"@type":"Person","@id":"https:\/\/www.altercampagne.net\/#\/schema\/person\/ecef4819a38a15a4bb1a583623cdabbe","name":"Mathieu G","image":{"@type":"ImageObject","inLanguage":"fr-FR","@id":"https:\/\/secure.gravatar.com\/avatar\/33aa90347f324a57d4b9f5c9a6b0783ac499dba9cee0cd20b930fe027c0190bf?s=96&d=mm&r=g","url":"https:\/\/secure.gravatar.com\/avatar\/33aa90347f324a57d4b9f5c9a6b0783ac499dba9cee0cd20b930fe027c0190bf?s=96&d=mm&r=g","contentUrl":"https:\/\/secure.gravatar.com\/avatar\/33aa90347f324a57d4b9f5c9a6b0783ac499dba9cee0cd20b930fe027c0190bf?s=96&d=mm&r=g","caption":"Mathieu G"},"url":"https:\/\/www.altercampagne.net\/?author=398"}]}},"_links":{"self":[{"href":"https:\/\/www.altercampagne.net\/index.php?rest_route=\/wp\/v2\/posts\/29070","targetHints":{"allow":["GET"]}}],"collection":[{"href":"https:\/\/www.altercampagne.net\/index.php?rest_route=\/wp\/v2\/posts"}],"about":[{"href":"https:\/\/www.altercampagne.net\/index.php?rest_route=\/wp\/v2\/types\/post"}],"author":[{"embeddable":true,"href":"https:\/\/www.altercampagne.net\/index.php?rest_route=\/wp\/v2\/users\/398"}],"replies":[{"embeddable":true,"href":"https:\/\/www.altercampagne.net\/index.php?rest_route=%2Fwp%2Fv2%2Fcomments&post=29070"}],"version-history":[{"count":3,"href":"https:\/\/www.altercampagne.net\/index.php?rest_route=\/wp\/v2\/posts\/29070\/revisions"}],"predecessor-version":[{"id":29075,"href":"https:\/\/www.altercampagne.net\/index.php?rest_route=\/wp\/v2\/posts\/29070\/revisions\/29075"}],"wp:featuredmedia":[{"embeddable":true,"href":"https:\/\/www.altercampagne.net\/index.php?rest_route=\/wp\/v2\/media\/29071"}],"wp:attachment":[{"href":"https:\/\/www.altercampagne.net\/index.php?rest_route=%2Fwp%2Fv2%2Fmedia&parent=29070"}],"wp:term":[{"taxonomy":"category","embeddable":true,"href":"https:\/\/www.altercampagne.net\/index.php?rest_route=%2Fwp%2Fv2%2Fcategories&post=29070"},{"taxonomy":"post_tag","embeddable":true,"href":"https:\/\/www.altercampagne.net\/index.php?rest_route=%2Fwp%2Fv2%2Ftags&post=29070"}],"curies":[{"name":"wp","href":"https:\/\/api.w.org\/{rel}","templated":true}]}}