{"id":29076,"date":"2025-06-28T20:00:00","date_gmt":"2025-06-28T18:00:00","guid":{"rendered":"https:\/\/www.altercampagne.net\/?p=29076"},"modified":"2025-06-27T17:03:28","modified_gmt":"2025-06-27T15:03:28","slug":"stop-mines-association-collectif-tilcara","status":"publish","type":"post","link":"https:\/\/www.altercampagne.net\/?p=29076","title":{"rendered":"Stop Mines &#8211; Association \u201cCollectif Tilcara\u201d"},"content":{"rendered":"\n<blockquote class=\"wp-block-quote is-layout-flow wp-block-quote-is-layout-flow\">\n<p>Rencontre le 15 juillet 2025 !<\/p>\n<\/blockquote>\n\n\n\n<p><strong>D\u00e9minage&nbsp;!<\/strong><\/p>\n\n\n\n<p><strong>L&rsquo;association Collectif Tilcara a vu le jour en 2017 afin de cr\u00e9er un espace de travail partag\u00e9 en milieu rural. <\/strong>S&rsquo;y retrouvent une \u00e9cole de cirque, un centre \u00e9questre, une ferme p\u00e9dagogique et une association d&rsquo;\u00e9ducation populaire. Un caf\u00e9 associatif y a ouvert ses portes en 2024, qui sert autant aux usagers qu&rsquo;au grand public pour des \u00e9v\u00e9nements solidaires et festifs. Le partage, la mixit\u00e9, le respect du vivant guident les projets communs dans la ferme.<\/p>\n\n\n\n<p>Avec d\u2019autres, ses membres sont engag\u00e9.es dans le <strong>Collectif Stop Mines 87-24<\/strong>. Partout dans le monde nous assistons \u00e0 une acc\u00e9l\u00e9ration de l\u2019agitation productiviste et extractiviste. <strong>Des sources de profits pour les multinationales sans que les populations qui vivent sur les territoires impact\u00e9s ne<\/strong><strong>soient parties prenantes des d\u00e9cisions.<\/strong> En ce moment m\u00eame, des forages miniers exploratoires ont lieu dans le secteur de Saint-Yrieix-La-Perche ! Aux manettes du projet en cours en Haute-Vienne, la CMA (<strong>C<\/strong>ompagnie des <strong>M<\/strong>ines <strong>A<\/strong>r\u00e9diennes) appartient \u00e0 des Canadien.nes. Sous couvert d&rsquo;une \u00ab\u00a0cause nationale\u00a0\u00bb li\u00e9e \u00e0 la souverainet\u00e9 industrielle, l\u2019\u00c9tat Fran\u00e7ais cherche ouvertement \u00e0 multiplier les sites pour la recherche de terres rares ou de minerais tel que l&rsquo;or. L&rsquo;association Stop Mines 87-24 agit pour donner l&rsquo;acc\u00e8s \u00e0 des informations factuelles, en opposition au r\u00e9cit fantasm\u00e9 des employ\u00e9.es de la CMA qui tentent de faire miroiter de l&#8217;emploi, de vendre une \u00ab\u00a0mine propre\u00a0\u00bb, et de faire passer leurs carottages pour une mission scientifique d&rsquo;int\u00e9r\u00eat g\u00e9n\u00e9ral. <strong>La r\u00e9alit\u00e9 : arsenic, d\u00e9pollution impossible, nuisances sonores, artificialisation des sols ; de l&#8217;emploi au compte-goutte et une incompatibilit\u00e9 avec l&rsquo;agriculture ou le tourisme, deux activit\u00e9s \u00e9conomiques qui font vivre ce territoire.<\/strong><\/p>\n\n\n\n<p><strong>\u00ab\u00a0Ni ici, Ni ailleurs\u00a0\u00bb<\/strong> <strong>: c&rsquo;est contre l\u2019industrie extractiviste et ses ravages partout dans le monde que Stop Mines 87-24 prend position.<\/strong> Dans un contexte de d\u00e9veloppement de l&rsquo;intelligence artificielle et des centres de donn\u00e9es, attention aux discours qui voudraient faire croire que les mines sont au service de la transition \u00e9nerg\u00e9tique, alors qu&rsquo;elles servent uniquement des int\u00e9r\u00eats priv\u00e9s, au prix de nos \u00e9cosyst\u00e8mes.<\/p>\n\n\n\n<p>\u00c9crit<em> en collaboration avec \u00c9lise de l\u2019association Collectif Tilcara<\/em><\/p>\n\n\n\n<p><a href=\"https:\/\/collectiftilcara.wixsite.com\">https:\/\/collectiftilcara.wixsite.com<\/a><\/p>\n\n\n\n<p><a href=\"https:\/\/stopmines87.fr\">https:\/\/stopmines87.fr<\/a><\/p>\n","protected":false},"excerpt":{"rendered":"<p>Rencontre le 15 juillet 2025 ! D\u00e9minage&nbsp;! L&rsquo;association Collectif Tilcara a vu le jour en 2017 afin de cr\u00e9er un espace de travail partag\u00e9 en milieu rural. S&rsquo;y retrouvent une \u00e9cole de cirque, un centre \u00e9questre, une ferme p\u00e9dagogique et une association d&rsquo;\u00e9ducation populaire. Un caf\u00e9 associatif y a ouvert &#8230; <\/p>\n<div><a href=\"https:\/\/www.altercampagne.net\/?p=29076\" class=\"more-link\">Read More<\/a><\/div>\n","protected":false},"author":398,"featured_media":29077,"comment_status":"closed","ping_status":"closed","sticky":false,"template":"","format":"standard","meta":{"footnotes":""},"categories":[4511,4313,3486,3479,3542,3248],"tags":[],"class_list":["post-29076","post","type-post","status-publish","format-standard","has-post-thumbnail","hentry","category-edition-2025","category-altertour","category-environnement","category-nouvelle-aquitaine","category-lutte","category-silence"],"yoast_head":"<!-- This site is optimized with the Yoast SEO plugin v27.3 - https:\/\/yoast.com\/product\/yoast-seo-wordpress\/ -->\n<title>Stop Mines - Association \u201cCollectif Tilcara\u201d - AlterTour<\/title>\n<meta name=\"robots\" content=\"index, follow, max-snippet:-1, max-image-preview:large, max-video-preview:-1\" \/>\n<link rel=\"canonical\" href=\"https:\/\/www.altercampagne.net\/?p=29076\" \/>\n<meta property=\"og:locale\" content=\"fr_FR\" \/>\n<meta property=\"og:type\" content=\"article\" \/>\n<meta property=\"og:title\" content=\"Stop Mines - Association \u201cCollectif Tilcara\u201d - AlterTour\" \/>\n<meta property=\"og:description\" content=\"Rencontre le 15 juillet 2025 ! D\u00e9minage&nbsp;! L&rsquo;association Collectif Tilcara a vu le jour en 2017 afin de cr\u00e9er un espace de travail partag\u00e9 en milieu rural. S&rsquo;y retrouvent une \u00e9cole de cirque, un centre \u00e9questre, une ferme p\u00e9dagogique et une association d&rsquo;\u00e9ducation populaire. Un caf\u00e9 associatif y a ouvert ... Read More\" \/>\n<meta property=\"og:url\" content=\"https:\/\/www.altercampagne.net\/?p=29076\" \/>\n<meta property=\"og:site_name\" content=\"AlterTour\" \/>\n<meta property=\"article:published_time\" content=\"2025-06-28T18:00:00+00:00\" \/>\n<meta property=\"og:image\" content=\"https:\/\/www.altercampagne.net\/wp-content\/uploads\/2025\/06\/photo_2025-03-10_18-25-54.jpg\" \/>\n\t<meta property=\"og:image:width\" content=\"1280\" \/>\n\t<meta property=\"og:image:height\" content=\"853\" \/>\n\t<meta property=\"og:image:type\" content=\"image\/jpeg\" \/>\n<meta name=\"author\" content=\"Mathieu G\" \/>\n<meta name=\"twitter:card\" content=\"summary_large_image\" \/>\n<meta name=\"twitter:label1\" content=\"\u00c9crit par\" \/>\n\t<meta name=\"twitter:data1\" content=\"Mathieu G\" \/>\n\t<meta name=\"twitter:label2\" content=\"Dur\u00e9e de lecture estim\u00e9e\" \/>\n\t<meta name=\"twitter:data2\" content=\"2 minutes\" \/>\n<script type=\"application\/ld+json\" class=\"yoast-schema-graph\">{\"@context\":\"https:\\\/\\\/schema.org\",\"@graph\":[{\"@type\":\"Article\",\"@id\":\"https:\\\/\\\/www.altercampagne.net\\\/?p=29076#article\",\"isPartOf\":{\"@id\":\"https:\\\/\\\/www.altercampagne.net\\\/?p=29076\"},\"author\":{\"name\":\"Mathieu G\",\"@id\":\"https:\\\/\\\/www.altercampagne.net\\\/#\\\/schema\\\/person\\\/ecef4819a38a15a4bb1a583623cdabbe\"},\"headline\":\"Stop Mines &#8211; Association \u201cCollectif Tilcara\u201d\",\"datePublished\":\"2025-06-28T18:00:00+00:00\",\"mainEntityOfPage\":{\"@id\":\"https:\\\/\\\/www.altercampagne.net\\\/?p=29076\"},\"wordCount\":398,\"image\":{\"@id\":\"https:\\\/\\\/www.altercampagne.net\\\/?p=29076#primaryimage\"},\"thumbnailUrl\":\"https:\\\/\\\/www.altercampagne.net\\\/wp-content\\\/uploads\\\/2025\\\/06\\\/photo_2025-03-10_18-25-54.jpg\",\"articleSection\":[\"\u00c9dition 2025\",\"AlterTour\",\"Environnement\",\"Nouvelle-Aquitaine\",\"Lutte\",\"Silence\"],\"inLanguage\":\"fr-FR\"},{\"@type\":\"WebPage\",\"@id\":\"https:\\\/\\\/www.altercampagne.net\\\/?p=29076\",\"url\":\"https:\\\/\\\/www.altercampagne.net\\\/?p=29076\",\"name\":\"Stop Mines - Association \u201cCollectif Tilcara\u201d - AlterTour\",\"isPartOf\":{\"@id\":\"https:\\\/\\\/www.altercampagne.net\\\/#website\"},\"primaryImageOfPage\":{\"@id\":\"https:\\\/\\\/www.altercampagne.net\\\/?p=29076#primaryimage\"},\"image\":{\"@id\":\"https:\\\/\\\/www.altercampagne.net\\\/?p=29076#primaryimage\"},\"thumbnailUrl\":\"https:\\\/\\\/www.altercampagne.net\\\/wp-content\\\/uploads\\\/2025\\\/06\\\/photo_2025-03-10_18-25-54.jpg\",\"datePublished\":\"2025-06-28T18:00:00+00:00\",\"author\":{\"@id\":\"https:\\\/\\\/www.altercampagne.net\\\/#\\\/schema\\\/person\\\/ecef4819a38a15a4bb1a583623cdabbe\"},\"breadcrumb\":{\"@id\":\"https:\\\/\\\/www.altercampagne.net\\\/?p=29076#breadcrumb\"},\"inLanguage\":\"fr-FR\",\"potentialAction\":[{\"@type\":\"ReadAction\",\"target\":[\"https:\\\/\\\/www.altercampagne.net\\\/?p=29076\"]}]},{\"@type\":\"ImageObject\",\"inLanguage\":\"fr-FR\",\"@id\":\"https:\\\/\\\/www.altercampagne.net\\\/?p=29076#primaryimage\",\"url\":\"https:\\\/\\\/www.altercampagne.net\\\/wp-content\\\/uploads\\\/2025\\\/06\\\/photo_2025-03-10_18-25-54.jpg\",\"contentUrl\":\"https:\\\/\\\/www.altercampagne.net\\\/wp-content\\\/uploads\\\/2025\\\/06\\\/photo_2025-03-10_18-25-54.jpg\",\"width\":1280,\"height\":853},{\"@type\":\"BreadcrumbList\",\"@id\":\"https:\\\/\\\/www.altercampagne.net\\\/?p=29076#breadcrumb\",\"itemListElement\":[{\"@type\":\"ListItem\",\"position\":1,\"name\":\"Accueil\",\"item\":\"https:\\\/\\\/www.altercampagne.net\\\/\"},{\"@type\":\"ListItem\",\"position\":2,\"name\":\"Stop Mines &#8211; Association \u201cCollectif Tilcara\u201d\"}]},{\"@type\":\"WebSite\",\"@id\":\"https:\\\/\\\/www.altercampagne.net\\\/#website\",\"url\":\"https:\\\/\\\/www.altercampagne.net\\\/\",\"name\":\"AlterTour\",\"description\":\"Reliez les Alternatives \u00e0 v\u00e9lo\",\"potentialAction\":[{\"@type\":\"SearchAction\",\"target\":{\"@type\":\"EntryPoint\",\"urlTemplate\":\"https:\\\/\\\/www.altercampagne.net\\\/?s={search_term_string}\"},\"query-input\":{\"@type\":\"PropertyValueSpecification\",\"valueRequired\":true,\"valueName\":\"search_term_string\"}}],\"inLanguage\":\"fr-FR\"},{\"@type\":\"Person\",\"@id\":\"https:\\\/\\\/www.altercampagne.net\\\/#\\\/schema\\\/person\\\/ecef4819a38a15a4bb1a583623cdabbe\",\"name\":\"Mathieu G\",\"image\":{\"@type\":\"ImageObject\",\"inLanguage\":\"fr-FR\",\"@id\":\"https:\\\/\\\/secure.gravatar.com\\\/avatar\\\/33aa90347f324a57d4b9f5c9a6b0783ac499dba9cee0cd20b930fe027c0190bf?s=96&d=mm&r=g\",\"url\":\"https:\\\/\\\/secure.gravatar.com\\\/avatar\\\/33aa90347f324a57d4b9f5c9a6b0783ac499dba9cee0cd20b930fe027c0190bf?s=96&d=mm&r=g\",\"contentUrl\":\"https:\\\/\\\/secure.gravatar.com\\\/avatar\\\/33aa90347f324a57d4b9f5c9a6b0783ac499dba9cee0cd20b930fe027c0190bf?s=96&d=mm&r=g\",\"caption\":\"Mathieu G\"},\"url\":\"https:\\\/\\\/www.altercampagne.net\\\/?author=398\"}]}<\/script>\n<!-- \/ Yoast SEO plugin. -->","yoast_head_json":{"title":"Stop Mines - Association \u201cCollectif Tilcara\u201d - AlterTour","robots":{"index":"index","follow":"follow","max-snippet":"max-snippet:-1","max-image-preview":"max-image-preview:large","max-video-preview":"max-video-preview:-1"},"canonical":"https:\/\/www.altercampagne.net\/?p=29076","og_locale":"fr_FR","og_type":"article","og_title":"Stop Mines - Association \u201cCollectif Tilcara\u201d - AlterTour","og_description":"Rencontre le 15 juillet 2025 ! D\u00e9minage&nbsp;! L&rsquo;association Collectif Tilcara a vu le jour en 2017 afin de cr\u00e9er un espace de travail partag\u00e9 en milieu rural. S&rsquo;y retrouvent une \u00e9cole de cirque, un centre \u00e9questre, une ferme p\u00e9dagogique et une association d&rsquo;\u00e9ducation populaire. Un caf\u00e9 associatif y a ouvert ... Read More","og_url":"https:\/\/www.altercampagne.net\/?p=29076","og_site_name":"AlterTour","article_published_time":"2025-06-28T18:00:00+00:00","og_image":[{"width":1280,"height":853,"url":"https:\/\/www.altercampagne.net\/wp-content\/uploads\/2025\/06\/photo_2025-03-10_18-25-54.jpg","type":"image\/jpeg"}],"author":"Mathieu G","twitter_card":"summary_large_image","twitter_misc":{"\u00c9crit par":"Mathieu G","Dur\u00e9e de lecture estim\u00e9e":"2 minutes"},"schema":{"@context":"https:\/\/schema.org","@graph":[{"@type":"Article","@id":"https:\/\/www.altercampagne.net\/?p=29076#article","isPartOf":{"@id":"https:\/\/www.altercampagne.net\/?p=29076"},"author":{"name":"Mathieu G","@id":"https:\/\/www.altercampagne.net\/#\/schema\/person\/ecef4819a38a15a4bb1a583623cdabbe"},"headline":"Stop Mines &#8211; Association \u201cCollectif Tilcara\u201d","datePublished":"2025-06-28T18:00:00+00:00","mainEntityOfPage":{"@id":"https:\/\/www.altercampagne.net\/?p=29076"},"wordCount":398,"image":{"@id":"https:\/\/www.altercampagne.net\/?p=29076#primaryimage"},"thumbnailUrl":"https:\/\/www.altercampagne.net\/wp-content\/uploads\/2025\/06\/photo_2025-03-10_18-25-54.jpg","articleSection":["\u00c9dition 2025","AlterTour","Environnement","Nouvelle-Aquitaine","Lutte","Silence"],"inLanguage":"fr-FR"},{"@type":"WebPage","@id":"https:\/\/www.altercampagne.net\/?p=29076","url":"https:\/\/www.altercampagne.net\/?p=29076","name":"Stop Mines - Association \u201cCollectif Tilcara\u201d - AlterTour","isPartOf":{"@id":"https:\/\/www.altercampagne.net\/#website"},"primaryImageOfPage":{"@id":"https:\/\/www.altercampagne.net\/?p=29076#primaryimage"},"image":{"@id":"https:\/\/www.altercampagne.net\/?p=29076#primaryimage"},"thumbnailUrl":"https:\/\/www.altercampagne.net\/wp-content\/uploads\/2025\/06\/photo_2025-03-10_18-25-54.jpg","datePublished":"2025-06-28T18:00:00+00:00","author":{"@id":"https:\/\/www.altercampagne.net\/#\/schema\/person\/ecef4819a38a15a4bb1a583623cdabbe"},"breadcrumb":{"@id":"https:\/\/www.altercampagne.net\/?p=29076#breadcrumb"},"inLanguage":"fr-FR","potentialAction":[{"@type":"ReadAction","target":["https:\/\/www.altercampagne.net\/?p=29076"]}]},{"@type":"ImageObject","inLanguage":"fr-FR","@id":"https:\/\/www.altercampagne.net\/?p=29076#primaryimage","url":"https:\/\/www.altercampagne.net\/wp-content\/uploads\/2025\/06\/photo_2025-03-10_18-25-54.jpg","contentUrl":"https:\/\/www.altercampagne.net\/wp-content\/uploads\/2025\/06\/photo_2025-03-10_18-25-54.jpg","width":1280,"height":853},{"@type":"BreadcrumbList","@id":"https:\/\/www.altercampagne.net\/?p=29076#breadcrumb","itemListElement":[{"@type":"ListItem","position":1,"name":"Accueil","item":"https:\/\/www.altercampagne.net\/"},{"@type":"ListItem","position":2,"name":"Stop Mines &#8211; Association \u201cCollectif Tilcara\u201d"}]},{"@type":"WebSite","@id":"https:\/\/www.altercampagne.net\/#website","url":"https:\/\/www.altercampagne.net\/","name":"AlterTour","description":"Reliez les Alternatives \u00e0 v\u00e9lo","potentialAction":[{"@type":"SearchAction","target":{"@type":"EntryPoint","urlTemplate":"https:\/\/www.altercampagne.net\/?s={search_term_string}"},"query-input":{"@type":"PropertyValueSpecification","valueRequired":true,"valueName":"search_term_string"}}],"inLanguage":"fr-FR"},{"@type":"Person","@id":"https:\/\/www.altercampagne.net\/#\/schema\/person\/ecef4819a38a15a4bb1a583623cdabbe","name":"Mathieu G","image":{"@type":"ImageObject","inLanguage":"fr-FR","@id":"https:\/\/secure.gravatar.com\/avatar\/33aa90347f324a57d4b9f5c9a6b0783ac499dba9cee0cd20b930fe027c0190bf?s=96&d=mm&r=g","url":"https:\/\/secure.gravatar.com\/avatar\/33aa90347f324a57d4b9f5c9a6b0783ac499dba9cee0cd20b930fe027c0190bf?s=96&d=mm&r=g","contentUrl":"https:\/\/secure.gravatar.com\/avatar\/33aa90347f324a57d4b9f5c9a6b0783ac499dba9cee0cd20b930fe027c0190bf?s=96&d=mm&r=g","caption":"Mathieu G"},"url":"https:\/\/www.altercampagne.net\/?author=398"}]}},"_links":{"self":[{"href":"https:\/\/www.altercampagne.net\/index.php?rest_route=\/wp\/v2\/posts\/29076","targetHints":{"allow":["GET"]}}],"collection":[{"href":"https:\/\/www.altercampagne.net\/index.php?rest_route=\/wp\/v2\/posts"}],"about":[{"href":"https:\/\/www.altercampagne.net\/index.php?rest_route=\/wp\/v2\/types\/post"}],"author":[{"embeddable":true,"href":"https:\/\/www.altercampagne.net\/index.php?rest_route=\/wp\/v2\/users\/398"}],"replies":[{"embeddable":true,"href":"https:\/\/www.altercampagne.net\/index.php?rest_route=%2Fwp%2Fv2%2Fcomments&post=29076"}],"version-history":[{"count":2,"href":"https:\/\/www.altercampagne.net\/index.php?rest_route=\/wp\/v2\/posts\/29076\/revisions"}],"predecessor-version":[{"id":29107,"href":"https:\/\/www.altercampagne.net\/index.php?rest_route=\/wp\/v2\/posts\/29076\/revisions\/29107"}],"wp:featuredmedia":[{"embeddable":true,"href":"https:\/\/www.altercampagne.net\/index.php?rest_route=\/wp\/v2\/media\/29077"}],"wp:attachment":[{"href":"https:\/\/www.altercampagne.net\/index.php?rest_route=%2Fwp%2Fv2%2Fmedia&parent=29076"}],"wp:term":[{"taxonomy":"category","embeddable":true,"href":"https:\/\/www.altercampagne.net\/index.php?rest_route=%2Fwp%2Fv2%2Fcategories&post=29076"},{"taxonomy":"post_tag","embeddable":true,"href":"https:\/\/www.altercampagne.net\/index.php?rest_route=%2Fwp%2Fv2%2Ftags&post=29076"}],"curies":[{"name":"wp","href":"https:\/\/api.w.org\/{rel}","templated":true}]}}